{"id":49571,"date":"2013-04-26T06:15:59","date_gmt":"2013-04-26T05:15:59","guid":{"rendered":"http:\/\/www.pressenza.com\/?p=49571"},"modified":"2013-04-26T12:46:47","modified_gmt":"2013-04-26T11:46:47","slug":"usa-contra-america-latina","status":"publish","type":"post","link":"https:\/\/www.pressenza.com\/es\/2013\/04\/usa-contra-america-latina\/","title":{"rendered":"USA Contra Am\u00e9rica Latina"},"content":{"rendered":"<p style=\"text-align: justify;\">Henrique Capriles Radonski fue derrotado en las elecciones del 14 de abril en Venezuela por Nicol\u00e1s Maduro Moros. Pero, a\u00fan\u00a0perdidoso\u00a0se est\u00e1 empe\u00f1ando a fondo para no ceder protagonismo medi\u00e1tico y obtener el gobierno por v\u00eda de un golpe que cuenta con el visto bueno de Estados Unidos de Norteam\u00e9rica.<\/p>\n<p style=\"text-align: justify;\"><em>\u201cSe robaron el proceso electoral\u201d,<\/em> ha manifestado Capriles refiri\u00e9ndose a quienes consagraron a Maduro con el estrecho margen del\u00a0 50,78% contra el 49,07 de los votos. La argumentaci\u00f3n era previsible pero la evidencia es d\u00e9bil. Desde las declaraciones de Jimmy Carter -con quien acuerdan todos los observadores extranjeros- diciendo que \u201cel sistema de votaci\u00f3n y recuento de votos de Venezuela es el m\u00e1s seguro del mundo\u201d, poco margen hay para creer en el fraude. Insistir es parte de la t\u00e1ctica.<\/p>\n<p style=\"text-align: justify;\">Recodemos que este pol\u00edtico de derecha fue uno de los m\u00e1s entusiastas en el golpe de abril de 2002 en Caracas. Las im\u00e1genes del hombre desorbitado que intentaba asaltar la embajada de Cuba se ha visto en varias ocasiones durante los actos de la campa\u00f1a electoral y se vuelve a manifestar ahora en dichos y declaraciones. La \u00faltima oportunidad\u00a0fue ayer mi\u00e9rcoles durante una rueda de prensa ante medios de comunicaci\u00f3n con l\u00ednea editorial de derecha.<\/p>\n<p style=\"text-align: justify;\">Capriles no tiene argumentos v\u00e1lidos. Tiene la funci\u00f3n de desestabilizar al gobierno reci\u00e9n electo en un momento clave en que el chavismo ya no tiene a Ch\u00e1vez y debe repensarse para mantener las columnas del proyecto al tiempo que encuentra su identidad como equipo de trabajo. Cuenta, desde luego, con el fervoroso apoyo del belicista ex presidente de Colombia, \u00c1lvaro Uribe, un personaje que destila odio cuando habla y cuando calla, y sus paramilitares; cuenta con el apoyo econ\u00f3mico que llega a instituciones no gubernamentales desde la USAID, o sea: desde el Departamento de Estado; cuenta con el apoyo de la embajada de los EE.UU. en Caracas y \u00a0-de alguna importancia- con la red de prensa internacional que la derecha construy\u00f3 desde mucho antes del Consenso de Washington. Es decir, tiene m\u00e1s apoyo que peso, pero no hay que subestimar su frustraci\u00f3n.<\/p>\n<p style=\"text-align: justify;\">Como es sabido, las t\u00e1cticas de desestabilizaci\u00f3n son simples y su \u00e9xito depende de la reiteraci\u00f3n, antes que de su valor argumental: <em>\u201cmiente, miente<\/em> -ense\u00f1aba Goebbels- que algo queda.\u201d El tiempo ha demostrado que no es s\u00f3lo mentir: es hacerlo reiteradamente.<\/p>\n<p style=\"text-align: justify;\">En la rueda de prensa, el dos veces derrotado candidato de la oposici\u00f3n venezolana, estuvo rodeado de dos antiguos colaboradores con antecedentes: Gustavo Rossen y Guaicaipuro Lameda, ex directores de PDVSA que da\u00f1aron la petrolera estatal intentando cortar el flujo de ingresos al gobierno de Ch\u00e1vez. Las diatribas de Capriles se destinaron a Maduro, al Consejo Nacional Electoral (CNE) y, tambi\u00e9n, a los jefes de Estado que vinieron a acompa\u00f1ar a Nicol\u00e1s Maduro al ser ungido Presidente de Venezuela<\/p>\n<p style=\"text-align: justify;\">La violencia opositora iniciada el 15 de abril, al d\u00eda siguiente del estrecho pero claro triunfo de Maduro, tuvo episodios de ataque que se han cobrado ya 10 v\u00edctimas (dos de\u00a0ellos\u00a0eran ni\u00f1os) entre quienes defendieron los centros de salud primaria y los centros de diagn\u00f3stico integral (alta complejidad) donde trabajan m\u00e9dicos cubanos. El sello de la violencia caprista.<\/p>\n<p style=\"text-align: justify;\">Los disparates del jefe de la oposici\u00f3n son realmente de antolog\u00eda. Arremeter contra Cuba -lo hemos anotado- es su opci\u00f3n de vida, pero eso no le quita espacio a las cr\u00edticas a Rusia, a Brasil, a Argentina, a Ecuador, a Bolivia; en otro plano y por otros motivos, agrede a las mujeres que ocupan funciones p\u00fablicas, y a las otras tambi\u00e9n. Lo que no es para tomar a chanzas es su afirmaci\u00f3n de que hay que <em>\u201ccambiar Venezuela para cambiar<\/em> <em>Latinoam\u00e9rica.\u201d<\/em> Debe entenderse: <em>\u201cen beneficio de los Estados Unidos.\u201d<\/em><\/p>\n<p style=\"text-align: justify;\">El quiebre de la gobernabilidad en Venezuela por v\u00eda del incremento de la violencia y la mentira constante son las condiciones que est\u00e1n creando la derecha venezolana y el gobierno de Barak Obama para provocar la ca\u00edda del Socialismo del Siglo 21 y aislar a otros gobiernos progresistas de la regi\u00f3n.<\/p>\n","protected":false},"excerpt":{"rendered":"<p>Henrique Capriles Radonski fue derrotado en las elecciones del 14 de abril en Venezuela por Nicol\u00e1s Maduro Moros. Pero, a\u00fan\u00a0perdidoso\u00a0se est\u00e1 empe\u00f1ando a fondo para no ceder protagonismo medi\u00e1tico y obtener el gobierno por v\u00eda de un golpe que cuenta&hellip;<\/p>\n","protected":false},"author":84,"featured_media":49631,"comment_status":"closed","ping_status":"open","sticky":false,"template":"","format":"standard","meta":{"footnotes":""},"categories":[161,74,67],"tags":[694,4310],"class_list":["post-49571","post","type-post","status-publish","format-standard","has-post-thumbnail","hentry","category-opiniones","category-politica-es","category-sudamerica","tag-barack-obama-es","tag-nicolas-maduro-es"],"yoast_head":"<!-- This site is optimized with the Yoast SEO plugin v27.1.1 - https:\/\/yoast.com\/product\/yoast-seo-wordpress\/ -->\n<title>USA Contra Am\u00e9rica Latina<\/title>\n<meta name=\"description\" content=\"Henrique Capriles Radonski fue derrotado en las elecciones del 14 de abril en Venezuela por Nicol\u00e1s Maduro Moros. Pero, a\u00fan\u00a0perdidoso\u00a0se est\u00e1 empe\u00f1ando a\" \/>\n<meta name=\"robots\" content=\"index, follow, max-snippet:-1, max-image-preview:large, max-video-preview:-1\" \/>\n<link rel=\"canonical\" href=\"https:\/\/www.pressenza.com\/es\/2013\/04\/usa-contra-america-latina\/\" \/>\n<meta property=\"og:locale\" content=\"es_ES\" \/>\n<meta property=\"og:type\" content=\"article\" \/>\n<meta property=\"og:title\" content=\"USA Contra Am\u00e9rica Latina\" \/>\n<meta property=\"og:description\" content=\"Henrique Capriles Radonski fue derrotado en las elecciones del 14 de abril en Venezuela por Nicol\u00e1s Maduro Moros. Pero, a\u00fan\u00a0perdidoso\u00a0se est\u00e1 empe\u00f1ando a\" \/>\n<meta property=\"og:url\" content=\"https:\/\/www.pressenza.com\/es\/2013\/04\/usa-contra-america-latina\/\" \/>\n<meta property=\"og:site_name\" content=\"Pressenza\" \/>\n<meta property=\"article:publisher\" content=\"https:\/\/www.facebook.com\/PressenzaItalia\" \/>\n<meta property=\"article:published_time\" content=\"2013-04-26T05:15:59+00:00\" \/>\n<meta property=\"article:modified_time\" content=\"2013-04-26T11:46:47+00:00\" \/>\n<meta property=\"og:image\" content=\"https:\/\/www.pressenza.com\/wp-content\/uploads\/2013\/04\/usa-y-al.jpg\" \/>\n\t<meta property=\"og:image:width\" content=\"342\" \/>\n\t<meta property=\"og:image:height\" content=\"256\" \/>\n\t<meta property=\"og:image:type\" content=\"image\/jpeg\" \/>\n<meta name=\"author\" content=\"Luis Ammann\" \/>\n<meta name=\"twitter:card\" content=\"summary_large_image\" \/>\n<meta name=\"twitter:creator\" content=\"@PressenzaIPA\" \/>\n<meta name=\"twitter:site\" content=\"@PressenzaIPA\" \/>\n<meta name=\"twitter:label1\" content=\"Escrito por\" \/>\n\t<meta name=\"twitter:data1\" content=\"Luis Ammann\" \/>\n\t<meta name=\"twitter:label2\" content=\"Tiempo de lectura\" \/>\n\t<meta name=\"twitter:data2\" content=\"4 minutos\" \/>\n<script type=\"application\/ld+json\" class=\"yoast-schema-graph\">{\"@context\":\"https:\/\/schema.org\",\"@graph\":[{\"@type\":\"Article\",\"@id\":\"https:\/\/www.pressenza.com\/es\/2013\/04\/usa-contra-america-latina\/#article\",\"isPartOf\":{\"@id\":\"https:\/\/www.pressenza.com\/es\/2013\/04\/usa-contra-america-latina\/\"},\"author\":{\"name\":\"Luis Ammann\",\"@id\":\"https:\/\/www.pressenza.com\/es\/#\/schema\/person\/e30e241b8a43d47c996cf31dbc7b882c\"},\"headline\":\"USA Contra Am\u00e9rica Latina\",\"datePublished\":\"2013-04-26T05:15:59+00:00\",\"dateModified\":\"2013-04-26T11:46:47+00:00\",\"mainEntityOfPage\":{\"@id\":\"https:\/\/www.pressenza.com\/es\/2013\/04\/usa-contra-america-latina\/\"},\"wordCount\":722,\"publisher\":{\"@id\":\"https:\/\/www.pressenza.com\/es\/#organization\"},\"image\":{\"@id\":\"https:\/\/www.pressenza.com\/es\/2013\/04\/usa-contra-america-latina\/#primaryimage\"},\"thumbnailUrl\":\"https:\/\/www.pressenza.com\/wp-content\/uploads\/2013\/04\/usa-y-al.jpg\",\"keywords\":[\"Barack Obama\",\"Nicol\u00e1s Maduro\"],\"articleSection\":[\"Opiniones\",\"Pol\u00edtica\",\"Sudam\u00e9rica\"],\"inLanguage\":\"es\"},{\"@type\":\"WebPage\",\"@id\":\"https:\/\/www.pressenza.com\/es\/2013\/04\/usa-contra-america-latina\/\",\"url\":\"https:\/\/www.pressenza.com\/es\/2013\/04\/usa-contra-america-latina\/\",\"name\":\"USA Contra Am\u00e9rica Latina\",\"isPartOf\":{\"@id\":\"https:\/\/www.pressenza.com\/es\/#website\"},\"primaryImageOfPage\":{\"@id\":\"https:\/\/www.pressenza.com\/es\/2013\/04\/usa-contra-america-latina\/#primaryimage\"},\"image\":{\"@id\":\"https:\/\/www.pressenza.com\/es\/2013\/04\/usa-contra-america-latina\/#primaryimage\"},\"thumbnailUrl\":\"https:\/\/www.pressenza.com\/wp-content\/uploads\/2013\/04\/usa-y-al.jpg\",\"datePublished\":\"2013-04-26T05:15:59+00:00\",\"dateModified\":\"2013-04-26T11:46:47+00:00\",\"description\":\"Henrique Capriles Radonski fue derrotado en las elecciones del 14 de abril en Venezuela por Nicol\u00e1s Maduro Moros. Pero, a\u00fan\u00a0perdidoso\u00a0se est\u00e1 empe\u00f1ando a\",\"breadcrumb\":{\"@id\":\"https:\/\/www.pressenza.com\/es\/2013\/04\/usa-contra-america-latina\/#breadcrumb\"},\"inLanguage\":\"es\",\"potentialAction\":[{\"@type\":\"ReadAction\",\"target\":[\"https:\/\/www.pressenza.com\/es\/2013\/04\/usa-contra-america-latina\/\"]}]},{\"@type\":\"ImageObject\",\"inLanguage\":\"es\",\"@id\":\"https:\/\/www.pressenza.com\/es\/2013\/04\/usa-contra-america-latina\/#primaryimage\",\"url\":\"https:\/\/www.pressenza.com\/wp-content\/uploads\/2013\/04\/usa-y-al.jpg\",\"contentUrl\":\"https:\/\/www.pressenza.com\/wp-content\/uploads\/2013\/04\/usa-y-al.jpg\",\"width\":342,\"height\":256},{\"@type\":\"BreadcrumbList\",\"@id\":\"https:\/\/www.pressenza.com\/es\/2013\/04\/usa-contra-america-latina\/#breadcrumb\",\"itemListElement\":[{\"@type\":\"ListItem\",\"position\":1,\"name\":\"Accueil\",\"item\":\"https:\/\/www.pressenza.com\/es\/\"},{\"@type\":\"ListItem\",\"position\":2,\"name\":\"USA Contra Am\u00e9rica Latina\"}]},{\"@type\":\"WebSite\",\"@id\":\"https:\/\/www.pressenza.com\/es\/#website\",\"url\":\"https:\/\/www.pressenza.com\/es\/\",\"name\":\"Pressenza\",\"description\":\"International Press Agency\",\"publisher\":{\"@id\":\"https:\/\/www.pressenza.com\/es\/#organization\"},\"potentialAction\":[{\"@type\":\"SearchAction\",\"target\":{\"@type\":\"EntryPoint\",\"urlTemplate\":\"https:\/\/www.pressenza.com\/es\/?s={search_term_string}\"},\"query-input\":{\"@type\":\"PropertyValueSpecification\",\"valueRequired\":true,\"valueName\":\"search_term_string\"}}],\"inLanguage\":\"es\"},{\"@type\":\"Organization\",\"@id\":\"https:\/\/www.pressenza.com\/es\/#organization\",\"name\":\"Pressenza\",\"url\":\"https:\/\/www.pressenza.com\/es\/\",\"logo\":{\"@type\":\"ImageObject\",\"inLanguage\":\"es\",\"@id\":\"https:\/\/www.pressenza.com\/es\/#\/schema\/logo\/image\/\",\"url\":\"https:\/\/www.pressenza.com\/wp-content\/uploads\/2022\/10\/pressenza_logo_200x200.jpg\",\"contentUrl\":\"https:\/\/www.pressenza.com\/wp-content\/uploads\/2022\/10\/pressenza_logo_200x200.jpg\",\"width\":200,\"height\":200,\"caption\":\"Pressenza\"},\"image\":{\"@id\":\"https:\/\/www.pressenza.com\/es\/#\/schema\/logo\/image\/\"},\"sameAs\":[\"https:\/\/www.facebook.com\/PressenzaItalia\",\"https:\/\/x.com\/PressenzaIPA\"]},{\"@type\":\"Person\",\"@id\":\"https:\/\/www.pressenza.com\/es\/#\/schema\/person\/e30e241b8a43d47c996cf31dbc7b882c\",\"name\":\"Luis Ammann\",\"description\":\"Escritor, Periodista y Pol\u00edtico Humanista\",\"url\":\"https:\/\/www.pressenza.com\/es\/author\/luis-ammann\/\"}]}<\/script>\n<!-- \/ Yoast SEO plugin. -->","yoast_head_json":{"title":"USA Contra Am\u00e9rica Latina","description":"Henrique Capriles Radonski fue derrotado en las elecciones del 14 de abril en Venezuela por Nicol\u00e1s Maduro Moros. Pero, a\u00fan\u00a0perdidoso\u00a0se est\u00e1 empe\u00f1ando a","robots":{"index":"index","follow":"follow","max-snippet":"max-snippet:-1","max-image-preview":"max-image-preview:large","max-video-preview":"max-video-preview:-1"},"canonical":"https:\/\/www.pressenza.com\/es\/2013\/04\/usa-contra-america-latina\/","og_locale":"es_ES","og_type":"article","og_title":"USA Contra Am\u00e9rica Latina","og_description":"Henrique Capriles Radonski fue derrotado en las elecciones del 14 de abril en Venezuela por Nicol\u00e1s Maduro Moros. Pero, a\u00fan\u00a0perdidoso\u00a0se est\u00e1 empe\u00f1ando a","og_url":"https:\/\/www.pressenza.com\/es\/2013\/04\/usa-contra-america-latina\/","og_site_name":"Pressenza","article_publisher":"https:\/\/www.facebook.com\/PressenzaItalia","article_published_time":"2013-04-26T05:15:59+00:00","article_modified_time":"2013-04-26T11:46:47+00:00","og_image":[{"width":342,"height":256,"url":"https:\/\/www.pressenza.com\/wp-content\/uploads\/2013\/04\/usa-y-al.jpg","type":"image\/jpeg"}],"author":"Luis Ammann","twitter_card":"summary_large_image","twitter_creator":"@PressenzaIPA","twitter_site":"@PressenzaIPA","twitter_misc":{"Escrito por":"Luis Ammann","Tiempo de lectura":"4 minutos"},"schema":{"@context":"https:\/\/schema.org","@graph":[{"@type":"Article","@id":"https:\/\/www.pressenza.com\/es\/2013\/04\/usa-contra-america-latina\/#article","isPartOf":{"@id":"https:\/\/www.pressenza.com\/es\/2013\/04\/usa-contra-america-latina\/"},"author":{"name":"Luis Ammann","@id":"https:\/\/www.pressenza.com\/es\/#\/schema\/person\/e30e241b8a43d47c996cf31dbc7b882c"},"headline":"USA Contra Am\u00e9rica Latina","datePublished":"2013-04-26T05:15:59+00:00","dateModified":"2013-04-26T11:46:47+00:00","mainEntityOfPage":{"@id":"https:\/\/www.pressenza.com\/es\/2013\/04\/usa-contra-america-latina\/"},"wordCount":722,"publisher":{"@id":"https:\/\/www.pressenza.com\/es\/#organization"},"image":{"@id":"https:\/\/www.pressenza.com\/es\/2013\/04\/usa-contra-america-latina\/#primaryimage"},"thumbnailUrl":"https:\/\/www.pressenza.com\/wp-content\/uploads\/2013\/04\/usa-y-al.jpg","keywords":["Barack Obama","Nicol\u00e1s Maduro"],"articleSection":["Opiniones","Pol\u00edtica","Sudam\u00e9rica"],"inLanguage":"es"},{"@type":"WebPage","@id":"https:\/\/www.pressenza.com\/es\/2013\/04\/usa-contra-america-latina\/","url":"https:\/\/www.pressenza.com\/es\/2013\/04\/usa-contra-america-latina\/","name":"USA Contra Am\u00e9rica Latina","isPartOf":{"@id":"https:\/\/www.pressenza.com\/es\/#website"},"primaryImageOfPage":{"@id":"https:\/\/www.pressenza.com\/es\/2013\/04\/usa-contra-america-latina\/#primaryimage"},"image":{"@id":"https:\/\/www.pressenza.com\/es\/2013\/04\/usa-contra-america-latina\/#primaryimage"},"thumbnailUrl":"https:\/\/www.pressenza.com\/wp-content\/uploads\/2013\/04\/usa-y-al.jpg","datePublished":"2013-04-26T05:15:59+00:00","dateModified":"2013-04-26T11:46:47+00:00","description":"Henrique Capriles Radonski fue derrotado en las elecciones del 14 de abril en Venezuela por Nicol\u00e1s Maduro Moros. Pero, a\u00fan\u00a0perdidoso\u00a0se est\u00e1 empe\u00f1ando a","breadcrumb":{"@id":"https:\/\/www.pressenza.com\/es\/2013\/04\/usa-contra-america-latina\/#breadcrumb"},"inLanguage":"es","potentialAction":[{"@type":"ReadAction","target":["https:\/\/www.pressenza.com\/es\/2013\/04\/usa-contra-america-latina\/"]}]},{"@type":"ImageObject","inLanguage":"es","@id":"https:\/\/www.pressenza.com\/es\/2013\/04\/usa-contra-america-latina\/#primaryimage","url":"https:\/\/www.pressenza.com\/wp-content\/uploads\/2013\/04\/usa-y-al.jpg","contentUrl":"https:\/\/www.pressenza.com\/wp-content\/uploads\/2013\/04\/usa-y-al.jpg","width":342,"height":256},{"@type":"BreadcrumbList","@id":"https:\/\/www.pressenza.com\/es\/2013\/04\/usa-contra-america-latina\/#breadcrumb","itemListElement":[{"@type":"ListItem","position":1,"name":"Accueil","item":"https:\/\/www.pressenza.com\/es\/"},{"@type":"ListItem","position":2,"name":"USA Contra Am\u00e9rica Latina"}]},{"@type":"WebSite","@id":"https:\/\/www.pressenza.com\/es\/#website","url":"https:\/\/www.pressenza.com\/es\/","name":"Pressenza","description":"International Press Agency","publisher":{"@id":"https:\/\/www.pressenza.com\/es\/#organization"},"potentialAction":[{"@type":"SearchAction","target":{"@type":"EntryPoint","urlTemplate":"https:\/\/www.pressenza.com\/es\/?s={search_term_string}"},"query-input":{"@type":"PropertyValueSpecification","valueRequired":true,"valueName":"search_term_string"}}],"inLanguage":"es"},{"@type":"Organization","@id":"https:\/\/www.pressenza.com\/es\/#organization","name":"Pressenza","url":"https:\/\/www.pressenza.com\/es\/","logo":{"@type":"ImageObject","inLanguage":"es","@id":"https:\/\/www.pressenza.com\/es\/#\/schema\/logo\/image\/","url":"https:\/\/www.pressenza.com\/wp-content\/uploads\/2022\/10\/pressenza_logo_200x200.jpg","contentUrl":"https:\/\/www.pressenza.com\/wp-content\/uploads\/2022\/10\/pressenza_logo_200x200.jpg","width":200,"height":200,"caption":"Pressenza"},"image":{"@id":"https:\/\/www.pressenza.com\/es\/#\/schema\/logo\/image\/"},"sameAs":["https:\/\/www.facebook.com\/PressenzaItalia","https:\/\/x.com\/PressenzaIPA"]},{"@type":"Person","@id":"https:\/\/www.pressenza.com\/es\/#\/schema\/person\/e30e241b8a43d47c996cf31dbc7b882c","name":"Luis Ammann","description":"Escritor, Periodista y Pol\u00edtico Humanista","url":"https:\/\/www.pressenza.com\/es\/author\/luis-ammann\/"}]}},"place":"Caracas","original_article_url":"","_links":{"self":[{"href":"https:\/\/www.pressenza.com\/es\/wp-json\/wp\/v2\/posts\/49571","targetHints":{"allow":["GET"]}}],"collection":[{"href":"https:\/\/www.pressenza.com\/es\/wp-json\/wp\/v2\/posts"}],"about":[{"href":"https:\/\/www.pressenza.com\/es\/wp-json\/wp\/v2\/types\/post"}],"author":[{"embeddable":true,"href":"https:\/\/www.pressenza.com\/es\/wp-json\/wp\/v2\/users\/84"}],"replies":[{"embeddable":true,"href":"https:\/\/www.pressenza.com\/es\/wp-json\/wp\/v2\/comments?post=49571"}],"version-history":[{"count":0,"href":"https:\/\/www.pressenza.com\/es\/wp-json\/wp\/v2\/posts\/49571\/revisions"}],"wp:featuredmedia":[{"embeddable":true,"href":"https:\/\/www.pressenza.com\/es\/wp-json\/wp\/v2\/media\/49631"}],"wp:attachment":[{"href":"https:\/\/www.pressenza.com\/es\/wp-json\/wp\/v2\/media?parent=49571"}],"wp:term":[{"taxonomy":"category","embeddable":true,"href":"https:\/\/www.pressenza.com\/es\/wp-json\/wp\/v2\/categories?post=49571"},{"taxonomy":"post_tag","embeddable":true,"href":"https:\/\/www.pressenza.com\/es\/wp-json\/wp\/v2\/tags?post=49571"}],"curies":[{"name":"wp","href":"https:\/\/api.w.org\/{rel}","templated":true}]}}