{"id":49528,"date":"2013-04-25T17:02:04","date_gmt":"2013-04-25T16:02:04","guid":{"rendered":"http:\/\/www.pressenza.com\/?p=49528"},"modified":"2013-04-25T17:02:04","modified_gmt":"2013-04-25T16:02:04","slug":"la-demanda-contra-chile-y-por-el-mar","status":"publish","type":"post","link":"https:\/\/www.pressenza.com\/es\/2013\/04\/la-demanda-contra-chile-y-por-el-mar\/","title":{"rendered":"La demanda contra Chile y por el mar"},"content":{"rendered":"<div dir=\"ltr\" data-font-name=\"g_font_p0_1\" data-canvas-width=\"160.12847254812414\">El gobierno ha colocado todo su peso en el asunto de la salidaal mar con soberan\u00eda para Bolivia.<\/div>\n<div dir=\"ltr\" data-font-name=\"g_font_p0_1\" data-canvas-width=\"160.12847254812414\"><\/div>\n<div dir=\"ltr\" data-font-name=\"g_font_p0_1\" data-canvas-width=\"103.15138291637253\">El 24 de marzo, el presidente EvoMorales ha anunciado demandade Bolivia contra Chile en elTribunal de La Haya.<\/div>\n<div dir=\"ltr\" data-font-name=\"g_font_p0_1\" data-canvas-width=\"103.15138291637253\"><\/div>\n<div dir=\"ltr\" style=\"text-align: justify;\" data-font-name=\"g_font_p0_1\" data-canvas-width=\"102.37315046246576\">Esta decisi\u00f3n, si tiene firmeza en sus objetivos, decisi\u00f3n en los pasos a darse, y tino en las pautas a adoptarse, puede ser considerada como la medida de mayor resonancia adoptada en este tema por Bolivia desde hace mucho tiempo.<\/div>\n<div dir=\"ltr\" data-font-name=\"g_font_p0_1\" data-canvas-width=\"151.51639016697828\"><\/div>\n<div dir=\"ltr\" style=\"text-align: justify;\" data-font-name=\"g_font_p0_1\" data-canvas-width=\"282.1224167883278\">Existe en la poblaci\u00f3n boliviana, sus instituciones y organizaciones, el sentimiento de consolidar un frente \u00fanico en esta lucha por los derechos de Bolivia. El gobierno, sensible a esta atm\u00f3sfera, trata que sus iniciativas se conviertan en pol\u00edticas de Estado y no en simples iniciativas partidistas y coyunturales; en ese sentido se dio recientemente una reuni\u00f3n del actual presidente con los ex presidentes bolivianos. Para coronar esta iniciativa es necesario, sin embargo, evitar vicios recurrentes en nuestra\u00a0 historia. El primer escollo a salvar es el uso pol\u00edtico inmediatista de este tema. El presidente ha declarado que la soluci\u00f3n es de largo aliento, indicando incluso el a\u00f1o 2025 como el horizonte para soluciones definitivas. Sin embargo, la estridencia de declaraciones y la virulencia de algunas decisiones despiertan en la poblaci\u00f3n la idea de la inminencia de una soluci\u00f3n favorable, que, de no lograrse, puede ser perjudicial a la causa mar\u00edtima boliviana y a la estabilidad del mismo gobierno.<\/div>\n<div dir=\"ltr\" data-font-name=\"g_font_p0_1\" data-canvas-width=\"282.1224167883278\"><\/div>\n<div dir=\"ltr\" style=\"text-align: justify;\" data-font-name=\"g_font_p0_1\" data-canvas-width=\"242.86097620131503\">Otro elemento a evitarse es la discontinuidad e incoherencia en las iniciativas, defecto de reg\u00edmenes pasados, pero en el que tambi\u00e9n cae el actual gobierno. Esto es tan cierto que el presidente de Chile, Pi\u00f1era, se vale de ello para minimizar las medidas bolivianas, indicando: \u201cTambi\u00e9n ha amenazado (Evo Morales) con una demanda, que viene precedida de muchos cambios de posici\u00f3n (&#8230;) tantos, que tomamos la declaraci\u00f3n con tranquilidad y prudencia (pues son) tesis muy contradictorias de ellos mismos\u201d.<\/div>\n<div dir=\"ltr\" data-font-name=\"g_font_p0_1\" data-canvas-width=\"242.86097620131503\"><\/div>\n<div dir=\"ltr\" style=\"text-align: justify;\" data-font-name=\"g_font_p0_1\" data-canvas-width=\"305.4913413999446\">Finalmente, es peligroso y err\u00f3neo creer que la soluci\u00f3n a este tema se dar\u00e1 si existe afinidad ideol\u00f3gica entre gobiernos, tal como se puede interpretar de las declaraciones del vicepresidente Garc\u00eda Linera, cuando indica que con la elecci\u00f3n de un nuevo presidente en Chile (pensando seguramente en Michelle Bachelet) se acabar\u00e1n \u201clas agresiones contra Bolivia\u201d. Los ex dictadores Banzer de Bolivia y Pinochet de Chile probaron en su momento que la ideolog\u00eda com\u00fan no soluciona necesariamente intereses nacionales opuestos.<\/div>\n","protected":false},"excerpt":{"rendered":"<p>El gobierno ha colocado todo su peso en el asunto de la salidaal mar con soberan\u00eda para Bolivia. El 24 de marzo, el presidente EvoMorales ha anunciado demandade Bolivia contra Chile en elTribunal de La Haya. Esta decisi\u00f3n, si tiene&hellip;<\/p>\n","protected":false},"author":994,"featured_media":49542,"comment_status":"closed","ping_status":"open","sticky":false,"template":"","format":"standard","meta":{"footnotes":""},"categories":[76,67],"tags":[1059],"class_list":["post-49528","post","type-post","status-publish","format-standard","has-post-thumbnail","hentry","category-relaciones-exteriores","category-sudamerica","tag-evo-morales"],"yoast_head":"<!-- This site is optimized with the Yoast SEO plugin v27.1.1 - https:\/\/yoast.com\/product\/yoast-seo-wordpress\/ -->\n<title>La demanda contra Chile y por el mar<\/title>\n<meta name=\"description\" content=\"El gobierno ha colocado todo su peso en el asunto de la salidaal mar con soberan\u00eda para Bolivia. El 24 de marzo, el presidente EvoMorales ha anunciado\" \/>\n<meta name=\"robots\" content=\"index, follow, max-snippet:-1, max-image-preview:large, max-video-preview:-1\" \/>\n<link rel=\"canonical\" href=\"https:\/\/www.pressenza.com\/es\/2013\/04\/la-demanda-contra-chile-y-por-el-mar\/\" \/>\n<meta property=\"og:locale\" content=\"es_ES\" \/>\n<meta property=\"og:type\" content=\"article\" \/>\n<meta property=\"og:title\" content=\"La demanda contra Chile y por el mar\" \/>\n<meta property=\"og:description\" content=\"El gobierno ha colocado todo su peso en el asunto de la salidaal mar con soberan\u00eda para Bolivia. El 24 de marzo, el presidente EvoMorales ha anunciado\" \/>\n<meta property=\"og:url\" content=\"https:\/\/www.pressenza.com\/es\/2013\/04\/la-demanda-contra-chile-y-por-el-mar\/\" \/>\n<meta property=\"og:site_name\" content=\"Pressenza\" \/>\n<meta property=\"article:publisher\" content=\"https:\/\/www.facebook.com\/PressenzaItalia\" \/>\n<meta property=\"article:published_time\" content=\"2013-04-25T16:02:04+00:00\" \/>\n<meta property=\"og:image\" content=\"https:\/\/www.pressenza.com\/wp-content\/uploads\/2013\/04\/Mar-de-Chile1.jpg\" \/>\n\t<meta property=\"og:image:width\" content=\"604\" \/>\n\t<meta property=\"og:image:height\" content=\"395\" \/>\n\t<meta property=\"og:image:type\" content=\"image\/jpeg\" \/>\n<meta name=\"author\" content=\"Pukara\" \/>\n<meta name=\"twitter:card\" content=\"summary_large_image\" \/>\n<meta name=\"twitter:creator\" content=\"@PressenzaIPA\" \/>\n<meta name=\"twitter:site\" content=\"@PressenzaIPA\" \/>\n<meta name=\"twitter:label1\" content=\"Escrito por\" \/>\n\t<meta name=\"twitter:data1\" content=\"Pukara\" \/>\n\t<meta name=\"twitter:label2\" content=\"Tiempo de lectura\" \/>\n\t<meta name=\"twitter:data2\" content=\"2 minutos\" \/>\n<script type=\"application\/ld+json\" class=\"yoast-schema-graph\">{\"@context\":\"https:\/\/schema.org\",\"@graph\":[{\"@type\":\"Article\",\"@id\":\"https:\/\/www.pressenza.com\/es\/2013\/04\/la-demanda-contra-chile-y-por-el-mar\/#article\",\"isPartOf\":{\"@id\":\"https:\/\/www.pressenza.com\/es\/2013\/04\/la-demanda-contra-chile-y-por-el-mar\/\"},\"author\":{\"name\":\"Pukara\",\"@id\":\"https:\/\/www.pressenza.com\/es\/#\/schema\/person\/7c078184822a8f3649063a201837de17\"},\"headline\":\"La demanda contra Chile y por el mar\",\"datePublished\":\"2013-04-25T16:02:04+00:00\",\"mainEntityOfPage\":{\"@id\":\"https:\/\/www.pressenza.com\/es\/2013\/04\/la-demanda-contra-chile-y-por-el-mar\/\"},\"wordCount\":423,\"publisher\":{\"@id\":\"https:\/\/www.pressenza.com\/es\/#organization\"},\"image\":{\"@id\":\"https:\/\/www.pressenza.com\/es\/2013\/04\/la-demanda-contra-chile-y-por-el-mar\/#primaryimage\"},\"thumbnailUrl\":\"https:\/\/www.pressenza.com\/wp-content\/uploads\/2013\/04\/Mar-de-Chile1.jpg\",\"keywords\":[\"Evo Morales\"],\"articleSection\":[\"Asuntos internacionales\",\"Sudam\u00e9rica\"],\"inLanguage\":\"es\"},{\"@type\":\"WebPage\",\"@id\":\"https:\/\/www.pressenza.com\/es\/2013\/04\/la-demanda-contra-chile-y-por-el-mar\/\",\"url\":\"https:\/\/www.pressenza.com\/es\/2013\/04\/la-demanda-contra-chile-y-por-el-mar\/\",\"name\":\"La demanda contra Chile y por el mar\",\"isPartOf\":{\"@id\":\"https:\/\/www.pressenza.com\/es\/#website\"},\"primaryImageOfPage\":{\"@id\":\"https:\/\/www.pressenza.com\/es\/2013\/04\/la-demanda-contra-chile-y-por-el-mar\/#primaryimage\"},\"image\":{\"@id\":\"https:\/\/www.pressenza.com\/es\/2013\/04\/la-demanda-contra-chile-y-por-el-mar\/#primaryimage\"},\"thumbnailUrl\":\"https:\/\/www.pressenza.com\/wp-content\/uploads\/2013\/04\/Mar-de-Chile1.jpg\",\"datePublished\":\"2013-04-25T16:02:04+00:00\",\"description\":\"El gobierno ha colocado todo su peso en el asunto de la salidaal mar con soberan\u00eda para Bolivia. El 24 de marzo, el presidente EvoMorales ha anunciado\",\"breadcrumb\":{\"@id\":\"https:\/\/www.pressenza.com\/es\/2013\/04\/la-demanda-contra-chile-y-por-el-mar\/#breadcrumb\"},\"inLanguage\":\"es\",\"potentialAction\":[{\"@type\":\"ReadAction\",\"target\":[\"https:\/\/www.pressenza.com\/es\/2013\/04\/la-demanda-contra-chile-y-por-el-mar\/\"]}]},{\"@type\":\"ImageObject\",\"inLanguage\":\"es\",\"@id\":\"https:\/\/www.pressenza.com\/es\/2013\/04\/la-demanda-contra-chile-y-por-el-mar\/#primaryimage\",\"url\":\"https:\/\/www.pressenza.com\/wp-content\/uploads\/2013\/04\/Mar-de-Chile1.jpg\",\"contentUrl\":\"https:\/\/www.pressenza.com\/wp-content\/uploads\/2013\/04\/Mar-de-Chile1.jpg\",\"width\":604,\"height\":395},{\"@type\":\"BreadcrumbList\",\"@id\":\"https:\/\/www.pressenza.com\/es\/2013\/04\/la-demanda-contra-chile-y-por-el-mar\/#breadcrumb\",\"itemListElement\":[{\"@type\":\"ListItem\",\"position\":1,\"name\":\"Accueil\",\"item\":\"https:\/\/www.pressenza.com\/es\/\"},{\"@type\":\"ListItem\",\"position\":2,\"name\":\"La demanda contra Chile y por el mar\"}]},{\"@type\":\"WebSite\",\"@id\":\"https:\/\/www.pressenza.com\/es\/#website\",\"url\":\"https:\/\/www.pressenza.com\/es\/\",\"name\":\"Pressenza\",\"description\":\"International Press Agency\",\"publisher\":{\"@id\":\"https:\/\/www.pressenza.com\/es\/#organization\"},\"potentialAction\":[{\"@type\":\"SearchAction\",\"target\":{\"@type\":\"EntryPoint\",\"urlTemplate\":\"https:\/\/www.pressenza.com\/es\/?s={search_term_string}\"},\"query-input\":{\"@type\":\"PropertyValueSpecification\",\"valueRequired\":true,\"valueName\":\"search_term_string\"}}],\"inLanguage\":\"es\"},{\"@type\":\"Organization\",\"@id\":\"https:\/\/www.pressenza.com\/es\/#organization\",\"name\":\"Pressenza\",\"url\":\"https:\/\/www.pressenza.com\/es\/\",\"logo\":{\"@type\":\"ImageObject\",\"inLanguage\":\"es\",\"@id\":\"https:\/\/www.pressenza.com\/es\/#\/schema\/logo\/image\/\",\"url\":\"https:\/\/www.pressenza.com\/wp-content\/uploads\/2022\/10\/pressenza_logo_200x200.jpg\",\"contentUrl\":\"https:\/\/www.pressenza.com\/wp-content\/uploads\/2022\/10\/pressenza_logo_200x200.jpg\",\"width\":200,\"height\":200,\"caption\":\"Pressenza\"},\"image\":{\"@id\":\"https:\/\/www.pressenza.com\/es\/#\/schema\/logo\/image\/\"},\"sameAs\":[\"https:\/\/www.facebook.com\/PressenzaItalia\",\"https:\/\/x.com\/PressenzaIPA\"]},{\"@type\":\"Person\",\"@id\":\"https:\/\/www.pressenza.com\/es\/#\/schema\/person\/7c078184822a8f3649063a201837de17\",\"name\":\"Pukara\",\"description\":\"El Peri\u00f3dico Pukara quiere ser un baluarte en el lucha de ideas, en el combate de principios, en la guerra conceptual, de an\u00e1lisis, de informaci\u00f3n e investigaci\u00f3n que libran los pueblos ind\u00edgenas contra el ocupante colonialista. www.periodicopukara.com\",\"sameAs\":[\"http:\/\/www.periodicopukara.com\"],\"url\":\"https:\/\/www.pressenza.com\/es\/author\/pukara\/\"}]}<\/script>\n<!-- \/ Yoast SEO plugin. -->","yoast_head_json":{"title":"La demanda contra Chile y por el mar","description":"El gobierno ha colocado todo su peso en el asunto de la salidaal mar con soberan\u00eda para Bolivia. El 24 de marzo, el presidente EvoMorales ha anunciado","robots":{"index":"index","follow":"follow","max-snippet":"max-snippet:-1","max-image-preview":"max-image-preview:large","max-video-preview":"max-video-preview:-1"},"canonical":"https:\/\/www.pressenza.com\/es\/2013\/04\/la-demanda-contra-chile-y-por-el-mar\/","og_locale":"es_ES","og_type":"article","og_title":"La demanda contra Chile y por el mar","og_description":"El gobierno ha colocado todo su peso en el asunto de la salidaal mar con soberan\u00eda para Bolivia. El 24 de marzo, el presidente EvoMorales ha anunciado","og_url":"https:\/\/www.pressenza.com\/es\/2013\/04\/la-demanda-contra-chile-y-por-el-mar\/","og_site_name":"Pressenza","article_publisher":"https:\/\/www.facebook.com\/PressenzaItalia","article_published_time":"2013-04-25T16:02:04+00:00","og_image":[{"width":604,"height":395,"url":"https:\/\/www.pressenza.com\/wp-content\/uploads\/2013\/04\/Mar-de-Chile1.jpg","type":"image\/jpeg"}],"author":"Pukara","twitter_card":"summary_large_image","twitter_creator":"@PressenzaIPA","twitter_site":"@PressenzaIPA","twitter_misc":{"Escrito por":"Pukara","Tiempo de lectura":"2 minutos"},"schema":{"@context":"https:\/\/schema.org","@graph":[{"@type":"Article","@id":"https:\/\/www.pressenza.com\/es\/2013\/04\/la-demanda-contra-chile-y-por-el-mar\/#article","isPartOf":{"@id":"https:\/\/www.pressenza.com\/es\/2013\/04\/la-demanda-contra-chile-y-por-el-mar\/"},"author":{"name":"Pukara","@id":"https:\/\/www.pressenza.com\/es\/#\/schema\/person\/7c078184822a8f3649063a201837de17"},"headline":"La demanda contra Chile y por el mar","datePublished":"2013-04-25T16:02:04+00:00","mainEntityOfPage":{"@id":"https:\/\/www.pressenza.com\/es\/2013\/04\/la-demanda-contra-chile-y-por-el-mar\/"},"wordCount":423,"publisher":{"@id":"https:\/\/www.pressenza.com\/es\/#organization"},"image":{"@id":"https:\/\/www.pressenza.com\/es\/2013\/04\/la-demanda-contra-chile-y-por-el-mar\/#primaryimage"},"thumbnailUrl":"https:\/\/www.pressenza.com\/wp-content\/uploads\/2013\/04\/Mar-de-Chile1.jpg","keywords":["Evo Morales"],"articleSection":["Asuntos internacionales","Sudam\u00e9rica"],"inLanguage":"es"},{"@type":"WebPage","@id":"https:\/\/www.pressenza.com\/es\/2013\/04\/la-demanda-contra-chile-y-por-el-mar\/","url":"https:\/\/www.pressenza.com\/es\/2013\/04\/la-demanda-contra-chile-y-por-el-mar\/","name":"La demanda contra Chile y por el mar","isPartOf":{"@id":"https:\/\/www.pressenza.com\/es\/#website"},"primaryImageOfPage":{"@id":"https:\/\/www.pressenza.com\/es\/2013\/04\/la-demanda-contra-chile-y-por-el-mar\/#primaryimage"},"image":{"@id":"https:\/\/www.pressenza.com\/es\/2013\/04\/la-demanda-contra-chile-y-por-el-mar\/#primaryimage"},"thumbnailUrl":"https:\/\/www.pressenza.com\/wp-content\/uploads\/2013\/04\/Mar-de-Chile1.jpg","datePublished":"2013-04-25T16:02:04+00:00","description":"El gobierno ha colocado todo su peso en el asunto de la salidaal mar con soberan\u00eda para Bolivia. El 24 de marzo, el presidente EvoMorales ha anunciado","breadcrumb":{"@id":"https:\/\/www.pressenza.com\/es\/2013\/04\/la-demanda-contra-chile-y-por-el-mar\/#breadcrumb"},"inLanguage":"es","potentialAction":[{"@type":"ReadAction","target":["https:\/\/www.pressenza.com\/es\/2013\/04\/la-demanda-contra-chile-y-por-el-mar\/"]}]},{"@type":"ImageObject","inLanguage":"es","@id":"https:\/\/www.pressenza.com\/es\/2013\/04\/la-demanda-contra-chile-y-por-el-mar\/#primaryimage","url":"https:\/\/www.pressenza.com\/wp-content\/uploads\/2013\/04\/Mar-de-Chile1.jpg","contentUrl":"https:\/\/www.pressenza.com\/wp-content\/uploads\/2013\/04\/Mar-de-Chile1.jpg","width":604,"height":395},{"@type":"BreadcrumbList","@id":"https:\/\/www.pressenza.com\/es\/2013\/04\/la-demanda-contra-chile-y-por-el-mar\/#breadcrumb","itemListElement":[{"@type":"ListItem","position":1,"name":"Accueil","item":"https:\/\/www.pressenza.com\/es\/"},{"@type":"ListItem","position":2,"name":"La demanda contra Chile y por el mar"}]},{"@type":"WebSite","@id":"https:\/\/www.pressenza.com\/es\/#website","url":"https:\/\/www.pressenza.com\/es\/","name":"Pressenza","description":"International Press Agency","publisher":{"@id":"https:\/\/www.pressenza.com\/es\/#organization"},"potentialAction":[{"@type":"SearchAction","target":{"@type":"EntryPoint","urlTemplate":"https:\/\/www.pressenza.com\/es\/?s={search_term_string}"},"query-input":{"@type":"PropertyValueSpecification","valueRequired":true,"valueName":"search_term_string"}}],"inLanguage":"es"},{"@type":"Organization","@id":"https:\/\/www.pressenza.com\/es\/#organization","name":"Pressenza","url":"https:\/\/www.pressenza.com\/es\/","logo":{"@type":"ImageObject","inLanguage":"es","@id":"https:\/\/www.pressenza.com\/es\/#\/schema\/logo\/image\/","url":"https:\/\/www.pressenza.com\/wp-content\/uploads\/2022\/10\/pressenza_logo_200x200.jpg","contentUrl":"https:\/\/www.pressenza.com\/wp-content\/uploads\/2022\/10\/pressenza_logo_200x200.jpg","width":200,"height":200,"caption":"Pressenza"},"image":{"@id":"https:\/\/www.pressenza.com\/es\/#\/schema\/logo\/image\/"},"sameAs":["https:\/\/www.facebook.com\/PressenzaItalia","https:\/\/x.com\/PressenzaIPA"]},{"@type":"Person","@id":"https:\/\/www.pressenza.com\/es\/#\/schema\/person\/7c078184822a8f3649063a201837de17","name":"Pukara","description":"El Peri\u00f3dico Pukara quiere ser un baluarte en el lucha de ideas, en el combate de principios, en la guerra conceptual, de an\u00e1lisis, de informaci\u00f3n e investigaci\u00f3n que libran los pueblos ind\u00edgenas contra el ocupante colonialista. www.periodicopukara.com","sameAs":["http:\/\/www.periodicopukara.com"],"url":"https:\/\/www.pressenza.com\/es\/author\/pukara\/"}]}},"place":"La Paz","original_article_url":"","_links":{"self":[{"href":"https:\/\/www.pressenza.com\/es\/wp-json\/wp\/v2\/posts\/49528","targetHints":{"allow":["GET"]}}],"collection":[{"href":"https:\/\/www.pressenza.com\/es\/wp-json\/wp\/v2\/posts"}],"about":[{"href":"https:\/\/www.pressenza.com\/es\/wp-json\/wp\/v2\/types\/post"}],"author":[{"embeddable":true,"href":"https:\/\/www.pressenza.com\/es\/wp-json\/wp\/v2\/users\/994"}],"replies":[{"embeddable":true,"href":"https:\/\/www.pressenza.com\/es\/wp-json\/wp\/v2\/comments?post=49528"}],"version-history":[{"count":0,"href":"https:\/\/www.pressenza.com\/es\/wp-json\/wp\/v2\/posts\/49528\/revisions"}],"wp:featuredmedia":[{"embeddable":true,"href":"https:\/\/www.pressenza.com\/es\/wp-json\/wp\/v2\/media\/49542"}],"wp:attachment":[{"href":"https:\/\/www.pressenza.com\/es\/wp-json\/wp\/v2\/media?parent=49528"}],"wp:term":[{"taxonomy":"category","embeddable":true,"href":"https:\/\/www.pressenza.com\/es\/wp-json\/wp\/v2\/categories?post=49528"},{"taxonomy":"post_tag","embeddable":true,"href":"https:\/\/www.pressenza.com\/es\/wp-json\/wp\/v2\/tags?post=49528"}],"curies":[{"name":"wp","href":"https:\/\/api.w.org\/{rel}","templated":true}]}}