{"id":493572,"date":"2017-07-20T19:36:56","date_gmt":"2017-07-20T18:36:56","guid":{"rendered":"https:\/\/www.pressenza.com\/?p=493572\/"},"modified":"2017-07-20T19:49:32","modified_gmt":"2017-07-20T18:49:32","slug":"pese-la-suspension-oficial-en-el-mercosur-dio-inicio-la-cumbre-de-los-pueblos-en-mendoza","status":"publish","type":"post","link":"https:\/\/www.pressenza.com\/es\/2017\/07\/pese-la-suspension-oficial-en-el-mercosur-dio-inicio-la-cumbre-de-los-pueblos-en-mendoza\/","title":{"rendered":"Pese a la suspensi\u00f3n oficial en el Mercosur, dio inicio la Cumbre de los Pueblos en Mendoza"},"content":{"rendered":"<p>En la Facultad de Arte y Dise\u00f1o de la Universidad Nacional de Cuyo, Mendoza, iniciaron las actividades de la Cumbre de los Pueblos. Esta cumbre tiene como objetivo discutir la forma de desafiar las implicancias antipopulares de la direcci\u00f3n que est\u00e1 llevando actualmente el organismo regional conformado por Argentina, Brasil, Paraguay, Uruguay y Venezuela, \u00e9sta \u00faltima suspendida como parte de la ofensiva internacional de la derecha contra la Revoluci\u00f3n Bolivariana. Bolivia tambi\u00e9n est\u00e1 en proceso de adhesi\u00f3n, por lo que Evo Morales participar\u00e1 tambi\u00e9n en la Cumbre de Jefes y Jefas de Estado que tendr\u00e1 lugar el viernes 21.<\/p>\n<p>A \u00e9sta han sido convocados tambi\u00e9n la presidenta Bachelet y otros invitados especiales, siendo los temas centrales a tratar la posibilidad de fortificar el eje Mercosur-Alianza del Pac\u00edfico y las negociaciones secretas en curso para intentar sellar un tratado de libre Comercio con la Uni\u00f3n Europea. Seguramente el gobierno argentino, que en esta ocasi\u00f3n dejar\u00e1 la presidencia pro t\u00e9mpore a Brasil, pondr\u00e1 el acento pol\u00edtico en condenar las supuestas violaciones a los derechos humanos del gobierno de Maduro en Venezuela, acento que servir\u00e1 &#8211; pobremente &#8211; de autojustificaci\u00f3n a los gobiernos que han decidido su suspensi\u00f3n, entre ellos el de Michel Temer, de nula legitimidad institucional y moral.<\/p>\n<p>La Cumbre de los Pueblos, por su parte, apuntando claramente a la vulneraci\u00f3n de derechos que est\u00e1 ocurriendo en Argentina, ha decidido proclamar como presidentas honorarias a N\u00e9lida Rojas y Milagro Sala, \u00a0lideresas de la organizaci\u00f3n Tupac Amaru.<\/p>\n<div style=\"width: 640px;\" class=\"wp-video\"><!--[if lt IE 9]><script>document.createElement('video');<\/script><![endif]-->\n<video class=\"wp-video-shortcode\" id=\"video-493572-1\" width=\"640\" height=\"352\" preload=\"metadata\" controls=\"controls\"><source type=\"video\/mp4\" src=\"https:\/\/www.pressenza.com\/wp-content\/uploads\/2017\/07\/VID-20170720-WA0007.mp4?_=1\" \/><a href=\"https:\/\/www.pressenza.com\/wp-content\/uploads\/2017\/07\/VID-20170720-WA0007.mp4\">https:\/\/www.pressenza.com\/wp-content\/uploads\/2017\/07\/VID-20170720-WA0007.mp4<\/a><\/video><\/div>\n<p>La apertura de la Cumbre de los Pueblos ha contado con representantes de organizaciones locales nacionales e internacionales. Tambi\u00e9n con autoridades como el embajador de Venezuela Carlos Mart\u00ednez Mendoza, quien en declaraciones a los medios presentes trajo el saludo del presidente Nicol\u00e1s Maduro y del pueblo venezolano. Consultado sobre el tema derechos humanos, Mart\u00ednez afirm\u00f3 que \u00absi hay algo que la revoluci\u00f3n bolivariana ha hecho, ha sido no s\u00f3lo constitucionalizar estos derechos, sino respetarlos de manera irrestricta.\u00bb<\/p>\n<p><img loading=\"lazy\" decoding=\"async\" class=\"alignnone size-medium wp-image-493593\" src=\"https:\/\/www.pressenza.com\/wp-content\/uploads\/2017\/07\/emb-vzla-252x300.jpg\" alt=\"\" width=\"252\" height=\"300\" srcset=\"https:\/\/www.pressenza.com\/wp-content\/uploads\/2017\/07\/emb-vzla-252x300.jpg 252w, https:\/\/www.pressenza.com\/wp-content\/uploads\/2017\/07\/emb-vzla.jpg 336w\" sizes=\"auto, (max-width: 252px) 100vw, 252px\" \/><\/p>\n<p>Varios parlamentarios se hicieron presentes como el diputado nacional Guillermo Carmona. Entre los diputados del Parlasur, se encontraba Hector Laborde, quien en di\u00e1logo con Pressenza lament\u00f3 que no se haya realizado la Cumbre Social en el marco institucional del Mercosur, como es lo habitual.<\/p>\n<p>Entre las organizaciones sociales presentes de distintos puntos de la regi\u00f3n, dieron su apoyo al evento las Madres de Plaza de Mayo. En su nombre habl\u00f3 la Madre mendocina Mar\u00eda de Dominguez.<\/p>\n<div style=\"width: 640px;\" class=\"wp-video\"><video class=\"wp-video-shortcode\" id=\"video-493572-2\" width=\"640\" height=\"352\" preload=\"metadata\" controls=\"controls\"><source type=\"video\/mp4\" src=\"https:\/\/www.pressenza.com\/wp-content\/uploads\/2017\/07\/maria-de-dominguez.mp4?_=2\" \/><a href=\"https:\/\/www.pressenza.com\/wp-content\/uploads\/2017\/07\/maria-de-dominguez.mp4\">https:\/\/www.pressenza.com\/wp-content\/uploads\/2017\/07\/maria-de-dominguez.mp4<\/a><\/video><\/div>\n<p>Para dar la bienvenida a las delegaciones tom\u00f3 la palabra el anfitri\u00f3n, decano Drago Brajak, qui\u00e9n fue jubilosamente aplaudido al afirmar: \u00abAqu\u00ed nadie es neoliberal\u00bb. Previo a dar inicio formal a la Cumbre, el acad\u00e9mico remarc\u00f3 con preocupaci\u00f3n el avance de \u00abuna tendencia demoledora de la derecha a nivel global\u00bb.<\/p>\n<p><img loading=\"lazy\" decoding=\"async\" class=\"alignnone size-medium wp-image-493622\" src=\"https:\/\/www.pressenza.com\/wp-content\/uploads\/2017\/07\/drago-brajak-300x169.jpg\" alt=\"\" width=\"300\" height=\"169\" srcset=\"https:\/\/www.pressenza.com\/wp-content\/uploads\/2017\/07\/drago-brajak-300x169.jpg 300w, https:\/\/www.pressenza.com\/wp-content\/uploads\/2017\/07\/drago-brajak.jpg 448w\" sizes=\"auto, (max-width: 300px) 100vw, 300px\" \/><\/p>\n<p>A partir de all\u00ed comenzaron las deliberaciones en las mesas alrededor de los cuatro ejes planteados en el documento de convocatoria:<\/p>\n<ol>\n<li>Construcci\u00f3n de la soberan\u00eda regional en el contexto global<\/li>\n<li>Una nueva institucionalidad para enfrentar el neoliberalismo. Estado de la democracia en Sudam\u00e9rica.<\/li>\n<li>Por una inserci\u00f3n econ\u00f3mica internacional para la independencia. La integraci\u00f3n regional contra el libre-comercio<\/li>\n<li>Movimientos sociales y defensa de los derechos conquistados. Formas de organizaci\u00f3n del campo popular y regional<\/li>\n<\/ol>\n<p>Por la tarde continuar\u00e1n el trabajo de estas mesas, estando prevista la confecci\u00f3n de un documento de conclusiones que ser\u00e1 entregado al presidente boliviano Evo Morales, quien arribar\u00e1 a primera hora de la ma\u00f1ana del viernes, \u00a0para su presentaci\u00f3n ante la cumbre oficial.<\/p>\n<p>&#8212;&#8212;&#8212;&#8212;&#8212;&#8212;&#8212;&#8212;&#8212;&#8212;&#8212;&#8212;&#8212;&#8212;&#8212;&#8212;&#8212;&#8212;&#8212;&#8211;<\/p>\n<p><em>Desde la Cumbre de los Pueblos en Mendoza para Pressenza, Ester Previtera, Carlos Buj, Juan Jos\u00e9 Coscarelli<\/em><\/p>\n<p>&nbsp;<\/p>\n<p>&nbsp;<\/p>\n","protected":false},"excerpt":{"rendered":"<p>En la Facultad de Arte y Dise\u00f1o de la Universidad Nacional de Cuyo, Mendoza, iniciaron las actividades de la Cumbre de los Pueblos. Esta cumbre tiene como objetivo discutir la forma de desafiar las implicancias antipopulares de la direcci\u00f3n que&hellip;<\/p>\n","protected":false},"author":970,"featured_media":493631,"comment_status":"closed","ping_status":"closed","sticky":false,"template":"","format":"standard","meta":{"footnotes":""},"categories":[76,79,74],"tags":[2611,5368,1300,18412,726],"class_list":["post-493572","post","type-post","status-publish","format-standard","has-post-thumbnail","hentry","category-relaciones-exteriores","category-derechos-humanos","category-politica-es","tag-cumbre-de-los-pueblos","tag-mendoza","tag-mercosur","tag-movimientos-populares","tag-organizaciones-sociales"],"yoast_head":"<!-- This site is optimized with the Yoast SEO plugin v27.1.1 - https:\/\/yoast.com\/product\/yoast-seo-wordpress\/ -->\n<title>Pese a la suspensi\u00f3n oficial en el Mercosur, dio inicio la Cumbre de los Pueblos en Mendoza<\/title>\n<meta name=\"description\" content=\"En la Facultad de Arte y Dise\u00f1o de la Universidad Nacional de Cuyo, Mendoza, iniciaron las actividades de la Cumbre de los Pueblos. Esta cumbre tiene como\" \/>\n<meta name=\"robots\" content=\"index, follow, max-snippet:-1, max-image-preview:large, max-video-preview:-1\" \/>\n<link rel=\"canonical\" href=\"https:\/\/www.pressenza.com\/es\/2017\/07\/pese-la-suspension-oficial-en-el-mercosur-dio-inicio-la-cumbre-de-los-pueblos-en-mendoza\/\" \/>\n<meta property=\"og:locale\" content=\"es_ES\" \/>\n<meta property=\"og:type\" content=\"article\" \/>\n<meta property=\"og:title\" content=\"Pese a la suspensi\u00f3n oficial en el Mercosur, dio inicio la Cumbre de los Pueblos en Mendoza\" \/>\n<meta property=\"og:description\" content=\"En la Facultad de Arte y Dise\u00f1o de la Universidad Nacional de Cuyo, Mendoza, iniciaron las actividades de la Cumbre de los Pueblos. Esta cumbre tiene como\" \/>\n<meta property=\"og:url\" content=\"https:\/\/www.pressenza.com\/es\/2017\/07\/pese-la-suspension-oficial-en-el-mercosur-dio-inicio-la-cumbre-de-los-pueblos-en-mendoza\/\" \/>\n<meta property=\"og:site_name\" content=\"Pressenza\" \/>\n<meta property=\"article:publisher\" content=\"https:\/\/www.facebook.com\/PressenzaItalia\" \/>\n<meta property=\"article:author\" content=\"https:\/\/www.facebook.com\/javier.tolcachier?fref=ts\" \/>\n<meta property=\"article:published_time\" content=\"2017-07-20T18:36:56+00:00\" \/>\n<meta property=\"article:modified_time\" content=\"2017-07-20T18:49:32+00:00\" \/>\n<meta property=\"og:image\" content=\"https:\/\/www.pressenza.com\/wp-content\/uploads\/2017\/07\/cumbre-pueblos-mza.jpg\" \/>\n\t<meta property=\"og:image:width\" content=\"1280\" \/>\n\t<meta property=\"og:image:height\" content=\"720\" \/>\n\t<meta property=\"og:image:type\" content=\"image\/jpeg\" \/>\n<meta name=\"author\" content=\"Javier Tolcachier\" \/>\n<meta name=\"twitter:card\" content=\"summary_large_image\" \/>\n<meta name=\"twitter:creator\" content=\"@jtolcachier\" \/>\n<meta name=\"twitter:site\" content=\"@PressenzaIPA\" \/>\n<meta name=\"twitter:label1\" content=\"Escrito por\" \/>\n\t<meta name=\"twitter:data1\" content=\"Javier Tolcachier\" \/>\n\t<meta name=\"twitter:label2\" content=\"Tiempo de lectura\" \/>\n\t<meta name=\"twitter:data2\" content=\"3 minutos\" \/>\n<script type=\"application\/ld+json\" class=\"yoast-schema-graph\">{\"@context\":\"https:\/\/schema.org\",\"@graph\":[{\"@type\":\"Article\",\"@id\":\"https:\/\/www.pressenza.com\/es\/2017\/07\/pese-la-suspension-oficial-en-el-mercosur-dio-inicio-la-cumbre-de-los-pueblos-en-mendoza\/#article\",\"isPartOf\":{\"@id\":\"https:\/\/www.pressenza.com\/es\/2017\/07\/pese-la-suspension-oficial-en-el-mercosur-dio-inicio-la-cumbre-de-los-pueblos-en-mendoza\/\"},\"author\":{\"name\":\"Javier Tolcachier\",\"@id\":\"https:\/\/www.pressenza.com\/es\/#\/schema\/person\/f353f6d4eed144101dedba60e6227564\"},\"headline\":\"Pese a la suspensi\u00f3n oficial en el Mercosur, dio inicio la Cumbre de los Pueblos en Mendoza\",\"datePublished\":\"2017-07-20T18:36:56+00:00\",\"dateModified\":\"2017-07-20T18:49:32+00:00\",\"mainEntityOfPage\":{\"@id\":\"https:\/\/www.pressenza.com\/es\/2017\/07\/pese-la-suspension-oficial-en-el-mercosur-dio-inicio-la-cumbre-de-los-pueblos-en-mendoza\/\"},\"wordCount\":669,\"publisher\":{\"@id\":\"https:\/\/www.pressenza.com\/es\/#organization\"},\"image\":{\"@id\":\"https:\/\/www.pressenza.com\/es\/2017\/07\/pese-la-suspension-oficial-en-el-mercosur-dio-inicio-la-cumbre-de-los-pueblos-en-mendoza\/#primaryimage\"},\"thumbnailUrl\":\"https:\/\/www.pressenza.com\/wp-content\/uploads\/2017\/07\/cumbre-pueblos-mza.jpg\",\"keywords\":[\"Cumbre de los Pueblos\",\"Mendoza\",\"MERCOSUR\",\"Movimientos populares\",\"Organizaciones sociales\"],\"articleSection\":[\"Asuntos internacionales\",\"Derechos Humanos\",\"Pol\u00edtica\"],\"inLanguage\":\"es\"},{\"@type\":\"WebPage\",\"@id\":\"https:\/\/www.pressenza.com\/es\/2017\/07\/pese-la-suspension-oficial-en-el-mercosur-dio-inicio-la-cumbre-de-los-pueblos-en-mendoza\/\",\"url\":\"https:\/\/www.pressenza.com\/es\/2017\/07\/pese-la-suspension-oficial-en-el-mercosur-dio-inicio-la-cumbre-de-los-pueblos-en-mendoza\/\",\"name\":\"Pese a la suspensi\u00f3n oficial en el Mercosur, dio inicio la Cumbre de los Pueblos en Mendoza\",\"isPartOf\":{\"@id\":\"https:\/\/www.pressenza.com\/es\/#website\"},\"primaryImageOfPage\":{\"@id\":\"https:\/\/www.pressenza.com\/es\/2017\/07\/pese-la-suspension-oficial-en-el-mercosur-dio-inicio-la-cumbre-de-los-pueblos-en-mendoza\/#primaryimage\"},\"image\":{\"@id\":\"https:\/\/www.pressenza.com\/es\/2017\/07\/pese-la-suspension-oficial-en-el-mercosur-dio-inicio-la-cumbre-de-los-pueblos-en-mendoza\/#primaryimage\"},\"thumbnailUrl\":\"https:\/\/www.pressenza.com\/wp-content\/uploads\/2017\/07\/cumbre-pueblos-mza.jpg\",\"datePublished\":\"2017-07-20T18:36:56+00:00\",\"dateModified\":\"2017-07-20T18:49:32+00:00\",\"description\":\"En la Facultad de Arte y Dise\u00f1o de la Universidad Nacional de Cuyo, Mendoza, iniciaron las actividades de la Cumbre de los Pueblos. Esta cumbre tiene como\",\"breadcrumb\":{\"@id\":\"https:\/\/www.pressenza.com\/es\/2017\/07\/pese-la-suspension-oficial-en-el-mercosur-dio-inicio-la-cumbre-de-los-pueblos-en-mendoza\/#breadcrumb\"},\"inLanguage\":\"es\",\"potentialAction\":[{\"@type\":\"ReadAction\",\"target\":[\"https:\/\/www.pressenza.com\/es\/2017\/07\/pese-la-suspension-oficial-en-el-mercosur-dio-inicio-la-cumbre-de-los-pueblos-en-mendoza\/\"]}]},{\"@type\":\"ImageObject\",\"inLanguage\":\"es\",\"@id\":\"https:\/\/www.pressenza.com\/es\/2017\/07\/pese-la-suspension-oficial-en-el-mercosur-dio-inicio-la-cumbre-de-los-pueblos-en-mendoza\/#primaryimage\",\"url\":\"https:\/\/www.pressenza.com\/wp-content\/uploads\/2017\/07\/cumbre-pueblos-mza.jpg\",\"contentUrl\":\"https:\/\/www.pressenza.com\/wp-content\/uploads\/2017\/07\/cumbre-pueblos-mza.jpg\",\"width\":1280,\"height\":720},{\"@type\":\"BreadcrumbList\",\"@id\":\"https:\/\/www.pressenza.com\/es\/2017\/07\/pese-la-suspension-oficial-en-el-mercosur-dio-inicio-la-cumbre-de-los-pueblos-en-mendoza\/#breadcrumb\",\"itemListElement\":[{\"@type\":\"ListItem\",\"position\":1,\"name\":\"Accueil\",\"item\":\"https:\/\/www.pressenza.com\/es\/\"},{\"@type\":\"ListItem\",\"position\":2,\"name\":\"Pese a la suspensi\u00f3n oficial en el Mercosur, dio inicio la Cumbre de los Pueblos en Mendoza\"}]},{\"@type\":\"WebSite\",\"@id\":\"https:\/\/www.pressenza.com\/es\/#website\",\"url\":\"https:\/\/www.pressenza.com\/es\/\",\"name\":\"Pressenza\",\"description\":\"International Press Agency\",\"publisher\":{\"@id\":\"https:\/\/www.pressenza.com\/es\/#organization\"},\"potentialAction\":[{\"@type\":\"SearchAction\",\"target\":{\"@type\":\"EntryPoint\",\"urlTemplate\":\"https:\/\/www.pressenza.com\/es\/?s={search_term_string}\"},\"query-input\":{\"@type\":\"PropertyValueSpecification\",\"valueRequired\":true,\"valueName\":\"search_term_string\"}}],\"inLanguage\":\"es\"},{\"@type\":\"Organization\",\"@id\":\"https:\/\/www.pressenza.com\/es\/#organization\",\"name\":\"Pressenza\",\"url\":\"https:\/\/www.pressenza.com\/es\/\",\"logo\":{\"@type\":\"ImageObject\",\"inLanguage\":\"es\",\"@id\":\"https:\/\/www.pressenza.com\/es\/#\/schema\/logo\/image\/\",\"url\":\"https:\/\/www.pressenza.com\/wp-content\/uploads\/2022\/10\/pressenza_logo_200x200.jpg\",\"contentUrl\":\"https:\/\/www.pressenza.com\/wp-content\/uploads\/2022\/10\/pressenza_logo_200x200.jpg\",\"width\":200,\"height\":200,\"caption\":\"Pressenza\"},\"image\":{\"@id\":\"https:\/\/www.pressenza.com\/es\/#\/schema\/logo\/image\/\"},\"sameAs\":[\"https:\/\/www.facebook.com\/PressenzaItalia\",\"https:\/\/x.com\/PressenzaIPA\"]},{\"@type\":\"Person\",\"@id\":\"https:\/\/www.pressenza.com\/es\/#\/schema\/person\/f353f6d4eed144101dedba60e6227564\",\"name\":\"Javier Tolcachier\",\"description\":\"Javier Tolcachier is a researcher from the World Centre of Humanist Studies, an organism of the Humanist Movement. Mail: javiertolcachier@disroot.org Twitter: @jtolcachier\",\"sameAs\":[\"https:\/\/www.facebook.com\/javier.tolcachier?fref=ts\",\"https:\/\/x.com\/jtolcachier\"],\"url\":\"https:\/\/www.pressenza.com\/es\/author\/javier-tolcachier\/\"}]}<\/script>\n<!-- \/ Yoast SEO plugin. -->","yoast_head_json":{"title":"Pese a la suspensi\u00f3n oficial en el Mercosur, dio inicio la Cumbre de los Pueblos en Mendoza","description":"En la Facultad de Arte y Dise\u00f1o de la Universidad Nacional de Cuyo, Mendoza, iniciaron las actividades de la Cumbre de los Pueblos. Esta cumbre tiene como","robots":{"index":"index","follow":"follow","max-snippet":"max-snippet:-1","max-image-preview":"max-image-preview:large","max-video-preview":"max-video-preview:-1"},"canonical":"https:\/\/www.pressenza.com\/es\/2017\/07\/pese-la-suspension-oficial-en-el-mercosur-dio-inicio-la-cumbre-de-los-pueblos-en-mendoza\/","og_locale":"es_ES","og_type":"article","og_title":"Pese a la suspensi\u00f3n oficial en el Mercosur, dio inicio la Cumbre de los Pueblos en Mendoza","og_description":"En la Facultad de Arte y Dise\u00f1o de la Universidad Nacional de Cuyo, Mendoza, iniciaron las actividades de la Cumbre de los Pueblos. Esta cumbre tiene como","og_url":"https:\/\/www.pressenza.com\/es\/2017\/07\/pese-la-suspension-oficial-en-el-mercosur-dio-inicio-la-cumbre-de-los-pueblos-en-mendoza\/","og_site_name":"Pressenza","article_publisher":"https:\/\/www.facebook.com\/PressenzaItalia","article_author":"https:\/\/www.facebook.com\/javier.tolcachier?fref=ts","article_published_time":"2017-07-20T18:36:56+00:00","article_modified_time":"2017-07-20T18:49:32+00:00","og_image":[{"width":1280,"height":720,"url":"https:\/\/www.pressenza.com\/wp-content\/uploads\/2017\/07\/cumbre-pueblos-mza.jpg","type":"image\/jpeg"}],"author":"Javier Tolcachier","twitter_card":"summary_large_image","twitter_creator":"@jtolcachier","twitter_site":"@PressenzaIPA","twitter_misc":{"Escrito por":"Javier Tolcachier","Tiempo de lectura":"3 minutos"},"schema":{"@context":"https:\/\/schema.org","@graph":[{"@type":"Article","@id":"https:\/\/www.pressenza.com\/es\/2017\/07\/pese-la-suspension-oficial-en-el-mercosur-dio-inicio-la-cumbre-de-los-pueblos-en-mendoza\/#article","isPartOf":{"@id":"https:\/\/www.pressenza.com\/es\/2017\/07\/pese-la-suspension-oficial-en-el-mercosur-dio-inicio-la-cumbre-de-los-pueblos-en-mendoza\/"},"author":{"name":"Javier Tolcachier","@id":"https:\/\/www.pressenza.com\/es\/#\/schema\/person\/f353f6d4eed144101dedba60e6227564"},"headline":"Pese a la suspensi\u00f3n oficial en el Mercosur, dio inicio la Cumbre de los Pueblos en Mendoza","datePublished":"2017-07-20T18:36:56+00:00","dateModified":"2017-07-20T18:49:32+00:00","mainEntityOfPage":{"@id":"https:\/\/www.pressenza.com\/es\/2017\/07\/pese-la-suspension-oficial-en-el-mercosur-dio-inicio-la-cumbre-de-los-pueblos-en-mendoza\/"},"wordCount":669,"publisher":{"@id":"https:\/\/www.pressenza.com\/es\/#organization"},"image":{"@id":"https:\/\/www.pressenza.com\/es\/2017\/07\/pese-la-suspension-oficial-en-el-mercosur-dio-inicio-la-cumbre-de-los-pueblos-en-mendoza\/#primaryimage"},"thumbnailUrl":"https:\/\/www.pressenza.com\/wp-content\/uploads\/2017\/07\/cumbre-pueblos-mza.jpg","keywords":["Cumbre de los Pueblos","Mendoza","MERCOSUR","Movimientos populares","Organizaciones sociales"],"articleSection":["Asuntos internacionales","Derechos Humanos","Pol\u00edtica"],"inLanguage":"es"},{"@type":"WebPage","@id":"https:\/\/www.pressenza.com\/es\/2017\/07\/pese-la-suspension-oficial-en-el-mercosur-dio-inicio-la-cumbre-de-los-pueblos-en-mendoza\/","url":"https:\/\/www.pressenza.com\/es\/2017\/07\/pese-la-suspension-oficial-en-el-mercosur-dio-inicio-la-cumbre-de-los-pueblos-en-mendoza\/","name":"Pese a la suspensi\u00f3n oficial en el Mercosur, dio inicio la Cumbre de los Pueblos en Mendoza","isPartOf":{"@id":"https:\/\/www.pressenza.com\/es\/#website"},"primaryImageOfPage":{"@id":"https:\/\/www.pressenza.com\/es\/2017\/07\/pese-la-suspension-oficial-en-el-mercosur-dio-inicio-la-cumbre-de-los-pueblos-en-mendoza\/#primaryimage"},"image":{"@id":"https:\/\/www.pressenza.com\/es\/2017\/07\/pese-la-suspension-oficial-en-el-mercosur-dio-inicio-la-cumbre-de-los-pueblos-en-mendoza\/#primaryimage"},"thumbnailUrl":"https:\/\/www.pressenza.com\/wp-content\/uploads\/2017\/07\/cumbre-pueblos-mza.jpg","datePublished":"2017-07-20T18:36:56+00:00","dateModified":"2017-07-20T18:49:32+00:00","description":"En la Facultad de Arte y Dise\u00f1o de la Universidad Nacional de Cuyo, Mendoza, iniciaron las actividades de la Cumbre de los Pueblos. Esta cumbre tiene como","breadcrumb":{"@id":"https:\/\/www.pressenza.com\/es\/2017\/07\/pese-la-suspension-oficial-en-el-mercosur-dio-inicio-la-cumbre-de-los-pueblos-en-mendoza\/#breadcrumb"},"inLanguage":"es","potentialAction":[{"@type":"ReadAction","target":["https:\/\/www.pressenza.com\/es\/2017\/07\/pese-la-suspension-oficial-en-el-mercosur-dio-inicio-la-cumbre-de-los-pueblos-en-mendoza\/"]}]},{"@type":"ImageObject","inLanguage":"es","@id":"https:\/\/www.pressenza.com\/es\/2017\/07\/pese-la-suspension-oficial-en-el-mercosur-dio-inicio-la-cumbre-de-los-pueblos-en-mendoza\/#primaryimage","url":"https:\/\/www.pressenza.com\/wp-content\/uploads\/2017\/07\/cumbre-pueblos-mza.jpg","contentUrl":"https:\/\/www.pressenza.com\/wp-content\/uploads\/2017\/07\/cumbre-pueblos-mza.jpg","width":1280,"height":720},{"@type":"BreadcrumbList","@id":"https:\/\/www.pressenza.com\/es\/2017\/07\/pese-la-suspension-oficial-en-el-mercosur-dio-inicio-la-cumbre-de-los-pueblos-en-mendoza\/#breadcrumb","itemListElement":[{"@type":"ListItem","position":1,"name":"Accueil","item":"https:\/\/www.pressenza.com\/es\/"},{"@type":"ListItem","position":2,"name":"Pese a la suspensi\u00f3n oficial en el Mercosur, dio inicio la Cumbre de los Pueblos en Mendoza"}]},{"@type":"WebSite","@id":"https:\/\/www.pressenza.com\/es\/#website","url":"https:\/\/www.pressenza.com\/es\/","name":"Pressenza","description":"International Press Agency","publisher":{"@id":"https:\/\/www.pressenza.com\/es\/#organization"},"potentialAction":[{"@type":"SearchAction","target":{"@type":"EntryPoint","urlTemplate":"https:\/\/www.pressenza.com\/es\/?s={search_term_string}"},"query-input":{"@type":"PropertyValueSpecification","valueRequired":true,"valueName":"search_term_string"}}],"inLanguage":"es"},{"@type":"Organization","@id":"https:\/\/www.pressenza.com\/es\/#organization","name":"Pressenza","url":"https:\/\/www.pressenza.com\/es\/","logo":{"@type":"ImageObject","inLanguage":"es","@id":"https:\/\/www.pressenza.com\/es\/#\/schema\/logo\/image\/","url":"https:\/\/www.pressenza.com\/wp-content\/uploads\/2022\/10\/pressenza_logo_200x200.jpg","contentUrl":"https:\/\/www.pressenza.com\/wp-content\/uploads\/2022\/10\/pressenza_logo_200x200.jpg","width":200,"height":200,"caption":"Pressenza"},"image":{"@id":"https:\/\/www.pressenza.com\/es\/#\/schema\/logo\/image\/"},"sameAs":["https:\/\/www.facebook.com\/PressenzaItalia","https:\/\/x.com\/PressenzaIPA"]},{"@type":"Person","@id":"https:\/\/www.pressenza.com\/es\/#\/schema\/person\/f353f6d4eed144101dedba60e6227564","name":"Javier Tolcachier","description":"Javier Tolcachier is a researcher from the World Centre of Humanist Studies, an organism of the Humanist Movement. Mail: javiertolcachier@disroot.org Twitter: @jtolcachier","sameAs":["https:\/\/www.facebook.com\/javier.tolcachier?fref=ts","https:\/\/x.com\/jtolcachier"],"url":"https:\/\/www.pressenza.com\/es\/author\/javier-tolcachier\/"}]}},"place":"","original_article_url":"","_links":{"self":[{"href":"https:\/\/www.pressenza.com\/es\/wp-json\/wp\/v2\/posts\/493572","targetHints":{"allow":["GET"]}}],"collection":[{"href":"https:\/\/www.pressenza.com\/es\/wp-json\/wp\/v2\/posts"}],"about":[{"href":"https:\/\/www.pressenza.com\/es\/wp-json\/wp\/v2\/types\/post"}],"author":[{"embeddable":true,"href":"https:\/\/www.pressenza.com\/es\/wp-json\/wp\/v2\/users\/970"}],"replies":[{"embeddable":true,"href":"https:\/\/www.pressenza.com\/es\/wp-json\/wp\/v2\/comments?post=493572"}],"version-history":[{"count":0,"href":"https:\/\/www.pressenza.com\/es\/wp-json\/wp\/v2\/posts\/493572\/revisions"}],"wp:featuredmedia":[{"embeddable":true,"href":"https:\/\/www.pressenza.com\/es\/wp-json\/wp\/v2\/media\/493631"}],"wp:attachment":[{"href":"https:\/\/www.pressenza.com\/es\/wp-json\/wp\/v2\/media?parent=493572"}],"wp:term":[{"taxonomy":"category","embeddable":true,"href":"https:\/\/www.pressenza.com\/es\/wp-json\/wp\/v2\/categories?post=493572"},{"taxonomy":"post_tag","embeddable":true,"href":"https:\/\/www.pressenza.com\/es\/wp-json\/wp\/v2\/tags?post=493572"}],"curies":[{"name":"wp","href":"https:\/\/api.w.org\/{rel}","templated":true}]}}