{"id":493519,"date":"2017-07-20T16:12:13","date_gmt":"2017-07-20T15:12:13","guid":{"rendered":"https:\/\/www.pressenza.com\/?p=493519\/"},"modified":"2017-07-20T16:12:13","modified_gmt":"2017-07-20T15:12:13","slug":"cumbre-los-pueblos-presidida-nelida-rojas-milagro-sala","status":"publish","type":"post","link":"https:\/\/www.pressenza.com\/es\/2017\/07\/cumbre-los-pueblos-presidida-nelida-rojas-milagro-sala\/","title":{"rendered":"Cumbre de los pueblos es presidida por N\u00e9lida Rojas y Milagro Sala"},"content":{"rendered":"<p>Desde la Cumbre de los Pueblos en Mendoza, el corresponsal de Pressenza, Carlos Buj, consulta a \u00a0la activista social, Claudia Fern\u00e1ndez por qu\u00e9 las dos referentes de la Tupac Amaru son las presidentas de honor de la Cumbre.<\/p>\n<!--[if lt IE 9]><script>document.createElement('audio');<\/script><![endif]-->\n<audio class=\"wp-audio-shortcode\" id=\"audio-493519-1\" preload=\"none\" style=\"width: 100%;\" controls=\"controls\"><source type=\"audio\/mpeg\" src=\"https:\/\/www.pressenza.com\/wp-content\/uploads\/2017\/07\/AUD-20170720-WA0000.mp3?_=1\" \/><a href=\"https:\/\/www.pressenza.com\/wp-content\/uploads\/2017\/07\/AUD-20170720-WA0000.mp3\">https:\/\/www.pressenza.com\/wp-content\/uploads\/2017\/07\/AUD-20170720-WA0000.mp3<\/a><\/audio>\n","protected":false},"excerpt":{"rendered":"<p>Desde la Cumbre de los Pueblos en Mendoza, el corresponsal de Pressenza, Carlos Buj, consulta a \u00a0la activista social, Claudia Fern\u00e1ndez por qu\u00e9 las dos referentes de la Tupac Amaru son las presidentas de honor de la Cumbre.<\/p>\n","protected":false},"author":1030,"featured_media":493529,"comment_status":"closed","ping_status":"closed","sticky":false,"template":"","format":"standard","meta":{"footnotes":""},"categories":[76,11389,155,74,22754,67],"tags":[26,28070,2611,1300,1266,1096],"class_list":["post-493519","post","type-post","status-publish","format-standard","has-post-thumbnail","hentry","category-relaciones-exteriores","category-contenido-original","category-entrevistas","category-politica-es","category-radio-es","category-sudamerica","tag-argentina","tag-comite-por-la-libertad-de-milagro-sala","tag-cumbre-de-los-pueblos","tag-mercosur","tag-milagro-sala","tag-tupac-amaru"],"yoast_head":"<!-- This site is optimized with the Yoast SEO plugin v27.1.1 - https:\/\/yoast.com\/product\/yoast-seo-wordpress\/ -->\n<title>Cumbre de los pueblos es presidida por N\u00e9lida Rojas y Milagro Sala<\/title>\n<meta name=\"description\" content=\"Desde la Cumbre de los Pueblos en Mendoza, el corresponsal de Pressenza, Carlos Buj, consulta a \u00a0la activista social, Claudia Fern\u00e1ndez por qu\u00e9 las dos\" \/>\n<meta name=\"robots\" content=\"index, follow, max-snippet:-1, max-image-preview:large, max-video-preview:-1\" \/>\n<link rel=\"canonical\" href=\"https:\/\/www.pressenza.com\/es\/2017\/07\/cumbre-los-pueblos-presidida-nelida-rojas-milagro-sala\/\" \/>\n<meta property=\"og:locale\" content=\"es_ES\" \/>\n<meta property=\"og:type\" content=\"article\" \/>\n<meta property=\"og:title\" content=\"Cumbre de los pueblos es presidida por N\u00e9lida Rojas y Milagro Sala\" \/>\n<meta property=\"og:description\" content=\"Desde la Cumbre de los Pueblos en Mendoza, el corresponsal de Pressenza, Carlos Buj, consulta a \u00a0la activista social, Claudia Fern\u00e1ndez por qu\u00e9 las dos\" \/>\n<meta property=\"og:url\" content=\"https:\/\/www.pressenza.com\/es\/2017\/07\/cumbre-los-pueblos-presidida-nelida-rojas-milagro-sala\/\" \/>\n<meta property=\"og:site_name\" content=\"Pressenza\" \/>\n<meta property=\"article:publisher\" content=\"https:\/\/www.facebook.com\/PressenzaItalia\" \/>\n<meta property=\"article:published_time\" content=\"2017-07-20T15:12:13+00:00\" \/>\n<meta property=\"og:image\" content=\"https:\/\/www.pressenza.com\/wp-content\/uploads\/2017\/07\/cumbre-pueblos-sala.png\" \/>\n\t<meta property=\"og:image:width\" content=\"1355\" \/>\n\t<meta property=\"og:image:height\" content=\"695\" \/>\n\t<meta property=\"og:image:type\" content=\"image\/png\" \/>\n<meta name=\"author\" content=\"Carlos Buj\" \/>\n<meta name=\"twitter:card\" content=\"summary_large_image\" \/>\n<meta name=\"twitter:creator\" content=\"@PressenzaIPA\" \/>\n<meta name=\"twitter:site\" content=\"@PressenzaIPA\" \/>\n<meta name=\"twitter:label1\" content=\"Escrito por\" \/>\n\t<meta name=\"twitter:data1\" content=\"Carlos Buj\" \/>\n<script type=\"application\/ld+json\" class=\"yoast-schema-graph\">{\"@context\":\"https:\/\/schema.org\",\"@graph\":[{\"@type\":\"Article\",\"@id\":\"https:\/\/www.pressenza.com\/es\/2017\/07\/cumbre-los-pueblos-presidida-nelida-rojas-milagro-sala\/#article\",\"isPartOf\":{\"@id\":\"https:\/\/www.pressenza.com\/es\/2017\/07\/cumbre-los-pueblos-presidida-nelida-rojas-milagro-sala\/\"},\"author\":{\"name\":\"Carlos Buj\",\"@id\":\"https:\/\/www.pressenza.com\/es\/#\/schema\/person\/0545d1d02adaf3dd00b0110e2f9433ba\"},\"headline\":\"Cumbre de los pueblos es presidida por N\u00e9lida Rojas y Milagro Sala\",\"datePublished\":\"2017-07-20T15:12:13+00:00\",\"mainEntityOfPage\":{\"@id\":\"https:\/\/www.pressenza.com\/es\/2017\/07\/cumbre-los-pueblos-presidida-nelida-rojas-milagro-sala\/\"},\"wordCount\":64,\"publisher\":{\"@id\":\"https:\/\/www.pressenza.com\/es\/#organization\"},\"image\":{\"@id\":\"https:\/\/www.pressenza.com\/es\/2017\/07\/cumbre-los-pueblos-presidida-nelida-rojas-milagro-sala\/#primaryimage\"},\"thumbnailUrl\":\"https:\/\/www.pressenza.com\/wp-content\/uploads\/2017\/07\/cumbre-pueblos-sala.png\",\"keywords\":[\"Argentina\",\"Comit\u00e9 por la libertad de MIlagro Sala\",\"Cumbre de los Pueblos\",\"MERCOSUR\",\"Milagro Sala\",\"Tupac Amaru\"],\"articleSection\":[\"Asuntos internacionales\",\"Contenido Original\",\"Entrevistas\",\"Pol\u00edtica\",\"Radio\",\"Sudam\u00e9rica\"],\"inLanguage\":\"es\"},{\"@type\":\"WebPage\",\"@id\":\"https:\/\/www.pressenza.com\/es\/2017\/07\/cumbre-los-pueblos-presidida-nelida-rojas-milagro-sala\/\",\"url\":\"https:\/\/www.pressenza.com\/es\/2017\/07\/cumbre-los-pueblos-presidida-nelida-rojas-milagro-sala\/\",\"name\":\"Cumbre de los pueblos es presidida por N\u00e9lida Rojas y Milagro Sala\",\"isPartOf\":{\"@id\":\"https:\/\/www.pressenza.com\/es\/#website\"},\"primaryImageOfPage\":{\"@id\":\"https:\/\/www.pressenza.com\/es\/2017\/07\/cumbre-los-pueblos-presidida-nelida-rojas-milagro-sala\/#primaryimage\"},\"image\":{\"@id\":\"https:\/\/www.pressenza.com\/es\/2017\/07\/cumbre-los-pueblos-presidida-nelida-rojas-milagro-sala\/#primaryimage\"},\"thumbnailUrl\":\"https:\/\/www.pressenza.com\/wp-content\/uploads\/2017\/07\/cumbre-pueblos-sala.png\",\"datePublished\":\"2017-07-20T15:12:13+00:00\",\"description\":\"Desde la Cumbre de los Pueblos en Mendoza, el corresponsal de Pressenza, Carlos Buj, consulta a \u00a0la activista social, Claudia Fern\u00e1ndez por qu\u00e9 las dos\",\"breadcrumb\":{\"@id\":\"https:\/\/www.pressenza.com\/es\/2017\/07\/cumbre-los-pueblos-presidida-nelida-rojas-milagro-sala\/#breadcrumb\"},\"inLanguage\":\"es\",\"potentialAction\":[{\"@type\":\"ReadAction\",\"target\":[\"https:\/\/www.pressenza.com\/es\/2017\/07\/cumbre-los-pueblos-presidida-nelida-rojas-milagro-sala\/\"]}]},{\"@type\":\"ImageObject\",\"inLanguage\":\"es\",\"@id\":\"https:\/\/www.pressenza.com\/es\/2017\/07\/cumbre-los-pueblos-presidida-nelida-rojas-milagro-sala\/#primaryimage\",\"url\":\"https:\/\/www.pressenza.com\/wp-content\/uploads\/2017\/07\/cumbre-pueblos-sala.png\",\"contentUrl\":\"https:\/\/www.pressenza.com\/wp-content\/uploads\/2017\/07\/cumbre-pueblos-sala.png\",\"width\":1355,\"height\":695},{\"@type\":\"BreadcrumbList\",\"@id\":\"https:\/\/www.pressenza.com\/es\/2017\/07\/cumbre-los-pueblos-presidida-nelida-rojas-milagro-sala\/#breadcrumb\",\"itemListElement\":[{\"@type\":\"ListItem\",\"position\":1,\"name\":\"Accueil\",\"item\":\"https:\/\/www.pressenza.com\/es\/\"},{\"@type\":\"ListItem\",\"position\":2,\"name\":\"Cumbre de los pueblos es presidida por N\u00e9lida Rojas y Milagro Sala\"}]},{\"@type\":\"WebSite\",\"@id\":\"https:\/\/www.pressenza.com\/es\/#website\",\"url\":\"https:\/\/www.pressenza.com\/es\/\",\"name\":\"Pressenza\",\"description\":\"International Press Agency\",\"publisher\":{\"@id\":\"https:\/\/www.pressenza.com\/es\/#organization\"},\"potentialAction\":[{\"@type\":\"SearchAction\",\"target\":{\"@type\":\"EntryPoint\",\"urlTemplate\":\"https:\/\/www.pressenza.com\/es\/?s={search_term_string}\"},\"query-input\":{\"@type\":\"PropertyValueSpecification\",\"valueRequired\":true,\"valueName\":\"search_term_string\"}}],\"inLanguage\":\"es\"},{\"@type\":\"Organization\",\"@id\":\"https:\/\/www.pressenza.com\/es\/#organization\",\"name\":\"Pressenza\",\"url\":\"https:\/\/www.pressenza.com\/es\/\",\"logo\":{\"@type\":\"ImageObject\",\"inLanguage\":\"es\",\"@id\":\"https:\/\/www.pressenza.com\/es\/#\/schema\/logo\/image\/\",\"url\":\"https:\/\/www.pressenza.com\/wp-content\/uploads\/2022\/10\/pressenza_logo_200x200.jpg\",\"contentUrl\":\"https:\/\/www.pressenza.com\/wp-content\/uploads\/2022\/10\/pressenza_logo_200x200.jpg\",\"width\":200,\"height\":200,\"caption\":\"Pressenza\"},\"image\":{\"@id\":\"https:\/\/www.pressenza.com\/es\/#\/schema\/logo\/image\/\"},\"sameAs\":[\"https:\/\/www.facebook.com\/PressenzaItalia\",\"https:\/\/x.com\/PressenzaIPA\"]},{\"@type\":\"Person\",\"@id\":\"https:\/\/www.pressenza.com\/es\/#\/schema\/person\/0545d1d02adaf3dd00b0110e2f9433ba\",\"name\":\"Carlos Buj\",\"description\":\"Militante activo de la Doctrina del Nuevo Humanismo. Licenciado en Ciencias Pol\u00edticas. T\u00e9cnico en Mediaci\u00f3n del Conflicto Familiar y Comunitario. Capacitador en la formaci\u00f3n de Consejos por la No Violencia\",\"url\":\"https:\/\/www.pressenza.com\/es\/author\/carlos-buj\/\"}]}<\/script>\n<!-- \/ Yoast SEO plugin. -->","yoast_head_json":{"title":"Cumbre de los pueblos es presidida por N\u00e9lida Rojas y Milagro Sala","description":"Desde la Cumbre de los Pueblos en Mendoza, el corresponsal de Pressenza, Carlos Buj, consulta a \u00a0la activista social, Claudia Fern\u00e1ndez por qu\u00e9 las dos","robots":{"index":"index","follow":"follow","max-snippet":"max-snippet:-1","max-image-preview":"max-image-preview:large","max-video-preview":"max-video-preview:-1"},"canonical":"https:\/\/www.pressenza.com\/es\/2017\/07\/cumbre-los-pueblos-presidida-nelida-rojas-milagro-sala\/","og_locale":"es_ES","og_type":"article","og_title":"Cumbre de los pueblos es presidida por N\u00e9lida Rojas y Milagro Sala","og_description":"Desde la Cumbre de los Pueblos en Mendoza, el corresponsal de Pressenza, Carlos Buj, consulta a \u00a0la activista social, Claudia Fern\u00e1ndez por qu\u00e9 las dos","og_url":"https:\/\/www.pressenza.com\/es\/2017\/07\/cumbre-los-pueblos-presidida-nelida-rojas-milagro-sala\/","og_site_name":"Pressenza","article_publisher":"https:\/\/www.facebook.com\/PressenzaItalia","article_published_time":"2017-07-20T15:12:13+00:00","og_image":[{"width":1355,"height":695,"url":"https:\/\/www.pressenza.com\/wp-content\/uploads\/2017\/07\/cumbre-pueblos-sala.png","type":"image\/png"}],"author":"Carlos Buj","twitter_card":"summary_large_image","twitter_creator":"@PressenzaIPA","twitter_site":"@PressenzaIPA","twitter_misc":{"Escrito por":"Carlos Buj"},"schema":{"@context":"https:\/\/schema.org","@graph":[{"@type":"Article","@id":"https:\/\/www.pressenza.com\/es\/2017\/07\/cumbre-los-pueblos-presidida-nelida-rojas-milagro-sala\/#article","isPartOf":{"@id":"https:\/\/www.pressenza.com\/es\/2017\/07\/cumbre-los-pueblos-presidida-nelida-rojas-milagro-sala\/"},"author":{"name":"Carlos Buj","@id":"https:\/\/www.pressenza.com\/es\/#\/schema\/person\/0545d1d02adaf3dd00b0110e2f9433ba"},"headline":"Cumbre de los pueblos es presidida por N\u00e9lida Rojas y Milagro Sala","datePublished":"2017-07-20T15:12:13+00:00","mainEntityOfPage":{"@id":"https:\/\/www.pressenza.com\/es\/2017\/07\/cumbre-los-pueblos-presidida-nelida-rojas-milagro-sala\/"},"wordCount":64,"publisher":{"@id":"https:\/\/www.pressenza.com\/es\/#organization"},"image":{"@id":"https:\/\/www.pressenza.com\/es\/2017\/07\/cumbre-los-pueblos-presidida-nelida-rojas-milagro-sala\/#primaryimage"},"thumbnailUrl":"https:\/\/www.pressenza.com\/wp-content\/uploads\/2017\/07\/cumbre-pueblos-sala.png","keywords":["Argentina","Comit\u00e9 por la libertad de MIlagro Sala","Cumbre de los Pueblos","MERCOSUR","Milagro Sala","Tupac Amaru"],"articleSection":["Asuntos internacionales","Contenido Original","Entrevistas","Pol\u00edtica","Radio","Sudam\u00e9rica"],"inLanguage":"es"},{"@type":"WebPage","@id":"https:\/\/www.pressenza.com\/es\/2017\/07\/cumbre-los-pueblos-presidida-nelida-rojas-milagro-sala\/","url":"https:\/\/www.pressenza.com\/es\/2017\/07\/cumbre-los-pueblos-presidida-nelida-rojas-milagro-sala\/","name":"Cumbre de los pueblos es presidida por N\u00e9lida Rojas y Milagro Sala","isPartOf":{"@id":"https:\/\/www.pressenza.com\/es\/#website"},"primaryImageOfPage":{"@id":"https:\/\/www.pressenza.com\/es\/2017\/07\/cumbre-los-pueblos-presidida-nelida-rojas-milagro-sala\/#primaryimage"},"image":{"@id":"https:\/\/www.pressenza.com\/es\/2017\/07\/cumbre-los-pueblos-presidida-nelida-rojas-milagro-sala\/#primaryimage"},"thumbnailUrl":"https:\/\/www.pressenza.com\/wp-content\/uploads\/2017\/07\/cumbre-pueblos-sala.png","datePublished":"2017-07-20T15:12:13+00:00","description":"Desde la Cumbre de los Pueblos en Mendoza, el corresponsal de Pressenza, Carlos Buj, consulta a \u00a0la activista social, Claudia Fern\u00e1ndez por qu\u00e9 las dos","breadcrumb":{"@id":"https:\/\/www.pressenza.com\/es\/2017\/07\/cumbre-los-pueblos-presidida-nelida-rojas-milagro-sala\/#breadcrumb"},"inLanguage":"es","potentialAction":[{"@type":"ReadAction","target":["https:\/\/www.pressenza.com\/es\/2017\/07\/cumbre-los-pueblos-presidida-nelida-rojas-milagro-sala\/"]}]},{"@type":"ImageObject","inLanguage":"es","@id":"https:\/\/www.pressenza.com\/es\/2017\/07\/cumbre-los-pueblos-presidida-nelida-rojas-milagro-sala\/#primaryimage","url":"https:\/\/www.pressenza.com\/wp-content\/uploads\/2017\/07\/cumbre-pueblos-sala.png","contentUrl":"https:\/\/www.pressenza.com\/wp-content\/uploads\/2017\/07\/cumbre-pueblos-sala.png","width":1355,"height":695},{"@type":"BreadcrumbList","@id":"https:\/\/www.pressenza.com\/es\/2017\/07\/cumbre-los-pueblos-presidida-nelida-rojas-milagro-sala\/#breadcrumb","itemListElement":[{"@type":"ListItem","position":1,"name":"Accueil","item":"https:\/\/www.pressenza.com\/es\/"},{"@type":"ListItem","position":2,"name":"Cumbre de los pueblos es presidida por N\u00e9lida Rojas y Milagro Sala"}]},{"@type":"WebSite","@id":"https:\/\/www.pressenza.com\/es\/#website","url":"https:\/\/www.pressenza.com\/es\/","name":"Pressenza","description":"International Press Agency","publisher":{"@id":"https:\/\/www.pressenza.com\/es\/#organization"},"potentialAction":[{"@type":"SearchAction","target":{"@type":"EntryPoint","urlTemplate":"https:\/\/www.pressenza.com\/es\/?s={search_term_string}"},"query-input":{"@type":"PropertyValueSpecification","valueRequired":true,"valueName":"search_term_string"}}],"inLanguage":"es"},{"@type":"Organization","@id":"https:\/\/www.pressenza.com\/es\/#organization","name":"Pressenza","url":"https:\/\/www.pressenza.com\/es\/","logo":{"@type":"ImageObject","inLanguage":"es","@id":"https:\/\/www.pressenza.com\/es\/#\/schema\/logo\/image\/","url":"https:\/\/www.pressenza.com\/wp-content\/uploads\/2022\/10\/pressenza_logo_200x200.jpg","contentUrl":"https:\/\/www.pressenza.com\/wp-content\/uploads\/2022\/10\/pressenza_logo_200x200.jpg","width":200,"height":200,"caption":"Pressenza"},"image":{"@id":"https:\/\/www.pressenza.com\/es\/#\/schema\/logo\/image\/"},"sameAs":["https:\/\/www.facebook.com\/PressenzaItalia","https:\/\/x.com\/PressenzaIPA"]},{"@type":"Person","@id":"https:\/\/www.pressenza.com\/es\/#\/schema\/person\/0545d1d02adaf3dd00b0110e2f9433ba","name":"Carlos Buj","description":"Militante activo de la Doctrina del Nuevo Humanismo. Licenciado en Ciencias Pol\u00edticas. T\u00e9cnico en Mediaci\u00f3n del Conflicto Familiar y Comunitario. Capacitador en la formaci\u00f3n de Consejos por la No Violencia","url":"https:\/\/www.pressenza.com\/es\/author\/carlos-buj\/"}]}},"place":"Mendoza, Argentina","original_article_url":"","_links":{"self":[{"href":"https:\/\/www.pressenza.com\/es\/wp-json\/wp\/v2\/posts\/493519","targetHints":{"allow":["GET"]}}],"collection":[{"href":"https:\/\/www.pressenza.com\/es\/wp-json\/wp\/v2\/posts"}],"about":[{"href":"https:\/\/www.pressenza.com\/es\/wp-json\/wp\/v2\/types\/post"}],"author":[{"embeddable":true,"href":"https:\/\/www.pressenza.com\/es\/wp-json\/wp\/v2\/users\/1030"}],"replies":[{"embeddable":true,"href":"https:\/\/www.pressenza.com\/es\/wp-json\/wp\/v2\/comments?post=493519"}],"version-history":[{"count":0,"href":"https:\/\/www.pressenza.com\/es\/wp-json\/wp\/v2\/posts\/493519\/revisions"}],"wp:featuredmedia":[{"embeddable":true,"href":"https:\/\/www.pressenza.com\/es\/wp-json\/wp\/v2\/media\/493529"}],"wp:attachment":[{"href":"https:\/\/www.pressenza.com\/es\/wp-json\/wp\/v2\/media?parent=493519"}],"wp:term":[{"taxonomy":"category","embeddable":true,"href":"https:\/\/www.pressenza.com\/es\/wp-json\/wp\/v2\/categories?post=493519"},{"taxonomy":"post_tag","embeddable":true,"href":"https:\/\/www.pressenza.com\/es\/wp-json\/wp\/v2\/tags?post=493519"}],"curies":[{"name":"wp","href":"https:\/\/api.w.org\/{rel}","templated":true}]}}