{"id":492031,"date":"2017-07-16T15:02:35","date_gmt":"2017-07-16T14:02:35","guid":{"rendered":"https:\/\/www.pressenza.com\/?p=492031\/"},"modified":"2017-07-16T15:02:35","modified_gmt":"2017-07-16T14:02:35","slug":"chile-contexto-historico-del-general-humberto-oviedo","status":"publish","type":"post","link":"https:\/\/www.pressenza.com\/es\/2017\/07\/chile-contexto-historico-del-general-humberto-oviedo\/","title":{"rendered":"Chile: El contexto hist\u00f3rico del General Humberto Oviedo"},"content":{"rendered":"<p>Por <a title=\"Entradas de Roberto Pizarro\" href=\"http:\/\/www.eldesconcierto.cl\/author\/roberto-pizarro\/\" rel=\"author\">Roberto Pizarro<\/a><\/p>\n<p>El pasado domingo 9 de julio, en el acto de juramento a la bandera, el Comandante en Jefe del Ej\u00e9rcito, Humberto Oviedo, apel\u00f3 al \u201ccontexto hist\u00f3rico\u201d para justificar la violaci\u00f3n de derechos humanos por uniformados, durante la dictadura de Pinochet. Se\u00f1al\u00f3 que existe incomprensi\u00f3n de los civiles cuando no se analiza \u201c\u2026la situaci\u00f3n concreta ni el contexto hist\u00f3rico y pol\u00edtico en que tuvieron lugar\u201d. El General Oviedo hizo especial referencia a la situaci\u00f3n, \u201cangustiante y dolorosa\u201d, de varios militares procesados que, en su momento, \u201cse vieron obligados a acatar \u00f3rdenes\u201c.<\/p>\n<p>Al t\u00e9rmino del acto, el Ministro de Defensa, Jose Antonio G\u00f3mez, respald\u00f3 la tesis de Oviedo se\u00f1alando que, en algunos casos, hubo militares que se vieron obligados a cometer delitos de lesa humanidad porque de otro modo pon\u00edan su vida en peligro. Cuando el Ministro G\u00f3mez nos hab\u00eda convencido que hab\u00eda sido capturado por el s\u00edndrome de Estocolmo, lo visitaron los familiares de los detenidos desaparecidos para representarles su molestia. Gracias a ello rectific\u00f3 sus dichos y sostuvo que no existe contexto hist\u00f3rico que permita violar derechos humanos.<\/p>\n<p>La sorprendente tesis del Comandante en Jefe no se sostiene. Lo que denomina \u201cel contexto hist\u00f3rico y pol\u00edtico\u201d no es m\u00e1s que la instalaci\u00f3n por las armas de una dictadura militar, que destruy\u00f3 el sistema democr\u00e1tico vigente en nuestro pa\u00eds. Por tanto, en la visi\u00f3n de Oviedo, el bombardeo de La Moneda, el cierre del Congreso, los asesinatos, la tortura y los detenidos desaparecidos habr\u00edan sido necesarios para terminar con el \u201ccontexto\u201d que signific\u00f3 la Unidad Popular. Sorprendente. .\u00a1Y es el Comandante en jefe del ej\u00e9rcito que tiene nuestro pa\u00eds!<\/p>\n<p>Tambi\u00e9n se puede desprender de las palabras de Oviedo que ese mismo sistema represivo, que impulsaron los uniformados, se justificaba para defender el \u201cnuevo contexto\u201d econ\u00f3mico y pol\u00edtico instalado por la oligarqu\u00eda, los economistas de Chicago y los militares. Por tanto, el argumento de Oviedo constituye una justificaci\u00f3n de la violaci\u00f3n de los derechos humanos para defender un sistema econ\u00f3mico y un r\u00e9gimen pol\u00edtico que no eligi\u00f3 la ciudadan\u00eda.<\/p>\n<p>El argumento del \u201ccontexto hist\u00f3rico\u201d para proteger a los responsables de delitos de DD.HH es muy fr\u00e1gil. Conduce inevitablemente a justificar el holocausto jud\u00edo que dise\u00f1o el r\u00e9gimen nazi o las purgas estalinistas en el \u201ccontexto hist\u00f3rico\u201d de la \u00e9poca. En efecto, el intento de aniquilar al pueblo jud\u00edo se explica en el \u201ccontexto\u201d del proyecto nazi de purificar la raza. Por su parte, los asesinatos de Stalin se explican en el \u201ccontexto\u201d de la defensa del r\u00e9gimen pol\u00edtico comunista. En definitiva, el argumento de Oviedo sirve para justificar cualquier cosa y muy especialmente los delitos de lesa humanidad.<\/p>\n<p>Por otra parte, se puede desprender de la argumentaci\u00f3n de Oviedo que la defensa del \u201ccontexto militar-olig\u00e1rquico\u201d exige a toda la casta militar a cumplir con las tareas represivas, desde el General en Jefe hasta el soldado raso. Es el concepto de la Obediencia Debida, mediante el cual se salva la responsabilidad de los delitos cometidos por quienes reciben \u00f3rdenes de autoridades superiores.<\/p>\n<p>Pero el jefe militar se equivoca porque la legislaci\u00f3n internacional, y muchas nacionales, \u00a0dicen exactamente lo contrario. En efecto, el Tratado Constitutivo del Tribunal Militar Internacional de Nuremberg, adoptado el 8 de abril de 1945, determina que \u201c\u2026el hecho de que el acusado haya obrado seg\u00fan instrucciones de su gobierno o de un superior jer\u00e1rquico no le eximir\u00e1 de responsabilidad\u201d.<\/p>\n<p>Posteriormente, la Asamblea General de Naciones Unidas, el 31 de diciembre de 1950, estableci\u00f3 en su principio IV que \u201c\u2026 el hecho de que una persona haya actuado en cumplimiento de una orden de su Gobierno o de un superior jer\u00e1rquico no la exime de responsabilidad conforme al derecho internacional, si efectivamente ha tenido la posibilidad moral de opci\u00f3n\u201d. Finalmente, la Convenci\u00f3n de Naciones Unidas contra la Tortura y Otros Tratos o Penas Crueles, Inhumanos o Degradantes, en su art\u00edculo 2.3 dispone que \u201cNo podr\u00e1 invocarse una orden de un funcionario superior o de una autoridad p\u00fablica como justificaci\u00f3n de la tortura\u201d.<\/p>\n<p>En suma, la utilizaci\u00f3n del \u201ccontexto hist\u00f3rico\u201d, as\u00ed como la \u201cobediencia debida\u201d, como fundamentos para proteger a militares que han cometido delitos de lesa humanidad no tiene asidero legal ni moral. Consecuentemente, \u00a0lo que les corresponde a las autoridades militares es acatar el poder civil y sus leyes, sin m\u00e1s interpretaci\u00f3n que los dict\u00e1menes del Poder Judicial. Por su parte, las autoridades pol\u00edticas tienen que representar el poder que les deleg\u00f3 la ciudadan\u00eda, sin dudar ni vacilar, para ordenar y controlar a los hombres de armas.<\/p>\n","protected":false},"excerpt":{"rendered":"<p>Por Roberto Pizarro El pasado domingo 9 de julio, en el acto de juramento a la bandera, el Comandante en Jefe del Ej\u00e9rcito, Humberto Oviedo, apel\u00f3 al \u201ccontexto hist\u00f3rico\u201d para justificar la violaci\u00f3n de derechos humanos por uniformados, durante la&hellip;<\/p>\n","protected":false},"author":43,"featured_media":492032,"comment_status":"closed","ping_status":"closed","sticky":false,"template":"","format":"standard","meta":{"footnotes":""},"categories":[11389,79,161,67],"tags":[38861,38863,441,38862,38864],"class_list":["post-492031","post","type-post","status-publish","format-standard","has-post-thumbnail","hentry","category-contenido-original","category-derechos-humanos","category-opiniones","category-sudamerica","tag-contexto-historico","tag-delitos-de-lesa-humanidad","tag-derechos-humanos","tag-obediencia-debida","tag-oviedo"],"yoast_head":"<!-- This site is optimized with the Yoast SEO plugin v27.1.1 - https:\/\/yoast.com\/product\/yoast-seo-wordpress\/ -->\n<title>Chile: El contexto hist\u00f3rico del General Humberto Oviedo<\/title>\n<meta name=\"description\" content=\"Por Roberto Pizarro El pasado domingo 9 de julio, en el acto de juramento a la bandera, el Comandante en Jefe del Ej\u00e9rcito, Humberto Oviedo, apel\u00f3 al\" \/>\n<meta name=\"robots\" content=\"index, follow, max-snippet:-1, max-image-preview:large, max-video-preview:-1\" \/>\n<link rel=\"canonical\" href=\"https:\/\/www.pressenza.com\/es\/2017\/07\/chile-contexto-historico-del-general-humberto-oviedo\/\" \/>\n<meta property=\"og:locale\" content=\"es_ES\" \/>\n<meta property=\"og:type\" content=\"article\" \/>\n<meta property=\"og:title\" content=\"Chile: El contexto hist\u00f3rico del General Humberto Oviedo\" \/>\n<meta property=\"og:description\" content=\"Por Roberto Pizarro El pasado domingo 9 de julio, en el acto de juramento a la bandera, el Comandante en Jefe del Ej\u00e9rcito, Humberto Oviedo, apel\u00f3 al\" \/>\n<meta property=\"og:url\" content=\"https:\/\/www.pressenza.com\/es\/2017\/07\/chile-contexto-historico-del-general-humberto-oviedo\/\" \/>\n<meta property=\"og:site_name\" content=\"Pressenza\" \/>\n<meta property=\"article:publisher\" content=\"https:\/\/www.facebook.com\/PressenzaItalia\" \/>\n<meta property=\"article:author\" content=\"https:\/\/www.facebook.com\/pressenza\" \/>\n<meta property=\"article:published_time\" content=\"2017-07-16T14:02:35+00:00\" \/>\n<meta property=\"og:image\" content=\"https:\/\/www.pressenza.com\/wp-content\/uploads\/2017\/07\/oviedo-580x350.jpg\" \/>\n\t<meta property=\"og:image:width\" content=\"580\" \/>\n\t<meta property=\"og:image:height\" content=\"350\" \/>\n\t<meta property=\"og:image:type\" content=\"image\/jpeg\" \/>\n<meta name=\"author\" content=\"Redacci\u00f3n Chile\" \/>\n<meta name=\"twitter:card\" content=\"summary_large_image\" \/>\n<meta name=\"twitter:creator\" content=\"@pressenza\" \/>\n<meta name=\"twitter:site\" content=\"@PressenzaIPA\" \/>\n<meta name=\"twitter:label1\" content=\"Escrito por\" \/>\n\t<meta name=\"twitter:data1\" content=\"Redacci\u00f3n Chile\" \/>\n\t<meta name=\"twitter:label2\" content=\"Tiempo de lectura\" \/>\n\t<meta name=\"twitter:data2\" content=\"4 minutos\" \/>\n<script type=\"application\/ld+json\" class=\"yoast-schema-graph\">{\"@context\":\"https:\/\/schema.org\",\"@graph\":[{\"@type\":\"Article\",\"@id\":\"https:\/\/www.pressenza.com\/es\/2017\/07\/chile-contexto-historico-del-general-humberto-oviedo\/#article\",\"isPartOf\":{\"@id\":\"https:\/\/www.pressenza.com\/es\/2017\/07\/chile-contexto-historico-del-general-humberto-oviedo\/\"},\"author\":{\"name\":\"Redacci\u00f3n Chile\",\"@id\":\"https:\/\/www.pressenza.com\/es\/#\/schema\/person\/d7db40df35d6698ba69ba9ee260944ed\"},\"headline\":\"Chile: El contexto hist\u00f3rico del General Humberto Oviedo\",\"datePublished\":\"2017-07-16T14:02:35+00:00\",\"mainEntityOfPage\":{\"@id\":\"https:\/\/www.pressenza.com\/es\/2017\/07\/chile-contexto-historico-del-general-humberto-oviedo\/\"},\"wordCount\":818,\"publisher\":{\"@id\":\"https:\/\/www.pressenza.com\/es\/#organization\"},\"image\":{\"@id\":\"https:\/\/www.pressenza.com\/es\/2017\/07\/chile-contexto-historico-del-general-humberto-oviedo\/#primaryimage\"},\"thumbnailUrl\":\"https:\/\/www.pressenza.com\/wp-content\/uploads\/2017\/07\/oviedo-580x350.jpg\",\"keywords\":[\"contexto hist\u00f3rico\",\"delitos de lesa humanidad\",\"Derechos humanos\",\"obediencia debida\",\"Oviedo\"],\"articleSection\":[\"Contenido Original\",\"Derechos Humanos\",\"Opiniones\",\"Sudam\u00e9rica\"],\"inLanguage\":\"es\"},{\"@type\":\"WebPage\",\"@id\":\"https:\/\/www.pressenza.com\/es\/2017\/07\/chile-contexto-historico-del-general-humberto-oviedo\/\",\"url\":\"https:\/\/www.pressenza.com\/es\/2017\/07\/chile-contexto-historico-del-general-humberto-oviedo\/\",\"name\":\"Chile: El contexto hist\u00f3rico del General Humberto Oviedo\",\"isPartOf\":{\"@id\":\"https:\/\/www.pressenza.com\/es\/#website\"},\"primaryImageOfPage\":{\"@id\":\"https:\/\/www.pressenza.com\/es\/2017\/07\/chile-contexto-historico-del-general-humberto-oviedo\/#primaryimage\"},\"image\":{\"@id\":\"https:\/\/www.pressenza.com\/es\/2017\/07\/chile-contexto-historico-del-general-humberto-oviedo\/#primaryimage\"},\"thumbnailUrl\":\"https:\/\/www.pressenza.com\/wp-content\/uploads\/2017\/07\/oviedo-580x350.jpg\",\"datePublished\":\"2017-07-16T14:02:35+00:00\",\"description\":\"Por Roberto Pizarro El pasado domingo 9 de julio, en el acto de juramento a la bandera, el Comandante en Jefe del Ej\u00e9rcito, Humberto Oviedo, apel\u00f3 al\",\"breadcrumb\":{\"@id\":\"https:\/\/www.pressenza.com\/es\/2017\/07\/chile-contexto-historico-del-general-humberto-oviedo\/#breadcrumb\"},\"inLanguage\":\"es\",\"potentialAction\":[{\"@type\":\"ReadAction\",\"target\":[\"https:\/\/www.pressenza.com\/es\/2017\/07\/chile-contexto-historico-del-general-humberto-oviedo\/\"]}]},{\"@type\":\"ImageObject\",\"inLanguage\":\"es\",\"@id\":\"https:\/\/www.pressenza.com\/es\/2017\/07\/chile-contexto-historico-del-general-humberto-oviedo\/#primaryimage\",\"url\":\"https:\/\/www.pressenza.com\/wp-content\/uploads\/2017\/07\/oviedo-580x350.jpg\",\"contentUrl\":\"https:\/\/www.pressenza.com\/wp-content\/uploads\/2017\/07\/oviedo-580x350.jpg\",\"width\":580,\"height\":350},{\"@type\":\"BreadcrumbList\",\"@id\":\"https:\/\/www.pressenza.com\/es\/2017\/07\/chile-contexto-historico-del-general-humberto-oviedo\/#breadcrumb\",\"itemListElement\":[{\"@type\":\"ListItem\",\"position\":1,\"name\":\"Accueil\",\"item\":\"https:\/\/www.pressenza.com\/es\/\"},{\"@type\":\"ListItem\",\"position\":2,\"name\":\"Chile: El contexto hist\u00f3rico del General Humberto Oviedo\"}]},{\"@type\":\"WebSite\",\"@id\":\"https:\/\/www.pressenza.com\/es\/#website\",\"url\":\"https:\/\/www.pressenza.com\/es\/\",\"name\":\"Pressenza\",\"description\":\"International Press Agency\",\"publisher\":{\"@id\":\"https:\/\/www.pressenza.com\/es\/#organization\"},\"potentialAction\":[{\"@type\":\"SearchAction\",\"target\":{\"@type\":\"EntryPoint\",\"urlTemplate\":\"https:\/\/www.pressenza.com\/es\/?s={search_term_string}\"},\"query-input\":{\"@type\":\"PropertyValueSpecification\",\"valueRequired\":true,\"valueName\":\"search_term_string\"}}],\"inLanguage\":\"es\"},{\"@type\":\"Organization\",\"@id\":\"https:\/\/www.pressenza.com\/es\/#organization\",\"name\":\"Pressenza\",\"url\":\"https:\/\/www.pressenza.com\/es\/\",\"logo\":{\"@type\":\"ImageObject\",\"inLanguage\":\"es\",\"@id\":\"https:\/\/www.pressenza.com\/es\/#\/schema\/logo\/image\/\",\"url\":\"https:\/\/www.pressenza.com\/wp-content\/uploads\/2022\/10\/pressenza_logo_200x200.jpg\",\"contentUrl\":\"https:\/\/www.pressenza.com\/wp-content\/uploads\/2022\/10\/pressenza_logo_200x200.jpg\",\"width\":200,\"height\":200,\"caption\":\"Pressenza\"},\"image\":{\"@id\":\"https:\/\/www.pressenza.com\/es\/#\/schema\/logo\/image\/\"},\"sameAs\":[\"https:\/\/www.facebook.com\/PressenzaItalia\",\"https:\/\/x.com\/PressenzaIPA\"]},{\"@type\":\"Person\",\"@id\":\"https:\/\/www.pressenza.com\/es\/#\/schema\/person\/d7db40df35d6698ba69ba9ee260944ed\",\"name\":\"Redacci\u00f3n Chile\",\"description\":\"News from the Pressenza Bureau in Chile\",\"sameAs\":[\"https:\/\/www.facebook.com\/pressenza\",\"https:\/\/x.com\/pressenza\"],\"url\":\"https:\/\/www.pressenza.com\/es\/author\/redaccion-chile\/\"}]}<\/script>\n<!-- \/ Yoast SEO plugin. -->","yoast_head_json":{"title":"Chile: El contexto hist\u00f3rico del General Humberto Oviedo","description":"Por Roberto Pizarro El pasado domingo 9 de julio, en el acto de juramento a la bandera, el Comandante en Jefe del Ej\u00e9rcito, Humberto Oviedo, apel\u00f3 al","robots":{"index":"index","follow":"follow","max-snippet":"max-snippet:-1","max-image-preview":"max-image-preview:large","max-video-preview":"max-video-preview:-1"},"canonical":"https:\/\/www.pressenza.com\/es\/2017\/07\/chile-contexto-historico-del-general-humberto-oviedo\/","og_locale":"es_ES","og_type":"article","og_title":"Chile: El contexto hist\u00f3rico del General Humberto Oviedo","og_description":"Por Roberto Pizarro El pasado domingo 9 de julio, en el acto de juramento a la bandera, el Comandante en Jefe del Ej\u00e9rcito, Humberto Oviedo, apel\u00f3 al","og_url":"https:\/\/www.pressenza.com\/es\/2017\/07\/chile-contexto-historico-del-general-humberto-oviedo\/","og_site_name":"Pressenza","article_publisher":"https:\/\/www.facebook.com\/PressenzaItalia","article_author":"https:\/\/www.facebook.com\/pressenza","article_published_time":"2017-07-16T14:02:35+00:00","og_image":[{"width":580,"height":350,"url":"https:\/\/www.pressenza.com\/wp-content\/uploads\/2017\/07\/oviedo-580x350.jpg","type":"image\/jpeg"}],"author":"Redacci\u00f3n Chile","twitter_card":"summary_large_image","twitter_creator":"@pressenza","twitter_site":"@PressenzaIPA","twitter_misc":{"Escrito por":"Redacci\u00f3n Chile","Tiempo de lectura":"4 minutos"},"schema":{"@context":"https:\/\/schema.org","@graph":[{"@type":"Article","@id":"https:\/\/www.pressenza.com\/es\/2017\/07\/chile-contexto-historico-del-general-humberto-oviedo\/#article","isPartOf":{"@id":"https:\/\/www.pressenza.com\/es\/2017\/07\/chile-contexto-historico-del-general-humberto-oviedo\/"},"author":{"name":"Redacci\u00f3n Chile","@id":"https:\/\/www.pressenza.com\/es\/#\/schema\/person\/d7db40df35d6698ba69ba9ee260944ed"},"headline":"Chile: El contexto hist\u00f3rico del General Humberto Oviedo","datePublished":"2017-07-16T14:02:35+00:00","mainEntityOfPage":{"@id":"https:\/\/www.pressenza.com\/es\/2017\/07\/chile-contexto-historico-del-general-humberto-oviedo\/"},"wordCount":818,"publisher":{"@id":"https:\/\/www.pressenza.com\/es\/#organization"},"image":{"@id":"https:\/\/www.pressenza.com\/es\/2017\/07\/chile-contexto-historico-del-general-humberto-oviedo\/#primaryimage"},"thumbnailUrl":"https:\/\/www.pressenza.com\/wp-content\/uploads\/2017\/07\/oviedo-580x350.jpg","keywords":["contexto hist\u00f3rico","delitos de lesa humanidad","Derechos humanos","obediencia debida","Oviedo"],"articleSection":["Contenido Original","Derechos Humanos","Opiniones","Sudam\u00e9rica"],"inLanguage":"es"},{"@type":"WebPage","@id":"https:\/\/www.pressenza.com\/es\/2017\/07\/chile-contexto-historico-del-general-humberto-oviedo\/","url":"https:\/\/www.pressenza.com\/es\/2017\/07\/chile-contexto-historico-del-general-humberto-oviedo\/","name":"Chile: El contexto hist\u00f3rico del General Humberto Oviedo","isPartOf":{"@id":"https:\/\/www.pressenza.com\/es\/#website"},"primaryImageOfPage":{"@id":"https:\/\/www.pressenza.com\/es\/2017\/07\/chile-contexto-historico-del-general-humberto-oviedo\/#primaryimage"},"image":{"@id":"https:\/\/www.pressenza.com\/es\/2017\/07\/chile-contexto-historico-del-general-humberto-oviedo\/#primaryimage"},"thumbnailUrl":"https:\/\/www.pressenza.com\/wp-content\/uploads\/2017\/07\/oviedo-580x350.jpg","datePublished":"2017-07-16T14:02:35+00:00","description":"Por Roberto Pizarro El pasado domingo 9 de julio, en el acto de juramento a la bandera, el Comandante en Jefe del Ej\u00e9rcito, Humberto Oviedo, apel\u00f3 al","breadcrumb":{"@id":"https:\/\/www.pressenza.com\/es\/2017\/07\/chile-contexto-historico-del-general-humberto-oviedo\/#breadcrumb"},"inLanguage":"es","potentialAction":[{"@type":"ReadAction","target":["https:\/\/www.pressenza.com\/es\/2017\/07\/chile-contexto-historico-del-general-humberto-oviedo\/"]}]},{"@type":"ImageObject","inLanguage":"es","@id":"https:\/\/www.pressenza.com\/es\/2017\/07\/chile-contexto-historico-del-general-humberto-oviedo\/#primaryimage","url":"https:\/\/www.pressenza.com\/wp-content\/uploads\/2017\/07\/oviedo-580x350.jpg","contentUrl":"https:\/\/www.pressenza.com\/wp-content\/uploads\/2017\/07\/oviedo-580x350.jpg","width":580,"height":350},{"@type":"BreadcrumbList","@id":"https:\/\/www.pressenza.com\/es\/2017\/07\/chile-contexto-historico-del-general-humberto-oviedo\/#breadcrumb","itemListElement":[{"@type":"ListItem","position":1,"name":"Accueil","item":"https:\/\/www.pressenza.com\/es\/"},{"@type":"ListItem","position":2,"name":"Chile: El contexto hist\u00f3rico del General Humberto Oviedo"}]},{"@type":"WebSite","@id":"https:\/\/www.pressenza.com\/es\/#website","url":"https:\/\/www.pressenza.com\/es\/","name":"Pressenza","description":"International Press Agency","publisher":{"@id":"https:\/\/www.pressenza.com\/es\/#organization"},"potentialAction":[{"@type":"SearchAction","target":{"@type":"EntryPoint","urlTemplate":"https:\/\/www.pressenza.com\/es\/?s={search_term_string}"},"query-input":{"@type":"PropertyValueSpecification","valueRequired":true,"valueName":"search_term_string"}}],"inLanguage":"es"},{"@type":"Organization","@id":"https:\/\/www.pressenza.com\/es\/#organization","name":"Pressenza","url":"https:\/\/www.pressenza.com\/es\/","logo":{"@type":"ImageObject","inLanguage":"es","@id":"https:\/\/www.pressenza.com\/es\/#\/schema\/logo\/image\/","url":"https:\/\/www.pressenza.com\/wp-content\/uploads\/2022\/10\/pressenza_logo_200x200.jpg","contentUrl":"https:\/\/www.pressenza.com\/wp-content\/uploads\/2022\/10\/pressenza_logo_200x200.jpg","width":200,"height":200,"caption":"Pressenza"},"image":{"@id":"https:\/\/www.pressenza.com\/es\/#\/schema\/logo\/image\/"},"sameAs":["https:\/\/www.facebook.com\/PressenzaItalia","https:\/\/x.com\/PressenzaIPA"]},{"@type":"Person","@id":"https:\/\/www.pressenza.com\/es\/#\/schema\/person\/d7db40df35d6698ba69ba9ee260944ed","name":"Redacci\u00f3n Chile","description":"News from the Pressenza Bureau in Chile","sameAs":["https:\/\/www.facebook.com\/pressenza","https:\/\/x.com\/pressenza"],"url":"https:\/\/www.pressenza.com\/es\/author\/redaccion-chile\/"}]}},"place":"Santiago de Chile","original_article_url":"","_links":{"self":[{"href":"https:\/\/www.pressenza.com\/es\/wp-json\/wp\/v2\/posts\/492031","targetHints":{"allow":["GET"]}}],"collection":[{"href":"https:\/\/www.pressenza.com\/es\/wp-json\/wp\/v2\/posts"}],"about":[{"href":"https:\/\/www.pressenza.com\/es\/wp-json\/wp\/v2\/types\/post"}],"author":[{"embeddable":true,"href":"https:\/\/www.pressenza.com\/es\/wp-json\/wp\/v2\/users\/43"}],"replies":[{"embeddable":true,"href":"https:\/\/www.pressenza.com\/es\/wp-json\/wp\/v2\/comments?post=492031"}],"version-history":[{"count":0,"href":"https:\/\/www.pressenza.com\/es\/wp-json\/wp\/v2\/posts\/492031\/revisions"}],"wp:featuredmedia":[{"embeddable":true,"href":"https:\/\/www.pressenza.com\/es\/wp-json\/wp\/v2\/media\/492032"}],"wp:attachment":[{"href":"https:\/\/www.pressenza.com\/es\/wp-json\/wp\/v2\/media?parent=492031"}],"wp:term":[{"taxonomy":"category","embeddable":true,"href":"https:\/\/www.pressenza.com\/es\/wp-json\/wp\/v2\/categories?post=492031"},{"taxonomy":"post_tag","embeddable":true,"href":"https:\/\/www.pressenza.com\/es\/wp-json\/wp\/v2\/tags?post=492031"}],"curies":[{"name":"wp","href":"https:\/\/api.w.org\/{rel}","templated":true}]}}