{"id":492017,"date":"2017-07-16T14:56:20","date_gmt":"2017-07-16T13:56:20","guid":{"rendered":"https:\/\/www.pressenza.com\/?p=492017\/"},"modified":"2017-07-16T14:56:58","modified_gmt":"2017-07-16T13:56:58","slug":"mensajeros-silo-inauguran-jornada-encuentro-parque-estudio-reflexion-montecillo-cochabamba","status":"publish","type":"post","link":"https:\/\/www.pressenza.com\/es\/2017\/07\/mensajeros-silo-inauguran-jornada-encuentro-parque-estudio-reflexion-montecillo-cochabamba\/","title":{"rendered":"Mensajeros de Silo inauguran jornada de encuentro en Parque de Estudio y Reflexi\u00f3n Montecillo en Cochabamba"},"content":{"rendered":"<p>Este 16 y 17 de julio, se re\u00fanen mensajeros provenientes de distintas ciudades de Sudam\u00e9rica para compartir sus experiencias llevando el mensaje del maestro Silo.<\/p>\n<p align=\"justify\">Mujeres y hombres llegados de Buenos Aires, Jujuy, Arica, Iquique, Huancayo, Tacna y La Paz llegaron a Cochabamba para intercambiar sus experiencias vividas llevando el Mensaje de Silo a sus pr\u00f3jimos.<\/p>\n<p align=\"justify\">Ceremonias y charlas de Silo grabadas en video se compartir\u00e1n este domingo 17 en la que tienen organizada una Jornada de Inspiraci\u00f3n Espiritual a la que invitaron desde las plazas de la ciudad, dando abiertamente testimonios de sus experiencias con esta nueva espiritualidad que invita a descubrir en el interior de cada uno el sentido de la existencia humana.<\/p>\n","protected":false},"excerpt":{"rendered":"<p>Este 16 y 17 de julio, se re\u00fanen mensajeros provenientes de distintas ciudades de Sudam\u00e9rica para compartir sus experiencias llevando el mensaje del maestro Silo. Mujeres y hombres llegados de Buenos Aires, Jujuy, Arica, Iquique, Huancayo, Tacna y La Paz&hellip;<\/p>\n","protected":false},"author":1435,"featured_media":492018,"comment_status":"closed","ping_status":"closed","sticky":false,"template":"","format":"standard","meta":{"footnotes":""},"categories":[149,11389,1240,67],"tags":[27358,545],"class_list":["post-492017","post","type-post","status-publish","format-standard","has-post-thumbnail","hentry","category-comunicados-de-prensa","category-contenido-original","category-humanismo-espiritualidad","category-sudamerica","tag-mensaje-de-silo","tag-parques-de-estudio-y-reflexion"],"yoast_head":"<!-- This site is optimized with the Yoast SEO plugin v27.1.1 - https:\/\/yoast.com\/product\/yoast-seo-wordpress\/ -->\n<title>Mensajeros de Silo inauguran jornada de encuentro en Parque de Estudio y Reflexi\u00f3n Montecillo en Cochabamba<\/title>\n<meta name=\"description\" content=\"Este 16 y 17 de julio, se re\u00fanen mensajeros provenientes de distintas ciudades de Sudam\u00e9rica para compartir sus experiencias llevando el mensaje del\" \/>\n<meta name=\"robots\" content=\"index, follow, max-snippet:-1, max-image-preview:large, max-video-preview:-1\" \/>\n<link rel=\"canonical\" href=\"https:\/\/www.pressenza.com\/es\/2017\/07\/mensajeros-silo-inauguran-jornada-encuentro-parque-estudio-reflexion-montecillo-cochabamba\/\" \/>\n<meta property=\"og:locale\" content=\"es_ES\" \/>\n<meta property=\"og:type\" content=\"article\" \/>\n<meta property=\"og:title\" content=\"Mensajeros de Silo inauguran jornada de encuentro en Parque de Estudio y Reflexi\u00f3n Montecillo en Cochabamba\" \/>\n<meta property=\"og:description\" content=\"Este 16 y 17 de julio, se re\u00fanen mensajeros provenientes de distintas ciudades de Sudam\u00e9rica para compartir sus experiencias llevando el mensaje del\" \/>\n<meta property=\"og:url\" content=\"https:\/\/www.pressenza.com\/es\/2017\/07\/mensajeros-silo-inauguran-jornada-encuentro-parque-estudio-reflexion-montecillo-cochabamba\/\" \/>\n<meta property=\"og:site_name\" content=\"Pressenza\" \/>\n<meta property=\"article:publisher\" content=\"https:\/\/www.facebook.com\/PressenzaItalia\" \/>\n<meta property=\"article:published_time\" content=\"2017-07-16T13:56:20+00:00\" \/>\n<meta property=\"article:modified_time\" content=\"2017-07-16T13:56:58+00:00\" \/>\n<meta property=\"og:image\" content=\"https:\/\/www.pressenza.com\/wp-content\/uploads\/2017\/07\/20017513_1621881614491387_7588303457655513265_o.jpg\" \/>\n\t<meta property=\"og:image:width\" content=\"1280\" \/>\n\t<meta property=\"og:image:height\" content=\"719\" \/>\n\t<meta property=\"og:image:type\" content=\"image\/jpeg\" \/>\n<meta name=\"author\" content=\"Redacci\u00f3n Bolivia\" \/>\n<meta name=\"twitter:card\" content=\"summary_large_image\" \/>\n<meta name=\"twitter:creator\" content=\"@PressenzaIPA\" \/>\n<meta name=\"twitter:site\" content=\"@PressenzaIPA\" \/>\n<meta name=\"twitter:label1\" content=\"Escrito por\" \/>\n\t<meta name=\"twitter:data1\" content=\"Redacci\u00f3n Bolivia\" \/>\n\t<meta name=\"twitter:label2\" content=\"Tiempo de lectura\" \/>\n\t<meta name=\"twitter:data2\" content=\"1 minuto\" \/>\n<script type=\"application\/ld+json\" class=\"yoast-schema-graph\">{\"@context\":\"https:\/\/schema.org\",\"@graph\":[{\"@type\":\"Article\",\"@id\":\"https:\/\/www.pressenza.com\/es\/2017\/07\/mensajeros-silo-inauguran-jornada-encuentro-parque-estudio-reflexion-montecillo-cochabamba\/#article\",\"isPartOf\":{\"@id\":\"https:\/\/www.pressenza.com\/es\/2017\/07\/mensajeros-silo-inauguran-jornada-encuentro-parque-estudio-reflexion-montecillo-cochabamba\/\"},\"author\":{\"name\":\"Redacci\u00f3n Bolivia\",\"@id\":\"https:\/\/www.pressenza.com\/es\/#\/schema\/person\/258a972fa92fd0a3a6243c920d569d83\"},\"headline\":\"Mensajeros de Silo inauguran jornada de encuentro en Parque de Estudio y Reflexi\u00f3n Montecillo en Cochabamba\",\"datePublished\":\"2017-07-16T13:56:20+00:00\",\"dateModified\":\"2017-07-16T13:56:58+00:00\",\"mainEntityOfPage\":{\"@id\":\"https:\/\/www.pressenza.com\/es\/2017\/07\/mensajeros-silo-inauguran-jornada-encuentro-parque-estudio-reflexion-montecillo-cochabamba\/\"},\"wordCount\":134,\"publisher\":{\"@id\":\"https:\/\/www.pressenza.com\/es\/#organization\"},\"image\":{\"@id\":\"https:\/\/www.pressenza.com\/es\/2017\/07\/mensajeros-silo-inauguran-jornada-encuentro-parque-estudio-reflexion-montecillo-cochabamba\/#primaryimage\"},\"thumbnailUrl\":\"https:\/\/www.pressenza.com\/wp-content\/uploads\/2017\/07\/20017513_1621881614491387_7588303457655513265_o.jpg\",\"keywords\":[\"Mensaje de Silo\",\"Parques de Estudio y Reflexi\u00f3n\"],\"articleSection\":[\"Comunicados de Prensa\",\"Contenido Original\",\"Humanismo y Espiritualidad\",\"Sudam\u00e9rica\"],\"inLanguage\":\"es\"},{\"@type\":\"WebPage\",\"@id\":\"https:\/\/www.pressenza.com\/es\/2017\/07\/mensajeros-silo-inauguran-jornada-encuentro-parque-estudio-reflexion-montecillo-cochabamba\/\",\"url\":\"https:\/\/www.pressenza.com\/es\/2017\/07\/mensajeros-silo-inauguran-jornada-encuentro-parque-estudio-reflexion-montecillo-cochabamba\/\",\"name\":\"Mensajeros de Silo inauguran jornada de encuentro en Parque de Estudio y Reflexi\u00f3n Montecillo en Cochabamba\",\"isPartOf\":{\"@id\":\"https:\/\/www.pressenza.com\/es\/#website\"},\"primaryImageOfPage\":{\"@id\":\"https:\/\/www.pressenza.com\/es\/2017\/07\/mensajeros-silo-inauguran-jornada-encuentro-parque-estudio-reflexion-montecillo-cochabamba\/#primaryimage\"},\"image\":{\"@id\":\"https:\/\/www.pressenza.com\/es\/2017\/07\/mensajeros-silo-inauguran-jornada-encuentro-parque-estudio-reflexion-montecillo-cochabamba\/#primaryimage\"},\"thumbnailUrl\":\"https:\/\/www.pressenza.com\/wp-content\/uploads\/2017\/07\/20017513_1621881614491387_7588303457655513265_o.jpg\",\"datePublished\":\"2017-07-16T13:56:20+00:00\",\"dateModified\":\"2017-07-16T13:56:58+00:00\",\"description\":\"Este 16 y 17 de julio, se re\u00fanen mensajeros provenientes de distintas ciudades de Sudam\u00e9rica para compartir sus experiencias llevando el mensaje del\",\"breadcrumb\":{\"@id\":\"https:\/\/www.pressenza.com\/es\/2017\/07\/mensajeros-silo-inauguran-jornada-encuentro-parque-estudio-reflexion-montecillo-cochabamba\/#breadcrumb\"},\"inLanguage\":\"es\",\"potentialAction\":[{\"@type\":\"ReadAction\",\"target\":[\"https:\/\/www.pressenza.com\/es\/2017\/07\/mensajeros-silo-inauguran-jornada-encuentro-parque-estudio-reflexion-montecillo-cochabamba\/\"]}]},{\"@type\":\"ImageObject\",\"inLanguage\":\"es\",\"@id\":\"https:\/\/www.pressenza.com\/es\/2017\/07\/mensajeros-silo-inauguran-jornada-encuentro-parque-estudio-reflexion-montecillo-cochabamba\/#primaryimage\",\"url\":\"https:\/\/www.pressenza.com\/wp-content\/uploads\/2017\/07\/20017513_1621881614491387_7588303457655513265_o.jpg\",\"contentUrl\":\"https:\/\/www.pressenza.com\/wp-content\/uploads\/2017\/07\/20017513_1621881614491387_7588303457655513265_o.jpg\",\"width\":1280,\"height\":719},{\"@type\":\"BreadcrumbList\",\"@id\":\"https:\/\/www.pressenza.com\/es\/2017\/07\/mensajeros-silo-inauguran-jornada-encuentro-parque-estudio-reflexion-montecillo-cochabamba\/#breadcrumb\",\"itemListElement\":[{\"@type\":\"ListItem\",\"position\":1,\"name\":\"Accueil\",\"item\":\"https:\/\/www.pressenza.com\/es\/\"},{\"@type\":\"ListItem\",\"position\":2,\"name\":\"Mensajeros de Silo inauguran jornada de encuentro en Parque de Estudio y Reflexi\u00f3n Montecillo en Cochabamba\"}]},{\"@type\":\"WebSite\",\"@id\":\"https:\/\/www.pressenza.com\/es\/#website\",\"url\":\"https:\/\/www.pressenza.com\/es\/\",\"name\":\"Pressenza\",\"description\":\"International Press Agency\",\"publisher\":{\"@id\":\"https:\/\/www.pressenza.com\/es\/#organization\"},\"potentialAction\":[{\"@type\":\"SearchAction\",\"target\":{\"@type\":\"EntryPoint\",\"urlTemplate\":\"https:\/\/www.pressenza.com\/es\/?s={search_term_string}\"},\"query-input\":{\"@type\":\"PropertyValueSpecification\",\"valueRequired\":true,\"valueName\":\"search_term_string\"}}],\"inLanguage\":\"es\"},{\"@type\":\"Organization\",\"@id\":\"https:\/\/www.pressenza.com\/es\/#organization\",\"name\":\"Pressenza\",\"url\":\"https:\/\/www.pressenza.com\/es\/\",\"logo\":{\"@type\":\"ImageObject\",\"inLanguage\":\"es\",\"@id\":\"https:\/\/www.pressenza.com\/es\/#\/schema\/logo\/image\/\",\"url\":\"https:\/\/www.pressenza.com\/wp-content\/uploads\/2022\/10\/pressenza_logo_200x200.jpg\",\"contentUrl\":\"https:\/\/www.pressenza.com\/wp-content\/uploads\/2022\/10\/pressenza_logo_200x200.jpg\",\"width\":200,\"height\":200,\"caption\":\"Pressenza\"},\"image\":{\"@id\":\"https:\/\/www.pressenza.com\/es\/#\/schema\/logo\/image\/\"},\"sameAs\":[\"https:\/\/www.facebook.com\/PressenzaItalia\",\"https:\/\/x.com\/PressenzaIPA\"]},{\"@type\":\"Person\",\"@id\":\"https:\/\/www.pressenza.com\/es\/#\/schema\/person\/258a972fa92fd0a3a6243c920d569d83\",\"name\":\"Redacci\u00f3n Bolivia\",\"description\":\"News published by the Pressenza bureau in Bolivia\",\"url\":\"https:\/\/www.pressenza.com\/es\/author\/redaccion-bolivia\/\"}]}<\/script>\n<!-- \/ Yoast SEO plugin. -->","yoast_head_json":{"title":"Mensajeros de Silo inauguran jornada de encuentro en Parque de Estudio y Reflexi\u00f3n Montecillo en Cochabamba","description":"Este 16 y 17 de julio, se re\u00fanen mensajeros provenientes de distintas ciudades de Sudam\u00e9rica para compartir sus experiencias llevando el mensaje del","robots":{"index":"index","follow":"follow","max-snippet":"max-snippet:-1","max-image-preview":"max-image-preview:large","max-video-preview":"max-video-preview:-1"},"canonical":"https:\/\/www.pressenza.com\/es\/2017\/07\/mensajeros-silo-inauguran-jornada-encuentro-parque-estudio-reflexion-montecillo-cochabamba\/","og_locale":"es_ES","og_type":"article","og_title":"Mensajeros de Silo inauguran jornada de encuentro en Parque de Estudio y Reflexi\u00f3n Montecillo en Cochabamba","og_description":"Este 16 y 17 de julio, se re\u00fanen mensajeros provenientes de distintas ciudades de Sudam\u00e9rica para compartir sus experiencias llevando el mensaje del","og_url":"https:\/\/www.pressenza.com\/es\/2017\/07\/mensajeros-silo-inauguran-jornada-encuentro-parque-estudio-reflexion-montecillo-cochabamba\/","og_site_name":"Pressenza","article_publisher":"https:\/\/www.facebook.com\/PressenzaItalia","article_published_time":"2017-07-16T13:56:20+00:00","article_modified_time":"2017-07-16T13:56:58+00:00","og_image":[{"width":1280,"height":719,"url":"https:\/\/www.pressenza.com\/wp-content\/uploads\/2017\/07\/20017513_1621881614491387_7588303457655513265_o.jpg","type":"image\/jpeg"}],"author":"Redacci\u00f3n Bolivia","twitter_card":"summary_large_image","twitter_creator":"@PressenzaIPA","twitter_site":"@PressenzaIPA","twitter_misc":{"Escrito por":"Redacci\u00f3n Bolivia","Tiempo de lectura":"1 minuto"},"schema":{"@context":"https:\/\/schema.org","@graph":[{"@type":"Article","@id":"https:\/\/www.pressenza.com\/es\/2017\/07\/mensajeros-silo-inauguran-jornada-encuentro-parque-estudio-reflexion-montecillo-cochabamba\/#article","isPartOf":{"@id":"https:\/\/www.pressenza.com\/es\/2017\/07\/mensajeros-silo-inauguran-jornada-encuentro-parque-estudio-reflexion-montecillo-cochabamba\/"},"author":{"name":"Redacci\u00f3n Bolivia","@id":"https:\/\/www.pressenza.com\/es\/#\/schema\/person\/258a972fa92fd0a3a6243c920d569d83"},"headline":"Mensajeros de Silo inauguran jornada de encuentro en Parque de Estudio y Reflexi\u00f3n Montecillo en Cochabamba","datePublished":"2017-07-16T13:56:20+00:00","dateModified":"2017-07-16T13:56:58+00:00","mainEntityOfPage":{"@id":"https:\/\/www.pressenza.com\/es\/2017\/07\/mensajeros-silo-inauguran-jornada-encuentro-parque-estudio-reflexion-montecillo-cochabamba\/"},"wordCount":134,"publisher":{"@id":"https:\/\/www.pressenza.com\/es\/#organization"},"image":{"@id":"https:\/\/www.pressenza.com\/es\/2017\/07\/mensajeros-silo-inauguran-jornada-encuentro-parque-estudio-reflexion-montecillo-cochabamba\/#primaryimage"},"thumbnailUrl":"https:\/\/www.pressenza.com\/wp-content\/uploads\/2017\/07\/20017513_1621881614491387_7588303457655513265_o.jpg","keywords":["Mensaje de Silo","Parques de Estudio y Reflexi\u00f3n"],"articleSection":["Comunicados de Prensa","Contenido Original","Humanismo y Espiritualidad","Sudam\u00e9rica"],"inLanguage":"es"},{"@type":"WebPage","@id":"https:\/\/www.pressenza.com\/es\/2017\/07\/mensajeros-silo-inauguran-jornada-encuentro-parque-estudio-reflexion-montecillo-cochabamba\/","url":"https:\/\/www.pressenza.com\/es\/2017\/07\/mensajeros-silo-inauguran-jornada-encuentro-parque-estudio-reflexion-montecillo-cochabamba\/","name":"Mensajeros de Silo inauguran jornada de encuentro en Parque de Estudio y Reflexi\u00f3n Montecillo en Cochabamba","isPartOf":{"@id":"https:\/\/www.pressenza.com\/es\/#website"},"primaryImageOfPage":{"@id":"https:\/\/www.pressenza.com\/es\/2017\/07\/mensajeros-silo-inauguran-jornada-encuentro-parque-estudio-reflexion-montecillo-cochabamba\/#primaryimage"},"image":{"@id":"https:\/\/www.pressenza.com\/es\/2017\/07\/mensajeros-silo-inauguran-jornada-encuentro-parque-estudio-reflexion-montecillo-cochabamba\/#primaryimage"},"thumbnailUrl":"https:\/\/www.pressenza.com\/wp-content\/uploads\/2017\/07\/20017513_1621881614491387_7588303457655513265_o.jpg","datePublished":"2017-07-16T13:56:20+00:00","dateModified":"2017-07-16T13:56:58+00:00","description":"Este 16 y 17 de julio, se re\u00fanen mensajeros provenientes de distintas ciudades de Sudam\u00e9rica para compartir sus experiencias llevando el mensaje del","breadcrumb":{"@id":"https:\/\/www.pressenza.com\/es\/2017\/07\/mensajeros-silo-inauguran-jornada-encuentro-parque-estudio-reflexion-montecillo-cochabamba\/#breadcrumb"},"inLanguage":"es","potentialAction":[{"@type":"ReadAction","target":["https:\/\/www.pressenza.com\/es\/2017\/07\/mensajeros-silo-inauguran-jornada-encuentro-parque-estudio-reflexion-montecillo-cochabamba\/"]}]},{"@type":"ImageObject","inLanguage":"es","@id":"https:\/\/www.pressenza.com\/es\/2017\/07\/mensajeros-silo-inauguran-jornada-encuentro-parque-estudio-reflexion-montecillo-cochabamba\/#primaryimage","url":"https:\/\/www.pressenza.com\/wp-content\/uploads\/2017\/07\/20017513_1621881614491387_7588303457655513265_o.jpg","contentUrl":"https:\/\/www.pressenza.com\/wp-content\/uploads\/2017\/07\/20017513_1621881614491387_7588303457655513265_o.jpg","width":1280,"height":719},{"@type":"BreadcrumbList","@id":"https:\/\/www.pressenza.com\/es\/2017\/07\/mensajeros-silo-inauguran-jornada-encuentro-parque-estudio-reflexion-montecillo-cochabamba\/#breadcrumb","itemListElement":[{"@type":"ListItem","position":1,"name":"Accueil","item":"https:\/\/www.pressenza.com\/es\/"},{"@type":"ListItem","position":2,"name":"Mensajeros de Silo inauguran jornada de encuentro en Parque de Estudio y Reflexi\u00f3n Montecillo en Cochabamba"}]},{"@type":"WebSite","@id":"https:\/\/www.pressenza.com\/es\/#website","url":"https:\/\/www.pressenza.com\/es\/","name":"Pressenza","description":"International Press Agency","publisher":{"@id":"https:\/\/www.pressenza.com\/es\/#organization"},"potentialAction":[{"@type":"SearchAction","target":{"@type":"EntryPoint","urlTemplate":"https:\/\/www.pressenza.com\/es\/?s={search_term_string}"},"query-input":{"@type":"PropertyValueSpecification","valueRequired":true,"valueName":"search_term_string"}}],"inLanguage":"es"},{"@type":"Organization","@id":"https:\/\/www.pressenza.com\/es\/#organization","name":"Pressenza","url":"https:\/\/www.pressenza.com\/es\/","logo":{"@type":"ImageObject","inLanguage":"es","@id":"https:\/\/www.pressenza.com\/es\/#\/schema\/logo\/image\/","url":"https:\/\/www.pressenza.com\/wp-content\/uploads\/2022\/10\/pressenza_logo_200x200.jpg","contentUrl":"https:\/\/www.pressenza.com\/wp-content\/uploads\/2022\/10\/pressenza_logo_200x200.jpg","width":200,"height":200,"caption":"Pressenza"},"image":{"@id":"https:\/\/www.pressenza.com\/es\/#\/schema\/logo\/image\/"},"sameAs":["https:\/\/www.facebook.com\/PressenzaItalia","https:\/\/x.com\/PressenzaIPA"]},{"@type":"Person","@id":"https:\/\/www.pressenza.com\/es\/#\/schema\/person\/258a972fa92fd0a3a6243c920d569d83","name":"Redacci\u00f3n Bolivia","description":"News published by the Pressenza bureau in Bolivia","url":"https:\/\/www.pressenza.com\/es\/author\/redaccion-bolivia\/"}]}},"place":"Cochabamba, Bolivia","original_article_url":"","_links":{"self":[{"href":"https:\/\/www.pressenza.com\/es\/wp-json\/wp\/v2\/posts\/492017","targetHints":{"allow":["GET"]}}],"collection":[{"href":"https:\/\/www.pressenza.com\/es\/wp-json\/wp\/v2\/posts"}],"about":[{"href":"https:\/\/www.pressenza.com\/es\/wp-json\/wp\/v2\/types\/post"}],"author":[{"embeddable":true,"href":"https:\/\/www.pressenza.com\/es\/wp-json\/wp\/v2\/users\/1435"}],"replies":[{"embeddable":true,"href":"https:\/\/www.pressenza.com\/es\/wp-json\/wp\/v2\/comments?post=492017"}],"version-history":[{"count":0,"href":"https:\/\/www.pressenza.com\/es\/wp-json\/wp\/v2\/posts\/492017\/revisions"}],"wp:featuredmedia":[{"embeddable":true,"href":"https:\/\/www.pressenza.com\/es\/wp-json\/wp\/v2\/media\/492018"}],"wp:attachment":[{"href":"https:\/\/www.pressenza.com\/es\/wp-json\/wp\/v2\/media?parent=492017"}],"wp:term":[{"taxonomy":"category","embeddable":true,"href":"https:\/\/www.pressenza.com\/es\/wp-json\/wp\/v2\/categories?post=492017"},{"taxonomy":"post_tag","embeddable":true,"href":"https:\/\/www.pressenza.com\/es\/wp-json\/wp\/v2\/tags?post=492017"}],"curies":[{"name":"wp","href":"https:\/\/api.w.org\/{rel}","templated":true}]}}