{"id":491455,"date":"2017-07-14T21:43:49","date_gmt":"2017-07-14T20:43:49","guid":{"rendered":"https:\/\/www.pressenza.com\/?p=491455\/"},"modified":"2017-07-14T22:00:42","modified_gmt":"2017-07-14T21:00:42","slug":"agustin-santillan-preso-politico-insfran","status":"publish","type":"post","link":"https:\/\/www.pressenza.com\/es\/2017\/07\/agustin-santillan-preso-politico-insfran\/","title":{"rendered":"Agust\u00edn Santill\u00e1n, preso pol\u00edtico de Insfr\u00e1n"},"content":{"rendered":"<p>Hoy cumple tres meses de c\u00e1rcel Agust\u00edn Santill\u00e1n, wich\u00ed, 35 a\u00f1os, preso pol\u00edtico del gobierno de Formosa.<\/p>\n<p>Est\u00e1 preso por defender tenazmente los derechos de su pueblo y negarse a aceptar las condiciones miserables que pretende imponerles el gobernador Gildo Insfr\u00e1n en ejercicio de su sexto mandato.<\/p>\n<p>Desde que comenz\u00f3 su lucha y cuando se hizo evidente que no iba a dejar de reclamar, Agust\u00edn perdi\u00f3 su empleo como maestro de educaci\u00f3n biling\u00fce y comenz\u00f3 a sufrir una persecuci\u00f3n persistente. Hoy acumula en su haber 28 causas apoyadas en acusaciones injustificadas, que sin embargo la \u201cjusticia\u201d de Formosa sostiene: intimidaci\u00f3n p\u00fablica, instigaci\u00f3n a cometer delitos, asociaci\u00f3n il\u00edcita, robo en banda, amenazas, lesiones, agresi\u00f3n y usurpaci\u00f3n.<\/p>\n<p>Fue detenido el pasado 14 de abril en el Barrio Obrero de Ingeniero Ju\u00e1rez donde se hab\u00edan producido violentos enfrentamientos entre criollos e ind\u00edgenas. Agust\u00edn, ajeno a los hechos, se acerc\u00f3 a una reuni\u00f3n en esa comunidad para interiorizarse de lo que hab\u00eda pasado. M\u00e1s tarde su esposa relatar\u00eda: <em>\u201ccu\u00e1ndo se estaba yendo, la polic\u00eda lo llam\u00f3 con la mano y \u00e9l se detuvo. Cuando la polic\u00eda lleg\u00f3 a \u00e9l, le meti\u00f3 una trompada en la cara y \u00e9l se cay\u00f3 de la moto; \u2026el polic\u00eda vio caer a Agust\u00edn, lo empez\u00f3 a golpear y como diez polic\u00edas cayeron sobre \u00e9l. Lo llevaron entre muchos. Lo arrastraron por el suelo. Tiene las manos y los brazos marcados. Fue brutalmente golpeado. Tiene cortes en la frente y la boca hinchada porque le pegaron; golpes en las costillas, la espalda y los hombros\u2026\u201d<\/em>. No lo detuvieron porque hubiera participado en lo que sucedi\u00f3, sino porque es un luchador conocido y era una buena detenci\u00f3n a mostrar. Desde entonces lo recluyeron en la Alcaid\u00eda de Las Lomitas, en sus propias palabras <em>\u201cen un calabozo de 2 x 3, sin ba\u00f1o, donde s\u00f3lo entra una cama\u201d.<\/em><\/p>\n<p>El Estado no le brind\u00f3 la defensa gratuita que manda la ley para quien no tiene recursos. A trav\u00e9s de su presidente, F\u00e9lix D\u00edaz, el Consejo Consultivo\u00b9 reclam\u00f3 hasta conseguir que el INAI accediera a pagar los honorarios del abogado que ahora lo representa, quien solicit\u00f3 sin \u00e9xito la excarcelaci\u00f3n y denuncia las acusaciones infundadas y el armado de las causas.<\/p>\n<div id=\"attachment_491504\" class=\"wp-caption alignnone\"><img loading=\"lazy\" decoding=\"async\" aria-describedby=\"caption-attachment-491504\" class=\"size-large wp-image-491504\" src=\"https:\/\/www.pressenza.com\/wp-content\/uploads\/2017\/07\/con-felix-reinaldo-720x497.jpg\" alt=\"\" width=\"720\" height=\"497\" srcset=\"https:\/\/www.pressenza.com\/wp-content\/uploads\/2017\/07\/con-felix-reinaldo-720x497.jpg 720w, https:\/\/www.pressenza.com\/wp-content\/uploads\/2017\/07\/con-felix-reinaldo-300x207.jpg 300w, https:\/\/www.pressenza.com\/wp-content\/uploads\/2017\/07\/con-felix-reinaldo-768x530.jpg 768w, https:\/\/www.pressenza.com\/wp-content\/uploads\/2017\/07\/con-felix-reinaldo.jpg 800w\" sizes=\"auto, (max-width: 720px) 100vw, 720px\" \/><p id=\"caption-attachment-491504\" class=\"wp-caption-text\">Agust\u00edn con F\u00e9lix D\u00edaz en Asamblea del Consejo Consultivo, diciembre de 2016. Foto Reinaldo Ortega<\/p><\/div>\n<p><strong>Huelga de hambre y hostilidad<\/strong><\/p>\n<p>El 26 de junio Agust\u00edn inici\u00f3 una huelga de hambre. Explic\u00f3 su decisi\u00f3n en una breve carta dirigida a sus amigos, en la que pide ayuda para difundir su situaci\u00f3n, \u201c<em>para que llegue a todos que estoy preso por los pol\u00edticos que quieren tapar la corrupci\u00f3n y el genocidio de los wich\u00ed. Estoy preso injustamente. Los que hacen mal est\u00e1n sueltos y yo tengo que andar sufriendo en calabozo d\u00eda y noche.\u201d<\/em><\/p>\n<p>Ayer Gabriela Torres, su esposa, nos dijo por tel\u00e9fono que est\u00e1 muy preocupada por su salud: en su \u00faltima visita le impidieron verlo, pero supo que hab\u00edan tenido que llevarlo al hospital porque le dol\u00eda mucho el pecho. <em>\u201cSi le pasa algo a mi vida, ellos son los culpables\u201d<\/em>, dec\u00eda \u00e9l en una carta previa.<\/p>\n<p>Como Gabriela, tampoco pudieron verlo los comunicadores populares de La Retaguardia que viajaron para interiorizarse de la situaci\u00f3n. Ellos terminaron teniendo, claramente, una <a href=\"https:\/\/www.pressenza.com\/es\/2017\/07\/formosa-servicios-inteligencia-intentan-amedrentar-comunicadores-la-retaguardia\/\" target=\"_blank\" rel=\"noopener noreferrer\">muestra del acoso y la hostilidad<\/a> que sufren los opositores al gobierno provincial.<\/p>\n<p>Efectivamente, quien va a Formosa y se interesa puntualmente por la situaci\u00f3n de alg\u00fan referente ind\u00edgena o alguna comunidad, es seguido ostensiblemente por los patrulleros provinciales, por ejemplo, o interrogado en el lugar donde se aloja o en la calle. Pero esas son apenas muestras parciales de la democracia local. El paquete completo es el que sufren permanentemente los opositores a Insfr\u00e1n que viven y se quedan ah\u00ed, muy especialmente los pueblos ind\u00edgenas. Para ellos la violaci\u00f3n sistem\u00e1tica de derechos, la inseguridad jur\u00eddica y el desamparo son el trato habitual.<\/p>\n<p>Precisamente por eso est\u00e1 preso Agust\u00edn: porque lo que reclama es cierto y el gobierno necesita desalentar a los que luchan, demostrar lo que les pasa si se atreven a mantenerse en pie. Por eso pide ayuda para difundir su situaci\u00f3n, porque sabe que si su reclamo queda encerrado en Formosa el que va a seguir encerrado indefinidamente es \u00e9l.<\/p>\n<p>\u00c9l persiste valientemente en su intento. Otros sentimos que no podemos hacer menos que responder a su pedido y acompa\u00f1arlo.<\/p>\n<div id=\"attachment_491513\" class=\"wp-caption alignnone\"><img loading=\"lazy\" decoding=\"async\" aria-describedby=\"caption-attachment-491513\" class=\"size-large wp-image-491513\" src=\"https:\/\/www.pressenza.com\/wp-content\/uploads\/2017\/07\/P1020961-720x510.jpg\" alt=\"\" width=\"720\" height=\"510\" srcset=\"https:\/\/www.pressenza.com\/wp-content\/uploads\/2017\/07\/P1020961-720x510.jpg 720w, https:\/\/www.pressenza.com\/wp-content\/uploads\/2017\/07\/P1020961-300x213.jpg 300w, https:\/\/www.pressenza.com\/wp-content\/uploads\/2017\/07\/P1020961-768x544.jpg 768w, https:\/\/www.pressenza.com\/wp-content\/uploads\/2017\/07\/P1020961.jpg 800w\" sizes=\"auto, (max-width: 720px) 100vw, 720px\" \/><p id=\"caption-attachment-491513\" class=\"wp-caption-text\">Integrantes de comunidades de Formosa piden la libertad de Agust\u00edn Santill\u00e1n. Asamblea del Consejo Consultivo, Junio\u00a0de\u00a02017. Foto Resistencia Qom<\/p><\/div>\n<hr \/>\n<p>\u00b9 Consejo Consultivo y Participativo de los Pueblos Ind\u00edgenas de Argentina<\/p>\n","protected":false},"excerpt":{"rendered":"<p>Hoy cumple tres meses de c\u00e1rcel Agust\u00edn Santill\u00e1n, wich\u00ed, 35 a\u00f1os, preso pol\u00edtico del gobierno de Formosa. Est\u00e1 preso por defender tenazmente los derechos de su pueblo y negarse a aceptar las condiciones miserables que pretende imponerles el gobernador Gildo&hellip;<\/p>\n","protected":false},"author":1187,"featured_media":491535,"comment_status":"closed","ping_status":"closed","sticky":false,"template":"","format":"standard","meta":{"footnotes":""},"categories":[11389,80,67],"tags":[27894,26,29095,18593,3059,25444,5323,22210,18507,19687],"class_list":["post-491455","post","type-post","status-publish","format-standard","has-post-thumbnail","hentry","category-contenido-original","category-pueblos-originarios","category-sudamerica","tag-agustin-santillan","tag-argentina","tag-consejo-consultivo","tag-felix-diaz","tag-formosa","tag-gildo-insfran","tag-indigenas","tag-pueblos-originarios","tag-territorios","tag-wichi"],"yoast_head":"<!-- This site is optimized with the Yoast SEO plugin v27.1.1 - https:\/\/yoast.com\/product\/yoast-seo-wordpress\/ -->\n<title>Agust\u00edn Santill\u00e1n, preso pol\u00edtico de Insfr\u00e1n<\/title>\n<meta name=\"description\" content=\"Hoy cumple tres meses de c\u00e1rcel Agust\u00edn Santill\u00e1n, wich\u00ed, 35 a\u00f1os, preso pol\u00edtico del gobierno de Formosa. Est\u00e1 preso por defender tenazmente los derechos\" \/>\n<meta name=\"robots\" content=\"index, follow, max-snippet:-1, max-image-preview:large, max-video-preview:-1\" \/>\n<link rel=\"canonical\" href=\"https:\/\/www.pressenza.com\/es\/2017\/07\/agustin-santillan-preso-politico-insfran\/\" \/>\n<meta property=\"og:locale\" content=\"es_ES\" \/>\n<meta property=\"og:type\" content=\"article\" \/>\n<meta property=\"og:title\" content=\"Agust\u00edn Santill\u00e1n, preso pol\u00edtico de Insfr\u00e1n\" \/>\n<meta property=\"og:description\" content=\"Hoy cumple tres meses de c\u00e1rcel Agust\u00edn Santill\u00e1n, wich\u00ed, 35 a\u00f1os, preso pol\u00edtico del gobierno de Formosa. Est\u00e1 preso por defender tenazmente los derechos\" \/>\n<meta property=\"og:url\" content=\"https:\/\/www.pressenza.com\/es\/2017\/07\/agustin-santillan-preso-politico-insfran\/\" \/>\n<meta property=\"og:site_name\" content=\"Pressenza\" \/>\n<meta property=\"article:publisher\" content=\"https:\/\/www.facebook.com\/PressenzaItalia\" \/>\n<meta property=\"article:author\" content=\"Alicia Blanco\" \/>\n<meta property=\"article:published_time\" content=\"2017-07-14T20:43:49+00:00\" \/>\n<meta property=\"article:modified_time\" content=\"2017-07-14T21:00:42+00:00\" \/>\n<meta property=\"og:image\" content=\"https:\/\/www.pressenza.com\/wp-content\/uploads\/2017\/07\/agustin-posteriz-2.jpg\" \/>\n\t<meta property=\"og:image:width\" content=\"795\" \/>\n\t<meta property=\"og:image:height\" content=\"425\" \/>\n\t<meta property=\"og:image:type\" content=\"image\/jpeg\" \/>\n<meta name=\"author\" content=\"Alicia Blanco\" \/>\n<meta name=\"twitter:card\" content=\"summary_large_image\" \/>\n<meta name=\"twitter:creator\" content=\"@aliciablancoar\" \/>\n<meta name=\"twitter:site\" content=\"@PressenzaIPA\" \/>\n<meta name=\"twitter:label1\" content=\"Escrito por\" \/>\n\t<meta name=\"twitter:data1\" content=\"Alicia Blanco\" \/>\n\t<meta name=\"twitter:label2\" content=\"Tiempo de lectura\" \/>\n\t<meta name=\"twitter:data2\" content=\"4 minutos\" \/>\n<script type=\"application\/ld+json\" class=\"yoast-schema-graph\">{\"@context\":\"https:\/\/schema.org\",\"@graph\":[{\"@type\":\"Article\",\"@id\":\"https:\/\/www.pressenza.com\/es\/2017\/07\/agustin-santillan-preso-politico-insfran\/#article\",\"isPartOf\":{\"@id\":\"https:\/\/www.pressenza.com\/es\/2017\/07\/agustin-santillan-preso-politico-insfran\/\"},\"author\":{\"name\":\"Alicia Blanco\",\"@id\":\"https:\/\/www.pressenza.com\/es\/#\/schema\/person\/cd1c733ed7825bc0f36b165c74e256a3\"},\"headline\":\"Agust\u00edn Santill\u00e1n, preso pol\u00edtico de Insfr\u00e1n\",\"datePublished\":\"2017-07-14T20:43:49+00:00\",\"dateModified\":\"2017-07-14T21:00:42+00:00\",\"mainEntityOfPage\":{\"@id\":\"https:\/\/www.pressenza.com\/es\/2017\/07\/agustin-santillan-preso-politico-insfran\/\"},\"wordCount\":836,\"publisher\":{\"@id\":\"https:\/\/www.pressenza.com\/es\/#organization\"},\"image\":{\"@id\":\"https:\/\/www.pressenza.com\/es\/2017\/07\/agustin-santillan-preso-politico-insfran\/#primaryimage\"},\"thumbnailUrl\":\"https:\/\/www.pressenza.com\/wp-content\/uploads\/2017\/07\/agustin-posteriz-2.jpg\",\"keywords\":[\"Agust\u00edn Santill\u00e1n\",\"Argentina\",\"Consejo consultivo\",\"F\u00e9lix D\u00edaz\",\"Formosa\",\"Gildo Insfr\u00e1n\",\"indigenas\",\"Pueblos Originarios\",\"territorios\",\"wich\u00ed\"],\"articleSection\":[\"Contenido Original\",\"Pueblos Originarios\",\"Sudam\u00e9rica\"],\"inLanguage\":\"es\"},{\"@type\":\"WebPage\",\"@id\":\"https:\/\/www.pressenza.com\/es\/2017\/07\/agustin-santillan-preso-politico-insfran\/\",\"url\":\"https:\/\/www.pressenza.com\/es\/2017\/07\/agustin-santillan-preso-politico-insfran\/\",\"name\":\"Agust\u00edn Santill\u00e1n, preso pol\u00edtico de Insfr\u00e1n\",\"isPartOf\":{\"@id\":\"https:\/\/www.pressenza.com\/es\/#website\"},\"primaryImageOfPage\":{\"@id\":\"https:\/\/www.pressenza.com\/es\/2017\/07\/agustin-santillan-preso-politico-insfran\/#primaryimage\"},\"image\":{\"@id\":\"https:\/\/www.pressenza.com\/es\/2017\/07\/agustin-santillan-preso-politico-insfran\/#primaryimage\"},\"thumbnailUrl\":\"https:\/\/www.pressenza.com\/wp-content\/uploads\/2017\/07\/agustin-posteriz-2.jpg\",\"datePublished\":\"2017-07-14T20:43:49+00:00\",\"dateModified\":\"2017-07-14T21:00:42+00:00\",\"description\":\"Hoy cumple tres meses de c\u00e1rcel Agust\u00edn Santill\u00e1n, wich\u00ed, 35 a\u00f1os, preso pol\u00edtico del gobierno de Formosa. Est\u00e1 preso por defender tenazmente los derechos\",\"breadcrumb\":{\"@id\":\"https:\/\/www.pressenza.com\/es\/2017\/07\/agustin-santillan-preso-politico-insfran\/#breadcrumb\"},\"inLanguage\":\"es\",\"potentialAction\":[{\"@type\":\"ReadAction\",\"target\":[\"https:\/\/www.pressenza.com\/es\/2017\/07\/agustin-santillan-preso-politico-insfran\/\"]}]},{\"@type\":\"ImageObject\",\"inLanguage\":\"es\",\"@id\":\"https:\/\/www.pressenza.com\/es\/2017\/07\/agustin-santillan-preso-politico-insfran\/#primaryimage\",\"url\":\"https:\/\/www.pressenza.com\/wp-content\/uploads\/2017\/07\/agustin-posteriz-2.jpg\",\"contentUrl\":\"https:\/\/www.pressenza.com\/wp-content\/uploads\/2017\/07\/agustin-posteriz-2.jpg\",\"width\":795,\"height\":425},{\"@type\":\"BreadcrumbList\",\"@id\":\"https:\/\/www.pressenza.com\/es\/2017\/07\/agustin-santillan-preso-politico-insfran\/#breadcrumb\",\"itemListElement\":[{\"@type\":\"ListItem\",\"position\":1,\"name\":\"Accueil\",\"item\":\"https:\/\/www.pressenza.com\/es\/\"},{\"@type\":\"ListItem\",\"position\":2,\"name\":\"Agust\u00edn Santill\u00e1n, preso pol\u00edtico de Insfr\u00e1n\"}]},{\"@type\":\"WebSite\",\"@id\":\"https:\/\/www.pressenza.com\/es\/#website\",\"url\":\"https:\/\/www.pressenza.com\/es\/\",\"name\":\"Pressenza\",\"description\":\"International Press Agency\",\"publisher\":{\"@id\":\"https:\/\/www.pressenza.com\/es\/#organization\"},\"potentialAction\":[{\"@type\":\"SearchAction\",\"target\":{\"@type\":\"EntryPoint\",\"urlTemplate\":\"https:\/\/www.pressenza.com\/es\/?s={search_term_string}\"},\"query-input\":{\"@type\":\"PropertyValueSpecification\",\"valueRequired\":true,\"valueName\":\"search_term_string\"}}],\"inLanguage\":\"es\"},{\"@type\":\"Organization\",\"@id\":\"https:\/\/www.pressenza.com\/es\/#organization\",\"name\":\"Pressenza\",\"url\":\"https:\/\/www.pressenza.com\/es\/\",\"logo\":{\"@type\":\"ImageObject\",\"inLanguage\":\"es\",\"@id\":\"https:\/\/www.pressenza.com\/es\/#\/schema\/logo\/image\/\",\"url\":\"https:\/\/www.pressenza.com\/wp-content\/uploads\/2022\/10\/pressenza_logo_200x200.jpg\",\"contentUrl\":\"https:\/\/www.pressenza.com\/wp-content\/uploads\/2022\/10\/pressenza_logo_200x200.jpg\",\"width\":200,\"height\":200,\"caption\":\"Pressenza\"},\"image\":{\"@id\":\"https:\/\/www.pressenza.com\/es\/#\/schema\/logo\/image\/\"},\"sameAs\":[\"https:\/\/www.facebook.com\/PressenzaItalia\",\"https:\/\/x.com\/PressenzaIPA\"]},{\"@type\":\"Person\",\"@id\":\"https:\/\/www.pressenza.com\/es\/#\/schema\/person\/cd1c733ed7825bc0f36b165c74e256a3\",\"name\":\"Alicia Blanco\",\"description\":\"Humanista, co-directora de Pressenza.\",\"sameAs\":[\"Alicia Blanco\",\"https:\/\/x.com\/aliciablancoar\"],\"url\":\"https:\/\/www.pressenza.com\/es\/author\/alicia-blanco\/\"}]}<\/script>\n<!-- \/ Yoast SEO plugin. -->","yoast_head_json":{"title":"Agust\u00edn Santill\u00e1n, preso pol\u00edtico de Insfr\u00e1n","description":"Hoy cumple tres meses de c\u00e1rcel Agust\u00edn Santill\u00e1n, wich\u00ed, 35 a\u00f1os, preso pol\u00edtico del gobierno de Formosa. Est\u00e1 preso por defender tenazmente los derechos","robots":{"index":"index","follow":"follow","max-snippet":"max-snippet:-1","max-image-preview":"max-image-preview:large","max-video-preview":"max-video-preview:-1"},"canonical":"https:\/\/www.pressenza.com\/es\/2017\/07\/agustin-santillan-preso-politico-insfran\/","og_locale":"es_ES","og_type":"article","og_title":"Agust\u00edn Santill\u00e1n, preso pol\u00edtico de Insfr\u00e1n","og_description":"Hoy cumple tres meses de c\u00e1rcel Agust\u00edn Santill\u00e1n, wich\u00ed, 35 a\u00f1os, preso pol\u00edtico del gobierno de Formosa. Est\u00e1 preso por defender tenazmente los derechos","og_url":"https:\/\/www.pressenza.com\/es\/2017\/07\/agustin-santillan-preso-politico-insfran\/","og_site_name":"Pressenza","article_publisher":"https:\/\/www.facebook.com\/PressenzaItalia","article_author":"Alicia Blanco","article_published_time":"2017-07-14T20:43:49+00:00","article_modified_time":"2017-07-14T21:00:42+00:00","og_image":[{"width":795,"height":425,"url":"https:\/\/www.pressenza.com\/wp-content\/uploads\/2017\/07\/agustin-posteriz-2.jpg","type":"image\/jpeg"}],"author":"Alicia Blanco","twitter_card":"summary_large_image","twitter_creator":"@aliciablancoar","twitter_site":"@PressenzaIPA","twitter_misc":{"Escrito por":"Alicia Blanco","Tiempo de lectura":"4 minutos"},"schema":{"@context":"https:\/\/schema.org","@graph":[{"@type":"Article","@id":"https:\/\/www.pressenza.com\/es\/2017\/07\/agustin-santillan-preso-politico-insfran\/#article","isPartOf":{"@id":"https:\/\/www.pressenza.com\/es\/2017\/07\/agustin-santillan-preso-politico-insfran\/"},"author":{"name":"Alicia Blanco","@id":"https:\/\/www.pressenza.com\/es\/#\/schema\/person\/cd1c733ed7825bc0f36b165c74e256a3"},"headline":"Agust\u00edn Santill\u00e1n, preso pol\u00edtico de Insfr\u00e1n","datePublished":"2017-07-14T20:43:49+00:00","dateModified":"2017-07-14T21:00:42+00:00","mainEntityOfPage":{"@id":"https:\/\/www.pressenza.com\/es\/2017\/07\/agustin-santillan-preso-politico-insfran\/"},"wordCount":836,"publisher":{"@id":"https:\/\/www.pressenza.com\/es\/#organization"},"image":{"@id":"https:\/\/www.pressenza.com\/es\/2017\/07\/agustin-santillan-preso-politico-insfran\/#primaryimage"},"thumbnailUrl":"https:\/\/www.pressenza.com\/wp-content\/uploads\/2017\/07\/agustin-posteriz-2.jpg","keywords":["Agust\u00edn Santill\u00e1n","Argentina","Consejo consultivo","F\u00e9lix D\u00edaz","Formosa","Gildo Insfr\u00e1n","indigenas","Pueblos Originarios","territorios","wich\u00ed"],"articleSection":["Contenido Original","Pueblos Originarios","Sudam\u00e9rica"],"inLanguage":"es"},{"@type":"WebPage","@id":"https:\/\/www.pressenza.com\/es\/2017\/07\/agustin-santillan-preso-politico-insfran\/","url":"https:\/\/www.pressenza.com\/es\/2017\/07\/agustin-santillan-preso-politico-insfran\/","name":"Agust\u00edn Santill\u00e1n, preso pol\u00edtico de Insfr\u00e1n","isPartOf":{"@id":"https:\/\/www.pressenza.com\/es\/#website"},"primaryImageOfPage":{"@id":"https:\/\/www.pressenza.com\/es\/2017\/07\/agustin-santillan-preso-politico-insfran\/#primaryimage"},"image":{"@id":"https:\/\/www.pressenza.com\/es\/2017\/07\/agustin-santillan-preso-politico-insfran\/#primaryimage"},"thumbnailUrl":"https:\/\/www.pressenza.com\/wp-content\/uploads\/2017\/07\/agustin-posteriz-2.jpg","datePublished":"2017-07-14T20:43:49+00:00","dateModified":"2017-07-14T21:00:42+00:00","description":"Hoy cumple tres meses de c\u00e1rcel Agust\u00edn Santill\u00e1n, wich\u00ed, 35 a\u00f1os, preso pol\u00edtico del gobierno de Formosa. Est\u00e1 preso por defender tenazmente los derechos","breadcrumb":{"@id":"https:\/\/www.pressenza.com\/es\/2017\/07\/agustin-santillan-preso-politico-insfran\/#breadcrumb"},"inLanguage":"es","potentialAction":[{"@type":"ReadAction","target":["https:\/\/www.pressenza.com\/es\/2017\/07\/agustin-santillan-preso-politico-insfran\/"]}]},{"@type":"ImageObject","inLanguage":"es","@id":"https:\/\/www.pressenza.com\/es\/2017\/07\/agustin-santillan-preso-politico-insfran\/#primaryimage","url":"https:\/\/www.pressenza.com\/wp-content\/uploads\/2017\/07\/agustin-posteriz-2.jpg","contentUrl":"https:\/\/www.pressenza.com\/wp-content\/uploads\/2017\/07\/agustin-posteriz-2.jpg","width":795,"height":425},{"@type":"BreadcrumbList","@id":"https:\/\/www.pressenza.com\/es\/2017\/07\/agustin-santillan-preso-politico-insfran\/#breadcrumb","itemListElement":[{"@type":"ListItem","position":1,"name":"Accueil","item":"https:\/\/www.pressenza.com\/es\/"},{"@type":"ListItem","position":2,"name":"Agust\u00edn Santill\u00e1n, preso pol\u00edtico de Insfr\u00e1n"}]},{"@type":"WebSite","@id":"https:\/\/www.pressenza.com\/es\/#website","url":"https:\/\/www.pressenza.com\/es\/","name":"Pressenza","description":"International Press Agency","publisher":{"@id":"https:\/\/www.pressenza.com\/es\/#organization"},"potentialAction":[{"@type":"SearchAction","target":{"@type":"EntryPoint","urlTemplate":"https:\/\/www.pressenza.com\/es\/?s={search_term_string}"},"query-input":{"@type":"PropertyValueSpecification","valueRequired":true,"valueName":"search_term_string"}}],"inLanguage":"es"},{"@type":"Organization","@id":"https:\/\/www.pressenza.com\/es\/#organization","name":"Pressenza","url":"https:\/\/www.pressenza.com\/es\/","logo":{"@type":"ImageObject","inLanguage":"es","@id":"https:\/\/www.pressenza.com\/es\/#\/schema\/logo\/image\/","url":"https:\/\/www.pressenza.com\/wp-content\/uploads\/2022\/10\/pressenza_logo_200x200.jpg","contentUrl":"https:\/\/www.pressenza.com\/wp-content\/uploads\/2022\/10\/pressenza_logo_200x200.jpg","width":200,"height":200,"caption":"Pressenza"},"image":{"@id":"https:\/\/www.pressenza.com\/es\/#\/schema\/logo\/image\/"},"sameAs":["https:\/\/www.facebook.com\/PressenzaItalia","https:\/\/x.com\/PressenzaIPA"]},{"@type":"Person","@id":"https:\/\/www.pressenza.com\/es\/#\/schema\/person\/cd1c733ed7825bc0f36b165c74e256a3","name":"Alicia Blanco","description":"Humanista, co-directora de Pressenza.","sameAs":["Alicia Blanco","https:\/\/x.com\/aliciablancoar"],"url":"https:\/\/www.pressenza.com\/es\/author\/alicia-blanco\/"}]}},"place":"Formosa, Argentina","original_article_url":"","_links":{"self":[{"href":"https:\/\/www.pressenza.com\/es\/wp-json\/wp\/v2\/posts\/491455","targetHints":{"allow":["GET"]}}],"collection":[{"href":"https:\/\/www.pressenza.com\/es\/wp-json\/wp\/v2\/posts"}],"about":[{"href":"https:\/\/www.pressenza.com\/es\/wp-json\/wp\/v2\/types\/post"}],"author":[{"embeddable":true,"href":"https:\/\/www.pressenza.com\/es\/wp-json\/wp\/v2\/users\/1187"}],"replies":[{"embeddable":true,"href":"https:\/\/www.pressenza.com\/es\/wp-json\/wp\/v2\/comments?post=491455"}],"version-history":[{"count":0,"href":"https:\/\/www.pressenza.com\/es\/wp-json\/wp\/v2\/posts\/491455\/revisions"}],"wp:featuredmedia":[{"embeddable":true,"href":"https:\/\/www.pressenza.com\/es\/wp-json\/wp\/v2\/media\/491535"}],"wp:attachment":[{"href":"https:\/\/www.pressenza.com\/es\/wp-json\/wp\/v2\/media?parent=491455"}],"wp:term":[{"taxonomy":"category","embeddable":true,"href":"https:\/\/www.pressenza.com\/es\/wp-json\/wp\/v2\/categories?post=491455"},{"taxonomy":"post_tag","embeddable":true,"href":"https:\/\/www.pressenza.com\/es\/wp-json\/wp\/v2\/tags?post=491455"}],"curies":[{"name":"wp","href":"https:\/\/api.w.org\/{rel}","templated":true}]}}