{"id":488138,"date":"2017-07-09T01:00:29","date_gmt":"2017-07-09T00:00:29","guid":{"rendered":"https:\/\/www.pressenza.com\/?p=488138\/"},"modified":"2017-07-09T01:00:29","modified_gmt":"2017-07-09T00:00:29","slug":"cuando","status":"publish","type":"post","link":"https:\/\/www.pressenza.com\/es\/2017\/07\/cuando\/","title":{"rendered":"Cuando"},"content":{"rendered":"<div id=\"yui_3_16_0_ym19_1_1499427609518_109553\">\n<p id=\"yui_3_16_0_ym19_1_1499427609518_109561\">Cuando encender la luz, abrir una canilla y prender una estufa vuelvan a ser gestos cotidianos y no un viaje hacia el territorio de la incertidumbre.<\/p>\n<p>Cuando la bicicleta sea otra vez un medio de desplazamiento f\u00edsico y no un sill\u00f3n para bur\u00f3cratas o el modo de reproducir billetes.<\/p>\n<p id=\"yui_3_16_0_ym19_1_1499427609518_109567\">Cuando una carrera cient\u00edfica no termine m\u00e1s en un tacho de basura o en un mullido laboratorio anglosaj\u00f3n.<\/p>\n<p id=\"yui_3_16_0_ym19_1_1499427609518_109569\">Cuando una jubilada salga de la farmacia con su medicamento y no con una arruga m\u00e1s en la frente.<\/p>\n<p id=\"yui_3_16_0_ym19_1_1499427609518_109552\">Cuando una mujer pobre pueda abortar de manera legal, segura y gratuita en un hospital p\u00fablico y no en la carnicer\u00eda del barrio, escondida y entre ratas, moscas y avergonzada.<\/p>\n<p id=\"yui_3_16_0_ym19_1_1499427609518_109558\">Cuando un decreto vuelva a ser una invitaci\u00f3n al festejo y no un misil a la l\u00ednea de flotaci\u00f3n de los humildes.<\/p>\n<p>Cuando ingresar a la escuela p\u00fablica sea un ascenso y no una ca\u00edda.<\/p>\n<p>Cuando el trabajo sea un organizador de la vida familiar y no una utop\u00eda perdida.<\/p>\n<p>Cuando el ombligo recupere su condici\u00f3n de cicatriz del origen en lugar de jugar a ser c\u00faspide de la monta\u00f1a de los valores.<\/p>\n<p>Cuando la pol\u00edtica sea un cursus honorum y no un gerenciamiento corporativo.<\/p>\n<p id=\"yui_3_16_0_ym19_1_1499427609518_109583\">Cuando no sea un milagro la libertad de ella.<\/p>\n<p id=\"yui_3_16_0_ym19_1_1499427609518_109581\">Cuando Al\u00ed Bab\u00e1 y los 40 ladrones dejen la Casa de Gobierno y regresen al libro que los hizo c\u00e9lebres hace mil y una noches.<\/p>\n<p id=\"yui_3_16_0_ym19_1_1499427609518_109579\">Cuando Bullrich sea s\u00f3lo un patio, lo tomemos y hagamos un parque ecol\u00f3gico con peces rojos y globos aerost\u00e1ticos multicolores, menos uno.<\/p>\n<p id=\"yui_3_16_0_ym19_1_1499427609518_109577\">Cuando digamos Paco y nos venga a la memoria Ib\u00e1\u00f1ez y sus cantos o Porr\u00faa y sus ediciones y deje de ser el mutilador de cerebros de nuestros pibes pobres.<\/p>\n<p id=\"yui_3_16_0_ym19_1_1499427609518_109571\">Cuando un banco sea un mueble para apoyar el culo en una plaza mientras nos besamos y no la casa madre de las estafas.<\/p>\n<p id=\"yui_3_16_0_ym19_1_1499427609518_109573\">Entonces, cuando nuestros muertos nos manden que cantemos, como dice Mario, cuando empecemos a reconstruir el nido celeste y blanco de este territorio mestizo, cuando ya no quede m\u00e1s tiempo para lamentos y llegue la luz del trabajo consciente y fecundo, nos tomaremos de las manos y antes del primer ladrillo recordaremos los versos mareados de Cad\u00edcamo: \u00abY, sin embargo, \u00a1ay!, mir\u00e1 lo que qued\u00f3\u00bb.<\/p>\n<\/div>\n<div id=\"yui_3_16_0_ym19_1_1499427609518_109575\"><\/div>\n","protected":false},"excerpt":{"rendered":"<p>Cuando encender la luz, abrir una canilla y prender una estufa vuelvan a ser gestos cotidianos y no un viaje hacia el territorio de la incertidumbre. Cuando la bicicleta sea otra vez un medio de desplazamiento f\u00edsico y no un&hellip;<\/p>\n","protected":false},"author":922,"featured_media":488139,"comment_status":"closed","ping_status":"closed","sticky":false,"template":"","format":"standard","meta":{"footnotes":""},"categories":[11389,75,161,67],"tags":[26,336,970,3296],"class_list":["post-488138","post","type-post","status-publish","format-standard","has-post-thumbnail","hentry","category-contenido-original","category-cultura-es","category-opiniones","category-sudamerica","tag-argentina","tag-cultura-2","tag-poesia","tag-utopia"],"yoast_head":"<!-- This site is optimized with the Yoast SEO plugin v27.1.1 - https:\/\/yoast.com\/product\/yoast-seo-wordpress\/ -->\n<title>Cuando<\/title>\n<meta name=\"description\" content=\"Cuando encender la luz, abrir una canilla y prender una estufa vuelvan a ser gestos cotidianos y no un viaje hacia el territorio de la incertidumbre.\" \/>\n<meta name=\"robots\" content=\"index, follow, max-snippet:-1, max-image-preview:large, max-video-preview:-1\" \/>\n<link rel=\"canonical\" href=\"https:\/\/www.pressenza.com\/es\/2017\/07\/cuando\/\" \/>\n<meta property=\"og:locale\" content=\"es_ES\" \/>\n<meta property=\"og:type\" content=\"article\" \/>\n<meta property=\"og:title\" content=\"Cuando\" \/>\n<meta property=\"og:description\" content=\"Cuando encender la luz, abrir una canilla y prender una estufa vuelvan a ser gestos cotidianos y no un viaje hacia el territorio de la incertidumbre.\" \/>\n<meta property=\"og:url\" content=\"https:\/\/www.pressenza.com\/es\/2017\/07\/cuando\/\" \/>\n<meta property=\"og:site_name\" content=\"Pressenza\" \/>\n<meta property=\"article:publisher\" content=\"https:\/\/www.facebook.com\/PressenzaItalia\" \/>\n<meta property=\"article:published_time\" content=\"2017-07-09T00:00:29+00:00\" \/>\n<meta property=\"og:image\" content=\"https:\/\/www.pressenza.com\/wp-content\/uploads\/2017\/07\/gwen4.jpg\" \/>\n\t<meta property=\"og:image:width\" content=\"960\" \/>\n\t<meta property=\"og:image:height\" content=\"640\" \/>\n\t<meta property=\"og:image:type\" content=\"image\/jpeg\" \/>\n<meta name=\"author\" content=\"Julio Rudman\" \/>\n<meta name=\"twitter:card\" content=\"summary_large_image\" \/>\n<meta name=\"twitter:creator\" content=\"@PressenzaIPA\" \/>\n<meta name=\"twitter:site\" content=\"@PressenzaIPA\" \/>\n<meta name=\"twitter:label1\" content=\"Escrito por\" \/>\n\t<meta name=\"twitter:data1\" content=\"Julio Rudman\" \/>\n\t<meta name=\"twitter:label2\" content=\"Tiempo de lectura\" \/>\n\t<meta name=\"twitter:data2\" content=\"2 minutos\" \/>\n<script type=\"application\/ld+json\" class=\"yoast-schema-graph\">{\"@context\":\"https:\/\/schema.org\",\"@graph\":[{\"@type\":\"Article\",\"@id\":\"https:\/\/www.pressenza.com\/es\/2017\/07\/cuando\/#article\",\"isPartOf\":{\"@id\":\"https:\/\/www.pressenza.com\/es\/2017\/07\/cuando\/\"},\"author\":{\"name\":\"Julio Rudman\",\"@id\":\"https:\/\/www.pressenza.com\/es\/#\/schema\/person\/bfb2123ddd224e1ceebc4f8ae8a61b3d\"},\"headline\":\"Cuando\",\"datePublished\":\"2017-07-09T00:00:29+00:00\",\"mainEntityOfPage\":{\"@id\":\"https:\/\/www.pressenza.com\/es\/2017\/07\/cuando\/\"},\"wordCount\":403,\"publisher\":{\"@id\":\"https:\/\/www.pressenza.com\/es\/#organization\"},\"image\":{\"@id\":\"https:\/\/www.pressenza.com\/es\/2017\/07\/cuando\/#primaryimage\"},\"thumbnailUrl\":\"https:\/\/www.pressenza.com\/wp-content\/uploads\/2017\/07\/gwen4.jpg\",\"keywords\":[\"Argentina\",\"cultura\",\"poes\u00eda\",\"utopia\"],\"articleSection\":[\"Contenido Original\",\"Cultura y Medios\",\"Opiniones\",\"Sudam\u00e9rica\"],\"inLanguage\":\"es\"},{\"@type\":\"WebPage\",\"@id\":\"https:\/\/www.pressenza.com\/es\/2017\/07\/cuando\/\",\"url\":\"https:\/\/www.pressenza.com\/es\/2017\/07\/cuando\/\",\"name\":\"Cuando\",\"isPartOf\":{\"@id\":\"https:\/\/www.pressenza.com\/es\/#website\"},\"primaryImageOfPage\":{\"@id\":\"https:\/\/www.pressenza.com\/es\/2017\/07\/cuando\/#primaryimage\"},\"image\":{\"@id\":\"https:\/\/www.pressenza.com\/es\/2017\/07\/cuando\/#primaryimage\"},\"thumbnailUrl\":\"https:\/\/www.pressenza.com\/wp-content\/uploads\/2017\/07\/gwen4.jpg\",\"datePublished\":\"2017-07-09T00:00:29+00:00\",\"description\":\"Cuando encender la luz, abrir una canilla y prender una estufa vuelvan a ser gestos cotidianos y no un viaje hacia el territorio de la incertidumbre.\",\"breadcrumb\":{\"@id\":\"https:\/\/www.pressenza.com\/es\/2017\/07\/cuando\/#breadcrumb\"},\"inLanguage\":\"es\",\"potentialAction\":[{\"@type\":\"ReadAction\",\"target\":[\"https:\/\/www.pressenza.com\/es\/2017\/07\/cuando\/\"]}]},{\"@type\":\"ImageObject\",\"inLanguage\":\"es\",\"@id\":\"https:\/\/www.pressenza.com\/es\/2017\/07\/cuando\/#primaryimage\",\"url\":\"https:\/\/www.pressenza.com\/wp-content\/uploads\/2017\/07\/gwen4.jpg\",\"contentUrl\":\"https:\/\/www.pressenza.com\/wp-content\/uploads\/2017\/07\/gwen4.jpg\",\"width\":960,\"height\":640},{\"@type\":\"BreadcrumbList\",\"@id\":\"https:\/\/www.pressenza.com\/es\/2017\/07\/cuando\/#breadcrumb\",\"itemListElement\":[{\"@type\":\"ListItem\",\"position\":1,\"name\":\"Accueil\",\"item\":\"https:\/\/www.pressenza.com\/es\/\"},{\"@type\":\"ListItem\",\"position\":2,\"name\":\"Cuando\"}]},{\"@type\":\"WebSite\",\"@id\":\"https:\/\/www.pressenza.com\/es\/#website\",\"url\":\"https:\/\/www.pressenza.com\/es\/\",\"name\":\"Pressenza\",\"description\":\"International Press Agency\",\"publisher\":{\"@id\":\"https:\/\/www.pressenza.com\/es\/#organization\"},\"potentialAction\":[{\"@type\":\"SearchAction\",\"target\":{\"@type\":\"EntryPoint\",\"urlTemplate\":\"https:\/\/www.pressenza.com\/es\/?s={search_term_string}\"},\"query-input\":{\"@type\":\"PropertyValueSpecification\",\"valueRequired\":true,\"valueName\":\"search_term_string\"}}],\"inLanguage\":\"es\"},{\"@type\":\"Organization\",\"@id\":\"https:\/\/www.pressenza.com\/es\/#organization\",\"name\":\"Pressenza\",\"url\":\"https:\/\/www.pressenza.com\/es\/\",\"logo\":{\"@type\":\"ImageObject\",\"inLanguage\":\"es\",\"@id\":\"https:\/\/www.pressenza.com\/es\/#\/schema\/logo\/image\/\",\"url\":\"https:\/\/www.pressenza.com\/wp-content\/uploads\/2022\/10\/pressenza_logo_200x200.jpg\",\"contentUrl\":\"https:\/\/www.pressenza.com\/wp-content\/uploads\/2022\/10\/pressenza_logo_200x200.jpg\",\"width\":200,\"height\":200,\"caption\":\"Pressenza\"},\"image\":{\"@id\":\"https:\/\/www.pressenza.com\/es\/#\/schema\/logo\/image\/\"},\"sameAs\":[\"https:\/\/www.facebook.com\/PressenzaItalia\",\"https:\/\/x.com\/PressenzaIPA\"]},{\"@type\":\"Person\",\"@id\":\"https:\/\/www.pressenza.com\/es\/#\/schema\/person\/bfb2123ddd224e1ceebc4f8ae8a61b3d\",\"name\":\"Julio Rudman\",\"url\":\"https:\/\/www.pressenza.com\/es\/author\/juliorudman\/\"}]}<\/script>\n<!-- \/ Yoast SEO plugin. -->","yoast_head_json":{"title":"Cuando","description":"Cuando encender la luz, abrir una canilla y prender una estufa vuelvan a ser gestos cotidianos y no un viaje hacia el territorio de la incertidumbre.","robots":{"index":"index","follow":"follow","max-snippet":"max-snippet:-1","max-image-preview":"max-image-preview:large","max-video-preview":"max-video-preview:-1"},"canonical":"https:\/\/www.pressenza.com\/es\/2017\/07\/cuando\/","og_locale":"es_ES","og_type":"article","og_title":"Cuando","og_description":"Cuando encender la luz, abrir una canilla y prender una estufa vuelvan a ser gestos cotidianos y no un viaje hacia el territorio de la incertidumbre.","og_url":"https:\/\/www.pressenza.com\/es\/2017\/07\/cuando\/","og_site_name":"Pressenza","article_publisher":"https:\/\/www.facebook.com\/PressenzaItalia","article_published_time":"2017-07-09T00:00:29+00:00","og_image":[{"width":960,"height":640,"url":"https:\/\/www.pressenza.com\/wp-content\/uploads\/2017\/07\/gwen4.jpg","type":"image\/jpeg"}],"author":"Julio Rudman","twitter_card":"summary_large_image","twitter_creator":"@PressenzaIPA","twitter_site":"@PressenzaIPA","twitter_misc":{"Escrito por":"Julio Rudman","Tiempo de lectura":"2 minutos"},"schema":{"@context":"https:\/\/schema.org","@graph":[{"@type":"Article","@id":"https:\/\/www.pressenza.com\/es\/2017\/07\/cuando\/#article","isPartOf":{"@id":"https:\/\/www.pressenza.com\/es\/2017\/07\/cuando\/"},"author":{"name":"Julio Rudman","@id":"https:\/\/www.pressenza.com\/es\/#\/schema\/person\/bfb2123ddd224e1ceebc4f8ae8a61b3d"},"headline":"Cuando","datePublished":"2017-07-09T00:00:29+00:00","mainEntityOfPage":{"@id":"https:\/\/www.pressenza.com\/es\/2017\/07\/cuando\/"},"wordCount":403,"publisher":{"@id":"https:\/\/www.pressenza.com\/es\/#organization"},"image":{"@id":"https:\/\/www.pressenza.com\/es\/2017\/07\/cuando\/#primaryimage"},"thumbnailUrl":"https:\/\/www.pressenza.com\/wp-content\/uploads\/2017\/07\/gwen4.jpg","keywords":["Argentina","cultura","poes\u00eda","utopia"],"articleSection":["Contenido Original","Cultura y Medios","Opiniones","Sudam\u00e9rica"],"inLanguage":"es"},{"@type":"WebPage","@id":"https:\/\/www.pressenza.com\/es\/2017\/07\/cuando\/","url":"https:\/\/www.pressenza.com\/es\/2017\/07\/cuando\/","name":"Cuando","isPartOf":{"@id":"https:\/\/www.pressenza.com\/es\/#website"},"primaryImageOfPage":{"@id":"https:\/\/www.pressenza.com\/es\/2017\/07\/cuando\/#primaryimage"},"image":{"@id":"https:\/\/www.pressenza.com\/es\/2017\/07\/cuando\/#primaryimage"},"thumbnailUrl":"https:\/\/www.pressenza.com\/wp-content\/uploads\/2017\/07\/gwen4.jpg","datePublished":"2017-07-09T00:00:29+00:00","description":"Cuando encender la luz, abrir una canilla y prender una estufa vuelvan a ser gestos cotidianos y no un viaje hacia el territorio de la incertidumbre.","breadcrumb":{"@id":"https:\/\/www.pressenza.com\/es\/2017\/07\/cuando\/#breadcrumb"},"inLanguage":"es","potentialAction":[{"@type":"ReadAction","target":["https:\/\/www.pressenza.com\/es\/2017\/07\/cuando\/"]}]},{"@type":"ImageObject","inLanguage":"es","@id":"https:\/\/www.pressenza.com\/es\/2017\/07\/cuando\/#primaryimage","url":"https:\/\/www.pressenza.com\/wp-content\/uploads\/2017\/07\/gwen4.jpg","contentUrl":"https:\/\/www.pressenza.com\/wp-content\/uploads\/2017\/07\/gwen4.jpg","width":960,"height":640},{"@type":"BreadcrumbList","@id":"https:\/\/www.pressenza.com\/es\/2017\/07\/cuando\/#breadcrumb","itemListElement":[{"@type":"ListItem","position":1,"name":"Accueil","item":"https:\/\/www.pressenza.com\/es\/"},{"@type":"ListItem","position":2,"name":"Cuando"}]},{"@type":"WebSite","@id":"https:\/\/www.pressenza.com\/es\/#website","url":"https:\/\/www.pressenza.com\/es\/","name":"Pressenza","description":"International Press Agency","publisher":{"@id":"https:\/\/www.pressenza.com\/es\/#organization"},"potentialAction":[{"@type":"SearchAction","target":{"@type":"EntryPoint","urlTemplate":"https:\/\/www.pressenza.com\/es\/?s={search_term_string}"},"query-input":{"@type":"PropertyValueSpecification","valueRequired":true,"valueName":"search_term_string"}}],"inLanguage":"es"},{"@type":"Organization","@id":"https:\/\/www.pressenza.com\/es\/#organization","name":"Pressenza","url":"https:\/\/www.pressenza.com\/es\/","logo":{"@type":"ImageObject","inLanguage":"es","@id":"https:\/\/www.pressenza.com\/es\/#\/schema\/logo\/image\/","url":"https:\/\/www.pressenza.com\/wp-content\/uploads\/2022\/10\/pressenza_logo_200x200.jpg","contentUrl":"https:\/\/www.pressenza.com\/wp-content\/uploads\/2022\/10\/pressenza_logo_200x200.jpg","width":200,"height":200,"caption":"Pressenza"},"image":{"@id":"https:\/\/www.pressenza.com\/es\/#\/schema\/logo\/image\/"},"sameAs":["https:\/\/www.facebook.com\/PressenzaItalia","https:\/\/x.com\/PressenzaIPA"]},{"@type":"Person","@id":"https:\/\/www.pressenza.com\/es\/#\/schema\/person\/bfb2123ddd224e1ceebc4f8ae8a61b3d","name":"Julio Rudman","url":"https:\/\/www.pressenza.com\/es\/author\/juliorudman\/"}]}},"place":"Mendoza, Argentina","original_article_url":"http:\/\/julio-rudman.blogspot.com.ar\/2017\/07\/cuando.html?#","_links":{"self":[{"href":"https:\/\/www.pressenza.com\/es\/wp-json\/wp\/v2\/posts\/488138","targetHints":{"allow":["GET"]}}],"collection":[{"href":"https:\/\/www.pressenza.com\/es\/wp-json\/wp\/v2\/posts"}],"about":[{"href":"https:\/\/www.pressenza.com\/es\/wp-json\/wp\/v2\/types\/post"}],"author":[{"embeddable":true,"href":"https:\/\/www.pressenza.com\/es\/wp-json\/wp\/v2\/users\/922"}],"replies":[{"embeddable":true,"href":"https:\/\/www.pressenza.com\/es\/wp-json\/wp\/v2\/comments?post=488138"}],"version-history":[{"count":0,"href":"https:\/\/www.pressenza.com\/es\/wp-json\/wp\/v2\/posts\/488138\/revisions"}],"wp:featuredmedia":[{"embeddable":true,"href":"https:\/\/www.pressenza.com\/es\/wp-json\/wp\/v2\/media\/488139"}],"wp:attachment":[{"href":"https:\/\/www.pressenza.com\/es\/wp-json\/wp\/v2\/media?parent=488138"}],"wp:term":[{"taxonomy":"category","embeddable":true,"href":"https:\/\/www.pressenza.com\/es\/wp-json\/wp\/v2\/categories?post=488138"},{"taxonomy":"post_tag","embeddable":true,"href":"https:\/\/www.pressenza.com\/es\/wp-json\/wp\/v2\/tags?post=488138"}],"curies":[{"name":"wp","href":"https:\/\/api.w.org\/{rel}","templated":true}]}}