{"id":487466,"date":"2017-07-06T22:31:20","date_gmt":"2017-07-06T21:31:20","guid":{"rendered":"https:\/\/www.pressenza.com\/?p=487466\/"},"modified":"2017-07-06T22:31:20","modified_gmt":"2017-07-06T21:31:20","slug":"venezuela-una-y-solo-una-cara-de-la-moneda","status":"publish","type":"post","link":"https:\/\/www.pressenza.com\/es\/2017\/07\/venezuela-una-y-solo-una-cara-de-la-moneda\/","title":{"rendered":"Venezuela: una y s\u00f3lo una cara de la moneda"},"content":{"rendered":"<p><strong>Omitir, distorsionar o invisibilizar informaciones genera matrices medi\u00e1ticas sesgadas. Hasta ah\u00ed una obviedad. \u00bfPodr\u00edan los abordajes ser m\u00e1s equilibrados?<\/strong><\/p>\n<blockquote class=\"spip_poesie\">\n<div>\u201cEl velo se ha rasgado y hemos visto la luz y se nos quiere volver a las tinieblas: se han roto las cadenas; ya hemos sido libres, y nuestros enemigos pretenden de nuevo esclavizarnos\u2026\u201d Bol\u00edvar, Carta de Jamaica.<\/div>\n<\/blockquote>\n<p>\u201cVenezuela es prisionera de una feroz dictadura\u2026\u201d, al menos esa ser\u00eda la conclusi\u00f3n a la que cualquier audiencia poco informada podr\u00eda llegar a trav\u00e9s de las principales pantallas noticiosas mundiales y sus repetidoras, a todas luces hostiles al proceso chavista y con un poder de fuego nada despreciable. \u201cEn Venezuela no existe la libertad de expresi\u00f3n\u201d, \u201cen Venezuela la gente se muere de hambre y come de la basura\u201d, \u201cen Venezuela hay una dictadura militar que reprime brutalmente y con total impunidad\u201d. Un d\u00eda s\u00ed y otro tambi\u00e9n, millones de personas est\u00e1n sometidas a ese bombardeo medi\u00e1tico, en las radios, en las televisoras, en las redes sociales. Quienes implementan esa guerra medi\u00e1tica llevan una ventaja: decir que Maduro es el responsable de todos los muertos y de todos los males se hace en apenas una l\u00ednea, despu\u00e9s solo basta repetirlo hasta el cansancio.<\/p>\n<p>Han transcurrido m\u00e1s de tres meses desde que la oposici\u00f3n venezolana decidiera adentrarse por el peligroso camino de la violencia para derrocar a la Revoluci\u00f3n Bolivariana. No es la primera vez que optan por esa alternativa: algo similar sucedi\u00f3 cuando el empresario Henrique Capriles Radonski perdi\u00f3 las elecciones presidenciales de 2013 frente a Nicol\u00e1s Maduro y llam\u00f3 a desconocer los resultados, dejando\u00a0<a class=\"spip_out\" href=\"http:\/\/www.psuv.org.ve\/victimas-mortales-violencia-fascista-incitada-por-henrique-capriles-radonski\/\" rel=\"external\">un saldo de 14 muertos, todos chavistas<\/a>. Tambi\u00e9n sucedi\u00f3 en Febrero de 2014, cuando el empresario Leopoldo L\u00f3pez hizo el llamado a \u201cLa Salida\u201d, una estrategia muy similar a la que est\u00e1 en marcha actualmente, dejando un\u00a0<a class=\"spip_out\" href=\"http:\/\/www.mp.gob.ve\/c\/document_library\/get_file?uuid=84bd8560-3906-455f-8b23-495b94b5c1bd&amp;groupId=10136\" rel=\"external\">saldo de 43 muertos, la mayor\u00eda chavistas<\/a>. Y contra Ch\u00e1vez utilizaron esa misma estrategia cada vez que se acercaba un proceso electoral o un intento de golpe de estado. Son datos verificables. Sin embargo, las protestas de 2017 son sin duda la arremetida m\u00e1s violenta de que se tenga memoria desde el inicio de la revoluci\u00f3n.<\/p>\n<dl class=\"spip_document_16658 spip_documents spip_documents_center\">\n<dt><a class=\"spip_out\" title=\"JPEG - 2.8\u00a0MB\" href=\"http:\/\/www.albatv.org\/IMG\/jpg\/venezuela_foto_1.jpg\"><img loading=\"lazy\" decoding=\"async\" src=\"http:\/\/www.albatv.org\/local\/cache-vignettes\/L430xH287\/venezuela_foto_1-7b6f2.jpg\" alt=\"JPEG - 2.8\u00a0MB\" width=\"430\" height=\"287\" \/><\/a><\/dt>\n<dt><em>El comit\u00e9 de v\u00edctimas de las guarimbas se manifiesta durante una marcha contra la Ley de Amnist\u00eda, propuesta legislativa impulsada fallidamente por la oposici\u00f3n venezolana.<\/em><\/dt>\n<\/dl>\n<p>Solo en los meses de abril, mayo y junio de 2017 m\u00e1s de 100 personas fueron asesinadas a consecuencia de la violencia pol\u00edtica: polic\u00edas y militares, civiles que nada ten\u00edan que ver con las protestas, manifestantes opositores y un considerable n\u00famero de simpatizantes del chavismo, en algunos casos v\u00edctimas de linchamientos, disparos o quemados vivos en detestables cr\u00edmenes de odio, eso sin contar a los miles de lesionados y las millonarias p\u00e9rdidas en da\u00f1os a la infraestructura p\u00fablica y comercios. La estrategia opositora ha incluido la quema de unidades de transporte, ataques a las estaciones del metro y metro cables, incendio de edificios gubernamentales, centros culturales, universidades, edificios de la Gran Misi\u00f3n Vivienda Venezuela e incluso instituciones de investigaci\u00f3n cient\u00edfica, asedio de hospitales y materno-infantiles, incendio de locales del Partido Socialista Unido de Venezuela y de casas de militantes o simpatizantes de ese partido, sabotaje el\u00e9ctrico, secuestro e incendio de camiones y galpones de alimentos, lanzamiento de materia fecal, derramamiento de aceite en carreteras, colocaci\u00f3n de guayas (cables tensados de un extremo al otro de las calles, utilizado para decapitar motorizados), paramilitarismo y sicariato, ataques con explosivos y asedio de bases militares o de la Guardia Nacional Bolivariana, trancazos, robo de un helic\u00f3ptero policial y lanzamiento de granadas y r\u00e1fagas de disparos desde el mismo en contra de civiles desarmados, entre muchas otras acciones que pueden calificarse como terroristas. Como tel\u00f3n de fondo, en las \u00faltimas semanas se ha intensificado la\u00a0<a class=\"spip_out\" href=\"https:\/\/ventanabiertasoy.com\/2016\/08\/22\/venezuela-el-pan-como-arma\/\" rel=\"external\">guerra econ\u00f3mica<\/a>, dispar\u00e1ndose los precios y el valor del d\u00f3lar paralelo. En poco m\u00e1s de tres meses, la estrategia opositora ha caotizado la vida cotidiana de la poblaci\u00f3n en diferentes zonas del pa\u00eds, al tiempo que clama por una intervenci\u00f3n extranjera a trav\u00e9s de las vocer\u00edas de la derecha regional en la OEA, del gobierno de Donald Trump y de los gobiernos Europeos. Todo lo anterior acompa\u00f1ado de un cada vez m\u00e1s evidente bloqueo financiero internacional. Es, a todas luces, un complejo plan desestabilizador.<\/p>\n<p>En los medios globales no se dice que el 67% de la totalidad de medios de comunicaci\u00f3n venezolanos est\u00e1n en manos privadas, que son abrumadoramente opositores y que han llamado innumerables veces al magnicidio y al golpe de estado, incluso en d\u00edas recientes. Basta con dar seguimiento a peri\u00f3dicos como El Nacional para constatarlo. La televisora estatal o las televisoras creadas por el gobierno se ubican muy por debajo en rating si se les compara con los canales de televisi\u00f3n privados. No se dice tampoco que desde la muerte de Ch\u00e1vez en 2012 se ha desatado una asfixiante guerra econ\u00f3mica, mucho peor que la que \u201chizo chillar\u201d a la econom\u00eda chilena de Salvador Allende. Mucho menos se dice que las fuerzas policiales y militares encargadas del resguardo del orden p\u00fablico tienen prohibido el porte de armas de fuego durante la contenci\u00f3n de las manifestaciones opositoras, ni que decenas de polic\u00edas y militares que desobedecieron a dicha directriz o cometieron abusos en el uso de la fuerza han sido puestos a la orden de los tribunales respectivos, sin dilaci\u00f3n alguna. Hay algo de lo que tampoco se habla en los medios privados y corporativos de comunicaci\u00f3n: la pr\u00e1ctica del\u00a0<a class=\"spip_out\" href=\"https:\/\/ventanabiertasoy.com\/2016\/08\/08\/uno-dos-tres-sicariato-politico-en-venezuela\/\" rel=\"external\">sicariato pol\u00edtico<\/a>, de la que han sido v\u00edctimas centenares de dirigentes y\u00a0<a class=\"spip_out\" href=\"https:\/\/ventanabiertasoy.com\/2016\/08\/05\/los-exilios-de-fritz\/\" rel=\"external\">militantes chavistas<\/a>\u00a0de manera sistem\u00e1tica y sostenida.<\/p>\n<p>De hecho, fuera de Venezuela se dice sin rubor que las m\u00e1s de 100 muertes ocurridas durante las protestas opositoras de los meses de abril, mayo y junio de 2017 han sido\u00a0<a class=\"spip_out\" href=\"http:\/\/www.albatv.org\/.%20http:\/\/minci.gob.ve\/wp-content\/uploads\/2017\/06\/Victimas-fatales-de-la-violencia-pol%C3%ADtica-en-Venezuela.pdf\">causadas por el gobierno de Nicol\u00e1s Maduro<\/a>, lo cual es falso. Asimismo, se ha instalado una matriz medi\u00e1tica que hace responsable al gobierno chavista de la escasez, las filas para comprar comida, el desabastecimiento, la falta de insumos m\u00e9dicos, los\u00a0<a class=\"spip_out\" href=\"http:\/\/lalenguatv.com.ve\/wp-content\/uploads\/2017\/03\/ManoVisibleMercado.pdf\" rel=\"external\">altos precios de los alimentos y la inflaci\u00f3n galopante<\/a>, lo cual es, cuando menos, muy inexacto (Insertar enlace 8).<\/p>\n<dl class=\"spip_document_16659 spip_documents spip_documents_center\">\n<dt><a class=\"spip_out\" title=\"JPEG - 2.3\u00a0MB\" href=\"http:\/\/www.albatv.org\/IMG\/jpg\/venezuela_foto_2.jpg\"><img loading=\"lazy\" decoding=\"async\" src=\"http:\/\/www.albatv.org\/local\/cache-vignettes\/L430xH285\/venezuela_foto_2-845e3.jpg\" alt=\"JPEG - 2.3\u00a0MB\" width=\"430\" height=\"285\" \/><\/a><\/dt>\n<dt><em>Un ni\u00f1o sostiene una pancarta durante una manifestaci\u00f3n del movimiento de pobladores en apoyo al presidente Nicol\u00e1s Maduro Moros.<\/em><\/dt>\n<\/dl>\n<p><strong>La Venezuela invisibilizada: los otros rostros de la moneda.<\/strong><\/p>\n<p>\u00bfSab\u00edan ustedes que en Venezuela existe una entidad del gobierno dedicada a las mascotas y a los animales en condici\u00f3n de calle? Se llama Misi\u00f3n Nevado y ha continuado su trabajo a pesar de la violencia. En abril pasado fueron\u00a0<a class=\"spip_out\" href=\"https:\/\/twitter.com\/InfoNevado\/status\/851818430886023171\" rel=\"external\">v\u00edctimas de v\u00e1ndalos opositores<\/a>\u00a0que incendiaron con cocteles molotov su unidad m\u00f3vil en el estado Lara. \u00bfSab\u00edan ustedes que cada a\u00f1o en Venezuela se\u00a0<a class=\"spip_out\" href=\"https:\/\/ventanabiertasoy.com\/2016\/09\/12\/el-carnaval\/\" rel=\"external\">celebra el carnaval<\/a>? Y este a\u00f1o 2017, a pesar de las dificultades, se llev\u00f3 a cabo con total normalidad. M\u00fasica, baile, miles de ni\u00f1os y ni\u00f1as en las calles con sus familias. \u00bfLes han hablado de la\u00a0<a class=\"spip_out\" href=\"https:\/\/ventanabiertasoy.com\/2016\/07\/29\/el-otro-mes\/\" rel=\"external\">feria conuquera<\/a>, de la panader\u00eda de La Minka, de los CLAP o de la alpargata solidaria? Son esfuerzos colectivos que, desde la base, buscan soluciones al problema del desabastecimiento y la guerra econ\u00f3mica. \u00bfConocen los alcances de la Gran Misi\u00f3n Vivienda Venezuela? Ya se han construido y entregado m\u00e1s de 1 mill\u00f3n 623 mil 182 casas dignas a personas que antes viv\u00edan en los cerros, a las orillas de los r\u00edos o en los barrancos, damnificados de tr\u00e1gicos fen\u00f3menos naturales o de la pobreza. En tan solo 5 a\u00f1os se han construido m\u00e1s viviendas para la gente pobre que en 70 a\u00f1os de los gobiernos anteriores a la revoluci\u00f3n. Y la meta es llegar a 3 millones de viviendas antes de finalizar el 2019. Todo lo anterior, y muchas otras realidades, son parte de la cotidianidad venezolana. Nada de eso se detiene a pesar de las adversidades. La gran pregunta es: \u00bfpor qu\u00e9 de esto no se habla en los medios de comunicaci\u00f3n? \u00bfQu\u00e9 efecto tiene en las audiencias la invisibilizaci\u00f3n de tan importantes realidades y actores sociales?<\/p>\n<dl class=\"spip_document_16660 spip_documents spip_documents_center\">\n<dt><a class=\"spip_out\" title=\"JPEG - 2.6\u00a0MB\" href=\"http:\/\/www.albatv.org\/IMG\/jpg\/venezuela_foto_3.jpg\"><img loading=\"lazy\" decoding=\"async\" src=\"http:\/\/www.albatv.org\/local\/cache-vignettes\/L430xH287\/venezuela_foto_3-35e63.jpg\" alt=\"JPEG - 2.6\u00a0MB\" width=\"430\" height=\"287\" \/><\/a><\/dt>\n<dt><em>Miembros de Consejos Comunales de todo el pa\u00eds reunidos en una asamblea en Caracas.<\/em><\/dt>\n<\/dl>\n<p>Otro dato, del que se habla poco: falta menos de un mes para la votaci\u00f3n que definir\u00e1 quienes ser\u00e1n los miembros de la\u00a0<a class=\"spip_out\" href=\"https:\/\/www.facebook.com\/AnaGineth\/videos\/10212571657939156\/\" rel=\"external\">Asamblea Nacional Constituyente<\/a>. En la elecci\u00f3n podr\u00e1n participar todas las personas que est\u00e1n inscritas en el padr\u00f3n electoral. M\u00e1s de 52 mil venezolanos se inscribieron como precandidatos, despu\u00e9s de sendas asambleas y reuniones en centenares de organizaciones de base. La oposici\u00f3n estuvo invitada a participar, desde el primer momento, en una jugada arriesgad\u00edsima de parte del presidente Nicol\u00e1s Maduro. Era el camino electoral, para evitar una escalada de la violencia. La oposici\u00f3n decidi\u00f3 no participar. Para el 10 de diciembre est\u00e1n convocadas las elecciones de gobernadores y para el 2019 ser\u00e1n las elecciones presidenciales. \u00bfParticipar\u00e1 entonces la oposici\u00f3n? Ya van m\u00e1s de 100 muertos.<\/p>\n<hr class=\"spip\" \/>\n<p><i><strong>Texto y fotograf\u00edas:<\/strong>\u00a0Allan Barboza-Leit\u00f3n \u2013 Fotorreportero y comunicador social costarricense<\/i><\/p>\n","protected":false},"excerpt":{"rendered":"<p>Omitir, distorsionar o invisibilizar informaciones genera matrices medi\u00e1ticas sesgadas. Hasta ah\u00ed una obviedad. \u00bfPodr\u00edan los abordajes ser m\u00e1s equilibrados? \u201cEl velo se ha rasgado y hemos visto la luz y se nos quiere volver a las tinieblas: se han roto&hellip;<\/p>\n","protected":false},"author":1330,"featured_media":487467,"comment_status":"closed","ping_status":"closed","sticky":false,"template":"","format":"standard","meta":{"footnotes":""},"categories":[75,161,74,67],"tags":[25477,523,23463,3883],"class_list":["post-487466","post","type-post","status-publish","format-standard","has-post-thumbnail","hentry","category-cultura-es","category-opiniones","category-politica-es","category-sudamerica","tag-manipulacion-informativa","tag-medios-de-comunicacion","tag-revolucion-bolivariana","tag-venezuela-es"],"yoast_head":"<!-- This site is optimized with the Yoast SEO plugin v27.1.1 - https:\/\/yoast.com\/product\/yoast-seo-wordpress\/ -->\n<title>Venezuela: una y s\u00f3lo una cara de la moneda<\/title>\n<meta name=\"description\" content=\"Omitir, distorsionar o invisibilizar informaciones genera matrices medi\u00e1ticas sesgadas. Hasta ah\u00ed una obviedad. \u00bfPodr\u00edan los abordajes ser m\u00e1s\" \/>\n<meta name=\"robots\" content=\"index, follow, max-snippet:-1, max-image-preview:large, max-video-preview:-1\" \/>\n<link rel=\"canonical\" href=\"https:\/\/www.pressenza.com\/es\/2017\/07\/venezuela-una-y-solo-una-cara-de-la-moneda\/\" \/>\n<meta property=\"og:locale\" content=\"es_ES\" \/>\n<meta property=\"og:type\" content=\"article\" \/>\n<meta property=\"og:title\" content=\"Venezuela: una y s\u00f3lo una cara de la moneda\" \/>\n<meta property=\"og:description\" content=\"Omitir, distorsionar o invisibilizar informaciones genera matrices medi\u00e1ticas sesgadas. Hasta ah\u00ed una obviedad. \u00bfPodr\u00edan los abordajes ser m\u00e1s\" \/>\n<meta property=\"og:url\" content=\"https:\/\/www.pressenza.com\/es\/2017\/07\/venezuela-una-y-solo-una-cara-de-la-moneda\/\" \/>\n<meta property=\"og:site_name\" content=\"Pressenza\" \/>\n<meta property=\"article:publisher\" content=\"https:\/\/www.facebook.com\/PressenzaItalia\" \/>\n<meta property=\"article:published_time\" content=\"2017-07-06T21:31:20+00:00\" \/>\n<meta property=\"og:image\" content=\"https:\/\/www.pressenza.com\/wp-content\/uploads\/2017\/07\/derecha-vzla.jpg\" \/>\n\t<meta property=\"og:image:width\" content=\"430\" \/>\n\t<meta property=\"og:image:height\" content=\"283\" \/>\n\t<meta property=\"og:image:type\" content=\"image\/jpeg\" \/>\n<meta name=\"author\" content=\"ALBA TV\" \/>\n<meta name=\"twitter:card\" content=\"summary_large_image\" \/>\n<meta name=\"twitter:creator\" content=\"@PressenzaIPA\" \/>\n<meta name=\"twitter:site\" content=\"@PressenzaIPA\" \/>\n<meta name=\"twitter:label1\" content=\"Escrito por\" \/>\n\t<meta name=\"twitter:data1\" content=\"ALBA TV\" \/>\n\t<meta name=\"twitter:label2\" content=\"Tiempo de lectura\" \/>\n\t<meta name=\"twitter:data2\" content=\"8 minutos\" \/>\n<script type=\"application\/ld+json\" class=\"yoast-schema-graph\">{\"@context\":\"https:\/\/schema.org\",\"@graph\":[{\"@type\":\"Article\",\"@id\":\"https:\/\/www.pressenza.com\/es\/2017\/07\/venezuela-una-y-solo-una-cara-de-la-moneda\/#article\",\"isPartOf\":{\"@id\":\"https:\/\/www.pressenza.com\/es\/2017\/07\/venezuela-una-y-solo-una-cara-de-la-moneda\/\"},\"author\":{\"name\":\"ALBA TV\",\"@id\":\"https:\/\/www.pressenza.com\/es\/#\/schema\/person\/235c51d13ccf6d3897c991369403f976\"},\"headline\":\"Venezuela: una y s\u00f3lo una cara de la moneda\",\"datePublished\":\"2017-07-06T21:31:20+00:00\",\"mainEntityOfPage\":{\"@id\":\"https:\/\/www.pressenza.com\/es\/2017\/07\/venezuela-una-y-solo-una-cara-de-la-moneda\/\"},\"wordCount\":1586,\"publisher\":{\"@id\":\"https:\/\/www.pressenza.com\/es\/#organization\"},\"image\":{\"@id\":\"https:\/\/www.pressenza.com\/es\/2017\/07\/venezuela-una-y-solo-una-cara-de-la-moneda\/#primaryimage\"},\"thumbnailUrl\":\"https:\/\/www.pressenza.com\/wp-content\/uploads\/2017\/07\/derecha-vzla.jpg\",\"keywords\":[\"manipulaci\u00f3n informativa\",\"medios de comunicaci\u00f3n\",\"revoluci\u00f3n bolivariana\",\"Venezuela\"],\"articleSection\":[\"Cultura y Medios\",\"Opiniones\",\"Pol\u00edtica\",\"Sudam\u00e9rica\"],\"inLanguage\":\"es\"},{\"@type\":\"WebPage\",\"@id\":\"https:\/\/www.pressenza.com\/es\/2017\/07\/venezuela-una-y-solo-una-cara-de-la-moneda\/\",\"url\":\"https:\/\/www.pressenza.com\/es\/2017\/07\/venezuela-una-y-solo-una-cara-de-la-moneda\/\",\"name\":\"Venezuela: una y s\u00f3lo una cara de la moneda\",\"isPartOf\":{\"@id\":\"https:\/\/www.pressenza.com\/es\/#website\"},\"primaryImageOfPage\":{\"@id\":\"https:\/\/www.pressenza.com\/es\/2017\/07\/venezuela-una-y-solo-una-cara-de-la-moneda\/#primaryimage\"},\"image\":{\"@id\":\"https:\/\/www.pressenza.com\/es\/2017\/07\/venezuela-una-y-solo-una-cara-de-la-moneda\/#primaryimage\"},\"thumbnailUrl\":\"https:\/\/www.pressenza.com\/wp-content\/uploads\/2017\/07\/derecha-vzla.jpg\",\"datePublished\":\"2017-07-06T21:31:20+00:00\",\"description\":\"Omitir, distorsionar o invisibilizar informaciones genera matrices medi\u00e1ticas sesgadas. Hasta ah\u00ed una obviedad. \u00bfPodr\u00edan los abordajes ser m\u00e1s\",\"breadcrumb\":{\"@id\":\"https:\/\/www.pressenza.com\/es\/2017\/07\/venezuela-una-y-solo-una-cara-de-la-moneda\/#breadcrumb\"},\"inLanguage\":\"es\",\"potentialAction\":[{\"@type\":\"ReadAction\",\"target\":[\"https:\/\/www.pressenza.com\/es\/2017\/07\/venezuela-una-y-solo-una-cara-de-la-moneda\/\"]}]},{\"@type\":\"ImageObject\",\"inLanguage\":\"es\",\"@id\":\"https:\/\/www.pressenza.com\/es\/2017\/07\/venezuela-una-y-solo-una-cara-de-la-moneda\/#primaryimage\",\"url\":\"https:\/\/www.pressenza.com\/wp-content\/uploads\/2017\/07\/derecha-vzla.jpg\",\"contentUrl\":\"https:\/\/www.pressenza.com\/wp-content\/uploads\/2017\/07\/derecha-vzla.jpg\",\"width\":430,\"height\":283},{\"@type\":\"BreadcrumbList\",\"@id\":\"https:\/\/www.pressenza.com\/es\/2017\/07\/venezuela-una-y-solo-una-cara-de-la-moneda\/#breadcrumb\",\"itemListElement\":[{\"@type\":\"ListItem\",\"position\":1,\"name\":\"Accueil\",\"item\":\"https:\/\/www.pressenza.com\/es\/\"},{\"@type\":\"ListItem\",\"position\":2,\"name\":\"Venezuela: una y s\u00f3lo una cara de la moneda\"}]},{\"@type\":\"WebSite\",\"@id\":\"https:\/\/www.pressenza.com\/es\/#website\",\"url\":\"https:\/\/www.pressenza.com\/es\/\",\"name\":\"Pressenza\",\"description\":\"International Press Agency\",\"publisher\":{\"@id\":\"https:\/\/www.pressenza.com\/es\/#organization\"},\"potentialAction\":[{\"@type\":\"SearchAction\",\"target\":{\"@type\":\"EntryPoint\",\"urlTemplate\":\"https:\/\/www.pressenza.com\/es\/?s={search_term_string}\"},\"query-input\":{\"@type\":\"PropertyValueSpecification\",\"valueRequired\":true,\"valueName\":\"search_term_string\"}}],\"inLanguage\":\"es\"},{\"@type\":\"Organization\",\"@id\":\"https:\/\/www.pressenza.com\/es\/#organization\",\"name\":\"Pressenza\",\"url\":\"https:\/\/www.pressenza.com\/es\/\",\"logo\":{\"@type\":\"ImageObject\",\"inLanguage\":\"es\",\"@id\":\"https:\/\/www.pressenza.com\/es\/#\/schema\/logo\/image\/\",\"url\":\"https:\/\/www.pressenza.com\/wp-content\/uploads\/2022\/10\/pressenza_logo_200x200.jpg\",\"contentUrl\":\"https:\/\/www.pressenza.com\/wp-content\/uploads\/2022\/10\/pressenza_logo_200x200.jpg\",\"width\":200,\"height\":200,\"caption\":\"Pressenza\"},\"image\":{\"@id\":\"https:\/\/www.pressenza.com\/es\/#\/schema\/logo\/image\/\"},\"sameAs\":[\"https:\/\/www.facebook.com\/PressenzaItalia\",\"https:\/\/x.com\/PressenzaIPA\"]},{\"@type\":\"Person\",\"@id\":\"https:\/\/www.pressenza.com\/es\/#\/schema\/person\/235c51d13ccf6d3897c991369403f976\",\"name\":\"ALBA TV\",\"url\":\"https:\/\/www.pressenza.com\/es\/author\/alba-tv\/\"}]}<\/script>\n<!-- \/ Yoast SEO plugin. -->","yoast_head_json":{"title":"Venezuela: una y s\u00f3lo una cara de la moneda","description":"Omitir, distorsionar o invisibilizar informaciones genera matrices medi\u00e1ticas sesgadas. Hasta ah\u00ed una obviedad. \u00bfPodr\u00edan los abordajes ser m\u00e1s","robots":{"index":"index","follow":"follow","max-snippet":"max-snippet:-1","max-image-preview":"max-image-preview:large","max-video-preview":"max-video-preview:-1"},"canonical":"https:\/\/www.pressenza.com\/es\/2017\/07\/venezuela-una-y-solo-una-cara-de-la-moneda\/","og_locale":"es_ES","og_type":"article","og_title":"Venezuela: una y s\u00f3lo una cara de la moneda","og_description":"Omitir, distorsionar o invisibilizar informaciones genera matrices medi\u00e1ticas sesgadas. Hasta ah\u00ed una obviedad. \u00bfPodr\u00edan los abordajes ser m\u00e1s","og_url":"https:\/\/www.pressenza.com\/es\/2017\/07\/venezuela-una-y-solo-una-cara-de-la-moneda\/","og_site_name":"Pressenza","article_publisher":"https:\/\/www.facebook.com\/PressenzaItalia","article_published_time":"2017-07-06T21:31:20+00:00","og_image":[{"width":430,"height":283,"url":"https:\/\/www.pressenza.com\/wp-content\/uploads\/2017\/07\/derecha-vzla.jpg","type":"image\/jpeg"}],"author":"ALBA TV","twitter_card":"summary_large_image","twitter_creator":"@PressenzaIPA","twitter_site":"@PressenzaIPA","twitter_misc":{"Escrito por":"ALBA TV","Tiempo de lectura":"8 minutos"},"schema":{"@context":"https:\/\/schema.org","@graph":[{"@type":"Article","@id":"https:\/\/www.pressenza.com\/es\/2017\/07\/venezuela-una-y-solo-una-cara-de-la-moneda\/#article","isPartOf":{"@id":"https:\/\/www.pressenza.com\/es\/2017\/07\/venezuela-una-y-solo-una-cara-de-la-moneda\/"},"author":{"name":"ALBA TV","@id":"https:\/\/www.pressenza.com\/es\/#\/schema\/person\/235c51d13ccf6d3897c991369403f976"},"headline":"Venezuela: una y s\u00f3lo una cara de la moneda","datePublished":"2017-07-06T21:31:20+00:00","mainEntityOfPage":{"@id":"https:\/\/www.pressenza.com\/es\/2017\/07\/venezuela-una-y-solo-una-cara-de-la-moneda\/"},"wordCount":1586,"publisher":{"@id":"https:\/\/www.pressenza.com\/es\/#organization"},"image":{"@id":"https:\/\/www.pressenza.com\/es\/2017\/07\/venezuela-una-y-solo-una-cara-de-la-moneda\/#primaryimage"},"thumbnailUrl":"https:\/\/www.pressenza.com\/wp-content\/uploads\/2017\/07\/derecha-vzla.jpg","keywords":["manipulaci\u00f3n informativa","medios de comunicaci\u00f3n","revoluci\u00f3n bolivariana","Venezuela"],"articleSection":["Cultura y Medios","Opiniones","Pol\u00edtica","Sudam\u00e9rica"],"inLanguage":"es"},{"@type":"WebPage","@id":"https:\/\/www.pressenza.com\/es\/2017\/07\/venezuela-una-y-solo-una-cara-de-la-moneda\/","url":"https:\/\/www.pressenza.com\/es\/2017\/07\/venezuela-una-y-solo-una-cara-de-la-moneda\/","name":"Venezuela: una y s\u00f3lo una cara de la moneda","isPartOf":{"@id":"https:\/\/www.pressenza.com\/es\/#website"},"primaryImageOfPage":{"@id":"https:\/\/www.pressenza.com\/es\/2017\/07\/venezuela-una-y-solo-una-cara-de-la-moneda\/#primaryimage"},"image":{"@id":"https:\/\/www.pressenza.com\/es\/2017\/07\/venezuela-una-y-solo-una-cara-de-la-moneda\/#primaryimage"},"thumbnailUrl":"https:\/\/www.pressenza.com\/wp-content\/uploads\/2017\/07\/derecha-vzla.jpg","datePublished":"2017-07-06T21:31:20+00:00","description":"Omitir, distorsionar o invisibilizar informaciones genera matrices medi\u00e1ticas sesgadas. Hasta ah\u00ed una obviedad. \u00bfPodr\u00edan los abordajes ser m\u00e1s","breadcrumb":{"@id":"https:\/\/www.pressenza.com\/es\/2017\/07\/venezuela-una-y-solo-una-cara-de-la-moneda\/#breadcrumb"},"inLanguage":"es","potentialAction":[{"@type":"ReadAction","target":["https:\/\/www.pressenza.com\/es\/2017\/07\/venezuela-una-y-solo-una-cara-de-la-moneda\/"]}]},{"@type":"ImageObject","inLanguage":"es","@id":"https:\/\/www.pressenza.com\/es\/2017\/07\/venezuela-una-y-solo-una-cara-de-la-moneda\/#primaryimage","url":"https:\/\/www.pressenza.com\/wp-content\/uploads\/2017\/07\/derecha-vzla.jpg","contentUrl":"https:\/\/www.pressenza.com\/wp-content\/uploads\/2017\/07\/derecha-vzla.jpg","width":430,"height":283},{"@type":"BreadcrumbList","@id":"https:\/\/www.pressenza.com\/es\/2017\/07\/venezuela-una-y-solo-una-cara-de-la-moneda\/#breadcrumb","itemListElement":[{"@type":"ListItem","position":1,"name":"Accueil","item":"https:\/\/www.pressenza.com\/es\/"},{"@type":"ListItem","position":2,"name":"Venezuela: una y s\u00f3lo una cara de la moneda"}]},{"@type":"WebSite","@id":"https:\/\/www.pressenza.com\/es\/#website","url":"https:\/\/www.pressenza.com\/es\/","name":"Pressenza","description":"International Press Agency","publisher":{"@id":"https:\/\/www.pressenza.com\/es\/#organization"},"potentialAction":[{"@type":"SearchAction","target":{"@type":"EntryPoint","urlTemplate":"https:\/\/www.pressenza.com\/es\/?s={search_term_string}"},"query-input":{"@type":"PropertyValueSpecification","valueRequired":true,"valueName":"search_term_string"}}],"inLanguage":"es"},{"@type":"Organization","@id":"https:\/\/www.pressenza.com\/es\/#organization","name":"Pressenza","url":"https:\/\/www.pressenza.com\/es\/","logo":{"@type":"ImageObject","inLanguage":"es","@id":"https:\/\/www.pressenza.com\/es\/#\/schema\/logo\/image\/","url":"https:\/\/www.pressenza.com\/wp-content\/uploads\/2022\/10\/pressenza_logo_200x200.jpg","contentUrl":"https:\/\/www.pressenza.com\/wp-content\/uploads\/2022\/10\/pressenza_logo_200x200.jpg","width":200,"height":200,"caption":"Pressenza"},"image":{"@id":"https:\/\/www.pressenza.com\/es\/#\/schema\/logo\/image\/"},"sameAs":["https:\/\/www.facebook.com\/PressenzaItalia","https:\/\/x.com\/PressenzaIPA"]},{"@type":"Person","@id":"https:\/\/www.pressenza.com\/es\/#\/schema\/person\/235c51d13ccf6d3897c991369403f976","name":"ALBA TV","url":"https:\/\/www.pressenza.com\/es\/author\/alba-tv\/"}]}},"place":"","original_article_url":"http:\/\/www.albatv.org\/Venezuela-una-y-solo-una-cara-de.html?#","_links":{"self":[{"href":"https:\/\/www.pressenza.com\/es\/wp-json\/wp\/v2\/posts\/487466","targetHints":{"allow":["GET"]}}],"collection":[{"href":"https:\/\/www.pressenza.com\/es\/wp-json\/wp\/v2\/posts"}],"about":[{"href":"https:\/\/www.pressenza.com\/es\/wp-json\/wp\/v2\/types\/post"}],"author":[{"embeddable":true,"href":"https:\/\/www.pressenza.com\/es\/wp-json\/wp\/v2\/users\/1330"}],"replies":[{"embeddable":true,"href":"https:\/\/www.pressenza.com\/es\/wp-json\/wp\/v2\/comments?post=487466"}],"version-history":[{"count":0,"href":"https:\/\/www.pressenza.com\/es\/wp-json\/wp\/v2\/posts\/487466\/revisions"}],"wp:featuredmedia":[{"embeddable":true,"href":"https:\/\/www.pressenza.com\/es\/wp-json\/wp\/v2\/media\/487467"}],"wp:attachment":[{"href":"https:\/\/www.pressenza.com\/es\/wp-json\/wp\/v2\/media?parent=487466"}],"wp:term":[{"taxonomy":"category","embeddable":true,"href":"https:\/\/www.pressenza.com\/es\/wp-json\/wp\/v2\/categories?post=487466"},{"taxonomy":"post_tag","embeddable":true,"href":"https:\/\/www.pressenza.com\/es\/wp-json\/wp\/v2\/tags?post=487466"}],"curies":[{"name":"wp","href":"https:\/\/api.w.org\/{rel}","templated":true}]}}