{"id":48742,"date":"2013-04-21T02:56:18","date_gmt":"2013-04-21T01:56:18","guid":{"rendered":"http:\/\/www.pressenza.com\/?p=48742"},"modified":"2013-04-21T02:56:18","modified_gmt":"2013-04-21T01:56:18","slug":"oit-advierte-creciente-desigualdad-por-disparidad-de-salarios-y-productividad","status":"publish","type":"post","link":"https:\/\/www.pressenza.com\/es\/2013\/04\/oit-advierte-creciente-desigualdad-por-disparidad-de-salarios-y-productividad\/","title":{"rendered":"OIT advierte creciente desigualdad por disparidad de salarios y productividad"},"content":{"rendered":"<p>Los sueldos aumentan menos que la productividad a nivel mundial, lo que ha llevado a una \u00abcreciente desigualdad\u00bb de ingresos en la mayor\u00eda de pa\u00edses, advirti\u00f3 la Organizaci\u00f3n Internacional del Trabajo (OIT).<\/p>\n<p>\u00ab<strong>Los salarios van por detr\u00e1s de la productividad en la mayor\u00eda de pa\u00edses<\/strong>, lo que ha llevado a un giro a favor de los beneficios\u00bb, afirm\u00f3 el director general de la OIT, Guy Ryder.<\/p>\n<p>Ese fen\u00f3meno \u00ab<strong>ha contribuido a una creciente desigualdad de ingresos en la mayor\u00eda de pa\u00edses\u00bb<\/strong>, afirm\u00f3 Ryder en el texto del discurso preparado ante la sesi\u00f3n plenaria del Comit\u00e9 Monetario y Financiero (IMFC por su siglas en ingl\u00e9s), m\u00e1ximo \u00f3rgano asesor del Fondo Monetario Internacional (FMI).<\/p>\n<p>El directivo de la OIT destac\u00f3, por lo dem\u00e1s, que la recesi\u00f3n en Europa \u00abest\u00e1 empujando el desempleo a niveles no vistos en generaciones\u00bb y alert\u00f3 que la pobreza est\u00e1 aumentando en los pa\u00edses m\u00e1s afectados por la crisis.<\/p>\n<p>En general, consider\u00f3 que no existe una pol\u00edtica \u00abconvincente\u00bb y \u00abcoordinada\u00bb a nivel global para afrontar el problema del desempleo.<\/p>\n<p>\u00abLas actuales<strong> pol\u00edticas no est\u00e1n deteniendo el aumento del desempleo en las econom\u00edas avanzadas<\/strong> y est\u00e1n frenando el r\u00e1pido crecimiento que los pa\u00edses emergentes y en desarrollo necesitan para satisfacer las demandas de su joven fuerza laboral\u00bb, destac\u00f3.<\/p>\n<p>Para solucionar los problemas existentes <strong>inst\u00f3 a aumentar las inversiones en infraestructura y su mantenimiento, a mejorar las condiciones del cr\u00e9dito para las peque\u00f1as y medianas empresas<\/strong> y a ampliar y reforzar los sistemas de protecci\u00f3n social.<\/p>\n<p>Dijo, adem\u00e1s, que es necesario supervisar las pol\u00edticas salariales en los pa\u00edses en los que los sueldos se han quedado por detr\u00e1s de la productividad, lo que ha llevado a una demanda deficiente \u00aby en algunos casos a una deuda insostenible de los hogares\u00bb.<\/p>\n<p><strong>Insisti\u00f3<\/strong>, por otro lado, <strong>en la necesidad de reforzar los sistemas de educaci\u00f3n y formaci\u00f3n, concentr\u00e1ndose sobre todo en los j\u00f3venes y las mujeres.<\/strong><\/p>\n<p>Lament\u00f3, para finalizar, que cinco a\u00f1os despu\u00e9s del estallido de la crisis \u00abla econom\u00eda global no crezca a un ritmo lo suficientemente r\u00e1pido para crear oportunidades de empleo decentes\u00bb con las que regresar a los niveles de antes de la crisis y acelerar la reducci\u00f3n de la pobreza extrema.<\/p>\n<p>El fondo inici\u00f3 el viernes su asamblea de primavera conjunta con el Banco Mundial (BM) a la que asisten m\u00e1s de 200 ministros de Finanzas y banqueros centrales.<\/p>\n","protected":false},"excerpt":{"rendered":"<p>Los sueldos aumentan menos que la productividad a nivel mundial, lo que ha llevado a una \u00abcreciente desigualdad\u00bb de ingresos en la mayor\u00eda de pa\u00edses, advirti\u00f3 la Organizaci\u00f3n Internacional del Trabajo (OIT). \u00abLos salarios van por detr\u00e1s de la productividad&hellip;<\/p>\n","protected":false},"author":89,"featured_media":48744,"comment_status":"closed","ping_status":"open","sticky":false,"template":"","format":"standard","meta":{"footnotes":""},"categories":[76,81,66],"tags":[355,1161,512],"class_list":["post-48742","post","type-post","status-publish","format-standard","has-post-thumbnail","hentry","category-relaciones-exteriores","category-economia-es","category-europa-es","tag-crisis-es","tag-desahucios","tag-recortes"],"yoast_head":"<!-- This site is optimized with the Yoast SEO plugin v27.1.1 - https:\/\/yoast.com\/product\/yoast-seo-wordpress\/ -->\n<title>OIT advierte creciente desigualdad por disparidad de salarios y productividad<\/title>\n<meta name=\"description\" content=\"Los sueldos aumentan menos que la productividad a nivel mundial, lo que ha llevado a una &quot;creciente desigualdad&quot; de ingresos en la mayor\u00eda de pa\u00edses,\" \/>\n<meta name=\"robots\" content=\"index, follow, max-snippet:-1, max-image-preview:large, max-video-preview:-1\" \/>\n<link rel=\"canonical\" href=\"https:\/\/www.pressenza.com\/es\/2013\/04\/oit-advierte-creciente-desigualdad-por-disparidad-de-salarios-y-productividad\/\" \/>\n<meta property=\"og:locale\" content=\"es_ES\" \/>\n<meta property=\"og:type\" content=\"article\" \/>\n<meta property=\"og:title\" content=\"OIT advierte creciente desigualdad por disparidad de salarios y productividad\" \/>\n<meta property=\"og:description\" content=\"Los sueldos aumentan menos que la productividad a nivel mundial, lo que ha llevado a una &quot;creciente desigualdad&quot; de ingresos en la mayor\u00eda de pa\u00edses,\" \/>\n<meta property=\"og:url\" content=\"https:\/\/www.pressenza.com\/es\/2013\/04\/oit-advierte-creciente-desigualdad-por-disparidad-de-salarios-y-productividad\/\" \/>\n<meta property=\"og:site_name\" content=\"Pressenza\" \/>\n<meta property=\"article:publisher\" content=\"https:\/\/www.facebook.com\/PressenzaItalia\" \/>\n<meta property=\"article:published_time\" content=\"2013-04-21T01:56:18+00:00\" \/>\n<meta property=\"og:image\" content=\"https:\/\/www.pressenza.com\/wp-content\/uploads\/2013\/04\/355cbbc703dce37d3fe41e6f4fc2718e.jpg\" \/>\n\t<meta property=\"og:image:width\" content=\"360\" \/>\n\t<meta property=\"og:image:height\" content=\"120\" \/>\n\t<meta property=\"og:image:type\" content=\"image\/jpeg\" \/>\n<meta name=\"author\" content=\"elespectador.com\" \/>\n<meta name=\"twitter:card\" content=\"summary_large_image\" \/>\n<meta name=\"twitter:creator\" content=\"@elespectador\" \/>\n<meta name=\"twitter:site\" content=\"@PressenzaIPA\" \/>\n<meta name=\"twitter:label1\" content=\"Escrito por\" \/>\n\t<meta name=\"twitter:data1\" content=\"elespectador.com\" \/>\n\t<meta name=\"twitter:label2\" content=\"Tiempo de lectura\" \/>\n\t<meta name=\"twitter:data2\" content=\"2 minutos\" \/>\n<script type=\"application\/ld+json\" class=\"yoast-schema-graph\">{\"@context\":\"https:\/\/schema.org\",\"@graph\":[{\"@type\":\"Article\",\"@id\":\"https:\/\/www.pressenza.com\/es\/2013\/04\/oit-advierte-creciente-desigualdad-por-disparidad-de-salarios-y-productividad\/#article\",\"isPartOf\":{\"@id\":\"https:\/\/www.pressenza.com\/es\/2013\/04\/oit-advierte-creciente-desigualdad-por-disparidad-de-salarios-y-productividad\/\"},\"author\":{\"name\":\"elespectador.com\",\"@id\":\"https:\/\/www.pressenza.com\/es\/#\/schema\/person\/5e08f989260a8b07effb865952c24860\"},\"headline\":\"OIT advierte creciente desigualdad por disparidad de salarios y productividad\",\"datePublished\":\"2013-04-21T01:56:18+00:00\",\"mainEntityOfPage\":{\"@id\":\"https:\/\/www.pressenza.com\/es\/2013\/04\/oit-advierte-creciente-desigualdad-por-disparidad-de-salarios-y-productividad\/\"},\"wordCount\":440,\"publisher\":{\"@id\":\"https:\/\/www.pressenza.com\/es\/#organization\"},\"image\":{\"@id\":\"https:\/\/www.pressenza.com\/es\/2013\/04\/oit-advierte-creciente-desigualdad-por-disparidad-de-salarios-y-productividad\/#primaryimage\"},\"thumbnailUrl\":\"https:\/\/www.pressenza.com\/wp-content\/uploads\/2013\/04\/355cbbc703dce37d3fe41e6f4fc2718e.jpg\",\"keywords\":[\"crisis\",\"desahucios\",\"recortes\"],\"articleSection\":[\"Asuntos internacionales\",\"Econom\u00eda\",\"Europa\"],\"inLanguage\":\"es\"},{\"@type\":\"WebPage\",\"@id\":\"https:\/\/www.pressenza.com\/es\/2013\/04\/oit-advierte-creciente-desigualdad-por-disparidad-de-salarios-y-productividad\/\",\"url\":\"https:\/\/www.pressenza.com\/es\/2013\/04\/oit-advierte-creciente-desigualdad-por-disparidad-de-salarios-y-productividad\/\",\"name\":\"OIT advierte creciente desigualdad por disparidad de salarios y productividad\",\"isPartOf\":{\"@id\":\"https:\/\/www.pressenza.com\/es\/#website\"},\"primaryImageOfPage\":{\"@id\":\"https:\/\/www.pressenza.com\/es\/2013\/04\/oit-advierte-creciente-desigualdad-por-disparidad-de-salarios-y-productividad\/#primaryimage\"},\"image\":{\"@id\":\"https:\/\/www.pressenza.com\/es\/2013\/04\/oit-advierte-creciente-desigualdad-por-disparidad-de-salarios-y-productividad\/#primaryimage\"},\"thumbnailUrl\":\"https:\/\/www.pressenza.com\/wp-content\/uploads\/2013\/04\/355cbbc703dce37d3fe41e6f4fc2718e.jpg\",\"datePublished\":\"2013-04-21T01:56:18+00:00\",\"description\":\"Los sueldos aumentan menos que la productividad a nivel mundial, lo que ha llevado a una \\\"creciente desigualdad\\\" de ingresos en la mayor\u00eda de pa\u00edses,\",\"breadcrumb\":{\"@id\":\"https:\/\/www.pressenza.com\/es\/2013\/04\/oit-advierte-creciente-desigualdad-por-disparidad-de-salarios-y-productividad\/#breadcrumb\"},\"inLanguage\":\"es\",\"potentialAction\":[{\"@type\":\"ReadAction\",\"target\":[\"https:\/\/www.pressenza.com\/es\/2013\/04\/oit-advierte-creciente-desigualdad-por-disparidad-de-salarios-y-productividad\/\"]}]},{\"@type\":\"ImageObject\",\"inLanguage\":\"es\",\"@id\":\"https:\/\/www.pressenza.com\/es\/2013\/04\/oit-advierte-creciente-desigualdad-por-disparidad-de-salarios-y-productividad\/#primaryimage\",\"url\":\"https:\/\/www.pressenza.com\/wp-content\/uploads\/2013\/04\/355cbbc703dce37d3fe41e6f4fc2718e.jpg\",\"contentUrl\":\"https:\/\/www.pressenza.com\/wp-content\/uploads\/2013\/04\/355cbbc703dce37d3fe41e6f4fc2718e.jpg\",\"width\":360,\"height\":120},{\"@type\":\"BreadcrumbList\",\"@id\":\"https:\/\/www.pressenza.com\/es\/2013\/04\/oit-advierte-creciente-desigualdad-por-disparidad-de-salarios-y-productividad\/#breadcrumb\",\"itemListElement\":[{\"@type\":\"ListItem\",\"position\":1,\"name\":\"Accueil\",\"item\":\"https:\/\/www.pressenza.com\/es\/\"},{\"@type\":\"ListItem\",\"position\":2,\"name\":\"OIT advierte creciente desigualdad por disparidad de salarios y productividad\"}]},{\"@type\":\"WebSite\",\"@id\":\"https:\/\/www.pressenza.com\/es\/#website\",\"url\":\"https:\/\/www.pressenza.com\/es\/\",\"name\":\"Pressenza\",\"description\":\"International Press Agency\",\"publisher\":{\"@id\":\"https:\/\/www.pressenza.com\/es\/#organization\"},\"potentialAction\":[{\"@type\":\"SearchAction\",\"target\":{\"@type\":\"EntryPoint\",\"urlTemplate\":\"https:\/\/www.pressenza.com\/es\/?s={search_term_string}\"},\"query-input\":{\"@type\":\"PropertyValueSpecification\",\"valueRequired\":true,\"valueName\":\"search_term_string\"}}],\"inLanguage\":\"es\"},{\"@type\":\"Organization\",\"@id\":\"https:\/\/www.pressenza.com\/es\/#organization\",\"name\":\"Pressenza\",\"url\":\"https:\/\/www.pressenza.com\/es\/\",\"logo\":{\"@type\":\"ImageObject\",\"inLanguage\":\"es\",\"@id\":\"https:\/\/www.pressenza.com\/es\/#\/schema\/logo\/image\/\",\"url\":\"https:\/\/www.pressenza.com\/wp-content\/uploads\/2022\/10\/pressenza_logo_200x200.jpg\",\"contentUrl\":\"https:\/\/www.pressenza.com\/wp-content\/uploads\/2022\/10\/pressenza_logo_200x200.jpg\",\"width\":200,\"height\":200,\"caption\":\"Pressenza\"},\"image\":{\"@id\":\"https:\/\/www.pressenza.com\/es\/#\/schema\/logo\/image\/\"},\"sameAs\":[\"https:\/\/www.facebook.com\/PressenzaItalia\",\"https:\/\/x.com\/PressenzaIPA\"]},{\"@type\":\"Person\",\"@id\":\"https:\/\/www.pressenza.com\/es\/#\/schema\/person\/5e08f989260a8b07effb865952c24860\",\"name\":\"elespectador.com\",\"description\":\"www.elespectador.com\",\"sameAs\":[\"https:\/\/x.com\/elespectador\"],\"url\":\"https:\/\/www.pressenza.com\/es\/author\/elespectador-com\/\"}]}<\/script>\n<!-- \/ Yoast SEO plugin. -->","yoast_head_json":{"title":"OIT advierte creciente desigualdad por disparidad de salarios y productividad","description":"Los sueldos aumentan menos que la productividad a nivel mundial, lo que ha llevado a una \"creciente desigualdad\" de ingresos en la mayor\u00eda de pa\u00edses,","robots":{"index":"index","follow":"follow","max-snippet":"max-snippet:-1","max-image-preview":"max-image-preview:large","max-video-preview":"max-video-preview:-1"},"canonical":"https:\/\/www.pressenza.com\/es\/2013\/04\/oit-advierte-creciente-desigualdad-por-disparidad-de-salarios-y-productividad\/","og_locale":"es_ES","og_type":"article","og_title":"OIT advierte creciente desigualdad por disparidad de salarios y productividad","og_description":"Los sueldos aumentan menos que la productividad a nivel mundial, lo que ha llevado a una \"creciente desigualdad\" de ingresos en la mayor\u00eda de pa\u00edses,","og_url":"https:\/\/www.pressenza.com\/es\/2013\/04\/oit-advierte-creciente-desigualdad-por-disparidad-de-salarios-y-productividad\/","og_site_name":"Pressenza","article_publisher":"https:\/\/www.facebook.com\/PressenzaItalia","article_published_time":"2013-04-21T01:56:18+00:00","og_image":[{"width":360,"height":120,"url":"https:\/\/www.pressenza.com\/wp-content\/uploads\/2013\/04\/355cbbc703dce37d3fe41e6f4fc2718e.jpg","type":"image\/jpeg"}],"author":"elespectador.com","twitter_card":"summary_large_image","twitter_creator":"@elespectador","twitter_site":"@PressenzaIPA","twitter_misc":{"Escrito por":"elespectador.com","Tiempo de lectura":"2 minutos"},"schema":{"@context":"https:\/\/schema.org","@graph":[{"@type":"Article","@id":"https:\/\/www.pressenza.com\/es\/2013\/04\/oit-advierte-creciente-desigualdad-por-disparidad-de-salarios-y-productividad\/#article","isPartOf":{"@id":"https:\/\/www.pressenza.com\/es\/2013\/04\/oit-advierte-creciente-desigualdad-por-disparidad-de-salarios-y-productividad\/"},"author":{"name":"elespectador.com","@id":"https:\/\/www.pressenza.com\/es\/#\/schema\/person\/5e08f989260a8b07effb865952c24860"},"headline":"OIT advierte creciente desigualdad por disparidad de salarios y productividad","datePublished":"2013-04-21T01:56:18+00:00","mainEntityOfPage":{"@id":"https:\/\/www.pressenza.com\/es\/2013\/04\/oit-advierte-creciente-desigualdad-por-disparidad-de-salarios-y-productividad\/"},"wordCount":440,"publisher":{"@id":"https:\/\/www.pressenza.com\/es\/#organization"},"image":{"@id":"https:\/\/www.pressenza.com\/es\/2013\/04\/oit-advierte-creciente-desigualdad-por-disparidad-de-salarios-y-productividad\/#primaryimage"},"thumbnailUrl":"https:\/\/www.pressenza.com\/wp-content\/uploads\/2013\/04\/355cbbc703dce37d3fe41e6f4fc2718e.jpg","keywords":["crisis","desahucios","recortes"],"articleSection":["Asuntos internacionales","Econom\u00eda","Europa"],"inLanguage":"es"},{"@type":"WebPage","@id":"https:\/\/www.pressenza.com\/es\/2013\/04\/oit-advierte-creciente-desigualdad-por-disparidad-de-salarios-y-productividad\/","url":"https:\/\/www.pressenza.com\/es\/2013\/04\/oit-advierte-creciente-desigualdad-por-disparidad-de-salarios-y-productividad\/","name":"OIT advierte creciente desigualdad por disparidad de salarios y productividad","isPartOf":{"@id":"https:\/\/www.pressenza.com\/es\/#website"},"primaryImageOfPage":{"@id":"https:\/\/www.pressenza.com\/es\/2013\/04\/oit-advierte-creciente-desigualdad-por-disparidad-de-salarios-y-productividad\/#primaryimage"},"image":{"@id":"https:\/\/www.pressenza.com\/es\/2013\/04\/oit-advierte-creciente-desigualdad-por-disparidad-de-salarios-y-productividad\/#primaryimage"},"thumbnailUrl":"https:\/\/www.pressenza.com\/wp-content\/uploads\/2013\/04\/355cbbc703dce37d3fe41e6f4fc2718e.jpg","datePublished":"2013-04-21T01:56:18+00:00","description":"Los sueldos aumentan menos que la productividad a nivel mundial, lo que ha llevado a una \"creciente desigualdad\" de ingresos en la mayor\u00eda de pa\u00edses,","breadcrumb":{"@id":"https:\/\/www.pressenza.com\/es\/2013\/04\/oit-advierte-creciente-desigualdad-por-disparidad-de-salarios-y-productividad\/#breadcrumb"},"inLanguage":"es","potentialAction":[{"@type":"ReadAction","target":["https:\/\/www.pressenza.com\/es\/2013\/04\/oit-advierte-creciente-desigualdad-por-disparidad-de-salarios-y-productividad\/"]}]},{"@type":"ImageObject","inLanguage":"es","@id":"https:\/\/www.pressenza.com\/es\/2013\/04\/oit-advierte-creciente-desigualdad-por-disparidad-de-salarios-y-productividad\/#primaryimage","url":"https:\/\/www.pressenza.com\/wp-content\/uploads\/2013\/04\/355cbbc703dce37d3fe41e6f4fc2718e.jpg","contentUrl":"https:\/\/www.pressenza.com\/wp-content\/uploads\/2013\/04\/355cbbc703dce37d3fe41e6f4fc2718e.jpg","width":360,"height":120},{"@type":"BreadcrumbList","@id":"https:\/\/www.pressenza.com\/es\/2013\/04\/oit-advierte-creciente-desigualdad-por-disparidad-de-salarios-y-productividad\/#breadcrumb","itemListElement":[{"@type":"ListItem","position":1,"name":"Accueil","item":"https:\/\/www.pressenza.com\/es\/"},{"@type":"ListItem","position":2,"name":"OIT advierte creciente desigualdad por disparidad de salarios y productividad"}]},{"@type":"WebSite","@id":"https:\/\/www.pressenza.com\/es\/#website","url":"https:\/\/www.pressenza.com\/es\/","name":"Pressenza","description":"International Press Agency","publisher":{"@id":"https:\/\/www.pressenza.com\/es\/#organization"},"potentialAction":[{"@type":"SearchAction","target":{"@type":"EntryPoint","urlTemplate":"https:\/\/www.pressenza.com\/es\/?s={search_term_string}"},"query-input":{"@type":"PropertyValueSpecification","valueRequired":true,"valueName":"search_term_string"}}],"inLanguage":"es"},{"@type":"Organization","@id":"https:\/\/www.pressenza.com\/es\/#organization","name":"Pressenza","url":"https:\/\/www.pressenza.com\/es\/","logo":{"@type":"ImageObject","inLanguage":"es","@id":"https:\/\/www.pressenza.com\/es\/#\/schema\/logo\/image\/","url":"https:\/\/www.pressenza.com\/wp-content\/uploads\/2022\/10\/pressenza_logo_200x200.jpg","contentUrl":"https:\/\/www.pressenza.com\/wp-content\/uploads\/2022\/10\/pressenza_logo_200x200.jpg","width":200,"height":200,"caption":"Pressenza"},"image":{"@id":"https:\/\/www.pressenza.com\/es\/#\/schema\/logo\/image\/"},"sameAs":["https:\/\/www.facebook.com\/PressenzaItalia","https:\/\/x.com\/PressenzaIPA"]},{"@type":"Person","@id":"https:\/\/www.pressenza.com\/es\/#\/schema\/person\/5e08f989260a8b07effb865952c24860","name":"elespectador.com","description":"www.elespectador.com","sameAs":["https:\/\/x.com\/elespectador"],"url":"https:\/\/www.pressenza.com\/es\/author\/elespectador-com\/"}]}},"place":"OIT","original_article_url":"","_links":{"self":[{"href":"https:\/\/www.pressenza.com\/es\/wp-json\/wp\/v2\/posts\/48742","targetHints":{"allow":["GET"]}}],"collection":[{"href":"https:\/\/www.pressenza.com\/es\/wp-json\/wp\/v2\/posts"}],"about":[{"href":"https:\/\/www.pressenza.com\/es\/wp-json\/wp\/v2\/types\/post"}],"author":[{"embeddable":true,"href":"https:\/\/www.pressenza.com\/es\/wp-json\/wp\/v2\/users\/89"}],"replies":[{"embeddable":true,"href":"https:\/\/www.pressenza.com\/es\/wp-json\/wp\/v2\/comments?post=48742"}],"version-history":[{"count":0,"href":"https:\/\/www.pressenza.com\/es\/wp-json\/wp\/v2\/posts\/48742\/revisions"}],"wp:featuredmedia":[{"embeddable":true,"href":"https:\/\/www.pressenza.com\/es\/wp-json\/wp\/v2\/media\/48744"}],"wp:attachment":[{"href":"https:\/\/www.pressenza.com\/es\/wp-json\/wp\/v2\/media?parent=48742"}],"wp:term":[{"taxonomy":"category","embeddable":true,"href":"https:\/\/www.pressenza.com\/es\/wp-json\/wp\/v2\/categories?post=48742"},{"taxonomy":"post_tag","embeddable":true,"href":"https:\/\/www.pressenza.com\/es\/wp-json\/wp\/v2\/tags?post=48742"}],"curies":[{"name":"wp","href":"https:\/\/api.w.org\/{rel}","templated":true}]}}