{"id":48692,"date":"2013-04-20T19:10:11","date_gmt":"2013-04-20T18:10:11","guid":{"rendered":"http:\/\/www.pressenza.com\/?p=48692"},"modified":"2013-04-20T19:10:11","modified_gmt":"2013-04-20T18:10:11","slug":"correa-critica-sistema-capitalista-mundial-durante-su-viaja-a-espana","status":"publish","type":"post","link":"https:\/\/www.pressenza.com\/es\/2013\/04\/correa-critica-sistema-capitalista-mundial-durante-su-viaja-a-espana\/","title":{"rendered":"Correa critica sistema capitalista mundial durante su viaja a Espa\u00f1a"},"content":{"rendered":"<div id=\"div_Detail1\">El presidente de Ecuador, Rafael Correa, ha arremetido contra el sistema capitalista mundial, responsabiliz\u00e1ndolo de la actual crisis econ\u00f3mica mundial.<\/div>\n<p>Desde la capital espa\u00f1ola, Madrid, donde se encuentra de visita oficial, Correa calific\u00f3 el viernes al sistema capitalista y las medidas de austeridad devenidas de ello de ser un problema pol\u00edtico que sirve a los grupos de poder, y anunci\u00f3 que es la causa de la crisis econ\u00f3mica mundial, ya que coloca a los mercados por encima de las personas.<\/p>\n<p>Asimismo, expres\u00f3 su preocupaci\u00f3n porque se est\u00e1n aplicando las mismas pol\u00edticas que en los a\u00f1os 90 el Fondo Monetario Internacional (FMI) recet\u00f3 a Am\u00e9rica Latina.<\/p>\n<p>\u201cEs evidente que en el sistema capitalista el capital financiero tiene supremac\u00eda sobre el ser humano y pretenden convencernos de que as\u00ed tienen que ser las cosas (&#8230;) El problema no es t\u00e9cnico, es pol\u00edtico (&#8230;) Se est\u00e1n cometiendo, entrecomillas, los mismos errores que se cometieron en nuestro continente&#8230; Y digo entrecomillas porque no son errores, sino que se est\u00e1n protegiendo intereses\u201d, sostuvo Correa durante un discurso pronunciado en el Palacio de Vistalegre, ante los ecuatorianos residentes en Espa\u00f1a.<\/p>\n<p>Igualmente, el mandatario ecuatoriano calific\u00f3 de criminal e inmoral la ley hipotecaria espa\u00f1ola que ha provocado el drama social de los desahucios de viviendas en el pa\u00eds europeo, y prometi\u00f3 todo el respaldo jur\u00eddico de su gobierno a miles de ecuatorianos afectados por este \u201cflagelo\u201d.<\/p>\n<p>\u201cPor solidaridad y por convicci\u00f3n tendr\u00e1n nuestro apoyo para tratar de frenar estas normas abusivas que tienen m\u00e1s de 100 a\u00f1os\u201d, sostuvo Correa, al reiterar que denuncia a los sistemas y no a los gobiernos.<\/p>\n<p>Finalmente, el mandatario ecuatoriano agradeci\u00f3 a sus compatriotas residentes en este pa\u00eds europeo el respaldo que le brindaron durante las elecciones presidenciales de Ecuador (obtuvo el 85 % de los votos de la comunidad ecuatoriana radicada en Espa\u00f1a), en las que result\u00f3 reelecto.<\/p>\n<p>En toda Espa\u00f1a viven 600 mil ecuatorianos.<\/p>\n","protected":false},"excerpt":{"rendered":"<p>El presidente de Ecuador, Rafael Correa, ha arremetido contra el sistema capitalista mundial, responsabiliz\u00e1ndolo de la actual crisis econ\u00f3mica mundial. Desde la capital espa\u00f1ola, Madrid, donde se encuentra de visita oficial, Correa calific\u00f3 el viernes al sistema capitalista y las&hellip;<\/p>\n","protected":false},"author":954,"featured_media":48694,"comment_status":"closed","ping_status":"open","sticky":false,"template":"","format":"standard","meta":{"footnotes":""},"categories":[81,66],"tags":[355,1161,1126,512],"class_list":["post-48692","post","type-post","status-publish","format-standard","has-post-thumbnail","hentry","category-economia-es","category-europa-es","tag-crisis-es","tag-desahucios","tag-rafael-correa","tag-recortes"],"yoast_head":"<!-- This site is optimized with the Yoast SEO plugin v27.1.1 - https:\/\/yoast.com\/product\/yoast-seo-wordpress\/ -->\n<title>Correa critica sistema capitalista mundial durante su viaja a Espa\u00f1a<\/title>\n<meta name=\"description\" content=\"El presidente de Ecuador, Rafael Correa, ha arremetido contra el sistema capitalista mundial, responsabiliz\u00e1ndolo de la actual crisis econ\u00f3mica mundial.\" \/>\n<meta name=\"robots\" content=\"index, follow, max-snippet:-1, max-image-preview:large, max-video-preview:-1\" \/>\n<link rel=\"canonical\" href=\"https:\/\/www.pressenza.com\/es\/2013\/04\/correa-critica-sistema-capitalista-mundial-durante-su-viaja-a-espana\/\" \/>\n<meta property=\"og:locale\" content=\"es_ES\" \/>\n<meta property=\"og:type\" content=\"article\" \/>\n<meta property=\"og:title\" content=\"Correa critica sistema capitalista mundial durante su viaja a Espa\u00f1a\" \/>\n<meta property=\"og:description\" content=\"El presidente de Ecuador, Rafael Correa, ha arremetido contra el sistema capitalista mundial, responsabiliz\u00e1ndolo de la actual crisis econ\u00f3mica mundial.\" \/>\n<meta property=\"og:url\" content=\"https:\/\/www.pressenza.com\/es\/2013\/04\/correa-critica-sistema-capitalista-mundial-durante-su-viaja-a-espana\/\" \/>\n<meta property=\"og:site_name\" content=\"Pressenza\" \/>\n<meta property=\"article:publisher\" content=\"https:\/\/www.facebook.com\/PressenzaItalia\" \/>\n<meta property=\"article:author\" content=\"https:\/\/www.facebook.com\/Hispantv\" \/>\n<meta property=\"article:published_time\" content=\"2013-04-20T18:10:11+00:00\" \/>\n<meta property=\"og:image\" content=\"https:\/\/www.pressenza.com\/wp-content\/uploads\/2013\/04\/90018220130420084829813.jpg\" \/>\n\t<meta property=\"og:image:width\" content=\"450\" \/>\n\t<meta property=\"og:image:height\" content=\"300\" \/>\n\t<meta property=\"og:image:type\" content=\"image\/jpeg\" \/>\n<meta name=\"author\" content=\"HispanTV\" \/>\n<meta name=\"twitter:card\" content=\"summary_large_image\" \/>\n<meta name=\"twitter:creator\" content=\"@Hispantv\" \/>\n<meta name=\"twitter:site\" content=\"@PressenzaIPA\" \/>\n<meta name=\"twitter:label1\" content=\"Escrito por\" \/>\n\t<meta name=\"twitter:data1\" content=\"HispanTV\" \/>\n\t<meta name=\"twitter:label2\" content=\"Tiempo de lectura\" \/>\n\t<meta name=\"twitter:data2\" content=\"2 minutos\" \/>\n<script type=\"application\/ld+json\" class=\"yoast-schema-graph\">{\"@context\":\"https:\/\/schema.org\",\"@graph\":[{\"@type\":\"Article\",\"@id\":\"https:\/\/www.pressenza.com\/es\/2013\/04\/correa-critica-sistema-capitalista-mundial-durante-su-viaja-a-espana\/#article\",\"isPartOf\":{\"@id\":\"https:\/\/www.pressenza.com\/es\/2013\/04\/correa-critica-sistema-capitalista-mundial-durante-su-viaja-a-espana\/\"},\"author\":{\"name\":\"HispanTV\",\"@id\":\"https:\/\/www.pressenza.com\/es\/#\/schema\/person\/2e5ffdf0e238fbba512bcf5c97959187\"},\"headline\":\"Correa critica sistema capitalista mundial durante su viaja a Espa\u00f1a\",\"datePublished\":\"2013-04-20T18:10:11+00:00\",\"mainEntityOfPage\":{\"@id\":\"https:\/\/www.pressenza.com\/es\/2013\/04\/correa-critica-sistema-capitalista-mundial-durante-su-viaja-a-espana\/\"},\"wordCount\":344,\"publisher\":{\"@id\":\"https:\/\/www.pressenza.com\/es\/#organization\"},\"image\":{\"@id\":\"https:\/\/www.pressenza.com\/es\/2013\/04\/correa-critica-sistema-capitalista-mundial-durante-su-viaja-a-espana\/#primaryimage\"},\"thumbnailUrl\":\"https:\/\/www.pressenza.com\/wp-content\/uploads\/2013\/04\/90018220130420084829813.jpg\",\"keywords\":[\"crisis\",\"desahucios\",\"Rafael Correa\",\"recortes\"],\"articleSection\":[\"Econom\u00eda\",\"Europa\"],\"inLanguage\":\"es\"},{\"@type\":\"WebPage\",\"@id\":\"https:\/\/www.pressenza.com\/es\/2013\/04\/correa-critica-sistema-capitalista-mundial-durante-su-viaja-a-espana\/\",\"url\":\"https:\/\/www.pressenza.com\/es\/2013\/04\/correa-critica-sistema-capitalista-mundial-durante-su-viaja-a-espana\/\",\"name\":\"Correa critica sistema capitalista mundial durante su viaja a Espa\u00f1a\",\"isPartOf\":{\"@id\":\"https:\/\/www.pressenza.com\/es\/#website\"},\"primaryImageOfPage\":{\"@id\":\"https:\/\/www.pressenza.com\/es\/2013\/04\/correa-critica-sistema-capitalista-mundial-durante-su-viaja-a-espana\/#primaryimage\"},\"image\":{\"@id\":\"https:\/\/www.pressenza.com\/es\/2013\/04\/correa-critica-sistema-capitalista-mundial-durante-su-viaja-a-espana\/#primaryimage\"},\"thumbnailUrl\":\"https:\/\/www.pressenza.com\/wp-content\/uploads\/2013\/04\/90018220130420084829813.jpg\",\"datePublished\":\"2013-04-20T18:10:11+00:00\",\"description\":\"El presidente de Ecuador, Rafael Correa, ha arremetido contra el sistema capitalista mundial, responsabiliz\u00e1ndolo de la actual crisis econ\u00f3mica mundial.\",\"breadcrumb\":{\"@id\":\"https:\/\/www.pressenza.com\/es\/2013\/04\/correa-critica-sistema-capitalista-mundial-durante-su-viaja-a-espana\/#breadcrumb\"},\"inLanguage\":\"es\",\"potentialAction\":[{\"@type\":\"ReadAction\",\"target\":[\"https:\/\/www.pressenza.com\/es\/2013\/04\/correa-critica-sistema-capitalista-mundial-durante-su-viaja-a-espana\/\"]}]},{\"@type\":\"ImageObject\",\"inLanguage\":\"es\",\"@id\":\"https:\/\/www.pressenza.com\/es\/2013\/04\/correa-critica-sistema-capitalista-mundial-durante-su-viaja-a-espana\/#primaryimage\",\"url\":\"https:\/\/www.pressenza.com\/wp-content\/uploads\/2013\/04\/90018220130420084829813.jpg\",\"contentUrl\":\"https:\/\/www.pressenza.com\/wp-content\/uploads\/2013\/04\/90018220130420084829813.jpg\",\"width\":450,\"height\":300},{\"@type\":\"BreadcrumbList\",\"@id\":\"https:\/\/www.pressenza.com\/es\/2013\/04\/correa-critica-sistema-capitalista-mundial-durante-su-viaja-a-espana\/#breadcrumb\",\"itemListElement\":[{\"@type\":\"ListItem\",\"position\":1,\"name\":\"Accueil\",\"item\":\"https:\/\/www.pressenza.com\/es\/\"},{\"@type\":\"ListItem\",\"position\":2,\"name\":\"Correa critica sistema capitalista mundial durante su viaja a Espa\u00f1a\"}]},{\"@type\":\"WebSite\",\"@id\":\"https:\/\/www.pressenza.com\/es\/#website\",\"url\":\"https:\/\/www.pressenza.com\/es\/\",\"name\":\"Pressenza\",\"description\":\"International Press Agency\",\"publisher\":{\"@id\":\"https:\/\/www.pressenza.com\/es\/#organization\"},\"potentialAction\":[{\"@type\":\"SearchAction\",\"target\":{\"@type\":\"EntryPoint\",\"urlTemplate\":\"https:\/\/www.pressenza.com\/es\/?s={search_term_string}\"},\"query-input\":{\"@type\":\"PropertyValueSpecification\",\"valueRequired\":true,\"valueName\":\"search_term_string\"}}],\"inLanguage\":\"es\"},{\"@type\":\"Organization\",\"@id\":\"https:\/\/www.pressenza.com\/es\/#organization\",\"name\":\"Pressenza\",\"url\":\"https:\/\/www.pressenza.com\/es\/\",\"logo\":{\"@type\":\"ImageObject\",\"inLanguage\":\"es\",\"@id\":\"https:\/\/www.pressenza.com\/es\/#\/schema\/logo\/image\/\",\"url\":\"https:\/\/www.pressenza.com\/wp-content\/uploads\/2022\/10\/pressenza_logo_200x200.jpg\",\"contentUrl\":\"https:\/\/www.pressenza.com\/wp-content\/uploads\/2022\/10\/pressenza_logo_200x200.jpg\",\"width\":200,\"height\":200,\"caption\":\"Pressenza\"},\"image\":{\"@id\":\"https:\/\/www.pressenza.com\/es\/#\/schema\/logo\/image\/\"},\"sameAs\":[\"https:\/\/www.facebook.com\/PressenzaItalia\",\"https:\/\/x.com\/PressenzaIPA\"]},{\"@type\":\"Person\",\"@id\":\"https:\/\/www.pressenza.com\/es\/#\/schema\/person\/2e5ffdf0e238fbba512bcf5c97959187\",\"name\":\"HispanTV\",\"description\":\"Trabajar bajo el f\u00e9rreo compromiso como medio de comunicaci\u00f3n para fomentar el acercamiento entre los pueblos de Ir\u00e1n, el Hispanoamericano y los de Medio Oriente, considerando adem\u00e1s la necesidad de crear una mayor cercan\u00eda entre todos los pueblos de Am\u00e9rica Latina. http:\/\/www.hispantv.com\/\",\"sameAs\":[\"http:\/\/www.hispantv.ir\",\"https:\/\/www.facebook.com\/Hispantv\",\"https:\/\/x.com\/Hispantv\"],\"url\":\"https:\/\/www.pressenza.com\/es\/author\/hispantv\/\"}]}<\/script>\n<!-- \/ Yoast SEO plugin. -->","yoast_head_json":{"title":"Correa critica sistema capitalista mundial durante su viaja a Espa\u00f1a","description":"El presidente de Ecuador, Rafael Correa, ha arremetido contra el sistema capitalista mundial, responsabiliz\u00e1ndolo de la actual crisis econ\u00f3mica mundial.","robots":{"index":"index","follow":"follow","max-snippet":"max-snippet:-1","max-image-preview":"max-image-preview:large","max-video-preview":"max-video-preview:-1"},"canonical":"https:\/\/www.pressenza.com\/es\/2013\/04\/correa-critica-sistema-capitalista-mundial-durante-su-viaja-a-espana\/","og_locale":"es_ES","og_type":"article","og_title":"Correa critica sistema capitalista mundial durante su viaja a Espa\u00f1a","og_description":"El presidente de Ecuador, Rafael Correa, ha arremetido contra el sistema capitalista mundial, responsabiliz\u00e1ndolo de la actual crisis econ\u00f3mica mundial.","og_url":"https:\/\/www.pressenza.com\/es\/2013\/04\/correa-critica-sistema-capitalista-mundial-durante-su-viaja-a-espana\/","og_site_name":"Pressenza","article_publisher":"https:\/\/www.facebook.com\/PressenzaItalia","article_author":"https:\/\/www.facebook.com\/Hispantv","article_published_time":"2013-04-20T18:10:11+00:00","og_image":[{"width":450,"height":300,"url":"https:\/\/www.pressenza.com\/wp-content\/uploads\/2013\/04\/90018220130420084829813.jpg","type":"image\/jpeg"}],"author":"HispanTV","twitter_card":"summary_large_image","twitter_creator":"@Hispantv","twitter_site":"@PressenzaIPA","twitter_misc":{"Escrito por":"HispanTV","Tiempo de lectura":"2 minutos"},"schema":{"@context":"https:\/\/schema.org","@graph":[{"@type":"Article","@id":"https:\/\/www.pressenza.com\/es\/2013\/04\/correa-critica-sistema-capitalista-mundial-durante-su-viaja-a-espana\/#article","isPartOf":{"@id":"https:\/\/www.pressenza.com\/es\/2013\/04\/correa-critica-sistema-capitalista-mundial-durante-su-viaja-a-espana\/"},"author":{"name":"HispanTV","@id":"https:\/\/www.pressenza.com\/es\/#\/schema\/person\/2e5ffdf0e238fbba512bcf5c97959187"},"headline":"Correa critica sistema capitalista mundial durante su viaja a Espa\u00f1a","datePublished":"2013-04-20T18:10:11+00:00","mainEntityOfPage":{"@id":"https:\/\/www.pressenza.com\/es\/2013\/04\/correa-critica-sistema-capitalista-mundial-durante-su-viaja-a-espana\/"},"wordCount":344,"publisher":{"@id":"https:\/\/www.pressenza.com\/es\/#organization"},"image":{"@id":"https:\/\/www.pressenza.com\/es\/2013\/04\/correa-critica-sistema-capitalista-mundial-durante-su-viaja-a-espana\/#primaryimage"},"thumbnailUrl":"https:\/\/www.pressenza.com\/wp-content\/uploads\/2013\/04\/90018220130420084829813.jpg","keywords":["crisis","desahucios","Rafael Correa","recortes"],"articleSection":["Econom\u00eda","Europa"],"inLanguage":"es"},{"@type":"WebPage","@id":"https:\/\/www.pressenza.com\/es\/2013\/04\/correa-critica-sistema-capitalista-mundial-durante-su-viaja-a-espana\/","url":"https:\/\/www.pressenza.com\/es\/2013\/04\/correa-critica-sistema-capitalista-mundial-durante-su-viaja-a-espana\/","name":"Correa critica sistema capitalista mundial durante su viaja a Espa\u00f1a","isPartOf":{"@id":"https:\/\/www.pressenza.com\/es\/#website"},"primaryImageOfPage":{"@id":"https:\/\/www.pressenza.com\/es\/2013\/04\/correa-critica-sistema-capitalista-mundial-durante-su-viaja-a-espana\/#primaryimage"},"image":{"@id":"https:\/\/www.pressenza.com\/es\/2013\/04\/correa-critica-sistema-capitalista-mundial-durante-su-viaja-a-espana\/#primaryimage"},"thumbnailUrl":"https:\/\/www.pressenza.com\/wp-content\/uploads\/2013\/04\/90018220130420084829813.jpg","datePublished":"2013-04-20T18:10:11+00:00","description":"El presidente de Ecuador, Rafael Correa, ha arremetido contra el sistema capitalista mundial, responsabiliz\u00e1ndolo de la actual crisis econ\u00f3mica mundial.","breadcrumb":{"@id":"https:\/\/www.pressenza.com\/es\/2013\/04\/correa-critica-sistema-capitalista-mundial-durante-su-viaja-a-espana\/#breadcrumb"},"inLanguage":"es","potentialAction":[{"@type":"ReadAction","target":["https:\/\/www.pressenza.com\/es\/2013\/04\/correa-critica-sistema-capitalista-mundial-durante-su-viaja-a-espana\/"]}]},{"@type":"ImageObject","inLanguage":"es","@id":"https:\/\/www.pressenza.com\/es\/2013\/04\/correa-critica-sistema-capitalista-mundial-durante-su-viaja-a-espana\/#primaryimage","url":"https:\/\/www.pressenza.com\/wp-content\/uploads\/2013\/04\/90018220130420084829813.jpg","contentUrl":"https:\/\/www.pressenza.com\/wp-content\/uploads\/2013\/04\/90018220130420084829813.jpg","width":450,"height":300},{"@type":"BreadcrumbList","@id":"https:\/\/www.pressenza.com\/es\/2013\/04\/correa-critica-sistema-capitalista-mundial-durante-su-viaja-a-espana\/#breadcrumb","itemListElement":[{"@type":"ListItem","position":1,"name":"Accueil","item":"https:\/\/www.pressenza.com\/es\/"},{"@type":"ListItem","position":2,"name":"Correa critica sistema capitalista mundial durante su viaja a Espa\u00f1a"}]},{"@type":"WebSite","@id":"https:\/\/www.pressenza.com\/es\/#website","url":"https:\/\/www.pressenza.com\/es\/","name":"Pressenza","description":"International Press Agency","publisher":{"@id":"https:\/\/www.pressenza.com\/es\/#organization"},"potentialAction":[{"@type":"SearchAction","target":{"@type":"EntryPoint","urlTemplate":"https:\/\/www.pressenza.com\/es\/?s={search_term_string}"},"query-input":{"@type":"PropertyValueSpecification","valueRequired":true,"valueName":"search_term_string"}}],"inLanguage":"es"},{"@type":"Organization","@id":"https:\/\/www.pressenza.com\/es\/#organization","name":"Pressenza","url":"https:\/\/www.pressenza.com\/es\/","logo":{"@type":"ImageObject","inLanguage":"es","@id":"https:\/\/www.pressenza.com\/es\/#\/schema\/logo\/image\/","url":"https:\/\/www.pressenza.com\/wp-content\/uploads\/2022\/10\/pressenza_logo_200x200.jpg","contentUrl":"https:\/\/www.pressenza.com\/wp-content\/uploads\/2022\/10\/pressenza_logo_200x200.jpg","width":200,"height":200,"caption":"Pressenza"},"image":{"@id":"https:\/\/www.pressenza.com\/es\/#\/schema\/logo\/image\/"},"sameAs":["https:\/\/www.facebook.com\/PressenzaItalia","https:\/\/x.com\/PressenzaIPA"]},{"@type":"Person","@id":"https:\/\/www.pressenza.com\/es\/#\/schema\/person\/2e5ffdf0e238fbba512bcf5c97959187","name":"HispanTV","description":"Trabajar bajo el f\u00e9rreo compromiso como medio de comunicaci\u00f3n para fomentar el acercamiento entre los pueblos de Ir\u00e1n, el Hispanoamericano y los de Medio Oriente, considerando adem\u00e1s la necesidad de crear una mayor cercan\u00eda entre todos los pueblos de Am\u00e9rica Latina. http:\/\/www.hispantv.com\/","sameAs":["http:\/\/www.hispantv.ir","https:\/\/www.facebook.com\/Hispantv","https:\/\/x.com\/Hispantv"],"url":"https:\/\/www.pressenza.com\/es\/author\/hispantv\/"}]}},"place":"Madrid","original_article_url":"","_links":{"self":[{"href":"https:\/\/www.pressenza.com\/es\/wp-json\/wp\/v2\/posts\/48692","targetHints":{"allow":["GET"]}}],"collection":[{"href":"https:\/\/www.pressenza.com\/es\/wp-json\/wp\/v2\/posts"}],"about":[{"href":"https:\/\/www.pressenza.com\/es\/wp-json\/wp\/v2\/types\/post"}],"author":[{"embeddable":true,"href":"https:\/\/www.pressenza.com\/es\/wp-json\/wp\/v2\/users\/954"}],"replies":[{"embeddable":true,"href":"https:\/\/www.pressenza.com\/es\/wp-json\/wp\/v2\/comments?post=48692"}],"version-history":[{"count":0,"href":"https:\/\/www.pressenza.com\/es\/wp-json\/wp\/v2\/posts\/48692\/revisions"}],"wp:featuredmedia":[{"embeddable":true,"href":"https:\/\/www.pressenza.com\/es\/wp-json\/wp\/v2\/media\/48694"}],"wp:attachment":[{"href":"https:\/\/www.pressenza.com\/es\/wp-json\/wp\/v2\/media?parent=48692"}],"wp:term":[{"taxonomy":"category","embeddable":true,"href":"https:\/\/www.pressenza.com\/es\/wp-json\/wp\/v2\/categories?post=48692"},{"taxonomy":"post_tag","embeddable":true,"href":"https:\/\/www.pressenza.com\/es\/wp-json\/wp\/v2\/tags?post=48692"}],"curies":[{"name":"wp","href":"https:\/\/api.w.org\/{rel}","templated":true}]}}