{"id":486119,"date":"2017-07-04T03:38:45","date_gmt":"2017-07-04T02:38:45","guid":{"rendered":"https:\/\/www.pressenza.com\/?p=486119\/"},"modified":"2017-07-04T23:08:52","modified_gmt":"2017-07-04T22:08:52","slug":"la-militarizacion-la-sociedad-educacion-la-guerra-las-escuelas-republica-checa","status":"publish","type":"post","link":"https:\/\/www.pressenza.com\/es\/2017\/07\/la-militarizacion-la-sociedad-educacion-la-guerra-las-escuelas-republica-checa\/","title":{"rendered":"La militarizaci\u00f3n de la sociedad: educaci\u00f3n para la guerra en las escuelas de Rep\u00fablica Checa"},"content":{"rendered":"<p lang=\"it-IT\" align=\"left\">Desde el 2013 se lleva adelante en Rep\u00fablica Checa el programa del Ministerio de Defensa denominado POKOS, es decir, \u201cpreparaci\u00f3n del ciudadano para la defensa del Estado\u201d.<a href=\"#sdfootnote1sym\" name=\"sdfootnote1anc\">1<\/a><\/p>\n<p lang=\"it-IT\" align=\"left\">El inter\u00e9s principal es la difusi\u00f3n de las actividades del Ej\u00e9rcito, de distintas maneras. As\u00ed se\u00f1alan los sitios del Ministerio: \u201cDebates, conferencias, seminarios, pr\u00e1cticas, exposiciones, jornadas tem\u00e1ticas y de proyecci\u00f3n, actividades art\u00edsticas, l\u00fadicas y de competencias, as\u00ed como la realizaci\u00f3n de demostraciones al p\u00fablico sobre el modo de garantizar la defensa nacional\u201d. Los seminarios en las escuelas son solamente para los estudiantes de 10 a 15 a\u00f1os, pero en algunos casos tambi\u00e9n se los ha hecho con ni\u00f1os de seis. Soldados en uniforme hablan de la guerra y les muestran t\u00e9cnicas de defensa, como por ejemplo el modo de proceder en el caso de un ataque enemigo con armas qu\u00edmicas. Se hace que los ni\u00f1os \u201cjueguen\u201d con armas para que la vida militar les resulte atractiva. Estas capacitaciones se organizan a pedido del director de la escuela sin consulta ni informaci\u00f3n a los apoderados.<\/p>\n<p>Esta campa\u00f1a publicitaria de la vida militar ha sido reforzada con el paso famoso del ej\u00e9rcito norteamericano por la Rep\u00fablica Checa en marzo del 2015. Ah\u00ed encontramos las primeras im\u00e1genes de ni\u00f1os que juegan con armas de los soldados norteamericanos.<\/p>\n<p>\u00bfPor qu\u00e9 se puso en marcha este programa? \u201cAc\u00e1 est\u00e1 Isis\u201d, afirma en una entrevista el Primer Ministro Bohuslav Sobotka, agregando referencias a la crisis de Ucrania. En resumen, la justificaci\u00f3n es muy simple: vivimos en una \u00e9poca peligrosa y tenemos que defendernos. Los ni\u00f1os de hoy ser\u00e1n ma\u00f1ana nuestros soldados. Pero al decir esto, que puede parecer una frase razonable e inocua, no se reflexiona sobre algunas cosas muy importantes.<\/p>\n<p>1. Estos seminarios se desarrollan en una atm\u00f3sfera en la que la guerra est\u00e1 presente como escenario futuro. Esta atm\u00f3sfera oscura y llena de temores se hace palpable debido a la presencia de los militares y sus armas. Sabemos que la escuela p\u00fablica en una sociedad democr\u00e1tica y civil tiene la funci\u00f3n de desarrollar en los j\u00f3venes la reflexi\u00f3n y el sentido cr\u00edtico, formar seres humanos capaces de elegir libremente su propia vida. Por el contrario, las emociones como el terror inhiben las capacidades intelectuales e inmovilizan el sentido cr\u00edtico, que surge justamente durante los a\u00f1os de estudiantes, dejando que los j\u00f3venes se acostumbren a \u00abun estado negativo del sistema nervioso, caracterizado por preocupaciones aprensivas, nerviosismo general y tensi\u00f3n\u00bb (J. Panksepp, The Archeology of Mind. Neuroevolutionary Origins Of Human Emotions).<\/p>\n<p lang=\"it-IT\" align=\"left\">Como ya ha sido demostrado por diversos estudios de antropolog\u00eda y neurociencias, la violencia no es gen\u00e9tica.<a href=\"#sdfootnote2sym\" name=\"sdfootnote2anc\">2<\/a> Lo que determina nuestras opciones depende de lo que aprendemos durante los primeros a\u00f1os de experiencia en el mundo, cuando todas las conexiones neuronales se est\u00e1n desarrollando. Al presentar a los estudiantes una perspectiva aterradora del futuro, ofreciendo como posibilidad \u00fanica la militarizaci\u00f3n, se crear\u00e1 una generaci\u00f3n que no sabr\u00e1 dar otra respuesta que la beligerancia y el conflicto f\u00edsico, que buscar\u00e1 aplicar en todos los contextos. Aprendiendo que quienes pertenecen a su propia especie son probables enemigos, desarrollar\u00e1 una profunda inseguridad y desconfianza hacia los dem\u00e1s.<\/p>\n<p lang=\"it-IT\" align=\"left\">Los autores de este programa se defienden afirmando ingenuamente que los ni\u00f1os se divierten y est\u00e1n contentos. Por nuestra parte, hemos recogido testimonios que evidencian otra realidad. Algunos padres se\u00f1alaron que sus hijos estaban atemorizados, otros que los notaban excitados porque estaban \u201caprendiendo a combatir a los inmigrantes\u201d. Estos militares no tienen ninguna experiencia ni preparaci\u00f3n pedag\u00f3gica para hablar en una escuela. Basta mirar el v\u00eddeo del documental \u201cV\u00fdchova k v\u00e1lce\u201c &#8211; Educaci\u00f3n para la guerra \u2013 de la cineasta Ad\u00e9la Komrz\u00fdov\u00e1 del 2016 para darse cuenta de la falta de sensibilidad educativa, de la dureza con la que se hacen estos seminarios.<a href=\"#sdfootnote3sym\" name=\"sdfootnote3anc\">3<\/a><\/p>\n<p lang=\"it-IT\" align=\"left\">2. Estamos frente a una manipulaci\u00f3n muy grave. Se da por hecho que frente a una violencia es necesario reaccionar con otra violencia. Pero la decisi\u00f3n de tomar un arma y disparar y matar a otro ser humano, aunque fuera solo para defenderse, es una opci\u00f3n dif\u00edcil y profunda que cada uno debe tomar ante su propia conciencia. \u00bfC\u00f3mo se le puede pedir a un ni\u00f1o de diez a\u00f1os?<\/p>\n<p lang=\"it-IT\" align=\"left\">Se manipula el concepto de amor a la patria para justificar la violencia y para hacer del militarismo una ideolog\u00eda, un mito y casi una religi\u00f3n de Estado. De hecho, cualquiera que est\u00e9 en contra de la militarizaci\u00f3n es etiquetado como traidor a la patria. Se justifica la violencia y la carrera armamentista con los intereses superiores del Estado, intereses que son puestos por sobre el ser humano, la libertad individual y la moral. Este es un aspecto t\u00edpico de todos los reg\u00edmenes totalitarios. En el v\u00eddeo citado, \u201cV\u00fdchova k v\u00e1lce\u201c, un alto funcionario del Ministerio de Educaci\u00f3n, <span lang=\"cs-CZ\">Ond\u0159ej Andrys,<\/span> dice claramente que es el Estado quien decide lo que los estudiantes deben hacer en las escuelas y que los padres no tienen ning\u00fan derecho de intervenci\u00f3n.<a href=\"#sdfootnote4sym\" name=\"sdfootnote4anc\">4<\/a><\/p>\n<p>3. Otra gran manipulaci\u00f3n consiste en afirmar que actualmente la situaci\u00f3n es dif\u00edcil, pero sin esclarecer respecto a que es peligrosa justamente por culpa de la mentalidad violenta y militarista que se est\u00e1 difundiendo cada vez m\u00e1s. \u00bfC\u00f3mo puede pensarse que la soluci\u00f3n sea desarrollar a\u00fan m\u00e1s el culto a la violencia y al armamentismo cuando justamente se trata del problema que se quiere resolver?<\/p>\n<p lang=\"it-IT\" align=\"left\">La pol\u00edtica de la carrera armamentista es aprobada solamente por una peque\u00f1a minor\u00eda que controla la informaci\u00f3n y pretende imponer su ideolog\u00eda. Al contrario, entre la gente com\u00fan se abre paso cada vez m\u00e1s una cultura de paz. La mayor\u00eda no quiere guerras, violencia o ej\u00e9rcitos armados hasta los dientes. El futuro que todos queremos para nuestros hijos no es el de irse a la guerra a morir, como tal vez fue en el siglo pasado manipulado por las grandes ideolog\u00edas.<a href=\"#sdfootnote5sym\" name=\"sdfootnote5anc\">5<\/a><\/p>\n<p lang=\"it-IT\" align=\"left\">La soluci\u00f3n a la peligrosa situaci\u00f3n mundial consiste evidentemente en cambiar el modo de pensar. Resultar\u00eda coherente formar en los j\u00f3venes la capacidad de resolver problemas con inteligencia, de modo diplom\u00e1tico y noviolento. Sobretodo habr\u00eda que ense\u00f1arles a comprender las causas de los problemas que estamos obligados a enfrentar y no reaccionar de modo compulsivo ante los efectos de estas causas sin ninguna reflexi\u00f3n. Este es el rol de la escuela laica en un pa\u00eds democr\u00e1tico y civil.<\/p>\n<p lang=\"it-IT\" align=\"left\">Consideramos que estas causas hay que buscarlas tambi\u00e9n en ciertas pol\u00edticas agresivas que han producido destrucci\u00f3n y emigraciones, creando el terreno f\u00e9rtil para el desarrollo del fanatismo y el terrorismo. Los gobiernos occidentales aprueban la venta de armas a los pa\u00edses dictatoriales como Qatar y Arabia Saudita, que apoyan al terrorismo.<a href=\"#sdfootnote6sym\" name=\"sdfootnote6anc\">6<\/a> En el 2015 con un gasto de 87 mil millones de d\u00f3lares Arabia Saudita fue el tercer pa\u00eds del mundo en gastos militares, precedida solamente por los Estados Unidos y China.<a href=\"#sdfootnote7sym\" name=\"sdfootnote7anc\">7<\/a> El Ministro de Defensa checo Martin Stropnicky la defini\u00f3 como \u201cun actor muy importante en Medio Oriente\u201c y apoy\u00f3 la colaboraci\u00f3n entre Arabia Saudita y Rep\u00fablica Checa en materia de ej\u00e9rcitos y armamentos.<a href=\"#sdfootnote8sym\" name=\"sdfootnote8anc\">8<\/a> Jurgen Grasslin, experto en comercio de armas, nos informa que en muchas guerras, como en Siria, Libia e Iraq, se venden armas indiscriminadamente a todos los actores presentes y que \u201clas dram\u00e1ticas consecuencias de esta pol\u00edtica de exportaci\u00f3n sin freno es que Isis utiliza armas provenientes de 25 Estados\u201d.<a href=\"#sdfootnote9sym\" name=\"sdfootnote9anc\">9<\/a><\/p>\n<p lang=\"it-IT\" align=\"left\">Estamos en presencia de una estrategia del temor que aspira a militarizar a la sociedad.<a href=\"#sdfootnote10sym\" name=\"sdfootnote10anc\">10<\/a> De hecho, observamos la tendencia a un fuerte aumento del gasto b\u00e9lico, el regreso al servicio militar obligatorio y la venta libre de armas para defensa personal. Seg\u00fan los datos de SIPRI el gasto mundial de armamentos en el 2016 fue de 1.680 mil millones de d\u00f3lares, con un incremento de casi un 60<span lang=\"cs-CZ\">% <\/span>respecto al 2000.<a href=\"#sdfootnote11sym\" name=\"sdfootnote11anc\">11<\/a> En los \u00faltimos a\u00f1os los Estados Unidos han presionado fuertemente a los miembros de la OTAN para aumentar el gasto militar en por lo menos un 2<span lang=\"cs-CZ\">% <\/span>del PIL. La consecuencia ser\u00eda, considerando solo los pa\u00edses europeos, un gasto anual de 295 mil millones de euro, es decir, 80 mil millones m\u00e1s que el gasto actual, con un incremento del 37<span lang=\"cs-CZ\">%<\/span>. No se puede dejar de observar que al mismo tiempo se va empobreciendo la sociedad, reduciendo el gasto p\u00fablico en \u00e1reas como la educaci\u00f3n, la salud y el apoyo a las capas m\u00e1s vulnerables de la poblaci\u00f3n.<\/p>\n<p lang=\"it-IT\" align=\"left\">De lo se\u00f1alado, surge un cuadro en el que los Estados y los pol\u00edticos parecen ser rehenes de la industria b\u00e9lica. \u00a1No son los j\u00f3venes quienes tienen que pagar por los errores de los adultos!<\/p>\n<p lang=\"it-IT\" align=\"left\">Distra\u00eddos por los problemas de la vida cotidiana, violentados por la desinformaci\u00f3n de los medios de comunicaci\u00f3n y paralizados por nuestros temores, no nos damos cuenta de lo que sucede ante nuestros ojos. Nos olvidamos que proteger a nuestros hijos y a la vida en general es una prioridad que est\u00e1 por sobre cualquier inter\u00e9s econ\u00f3mico y, como nos ense\u00f1aba S\u00f3crates, por sobre cualquier poder pol\u00edtico. Y sin embargo este silencio deja el campo libre a los promotores de la violencia. Al respecto, Martin Luther King dec\u00eda que no tem\u00eda la maldad de los malvados, sino el silencio de los honestos.<\/p>\n<p lang=\"it-IT\" align=\"left\">Exhortamos a la parte sana de nuestra sociedad a fin de que se exprese y tome posici\u00f3n sobre este tema de primera importancia para nuestra vida. \u00a1No dejemos nuestro destino y el de nuestros hijos en manos de unos pocos pol\u00edticos serviles a la industria armamentista! Nuestro futuro depende de lo que decidamos hoy.<\/p>\n<div class=\"post-gallery\">\n\t\t\t<figure class=\"post-gallery-item\">\n\t\t\t\t<img decoding=\"async\" src=\"https:\/\/www.pressenza.com\/wp-content\/uploads\/2017\/07\/militari-scuola3-720x478.jpg\" loading=\"lazy\">\n\t\t\t\t<figcaption>\n\t\t\t\t\t\n\t\t\t\t<\/figcaption>\n\t\t\t<\/figure>\n\t\t\t<figure class=\"post-gallery-item\">\n\t\t\t\t<img decoding=\"async\" src=\"https:\/\/www.pressenza.com\/wp-content\/uploads\/2017\/07\/militari-scuola2-720x720.jpg\" loading=\"lazy\">\n\t\t\t\t<figcaption>\n\t\t\t\t\t\n\t\t\t\t<\/figcaption>\n\t\t\t<\/figure>\n\t\t\t<figure class=\"post-gallery-item\">\n\t\t\t\t<img decoding=\"async\" src=\"https:\/\/www.pressenza.com\/wp-content\/uploads\/2017\/07\/militari-scuola4-720x478.jpg\" loading=\"lazy\">\n\t\t\t\t<figcaption>\n\t\t\t\t\t\n\t\t\t\t<\/figcaption>\n\t\t\t<\/figure><\/div>\n<div id=\"sdfootnote1\">\n<p lang=\"it-IT\" align=\"left\"><a href=\"#sdfootnote1anc\" name=\"sdfootnote1sym\">1<\/a><span lang=\"zxx\"><a href=\"http:\/\/www.pokos.army.cz\/\">POKOS<\/a><\/span>, sitio oficial del Ministerio de Defensa<\/p>\n<\/div>\n<div id=\"sdfootnote2\">\n<p lang=\"it-IT\" align=\"left\"><a href=\"#sdfootnote2anc\" name=\"sdfootnote2sym\">2<\/a><span lang=\"en-US\">Piero P. Giorgi, Nonkilling Human Biology, 2009<\/span><\/p>\n<\/div>\n<div id=\"sdfootnote3\">\n<p lang=\"it-IT\" align=\"left\"><a href=\"#sdfootnote3anc\" name=\"sdfootnote3sym\">3<\/a> <span lang=\"zxx\"><a href=\"http:\/\/www.ceskatelevize.cz\/porady\/10408111009-cesky-zurnal\/215562262600001-vychova-k-valce\/\">V\u00fdchova k v\u00e1lce, Ad\u00e9la Komrz\u00fdov\u00e1, 2016<\/a><\/span><span lang=\"en-US\">. <\/span>Trailer en ingl\u00e9s: <span lang=\"zxx\"><a href=\"https:\/\/vimeo.com\/190069406\">Teaching war<\/a><\/span><\/p>\n<\/div>\n<div id=\"sdfootnote4\">\n<p lang=\"it-IT\"><a href=\"#sdfootnote4anc\" name=\"sdfootnote4sym\">4<\/a>El ministro Bottai del gobierno facista de Mussolini dec\u00eda en 1937: \u201cSe trata de elevar la curiosidad por las armas y el ejercicio de las armas, transform\u00e1ndolas en un dato de la cultura nacional, de nuestra formaci\u00f3n intelectual y moral\u201d.<\/p>\n<\/div>\n<div id=\"sdfootnote5\">\n<p lang=\"it-IT\" align=\"left\"><a href=\"#sdfootnote5anc\" name=\"sdfootnote5sym\">5<\/a>En este art\u00edculo no hablamos de los ej\u00e9rcitos ni de su rol, sino de la imposici\u00f3n de una mentalidad violenta a los ni\u00f1os.<\/p>\n<\/div>\n<div id=\"sdfootnote6\">\n<p lang=\"it-IT\" align=\"left\"><a href=\"#sdfootnote6anc\" name=\"sdfootnote6sym\">6<\/a>Un <a href=\"http:\/\/www.independent.co.uk\/voices\/hillary-clinton-wikileaks-email-isis-saudi-arabia-qatar-us-allies-funding-barack-obama-knew-all-a7362071.html\"><span lang=\"zxx\">email d<\/span><span lang=\"zxx\">e<\/span><span lang=\"zxx\"> Hillary Clinton <\/span><\/a>del 2014<\/p>\n<\/div>\n<div id=\"sdfootnote7\">\n<p lang=\"it-IT\" align=\"left\"><a href=\"#sdfootnote7anc\" name=\"sdfootnote7sym\">7<\/a> <span lang=\"zxx\"><a href=\"https:\/\/www.sipri.org\/databases\/milex\">SIPRI<\/a><\/span> (Stockholm International Peace Research Institute)<\/p>\n<\/div>\n<div id=\"sdfootnote8\">\n<p lang=\"it-IT\" align=\"left\"><a href=\"#sdfootnote8anc\" name=\"sdfootnote8sym\">8<\/a><span lang=\"zxx\"><a href=\"http:\/\/www.mocr.army.cz\/informacni-servis\/zpravodajstvi\/martin-stropnicky-jednal-s-velvyslancem-saudske-arabie-99130\/\">Martin Stropnick\u00fd jednal s velvyslancem Sa\u00fadsk\u00e9 Ar\u00e1bie<\/a><\/span><\/p>\n<\/div>\n<div id=\"sdfootnote9\">\n<p lang=\"it-IT\" align=\"left\"><a href=\"#sdfootnote9anc\" name=\"sdfootnote9sym\">9<\/a><a href=\"http:\/\/altoadige.gelocal.it\/tempo-libero\/2016\/10\/13\/news\/l-intervista-jurgen-grasslin-1.14246797\"><span lang=\"zxx\">E<\/span><span lang=\"zxx\">nt<\/span><span lang=\"zxx\">r<\/span><span lang=\"zxx\">evista a J\u00fcrgen Gr\u00e4sslin<\/span><\/a><span lang=\"en-US\">. Consultar <\/span><span lang=\"en-US\">tambi\u00e9n<\/span><span lang=\"en-US\">: <\/span><span lang=\"zxx\"><a href=\"https:\/\/www.youtube.com\/watch?v=iEOKwL9UR9s\">Arms industry and ethics: workshop by Pressenza.<\/a><\/span><\/p>\n<\/div>\n<div id=\"sdfootnote10\">\n<p lang=\"it-IT\" align=\"left\"><a href=\"#sdfootnote10anc\" name=\"sdfootnote10sym\">10<\/a><span lang=\"zxx\"><a href=\"http:\/\/www.peacelink.it\/pace\/a\/32470.html\">\u00abAllenati per la vita\u00bb, corsi paramilitari per gli studenti?<\/a><\/span> Programma della Regione Lombardia: <span lang=\"zxx\"><a href=\"https:\/\/www.informa-azione.info\/files\/Allenati-per-la-vita-con-la-morte.pdf\">Allenati per la vita<\/a>.<\/span><\/p>\n<\/div>\n<div id=\"sdfootnote11\">\n<p lang=\"it-IT\" align=\"left\"><a href=\"#sdfootnote11anc\" name=\"sdfootnote11sym\">11<\/a><span lang=\"zxx\"><a href=\"https:\/\/www.sipri.org\/databases\/milex\">SIPRI.<\/a><\/span><\/p>\n<\/div>\n","protected":false},"excerpt":{"rendered":"<p>Desde el 2013 se lleva adelante en Rep\u00fablica Checa el programa del Ministerio de Defensa denominado POKOS, es decir, \u201cpreparaci\u00f3n del ciudadano para la defensa del Estado\u201d.1 El inter\u00e9s principal es la difusi\u00f3n de las actividades del Ej\u00e9rcito, de distintas&hellip;<\/p>\n","protected":false},"author":634,"featured_media":489769,"comment_status":"closed","ping_status":"closed","sticky":false,"template":"","format":"standard","meta":{"footnotes":""},"categories":[11389,66,161,1243],"tags":[29004,38599,4565,19498],"class_list":["post-486119","post","type-post","status-publish","format-standard","has-post-thumbnail","hentry","category-contenido-original","category-europa-es","category-opiniones","category-paz-desarme","tag-carrera-armamentista","tag-educacion-para-la-guerra","tag-gastos-militares","tag-militarizacion"],"yoast_head":"<!-- This site is optimized with the Yoast SEO plugin v27.1.1 - https:\/\/yoast.com\/product\/yoast-seo-wordpress\/ -->\n<title>La militarizaci\u00f3n de la sociedad: educaci\u00f3n para la guerra en las escuelas de Rep\u00fablica Checa<\/title>\n<meta name=\"description\" content=\"Desde el 2013 se lleva adelante en Rep\u00fablica Checa el programa del Ministerio de Defensa denominado POKOS, es decir, \u201cpreparaci\u00f3n del ciudadano para la\" \/>\n<meta name=\"robots\" content=\"index, follow, max-snippet:-1, max-image-preview:large, max-video-preview:-1\" \/>\n<link rel=\"canonical\" href=\"https:\/\/www.pressenza.com\/es\/2017\/07\/la-militarizacion-la-sociedad-educacion-la-guerra-las-escuelas-republica-checa\/\" \/>\n<meta property=\"og:locale\" content=\"es_ES\" \/>\n<meta property=\"og:type\" content=\"article\" \/>\n<meta property=\"og:title\" content=\"La militarizaci\u00f3n de la sociedad: educaci\u00f3n para la guerra en las escuelas de Rep\u00fablica Checa\" \/>\n<meta property=\"og:description\" content=\"Desde el 2013 se lleva adelante en Rep\u00fablica Checa el programa del Ministerio de Defensa denominado POKOS, es decir, \u201cpreparaci\u00f3n del ciudadano para la\" \/>\n<meta property=\"og:url\" content=\"https:\/\/www.pressenza.com\/es\/2017\/07\/la-militarizacion-la-sociedad-educacion-la-guerra-las-escuelas-republica-checa\/\" \/>\n<meta property=\"og:site_name\" content=\"Pressenza\" \/>\n<meta property=\"article:publisher\" content=\"https:\/\/www.facebook.com\/PressenzaItalia\" \/>\n<meta property=\"article:author\" content=\"https:\/\/www.facebook.com\/MundoSinGuerrasYSinViolencia\" \/>\n<meta property=\"article:published_time\" content=\"2017-07-04T02:38:45+00:00\" \/>\n<meta property=\"article:modified_time\" content=\"2017-07-04T22:08:52+00:00\" \/>\n<meta property=\"og:image\" content=\"https:\/\/www.pressenza.com\/wp-content\/uploads\/2017\/07\/militari-scuola2-principale-1.jpg\" \/>\n\t<meta property=\"og:image:width\" content=\"1403\" \/>\n\t<meta property=\"og:image:height\" content=\"935\" \/>\n\t<meta property=\"og:image:type\" content=\"image\/jpeg\" \/>\n<meta name=\"author\" content=\"Mundo sin Guerras y sin Violencia\" \/>\n<meta name=\"twitter:card\" content=\"summary_large_image\" \/>\n<meta name=\"twitter:creator\" content=\"@msgysv\" \/>\n<meta name=\"twitter:site\" content=\"@PressenzaIPA\" \/>\n<meta name=\"twitter:label1\" content=\"Escrito por\" \/>\n\t<meta name=\"twitter:data1\" content=\"Mundo sin Guerras y sin Violencia\" \/>\n\t<meta name=\"twitter:label2\" content=\"Tiempo de lectura\" \/>\n\t<meta name=\"twitter:data2\" content=\"9 minutos\" \/>\n<script type=\"application\/ld+json\" class=\"yoast-schema-graph\">{\"@context\":\"https:\/\/schema.org\",\"@graph\":[{\"@type\":\"Article\",\"@id\":\"https:\/\/www.pressenza.com\/es\/2017\/07\/la-militarizacion-la-sociedad-educacion-la-guerra-las-escuelas-republica-checa\/#article\",\"isPartOf\":{\"@id\":\"https:\/\/www.pressenza.com\/es\/2017\/07\/la-militarizacion-la-sociedad-educacion-la-guerra-las-escuelas-republica-checa\/\"},\"author\":{\"name\":\"Mundo sin Guerras y sin Violencia\",\"@id\":\"https:\/\/www.pressenza.com\/es\/#\/schema\/person\/d47d804d04b08f58c790fbabcbbf9670\"},\"headline\":\"La militarizaci\u00f3n de la sociedad: educaci\u00f3n para la guerra en las escuelas de Rep\u00fablica Checa\",\"datePublished\":\"2017-07-04T02:38:45+00:00\",\"dateModified\":\"2017-07-04T22:08:52+00:00\",\"mainEntityOfPage\":{\"@id\":\"https:\/\/www.pressenza.com\/es\/2017\/07\/la-militarizacion-la-sociedad-educacion-la-guerra-las-escuelas-republica-checa\/\"},\"wordCount\":1866,\"publisher\":{\"@id\":\"https:\/\/www.pressenza.com\/es\/#organization\"},\"image\":{\"@id\":\"https:\/\/www.pressenza.com\/es\/2017\/07\/la-militarizacion-la-sociedad-educacion-la-guerra-las-escuelas-republica-checa\/#primaryimage\"},\"thumbnailUrl\":\"https:\/\/www.pressenza.com\/wp-content\/uploads\/2017\/07\/militari-scuola2-principale-1.jpg\",\"keywords\":[\"carrera armamentista\",\"educaci\u00f3n para la guerra\",\"Gastos Militares\",\"militarizaci\u00f3n\"],\"articleSection\":[\"Contenido Original\",\"Europa\",\"Opiniones\",\"Paz y Desarme\"],\"inLanguage\":\"es\"},{\"@type\":\"WebPage\",\"@id\":\"https:\/\/www.pressenza.com\/es\/2017\/07\/la-militarizacion-la-sociedad-educacion-la-guerra-las-escuelas-republica-checa\/\",\"url\":\"https:\/\/www.pressenza.com\/es\/2017\/07\/la-militarizacion-la-sociedad-educacion-la-guerra-las-escuelas-republica-checa\/\",\"name\":\"La militarizaci\u00f3n de la sociedad: educaci\u00f3n para la guerra en las escuelas de Rep\u00fablica Checa\",\"isPartOf\":{\"@id\":\"https:\/\/www.pressenza.com\/es\/#website\"},\"primaryImageOfPage\":{\"@id\":\"https:\/\/www.pressenza.com\/es\/2017\/07\/la-militarizacion-la-sociedad-educacion-la-guerra-las-escuelas-republica-checa\/#primaryimage\"},\"image\":{\"@id\":\"https:\/\/www.pressenza.com\/es\/2017\/07\/la-militarizacion-la-sociedad-educacion-la-guerra-las-escuelas-republica-checa\/#primaryimage\"},\"thumbnailUrl\":\"https:\/\/www.pressenza.com\/wp-content\/uploads\/2017\/07\/militari-scuola2-principale-1.jpg\",\"datePublished\":\"2017-07-04T02:38:45+00:00\",\"dateModified\":\"2017-07-04T22:08:52+00:00\",\"description\":\"Desde el 2013 se lleva adelante en Rep\u00fablica Checa el programa del Ministerio de Defensa denominado POKOS, es decir, \u201cpreparaci\u00f3n del ciudadano para la\",\"breadcrumb\":{\"@id\":\"https:\/\/www.pressenza.com\/es\/2017\/07\/la-militarizacion-la-sociedad-educacion-la-guerra-las-escuelas-republica-checa\/#breadcrumb\"},\"inLanguage\":\"es\",\"potentialAction\":[{\"@type\":\"ReadAction\",\"target\":[\"https:\/\/www.pressenza.com\/es\/2017\/07\/la-militarizacion-la-sociedad-educacion-la-guerra-las-escuelas-republica-checa\/\"]}]},{\"@type\":\"ImageObject\",\"inLanguage\":\"es\",\"@id\":\"https:\/\/www.pressenza.com\/es\/2017\/07\/la-militarizacion-la-sociedad-educacion-la-guerra-las-escuelas-republica-checa\/#primaryimage\",\"url\":\"https:\/\/www.pressenza.com\/wp-content\/uploads\/2017\/07\/militari-scuola2-principale-1.jpg\",\"contentUrl\":\"https:\/\/www.pressenza.com\/wp-content\/uploads\/2017\/07\/militari-scuola2-principale-1.jpg\",\"width\":1403,\"height\":935},{\"@type\":\"BreadcrumbList\",\"@id\":\"https:\/\/www.pressenza.com\/es\/2017\/07\/la-militarizacion-la-sociedad-educacion-la-guerra-las-escuelas-republica-checa\/#breadcrumb\",\"itemListElement\":[{\"@type\":\"ListItem\",\"position\":1,\"name\":\"Accueil\",\"item\":\"https:\/\/www.pressenza.com\/es\/\"},{\"@type\":\"ListItem\",\"position\":2,\"name\":\"La militarizaci\u00f3n de la sociedad: educaci\u00f3n para la guerra en las escuelas de Rep\u00fablica Checa\"}]},{\"@type\":\"WebSite\",\"@id\":\"https:\/\/www.pressenza.com\/es\/#website\",\"url\":\"https:\/\/www.pressenza.com\/es\/\",\"name\":\"Pressenza\",\"description\":\"International Press Agency\",\"publisher\":{\"@id\":\"https:\/\/www.pressenza.com\/es\/#organization\"},\"potentialAction\":[{\"@type\":\"SearchAction\",\"target\":{\"@type\":\"EntryPoint\",\"urlTemplate\":\"https:\/\/www.pressenza.com\/es\/?s={search_term_string}\"},\"query-input\":{\"@type\":\"PropertyValueSpecification\",\"valueRequired\":true,\"valueName\":\"search_term_string\"}}],\"inLanguage\":\"es\"},{\"@type\":\"Organization\",\"@id\":\"https:\/\/www.pressenza.com\/es\/#organization\",\"name\":\"Pressenza\",\"url\":\"https:\/\/www.pressenza.com\/es\/\",\"logo\":{\"@type\":\"ImageObject\",\"inLanguage\":\"es\",\"@id\":\"https:\/\/www.pressenza.com\/es\/#\/schema\/logo\/image\/\",\"url\":\"https:\/\/www.pressenza.com\/wp-content\/uploads\/2022\/10\/pressenza_logo_200x200.jpg\",\"contentUrl\":\"https:\/\/www.pressenza.com\/wp-content\/uploads\/2022\/10\/pressenza_logo_200x200.jpg\",\"width\":200,\"height\":200,\"caption\":\"Pressenza\"},\"image\":{\"@id\":\"https:\/\/www.pressenza.com\/es\/#\/schema\/logo\/image\/\"},\"sameAs\":[\"https:\/\/www.facebook.com\/PressenzaItalia\",\"https:\/\/x.com\/PressenzaIPA\"]},{\"@type\":\"Person\",\"@id\":\"https:\/\/www.pressenza.com\/es\/#\/schema\/person\/d47d804d04b08f58c790fbabcbbf9670\",\"name\":\"Mundo sin Guerras y sin Violencia\",\"description\":\"World without Wars and Violence has been a non-profit organisation for more than 20 years and receives no funding from any government. It has \\\"Special Consultative Status\\\" with the UN Economic and Social Council. https:\/\/worldwwars.org\/\",\"sameAs\":[\"https:\/\/worldwwars.org\/\",\"https:\/\/www.facebook.com\/MundoSinGuerrasYSinViolencia\",\"https:\/\/x.com\/msgysv\"],\"url\":\"https:\/\/www.pressenza.com\/es\/author\/mundo-sin-guerras\/\"}]}<\/script>\n<!-- \/ Yoast SEO plugin. -->","yoast_head_json":{"title":"La militarizaci\u00f3n de la sociedad: educaci\u00f3n para la guerra en las escuelas de Rep\u00fablica Checa","description":"Desde el 2013 se lleva adelante en Rep\u00fablica Checa el programa del Ministerio de Defensa denominado POKOS, es decir, \u201cpreparaci\u00f3n del ciudadano para la","robots":{"index":"index","follow":"follow","max-snippet":"max-snippet:-1","max-image-preview":"max-image-preview:large","max-video-preview":"max-video-preview:-1"},"canonical":"https:\/\/www.pressenza.com\/es\/2017\/07\/la-militarizacion-la-sociedad-educacion-la-guerra-las-escuelas-republica-checa\/","og_locale":"es_ES","og_type":"article","og_title":"La militarizaci\u00f3n de la sociedad: educaci\u00f3n para la guerra en las escuelas de Rep\u00fablica Checa","og_description":"Desde el 2013 se lleva adelante en Rep\u00fablica Checa el programa del Ministerio de Defensa denominado POKOS, es decir, \u201cpreparaci\u00f3n del ciudadano para la","og_url":"https:\/\/www.pressenza.com\/es\/2017\/07\/la-militarizacion-la-sociedad-educacion-la-guerra-las-escuelas-republica-checa\/","og_site_name":"Pressenza","article_publisher":"https:\/\/www.facebook.com\/PressenzaItalia","article_author":"https:\/\/www.facebook.com\/MundoSinGuerrasYSinViolencia","article_published_time":"2017-07-04T02:38:45+00:00","article_modified_time":"2017-07-04T22:08:52+00:00","og_image":[{"width":1403,"height":935,"url":"https:\/\/www.pressenza.com\/wp-content\/uploads\/2017\/07\/militari-scuola2-principale-1.jpg","type":"image\/jpeg"}],"author":"Mundo sin Guerras y sin Violencia","twitter_card":"summary_large_image","twitter_creator":"@msgysv","twitter_site":"@PressenzaIPA","twitter_misc":{"Escrito por":"Mundo sin Guerras y sin Violencia","Tiempo de lectura":"9 minutos"},"schema":{"@context":"https:\/\/schema.org","@graph":[{"@type":"Article","@id":"https:\/\/www.pressenza.com\/es\/2017\/07\/la-militarizacion-la-sociedad-educacion-la-guerra-las-escuelas-republica-checa\/#article","isPartOf":{"@id":"https:\/\/www.pressenza.com\/es\/2017\/07\/la-militarizacion-la-sociedad-educacion-la-guerra-las-escuelas-republica-checa\/"},"author":{"name":"Mundo sin Guerras y sin Violencia","@id":"https:\/\/www.pressenza.com\/es\/#\/schema\/person\/d47d804d04b08f58c790fbabcbbf9670"},"headline":"La militarizaci\u00f3n de la sociedad: educaci\u00f3n para la guerra en las escuelas de Rep\u00fablica Checa","datePublished":"2017-07-04T02:38:45+00:00","dateModified":"2017-07-04T22:08:52+00:00","mainEntityOfPage":{"@id":"https:\/\/www.pressenza.com\/es\/2017\/07\/la-militarizacion-la-sociedad-educacion-la-guerra-las-escuelas-republica-checa\/"},"wordCount":1866,"publisher":{"@id":"https:\/\/www.pressenza.com\/es\/#organization"},"image":{"@id":"https:\/\/www.pressenza.com\/es\/2017\/07\/la-militarizacion-la-sociedad-educacion-la-guerra-las-escuelas-republica-checa\/#primaryimage"},"thumbnailUrl":"https:\/\/www.pressenza.com\/wp-content\/uploads\/2017\/07\/militari-scuola2-principale-1.jpg","keywords":["carrera armamentista","educaci\u00f3n para la guerra","Gastos Militares","militarizaci\u00f3n"],"articleSection":["Contenido Original","Europa","Opiniones","Paz y Desarme"],"inLanguage":"es"},{"@type":"WebPage","@id":"https:\/\/www.pressenza.com\/es\/2017\/07\/la-militarizacion-la-sociedad-educacion-la-guerra-las-escuelas-republica-checa\/","url":"https:\/\/www.pressenza.com\/es\/2017\/07\/la-militarizacion-la-sociedad-educacion-la-guerra-las-escuelas-republica-checa\/","name":"La militarizaci\u00f3n de la sociedad: educaci\u00f3n para la guerra en las escuelas de Rep\u00fablica Checa","isPartOf":{"@id":"https:\/\/www.pressenza.com\/es\/#website"},"primaryImageOfPage":{"@id":"https:\/\/www.pressenza.com\/es\/2017\/07\/la-militarizacion-la-sociedad-educacion-la-guerra-las-escuelas-republica-checa\/#primaryimage"},"image":{"@id":"https:\/\/www.pressenza.com\/es\/2017\/07\/la-militarizacion-la-sociedad-educacion-la-guerra-las-escuelas-republica-checa\/#primaryimage"},"thumbnailUrl":"https:\/\/www.pressenza.com\/wp-content\/uploads\/2017\/07\/militari-scuola2-principale-1.jpg","datePublished":"2017-07-04T02:38:45+00:00","dateModified":"2017-07-04T22:08:52+00:00","description":"Desde el 2013 se lleva adelante en Rep\u00fablica Checa el programa del Ministerio de Defensa denominado POKOS, es decir, \u201cpreparaci\u00f3n del ciudadano para la","breadcrumb":{"@id":"https:\/\/www.pressenza.com\/es\/2017\/07\/la-militarizacion-la-sociedad-educacion-la-guerra-las-escuelas-republica-checa\/#breadcrumb"},"inLanguage":"es","potentialAction":[{"@type":"ReadAction","target":["https:\/\/www.pressenza.com\/es\/2017\/07\/la-militarizacion-la-sociedad-educacion-la-guerra-las-escuelas-republica-checa\/"]}]},{"@type":"ImageObject","inLanguage":"es","@id":"https:\/\/www.pressenza.com\/es\/2017\/07\/la-militarizacion-la-sociedad-educacion-la-guerra-las-escuelas-republica-checa\/#primaryimage","url":"https:\/\/www.pressenza.com\/wp-content\/uploads\/2017\/07\/militari-scuola2-principale-1.jpg","contentUrl":"https:\/\/www.pressenza.com\/wp-content\/uploads\/2017\/07\/militari-scuola2-principale-1.jpg","width":1403,"height":935},{"@type":"BreadcrumbList","@id":"https:\/\/www.pressenza.com\/es\/2017\/07\/la-militarizacion-la-sociedad-educacion-la-guerra-las-escuelas-republica-checa\/#breadcrumb","itemListElement":[{"@type":"ListItem","position":1,"name":"Accueil","item":"https:\/\/www.pressenza.com\/es\/"},{"@type":"ListItem","position":2,"name":"La militarizaci\u00f3n de la sociedad: educaci\u00f3n para la guerra en las escuelas de Rep\u00fablica Checa"}]},{"@type":"WebSite","@id":"https:\/\/www.pressenza.com\/es\/#website","url":"https:\/\/www.pressenza.com\/es\/","name":"Pressenza","description":"International Press Agency","publisher":{"@id":"https:\/\/www.pressenza.com\/es\/#organization"},"potentialAction":[{"@type":"SearchAction","target":{"@type":"EntryPoint","urlTemplate":"https:\/\/www.pressenza.com\/es\/?s={search_term_string}"},"query-input":{"@type":"PropertyValueSpecification","valueRequired":true,"valueName":"search_term_string"}}],"inLanguage":"es"},{"@type":"Organization","@id":"https:\/\/www.pressenza.com\/es\/#organization","name":"Pressenza","url":"https:\/\/www.pressenza.com\/es\/","logo":{"@type":"ImageObject","inLanguage":"es","@id":"https:\/\/www.pressenza.com\/es\/#\/schema\/logo\/image\/","url":"https:\/\/www.pressenza.com\/wp-content\/uploads\/2022\/10\/pressenza_logo_200x200.jpg","contentUrl":"https:\/\/www.pressenza.com\/wp-content\/uploads\/2022\/10\/pressenza_logo_200x200.jpg","width":200,"height":200,"caption":"Pressenza"},"image":{"@id":"https:\/\/www.pressenza.com\/es\/#\/schema\/logo\/image\/"},"sameAs":["https:\/\/www.facebook.com\/PressenzaItalia","https:\/\/x.com\/PressenzaIPA"]},{"@type":"Person","@id":"https:\/\/www.pressenza.com\/es\/#\/schema\/person\/d47d804d04b08f58c790fbabcbbf9670","name":"Mundo sin Guerras y sin Violencia","description":"World without Wars and Violence has been a non-profit organisation for more than 20 years and receives no funding from any government. It has \"Special Consultative Status\" with the UN Economic and Social Council. https:\/\/worldwwars.org\/","sameAs":["https:\/\/worldwwars.org\/","https:\/\/www.facebook.com\/MundoSinGuerrasYSinViolencia","https:\/\/x.com\/msgysv"],"url":"https:\/\/www.pressenza.com\/es\/author\/mundo-sin-guerras\/"}]}},"place":"Praga, Rep\u00fablica Checa","original_article_url":"","_links":{"self":[{"href":"https:\/\/www.pressenza.com\/es\/wp-json\/wp\/v2\/posts\/486119","targetHints":{"allow":["GET"]}}],"collection":[{"href":"https:\/\/www.pressenza.com\/es\/wp-json\/wp\/v2\/posts"}],"about":[{"href":"https:\/\/www.pressenza.com\/es\/wp-json\/wp\/v2\/types\/post"}],"author":[{"embeddable":true,"href":"https:\/\/www.pressenza.com\/es\/wp-json\/wp\/v2\/users\/634"}],"replies":[{"embeddable":true,"href":"https:\/\/www.pressenza.com\/es\/wp-json\/wp\/v2\/comments?post=486119"}],"version-history":[{"count":0,"href":"https:\/\/www.pressenza.com\/es\/wp-json\/wp\/v2\/posts\/486119\/revisions"}],"wp:featuredmedia":[{"embeddable":true,"href":"https:\/\/www.pressenza.com\/es\/wp-json\/wp\/v2\/media\/489769"}],"wp:attachment":[{"href":"https:\/\/www.pressenza.com\/es\/wp-json\/wp\/v2\/media?parent=486119"}],"wp:term":[{"taxonomy":"category","embeddable":true,"href":"https:\/\/www.pressenza.com\/es\/wp-json\/wp\/v2\/categories?post=486119"},{"taxonomy":"post_tag","embeddable":true,"href":"https:\/\/www.pressenza.com\/es\/wp-json\/wp\/v2\/tags?post=486119"}],"curies":[{"name":"wp","href":"https:\/\/api.w.org\/{rel}","templated":true}]}}