{"id":486,"date":"2009-06-10T00:00:00","date_gmt":"2009-06-10T00:00:00","guid":{"rendered":""},"modified":"2009-10-01T17:01:02","modified_gmt":"2009-10-01T17:01:02","slug":"con-un-poema-de-jorge-debravox-declamado-por-victoria-borbxn-y-la-presentacixn-de-la-actriz-anaclara-carranzax-se-convoca-a-la-p","status":"publish","type":"post","link":"https:\/\/www.pressenza.com\/es\/2009\/06\/con-un-poema-de-jorge-debravox-declamado-por-victoria-borbxn-y-la-presentacixn-de-la-actriz-anaclara-carranzax-se-convoca-a-la-p\/","title":{"rendered":"Con un poema de Jorge Debravo,  declamado por  Victoria Borb\u00f3n y la presentaci\u00f3n de la actriz Anaclara Carranza, se convoca a la paz."},"content":{"rendered":"<p>Para los dias 12 y 13 de diciembre se estima la llegada  a San Jose del equipo que har\u00e1 la gira completa alrededor del mundo, fecha en la cual se realizar\u00e1n diversas iniciativas en la ciudad, como conciertos, actividades en escuelas y colegios, adhesiones de Municipalidades, celebraciones y festivales culturales, foros en las comunidades, actos y reuniones populares, etc.<\/p>\n<p>El apoyo resuelto de la Defensoria de Los Habitantes y las palabras de la Defensora de los Habitantes, Lisbeth Quesada, quien puso el acento en la importancia de *\u00bbla coherencia al hablar de no violencia y paz, en nuestras relaciones cotidianas personales y tambi\u00e9n en la necesidad de que los  funcionarios plasmemos en acciones nuestros compromisos declamados.\u00bb* Se\u00f1al\u00f3 que *\u00bbsin coherencia personal, no habr\u00e1 paz en nuestro coraz\u00f3n ni en nuestro medio inmediato.\u00bb*<\/p>\n<p>El  representante del Centro de Amigos para la Paz, Francisco Cordero y el embajador de Bolivia en Costa Rica, Martin Callisaya,<br \/>\nadhirieron a la Marcha Mundial y expresaron sus anhelos con los asistentes.<\/p>\n<p>El cantautor costarricense,Fernando Jimenez, puso en escena la canci\u00f3n que don\u00f3 a la Marcha Mundial *\u00bbDeja que las armas vayan a Dormir\u00bb* para concluir con el colectivo cultural Aruko Wak\u00eda,  que  hizo con la m\u00fasica y la danza una conjunci\u00f3n de buenas intenciones, sue\u00f1os y utop\u00edas.<\/p>\n","protected":false},"excerpt":{"rendered":"<p>En las Torres del Centro Nacional de Cultura (CENAC), en San Jos\u00e9 de Costa Rica, tuvo lugar el acto cultural que convoc\u00f3 a la Marcha Mundial por la Paz y la No-Violencia.<\/p>\n","protected":false},"author":19,"featured_media":0,"comment_status":"closed","ping_status":"open","sticky":false,"template":"","format":"standard","meta":{"footnotes":""},"categories":[69,75,161],"tags":[],"class_list":["post-486","post","type-post","status-publish","format-standard","hentry","category-america-central","category-cultura-es","category-opiniones"],"yoast_head":"<!-- This site is optimized with the Yoast SEO plugin v27.1.1 - https:\/\/yoast.com\/product\/yoast-seo-wordpress\/ -->\n<title>Con un poema de Jorge Debravo, declamado por Victoria Borb\u00f3n y la presentaci\u00f3n de la actriz Anaclara Carranza, se convoca a la paz.<\/title>\n<meta name=\"description\" content=\"En las Torres del Centro Nacional de Cultura (CENAC), en San Jos\u00e9 de Costa Rica, tuvo lugar el acto cultural que convoc\u00f3 a la Marcha Mundial por la Paz y la No-Violencia.\" \/>\n<meta name=\"robots\" content=\"index, follow, max-snippet:-1, max-image-preview:large, max-video-preview:-1\" \/>\n<link rel=\"canonical\" href=\"https:\/\/www.pressenza.com\/es\/2009\/06\/con-un-poema-de-jorge-debravox-declamado-por-victoria-borbxn-y-la-presentacixn-de-la-actriz-anaclara-carranzax-se-convoca-a-la-p\/\" \/>\n<meta property=\"og:locale\" content=\"es_ES\" \/>\n<meta property=\"og:type\" content=\"article\" \/>\n<meta property=\"og:title\" content=\"Con un poema de Jorge Debravo, declamado por Victoria Borb\u00f3n y la presentaci\u00f3n de la actriz Anaclara Carranza, se convoca a la paz.\" \/>\n<meta property=\"og:description\" content=\"En las Torres del Centro Nacional de Cultura (CENAC), en San Jos\u00e9 de Costa Rica, tuvo lugar el acto cultural que convoc\u00f3 a la Marcha Mundial por la Paz y la No-Violencia.\" \/>\n<meta property=\"og:url\" content=\"https:\/\/www.pressenza.com\/es\/2009\/06\/con-un-poema-de-jorge-debravox-declamado-por-victoria-borbxn-y-la-presentacixn-de-la-actriz-anaclara-carranzax-se-convoca-a-la-p\/\" \/>\n<meta property=\"og:site_name\" content=\"Pressenza\" \/>\n<meta property=\"article:publisher\" content=\"https:\/\/www.facebook.com\/PressenzaItalia\" \/>\n<meta property=\"article:author\" content=\"https:\/\/www.facebook.com\/pressenza\" \/>\n<meta property=\"article:published_time\" content=\"2009-06-10T00:00:00+00:00\" \/>\n<meta property=\"article:modified_time\" content=\"2009-10-01T17:01:02+00:00\" \/>\n<meta name=\"author\" content=\"Pressenza IPA\" \/>\n<meta name=\"twitter:card\" content=\"summary_large_image\" \/>\n<meta name=\"twitter:creator\" content=\"@PressenzaIPA\" \/>\n<meta name=\"twitter:site\" content=\"@PressenzaIPA\" \/>\n<meta name=\"twitter:label1\" content=\"Escrito por\" \/>\n\t<meta name=\"twitter:data1\" content=\"Pressenza IPA\" \/>\n\t<meta name=\"twitter:label2\" content=\"Tiempo de lectura\" \/>\n\t<meta name=\"twitter:data2\" content=\"1 minuto\" \/>\n<script type=\"application\/ld+json\" class=\"yoast-schema-graph\">{\"@context\":\"https:\/\/schema.org\",\"@graph\":[{\"@type\":\"Article\",\"@id\":\"https:\/\/www.pressenza.com\/es\/2009\/06\/con-un-poema-de-jorge-debravox-declamado-por-victoria-borbxn-y-la-presentacixn-de-la-actriz-anaclara-carranzax-se-convoca-a-la-p\/#article\",\"isPartOf\":{\"@id\":\"https:\/\/www.pressenza.com\/es\/2009\/06\/con-un-poema-de-jorge-debravox-declamado-por-victoria-borbxn-y-la-presentacixn-de-la-actriz-anaclara-carranzax-se-convoca-a-la-p\/\"},\"author\":{\"name\":\"Pressenza IPA\",\"@id\":\"https:\/\/www.pressenza.com\/es\/#\/schema\/person\/010e5d02bcf40965427a1289a4cc8d75\"},\"headline\":\"Con un poema de Jorge Debravo, declamado por Victoria Borb\u00f3n y la presentaci\u00f3n de la actriz Anaclara Carranza, se convoca a la paz.\",\"datePublished\":\"2009-06-10T00:00:00+00:00\",\"dateModified\":\"2009-10-01T17:01:02+00:00\",\"mainEntityOfPage\":{\"@id\":\"https:\/\/www.pressenza.com\/es\/2009\/06\/con-un-poema-de-jorge-debravox-declamado-por-victoria-borbxn-y-la-presentacixn-de-la-actriz-anaclara-carranzax-se-convoca-a-la-p\/\"},\"wordCount\":245,\"publisher\":{\"@id\":\"https:\/\/www.pressenza.com\/es\/#organization\"},\"articleSection\":[\"Am\u00e9rica Central\",\"Cultura y Medios\",\"Opiniones\"],\"inLanguage\":\"es\"},{\"@type\":\"WebPage\",\"@id\":\"https:\/\/www.pressenza.com\/es\/2009\/06\/con-un-poema-de-jorge-debravox-declamado-por-victoria-borbxn-y-la-presentacixn-de-la-actriz-anaclara-carranzax-se-convoca-a-la-p\/\",\"url\":\"https:\/\/www.pressenza.com\/es\/2009\/06\/con-un-poema-de-jorge-debravox-declamado-por-victoria-borbxn-y-la-presentacixn-de-la-actriz-anaclara-carranzax-se-convoca-a-la-p\/\",\"name\":\"Con un poema de Jorge Debravo, declamado por Victoria Borb\u00f3n y la presentaci\u00f3n de la actriz Anaclara Carranza, se convoca a la paz.\",\"isPartOf\":{\"@id\":\"https:\/\/www.pressenza.com\/es\/#website\"},\"datePublished\":\"2009-06-10T00:00:00+00:00\",\"dateModified\":\"2009-10-01T17:01:02+00:00\",\"description\":\"En las Torres del Centro Nacional de Cultura (CENAC), en San Jos\u00e9 de Costa Rica, tuvo lugar el acto cultural que convoc\u00f3 a la Marcha Mundial por la Paz y la No-Violencia.\",\"breadcrumb\":{\"@id\":\"https:\/\/www.pressenza.com\/es\/2009\/06\/con-un-poema-de-jorge-debravox-declamado-por-victoria-borbxn-y-la-presentacixn-de-la-actriz-anaclara-carranzax-se-convoca-a-la-p\/#breadcrumb\"},\"inLanguage\":\"es\",\"potentialAction\":[{\"@type\":\"ReadAction\",\"target\":[\"https:\/\/www.pressenza.com\/es\/2009\/06\/con-un-poema-de-jorge-debravox-declamado-por-victoria-borbxn-y-la-presentacixn-de-la-actriz-anaclara-carranzax-se-convoca-a-la-p\/\"]}]},{\"@type\":\"BreadcrumbList\",\"@id\":\"https:\/\/www.pressenza.com\/es\/2009\/06\/con-un-poema-de-jorge-debravox-declamado-por-victoria-borbxn-y-la-presentacixn-de-la-actriz-anaclara-carranzax-se-convoca-a-la-p\/#breadcrumb\",\"itemListElement\":[{\"@type\":\"ListItem\",\"position\":1,\"name\":\"Accueil\",\"item\":\"https:\/\/www.pressenza.com\/es\/\"},{\"@type\":\"ListItem\",\"position\":2,\"name\":\"Con un poema de Jorge Debravo, declamado por Victoria Borb\u00f3n y la presentaci\u00f3n de la actriz Anaclara Carranza, se convoca a la paz.\"}]},{\"@type\":\"WebSite\",\"@id\":\"https:\/\/www.pressenza.com\/es\/#website\",\"url\":\"https:\/\/www.pressenza.com\/es\/\",\"name\":\"Pressenza\",\"description\":\"International Press Agency\",\"publisher\":{\"@id\":\"https:\/\/www.pressenza.com\/es\/#organization\"},\"potentialAction\":[{\"@type\":\"SearchAction\",\"target\":{\"@type\":\"EntryPoint\",\"urlTemplate\":\"https:\/\/www.pressenza.com\/es\/?s={search_term_string}\"},\"query-input\":{\"@type\":\"PropertyValueSpecification\",\"valueRequired\":true,\"valueName\":\"search_term_string\"}}],\"inLanguage\":\"es\"},{\"@type\":\"Organization\",\"@id\":\"https:\/\/www.pressenza.com\/es\/#organization\",\"name\":\"Pressenza\",\"url\":\"https:\/\/www.pressenza.com\/es\/\",\"logo\":{\"@type\":\"ImageObject\",\"inLanguage\":\"es\",\"@id\":\"https:\/\/www.pressenza.com\/es\/#\/schema\/logo\/image\/\",\"url\":\"https:\/\/www.pressenza.com\/wp-content\/uploads\/2022\/10\/pressenza_logo_200x200.jpg\",\"contentUrl\":\"https:\/\/www.pressenza.com\/wp-content\/uploads\/2022\/10\/pressenza_logo_200x200.jpg\",\"width\":200,\"height\":200,\"caption\":\"Pressenza\"},\"image\":{\"@id\":\"https:\/\/www.pressenza.com\/es\/#\/schema\/logo\/image\/\"},\"sameAs\":[\"https:\/\/www.facebook.com\/PressenzaItalia\",\"https:\/\/x.com\/PressenzaIPA\"]},{\"@type\":\"Person\",\"@id\":\"https:\/\/www.pressenza.com\/es\/#\/schema\/person\/010e5d02bcf40965427a1289a4cc8d75\",\"name\":\"Pressenza IPA\",\"description\":\"News from Pressenza IPA correspondents\",\"sameAs\":[\"https:\/\/www.facebook.com\/pressenza\",\"https:\/\/x.com\/PressenzaIPA\"],\"url\":\"https:\/\/www.pressenza.com\/es\/author\/pressenza-ipa\/\"}]}<\/script>\n<!-- \/ Yoast SEO plugin. -->","yoast_head_json":{"title":"Con un poema de Jorge Debravo, declamado por Victoria Borb\u00f3n y la presentaci\u00f3n de la actriz Anaclara Carranza, se convoca a la paz.","description":"En las Torres del Centro Nacional de Cultura (CENAC), en San Jos\u00e9 de Costa Rica, tuvo lugar el acto cultural que convoc\u00f3 a la Marcha Mundial por la Paz y la No-Violencia.","robots":{"index":"index","follow":"follow","max-snippet":"max-snippet:-1","max-image-preview":"max-image-preview:large","max-video-preview":"max-video-preview:-1"},"canonical":"https:\/\/www.pressenza.com\/es\/2009\/06\/con-un-poema-de-jorge-debravox-declamado-por-victoria-borbxn-y-la-presentacixn-de-la-actriz-anaclara-carranzax-se-convoca-a-la-p\/","og_locale":"es_ES","og_type":"article","og_title":"Con un poema de Jorge Debravo, declamado por Victoria Borb\u00f3n y la presentaci\u00f3n de la actriz Anaclara Carranza, se convoca a la paz.","og_description":"En las Torres del Centro Nacional de Cultura (CENAC), en San Jos\u00e9 de Costa Rica, tuvo lugar el acto cultural que convoc\u00f3 a la Marcha Mundial por la Paz y la No-Violencia.","og_url":"https:\/\/www.pressenza.com\/es\/2009\/06\/con-un-poema-de-jorge-debravox-declamado-por-victoria-borbxn-y-la-presentacixn-de-la-actriz-anaclara-carranzax-se-convoca-a-la-p\/","og_site_name":"Pressenza","article_publisher":"https:\/\/www.facebook.com\/PressenzaItalia","article_author":"https:\/\/www.facebook.com\/pressenza","article_published_time":"2009-06-10T00:00:00+00:00","article_modified_time":"2009-10-01T17:01:02+00:00","author":"Pressenza IPA","twitter_card":"summary_large_image","twitter_creator":"@PressenzaIPA","twitter_site":"@PressenzaIPA","twitter_misc":{"Escrito por":"Pressenza IPA","Tiempo de lectura":"1 minuto"},"schema":{"@context":"https:\/\/schema.org","@graph":[{"@type":"Article","@id":"https:\/\/www.pressenza.com\/es\/2009\/06\/con-un-poema-de-jorge-debravox-declamado-por-victoria-borbxn-y-la-presentacixn-de-la-actriz-anaclara-carranzax-se-convoca-a-la-p\/#article","isPartOf":{"@id":"https:\/\/www.pressenza.com\/es\/2009\/06\/con-un-poema-de-jorge-debravox-declamado-por-victoria-borbxn-y-la-presentacixn-de-la-actriz-anaclara-carranzax-se-convoca-a-la-p\/"},"author":{"name":"Pressenza IPA","@id":"https:\/\/www.pressenza.com\/es\/#\/schema\/person\/010e5d02bcf40965427a1289a4cc8d75"},"headline":"Con un poema de Jorge Debravo, declamado por Victoria Borb\u00f3n y la presentaci\u00f3n de la actriz Anaclara Carranza, se convoca a la paz.","datePublished":"2009-06-10T00:00:00+00:00","dateModified":"2009-10-01T17:01:02+00:00","mainEntityOfPage":{"@id":"https:\/\/www.pressenza.com\/es\/2009\/06\/con-un-poema-de-jorge-debravox-declamado-por-victoria-borbxn-y-la-presentacixn-de-la-actriz-anaclara-carranzax-se-convoca-a-la-p\/"},"wordCount":245,"publisher":{"@id":"https:\/\/www.pressenza.com\/es\/#organization"},"articleSection":["Am\u00e9rica Central","Cultura y Medios","Opiniones"],"inLanguage":"es"},{"@type":"WebPage","@id":"https:\/\/www.pressenza.com\/es\/2009\/06\/con-un-poema-de-jorge-debravox-declamado-por-victoria-borbxn-y-la-presentacixn-de-la-actriz-anaclara-carranzax-se-convoca-a-la-p\/","url":"https:\/\/www.pressenza.com\/es\/2009\/06\/con-un-poema-de-jorge-debravox-declamado-por-victoria-borbxn-y-la-presentacixn-de-la-actriz-anaclara-carranzax-se-convoca-a-la-p\/","name":"Con un poema de Jorge Debravo, declamado por Victoria Borb\u00f3n y la presentaci\u00f3n de la actriz Anaclara Carranza, se convoca a la paz.","isPartOf":{"@id":"https:\/\/www.pressenza.com\/es\/#website"},"datePublished":"2009-06-10T00:00:00+00:00","dateModified":"2009-10-01T17:01:02+00:00","description":"En las Torres del Centro Nacional de Cultura (CENAC), en San Jos\u00e9 de Costa Rica, tuvo lugar el acto cultural que convoc\u00f3 a la Marcha Mundial por la Paz y la No-Violencia.","breadcrumb":{"@id":"https:\/\/www.pressenza.com\/es\/2009\/06\/con-un-poema-de-jorge-debravox-declamado-por-victoria-borbxn-y-la-presentacixn-de-la-actriz-anaclara-carranzax-se-convoca-a-la-p\/#breadcrumb"},"inLanguage":"es","potentialAction":[{"@type":"ReadAction","target":["https:\/\/www.pressenza.com\/es\/2009\/06\/con-un-poema-de-jorge-debravox-declamado-por-victoria-borbxn-y-la-presentacixn-de-la-actriz-anaclara-carranzax-se-convoca-a-la-p\/"]}]},{"@type":"BreadcrumbList","@id":"https:\/\/www.pressenza.com\/es\/2009\/06\/con-un-poema-de-jorge-debravox-declamado-por-victoria-borbxn-y-la-presentacixn-de-la-actriz-anaclara-carranzax-se-convoca-a-la-p\/#breadcrumb","itemListElement":[{"@type":"ListItem","position":1,"name":"Accueil","item":"https:\/\/www.pressenza.com\/es\/"},{"@type":"ListItem","position":2,"name":"Con un poema de Jorge Debravo, declamado por Victoria Borb\u00f3n y la presentaci\u00f3n de la actriz Anaclara Carranza, se convoca a la paz."}]},{"@type":"WebSite","@id":"https:\/\/www.pressenza.com\/es\/#website","url":"https:\/\/www.pressenza.com\/es\/","name":"Pressenza","description":"International Press Agency","publisher":{"@id":"https:\/\/www.pressenza.com\/es\/#organization"},"potentialAction":[{"@type":"SearchAction","target":{"@type":"EntryPoint","urlTemplate":"https:\/\/www.pressenza.com\/es\/?s={search_term_string}"},"query-input":{"@type":"PropertyValueSpecification","valueRequired":true,"valueName":"search_term_string"}}],"inLanguage":"es"},{"@type":"Organization","@id":"https:\/\/www.pressenza.com\/es\/#organization","name":"Pressenza","url":"https:\/\/www.pressenza.com\/es\/","logo":{"@type":"ImageObject","inLanguage":"es","@id":"https:\/\/www.pressenza.com\/es\/#\/schema\/logo\/image\/","url":"https:\/\/www.pressenza.com\/wp-content\/uploads\/2022\/10\/pressenza_logo_200x200.jpg","contentUrl":"https:\/\/www.pressenza.com\/wp-content\/uploads\/2022\/10\/pressenza_logo_200x200.jpg","width":200,"height":200,"caption":"Pressenza"},"image":{"@id":"https:\/\/www.pressenza.com\/es\/#\/schema\/logo\/image\/"},"sameAs":["https:\/\/www.facebook.com\/PressenzaItalia","https:\/\/x.com\/PressenzaIPA"]},{"@type":"Person","@id":"https:\/\/www.pressenza.com\/es\/#\/schema\/person\/010e5d02bcf40965427a1289a4cc8d75","name":"Pressenza IPA","description":"News from Pressenza IPA correspondents","sameAs":["https:\/\/www.facebook.com\/pressenza","https:\/\/x.com\/PressenzaIPA"],"url":"https:\/\/www.pressenza.com\/es\/author\/pressenza-ipa\/"}]}},"place":"San Jos\u00e9","original_article_url":"","_links":{"self":[{"href":"https:\/\/www.pressenza.com\/es\/wp-json\/wp\/v2\/posts\/486","targetHints":{"allow":["GET"]}}],"collection":[{"href":"https:\/\/www.pressenza.com\/es\/wp-json\/wp\/v2\/posts"}],"about":[{"href":"https:\/\/www.pressenza.com\/es\/wp-json\/wp\/v2\/types\/post"}],"author":[{"embeddable":true,"href":"https:\/\/www.pressenza.com\/es\/wp-json\/wp\/v2\/users\/19"}],"replies":[{"embeddable":true,"href":"https:\/\/www.pressenza.com\/es\/wp-json\/wp\/v2\/comments?post=486"}],"version-history":[{"count":0,"href":"https:\/\/www.pressenza.com\/es\/wp-json\/wp\/v2\/posts\/486\/revisions"}],"wp:attachment":[{"href":"https:\/\/www.pressenza.com\/es\/wp-json\/wp\/v2\/media?parent=486"}],"wp:term":[{"taxonomy":"category","embeddable":true,"href":"https:\/\/www.pressenza.com\/es\/wp-json\/wp\/v2\/categories?post=486"},{"taxonomy":"post_tag","embeddable":true,"href":"https:\/\/www.pressenza.com\/es\/wp-json\/wp\/v2\/tags?post=486"}],"curies":[{"name":"wp","href":"https:\/\/api.w.org\/{rel}","templated":true}]}}