{"id":484082,"date":"2017-06-30T23:53:29","date_gmt":"2017-06-30T22:53:29","guid":{"rendered":"https:\/\/www.pressenza.com\/?p=484082\/"},"modified":"2017-07-01T09:45:41","modified_gmt":"2017-07-01T08:45:41","slug":"guillermo-sullings-casa-libro-barcelona","status":"publish","type":"post","link":"https:\/\/www.pressenza.com\/es\/2017\/06\/guillermo-sullings-casa-libro-barcelona\/","title":{"rendered":"Guillermo Sullings en la Casa del Libro de Barcelona"},"content":{"rendered":"<p><em>La sala de actos de la Casa del Libro en la Rambla de Catalu\u00f1a fue el espacio en el que Guillermo Sullings present\u00f3 su libro en Barcelona. <\/em><\/p>\n<p><em>\u201cEncrucijada y Futuro del Ser Humano\u201d ha sido editado en Espa\u00f1a por Le\u00f3n Alado Ediciones. Antes, el libro, hab\u00eda sido presentado en las ciudades de Santa Rosa, Santiago de Chile, Quito, Cuenca, Guayaquil, Bogot\u00e1, Nueva York, Huancayo, Lima, Cochabamba, La Paz, El Alto, Madrid y Santander.<\/em><\/p>\n<h3>Resum\u00e9n de la Presentaci\u00f3n de Guillermo Sullings<\/h3>\n<h4><strong>La contradicci\u00f3n actual<\/strong><\/h4>\n<p>Sullings no cierra los ojos a la hora de observar la problem\u00e1tica del mundo de hoy.<\/p>\n<p>\u201cLas contradicciones del mundo actual han sido causa de numerosas crisis, y estas se multiplicar\u00e1n y profundizar\u00e1n si no cambiamos el rumbo que llevamos. Porque la irracionalidad del sistema econ\u00f3mico y la voracidad de la especulaci\u00f3n financiera provocar\u00e1n nuevas crisis que marginar\u00e1n a millones de personas. La carrera armamentista, las guerras y el terrorismo se cobrar\u00e1n cada vez m\u00e1s vidas provocando el sufrimiento creciente en las poblaciones. Las mentiras de los pol\u00edticos y la manipulaci\u00f3n de los medios de comunicaci\u00f3n destruir\u00e1n todo vestigio de credibilidad, sobreviniendo un caos generalizado, de no surgir otro tipo de referencias coherentes. El caos social empujar\u00e1 hacia un dr\u00e1stico retroceso de las sociedades, o provocar\u00e1 la instauraci\u00f3n de un nuevo orden basado en la fuerza. En cualquier caso, de continuar esta direcci\u00f3n mec\u00e1nica de los acontecimientos, el mundo va hacia una cat\u00e1strofe inevitable\u2026\u201d<\/p>\n<p>Pero el libro trata de lo que podemos hacer, o quiz\u00e1 mejor dicho, de lo que debemos hacer. Ese fue el hilo argumental de la presentaci\u00f3n de Guillermo.<\/p>\n<p>Los afroamericanos cuando luchaban por sus derechos, los movimientos feministas, los obreros del siglo XIX no lo tuvieron nada f\u00e1cil, pero de alg\u00fan modo el camino a recorrer se presentaba con cierta claridad. Hoy en cambio estamos en una encrucijada.<\/p>\n<p>Muchas veces las encrucijadas paralizan. Todo est\u00e1 lleno de contradicciones. Hay contradicciones en el \u00e1mbito de los derechos humanos. Conviven realidades paralelas pero profundamente diferentes cuando se est\u00e1 trabajando por los derechos de 4\u00aa y 5\u00aa generaci\u00f3n mientras los derechos de la 1\u00aa, 2\u00aa y 3\u00aa generaci\u00f3n no son respetados.<\/p>\n<p>Contradicciones en el tema armament\u00edstico. Cuando \u00a0los miembros permanentes del Consejo de Seguridad son los mayores proveedores de armas del planeta.<\/p>\n<p>Hoy contamos con tecnolog\u00eda suficiente para erradicar la pobreza pero que termina produciendo lo contrario. La pobreza, la exclusi\u00f3n, la guerra, la drogodependencia, el pesimismo, la soledad, el temor, la desesperanza y el sinsentido es considerado como algo \u00abnatural\u00bb o \u00abnormal\u00bb, producto de la \u00abvida moderna\u00bb o de la \u00abnaturaleza humana\u00bb.<\/p>\n<p>Protestamos por el sistema al tiempo que lo alimentamos. Se trata de un sistema piramidal. Si esperamos a que todos los de abajo -con ese modelo- tengan un nivel de vida aceptable necesitaremos 5 planetas m\u00e1s para lograrlo.<\/p>\n<p>Contradicciones en la representatividad. Se supone que los tres poderes de la democracia representan los intereses del pueblo. Sin embargo, gran paradoja, el pueblo los aborrece al poco tiempo de emitir el voto, y a veces los desprecia desde antes de votarlos pero siente que no tiene muchas opciones. Esta es una trampa formidable de la democracia formal, elegir entre falsas opciones.<\/p>\n<p>Respecto a la refundaci\u00f3n de las Naciones Unidas: el esp\u00edritu que motorice la b\u00fasqueda de un nuevo orden mundial, debiera forjarse partiendo de la aceptaci\u00f3n del fracaso del orden vigente, asumiendo que no podremos acercarnos hacia una verdadera cooperaci\u00f3n internacional, mientras no nos alejemos proporcionalmente de los egonacionalismos, concomitantes con el individualismo enquistado en nuestras sociedades.<\/p>\n<p>El compromiso con el medio ambiente qued\u00f3 en la letra muerta, y la emisi\u00f3n de gases aument\u00f3 un 46% desde que se propuso su disminuci\u00f3n. Ya en 1972 el Club de Roma hablaba de los l\u00edmites del crecimiento, y en las Naciones Unidas se conformaba el Programa para el Medio Ambiente. Ya en 1992 la Cumbre de R\u00edo de Janeiro compromet\u00eda a 172 pa\u00edses a trabajar por el desarrollo sustentable. Ya en 1997 se adoptaba el Protocolo de Kyoto51, ratificado en el 2005 al cual adhirieron 187 pa\u00edses, menos Estados Unidos. El mismo Protocolo que en el 2013 fue prorrogado hasta el 2020, sin grandes esperanzas de obtener resultados.<\/p>\n<p>En s\u00edntesis: cuando hay contradicciones estamos frente a esa encrucijada.<\/p>\n<div class=\"post-gallery\">\n\t\t\t<figure class=\"post-gallery-item\">\n\t\t\t\t<img decoding=\"async\" src=\"https:\/\/www.pressenza.com\/wp-content\/uploads\/2017\/06\/dd-720x405.jpg\" loading=\"lazy\">\n\t\t\t\t<figcaption>\n\t\t\t\t\t\n\t\t\t\t<\/figcaption>\n\t\t\t<\/figure>\n\t\t\t<figure class=\"post-gallery-item\">\n\t\t\t\t<img decoding=\"async\" src=\"https:\/\/www.pressenza.com\/wp-content\/uploads\/2017\/06\/ee-720x480.jpg\" loading=\"lazy\">\n\t\t\t\t<figcaption>\n\t\t\t\t\t\n\t\t\t\t<\/figcaption>\n\t\t\t<\/figure>\n\t\t\t<figure class=\"post-gallery-item\">\n\t\t\t\t<img decoding=\"async\" src=\"https:\/\/www.pressenza.com\/wp-content\/uploads\/2017\/06\/ff-720x405.jpg\" loading=\"lazy\">\n\t\t\t\t<figcaption>\n\t\t\t\t\t\n\t\t\t\t<\/figcaption>\n\t\t\t<\/figure>\n\t\t\t<figure class=\"post-gallery-item\">\n\t\t\t\t<img decoding=\"async\" src=\"https:\/\/www.pressenza.com\/wp-content\/uploads\/2017\/06\/gg-720x224.jpg\" loading=\"lazy\">\n\t\t\t\t<figcaption>\n\t\t\t\t\t\n\t\t\t\t<\/figcaption>\n\t\t\t<\/figure>\n\t\t\t<figure class=\"post-gallery-item\">\n\t\t\t\t<img decoding=\"async\" src=\"https:\/\/www.pressenza.com\/wp-content\/uploads\/2017\/06\/hh-720x480.jpg\" loading=\"lazy\">\n\t\t\t\t<figcaption>\n\t\t\t\t\t\n\t\t\t\t<\/figcaption>\n\t\t\t<\/figure>\n\t\t\t<figure class=\"post-gallery-item\">\n\t\t\t\t<img decoding=\"async\" src=\"https:\/\/www.pressenza.com\/wp-content\/uploads\/2017\/06\/ii-720x405.jpg\" loading=\"lazy\">\n\t\t\t\t<figcaption>\n\t\t\t\t\t\n\t\t\t\t<\/figcaption>\n\t\t\t<\/figure>\n\t\t\t<figure class=\"post-gallery-item\">\n\t\t\t\t<img decoding=\"async\" src=\"https:\/\/www.pressenza.com\/wp-content\/uploads\/2017\/06\/jj-720x480.jpg\" loading=\"lazy\">\n\t\t\t\t<figcaption>\n\t\t\t\t\t\n\t\t\t\t<\/figcaption>\n\t\t\t<\/figure>\n\t\t\t<figure class=\"post-gallery-item\">\n\t\t\t\t<img decoding=\"async\" src=\"https:\/\/www.pressenza.com\/wp-content\/uploads\/2017\/06\/kk-720x480.jpg\" loading=\"lazy\">\n\t\t\t\t<figcaption>\n\t\t\t\t\t\n\t\t\t\t<\/figcaption>\n\t\t\t<\/figure>\n\t\t\t<figure class=\"post-gallery-item\">\n\t\t\t\t<img decoding=\"async\" src=\"https:\/\/www.pressenza.com\/wp-content\/uploads\/2017\/06\/oo-720x405.jpg\" loading=\"lazy\">\n\t\t\t\t<figcaption>\n\t\t\t\t\t\n\t\t\t\t<\/figcaption>\n\t\t\t<\/figure>\n\t\t\t<figure class=\"post-gallery-item\">\n\t\t\t\t<img decoding=\"async\" src=\"https:\/\/www.pressenza.com\/wp-content\/uploads\/2017\/06\/pp-720x405.jpg\" loading=\"lazy\">\n\t\t\t\t<figcaption>\n\t\t\t\t\t\n\t\t\t\t<\/figcaption>\n\t\t\t<\/figure>\n\t\t\t<figure class=\"post-gallery-item\">\n\t\t\t\t<img decoding=\"async\" src=\"https:\/\/www.pressenza.com\/wp-content\/uploads\/2017\/06\/rr-720x405.jpg\" loading=\"lazy\">\n\t\t\t\t<figcaption>\n\t\t\t\t\t\n\t\t\t\t<\/figcaption>\n\t\t\t<\/figure>\n\t\t\t<figure class=\"post-gallery-item\">\n\t\t\t\t<img decoding=\"async\" src=\"https:\/\/www.pressenza.com\/wp-content\/uploads\/2017\/06\/tt-720x405.jpg\" loading=\"lazy\">\n\t\t\t\t<figcaption>\n\t\t\t\t\t\n\t\t\t\t<\/figcaption>\n\t\t\t<\/figure>\n\t\t\t<figure class=\"post-gallery-item\">\n\t\t\t\t<img decoding=\"async\" src=\"https:\/\/www.pressenza.com\/wp-content\/uploads\/2017\/06\/ww-720x480.jpg\" loading=\"lazy\">\n\t\t\t\t<figcaption>\n\t\t\t\t\t\n\t\t\t\t<\/figcaption>\n\t\t\t<\/figure>\n\t\t\t<figure class=\"post-gallery-item\">\n\t\t\t\t<img decoding=\"async\" src=\"https:\/\/www.pressenza.com\/wp-content\/uploads\/2017\/06\/E-021-720x1022.jpg\" loading=\"lazy\">\n\t\t\t\t<figcaption>\n\t\t\t\t\t\n\t\t\t\t<\/figcaption>\n\t\t\t<\/figure>\n\t\t\t<figure class=\"post-gallery-item\">\n\t\t\t\t<img decoding=\"async\" src=\"https:\/\/www.pressenza.com\/wp-content\/uploads\/2017\/06\/portada-GS-3-720x423.jpg\" loading=\"lazy\">\n\t\t\t\t<figcaption>\n\t\t\t\t\t\n\t\t\t\t<\/figcaption>\n\t\t\t<\/figure><\/div>\n<h4><strong>Hacerse cargo<\/strong><\/h4>\n<p>Las diferentes \u00e1reas tem\u00e1ticas est\u00e1n encadenadas unas con otras, no son problem\u00e1ticas que puedan ser interpretadas aisladamente. Ante la interdependencia entre lo global y lo local hay que potenciar lo local, con una mirada amplia.<\/p>\n<p>El escritor argentino sintetiza su recorrido hacia el viejo sue\u00f1o de la humanidad en 120 pasos, como para empezar a emprender un nuevo camino.<\/p>\n<p>\u00bfQui\u00e9nes, cu\u00e1ndo, c\u00f3mo y d\u00f3nde van a abordar esta tarea? Ser\u00eda una ingenuidad dejar que los problemas econ\u00f3micos los resuelva el sistema financiero y lo mismo ocurre con el Estado. Hay que tener una voluntad de hacerlo.<\/p>\n<p>Sullings propone el hacerse cargo. Necesitamos un cambio cultural para eso. Este el desaf\u00edo que se est\u00e1 proponiendo en este libro.<\/p>\n<p>Podemos confiar en que siempre ha habido seres humanos que se pusieron en marcha. Desde sus or\u00edgenes el ser humano ha tratado de ganarle terreno al sufrimiento y a la muerte.<\/p>\n<p>Refiri\u00e9ndose a la historia del fuego como ejemplo, \u201cno creo que todos a la vez fueran a recoger el fuego de un \u00e1rbol incendiado por un rayo\u201d, coment\u00f3 Guillermo. Tambi\u00e9n se le ten\u00eda miedo, siempre fueron unos pocos primero. Lo mismo cuando se luch\u00f3 contra la esclavitud, el racismo, por los derechos de las mujeres, etc. Siempre hay algunos que dan el puntapi\u00e9 inicial.<\/p>\n<p>Pensar en que el \u00fanico planeta que conocemos habitado sea finalmente destruido es bastante est\u00fapido.<\/p>\n<p>El autor hizo sonre\u00edr a los concurrentes en varias ocasiones.<\/p>\n<p>\u201cMe imagino retrasmitiendo una cr\u00f3nica gal\u00e1ctica que diga: hemos llegado al m\u00e1ximo de la evoluci\u00f3n y nuestro mayor representante es Donald Trump.\u201d<\/p>\n<p>\u201cAl final todo va a estar bien, y si no lo esta es porque todav\u00eda no es el final\u201d, cita de un dicho hind\u00fa.<\/p>\n<p>En referencia a la formaci\u00f3n de una red de constructores se trata de que en cada lugar se vayan articulando los diferentes actores. Sumar fuerzas a trav\u00e9s de una articulaci\u00f3n. Asi es como se lograra la masa cr\u00edtica. Se trata de enfrentar al poder militar econ\u00f3mico y a la casta pol\u00edtica.<\/p>\n<p>Para construir una represa, las piedritas que voy tirando de a una se las lleva el rio, as\u00ed que es mejor poner todas de golpe.<\/p>\n<p>Hay que ir poniendo una identidad mundial, el proyecto de la Naci\u00f3n Humana Universal, o como se le quiera llamar, porque no es el patrimonio de nadie.<\/p>\n<p>La ONU no es el organismo que pueda generar esto. Han de ser las personas. Pero si las personas est\u00e1n\u00a0 atomizadas, mucho mas lo est\u00e1n en el nivel supranacional. As\u00ed que se trata de una red que se pueda articular localmente pero tambi\u00e9n internacionalmente. Y de ese modo, lograr el sentimiento de que somos un cuerpo que se va ir logrando poco a poco.<\/p>\n","protected":false},"excerpt":{"rendered":"<p>La sala de actos de la Casa del Libro en la Rambla de Catalu\u00f1a fue el espacio en el que Guillermo Sullings present\u00f3 su libro en Barcelona. \u201cEncrucijada y Futuro del Ser Humano\u201d ha sido editado en Espa\u00f1a por Le\u00f3n&hellip;<\/p>\n","protected":false},"author":1122,"featured_media":484083,"comment_status":"closed","ping_status":"closed","sticky":false,"template":"","format":"standard","meta":{"footnotes":""},"categories":[76,149,11389,5667,161],"tags":[38489,8699,15571,649],"class_list":["post-484082","post","type-post","status-publish","format-standard","has-post-thumbnail","hentry","category-relaciones-exteriores","category-comunicados-de-prensa","category-contenido-original","category-foto-reportajes","category-opiniones","tag-casa-del-libro","tag-guillermo-sullings-es","tag-nacion-humana-universal","tag-naciones-unidas"],"yoast_head":"<!-- This site is optimized with the Yoast SEO plugin v27.1.1 - https:\/\/yoast.com\/product\/yoast-seo-wordpress\/ -->\n<title>Guillermo Sullings en la Casa del Libro de Barcelona<\/title>\n<meta name=\"description\" content=\"La sala de actos de la Casa del Libro en la Rambla de Catalu\u00f1a fue el espacio en el que Guillermo Sullings present\u00f3 su libro en Barcelona. \u201cEncrucijada y\" \/>\n<meta name=\"robots\" content=\"index, follow, max-snippet:-1, max-image-preview:large, max-video-preview:-1\" \/>\n<link rel=\"canonical\" href=\"https:\/\/www.pressenza.com\/es\/2017\/06\/guillermo-sullings-casa-libro-barcelona\/\" \/>\n<meta property=\"og:locale\" content=\"es_ES\" \/>\n<meta property=\"og:type\" content=\"article\" \/>\n<meta property=\"og:title\" content=\"Guillermo Sullings en la Casa del Libro de Barcelona\" \/>\n<meta property=\"og:description\" content=\"La sala de actos de la Casa del Libro en la Rambla de Catalu\u00f1a fue el espacio en el que Guillermo Sullings present\u00f3 su libro en Barcelona. \u201cEncrucijada y\" \/>\n<meta property=\"og:url\" content=\"https:\/\/www.pressenza.com\/es\/2017\/06\/guillermo-sullings-casa-libro-barcelona\/\" \/>\n<meta property=\"og:site_name\" content=\"Pressenza\" \/>\n<meta property=\"article:publisher\" content=\"https:\/\/www.facebook.com\/PressenzaItalia\" \/>\n<meta property=\"article:author\" content=\"https:\/\/www.facebook.com\/Pressenza-Espaa-647854795301395\/timeline\/\" \/>\n<meta property=\"article:published_time\" content=\"2017-06-30T22:53:29+00:00\" \/>\n<meta property=\"article:modified_time\" content=\"2017-07-01T08:45:41+00:00\" \/>\n<meta property=\"og:image\" content=\"https:\/\/www.pressenza.com\/wp-content\/uploads\/2017\/06\/ss.jpg\" \/>\n\t<meta property=\"og:image:width\" content=\"2048\" \/>\n\t<meta property=\"og:image:height\" content=\"1536\" \/>\n\t<meta property=\"og:image:type\" content=\"image\/jpeg\" \/>\n<meta name=\"author\" content=\"Redacci\u00f3n Barcelona\" \/>\n<meta name=\"twitter:card\" content=\"summary_large_image\" \/>\n<meta name=\"twitter:creator\" content=\"@pressenza\" \/>\n<meta name=\"twitter:site\" content=\"@PressenzaIPA\" \/>\n<meta name=\"twitter:label1\" content=\"Escrito por\" \/>\n\t<meta name=\"twitter:data1\" content=\"Redacci\u00f3n Barcelona\" \/>\n\t<meta name=\"twitter:label2\" content=\"Tiempo de lectura\" \/>\n\t<meta name=\"twitter:data2\" content=\"6 minutos\" \/>\n<script type=\"application\/ld+json\" class=\"yoast-schema-graph\">{\"@context\":\"https:\/\/schema.org\",\"@graph\":[{\"@type\":\"Article\",\"@id\":\"https:\/\/www.pressenza.com\/es\/2017\/06\/guillermo-sullings-casa-libro-barcelona\/#article\",\"isPartOf\":{\"@id\":\"https:\/\/www.pressenza.com\/es\/2017\/06\/guillermo-sullings-casa-libro-barcelona\/\"},\"author\":{\"name\":\"Redacci\u00f3n Barcelona\",\"@id\":\"https:\/\/www.pressenza.com\/es\/#\/schema\/person\/8abc53b92f3264e0dad4300d54ac73ff\"},\"headline\":\"Guillermo Sullings en la Casa del Libro de Barcelona\",\"datePublished\":\"2017-06-30T22:53:29+00:00\",\"dateModified\":\"2017-07-01T08:45:41+00:00\",\"mainEntityOfPage\":{\"@id\":\"https:\/\/www.pressenza.com\/es\/2017\/06\/guillermo-sullings-casa-libro-barcelona\/\"},\"wordCount\":1228,\"publisher\":{\"@id\":\"https:\/\/www.pressenza.com\/es\/#organization\"},\"image\":{\"@id\":\"https:\/\/www.pressenza.com\/es\/2017\/06\/guillermo-sullings-casa-libro-barcelona\/#primaryimage\"},\"thumbnailUrl\":\"https:\/\/www.pressenza.com\/wp-content\/uploads\/2017\/06\/ss.jpg\",\"keywords\":[\"Casa del Libro\",\"Guillermo Sullings\",\"Naci\u00f3n Humana Universal\",\"Naciones Unidas\"],\"articleSection\":[\"Asuntos internacionales\",\"Comunicados de Prensa\",\"Contenido Original\",\"Fotorreportajes\",\"Opiniones\"],\"inLanguage\":\"es\"},{\"@type\":\"WebPage\",\"@id\":\"https:\/\/www.pressenza.com\/es\/2017\/06\/guillermo-sullings-casa-libro-barcelona\/\",\"url\":\"https:\/\/www.pressenza.com\/es\/2017\/06\/guillermo-sullings-casa-libro-barcelona\/\",\"name\":\"Guillermo Sullings en la Casa del Libro de Barcelona\",\"isPartOf\":{\"@id\":\"https:\/\/www.pressenza.com\/es\/#website\"},\"primaryImageOfPage\":{\"@id\":\"https:\/\/www.pressenza.com\/es\/2017\/06\/guillermo-sullings-casa-libro-barcelona\/#primaryimage\"},\"image\":{\"@id\":\"https:\/\/www.pressenza.com\/es\/2017\/06\/guillermo-sullings-casa-libro-barcelona\/#primaryimage\"},\"thumbnailUrl\":\"https:\/\/www.pressenza.com\/wp-content\/uploads\/2017\/06\/ss.jpg\",\"datePublished\":\"2017-06-30T22:53:29+00:00\",\"dateModified\":\"2017-07-01T08:45:41+00:00\",\"description\":\"La sala de actos de la Casa del Libro en la Rambla de Catalu\u00f1a fue el espacio en el que Guillermo Sullings present\u00f3 su libro en Barcelona. \u201cEncrucijada y\",\"breadcrumb\":{\"@id\":\"https:\/\/www.pressenza.com\/es\/2017\/06\/guillermo-sullings-casa-libro-barcelona\/#breadcrumb\"},\"inLanguage\":\"es\",\"potentialAction\":[{\"@type\":\"ReadAction\",\"target\":[\"https:\/\/www.pressenza.com\/es\/2017\/06\/guillermo-sullings-casa-libro-barcelona\/\"]}]},{\"@type\":\"ImageObject\",\"inLanguage\":\"es\",\"@id\":\"https:\/\/www.pressenza.com\/es\/2017\/06\/guillermo-sullings-casa-libro-barcelona\/#primaryimage\",\"url\":\"https:\/\/www.pressenza.com\/wp-content\/uploads\/2017\/06\/ss.jpg\",\"contentUrl\":\"https:\/\/www.pressenza.com\/wp-content\/uploads\/2017\/06\/ss.jpg\",\"width\":2048,\"height\":1536},{\"@type\":\"BreadcrumbList\",\"@id\":\"https:\/\/www.pressenza.com\/es\/2017\/06\/guillermo-sullings-casa-libro-barcelona\/#breadcrumb\",\"itemListElement\":[{\"@type\":\"ListItem\",\"position\":1,\"name\":\"Accueil\",\"item\":\"https:\/\/www.pressenza.com\/es\/\"},{\"@type\":\"ListItem\",\"position\":2,\"name\":\"Guillermo Sullings en la Casa del Libro de Barcelona\"}]},{\"@type\":\"WebSite\",\"@id\":\"https:\/\/www.pressenza.com\/es\/#website\",\"url\":\"https:\/\/www.pressenza.com\/es\/\",\"name\":\"Pressenza\",\"description\":\"International Press Agency\",\"publisher\":{\"@id\":\"https:\/\/www.pressenza.com\/es\/#organization\"},\"potentialAction\":[{\"@type\":\"SearchAction\",\"target\":{\"@type\":\"EntryPoint\",\"urlTemplate\":\"https:\/\/www.pressenza.com\/es\/?s={search_term_string}\"},\"query-input\":{\"@type\":\"PropertyValueSpecification\",\"valueRequired\":true,\"valueName\":\"search_term_string\"}}],\"inLanguage\":\"es\"},{\"@type\":\"Organization\",\"@id\":\"https:\/\/www.pressenza.com\/es\/#organization\",\"name\":\"Pressenza\",\"url\":\"https:\/\/www.pressenza.com\/es\/\",\"logo\":{\"@type\":\"ImageObject\",\"inLanguage\":\"es\",\"@id\":\"https:\/\/www.pressenza.com\/es\/#\/schema\/logo\/image\/\",\"url\":\"https:\/\/www.pressenza.com\/wp-content\/uploads\/2022\/10\/pressenza_logo_200x200.jpg\",\"contentUrl\":\"https:\/\/www.pressenza.com\/wp-content\/uploads\/2022\/10\/pressenza_logo_200x200.jpg\",\"width\":200,\"height\":200,\"caption\":\"Pressenza\"},\"image\":{\"@id\":\"https:\/\/www.pressenza.com\/es\/#\/schema\/logo\/image\/\"},\"sameAs\":[\"https:\/\/www.facebook.com\/PressenzaItalia\",\"https:\/\/x.com\/PressenzaIPA\"]},{\"@type\":\"Person\",\"@id\":\"https:\/\/www.pressenza.com\/es\/#\/schema\/person\/8abc53b92f3264e0dad4300d54ac73ff\",\"name\":\"Redacci\u00f3n Barcelona\",\"description\":\"News published by the Pressenza bureau in Barcelona, Spain\",\"sameAs\":[\"https:\/\/www.facebook.com\/Pressenza-Espaa-647854795301395\/timeline\/\",\"https:\/\/x.com\/pressenza\"],\"url\":\"https:\/\/www.pressenza.com\/es\/author\/redaccion-barcelona\/\"}]}<\/script>\n<!-- \/ Yoast SEO plugin. -->","yoast_head_json":{"title":"Guillermo Sullings en la Casa del Libro de Barcelona","description":"La sala de actos de la Casa del Libro en la Rambla de Catalu\u00f1a fue el espacio en el que Guillermo Sullings present\u00f3 su libro en Barcelona. \u201cEncrucijada y","robots":{"index":"index","follow":"follow","max-snippet":"max-snippet:-1","max-image-preview":"max-image-preview:large","max-video-preview":"max-video-preview:-1"},"canonical":"https:\/\/www.pressenza.com\/es\/2017\/06\/guillermo-sullings-casa-libro-barcelona\/","og_locale":"es_ES","og_type":"article","og_title":"Guillermo Sullings en la Casa del Libro de Barcelona","og_description":"La sala de actos de la Casa del Libro en la Rambla de Catalu\u00f1a fue el espacio en el que Guillermo Sullings present\u00f3 su libro en Barcelona. \u201cEncrucijada y","og_url":"https:\/\/www.pressenza.com\/es\/2017\/06\/guillermo-sullings-casa-libro-barcelona\/","og_site_name":"Pressenza","article_publisher":"https:\/\/www.facebook.com\/PressenzaItalia","article_author":"https:\/\/www.facebook.com\/Pressenza-Espaa-647854795301395\/timeline\/","article_published_time":"2017-06-30T22:53:29+00:00","article_modified_time":"2017-07-01T08:45:41+00:00","og_image":[{"width":2048,"height":1536,"url":"https:\/\/www.pressenza.com\/wp-content\/uploads\/2017\/06\/ss.jpg","type":"image\/jpeg"}],"author":"Redacci\u00f3n Barcelona","twitter_card":"summary_large_image","twitter_creator":"@pressenza","twitter_site":"@PressenzaIPA","twitter_misc":{"Escrito por":"Redacci\u00f3n Barcelona","Tiempo de lectura":"6 minutos"},"schema":{"@context":"https:\/\/schema.org","@graph":[{"@type":"Article","@id":"https:\/\/www.pressenza.com\/es\/2017\/06\/guillermo-sullings-casa-libro-barcelona\/#article","isPartOf":{"@id":"https:\/\/www.pressenza.com\/es\/2017\/06\/guillermo-sullings-casa-libro-barcelona\/"},"author":{"name":"Redacci\u00f3n Barcelona","@id":"https:\/\/www.pressenza.com\/es\/#\/schema\/person\/8abc53b92f3264e0dad4300d54ac73ff"},"headline":"Guillermo Sullings en la Casa del Libro de Barcelona","datePublished":"2017-06-30T22:53:29+00:00","dateModified":"2017-07-01T08:45:41+00:00","mainEntityOfPage":{"@id":"https:\/\/www.pressenza.com\/es\/2017\/06\/guillermo-sullings-casa-libro-barcelona\/"},"wordCount":1228,"publisher":{"@id":"https:\/\/www.pressenza.com\/es\/#organization"},"image":{"@id":"https:\/\/www.pressenza.com\/es\/2017\/06\/guillermo-sullings-casa-libro-barcelona\/#primaryimage"},"thumbnailUrl":"https:\/\/www.pressenza.com\/wp-content\/uploads\/2017\/06\/ss.jpg","keywords":["Casa del Libro","Guillermo Sullings","Naci\u00f3n Humana Universal","Naciones Unidas"],"articleSection":["Asuntos internacionales","Comunicados de Prensa","Contenido Original","Fotorreportajes","Opiniones"],"inLanguage":"es"},{"@type":"WebPage","@id":"https:\/\/www.pressenza.com\/es\/2017\/06\/guillermo-sullings-casa-libro-barcelona\/","url":"https:\/\/www.pressenza.com\/es\/2017\/06\/guillermo-sullings-casa-libro-barcelona\/","name":"Guillermo Sullings en la Casa del Libro de Barcelona","isPartOf":{"@id":"https:\/\/www.pressenza.com\/es\/#website"},"primaryImageOfPage":{"@id":"https:\/\/www.pressenza.com\/es\/2017\/06\/guillermo-sullings-casa-libro-barcelona\/#primaryimage"},"image":{"@id":"https:\/\/www.pressenza.com\/es\/2017\/06\/guillermo-sullings-casa-libro-barcelona\/#primaryimage"},"thumbnailUrl":"https:\/\/www.pressenza.com\/wp-content\/uploads\/2017\/06\/ss.jpg","datePublished":"2017-06-30T22:53:29+00:00","dateModified":"2017-07-01T08:45:41+00:00","description":"La sala de actos de la Casa del Libro en la Rambla de Catalu\u00f1a fue el espacio en el que Guillermo Sullings present\u00f3 su libro en Barcelona. \u201cEncrucijada y","breadcrumb":{"@id":"https:\/\/www.pressenza.com\/es\/2017\/06\/guillermo-sullings-casa-libro-barcelona\/#breadcrumb"},"inLanguage":"es","potentialAction":[{"@type":"ReadAction","target":["https:\/\/www.pressenza.com\/es\/2017\/06\/guillermo-sullings-casa-libro-barcelona\/"]}]},{"@type":"ImageObject","inLanguage":"es","@id":"https:\/\/www.pressenza.com\/es\/2017\/06\/guillermo-sullings-casa-libro-barcelona\/#primaryimage","url":"https:\/\/www.pressenza.com\/wp-content\/uploads\/2017\/06\/ss.jpg","contentUrl":"https:\/\/www.pressenza.com\/wp-content\/uploads\/2017\/06\/ss.jpg","width":2048,"height":1536},{"@type":"BreadcrumbList","@id":"https:\/\/www.pressenza.com\/es\/2017\/06\/guillermo-sullings-casa-libro-barcelona\/#breadcrumb","itemListElement":[{"@type":"ListItem","position":1,"name":"Accueil","item":"https:\/\/www.pressenza.com\/es\/"},{"@type":"ListItem","position":2,"name":"Guillermo Sullings en la Casa del Libro de Barcelona"}]},{"@type":"WebSite","@id":"https:\/\/www.pressenza.com\/es\/#website","url":"https:\/\/www.pressenza.com\/es\/","name":"Pressenza","description":"International Press Agency","publisher":{"@id":"https:\/\/www.pressenza.com\/es\/#organization"},"potentialAction":[{"@type":"SearchAction","target":{"@type":"EntryPoint","urlTemplate":"https:\/\/www.pressenza.com\/es\/?s={search_term_string}"},"query-input":{"@type":"PropertyValueSpecification","valueRequired":true,"valueName":"search_term_string"}}],"inLanguage":"es"},{"@type":"Organization","@id":"https:\/\/www.pressenza.com\/es\/#organization","name":"Pressenza","url":"https:\/\/www.pressenza.com\/es\/","logo":{"@type":"ImageObject","inLanguage":"es","@id":"https:\/\/www.pressenza.com\/es\/#\/schema\/logo\/image\/","url":"https:\/\/www.pressenza.com\/wp-content\/uploads\/2022\/10\/pressenza_logo_200x200.jpg","contentUrl":"https:\/\/www.pressenza.com\/wp-content\/uploads\/2022\/10\/pressenza_logo_200x200.jpg","width":200,"height":200,"caption":"Pressenza"},"image":{"@id":"https:\/\/www.pressenza.com\/es\/#\/schema\/logo\/image\/"},"sameAs":["https:\/\/www.facebook.com\/PressenzaItalia","https:\/\/x.com\/PressenzaIPA"]},{"@type":"Person","@id":"https:\/\/www.pressenza.com\/es\/#\/schema\/person\/8abc53b92f3264e0dad4300d54ac73ff","name":"Redacci\u00f3n Barcelona","description":"News published by the Pressenza bureau in Barcelona, Spain","sameAs":["https:\/\/www.facebook.com\/Pressenza-Espaa-647854795301395\/timeline\/","https:\/\/x.com\/pressenza"],"url":"https:\/\/www.pressenza.com\/es\/author\/redaccion-barcelona\/"}]}},"place":"Catalunya - Javier Belda","original_article_url":"","_links":{"self":[{"href":"https:\/\/www.pressenza.com\/es\/wp-json\/wp\/v2\/posts\/484082","targetHints":{"allow":["GET"]}}],"collection":[{"href":"https:\/\/www.pressenza.com\/es\/wp-json\/wp\/v2\/posts"}],"about":[{"href":"https:\/\/www.pressenza.com\/es\/wp-json\/wp\/v2\/types\/post"}],"author":[{"embeddable":true,"href":"https:\/\/www.pressenza.com\/es\/wp-json\/wp\/v2\/users\/1122"}],"replies":[{"embeddable":true,"href":"https:\/\/www.pressenza.com\/es\/wp-json\/wp\/v2\/comments?post=484082"}],"version-history":[{"count":0,"href":"https:\/\/www.pressenza.com\/es\/wp-json\/wp\/v2\/posts\/484082\/revisions"}],"wp:featuredmedia":[{"embeddable":true,"href":"https:\/\/www.pressenza.com\/es\/wp-json\/wp\/v2\/media\/484083"}],"wp:attachment":[{"href":"https:\/\/www.pressenza.com\/es\/wp-json\/wp\/v2\/media?parent=484082"}],"wp:term":[{"taxonomy":"category","embeddable":true,"href":"https:\/\/www.pressenza.com\/es\/wp-json\/wp\/v2\/categories?post=484082"},{"taxonomy":"post_tag","embeddable":true,"href":"https:\/\/www.pressenza.com\/es\/wp-json\/wp\/v2\/tags?post=484082"}],"curies":[{"name":"wp","href":"https:\/\/api.w.org\/{rel}","templated":true}]}}