{"id":48376,"date":"2013-04-19T02:39:20","date_gmt":"2013-04-19T01:39:20","guid":{"rendered":"http:\/\/www.pressenza.com\/?p=48376"},"modified":"2013-04-19T02:39:20","modified_gmt":"2013-04-19T01:39:20","slug":"el-gobierno-de-bolivia-analiza-la-permanencia-de-la-embajada-de-estados-unidos-en-la-paz","status":"publish","type":"post","link":"https:\/\/www.pressenza.com\/es\/2013\/04\/el-gobierno-de-bolivia-analiza-la-permanencia-de-la-embajada-de-estados-unidos-en-la-paz\/","title":{"rendered":"El gobierno de Bolivia analiza la permanencia de la embajada de Estados Unidos en La Paz"},"content":{"rendered":"<p>Evo Morales respondi\u00f3 de esta manera a los dichos del secretario de Estado norteamericano, John Kerry, que calific\u00f3 a Am\u00e9rica Latina de \u00abpatio trasero\u00bb de Washington. El mandatario boliviano enfatiz\u00f3 que \u00abno se pueden aceptar estas graves declaraciones\u00bb.<\/p>\n<p>El presidente de Bolivia, Evo Morales, anunci\u00f3 hoy que su Gobierno analizar\u00e1 la permanencia de la embajada de Estados Unidos en su pa\u00eds, tras los dichos del secretario de Estado norteamericano, John Kerry, en las que calific\u00f3 a Am\u00e9rica Latina de \u00abpatio trasero\u00bb de Washington, y enfatiz\u00f3 que \u00abno se puede aceptar estas graves declaraciones\u00bb.<\/p>\n<p>Por \u00abestas declaraciones, internamente vamos a tener que analizar seriamente la presencia de Usaid (la cooperaci\u00f3n estadounidense) y la presencia de la misma embajada\u00bb, dijo Morales, citado por la agencia EFE, antes de viajar a Lima para una cumbre de la Unasur, en respaldo al presidente electo de Venezuela, Nicol\u00e1s Maduro, a la que dijo que llevar\u00e1 tambi\u00e9n este tema.<\/p>\n<p>El mandatario sostuvo que las declaraciones de Kerry son \u00abuna abierta provocaci\u00f3n\u00bb a los integrantes del bloque bolivariano ALBA y \u00aba los pa\u00edses con dignidad, (que) con mucho orgullo se han liberado como Brasil, Argentina y otros pa\u00edses de Am\u00e9rica Latina\u00bb.<\/p>\n<p>Agreg\u00f3 que se reunir\u00e1 con sus ministros del \u00e1rea pol\u00edtica para analizar la situaci\u00f3n de la embajada y la cooperaci\u00f3n estadounidense en Bolivia a su retorno de Lima y Caracas, a donde viajar\u00e1 tras la reuni\u00f3n de esta noche de la Uni\u00f3n de Naciones Suramericanas (Unasur) para asistir ma\u00f1ana a la investidura de Nicol\u00e1s Maduro.<\/p>\n<p>El presidente Morales ya expuls\u00f3 en 2008 al entonces embajador de Estados Unidos, Philip Goldberg, a quien acus\u00f3 de conspirar con opositores para derrocarlo, en el intento secesionista y golpista de ese a\u00f1o.<\/p>\n<p>Desde entonces, no existe una relaci\u00f3n entre ambos pa\u00edses a nivel de embajadores, si bien en los \u00faltimos meses los dos pa\u00edses hab\u00edan dialogado para reponerlos, hasta el momento sin \u00e9xito.<\/p>\n<p>\u00abCondenamos y repudiamos y no vamos a permitir que nunca m\u00e1s Bolivia y Am\u00e9rica Latina sean el patio trasero de Estados Unidos\u00bb, ya hab\u00eda dicho Morales esta ma\u00f1ana en un acto de homenaje a los 122 a\u00f1os de creaci\u00f3n del Colegio Militar del Ej\u00e9rcito, en la ciudad de La Paz, citado por la agencia estatal ABI.<\/p>\n<p>Morales, enterado del calificativo que emple\u00f3 John Kerry, dijo que era \u00abhumillante y ofensivo, pero a la vez fortalece la dignidad, la unidad y la igualdad de Bolivia y los pueblos\u00bb latinoamericanos.<\/p>\n<p>El mandatario record\u00f3 que Bolivia dej\u00f3 de ser \u00abel patio trasero\u00bb de Estados Unidos, gracias a su liberaci\u00f3n econ\u00f3mica, tras la nacionalizaci\u00f3n de los hidrocarburos y la lucha del pueblo.<\/p>\n<p>\u00abAntes, la embajada de Estados Unidos en Bolivia decid\u00eda quien iba a ser el comandante de las Fuerzas Armadas, de la Polic\u00eda, el ministro de Gobierno. Los excomandantes de aquellos tiempos ten\u00edan que tener un aval de la embajada de Estados Unidos. Eso ha terminado y todav\u00eda piensan que somos el patio trasero\u00bb, reproch\u00f3.<\/p>\n","protected":false},"excerpt":{"rendered":"<p>Evo Morales respondi\u00f3 de esta manera a los dichos del secretario de Estado norteamericano, John Kerry, que calific\u00f3 a Am\u00e9rica Latina de \u00abpatio trasero\u00bb de Washington. El mandatario boliviano enfatiz\u00f3 que \u00abno se pueden aceptar estas graves declaraciones\u00bb. El presidente&hellip;<\/p>\n","protected":false},"author":494,"featured_media":48378,"comment_status":"closed","ping_status":"open","sticky":false,"template":"","format":"standard","meta":{"footnotes":""},"categories":[76,39,67],"tags":[1059],"class_list":["post-48376","post","type-post","status-publish","format-standard","has-post-thumbnail","hentry","category-relaciones-exteriores","category-internacional","category-sudamerica","tag-evo-morales"],"yoast_head":"<!-- This site is optimized with the Yoast SEO plugin v27.1.1 - https:\/\/yoast.com\/product\/yoast-seo-wordpress\/ -->\n<title>El gobierno de Bolivia analiza la permanencia de la embajada de Estados Unidos en La Paz<\/title>\n<meta name=\"description\" content=\"Evo Morales respondi\u00f3 de esta manera a los dichos del secretario de Estado norteamericano, John Kerry, que calific\u00f3 a Am\u00e9rica Latina de &quot;patio trasero&quot; de\" \/>\n<meta name=\"robots\" content=\"index, follow, max-snippet:-1, max-image-preview:large, max-video-preview:-1\" \/>\n<link rel=\"canonical\" href=\"https:\/\/www.pressenza.com\/es\/2013\/04\/el-gobierno-de-bolivia-analiza-la-permanencia-de-la-embajada-de-estados-unidos-en-la-paz\/\" \/>\n<meta property=\"og:locale\" content=\"es_ES\" \/>\n<meta property=\"og:type\" content=\"article\" \/>\n<meta property=\"og:title\" content=\"El gobierno de Bolivia analiza la permanencia de la embajada de Estados Unidos en La Paz\" \/>\n<meta property=\"og:description\" content=\"Evo Morales respondi\u00f3 de esta manera a los dichos del secretario de Estado norteamericano, John Kerry, que calific\u00f3 a Am\u00e9rica Latina de &quot;patio trasero&quot; de\" \/>\n<meta property=\"og:url\" content=\"https:\/\/www.pressenza.com\/es\/2013\/04\/el-gobierno-de-bolivia-analiza-la-permanencia-de-la-embajada-de-estados-unidos-en-la-paz\/\" \/>\n<meta property=\"og:site_name\" content=\"Pressenza\" \/>\n<meta property=\"article:publisher\" content=\"https:\/\/www.facebook.com\/PressenzaItalia\" \/>\n<meta property=\"article:author\" content=\"https:\/\/www.facebook.com\/AgenciaTELAM\" \/>\n<meta property=\"article:published_time\" content=\"2013-04-19T01:39:20+00:00\" \/>\n<meta property=\"og:image\" content=\"https:\/\/www.pressenza.com\/wp-content\/uploads\/2013\/04\/51707f4ff2909_510x339.jpg\" \/>\n\t<meta property=\"og:image:width\" content=\"510\" \/>\n\t<meta property=\"og:image:height\" content=\"339\" \/>\n\t<meta property=\"og:image:type\" content=\"image\/jpeg\" \/>\n<meta name=\"author\" content=\"T\u00e9lam - Agencia Nacional de Noticias de la Rep\u00fablica Argentina\" \/>\n<meta name=\"twitter:card\" content=\"summary_large_image\" \/>\n<meta name=\"twitter:creator\" content=\"@AgenciaTelam\" \/>\n<meta name=\"twitter:site\" content=\"@PressenzaIPA\" \/>\n<meta name=\"twitter:label1\" content=\"Escrito por\" \/>\n\t<meta name=\"twitter:data1\" content=\"T\u00e9lam - Agencia Nacional de Noticias de la Rep\u00fablica Argentina\" \/>\n\t<meta name=\"twitter:label2\" content=\"Tiempo de lectura\" \/>\n\t<meta name=\"twitter:data2\" content=\"3 minutos\" \/>\n<script type=\"application\/ld+json\" class=\"yoast-schema-graph\">{\"@context\":\"https:\/\/schema.org\",\"@graph\":[{\"@type\":\"Article\",\"@id\":\"https:\/\/www.pressenza.com\/es\/2013\/04\/el-gobierno-de-bolivia-analiza-la-permanencia-de-la-embajada-de-estados-unidos-en-la-paz\/#article\",\"isPartOf\":{\"@id\":\"https:\/\/www.pressenza.com\/es\/2013\/04\/el-gobierno-de-bolivia-analiza-la-permanencia-de-la-embajada-de-estados-unidos-en-la-paz\/\"},\"author\":{\"name\":\"T\u00e9lam - Agencia Nacional de Noticias de la Rep\u00fablica Argentina\",\"@id\":\"https:\/\/www.pressenza.com\/es\/#\/schema\/person\/f1a879435e38cd8f69eac14ebf21489e\"},\"headline\":\"El gobierno de Bolivia analiza la permanencia de la embajada de Estados Unidos en La Paz\",\"datePublished\":\"2013-04-19T01:39:20+00:00\",\"mainEntityOfPage\":{\"@id\":\"https:\/\/www.pressenza.com\/es\/2013\/04\/el-gobierno-de-bolivia-analiza-la-permanencia-de-la-embajada-de-estados-unidos-en-la-paz\/\"},\"wordCount\":535,\"publisher\":{\"@id\":\"https:\/\/www.pressenza.com\/es\/#organization\"},\"image\":{\"@id\":\"https:\/\/www.pressenza.com\/es\/2013\/04\/el-gobierno-de-bolivia-analiza-la-permanencia-de-la-embajada-de-estados-unidos-en-la-paz\/#primaryimage\"},\"thumbnailUrl\":\"https:\/\/www.pressenza.com\/wp-content\/uploads\/2013\/04\/51707f4ff2909_510x339.jpg\",\"keywords\":[\"Evo Morales\"],\"articleSection\":[\"Asuntos internacionales\",\"Internacional\",\"Sudam\u00e9rica\"],\"inLanguage\":\"es\"},{\"@type\":\"WebPage\",\"@id\":\"https:\/\/www.pressenza.com\/es\/2013\/04\/el-gobierno-de-bolivia-analiza-la-permanencia-de-la-embajada-de-estados-unidos-en-la-paz\/\",\"url\":\"https:\/\/www.pressenza.com\/es\/2013\/04\/el-gobierno-de-bolivia-analiza-la-permanencia-de-la-embajada-de-estados-unidos-en-la-paz\/\",\"name\":\"El gobierno de Bolivia analiza la permanencia de la embajada de Estados Unidos en La Paz\",\"isPartOf\":{\"@id\":\"https:\/\/www.pressenza.com\/es\/#website\"},\"primaryImageOfPage\":{\"@id\":\"https:\/\/www.pressenza.com\/es\/2013\/04\/el-gobierno-de-bolivia-analiza-la-permanencia-de-la-embajada-de-estados-unidos-en-la-paz\/#primaryimage\"},\"image\":{\"@id\":\"https:\/\/www.pressenza.com\/es\/2013\/04\/el-gobierno-de-bolivia-analiza-la-permanencia-de-la-embajada-de-estados-unidos-en-la-paz\/#primaryimage\"},\"thumbnailUrl\":\"https:\/\/www.pressenza.com\/wp-content\/uploads\/2013\/04\/51707f4ff2909_510x339.jpg\",\"datePublished\":\"2013-04-19T01:39:20+00:00\",\"description\":\"Evo Morales respondi\u00f3 de esta manera a los dichos del secretario de Estado norteamericano, John Kerry, que calific\u00f3 a Am\u00e9rica Latina de \\\"patio trasero\\\" de\",\"breadcrumb\":{\"@id\":\"https:\/\/www.pressenza.com\/es\/2013\/04\/el-gobierno-de-bolivia-analiza-la-permanencia-de-la-embajada-de-estados-unidos-en-la-paz\/#breadcrumb\"},\"inLanguage\":\"es\",\"potentialAction\":[{\"@type\":\"ReadAction\",\"target\":[\"https:\/\/www.pressenza.com\/es\/2013\/04\/el-gobierno-de-bolivia-analiza-la-permanencia-de-la-embajada-de-estados-unidos-en-la-paz\/\"]}]},{\"@type\":\"ImageObject\",\"inLanguage\":\"es\",\"@id\":\"https:\/\/www.pressenza.com\/es\/2013\/04\/el-gobierno-de-bolivia-analiza-la-permanencia-de-la-embajada-de-estados-unidos-en-la-paz\/#primaryimage\",\"url\":\"https:\/\/www.pressenza.com\/wp-content\/uploads\/2013\/04\/51707f4ff2909_510x339.jpg\",\"contentUrl\":\"https:\/\/www.pressenza.com\/wp-content\/uploads\/2013\/04\/51707f4ff2909_510x339.jpg\",\"width\":510,\"height\":339},{\"@type\":\"BreadcrumbList\",\"@id\":\"https:\/\/www.pressenza.com\/es\/2013\/04\/el-gobierno-de-bolivia-analiza-la-permanencia-de-la-embajada-de-estados-unidos-en-la-paz\/#breadcrumb\",\"itemListElement\":[{\"@type\":\"ListItem\",\"position\":1,\"name\":\"Accueil\",\"item\":\"https:\/\/www.pressenza.com\/es\/\"},{\"@type\":\"ListItem\",\"position\":2,\"name\":\"El gobierno de Bolivia analiza la permanencia de la embajada de Estados Unidos en La Paz\"}]},{\"@type\":\"WebSite\",\"@id\":\"https:\/\/www.pressenza.com\/es\/#website\",\"url\":\"https:\/\/www.pressenza.com\/es\/\",\"name\":\"Pressenza\",\"description\":\"International Press Agency\",\"publisher\":{\"@id\":\"https:\/\/www.pressenza.com\/es\/#organization\"},\"potentialAction\":[{\"@type\":\"SearchAction\",\"target\":{\"@type\":\"EntryPoint\",\"urlTemplate\":\"https:\/\/www.pressenza.com\/es\/?s={search_term_string}\"},\"query-input\":{\"@type\":\"PropertyValueSpecification\",\"valueRequired\":true,\"valueName\":\"search_term_string\"}}],\"inLanguage\":\"es\"},{\"@type\":\"Organization\",\"@id\":\"https:\/\/www.pressenza.com\/es\/#organization\",\"name\":\"Pressenza\",\"url\":\"https:\/\/www.pressenza.com\/es\/\",\"logo\":{\"@type\":\"ImageObject\",\"inLanguage\":\"es\",\"@id\":\"https:\/\/www.pressenza.com\/es\/#\/schema\/logo\/image\/\",\"url\":\"https:\/\/www.pressenza.com\/wp-content\/uploads\/2022\/10\/pressenza_logo_200x200.jpg\",\"contentUrl\":\"https:\/\/www.pressenza.com\/wp-content\/uploads\/2022\/10\/pressenza_logo_200x200.jpg\",\"width\":200,\"height\":200,\"caption\":\"Pressenza\"},\"image\":{\"@id\":\"https:\/\/www.pressenza.com\/es\/#\/schema\/logo\/image\/\"},\"sameAs\":[\"https:\/\/www.facebook.com\/PressenzaItalia\",\"https:\/\/x.com\/PressenzaIPA\"]},{\"@type\":\"Person\",\"@id\":\"https:\/\/www.pressenza.com\/es\/#\/schema\/person\/f1a879435e38cd8f69eac14ebf21489e\",\"name\":\"T\u00e9lam - Agencia Nacional de Noticias de la Rep\u00fablica Argentina\",\"description\":\"T\u00e9lam es una de las grandes agencias de noticias a nivel regional. El prestigio, acceso a fuentes oficiales, la cobertura en todo el territorio nacional y corresponsal\u00edas en el exterior; y la responsabilidad en el tratamiento informativo son caracter\u00edsticas que colocan a T\u00e9lam en referente period\u00edstico confiable y cre\u00edble en el pa\u00eds y en el mundo. Sostiene un servicio actualizado, detallado y original en diversos formatos, las 24 horas del d\u00eda, todos los d\u00edas del a\u00f1o. Es l\u00edder en el mercado nacional y sostiene alianzas a nivel regional y mundial que le permiten expandir los servicios period\u00edsticos. Suministra sus productos v\u00eda on line, tanto a nivel local como internacional. En la actualidad, la Agencia suma a sus servicios tradicionales, nuevos desaf\u00edos a partir de la realizaci\u00f3n de producciones multimedia para diversas plataformas. www.telam.com.ar\",\"sameAs\":[\"https:\/\/www.facebook.com\/AgenciaTELAM\",\"https:\/\/x.com\/AgenciaTelam\"],\"url\":\"https:\/\/www.pressenza.com\/es\/author\/telam\/\"}]}<\/script>\n<!-- \/ Yoast SEO plugin. -->","yoast_head_json":{"title":"El gobierno de Bolivia analiza la permanencia de la embajada de Estados Unidos en La Paz","description":"Evo Morales respondi\u00f3 de esta manera a los dichos del secretario de Estado norteamericano, John Kerry, que calific\u00f3 a Am\u00e9rica Latina de \"patio trasero\" de","robots":{"index":"index","follow":"follow","max-snippet":"max-snippet:-1","max-image-preview":"max-image-preview:large","max-video-preview":"max-video-preview:-1"},"canonical":"https:\/\/www.pressenza.com\/es\/2013\/04\/el-gobierno-de-bolivia-analiza-la-permanencia-de-la-embajada-de-estados-unidos-en-la-paz\/","og_locale":"es_ES","og_type":"article","og_title":"El gobierno de Bolivia analiza la permanencia de la embajada de Estados Unidos en La Paz","og_description":"Evo Morales respondi\u00f3 de esta manera a los dichos del secretario de Estado norteamericano, John Kerry, que calific\u00f3 a Am\u00e9rica Latina de \"patio trasero\" de","og_url":"https:\/\/www.pressenza.com\/es\/2013\/04\/el-gobierno-de-bolivia-analiza-la-permanencia-de-la-embajada-de-estados-unidos-en-la-paz\/","og_site_name":"Pressenza","article_publisher":"https:\/\/www.facebook.com\/PressenzaItalia","article_author":"https:\/\/www.facebook.com\/AgenciaTELAM","article_published_time":"2013-04-19T01:39:20+00:00","og_image":[{"width":510,"height":339,"url":"https:\/\/www.pressenza.com\/wp-content\/uploads\/2013\/04\/51707f4ff2909_510x339.jpg","type":"image\/jpeg"}],"author":"T\u00e9lam - Agencia Nacional de Noticias de la Rep\u00fablica Argentina","twitter_card":"summary_large_image","twitter_creator":"@AgenciaTelam","twitter_site":"@PressenzaIPA","twitter_misc":{"Escrito por":"T\u00e9lam - Agencia Nacional de Noticias de la Rep\u00fablica Argentina","Tiempo de lectura":"3 minutos"},"schema":{"@context":"https:\/\/schema.org","@graph":[{"@type":"Article","@id":"https:\/\/www.pressenza.com\/es\/2013\/04\/el-gobierno-de-bolivia-analiza-la-permanencia-de-la-embajada-de-estados-unidos-en-la-paz\/#article","isPartOf":{"@id":"https:\/\/www.pressenza.com\/es\/2013\/04\/el-gobierno-de-bolivia-analiza-la-permanencia-de-la-embajada-de-estados-unidos-en-la-paz\/"},"author":{"name":"T\u00e9lam - Agencia Nacional de Noticias de la Rep\u00fablica Argentina","@id":"https:\/\/www.pressenza.com\/es\/#\/schema\/person\/f1a879435e38cd8f69eac14ebf21489e"},"headline":"El gobierno de Bolivia analiza la permanencia de la embajada de Estados Unidos en La Paz","datePublished":"2013-04-19T01:39:20+00:00","mainEntityOfPage":{"@id":"https:\/\/www.pressenza.com\/es\/2013\/04\/el-gobierno-de-bolivia-analiza-la-permanencia-de-la-embajada-de-estados-unidos-en-la-paz\/"},"wordCount":535,"publisher":{"@id":"https:\/\/www.pressenza.com\/es\/#organization"},"image":{"@id":"https:\/\/www.pressenza.com\/es\/2013\/04\/el-gobierno-de-bolivia-analiza-la-permanencia-de-la-embajada-de-estados-unidos-en-la-paz\/#primaryimage"},"thumbnailUrl":"https:\/\/www.pressenza.com\/wp-content\/uploads\/2013\/04\/51707f4ff2909_510x339.jpg","keywords":["Evo Morales"],"articleSection":["Asuntos internacionales","Internacional","Sudam\u00e9rica"],"inLanguage":"es"},{"@type":"WebPage","@id":"https:\/\/www.pressenza.com\/es\/2013\/04\/el-gobierno-de-bolivia-analiza-la-permanencia-de-la-embajada-de-estados-unidos-en-la-paz\/","url":"https:\/\/www.pressenza.com\/es\/2013\/04\/el-gobierno-de-bolivia-analiza-la-permanencia-de-la-embajada-de-estados-unidos-en-la-paz\/","name":"El gobierno de Bolivia analiza la permanencia de la embajada de Estados Unidos en La Paz","isPartOf":{"@id":"https:\/\/www.pressenza.com\/es\/#website"},"primaryImageOfPage":{"@id":"https:\/\/www.pressenza.com\/es\/2013\/04\/el-gobierno-de-bolivia-analiza-la-permanencia-de-la-embajada-de-estados-unidos-en-la-paz\/#primaryimage"},"image":{"@id":"https:\/\/www.pressenza.com\/es\/2013\/04\/el-gobierno-de-bolivia-analiza-la-permanencia-de-la-embajada-de-estados-unidos-en-la-paz\/#primaryimage"},"thumbnailUrl":"https:\/\/www.pressenza.com\/wp-content\/uploads\/2013\/04\/51707f4ff2909_510x339.jpg","datePublished":"2013-04-19T01:39:20+00:00","description":"Evo Morales respondi\u00f3 de esta manera a los dichos del secretario de Estado norteamericano, John Kerry, que calific\u00f3 a Am\u00e9rica Latina de \"patio trasero\" de","breadcrumb":{"@id":"https:\/\/www.pressenza.com\/es\/2013\/04\/el-gobierno-de-bolivia-analiza-la-permanencia-de-la-embajada-de-estados-unidos-en-la-paz\/#breadcrumb"},"inLanguage":"es","potentialAction":[{"@type":"ReadAction","target":["https:\/\/www.pressenza.com\/es\/2013\/04\/el-gobierno-de-bolivia-analiza-la-permanencia-de-la-embajada-de-estados-unidos-en-la-paz\/"]}]},{"@type":"ImageObject","inLanguage":"es","@id":"https:\/\/www.pressenza.com\/es\/2013\/04\/el-gobierno-de-bolivia-analiza-la-permanencia-de-la-embajada-de-estados-unidos-en-la-paz\/#primaryimage","url":"https:\/\/www.pressenza.com\/wp-content\/uploads\/2013\/04\/51707f4ff2909_510x339.jpg","contentUrl":"https:\/\/www.pressenza.com\/wp-content\/uploads\/2013\/04\/51707f4ff2909_510x339.jpg","width":510,"height":339},{"@type":"BreadcrumbList","@id":"https:\/\/www.pressenza.com\/es\/2013\/04\/el-gobierno-de-bolivia-analiza-la-permanencia-de-la-embajada-de-estados-unidos-en-la-paz\/#breadcrumb","itemListElement":[{"@type":"ListItem","position":1,"name":"Accueil","item":"https:\/\/www.pressenza.com\/es\/"},{"@type":"ListItem","position":2,"name":"El gobierno de Bolivia analiza la permanencia de la embajada de Estados Unidos en La Paz"}]},{"@type":"WebSite","@id":"https:\/\/www.pressenza.com\/es\/#website","url":"https:\/\/www.pressenza.com\/es\/","name":"Pressenza","description":"International Press Agency","publisher":{"@id":"https:\/\/www.pressenza.com\/es\/#organization"},"potentialAction":[{"@type":"SearchAction","target":{"@type":"EntryPoint","urlTemplate":"https:\/\/www.pressenza.com\/es\/?s={search_term_string}"},"query-input":{"@type":"PropertyValueSpecification","valueRequired":true,"valueName":"search_term_string"}}],"inLanguage":"es"},{"@type":"Organization","@id":"https:\/\/www.pressenza.com\/es\/#organization","name":"Pressenza","url":"https:\/\/www.pressenza.com\/es\/","logo":{"@type":"ImageObject","inLanguage":"es","@id":"https:\/\/www.pressenza.com\/es\/#\/schema\/logo\/image\/","url":"https:\/\/www.pressenza.com\/wp-content\/uploads\/2022\/10\/pressenza_logo_200x200.jpg","contentUrl":"https:\/\/www.pressenza.com\/wp-content\/uploads\/2022\/10\/pressenza_logo_200x200.jpg","width":200,"height":200,"caption":"Pressenza"},"image":{"@id":"https:\/\/www.pressenza.com\/es\/#\/schema\/logo\/image\/"},"sameAs":["https:\/\/www.facebook.com\/PressenzaItalia","https:\/\/x.com\/PressenzaIPA"]},{"@type":"Person","@id":"https:\/\/www.pressenza.com\/es\/#\/schema\/person\/f1a879435e38cd8f69eac14ebf21489e","name":"T\u00e9lam - Agencia Nacional de Noticias de la Rep\u00fablica Argentina","description":"T\u00e9lam es una de las grandes agencias de noticias a nivel regional. El prestigio, acceso a fuentes oficiales, la cobertura en todo el territorio nacional y corresponsal\u00edas en el exterior; y la responsabilidad en el tratamiento informativo son caracter\u00edsticas que colocan a T\u00e9lam en referente period\u00edstico confiable y cre\u00edble en el pa\u00eds y en el mundo. Sostiene un servicio actualizado, detallado y original en diversos formatos, las 24 horas del d\u00eda, todos los d\u00edas del a\u00f1o. Es l\u00edder en el mercado nacional y sostiene alianzas a nivel regional y mundial que le permiten expandir los servicios period\u00edsticos. Suministra sus productos v\u00eda on line, tanto a nivel local como internacional. En la actualidad, la Agencia suma a sus servicios tradicionales, nuevos desaf\u00edos a partir de la realizaci\u00f3n de producciones multimedia para diversas plataformas. www.telam.com.ar","sameAs":["https:\/\/www.facebook.com\/AgenciaTELAM","https:\/\/x.com\/AgenciaTelam"],"url":"https:\/\/www.pressenza.com\/es\/author\/telam\/"}]}},"place":"La Paz","original_article_url":"","_links":{"self":[{"href":"https:\/\/www.pressenza.com\/es\/wp-json\/wp\/v2\/posts\/48376","targetHints":{"allow":["GET"]}}],"collection":[{"href":"https:\/\/www.pressenza.com\/es\/wp-json\/wp\/v2\/posts"}],"about":[{"href":"https:\/\/www.pressenza.com\/es\/wp-json\/wp\/v2\/types\/post"}],"author":[{"embeddable":true,"href":"https:\/\/www.pressenza.com\/es\/wp-json\/wp\/v2\/users\/494"}],"replies":[{"embeddable":true,"href":"https:\/\/www.pressenza.com\/es\/wp-json\/wp\/v2\/comments?post=48376"}],"version-history":[{"count":0,"href":"https:\/\/www.pressenza.com\/es\/wp-json\/wp\/v2\/posts\/48376\/revisions"}],"wp:featuredmedia":[{"embeddable":true,"href":"https:\/\/www.pressenza.com\/es\/wp-json\/wp\/v2\/media\/48378"}],"wp:attachment":[{"href":"https:\/\/www.pressenza.com\/es\/wp-json\/wp\/v2\/media?parent=48376"}],"wp:term":[{"taxonomy":"category","embeddable":true,"href":"https:\/\/www.pressenza.com\/es\/wp-json\/wp\/v2\/categories?post=48376"},{"taxonomy":"post_tag","embeddable":true,"href":"https:\/\/www.pressenza.com\/es\/wp-json\/wp\/v2\/tags?post=48376"}],"curies":[{"name":"wp","href":"https:\/\/api.w.org\/{rel}","templated":true}]}}