{"id":48365,"date":"2013-04-19T02:30:53","date_gmt":"2013-04-19T01:30:53","guid":{"rendered":"http:\/\/www.pressenza.com\/?p=48365"},"modified":"2013-04-19T02:30:53","modified_gmt":"2013-04-19T01:30:53","slug":"rafael-correa-advirtio-sobre-una-oposicion-desestabilizadora-y-sin-argumentos-en-la-region","status":"publish","type":"post","link":"https:\/\/www.pressenza.com\/es\/2013\/04\/rafael-correa-advirtio-sobre-una-oposicion-desestabilizadora-y-sin-argumentos-en-la-region\/","title":{"rendered":"Rafael Correa advirti\u00f3 sobre una oposici\u00f3n desestabilizadora y sin argumentos en la regi\u00f3n"},"content":{"rendered":"<p>El presidente ecuatoriano asegur\u00f3 que hay grupos opositores antidemocr\u00e1ticos y que s\u00f3lo persiguen el poder. Alert\u00f3 sobre la conspiraci\u00f3n contra los gobiernos que transforman.<\/p>\n<p>El presidente de Ecuador, Rafael Correa, asegur\u00f3 que la oposici\u00f3n que afronta no s\u00f3lo su gobierno, sino tambi\u00e9n el de otros presidentes de Am\u00e9rica Latina es \u00abdesestabilizadora, antidemocr\u00e1tica y conspiradora\u00bb y descart\u00f3 impulsar una reforma de la Constituci\u00f3n para aspirar a una nueva reelecci\u00f3n.<\/p>\n<p>\u00abUna oposici\u00f3n que no tiene argumentos, que no tiene ideolog\u00eda, busca tan s\u00f3lo el poder, derrocar al que est\u00e9 en el poder para que les toque a ellos\u00bb, explic\u00f3 Correa en una entrevista con la agencia DPA durante su gira europea que comenz\u00f3 en Berl\u00edn y seguir\u00e1 en Italia y Espa\u00f1a.<\/p>\n<p>\u00abEn Am\u00e9rica Latina, lo que enfrentamos los gobiernos que tratamos de cambiar las cosas -esa realidad tan injusta, esa pobreza, esa inequidad- no ha sido oposici\u00f3n democr\u00e1tica: ha sido oposici\u00f3n conspiradora, obstaculizadora, obstruccionista\u00bb, dijo.<\/p>\n<p>Como ejemplo, cit\u00f3 la postura de la oposici\u00f3n durante el sublevamiento policial que casi le cuesta el cargo en septiembre de 2010. \u00abCuando me rescataron (del hospital donde estuvo rodeado por la polic\u00eda) hab\u00eda seis balazos en el carro presidencial. Todav\u00eda dicen que eso no existi\u00f3, que fue todo una farsa\u00bb, enfatiz\u00f3.<\/p>\n<p>Correa, que acaba de cumplir 50 a\u00f1os, celebra sin embargo la llegada de una \u00abderecha ideol\u00f3gica\u00bb en Ecuador con Guillermo Lasso, segundo en las elecciones de febrero, y formula un deseo para el nuevo mandato que iniciar\u00e1 en mayo: \u00abOjal\u00e1 en este per\u00edodo tengamos una verdadera oposici\u00f3n democr\u00e1tica\u00bb.<\/p>\n<div><strong>Nuevo mandato y el poder de los medios<\/strong><\/div>\n<p>Respaldado por datos de empleo y crecimiento desde que asumi\u00f3 en 2007, el economista afronta cuatro a\u00f1os m\u00e1s de gobierno con mayor\u00eda absoluta y se consolida como actor principal en la pol\u00edtica latinoamericana, pero niega el r\u00f3tulo de \u00abheredero\u00bb del fallecido presidente de Venezuela, Hugo Ch\u00e1vez.<\/p>\n<div><img decoding=\"async\" title=\"\" alt=\"\" src=\"http:\/\/www.telam.com.ar\/advf\/imagenes\/2013\/01\/50fda02f9b93d_260x173.jpg\" \/><\/div>\n<p>\u00abGracias a Dios en Latinoam\u00e9rica no tenemos monarqu\u00edas para tener herederos. Hugo fue un querido amigo y creo que \u00e9l jam\u00e1s se crey\u00f3 l\u00edder de nada. Por su carisma lideraba naturalmente, pero hay muchos l\u00edderes en Am\u00e9rica Latina. Me molesta un poquito esos t\u00edtulos que nos quieren dar, como el de `heredero`\u00bb, coment\u00f3.<\/p>\n<p>En otro orden, descart\u00f3 una reforma constitucional para buscar una segunda reelecci\u00f3n. \u00ab\u00c9ste es mi \u00faltimo t\u00e9rmino\u00bb, dijo sobre el mandato que inicia el 24 de mayo, pese a que contar\u00e1 con una mayor\u00eda calificada de 100 de los 137 esca\u00f1os en la Asamblea Nacional con la que podr\u00eda reformar la Carta Magna.<\/p>\n<p>Tambi\u00e9n se refiri\u00f3 a la situaci\u00f3n con los medios, luego de que organismos internacionales expresaran su preocupaci\u00f3n por casos como el del diario El Universo, obligado a pagar una indemnizaci\u00f3n por injurias al presidente, quien luego \u00abperdon\u00f3\u00bb al medio.<\/p>\n<p>En este sentido, Correa atribuy\u00f3 al \u00abdesconocimiento, la mala fe, los intereses o todo junto\u00bb esas cr\u00edticas internacionales, e ironiz\u00f3: \u00abHay tanta falta de libertad de expresi\u00f3n en Ecuador&#8230; que lo pueden publicar todos los d\u00edas\u00bb.<\/p>\n<p>\u00abA uno le pueden decir de todo, pero si uno hace uso de su libertad de expresi\u00f3n es atentado a la libertad de expresi\u00f3n. Unos son m\u00e1s libres que otros. Ya basta. Yo responder\u00e9 cuantas veces tenga que responder\u00bb, dijo, y diferenci\u00f3 la prensa latinoamericana de la \u00abm\u00e1s \u00e9tica\u00bb europea.<\/p>\n<p>\u00abEn nuestro caso se han acostumbrado a ser el poder de los poderes, m\u00e1s all\u00e1 del poder de los Estados. Han apoyado dictaduras. Pretenden con nuestros gobiernos seguir ejerciendo ese poder real, que ya no tienen\u00bb, asegur\u00f3.<\/p>\n<div><strong>Assange y Maduro<\/strong><\/div>\n<p>Igual de tajante se mostr\u00f3 Correa al negar la extradici\u00f3n de Julian Assange, el fundador de WikiLeaks refugiado en la Embajada de Ecuador en Londres: \u00abLa responsabilidad es de Europa, no nuestra. Ecuador no tiene que dar ning\u00fan paso\u00bb, consider\u00f3.<\/p>\n<p>Assange solicit\u00f3 asilo en la Embajada ecuatoriana en junio de 2012. Desde entonces no puede abandonar el edificio porque en toda la Uni\u00f3n Europea (UE) pesa sobre \u00e9l una orden de detenci\u00f3n solicitada por Suecia, donde se le investiga por violaci\u00f3n y acoso sexual.<\/p>\n<p>El mandatario se refiri\u00f3 d\u00edas atr\u00e1s a las elecciones de Venezuela realizadas el domingo pasado, donde el candidato oficialista, Nicol\u00e1s Maduro, obtuvo un ajustado triunfo, y consider\u00f3 fuera de lugar el pedido de la oposici\u00f3n de un recuento de los votos.<\/p>\n<p>\u00abNo entendemos por qu\u00e9 hay dudas de la victoria de Nicol\u00e1s Maduro\u00bb, dijo al ser interrogado ante universitarios en Berl\u00edn.<\/p>\n<p>El Gobierno de Ecuador hab\u00eda pedido anteriormente a los presidentes, vicepresidentes y cancilleres de los once pa\u00edses de la Unasur (son doce pero Paraguay est\u00e1 suspendido) que asistan este viernes a la ceremonia de investidura de Maduro, aunque la presencia de Correa en la asunci\u00f3n es una inc\u00f3gnita por el momento, ya que se encuentra en plena gira.<\/p>\n<p>El equipo diplom\u00e1tico que acompa\u00f1a al presidente ecuatoriano en su viaje al extranjero explic\u00f3 que por el momento la agenda est\u00e1 confirmada hasta el s\u00e1bado, cuanto tiene previsto estar en Valencia, aunque reconoci\u00f3 que siempre son posibles ajustes de \u00faltima hora.<\/p>\n","protected":false},"excerpt":{"rendered":"<p>El presidente ecuatoriano asegur\u00f3 que hay grupos opositores antidemocr\u00e1ticos y que s\u00f3lo persiguen el poder. Alert\u00f3 sobre la conspiraci\u00f3n contra los gobiernos que transforman. El presidente de Ecuador, Rafael Correa, asegur\u00f3 que la oposici\u00f3n que afronta no s\u00f3lo su gobierno,&hellip;<\/p>\n","protected":false},"author":494,"featured_media":48367,"comment_status":"closed","ping_status":"open","sticky":false,"template":"","format":"standard","meta":{"footnotes":""},"categories":[39,74,67],"tags":[1126],"class_list":["post-48365","post","type-post","status-publish","format-standard","has-post-thumbnail","hentry","category-internacional","category-politica-es","category-sudamerica","tag-rafael-correa"],"yoast_head":"<!-- This site is optimized with the Yoast SEO plugin v27.1.1 - https:\/\/yoast.com\/product\/yoast-seo-wordpress\/ -->\n<title>Rafael Correa advirti\u00f3 sobre una oposici\u00f3n desestabilizadora y sin argumentos en la regi\u00f3n<\/title>\n<meta name=\"description\" content=\"El presidente ecuatoriano asegur\u00f3 que hay grupos opositores antidemocr\u00e1ticos y que s\u00f3lo persiguen el poder. Alert\u00f3 sobre la conspiraci\u00f3n contra los\" \/>\n<meta name=\"robots\" content=\"index, follow, max-snippet:-1, max-image-preview:large, max-video-preview:-1\" \/>\n<link rel=\"canonical\" href=\"https:\/\/www.pressenza.com\/es\/2013\/04\/rafael-correa-advirtio-sobre-una-oposicion-desestabilizadora-y-sin-argumentos-en-la-region\/\" \/>\n<meta property=\"og:locale\" content=\"es_ES\" \/>\n<meta property=\"og:type\" content=\"article\" \/>\n<meta property=\"og:title\" content=\"Rafael Correa advirti\u00f3 sobre una oposici\u00f3n desestabilizadora y sin argumentos en la regi\u00f3n\" \/>\n<meta property=\"og:description\" content=\"El presidente ecuatoriano asegur\u00f3 que hay grupos opositores antidemocr\u00e1ticos y que s\u00f3lo persiguen el poder. Alert\u00f3 sobre la conspiraci\u00f3n contra los\" \/>\n<meta property=\"og:url\" content=\"https:\/\/www.pressenza.com\/es\/2013\/04\/rafael-correa-advirtio-sobre-una-oposicion-desestabilizadora-y-sin-argumentos-en-la-region\/\" \/>\n<meta property=\"og:site_name\" content=\"Pressenza\" \/>\n<meta property=\"article:publisher\" content=\"https:\/\/www.facebook.com\/PressenzaItalia\" \/>\n<meta property=\"article:author\" content=\"https:\/\/www.facebook.com\/AgenciaTELAM\" \/>\n<meta property=\"article:published_time\" content=\"2013-04-19T01:30:53+00:00\" \/>\n<meta property=\"og:image\" content=\"https:\/\/www.pressenza.com\/wp-content\/uploads\/2013\/04\/511cd30f16b1c_510x339.jpg\" \/>\n\t<meta property=\"og:image:width\" content=\"510\" \/>\n\t<meta property=\"og:image:height\" content=\"339\" \/>\n\t<meta property=\"og:image:type\" content=\"image\/jpeg\" \/>\n<meta name=\"author\" content=\"T\u00e9lam - Agencia Nacional de Noticias de la Rep\u00fablica Argentina\" \/>\n<meta name=\"twitter:card\" content=\"summary_large_image\" \/>\n<meta name=\"twitter:creator\" content=\"@AgenciaTelam\" \/>\n<meta name=\"twitter:site\" content=\"@PressenzaIPA\" \/>\n<meta name=\"twitter:label1\" content=\"Escrito por\" \/>\n\t<meta name=\"twitter:data1\" content=\"T\u00e9lam - Agencia Nacional de Noticias de la Rep\u00fablica Argentina\" \/>\n\t<meta name=\"twitter:label2\" content=\"Tiempo de lectura\" \/>\n\t<meta name=\"twitter:data2\" content=\"4 minutos\" \/>\n<script type=\"application\/ld+json\" class=\"yoast-schema-graph\">{\"@context\":\"https:\/\/schema.org\",\"@graph\":[{\"@type\":\"Article\",\"@id\":\"https:\/\/www.pressenza.com\/es\/2013\/04\/rafael-correa-advirtio-sobre-una-oposicion-desestabilizadora-y-sin-argumentos-en-la-region\/#article\",\"isPartOf\":{\"@id\":\"https:\/\/www.pressenza.com\/es\/2013\/04\/rafael-correa-advirtio-sobre-una-oposicion-desestabilizadora-y-sin-argumentos-en-la-region\/\"},\"author\":{\"name\":\"T\u00e9lam - Agencia Nacional de Noticias de la Rep\u00fablica Argentina\",\"@id\":\"https:\/\/www.pressenza.com\/es\/#\/schema\/person\/f1a879435e38cd8f69eac14ebf21489e\"},\"headline\":\"Rafael Correa advirti\u00f3 sobre una oposici\u00f3n desestabilizadora y sin argumentos en la regi\u00f3n\",\"datePublished\":\"2013-04-19T01:30:53+00:00\",\"mainEntityOfPage\":{\"@id\":\"https:\/\/www.pressenza.com\/es\/2013\/04\/rafael-correa-advirtio-sobre-una-oposicion-desestabilizadora-y-sin-argumentos-en-la-region\/\"},\"wordCount\":906,\"publisher\":{\"@id\":\"https:\/\/www.pressenza.com\/es\/#organization\"},\"image\":{\"@id\":\"https:\/\/www.pressenza.com\/es\/2013\/04\/rafael-correa-advirtio-sobre-una-oposicion-desestabilizadora-y-sin-argumentos-en-la-region\/#primaryimage\"},\"thumbnailUrl\":\"https:\/\/www.pressenza.com\/wp-content\/uploads\/2013\/04\/511cd30f16b1c_510x339.jpg\",\"keywords\":[\"Rafael Correa\"],\"articleSection\":[\"Internacional\",\"Pol\u00edtica\",\"Sudam\u00e9rica\"],\"inLanguage\":\"es\"},{\"@type\":\"WebPage\",\"@id\":\"https:\/\/www.pressenza.com\/es\/2013\/04\/rafael-correa-advirtio-sobre-una-oposicion-desestabilizadora-y-sin-argumentos-en-la-region\/\",\"url\":\"https:\/\/www.pressenza.com\/es\/2013\/04\/rafael-correa-advirtio-sobre-una-oposicion-desestabilizadora-y-sin-argumentos-en-la-region\/\",\"name\":\"Rafael Correa advirti\u00f3 sobre una oposici\u00f3n desestabilizadora y sin argumentos en la regi\u00f3n\",\"isPartOf\":{\"@id\":\"https:\/\/www.pressenza.com\/es\/#website\"},\"primaryImageOfPage\":{\"@id\":\"https:\/\/www.pressenza.com\/es\/2013\/04\/rafael-correa-advirtio-sobre-una-oposicion-desestabilizadora-y-sin-argumentos-en-la-region\/#primaryimage\"},\"image\":{\"@id\":\"https:\/\/www.pressenza.com\/es\/2013\/04\/rafael-correa-advirtio-sobre-una-oposicion-desestabilizadora-y-sin-argumentos-en-la-region\/#primaryimage\"},\"thumbnailUrl\":\"https:\/\/www.pressenza.com\/wp-content\/uploads\/2013\/04\/511cd30f16b1c_510x339.jpg\",\"datePublished\":\"2013-04-19T01:30:53+00:00\",\"description\":\"El presidente ecuatoriano asegur\u00f3 que hay grupos opositores antidemocr\u00e1ticos y que s\u00f3lo persiguen el poder. Alert\u00f3 sobre la conspiraci\u00f3n contra los\",\"breadcrumb\":{\"@id\":\"https:\/\/www.pressenza.com\/es\/2013\/04\/rafael-correa-advirtio-sobre-una-oposicion-desestabilizadora-y-sin-argumentos-en-la-region\/#breadcrumb\"},\"inLanguage\":\"es\",\"potentialAction\":[{\"@type\":\"ReadAction\",\"target\":[\"https:\/\/www.pressenza.com\/es\/2013\/04\/rafael-correa-advirtio-sobre-una-oposicion-desestabilizadora-y-sin-argumentos-en-la-region\/\"]}]},{\"@type\":\"ImageObject\",\"inLanguage\":\"es\",\"@id\":\"https:\/\/www.pressenza.com\/es\/2013\/04\/rafael-correa-advirtio-sobre-una-oposicion-desestabilizadora-y-sin-argumentos-en-la-region\/#primaryimage\",\"url\":\"https:\/\/www.pressenza.com\/wp-content\/uploads\/2013\/04\/511cd30f16b1c_510x339.jpg\",\"contentUrl\":\"https:\/\/www.pressenza.com\/wp-content\/uploads\/2013\/04\/511cd30f16b1c_510x339.jpg\",\"width\":510,\"height\":339},{\"@type\":\"BreadcrumbList\",\"@id\":\"https:\/\/www.pressenza.com\/es\/2013\/04\/rafael-correa-advirtio-sobre-una-oposicion-desestabilizadora-y-sin-argumentos-en-la-region\/#breadcrumb\",\"itemListElement\":[{\"@type\":\"ListItem\",\"position\":1,\"name\":\"Accueil\",\"item\":\"https:\/\/www.pressenza.com\/es\/\"},{\"@type\":\"ListItem\",\"position\":2,\"name\":\"Rafael Correa advirti\u00f3 sobre una oposici\u00f3n desestabilizadora y sin argumentos en la regi\u00f3n\"}]},{\"@type\":\"WebSite\",\"@id\":\"https:\/\/www.pressenza.com\/es\/#website\",\"url\":\"https:\/\/www.pressenza.com\/es\/\",\"name\":\"Pressenza\",\"description\":\"International Press Agency\",\"publisher\":{\"@id\":\"https:\/\/www.pressenza.com\/es\/#organization\"},\"potentialAction\":[{\"@type\":\"SearchAction\",\"target\":{\"@type\":\"EntryPoint\",\"urlTemplate\":\"https:\/\/www.pressenza.com\/es\/?s={search_term_string}\"},\"query-input\":{\"@type\":\"PropertyValueSpecification\",\"valueRequired\":true,\"valueName\":\"search_term_string\"}}],\"inLanguage\":\"es\"},{\"@type\":\"Organization\",\"@id\":\"https:\/\/www.pressenza.com\/es\/#organization\",\"name\":\"Pressenza\",\"url\":\"https:\/\/www.pressenza.com\/es\/\",\"logo\":{\"@type\":\"ImageObject\",\"inLanguage\":\"es\",\"@id\":\"https:\/\/www.pressenza.com\/es\/#\/schema\/logo\/image\/\",\"url\":\"https:\/\/www.pressenza.com\/wp-content\/uploads\/2022\/10\/pressenza_logo_200x200.jpg\",\"contentUrl\":\"https:\/\/www.pressenza.com\/wp-content\/uploads\/2022\/10\/pressenza_logo_200x200.jpg\",\"width\":200,\"height\":200,\"caption\":\"Pressenza\"},\"image\":{\"@id\":\"https:\/\/www.pressenza.com\/es\/#\/schema\/logo\/image\/\"},\"sameAs\":[\"https:\/\/www.facebook.com\/PressenzaItalia\",\"https:\/\/x.com\/PressenzaIPA\"]},{\"@type\":\"Person\",\"@id\":\"https:\/\/www.pressenza.com\/es\/#\/schema\/person\/f1a879435e38cd8f69eac14ebf21489e\",\"name\":\"T\u00e9lam - Agencia Nacional de Noticias de la Rep\u00fablica Argentina\",\"description\":\"T\u00e9lam es una de las grandes agencias de noticias a nivel regional. El prestigio, acceso a fuentes oficiales, la cobertura en todo el territorio nacional y corresponsal\u00edas en el exterior; y la responsabilidad en el tratamiento informativo son caracter\u00edsticas que colocan a T\u00e9lam en referente period\u00edstico confiable y cre\u00edble en el pa\u00eds y en el mundo. Sostiene un servicio actualizado, detallado y original en diversos formatos, las 24 horas del d\u00eda, todos los d\u00edas del a\u00f1o. Es l\u00edder en el mercado nacional y sostiene alianzas a nivel regional y mundial que le permiten expandir los servicios period\u00edsticos. Suministra sus productos v\u00eda on line, tanto a nivel local como internacional. En la actualidad, la Agencia suma a sus servicios tradicionales, nuevos desaf\u00edos a partir de la realizaci\u00f3n de producciones multimedia para diversas plataformas. www.telam.com.ar\",\"sameAs\":[\"https:\/\/www.facebook.com\/AgenciaTELAM\",\"https:\/\/x.com\/AgenciaTelam\"],\"url\":\"https:\/\/www.pressenza.com\/es\/author\/telam\/\"}]}<\/script>\n<!-- \/ Yoast SEO plugin. -->","yoast_head_json":{"title":"Rafael Correa advirti\u00f3 sobre una oposici\u00f3n desestabilizadora y sin argumentos en la regi\u00f3n","description":"El presidente ecuatoriano asegur\u00f3 que hay grupos opositores antidemocr\u00e1ticos y que s\u00f3lo persiguen el poder. Alert\u00f3 sobre la conspiraci\u00f3n contra los","robots":{"index":"index","follow":"follow","max-snippet":"max-snippet:-1","max-image-preview":"max-image-preview:large","max-video-preview":"max-video-preview:-1"},"canonical":"https:\/\/www.pressenza.com\/es\/2013\/04\/rafael-correa-advirtio-sobre-una-oposicion-desestabilizadora-y-sin-argumentos-en-la-region\/","og_locale":"es_ES","og_type":"article","og_title":"Rafael Correa advirti\u00f3 sobre una oposici\u00f3n desestabilizadora y sin argumentos en la regi\u00f3n","og_description":"El presidente ecuatoriano asegur\u00f3 que hay grupos opositores antidemocr\u00e1ticos y que s\u00f3lo persiguen el poder. Alert\u00f3 sobre la conspiraci\u00f3n contra los","og_url":"https:\/\/www.pressenza.com\/es\/2013\/04\/rafael-correa-advirtio-sobre-una-oposicion-desestabilizadora-y-sin-argumentos-en-la-region\/","og_site_name":"Pressenza","article_publisher":"https:\/\/www.facebook.com\/PressenzaItalia","article_author":"https:\/\/www.facebook.com\/AgenciaTELAM","article_published_time":"2013-04-19T01:30:53+00:00","og_image":[{"width":510,"height":339,"url":"https:\/\/www.pressenza.com\/wp-content\/uploads\/2013\/04\/511cd30f16b1c_510x339.jpg","type":"image\/jpeg"}],"author":"T\u00e9lam - Agencia Nacional de Noticias de la Rep\u00fablica Argentina","twitter_card":"summary_large_image","twitter_creator":"@AgenciaTelam","twitter_site":"@PressenzaIPA","twitter_misc":{"Escrito por":"T\u00e9lam - Agencia Nacional de Noticias de la Rep\u00fablica Argentina","Tiempo de lectura":"4 minutos"},"schema":{"@context":"https:\/\/schema.org","@graph":[{"@type":"Article","@id":"https:\/\/www.pressenza.com\/es\/2013\/04\/rafael-correa-advirtio-sobre-una-oposicion-desestabilizadora-y-sin-argumentos-en-la-region\/#article","isPartOf":{"@id":"https:\/\/www.pressenza.com\/es\/2013\/04\/rafael-correa-advirtio-sobre-una-oposicion-desestabilizadora-y-sin-argumentos-en-la-region\/"},"author":{"name":"T\u00e9lam - Agencia Nacional de Noticias de la Rep\u00fablica Argentina","@id":"https:\/\/www.pressenza.com\/es\/#\/schema\/person\/f1a879435e38cd8f69eac14ebf21489e"},"headline":"Rafael Correa advirti\u00f3 sobre una oposici\u00f3n desestabilizadora y sin argumentos en la regi\u00f3n","datePublished":"2013-04-19T01:30:53+00:00","mainEntityOfPage":{"@id":"https:\/\/www.pressenza.com\/es\/2013\/04\/rafael-correa-advirtio-sobre-una-oposicion-desestabilizadora-y-sin-argumentos-en-la-region\/"},"wordCount":906,"publisher":{"@id":"https:\/\/www.pressenza.com\/es\/#organization"},"image":{"@id":"https:\/\/www.pressenza.com\/es\/2013\/04\/rafael-correa-advirtio-sobre-una-oposicion-desestabilizadora-y-sin-argumentos-en-la-region\/#primaryimage"},"thumbnailUrl":"https:\/\/www.pressenza.com\/wp-content\/uploads\/2013\/04\/511cd30f16b1c_510x339.jpg","keywords":["Rafael Correa"],"articleSection":["Internacional","Pol\u00edtica","Sudam\u00e9rica"],"inLanguage":"es"},{"@type":"WebPage","@id":"https:\/\/www.pressenza.com\/es\/2013\/04\/rafael-correa-advirtio-sobre-una-oposicion-desestabilizadora-y-sin-argumentos-en-la-region\/","url":"https:\/\/www.pressenza.com\/es\/2013\/04\/rafael-correa-advirtio-sobre-una-oposicion-desestabilizadora-y-sin-argumentos-en-la-region\/","name":"Rafael Correa advirti\u00f3 sobre una oposici\u00f3n desestabilizadora y sin argumentos en la regi\u00f3n","isPartOf":{"@id":"https:\/\/www.pressenza.com\/es\/#website"},"primaryImageOfPage":{"@id":"https:\/\/www.pressenza.com\/es\/2013\/04\/rafael-correa-advirtio-sobre-una-oposicion-desestabilizadora-y-sin-argumentos-en-la-region\/#primaryimage"},"image":{"@id":"https:\/\/www.pressenza.com\/es\/2013\/04\/rafael-correa-advirtio-sobre-una-oposicion-desestabilizadora-y-sin-argumentos-en-la-region\/#primaryimage"},"thumbnailUrl":"https:\/\/www.pressenza.com\/wp-content\/uploads\/2013\/04\/511cd30f16b1c_510x339.jpg","datePublished":"2013-04-19T01:30:53+00:00","description":"El presidente ecuatoriano asegur\u00f3 que hay grupos opositores antidemocr\u00e1ticos y que s\u00f3lo persiguen el poder. Alert\u00f3 sobre la conspiraci\u00f3n contra los","breadcrumb":{"@id":"https:\/\/www.pressenza.com\/es\/2013\/04\/rafael-correa-advirtio-sobre-una-oposicion-desestabilizadora-y-sin-argumentos-en-la-region\/#breadcrumb"},"inLanguage":"es","potentialAction":[{"@type":"ReadAction","target":["https:\/\/www.pressenza.com\/es\/2013\/04\/rafael-correa-advirtio-sobre-una-oposicion-desestabilizadora-y-sin-argumentos-en-la-region\/"]}]},{"@type":"ImageObject","inLanguage":"es","@id":"https:\/\/www.pressenza.com\/es\/2013\/04\/rafael-correa-advirtio-sobre-una-oposicion-desestabilizadora-y-sin-argumentos-en-la-region\/#primaryimage","url":"https:\/\/www.pressenza.com\/wp-content\/uploads\/2013\/04\/511cd30f16b1c_510x339.jpg","contentUrl":"https:\/\/www.pressenza.com\/wp-content\/uploads\/2013\/04\/511cd30f16b1c_510x339.jpg","width":510,"height":339},{"@type":"BreadcrumbList","@id":"https:\/\/www.pressenza.com\/es\/2013\/04\/rafael-correa-advirtio-sobre-una-oposicion-desestabilizadora-y-sin-argumentos-en-la-region\/#breadcrumb","itemListElement":[{"@type":"ListItem","position":1,"name":"Accueil","item":"https:\/\/www.pressenza.com\/es\/"},{"@type":"ListItem","position":2,"name":"Rafael Correa advirti\u00f3 sobre una oposici\u00f3n desestabilizadora y sin argumentos en la regi\u00f3n"}]},{"@type":"WebSite","@id":"https:\/\/www.pressenza.com\/es\/#website","url":"https:\/\/www.pressenza.com\/es\/","name":"Pressenza","description":"International Press Agency","publisher":{"@id":"https:\/\/www.pressenza.com\/es\/#organization"},"potentialAction":[{"@type":"SearchAction","target":{"@type":"EntryPoint","urlTemplate":"https:\/\/www.pressenza.com\/es\/?s={search_term_string}"},"query-input":{"@type":"PropertyValueSpecification","valueRequired":true,"valueName":"search_term_string"}}],"inLanguage":"es"},{"@type":"Organization","@id":"https:\/\/www.pressenza.com\/es\/#organization","name":"Pressenza","url":"https:\/\/www.pressenza.com\/es\/","logo":{"@type":"ImageObject","inLanguage":"es","@id":"https:\/\/www.pressenza.com\/es\/#\/schema\/logo\/image\/","url":"https:\/\/www.pressenza.com\/wp-content\/uploads\/2022\/10\/pressenza_logo_200x200.jpg","contentUrl":"https:\/\/www.pressenza.com\/wp-content\/uploads\/2022\/10\/pressenza_logo_200x200.jpg","width":200,"height":200,"caption":"Pressenza"},"image":{"@id":"https:\/\/www.pressenza.com\/es\/#\/schema\/logo\/image\/"},"sameAs":["https:\/\/www.facebook.com\/PressenzaItalia","https:\/\/x.com\/PressenzaIPA"]},{"@type":"Person","@id":"https:\/\/www.pressenza.com\/es\/#\/schema\/person\/f1a879435e38cd8f69eac14ebf21489e","name":"T\u00e9lam - Agencia Nacional de Noticias de la Rep\u00fablica Argentina","description":"T\u00e9lam es una de las grandes agencias de noticias a nivel regional. El prestigio, acceso a fuentes oficiales, la cobertura en todo el territorio nacional y corresponsal\u00edas en el exterior; y la responsabilidad en el tratamiento informativo son caracter\u00edsticas que colocan a T\u00e9lam en referente period\u00edstico confiable y cre\u00edble en el pa\u00eds y en el mundo. Sostiene un servicio actualizado, detallado y original en diversos formatos, las 24 horas del d\u00eda, todos los d\u00edas del a\u00f1o. Es l\u00edder en el mercado nacional y sostiene alianzas a nivel regional y mundial que le permiten expandir los servicios period\u00edsticos. Suministra sus productos v\u00eda on line, tanto a nivel local como internacional. En la actualidad, la Agencia suma a sus servicios tradicionales, nuevos desaf\u00edos a partir de la realizaci\u00f3n de producciones multimedia para diversas plataformas. www.telam.com.ar","sameAs":["https:\/\/www.facebook.com\/AgenciaTELAM","https:\/\/x.com\/AgenciaTelam"],"url":"https:\/\/www.pressenza.com\/es\/author\/telam\/"}]}},"place":"Berl\u00edn","original_article_url":"","_links":{"self":[{"href":"https:\/\/www.pressenza.com\/es\/wp-json\/wp\/v2\/posts\/48365","targetHints":{"allow":["GET"]}}],"collection":[{"href":"https:\/\/www.pressenza.com\/es\/wp-json\/wp\/v2\/posts"}],"about":[{"href":"https:\/\/www.pressenza.com\/es\/wp-json\/wp\/v2\/types\/post"}],"author":[{"embeddable":true,"href":"https:\/\/www.pressenza.com\/es\/wp-json\/wp\/v2\/users\/494"}],"replies":[{"embeddable":true,"href":"https:\/\/www.pressenza.com\/es\/wp-json\/wp\/v2\/comments?post=48365"}],"version-history":[{"count":0,"href":"https:\/\/www.pressenza.com\/es\/wp-json\/wp\/v2\/posts\/48365\/revisions"}],"wp:featuredmedia":[{"embeddable":true,"href":"https:\/\/www.pressenza.com\/es\/wp-json\/wp\/v2\/media\/48367"}],"wp:attachment":[{"href":"https:\/\/www.pressenza.com\/es\/wp-json\/wp\/v2\/media?parent=48365"}],"wp:term":[{"taxonomy":"category","embeddable":true,"href":"https:\/\/www.pressenza.com\/es\/wp-json\/wp\/v2\/categories?post=48365"},{"taxonomy":"post_tag","embeddable":true,"href":"https:\/\/www.pressenza.com\/es\/wp-json\/wp\/v2\/tags?post=48365"}],"curies":[{"name":"wp","href":"https:\/\/api.w.org\/{rel}","templated":true}]}}