{"id":480917,"date":"2017-06-20T22:43:47","date_gmt":"2017-06-20T21:43:47","guid":{"rendered":"https:\/\/www.pressenza.com\/?p=480917\/"},"modified":"2017-06-20T22:56:54","modified_gmt":"2017-06-20T21:56:54","slug":"organizaciones-de-la-sociedad-civil-mexicana-exhortan-oea-condenar-grave-crisis-de-ddhh-en-mexico","status":"publish","type":"post","link":"https:\/\/www.pressenza.com\/es\/2017\/06\/organizaciones-de-la-sociedad-civil-mexicana-exhortan-oea-condenar-grave-crisis-de-ddhh-en-mexico\/","title":{"rendered":"Organizaciones de la sociedad civil mexicana exhortan a OEA a condenar grave crisis de DDHH en M\u00e9xico"},"content":{"rendered":"<p>En ocasi\u00f3n de realizarse la 47 Asamblea General de la Organizaci\u00f3n de Estados Americanos (OEA) en Canc\u00fan, diversas coaliciones de organizaciones de defensa de los derechos humanos expusieron este lunes 19 en el marco de un espacio denominado \u201cDialogo de los Jefes de Delegaci\u00f3n, el Secretario General, el Secretario General Adjunto y los Representantes de las Organizaciones de la Sociedad civil, los Trabajadores, el sector Privado y Otros Actores sociales.\u00bb<\/p>\n<p>De entre las m\u00faltiples intervenciones, rescatamos algunos p\u00e1rrafos recogidos del documento presentado por la Coalici\u00f3n de Organizaciones de la Sociedad Civil Mexicana, las cuales \u2013 entre otros puntos &#8211; reclamaron dar prioridad en la agenda de la OEA a la grave situaci\u00f3n de Derechos Humanos por la que atraviesa precisamente el pa\u00eds anfitri\u00f3n.<\/p>\n<p>\u201cM\u00e9xico, atraviesa una grave crisis de derechos humanos. En la \u00faltima d\u00e9cada han ocurrido aproximadamente 200,000 homicidios dolosos, m\u00e1s de 30,000 personas se encuentran desaparecidas, incluyendo desapariciones forzadas, se calcula que m\u00e1s de 300 mil personas son v\u00edctimas de desplazamiento forzado interno a causa de la violencia, ocurren 7 feminicidios al d\u00eda, 3 personas son asesinadas al mes por su orientaci\u00f3n sexual o identidad de g\u00e9nero y en lo que va de este a\u00f1o m\u00e1s de 17 personas periodistas y defensoras de derechos humanos han sido asesinadas. Los autores de la violencia incluyen a la delincuencia organizada, por actores privados y estatales. \u201c<\/p>\n<p>Y agrega: \u201cLos niveles de impunidad se mantienen as\u00ed entre el 95% y el 98%. Como resultado tenemos una espiral de violencia b\u00e9lica en diversas regiones del pa\u00eds, aunada a ejecuciones extrajudiciales de civiles, incluyendo a personas inocentes.\u201d<\/p>\n<p>En otro p\u00e1rrafo se indica c\u00f3mo \u201cla experiencia de M\u00e9xico demuestra lo poco efectivo &#8211;y hasta contraproducente- de la militarizaci\u00f3n como respuesta a la inseguridad.\u201d<\/p>\n<p>El documento exhorta a profundizar el an\u00e1lisis y reconocer que \u201cpara garantizar la seguridad humana de la poblaci\u00f3n de las Am\u00e9ricas es necesario reconocer otras causas de inseguridad que destruyen el tejido social de las comunidades tanto rurales como urbanas. Es urgente cuestionar la captura empresarial del estado y el modelo de desarrollo de nuestro hemisferio, un modelo que privilegia los intereses y las ganancias de empresas nacionales y trasnacionales por encima del bienestar y los derechos de la poblaci\u00f3n.\u201d<\/p>\n<p>En ese sentido, el texto hace \u201cun llamado a que los pa\u00edses de la regi\u00f3n se unan a favor del tratado vinculante que se est\u00e1 discutiendo en el Consejo de Derechos Humanos de la ONU para regular la acci\u00f3n de las empresas trasnacionales.\u201d<\/p>\n<p>En ese contexto de avasallamiento se indica c\u00f3mo \u201cLos defensores y defensoras de los derechos humanos y activistas de movimientos sociales y comunitarios que se oponen a proyectos de desarrollo a gran escala y a las empresas multinacionales corren especial peligro de sufrir represalias.\u201d<\/p>\n<p>Y m\u00e1s en general, el riesgo que corren los \u00abPeriodistas, operadores de justicia, opositores pol\u00edticos y testigos de violaciones a derechos humanos, quienes contin\u00faan recibiendo amenazas y ataques, sufriendo criminalizaci\u00f3n, tortura o malos tratos,\u00a0 y muchos de ellos son desaparecidos o pierden la vida a manos de agentes estatales y no estatales que buscan precisamente silenciarlos.\u00bb<\/p>\n<p>El documento contin\u00faa proponiendo un viraje de la actual agenda conservadora de la organizaci\u00f3n se\u00f1alando que \u201cla misi\u00f3n central y prioritaria de la OEA debe ser revertir la desigualdad estructural mediante la adopci\u00f3n de pol\u00edticas para proteger y garantizar los derechos econ\u00f3micos, sociales y culturales de la poblaci\u00f3n, involucrando la participaci\u00f3n efectiva, de la sociedad civil.<\/p>\n<p>El hilo conductor de todas las acciones debe ser poner al centro a las personas, protegiendo sus derechos humanos.\u201d<\/p>\n<p>Por \u00faltimo las organizaciones recordaron que \u201cel compromiso de los Estados con la seguridad humana y los derechos humanos se demostrar\u00e1 a trav\u00e9s de acciones concretas, y una de ellas debe ser el aumento significativo del presupuesto del Sistema Interamericano de Derechos Humanos mediante resoluci\u00f3n adoptada en esta Asamblea General. \u201c<\/p>\n<p>Entre las asociaciones firmantes, se encuentran Asistencia Legal por los Derechos Humanos (Asilegal), Centro de Derechos Humanos Miguel Agust\u00edn Pro Ju\u00e1rez (Centro Prodh), Centro de Derechos Humanos de la Monta\u00f1a \u201cTlachinollan\u201d (Tlachinollan), Centro de Derechos Humanos de las Mujeres (CEDEHM), Centro Mexicano de Derecho Ambiental (CEMDA), Comisi\u00f3n Mexicana de Defensa y Promoci\u00f3n de los Derechos Humanos (CMDPDH), Comit\u00e9 Digna Ochoa, Documenta, An\u00e1lisis y Acci\u00f3n para la Justicia Social (Documenta), Equidad de G\u00e9nero: Ciudadan\u00eda, Trabajo y Familia, el Instituto Mexicano de Derechos Humanos y Democracia, \u00a0Letra S, Sida, Cultura y Vida Cotidiana (Letra S) y el Proyecto sobre Organizaci\u00f3n, Desarrollo, Educaci\u00f3n e Investigaci\u00f3n (PODER).<\/p>\n<p>El documento completo de la Coalici\u00f3n de organizaciones de la sociedad civil Mexicana, junto a los documentos expuestos por otras coaliciones pueden accederse en este <a href=\"http:\/\/www.oas.org\/es\/47ag\/presentaciones-coaliciones.asp\">enlace<\/a><\/p>\n","protected":false},"excerpt":{"rendered":"<p>En ocasi\u00f3n de realizarse la 47 Asamblea General de la Organizaci\u00f3n de Estados Americanos (OEA) en Canc\u00fan, diversas coaliciones de organizaciones de defensa de los derechos humanos expusieron este lunes 19 en el marco de un espacio denominado \u201cDialogo de&hellip;<\/p>\n","protected":false},"author":19,"featured_media":480918,"comment_status":"closed","ping_status":"closed","sticky":false,"template":"","format":"standard","meta":{"footnotes":""},"categories":[11389,79,39,68],"tags":[441,1321,5286,38323,33435],"class_list":["post-480917","post","type-post","status-publish","format-standard","has-post-thumbnail","hentry","category-contenido-original","category-derechos-humanos","category-internacional","category-norteamerica","tag-derechos-humanos","tag-mexico","tag-oea","tag-organizacion-estados-americanos","tag-sociedad-civil"],"yoast_head":"<!-- This site is optimized with the Yoast SEO plugin v27.1.1 - https:\/\/yoast.com\/product\/yoast-seo-wordpress\/ -->\n<title>Organizaciones de la sociedad civil mexicana exhortan a OEA a condenar grave crisis de DDHH en M\u00e9xico<\/title>\n<meta name=\"description\" content=\"En ocasi\u00f3n de realizarse la 47 Asamblea General de la Organizaci\u00f3n de Estados Americanos (OEA) en Canc\u00fan, diversas coaliciones de organizaciones de\" \/>\n<meta name=\"robots\" content=\"index, follow, max-snippet:-1, max-image-preview:large, max-video-preview:-1\" \/>\n<link rel=\"canonical\" href=\"https:\/\/www.pressenza.com\/es\/2017\/06\/organizaciones-de-la-sociedad-civil-mexicana-exhortan-oea-condenar-grave-crisis-de-ddhh-en-mexico\/\" \/>\n<meta property=\"og:locale\" content=\"es_ES\" \/>\n<meta property=\"og:type\" content=\"article\" \/>\n<meta property=\"og:title\" content=\"Organizaciones de la sociedad civil mexicana exhortan a OEA a condenar grave crisis de DDHH en M\u00e9xico\" \/>\n<meta property=\"og:description\" content=\"En ocasi\u00f3n de realizarse la 47 Asamblea General de la Organizaci\u00f3n de Estados Americanos (OEA) en Canc\u00fan, diversas coaliciones de organizaciones de\" \/>\n<meta property=\"og:url\" content=\"https:\/\/www.pressenza.com\/es\/2017\/06\/organizaciones-de-la-sociedad-civil-mexicana-exhortan-oea-condenar-grave-crisis-de-ddhh-en-mexico\/\" \/>\n<meta property=\"og:site_name\" content=\"Pressenza\" \/>\n<meta property=\"article:publisher\" content=\"https:\/\/www.facebook.com\/PressenzaItalia\" \/>\n<meta property=\"article:author\" content=\"https:\/\/www.facebook.com\/pressenza\" \/>\n<meta property=\"article:published_time\" content=\"2017-06-20T21:43:47+00:00\" \/>\n<meta property=\"article:modified_time\" content=\"2017-06-20T21:56:54+00:00\" \/>\n<meta property=\"og:image\" content=\"https:\/\/www.pressenza.com\/wp-content\/uploads\/2017\/06\/oea-47-osc-mexicana.jpg\" \/>\n\t<meta property=\"og:image:width\" content=\"1040\" \/>\n\t<meta property=\"og:image:height\" content=\"780\" \/>\n\t<meta property=\"og:image:type\" content=\"image\/jpeg\" \/>\n<meta name=\"author\" content=\"Pressenza IPA\" \/>\n<meta name=\"twitter:card\" content=\"summary_large_image\" \/>\n<meta name=\"twitter:creator\" content=\"@PressenzaIPA\" \/>\n<meta name=\"twitter:site\" content=\"@PressenzaIPA\" \/>\n<meta name=\"twitter:label1\" content=\"Escrito por\" \/>\n\t<meta name=\"twitter:data1\" content=\"Pressenza IPA\" \/>\n\t<meta name=\"twitter:label2\" content=\"Tiempo de lectura\" \/>\n\t<meta name=\"twitter:data2\" content=\"4 minutos\" \/>\n<script type=\"application\/ld+json\" class=\"yoast-schema-graph\">{\"@context\":\"https:\/\/schema.org\",\"@graph\":[{\"@type\":\"Article\",\"@id\":\"https:\/\/www.pressenza.com\/es\/2017\/06\/organizaciones-de-la-sociedad-civil-mexicana-exhortan-oea-condenar-grave-crisis-de-ddhh-en-mexico\/#article\",\"isPartOf\":{\"@id\":\"https:\/\/www.pressenza.com\/es\/2017\/06\/organizaciones-de-la-sociedad-civil-mexicana-exhortan-oea-condenar-grave-crisis-de-ddhh-en-mexico\/\"},\"author\":{\"name\":\"Pressenza IPA\",\"@id\":\"https:\/\/www.pressenza.com\/es\/#\/schema\/person\/010e5d02bcf40965427a1289a4cc8d75\"},\"headline\":\"Organizaciones de la sociedad civil mexicana exhortan a OEA a condenar grave crisis de DDHH en M\u00e9xico\",\"datePublished\":\"2017-06-20T21:43:47+00:00\",\"dateModified\":\"2017-06-20T21:56:54+00:00\",\"mainEntityOfPage\":{\"@id\":\"https:\/\/www.pressenza.com\/es\/2017\/06\/organizaciones-de-la-sociedad-civil-mexicana-exhortan-oea-condenar-grave-crisis-de-ddhh-en-mexico\/\"},\"wordCount\":834,\"publisher\":{\"@id\":\"https:\/\/www.pressenza.com\/es\/#organization\"},\"image\":{\"@id\":\"https:\/\/www.pressenza.com\/es\/2017\/06\/organizaciones-de-la-sociedad-civil-mexicana-exhortan-oea-condenar-grave-crisis-de-ddhh-en-mexico\/#primaryimage\"},\"thumbnailUrl\":\"https:\/\/www.pressenza.com\/wp-content\/uploads\/2017\/06\/oea-47-osc-mexicana.jpg\",\"keywords\":[\"Derechos humanos\",\"M\u00e9xico\",\"OEA\",\"Organizaci\u00f3n Estados Americanos\",\"sociedad civil\"],\"articleSection\":[\"Contenido Original\",\"Derechos Humanos\",\"Internacional\",\"Norteam\u00e9rica\"],\"inLanguage\":\"es\"},{\"@type\":\"WebPage\",\"@id\":\"https:\/\/www.pressenza.com\/es\/2017\/06\/organizaciones-de-la-sociedad-civil-mexicana-exhortan-oea-condenar-grave-crisis-de-ddhh-en-mexico\/\",\"url\":\"https:\/\/www.pressenza.com\/es\/2017\/06\/organizaciones-de-la-sociedad-civil-mexicana-exhortan-oea-condenar-grave-crisis-de-ddhh-en-mexico\/\",\"name\":\"Organizaciones de la sociedad civil mexicana exhortan a OEA a condenar grave crisis de DDHH en M\u00e9xico\",\"isPartOf\":{\"@id\":\"https:\/\/www.pressenza.com\/es\/#website\"},\"primaryImageOfPage\":{\"@id\":\"https:\/\/www.pressenza.com\/es\/2017\/06\/organizaciones-de-la-sociedad-civil-mexicana-exhortan-oea-condenar-grave-crisis-de-ddhh-en-mexico\/#primaryimage\"},\"image\":{\"@id\":\"https:\/\/www.pressenza.com\/es\/2017\/06\/organizaciones-de-la-sociedad-civil-mexicana-exhortan-oea-condenar-grave-crisis-de-ddhh-en-mexico\/#primaryimage\"},\"thumbnailUrl\":\"https:\/\/www.pressenza.com\/wp-content\/uploads\/2017\/06\/oea-47-osc-mexicana.jpg\",\"datePublished\":\"2017-06-20T21:43:47+00:00\",\"dateModified\":\"2017-06-20T21:56:54+00:00\",\"description\":\"En ocasi\u00f3n de realizarse la 47 Asamblea General de la Organizaci\u00f3n de Estados Americanos (OEA) en Canc\u00fan, diversas coaliciones de organizaciones de\",\"breadcrumb\":{\"@id\":\"https:\/\/www.pressenza.com\/es\/2017\/06\/organizaciones-de-la-sociedad-civil-mexicana-exhortan-oea-condenar-grave-crisis-de-ddhh-en-mexico\/#breadcrumb\"},\"inLanguage\":\"es\",\"potentialAction\":[{\"@type\":\"ReadAction\",\"target\":[\"https:\/\/www.pressenza.com\/es\/2017\/06\/organizaciones-de-la-sociedad-civil-mexicana-exhortan-oea-condenar-grave-crisis-de-ddhh-en-mexico\/\"]}]},{\"@type\":\"ImageObject\",\"inLanguage\":\"es\",\"@id\":\"https:\/\/www.pressenza.com\/es\/2017\/06\/organizaciones-de-la-sociedad-civil-mexicana-exhortan-oea-condenar-grave-crisis-de-ddhh-en-mexico\/#primaryimage\",\"url\":\"https:\/\/www.pressenza.com\/wp-content\/uploads\/2017\/06\/oea-47-osc-mexicana.jpg\",\"contentUrl\":\"https:\/\/www.pressenza.com\/wp-content\/uploads\/2017\/06\/oea-47-osc-mexicana.jpg\",\"width\":1040,\"height\":780},{\"@type\":\"BreadcrumbList\",\"@id\":\"https:\/\/www.pressenza.com\/es\/2017\/06\/organizaciones-de-la-sociedad-civil-mexicana-exhortan-oea-condenar-grave-crisis-de-ddhh-en-mexico\/#breadcrumb\",\"itemListElement\":[{\"@type\":\"ListItem\",\"position\":1,\"name\":\"Accueil\",\"item\":\"https:\/\/www.pressenza.com\/es\/\"},{\"@type\":\"ListItem\",\"position\":2,\"name\":\"Organizaciones de la sociedad civil mexicana exhortan a OEA a condenar grave crisis de DDHH en M\u00e9xico\"}]},{\"@type\":\"WebSite\",\"@id\":\"https:\/\/www.pressenza.com\/es\/#website\",\"url\":\"https:\/\/www.pressenza.com\/es\/\",\"name\":\"Pressenza\",\"description\":\"International Press Agency\",\"publisher\":{\"@id\":\"https:\/\/www.pressenza.com\/es\/#organization\"},\"potentialAction\":[{\"@type\":\"SearchAction\",\"target\":{\"@type\":\"EntryPoint\",\"urlTemplate\":\"https:\/\/www.pressenza.com\/es\/?s={search_term_string}\"},\"query-input\":{\"@type\":\"PropertyValueSpecification\",\"valueRequired\":true,\"valueName\":\"search_term_string\"}}],\"inLanguage\":\"es\"},{\"@type\":\"Organization\",\"@id\":\"https:\/\/www.pressenza.com\/es\/#organization\",\"name\":\"Pressenza\",\"url\":\"https:\/\/www.pressenza.com\/es\/\",\"logo\":{\"@type\":\"ImageObject\",\"inLanguage\":\"es\",\"@id\":\"https:\/\/www.pressenza.com\/es\/#\/schema\/logo\/image\/\",\"url\":\"https:\/\/www.pressenza.com\/wp-content\/uploads\/2022\/10\/pressenza_logo_200x200.jpg\",\"contentUrl\":\"https:\/\/www.pressenza.com\/wp-content\/uploads\/2022\/10\/pressenza_logo_200x200.jpg\",\"width\":200,\"height\":200,\"caption\":\"Pressenza\"},\"image\":{\"@id\":\"https:\/\/www.pressenza.com\/es\/#\/schema\/logo\/image\/\"},\"sameAs\":[\"https:\/\/www.facebook.com\/PressenzaItalia\",\"https:\/\/x.com\/PressenzaIPA\"]},{\"@type\":\"Person\",\"@id\":\"https:\/\/www.pressenza.com\/es\/#\/schema\/person\/010e5d02bcf40965427a1289a4cc8d75\",\"name\":\"Pressenza IPA\",\"description\":\"News from Pressenza IPA correspondents\",\"sameAs\":[\"https:\/\/www.facebook.com\/pressenza\",\"https:\/\/x.com\/PressenzaIPA\"],\"url\":\"https:\/\/www.pressenza.com\/es\/author\/pressenza-ipa\/\"}]}<\/script>\n<!-- \/ Yoast SEO plugin. -->","yoast_head_json":{"title":"Organizaciones de la sociedad civil mexicana exhortan a OEA a condenar grave crisis de DDHH en M\u00e9xico","description":"En ocasi\u00f3n de realizarse la 47 Asamblea General de la Organizaci\u00f3n de Estados Americanos (OEA) en Canc\u00fan, diversas coaliciones de organizaciones de","robots":{"index":"index","follow":"follow","max-snippet":"max-snippet:-1","max-image-preview":"max-image-preview:large","max-video-preview":"max-video-preview:-1"},"canonical":"https:\/\/www.pressenza.com\/es\/2017\/06\/organizaciones-de-la-sociedad-civil-mexicana-exhortan-oea-condenar-grave-crisis-de-ddhh-en-mexico\/","og_locale":"es_ES","og_type":"article","og_title":"Organizaciones de la sociedad civil mexicana exhortan a OEA a condenar grave crisis de DDHH en M\u00e9xico","og_description":"En ocasi\u00f3n de realizarse la 47 Asamblea General de la Organizaci\u00f3n de Estados Americanos (OEA) en Canc\u00fan, diversas coaliciones de organizaciones de","og_url":"https:\/\/www.pressenza.com\/es\/2017\/06\/organizaciones-de-la-sociedad-civil-mexicana-exhortan-oea-condenar-grave-crisis-de-ddhh-en-mexico\/","og_site_name":"Pressenza","article_publisher":"https:\/\/www.facebook.com\/PressenzaItalia","article_author":"https:\/\/www.facebook.com\/pressenza","article_published_time":"2017-06-20T21:43:47+00:00","article_modified_time":"2017-06-20T21:56:54+00:00","og_image":[{"width":1040,"height":780,"url":"https:\/\/www.pressenza.com\/wp-content\/uploads\/2017\/06\/oea-47-osc-mexicana.jpg","type":"image\/jpeg"}],"author":"Pressenza IPA","twitter_card":"summary_large_image","twitter_creator":"@PressenzaIPA","twitter_site":"@PressenzaIPA","twitter_misc":{"Escrito por":"Pressenza IPA","Tiempo de lectura":"4 minutos"},"schema":{"@context":"https:\/\/schema.org","@graph":[{"@type":"Article","@id":"https:\/\/www.pressenza.com\/es\/2017\/06\/organizaciones-de-la-sociedad-civil-mexicana-exhortan-oea-condenar-grave-crisis-de-ddhh-en-mexico\/#article","isPartOf":{"@id":"https:\/\/www.pressenza.com\/es\/2017\/06\/organizaciones-de-la-sociedad-civil-mexicana-exhortan-oea-condenar-grave-crisis-de-ddhh-en-mexico\/"},"author":{"name":"Pressenza IPA","@id":"https:\/\/www.pressenza.com\/es\/#\/schema\/person\/010e5d02bcf40965427a1289a4cc8d75"},"headline":"Organizaciones de la sociedad civil mexicana exhortan a OEA a condenar grave crisis de DDHH en M\u00e9xico","datePublished":"2017-06-20T21:43:47+00:00","dateModified":"2017-06-20T21:56:54+00:00","mainEntityOfPage":{"@id":"https:\/\/www.pressenza.com\/es\/2017\/06\/organizaciones-de-la-sociedad-civil-mexicana-exhortan-oea-condenar-grave-crisis-de-ddhh-en-mexico\/"},"wordCount":834,"publisher":{"@id":"https:\/\/www.pressenza.com\/es\/#organization"},"image":{"@id":"https:\/\/www.pressenza.com\/es\/2017\/06\/organizaciones-de-la-sociedad-civil-mexicana-exhortan-oea-condenar-grave-crisis-de-ddhh-en-mexico\/#primaryimage"},"thumbnailUrl":"https:\/\/www.pressenza.com\/wp-content\/uploads\/2017\/06\/oea-47-osc-mexicana.jpg","keywords":["Derechos humanos","M\u00e9xico","OEA","Organizaci\u00f3n Estados Americanos","sociedad civil"],"articleSection":["Contenido Original","Derechos Humanos","Internacional","Norteam\u00e9rica"],"inLanguage":"es"},{"@type":"WebPage","@id":"https:\/\/www.pressenza.com\/es\/2017\/06\/organizaciones-de-la-sociedad-civil-mexicana-exhortan-oea-condenar-grave-crisis-de-ddhh-en-mexico\/","url":"https:\/\/www.pressenza.com\/es\/2017\/06\/organizaciones-de-la-sociedad-civil-mexicana-exhortan-oea-condenar-grave-crisis-de-ddhh-en-mexico\/","name":"Organizaciones de la sociedad civil mexicana exhortan a OEA a condenar grave crisis de DDHH en M\u00e9xico","isPartOf":{"@id":"https:\/\/www.pressenza.com\/es\/#website"},"primaryImageOfPage":{"@id":"https:\/\/www.pressenza.com\/es\/2017\/06\/organizaciones-de-la-sociedad-civil-mexicana-exhortan-oea-condenar-grave-crisis-de-ddhh-en-mexico\/#primaryimage"},"image":{"@id":"https:\/\/www.pressenza.com\/es\/2017\/06\/organizaciones-de-la-sociedad-civil-mexicana-exhortan-oea-condenar-grave-crisis-de-ddhh-en-mexico\/#primaryimage"},"thumbnailUrl":"https:\/\/www.pressenza.com\/wp-content\/uploads\/2017\/06\/oea-47-osc-mexicana.jpg","datePublished":"2017-06-20T21:43:47+00:00","dateModified":"2017-06-20T21:56:54+00:00","description":"En ocasi\u00f3n de realizarse la 47 Asamblea General de la Organizaci\u00f3n de Estados Americanos (OEA) en Canc\u00fan, diversas coaliciones de organizaciones de","breadcrumb":{"@id":"https:\/\/www.pressenza.com\/es\/2017\/06\/organizaciones-de-la-sociedad-civil-mexicana-exhortan-oea-condenar-grave-crisis-de-ddhh-en-mexico\/#breadcrumb"},"inLanguage":"es","potentialAction":[{"@type":"ReadAction","target":["https:\/\/www.pressenza.com\/es\/2017\/06\/organizaciones-de-la-sociedad-civil-mexicana-exhortan-oea-condenar-grave-crisis-de-ddhh-en-mexico\/"]}]},{"@type":"ImageObject","inLanguage":"es","@id":"https:\/\/www.pressenza.com\/es\/2017\/06\/organizaciones-de-la-sociedad-civil-mexicana-exhortan-oea-condenar-grave-crisis-de-ddhh-en-mexico\/#primaryimage","url":"https:\/\/www.pressenza.com\/wp-content\/uploads\/2017\/06\/oea-47-osc-mexicana.jpg","contentUrl":"https:\/\/www.pressenza.com\/wp-content\/uploads\/2017\/06\/oea-47-osc-mexicana.jpg","width":1040,"height":780},{"@type":"BreadcrumbList","@id":"https:\/\/www.pressenza.com\/es\/2017\/06\/organizaciones-de-la-sociedad-civil-mexicana-exhortan-oea-condenar-grave-crisis-de-ddhh-en-mexico\/#breadcrumb","itemListElement":[{"@type":"ListItem","position":1,"name":"Accueil","item":"https:\/\/www.pressenza.com\/es\/"},{"@type":"ListItem","position":2,"name":"Organizaciones de la sociedad civil mexicana exhortan a OEA a condenar grave crisis de DDHH en M\u00e9xico"}]},{"@type":"WebSite","@id":"https:\/\/www.pressenza.com\/es\/#website","url":"https:\/\/www.pressenza.com\/es\/","name":"Pressenza","description":"International Press Agency","publisher":{"@id":"https:\/\/www.pressenza.com\/es\/#organization"},"potentialAction":[{"@type":"SearchAction","target":{"@type":"EntryPoint","urlTemplate":"https:\/\/www.pressenza.com\/es\/?s={search_term_string}"},"query-input":{"@type":"PropertyValueSpecification","valueRequired":true,"valueName":"search_term_string"}}],"inLanguage":"es"},{"@type":"Organization","@id":"https:\/\/www.pressenza.com\/es\/#organization","name":"Pressenza","url":"https:\/\/www.pressenza.com\/es\/","logo":{"@type":"ImageObject","inLanguage":"es","@id":"https:\/\/www.pressenza.com\/es\/#\/schema\/logo\/image\/","url":"https:\/\/www.pressenza.com\/wp-content\/uploads\/2022\/10\/pressenza_logo_200x200.jpg","contentUrl":"https:\/\/www.pressenza.com\/wp-content\/uploads\/2022\/10\/pressenza_logo_200x200.jpg","width":200,"height":200,"caption":"Pressenza"},"image":{"@id":"https:\/\/www.pressenza.com\/es\/#\/schema\/logo\/image\/"},"sameAs":["https:\/\/www.facebook.com\/PressenzaItalia","https:\/\/x.com\/PressenzaIPA"]},{"@type":"Person","@id":"https:\/\/www.pressenza.com\/es\/#\/schema\/person\/010e5d02bcf40965427a1289a4cc8d75","name":"Pressenza IPA","description":"News from Pressenza IPA correspondents","sameAs":["https:\/\/www.facebook.com\/pressenza","https:\/\/x.com\/PressenzaIPA"],"url":"https:\/\/www.pressenza.com\/es\/author\/pressenza-ipa\/"}]}},"place":"Canc\u00fan, M\u00e9xico","original_article_url":"","_links":{"self":[{"href":"https:\/\/www.pressenza.com\/es\/wp-json\/wp\/v2\/posts\/480917","targetHints":{"allow":["GET"]}}],"collection":[{"href":"https:\/\/www.pressenza.com\/es\/wp-json\/wp\/v2\/posts"}],"about":[{"href":"https:\/\/www.pressenza.com\/es\/wp-json\/wp\/v2\/types\/post"}],"author":[{"embeddable":true,"href":"https:\/\/www.pressenza.com\/es\/wp-json\/wp\/v2\/users\/19"}],"replies":[{"embeddable":true,"href":"https:\/\/www.pressenza.com\/es\/wp-json\/wp\/v2\/comments?post=480917"}],"version-history":[{"count":0,"href":"https:\/\/www.pressenza.com\/es\/wp-json\/wp\/v2\/posts\/480917\/revisions"}],"wp:featuredmedia":[{"embeddable":true,"href":"https:\/\/www.pressenza.com\/es\/wp-json\/wp\/v2\/media\/480918"}],"wp:attachment":[{"href":"https:\/\/www.pressenza.com\/es\/wp-json\/wp\/v2\/media?parent=480917"}],"wp:term":[{"taxonomy":"category","embeddable":true,"href":"https:\/\/www.pressenza.com\/es\/wp-json\/wp\/v2\/categories?post=480917"},{"taxonomy":"post_tag","embeddable":true,"href":"https:\/\/www.pressenza.com\/es\/wp-json\/wp\/v2\/tags?post=480917"}],"curies":[{"name":"wp","href":"https:\/\/api.w.org\/{rel}","templated":true}]}}