{"id":4809,"date":"2011-02-22T00:00:00","date_gmt":"2011-02-22T00:00:00","guid":{"rendered":""},"modified":"2011-02-22T08:03:43","modified_gmt":"2011-02-22T08:03:43","slug":"una-historia-de-rapx-no-violencia-y-espiritualidad","status":"publish","type":"post","link":"https:\/\/www.pressenza.com\/es\/2011\/02\/una-historia-de-rapx-no-violencia-y-espiritualidad\/","title":{"rendered":"Una historia de rap, No-violencia y espiritualidad"},"content":{"rendered":"<p>\u201cNosotros no ten\u00edamos idea de que era el Hip Hop, ni el Rap. Todo comenz\u00f3<br \/>\ncuando conocimos a Mack Flow a pocos d\u00edas del festival que hicimos en el<br \/>\nvel\u00f3dromo de Lan\u00fas. Luego de escucharlo a \u00e9l y que trajera al local a otros<br \/>\nj\u00f3venes amigos que estaban en el tema, naci\u00f3 la idea de armar con ellos un<br \/>\nfestival de rap\u201d, comento Hern\u00e1n Trinidad, Enlace de Revoluci\u00f3n Triple (R3).<\/p>\n<p>As\u00ed empez\u00f3 la relaci\u00f3n entre unos j\u00f3venes raperos de Fiorito con una<br \/>\nsensibilidad incre\u00edble y la gente de R3.<\/p>\n<p>Esa nueva sensibilidad, un gran hibrido de siloismo, rap, alegr\u00eda, no-violencia<br \/>\ny espiritualidad. Noches de charlas, experiencias, rap, Free Style, divagues y<br \/>\ncarcajadas, que en solo dos meses desemboco en una gran actividad.<\/p>\n<p>Unos j\u00f3venes maravillosos interesados en inspirarse componiendo letras,<br \/>\ncantando y con un inter\u00e9s de un cambio personal y social.<\/p>\n<p>La imagen era muy brillosa: 19 de Febrero, Estaci\u00f3n de Fiorito.<br \/>\nSe iba acercando el d\u00eda y los impedimentos cada vez eran m\u00e1s. La<br \/>\nmunicipalidad de Lomas de Zamora no daba la autorizaci\u00f3n, las autoridades de<br \/>\nFiorito quer\u00edan darlo de baja y la polic\u00eda nos prohib\u00eda la realizaci\u00f3n del evento<br \/>\nuna noche antes del mismo. Incluso la lluvia a pocos minutos de arrancar<br \/>\npronosticaba un desastre.<\/p>\n<p>Pero la imagen estaba tan brillosa, que nada de eso pudo con la onda de la<br \/>\ngente.<\/p>\n<p>Y en un momento la lluvia freno, y la radio abierta subacuatica se destapo y<br \/>\na los pocos minutos empez\u00f3 a sonar el cl\u00e1sico tema: \u201cImaginar un mundo sin<br \/>\nviolencia\u201d, a cargo de Mack Flow y Low Batt. Daiana \u00c1lvarez Bobbio y Ariel<br \/>\nLazovic fueron los conductores del festival y dieron contexto sobre c\u00f3mo se<br \/>\narmo el mismo y sobre qu\u00e9 era La Comunidad (organismo social y cultural del<br \/>\nMovimiento Humanista).<\/p>\n<p>Luego llegaron MC Pao, Razial, Esp\u00edritu Poeta, Kisper y Hombre simple Craw,<br \/>\nentre otros artistas de hip hop, Brak dance y otros estilos.<\/p>\n<p>Mas tarde Shoshi Tapari dio lectura de una Experiencia de Fuerza y llamo<br \/>\na todo el p\u00fablico a realizarla en conjunto. Enseguida la mayor\u00eda de la gente<br \/>\nestaba con los ojos cerrados tratando de conectar con la energ\u00eda.<\/p>\n<p>Cuando empez\u00f3 el dance hall de Las Laydis de High la cantidad de gente ya<br \/>\npasaba la segunda centena, y mas gente llegaba para ver el cierre del festival<br \/>\ncon \u201cConexi\u00f3n Mental en Alto\u201d.<\/p>\n<p>Ya ca\u00eddo el sol, y pasado el \u201cNo le tenemos que agradecer a nadie, a ning\u00fan<br \/>\nbur\u00f3crata, a ning\u00fan pol\u00edtico, ni a la polic\u00eda\u201d, de los conductores, R3 le obsequio<br \/>\nun regalo a toda la gente. El Pedido, una practica simple que regalo Silo en<br \/>\n2005. Ah\u00ed mismo se realizo un Pedido por un mundo sin violencia.<\/p>\n<p>Los vecinos de Fiorito fascinados. Un gran evento que combino la cultura de la<br \/>\nno-violencia y el gusto y las virtudes de los j\u00f3venes del barrio.<br \/>\nUna apuesta a la inspiraci\u00f3n desde el arte; como se escuchaba desde el<br \/>\nescenario: \u201cConexi\u00f3n mental en alto, yo me elevo cuando canto\u201d<\/p>\n","protected":false},"excerpt":{"rendered":"<p>El s\u00e1bado 19 de febrero, en Fiorito, se realiz\u00f3 un festival de hip hop \u00abHacia una<br \/>\ncultura no-violenta\u00bb. M\u00e1s de 300 personas pasaron por el evento organizado<br \/>\npor Revoluci\u00f3n Triple, equipo de base de La Comunidad para el desarrollo<br \/>\nhumano, y que cont\u00f3 con la colaboraci\u00f3n de decenas de artistas del barrio en<br \/>\nuna sinton\u00eda de alto vuelo.<\/p>\n","protected":false},"author":418,"featured_media":0,"comment_status":"closed","ping_status":"open","sticky":false,"template":"","format":"standard","meta":{"footnotes":""},"categories":[75,67],"tags":[],"class_list":["post-4809","post","type-post","status-publish","format-standard","hentry","category-cultura-es","category-sudamerica"],"yoast_head":"<!-- This site is optimized with the Yoast SEO plugin v27.1.1 - https:\/\/yoast.com\/product\/yoast-seo-wordpress\/ -->\n<title>Una historia de rap, No-violencia y espiritualidad<\/title>\n<meta name=\"description\" content=\"El s\u00e1bado 19 de febrero, en Fiorito, se realiz\u00f3 un festival de hip hop &quot;Hacia una cultura no-violenta&quot;. M\u00e1s de 300 personas pasaron por el evento organizado por Revoluci\u00f3n Triple, equipo de base de La Comunidad para el desarrollo humano, y que cont\u00f3 con la colaboraci\u00f3n de decenas de artistas del barrio en una sinton\u00eda de alto vuelo.\" \/>\n<meta name=\"robots\" content=\"index, follow, max-snippet:-1, max-image-preview:large, max-video-preview:-1\" \/>\n<link rel=\"canonical\" href=\"https:\/\/www.pressenza.com\/es\/2011\/02\/una-historia-de-rapx-no-violencia-y-espiritualidad\/\" \/>\n<meta property=\"og:locale\" content=\"es_ES\" \/>\n<meta property=\"og:type\" content=\"article\" \/>\n<meta property=\"og:title\" content=\"Una historia de rap, No-violencia y espiritualidad\" \/>\n<meta property=\"og:description\" content=\"El s\u00e1bado 19 de febrero, en Fiorito, se realiz\u00f3 un festival de hip hop &quot;Hacia una cultura no-violenta&quot;. M\u00e1s de 300 personas pasaron por el evento organizado por Revoluci\u00f3n Triple, equipo de base de La Comunidad para el desarrollo humano, y que cont\u00f3 con la colaboraci\u00f3n de decenas de artistas del barrio en una sinton\u00eda de alto vuelo.\" \/>\n<meta property=\"og:url\" content=\"https:\/\/www.pressenza.com\/es\/2011\/02\/una-historia-de-rapx-no-violencia-y-espiritualidad\/\" \/>\n<meta property=\"og:site_name\" content=\"Pressenza\" \/>\n<meta property=\"article:publisher\" content=\"https:\/\/www.facebook.com\/PressenzaItalia\" \/>\n<meta property=\"article:published_time\" content=\"2011-02-22T00:00:00+00:00\" \/>\n<meta property=\"article:modified_time\" content=\"2011-02-22T08:03:43+00:00\" \/>\n<meta name=\"author\" content=\"Gabriel Yastrubni\" \/>\n<meta name=\"twitter:card\" content=\"summary_large_image\" \/>\n<meta name=\"twitter:creator\" content=\"@PressenzaIPA\" \/>\n<meta name=\"twitter:site\" content=\"@PressenzaIPA\" \/>\n<meta name=\"twitter:label1\" content=\"Escrito por\" \/>\n\t<meta name=\"twitter:data1\" content=\"Gabriel Yastrubni\" \/>\n\t<meta name=\"twitter:label2\" content=\"Tiempo de lectura\" \/>\n\t<meta name=\"twitter:data2\" content=\"3 minutos\" \/>\n<script type=\"application\/ld+json\" class=\"yoast-schema-graph\">{\"@context\":\"https:\/\/schema.org\",\"@graph\":[{\"@type\":\"Article\",\"@id\":\"https:\/\/www.pressenza.com\/es\/2011\/02\/una-historia-de-rapx-no-violencia-y-espiritualidad\/#article\",\"isPartOf\":{\"@id\":\"https:\/\/www.pressenza.com\/es\/2011\/02\/una-historia-de-rapx-no-violencia-y-espiritualidad\/\"},\"author\":{\"name\":\"Gabriel Yastrubni\",\"@id\":\"https:\/\/www.pressenza.com\/es\/#\/schema\/person\/65eb65319257d673fb477db5b553da47\"},\"headline\":\"Una historia de rap, No-violencia y espiritualidad\",\"datePublished\":\"2011-02-22T00:00:00+00:00\",\"dateModified\":\"2011-02-22T08:03:43+00:00\",\"mainEntityOfPage\":{\"@id\":\"https:\/\/www.pressenza.com\/es\/2011\/02\/una-historia-de-rapx-no-violencia-y-espiritualidad\/\"},\"wordCount\":538,\"publisher\":{\"@id\":\"https:\/\/www.pressenza.com\/es\/#organization\"},\"articleSection\":[\"Cultura y Medios\",\"Sudam\u00e9rica\"],\"inLanguage\":\"es\"},{\"@type\":\"WebPage\",\"@id\":\"https:\/\/www.pressenza.com\/es\/2011\/02\/una-historia-de-rapx-no-violencia-y-espiritualidad\/\",\"url\":\"https:\/\/www.pressenza.com\/es\/2011\/02\/una-historia-de-rapx-no-violencia-y-espiritualidad\/\",\"name\":\"Una historia de rap, No-violencia y espiritualidad\",\"isPartOf\":{\"@id\":\"https:\/\/www.pressenza.com\/es\/#website\"},\"datePublished\":\"2011-02-22T00:00:00+00:00\",\"dateModified\":\"2011-02-22T08:03:43+00:00\",\"description\":\"El s\u00e1bado 19 de febrero, en Fiorito, se realiz\u00f3 un festival de hip hop \\\"Hacia una cultura no-violenta\\\". M\u00e1s de 300 personas pasaron por el evento organizado por Revoluci\u00f3n Triple, equipo de base de La Comunidad para el desarrollo humano, y que cont\u00f3 con la colaboraci\u00f3n de decenas de artistas del barrio en una sinton\u00eda de alto vuelo.\",\"breadcrumb\":{\"@id\":\"https:\/\/www.pressenza.com\/es\/2011\/02\/una-historia-de-rapx-no-violencia-y-espiritualidad\/#breadcrumb\"},\"inLanguage\":\"es\",\"potentialAction\":[{\"@type\":\"ReadAction\",\"target\":[\"https:\/\/www.pressenza.com\/es\/2011\/02\/una-historia-de-rapx-no-violencia-y-espiritualidad\/\"]}]},{\"@type\":\"BreadcrumbList\",\"@id\":\"https:\/\/www.pressenza.com\/es\/2011\/02\/una-historia-de-rapx-no-violencia-y-espiritualidad\/#breadcrumb\",\"itemListElement\":[{\"@type\":\"ListItem\",\"position\":1,\"name\":\"Accueil\",\"item\":\"https:\/\/www.pressenza.com\/es\/\"},{\"@type\":\"ListItem\",\"position\":2,\"name\":\"Una historia de rap, No-violencia y espiritualidad\"}]},{\"@type\":\"WebSite\",\"@id\":\"https:\/\/www.pressenza.com\/es\/#website\",\"url\":\"https:\/\/www.pressenza.com\/es\/\",\"name\":\"Pressenza\",\"description\":\"International Press Agency\",\"publisher\":{\"@id\":\"https:\/\/www.pressenza.com\/es\/#organization\"},\"potentialAction\":[{\"@type\":\"SearchAction\",\"target\":{\"@type\":\"EntryPoint\",\"urlTemplate\":\"https:\/\/www.pressenza.com\/es\/?s={search_term_string}\"},\"query-input\":{\"@type\":\"PropertyValueSpecification\",\"valueRequired\":true,\"valueName\":\"search_term_string\"}}],\"inLanguage\":\"es\"},{\"@type\":\"Organization\",\"@id\":\"https:\/\/www.pressenza.com\/es\/#organization\",\"name\":\"Pressenza\",\"url\":\"https:\/\/www.pressenza.com\/es\/\",\"logo\":{\"@type\":\"ImageObject\",\"inLanguage\":\"es\",\"@id\":\"https:\/\/www.pressenza.com\/es\/#\/schema\/logo\/image\/\",\"url\":\"https:\/\/www.pressenza.com\/wp-content\/uploads\/2022\/10\/pressenza_logo_200x200.jpg\",\"contentUrl\":\"https:\/\/www.pressenza.com\/wp-content\/uploads\/2022\/10\/pressenza_logo_200x200.jpg\",\"width\":200,\"height\":200,\"caption\":\"Pressenza\"},\"image\":{\"@id\":\"https:\/\/www.pressenza.com\/es\/#\/schema\/logo\/image\/\"},\"sameAs\":[\"https:\/\/www.facebook.com\/PressenzaItalia\",\"https:\/\/x.com\/PressenzaIPA\"]},{\"@type\":\"Person\",\"@id\":\"https:\/\/www.pressenza.com\/es\/#\/schema\/person\/65eb65319257d673fb477db5b553da47\",\"name\":\"Gabriel Yastrubni\",\"url\":\"https:\/\/www.pressenza.com\/es\/author\/gabriel-yastrubni\/\"}]}<\/script>\n<!-- \/ Yoast SEO plugin. -->","yoast_head_json":{"title":"Una historia de rap, No-violencia y espiritualidad","description":"El s\u00e1bado 19 de febrero, en Fiorito, se realiz\u00f3 un festival de hip hop \"Hacia una cultura no-violenta\". M\u00e1s de 300 personas pasaron por el evento organizado por Revoluci\u00f3n Triple, equipo de base de La Comunidad para el desarrollo humano, y que cont\u00f3 con la colaboraci\u00f3n de decenas de artistas del barrio en una sinton\u00eda de alto vuelo.","robots":{"index":"index","follow":"follow","max-snippet":"max-snippet:-1","max-image-preview":"max-image-preview:large","max-video-preview":"max-video-preview:-1"},"canonical":"https:\/\/www.pressenza.com\/es\/2011\/02\/una-historia-de-rapx-no-violencia-y-espiritualidad\/","og_locale":"es_ES","og_type":"article","og_title":"Una historia de rap, No-violencia y espiritualidad","og_description":"El s\u00e1bado 19 de febrero, en Fiorito, se realiz\u00f3 un festival de hip hop \"Hacia una cultura no-violenta\". M\u00e1s de 300 personas pasaron por el evento organizado por Revoluci\u00f3n Triple, equipo de base de La Comunidad para el desarrollo humano, y que cont\u00f3 con la colaboraci\u00f3n de decenas de artistas del barrio en una sinton\u00eda de alto vuelo.","og_url":"https:\/\/www.pressenza.com\/es\/2011\/02\/una-historia-de-rapx-no-violencia-y-espiritualidad\/","og_site_name":"Pressenza","article_publisher":"https:\/\/www.facebook.com\/PressenzaItalia","article_published_time":"2011-02-22T00:00:00+00:00","article_modified_time":"2011-02-22T08:03:43+00:00","author":"Gabriel Yastrubni","twitter_card":"summary_large_image","twitter_creator":"@PressenzaIPA","twitter_site":"@PressenzaIPA","twitter_misc":{"Escrito por":"Gabriel Yastrubni","Tiempo de lectura":"3 minutos"},"schema":{"@context":"https:\/\/schema.org","@graph":[{"@type":"Article","@id":"https:\/\/www.pressenza.com\/es\/2011\/02\/una-historia-de-rapx-no-violencia-y-espiritualidad\/#article","isPartOf":{"@id":"https:\/\/www.pressenza.com\/es\/2011\/02\/una-historia-de-rapx-no-violencia-y-espiritualidad\/"},"author":{"name":"Gabriel Yastrubni","@id":"https:\/\/www.pressenza.com\/es\/#\/schema\/person\/65eb65319257d673fb477db5b553da47"},"headline":"Una historia de rap, No-violencia y espiritualidad","datePublished":"2011-02-22T00:00:00+00:00","dateModified":"2011-02-22T08:03:43+00:00","mainEntityOfPage":{"@id":"https:\/\/www.pressenza.com\/es\/2011\/02\/una-historia-de-rapx-no-violencia-y-espiritualidad\/"},"wordCount":538,"publisher":{"@id":"https:\/\/www.pressenza.com\/es\/#organization"},"articleSection":["Cultura y Medios","Sudam\u00e9rica"],"inLanguage":"es"},{"@type":"WebPage","@id":"https:\/\/www.pressenza.com\/es\/2011\/02\/una-historia-de-rapx-no-violencia-y-espiritualidad\/","url":"https:\/\/www.pressenza.com\/es\/2011\/02\/una-historia-de-rapx-no-violencia-y-espiritualidad\/","name":"Una historia de rap, No-violencia y espiritualidad","isPartOf":{"@id":"https:\/\/www.pressenza.com\/es\/#website"},"datePublished":"2011-02-22T00:00:00+00:00","dateModified":"2011-02-22T08:03:43+00:00","description":"El s\u00e1bado 19 de febrero, en Fiorito, se realiz\u00f3 un festival de hip hop \"Hacia una cultura no-violenta\". M\u00e1s de 300 personas pasaron por el evento organizado por Revoluci\u00f3n Triple, equipo de base de La Comunidad para el desarrollo humano, y que cont\u00f3 con la colaboraci\u00f3n de decenas de artistas del barrio en una sinton\u00eda de alto vuelo.","breadcrumb":{"@id":"https:\/\/www.pressenza.com\/es\/2011\/02\/una-historia-de-rapx-no-violencia-y-espiritualidad\/#breadcrumb"},"inLanguage":"es","potentialAction":[{"@type":"ReadAction","target":["https:\/\/www.pressenza.com\/es\/2011\/02\/una-historia-de-rapx-no-violencia-y-espiritualidad\/"]}]},{"@type":"BreadcrumbList","@id":"https:\/\/www.pressenza.com\/es\/2011\/02\/una-historia-de-rapx-no-violencia-y-espiritualidad\/#breadcrumb","itemListElement":[{"@type":"ListItem","position":1,"name":"Accueil","item":"https:\/\/www.pressenza.com\/es\/"},{"@type":"ListItem","position":2,"name":"Una historia de rap, No-violencia y espiritualidad"}]},{"@type":"WebSite","@id":"https:\/\/www.pressenza.com\/es\/#website","url":"https:\/\/www.pressenza.com\/es\/","name":"Pressenza","description":"International Press Agency","publisher":{"@id":"https:\/\/www.pressenza.com\/es\/#organization"},"potentialAction":[{"@type":"SearchAction","target":{"@type":"EntryPoint","urlTemplate":"https:\/\/www.pressenza.com\/es\/?s={search_term_string}"},"query-input":{"@type":"PropertyValueSpecification","valueRequired":true,"valueName":"search_term_string"}}],"inLanguage":"es"},{"@type":"Organization","@id":"https:\/\/www.pressenza.com\/es\/#organization","name":"Pressenza","url":"https:\/\/www.pressenza.com\/es\/","logo":{"@type":"ImageObject","inLanguage":"es","@id":"https:\/\/www.pressenza.com\/es\/#\/schema\/logo\/image\/","url":"https:\/\/www.pressenza.com\/wp-content\/uploads\/2022\/10\/pressenza_logo_200x200.jpg","contentUrl":"https:\/\/www.pressenza.com\/wp-content\/uploads\/2022\/10\/pressenza_logo_200x200.jpg","width":200,"height":200,"caption":"Pressenza"},"image":{"@id":"https:\/\/www.pressenza.com\/es\/#\/schema\/logo\/image\/"},"sameAs":["https:\/\/www.facebook.com\/PressenzaItalia","https:\/\/x.com\/PressenzaIPA"]},{"@type":"Person","@id":"https:\/\/www.pressenza.com\/es\/#\/schema\/person\/65eb65319257d673fb477db5b553da47","name":"Gabriel Yastrubni","url":"https:\/\/www.pressenza.com\/es\/author\/gabriel-yastrubni\/"}]}},"place":"Villa Fiorito","original_article_url":"","_links":{"self":[{"href":"https:\/\/www.pressenza.com\/es\/wp-json\/wp\/v2\/posts\/4809","targetHints":{"allow":["GET"]}}],"collection":[{"href":"https:\/\/www.pressenza.com\/es\/wp-json\/wp\/v2\/posts"}],"about":[{"href":"https:\/\/www.pressenza.com\/es\/wp-json\/wp\/v2\/types\/post"}],"author":[{"embeddable":true,"href":"https:\/\/www.pressenza.com\/es\/wp-json\/wp\/v2\/users\/418"}],"replies":[{"embeddable":true,"href":"https:\/\/www.pressenza.com\/es\/wp-json\/wp\/v2\/comments?post=4809"}],"version-history":[{"count":0,"href":"https:\/\/www.pressenza.com\/es\/wp-json\/wp\/v2\/posts\/4809\/revisions"}],"wp:attachment":[{"href":"https:\/\/www.pressenza.com\/es\/wp-json\/wp\/v2\/media?parent=4809"}],"wp:term":[{"taxonomy":"category","embeddable":true,"href":"https:\/\/www.pressenza.com\/es\/wp-json\/wp\/v2\/categories?post=4809"},{"taxonomy":"post_tag","embeddable":true,"href":"https:\/\/www.pressenza.com\/es\/wp-json\/wp\/v2\/tags?post=4809"}],"curies":[{"name":"wp","href":"https:\/\/api.w.org\/{rel}","templated":true}]}}