{"id":479821,"date":"2017-06-18T03:11:43","date_gmt":"2017-06-18T02:11:43","guid":{"rendered":"https:\/\/www.pressenza.com\/?p=479821\/"},"modified":"2017-06-18T03:11:43","modified_gmt":"2017-06-18T02:11:43","slug":"necesario-activar-asumir-compromiso-cambiar-la-realidad-restituir-derechos-se-supieron-conseguir-hoy-se-estan-perdiendo-c-quintriqueo","status":"publish","type":"post","link":"https:\/\/www.pressenza.com\/es\/2017\/06\/necesario-activar-asumir-compromiso-cambiar-la-realidad-restituir-derechos-se-supieron-conseguir-hoy-se-estan-perdiendo-c-quintriqueo\/","title":{"rendered":"\u00abEs necesario activar y asumir el compromiso para cambiar la realidad y restituir derechos que se  supieron conseguir y hoy se est\u00e1n perdiendo\u00bb C. Quintriqueo"},"content":{"rendered":"<p><iframe loading=\"lazy\" src=\"\/\/radiocut.fm\/audiocut\/embed\/mini\/entrevista-a-carlos-quintriqueo-secretario-general-de-ate-neuquen-en-continentes-y-contenidos\" width=\"100%\" height=\"65px\" frameborder=\"no\" scrolling=\"no\"><\/iframe><\/p>\n<p><strong>Mariano Quiroga: No ha tenido demasiada cobertura medi\u00e1tica aqu\u00ed en Buenos Aires. Tenemos que hacer un esfuerzo para enterarnos de lo que pasa en el interior del pa\u00eds. El centralismo nos juega una mala pasada comunicativamente hablando y tampoco ayuda el blindaje medi\u00e1tico que esconde bajo la alfombra las cosas que est\u00e1n pasando a lo largo y ancho de la Argentina. Nos vamos para Neuqu\u00e9n, para comunicarnos con Carlos Quintriqueo, secretario general de ATE. Los trabajadores de ATE llevan varios meses de reclamos y est\u00e1n sufriendo una persecuci\u00f3n bastante sistem\u00e1tica, contanos cuales son los reclamos y este contexto, Carlos.<\/strong><\/p>\n<p>Carlos Quintriqueo: Nosotros venimos con un conflicto que en el mes de marzo se firma un acuerdo con el gobierno de la provincia donde contemplaba cuestiones salariales y cuestiones que eran de cumplimiento como la incorporaci\u00f3n a la planta de 160 trabajadores en Desarrollo Social y el cumplimiento pleno de las convenciones colectivas. Lo salarial se fue cumpliendo, no fue as\u00ed en todos los puntos del resto del acuerdo y hoy estamos atravesando una situaci\u00f3n de huelga ante el incumplimiento. Nos encontramos a tres meses de haber firmado el acuerdo, no se est\u00e1 dando el pleno cumplimiento. El gobierno ha tenido un alineamiento con el gobierno nacional, haciendo seguidismo en la pol\u00edtica del macrismo. Hoy, desde nuestro sector de la Central y desde ATE, sobre todo, venimos con una huelga en la cual el d\u00eda de ayer fuimos reprimidos por osar ir a manifestarnos donde vive el gobernador. \u00cdbamos a hacer una olla popular en cercan\u00edas de un country que tienen ac\u00e1 en Neuqu\u00e9n, donde viven varios de los funcionarios y donde \u00edbamos a ir a mostrarles el conflicto social que se est\u00e1 viviendo en nuestra provincia, que no est\u00e1 ajeno a la crisis nacional. Si no, por el contrario, es una de las provincias que m\u00e1s le afecta la crisis dado que Neuqu\u00e9n, solamente vive de la actividad hidrocarbur\u00edfera petrolera y hoy la provincia est\u00e1 sufriendo una crisis, primero porque las empresas no han invertido, la pol\u00edtica energ\u00e9tica del gobierno nacional lleva a que Neuqu\u00e9n haya perdido capacidad de recursos, tambi\u00e9n.<\/p>\n<p><strong>MQ: \u00bfC\u00f3mo se est\u00e1 manifestando esta crisis que vive la provincia? Porque ustedes hablaban de hacer una olla popular para mostrarle a los pol\u00edticos que empieza a haber hambre.<\/strong><\/p>\n<p>CQ: Esta crisis se empieza a notar. Hace poco por iniciativa de compa\u00f1eras en un barrio a diez cuadras del centro de la capital neuquina, llevaron adelante la iniciativa de la apertura de un comedor comunitario. A ra\u00edz de que se vivencia d\u00eda a d\u00eda la miseria y las necesidades. Comenzaron el primer d\u00eda con un registro de 40 raciones para 40 nenes y al tercer d\u00eda hab\u00eda 140 inscriptos en el comedor. Empieza a mostrar la p\u00e9rdida de los puestos de trabajo y las bajas salariales. Neuqu\u00e9n fue la provincia donde el hoy senador Guillermo Pereyra, secretario general del sindicato petrolero firm\u00f3 la famosa adenda con el ministerio de energ\u00eda y la presidencia de la naci\u00f3n, donde se le quitaron derechos a los trabajadores petroleros. Hay m\u00e1s de 1200 puestos de trabajo que se han perdido en el sector petrolero y esto arrastra al ser una provincia que vive netamente de la actividad petrolera. Al no haber producci\u00f3n, al no haber nueva inversi\u00f3n, al haber despidos, lo que empieza a aparecer es la pobreza, el incremento de los comedores. Nosotros, d\u00edas pasados hicimos una presentaci\u00f3n en el concejo deliberante de la capital para que se decl\u00e1rela emergencia alimentaria en funci\u00f3n de lo que se est\u00e1 viendo d\u00eda a d\u00eda.<\/p>\n<p><strong>MQ: La provincia de Neuqu\u00e9n es tristemente c\u00e9lebre por la violencia policial. Tenemos el recuerdo siempre presente de Carlos Fuentealba, el docente asesinado por las jaur\u00edas del gobernador, en ese momento, Sobisch, hace poquito ocurrieron estos desalojos de tioerras de manera muy violenta, pero ayer mismo ustedes fueron v\u00edctimas de esta violencia. Contanos un poquito qu\u00e9 fue lo que pas\u00f3.<\/strong><\/p>\n<p>CQ: Ayer cuando nosotros intentamos marchar hacia donde reside el gobernador y en las cercan\u00edas poder llevar adelante esta olla popular para mostrar la situaci\u00f3n del conflicto, fuimos reprimidos por la polic\u00eda. Ac\u00e1 se quiere ocultar y que no sea visible el atropello. Esta es la misma polic\u00eda que como dec\u00eds vos, hace d\u00edas pasados desaloj\u00f3 una toma de vecinos, que ante la falta de pol\u00edtica de vivienda y la especulaci\u00f3n con los loteos. Las familias ante la necesidad han tenido que salir a hacer ocupaciones de tierras. Fueron desalojados violentamente por la misma polic\u00eda que ayer nos reprim\u00eda a nosotros, pero que en definitiva lo que resguarda es el lugar donde vive el sector m\u00e1s acomodado de la sociedad neuquina, que es un country que tiene 8 hect\u00e1reas ocupadas. Son los usurpadores VIP, porque tomaron 8 hect\u00e1reas del \u00e9gido municipal para hacer una cancha de golf, mientras 200 familias que desalojaron la semana pasada en ese lugar, hay 8 hect\u00e1reas de un valor inmobiliario important\u00edsimo que est\u00e1n usurpadas por los que viven ah\u00ed, que han construido una cancha de golf y ante eso, s\u00ed, la polic\u00eda y la justicia parecen medir con otra vara y no tienen el mismo tratamiento que se tuvo con las familias los d\u00edas pasados.<\/p>\n<p><strong>MQ: Contanos a los que estamos lejos, c\u00f3mo se articulan las organizaciones sociales all\u00ed en Neuqu\u00e9n. \u00bfHay posibilidades de trabajar en conjunto los sindicatos con los partidos pol\u00edticos, con el movimiento de base? \u00bfHay resistencia com\u00fan o eso todav\u00eda no se ha empezado a perfilar?<\/strong><\/p>\n<p>CQ: Nosotros venimos construyendo y, de hecho, venimos trabajando desde nuestra organizaci\u00f3n, ATE, en la articulaci\u00f3n con todos los sectores que se opongan a las pol\u00edticas nacionales, a las pol\u00edticas de ajuste, las pol\u00edticas de los tarifazos, las pol\u00edticas de represi\u00f3n. Se est\u00e1 construyendo un espacio, creo que es importante que desde las organizaciones sindicales, sociales y pol\u00edticas, poder ir articulando esto. Nosotros hemos creado junto con organizaciones de la actividad privada, una corriente sindical para tambi\u00e9n tener una participaci\u00f3n con aquellos que est\u00e1n dispuestos a disputar en la \u00e9poca electoral con un modelo alternativo, con un modelo que realmente vaya en contra de estas pol\u00edticas de ajuste que hoy nos vienen a someter desde el gobierno nacional. En eso venimos trabajando, creemos que no podemos estar al margen, ni mirando para otro lado, es necesario poder activar y asumir el mayor compromiso posible para poder cambiar la realidad y para poder restituir derechos que se\u00a0 supieron conseguir y hoy se est\u00e1n perdiendo.<\/p>\n<p><strong>MQ: El sindicalismo en general, m\u00e1s que nada representado por la CGT no est\u00e1 claramente ligada a un partido pol\u00edtico o una opci\u00f3n pol\u00edtica en estos momentos. ATE, por supuesto, juega en otro terreno a trav\u00e9s de las CTA y dem\u00e1s, \u00bfc\u00f3mo se ve esta falta de cohesi\u00f3n sindical que no permite enfrentar este modelo tan antihumano en unidad?<\/strong><\/p>\n<p>CQ: Nosotros, desde Neuqu\u00e9n, venimos planteando y en su momento plante\u00e1bamos la uni\u00f3n de las dos centrales que creo que es el momento de poder articular y seguir trabajando en lo que es la unificaci\u00f3n de la CTA en el orden nacional. Porque hoy hay una desbandada de la conducci\u00f3n del movimiento obrero. Hoy la CGT no conduce al movimiento obrero porque est\u00e1 en una actitud totalmente complaciente con las pol\u00edticas nacionales. De hecho, en la oportunidad que hemos podido estar en el acto de la CGT, que no se animaron a plantear una fecha de paro para ir en contra de estas pol\u00edticas. Creo que es el momento para construir una nueva representaci\u00f3n en el movimiento obrero y esto depende de la articulaci\u00f3n a lo largo y ancho del pa\u00eds. Es necesario, m\u00e1s que nunca, tener esa articulaci\u00f3n porque los trabajadores estamos siendo\u2026 Los puestos de trabajo que se est\u00e1n perdiendo. A mayor inflaci\u00f3n se incrementan los problemas. Cuantas m\u00e1s inflaci\u00f3n y p\u00e9rdida de trabajo hay, lo que se sigue incrementando es la miseria. Creo que es necesario articularse y tener una firme presencia dentro de eso. Por eso nosotros creemos la construcci\u00f3n de un espacio tratando de sumar a un colectivo en lo nacional y nos hemos definido, dentro de nuestra organizaci\u00f3n y la corriente sindical en la que estamos participando como dirigentes, en que creemos que Cristina es quien conduce un espacio en el orden nacional y muchos compa\u00f1eros que ni siquiera fueron compa\u00f1eros antes, hoy est\u00e1n participando porque ven en ella la oportunidad de poder volver a reconstituir un espacio que durante 12 a\u00f1os nos permiti\u00f3 discutir otras cosas.<\/p>\n","protected":false},"excerpt":{"rendered":"<p>Mariano Quiroga: No ha tenido demasiada cobertura medi\u00e1tica aqu\u00ed en Buenos Aires. Tenemos que hacer un esfuerzo para enterarnos de lo que pasa en el interior del pa\u00eds. El centralismo nos juega una mala pasada comunicativamente hablando y tampoco ayuda&hellip;<\/p>\n","protected":false},"author":96,"featured_media":479822,"comment_status":"closed","ping_status":"closed","sticky":false,"template":"","format":"standard","meta":{"footnotes":""},"categories":[11389,79,155,74,22754,67],"tags":[19600,26,8308,38261,18997,702],"class_list":["post-479821","post","type-post","status-publish","format-standard","has-post-thumbnail","hentry","category-contenido-original","category-derechos-humanos","category-entrevistas","category-politica-es","category-radio-es","category-sudamerica","tag-ajuste","tag-argentina","tag-ate","tag-despidocracia","tag-neuquen","tag-represion"],"yoast_head":"<!-- This site is optimized with the Yoast SEO plugin v27.1.1 - https:\/\/yoast.com\/product\/yoast-seo-wordpress\/ -->\n<title>&quot;Es necesario activar y asumir el compromiso para cambiar la realidad y restituir derechos que se supieron conseguir y hoy se est\u00e1n perdiendo&quot; C. Quintriqueo<\/title>\n<meta name=\"description\" content=\"Mariano Quiroga: No ha tenido demasiada cobertura medi\u00e1tica aqu\u00ed en Buenos Aires. Tenemos que hacer un esfuerzo para enterarnos de lo que pasa en el\" \/>\n<meta name=\"robots\" content=\"index, follow, max-snippet:-1, max-image-preview:large, max-video-preview:-1\" \/>\n<link rel=\"canonical\" href=\"https:\/\/www.pressenza.com\/es\/2017\/06\/necesario-activar-asumir-compromiso-cambiar-la-realidad-restituir-derechos-se-supieron-conseguir-hoy-se-estan-perdiendo-c-quintriqueo\/\" \/>\n<meta property=\"og:locale\" content=\"es_ES\" \/>\n<meta property=\"og:type\" content=\"article\" \/>\n<meta property=\"og:title\" content=\"&quot;Es necesario activar y asumir el compromiso para cambiar la realidad y restituir derechos que se supieron conseguir y hoy se est\u00e1n perdiendo&quot; C. Quintriqueo\" \/>\n<meta property=\"og:description\" content=\"Mariano Quiroga: No ha tenido demasiada cobertura medi\u00e1tica aqu\u00ed en Buenos Aires. Tenemos que hacer un esfuerzo para enterarnos de lo que pasa en el\" \/>\n<meta property=\"og:url\" content=\"https:\/\/www.pressenza.com\/es\/2017\/06\/necesario-activar-asumir-compromiso-cambiar-la-realidad-restituir-derechos-se-supieron-conseguir-hoy-se-estan-perdiendo-c-quintriqueo\/\" \/>\n<meta property=\"og:site_name\" content=\"Pressenza\" \/>\n<meta property=\"article:publisher\" content=\"https:\/\/www.facebook.com\/PressenzaItalia\" \/>\n<meta property=\"article:author\" content=\"https:\/\/www.facebook.com\/mariano.quiroga.779\" \/>\n<meta property=\"article:published_time\" content=\"2017-06-18T02:11:43+00:00\" \/>\n<meta property=\"og:image\" content=\"https:\/\/www.pressenza.com\/wp-content\/uploads\/2017\/06\/carlos_quintriqueo_neuquen.jpg\" \/>\n\t<meta property=\"og:image:width\" content=\"800\" \/>\n\t<meta property=\"og:image:height\" content=\"533\" \/>\n\t<meta property=\"og:image:type\" content=\"image\/jpeg\" \/>\n<meta name=\"author\" content=\"Mariano Quiroga\" \/>\n<meta name=\"twitter:card\" content=\"summary_large_image\" \/>\n<meta name=\"twitter:creator\" content=\"@MaruchoQuiroga\" \/>\n<meta name=\"twitter:site\" content=\"@PressenzaIPA\" \/>\n<meta name=\"twitter:label1\" content=\"Escrito por\" \/>\n\t<meta name=\"twitter:data1\" content=\"Mariano Quiroga\" \/>\n\t<meta name=\"twitter:label2\" content=\"Tiempo de lectura\" \/>\n\t<meta name=\"twitter:data2\" content=\"8 minutos\" \/>\n<script type=\"application\/ld+json\" class=\"yoast-schema-graph\">{\"@context\":\"https:\/\/schema.org\",\"@graph\":[{\"@type\":\"Article\",\"@id\":\"https:\/\/www.pressenza.com\/es\/2017\/06\/necesario-activar-asumir-compromiso-cambiar-la-realidad-restituir-derechos-se-supieron-conseguir-hoy-se-estan-perdiendo-c-quintriqueo\/#article\",\"isPartOf\":{\"@id\":\"https:\/\/www.pressenza.com\/es\/2017\/06\/necesario-activar-asumir-compromiso-cambiar-la-realidad-restituir-derechos-se-supieron-conseguir-hoy-se-estan-perdiendo-c-quintriqueo\/\"},\"author\":{\"name\":\"Mariano Quiroga\",\"@id\":\"https:\/\/www.pressenza.com\/es\/#\/schema\/person\/a0856fe41d8234b92503e6b28dc2585e\"},\"headline\":\"\u00abEs necesario activar y asumir el compromiso para cambiar la realidad y restituir derechos que se supieron conseguir y hoy se est\u00e1n perdiendo\u00bb C. Quintriqueo\",\"datePublished\":\"2017-06-18T02:11:43+00:00\",\"mainEntityOfPage\":{\"@id\":\"https:\/\/www.pressenza.com\/es\/2017\/06\/necesario-activar-asumir-compromiso-cambiar-la-realidad-restituir-derechos-se-supieron-conseguir-hoy-se-estan-perdiendo-c-quintriqueo\/\"},\"wordCount\":1530,\"publisher\":{\"@id\":\"https:\/\/www.pressenza.com\/es\/#organization\"},\"image\":{\"@id\":\"https:\/\/www.pressenza.com\/es\/2017\/06\/necesario-activar-asumir-compromiso-cambiar-la-realidad-restituir-derechos-se-supieron-conseguir-hoy-se-estan-perdiendo-c-quintriqueo\/#primaryimage\"},\"thumbnailUrl\":\"https:\/\/www.pressenza.com\/wp-content\/uploads\/2017\/06\/carlos_quintriqueo_neuquen.jpg\",\"keywords\":[\"ajuste\",\"Argentina\",\"ATE\",\"despidocracia\",\"Neuqu\u00e9n\",\"represi\u00f3n\"],\"articleSection\":[\"Contenido Original\",\"Derechos Humanos\",\"Entrevistas\",\"Pol\u00edtica\",\"Radio\",\"Sudam\u00e9rica\"],\"inLanguage\":\"es\"},{\"@type\":\"WebPage\",\"@id\":\"https:\/\/www.pressenza.com\/es\/2017\/06\/necesario-activar-asumir-compromiso-cambiar-la-realidad-restituir-derechos-se-supieron-conseguir-hoy-se-estan-perdiendo-c-quintriqueo\/\",\"url\":\"https:\/\/www.pressenza.com\/es\/2017\/06\/necesario-activar-asumir-compromiso-cambiar-la-realidad-restituir-derechos-se-supieron-conseguir-hoy-se-estan-perdiendo-c-quintriqueo\/\",\"name\":\"\\\"Es necesario activar y asumir el compromiso para cambiar la realidad y restituir derechos que se supieron conseguir y hoy se est\u00e1n perdiendo\\\" C. Quintriqueo\",\"isPartOf\":{\"@id\":\"https:\/\/www.pressenza.com\/es\/#website\"},\"primaryImageOfPage\":{\"@id\":\"https:\/\/www.pressenza.com\/es\/2017\/06\/necesario-activar-asumir-compromiso-cambiar-la-realidad-restituir-derechos-se-supieron-conseguir-hoy-se-estan-perdiendo-c-quintriqueo\/#primaryimage\"},\"image\":{\"@id\":\"https:\/\/www.pressenza.com\/es\/2017\/06\/necesario-activar-asumir-compromiso-cambiar-la-realidad-restituir-derechos-se-supieron-conseguir-hoy-se-estan-perdiendo-c-quintriqueo\/#primaryimage\"},\"thumbnailUrl\":\"https:\/\/www.pressenza.com\/wp-content\/uploads\/2017\/06\/carlos_quintriqueo_neuquen.jpg\",\"datePublished\":\"2017-06-18T02:11:43+00:00\",\"description\":\"Mariano Quiroga: No ha tenido demasiada cobertura medi\u00e1tica aqu\u00ed en Buenos Aires. Tenemos que hacer un esfuerzo para enterarnos de lo que pasa en el\",\"breadcrumb\":{\"@id\":\"https:\/\/www.pressenza.com\/es\/2017\/06\/necesario-activar-asumir-compromiso-cambiar-la-realidad-restituir-derechos-se-supieron-conseguir-hoy-se-estan-perdiendo-c-quintriqueo\/#breadcrumb\"},\"inLanguage\":\"es\",\"potentialAction\":[{\"@type\":\"ReadAction\",\"target\":[\"https:\/\/www.pressenza.com\/es\/2017\/06\/necesario-activar-asumir-compromiso-cambiar-la-realidad-restituir-derechos-se-supieron-conseguir-hoy-se-estan-perdiendo-c-quintriqueo\/\"]}]},{\"@type\":\"ImageObject\",\"inLanguage\":\"es\",\"@id\":\"https:\/\/www.pressenza.com\/es\/2017\/06\/necesario-activar-asumir-compromiso-cambiar-la-realidad-restituir-derechos-se-supieron-conseguir-hoy-se-estan-perdiendo-c-quintriqueo\/#primaryimage\",\"url\":\"https:\/\/www.pressenza.com\/wp-content\/uploads\/2017\/06\/carlos_quintriqueo_neuquen.jpg\",\"contentUrl\":\"https:\/\/www.pressenza.com\/wp-content\/uploads\/2017\/06\/carlos_quintriqueo_neuquen.jpg\",\"width\":800,\"height\":533},{\"@type\":\"BreadcrumbList\",\"@id\":\"https:\/\/www.pressenza.com\/es\/2017\/06\/necesario-activar-asumir-compromiso-cambiar-la-realidad-restituir-derechos-se-supieron-conseguir-hoy-se-estan-perdiendo-c-quintriqueo\/#breadcrumb\",\"itemListElement\":[{\"@type\":\"ListItem\",\"position\":1,\"name\":\"Accueil\",\"item\":\"https:\/\/www.pressenza.com\/es\/\"},{\"@type\":\"ListItem\",\"position\":2,\"name\":\"\u00abEs necesario activar y asumir el compromiso para cambiar la realidad y restituir derechos que se supieron conseguir y hoy se est\u00e1n perdiendo\u00bb C. Quintriqueo\"}]},{\"@type\":\"WebSite\",\"@id\":\"https:\/\/www.pressenza.com\/es\/#website\",\"url\":\"https:\/\/www.pressenza.com\/es\/\",\"name\":\"Pressenza\",\"description\":\"International Press Agency\",\"publisher\":{\"@id\":\"https:\/\/www.pressenza.com\/es\/#organization\"},\"potentialAction\":[{\"@type\":\"SearchAction\",\"target\":{\"@type\":\"EntryPoint\",\"urlTemplate\":\"https:\/\/www.pressenza.com\/es\/?s={search_term_string}\"},\"query-input\":{\"@type\":\"PropertyValueSpecification\",\"valueRequired\":true,\"valueName\":\"search_term_string\"}}],\"inLanguage\":\"es\"},{\"@type\":\"Organization\",\"@id\":\"https:\/\/www.pressenza.com\/es\/#organization\",\"name\":\"Pressenza\",\"url\":\"https:\/\/www.pressenza.com\/es\/\",\"logo\":{\"@type\":\"ImageObject\",\"inLanguage\":\"es\",\"@id\":\"https:\/\/www.pressenza.com\/es\/#\/schema\/logo\/image\/\",\"url\":\"https:\/\/www.pressenza.com\/wp-content\/uploads\/2022\/10\/pressenza_logo_200x200.jpg\",\"contentUrl\":\"https:\/\/www.pressenza.com\/wp-content\/uploads\/2022\/10\/pressenza_logo_200x200.jpg\",\"width\":200,\"height\":200,\"caption\":\"Pressenza\"},\"image\":{\"@id\":\"https:\/\/www.pressenza.com\/es\/#\/schema\/logo\/image\/\"},\"sameAs\":[\"https:\/\/www.facebook.com\/PressenzaItalia\",\"https:\/\/x.com\/PressenzaIPA\"]},{\"@type\":\"Person\",\"@id\":\"https:\/\/www.pressenza.com\/es\/#\/schema\/person\/a0856fe41d8234b92503e6b28dc2585e\",\"name\":\"Mariano Quiroga\",\"description\":\"Born in Buenos Aires, Argentina, in 1976, Mariano is a journalist, poet and international editor for Pressenza. His career includes publications in different countries and languages. Currently he is presenter on radio programmes in Ecuador and Argentina. A humanist communicator specialising in international politics, his vocation has led him to seek to build bridges that allow relationships to be made between data, events, people and contexts in order to create an inclusive look that synthesises the noblest searches for social justice and humanisation of the planet.\",\"sameAs\":[\"https:\/\/www.facebook.com\/mariano.quiroga.779\",\"https:\/\/x.com\/MaruchoQuiroga\"],\"url\":\"https:\/\/www.pressenza.com\/es\/author\/mariano-quiroga\/\"}]}<\/script>\n<!-- \/ Yoast SEO plugin. -->","yoast_head_json":{"title":"\"Es necesario activar y asumir el compromiso para cambiar la realidad y restituir derechos que se supieron conseguir y hoy se est\u00e1n perdiendo\" C. Quintriqueo","description":"Mariano Quiroga: No ha tenido demasiada cobertura medi\u00e1tica aqu\u00ed en Buenos Aires. Tenemos que hacer un esfuerzo para enterarnos de lo que pasa en el","robots":{"index":"index","follow":"follow","max-snippet":"max-snippet:-1","max-image-preview":"max-image-preview:large","max-video-preview":"max-video-preview:-1"},"canonical":"https:\/\/www.pressenza.com\/es\/2017\/06\/necesario-activar-asumir-compromiso-cambiar-la-realidad-restituir-derechos-se-supieron-conseguir-hoy-se-estan-perdiendo-c-quintriqueo\/","og_locale":"es_ES","og_type":"article","og_title":"\"Es necesario activar y asumir el compromiso para cambiar la realidad y restituir derechos que se supieron conseguir y hoy se est\u00e1n perdiendo\" C. Quintriqueo","og_description":"Mariano Quiroga: No ha tenido demasiada cobertura medi\u00e1tica aqu\u00ed en Buenos Aires. Tenemos que hacer un esfuerzo para enterarnos de lo que pasa en el","og_url":"https:\/\/www.pressenza.com\/es\/2017\/06\/necesario-activar-asumir-compromiso-cambiar-la-realidad-restituir-derechos-se-supieron-conseguir-hoy-se-estan-perdiendo-c-quintriqueo\/","og_site_name":"Pressenza","article_publisher":"https:\/\/www.facebook.com\/PressenzaItalia","article_author":"https:\/\/www.facebook.com\/mariano.quiroga.779","article_published_time":"2017-06-18T02:11:43+00:00","og_image":[{"width":800,"height":533,"url":"https:\/\/www.pressenza.com\/wp-content\/uploads\/2017\/06\/carlos_quintriqueo_neuquen.jpg","type":"image\/jpeg"}],"author":"Mariano Quiroga","twitter_card":"summary_large_image","twitter_creator":"@MaruchoQuiroga","twitter_site":"@PressenzaIPA","twitter_misc":{"Escrito por":"Mariano Quiroga","Tiempo de lectura":"8 minutos"},"schema":{"@context":"https:\/\/schema.org","@graph":[{"@type":"Article","@id":"https:\/\/www.pressenza.com\/es\/2017\/06\/necesario-activar-asumir-compromiso-cambiar-la-realidad-restituir-derechos-se-supieron-conseguir-hoy-se-estan-perdiendo-c-quintriqueo\/#article","isPartOf":{"@id":"https:\/\/www.pressenza.com\/es\/2017\/06\/necesario-activar-asumir-compromiso-cambiar-la-realidad-restituir-derechos-se-supieron-conseguir-hoy-se-estan-perdiendo-c-quintriqueo\/"},"author":{"name":"Mariano Quiroga","@id":"https:\/\/www.pressenza.com\/es\/#\/schema\/person\/a0856fe41d8234b92503e6b28dc2585e"},"headline":"\u00abEs necesario activar y asumir el compromiso para cambiar la realidad y restituir derechos que se supieron conseguir y hoy se est\u00e1n perdiendo\u00bb C. Quintriqueo","datePublished":"2017-06-18T02:11:43+00:00","mainEntityOfPage":{"@id":"https:\/\/www.pressenza.com\/es\/2017\/06\/necesario-activar-asumir-compromiso-cambiar-la-realidad-restituir-derechos-se-supieron-conseguir-hoy-se-estan-perdiendo-c-quintriqueo\/"},"wordCount":1530,"publisher":{"@id":"https:\/\/www.pressenza.com\/es\/#organization"},"image":{"@id":"https:\/\/www.pressenza.com\/es\/2017\/06\/necesario-activar-asumir-compromiso-cambiar-la-realidad-restituir-derechos-se-supieron-conseguir-hoy-se-estan-perdiendo-c-quintriqueo\/#primaryimage"},"thumbnailUrl":"https:\/\/www.pressenza.com\/wp-content\/uploads\/2017\/06\/carlos_quintriqueo_neuquen.jpg","keywords":["ajuste","Argentina","ATE","despidocracia","Neuqu\u00e9n","represi\u00f3n"],"articleSection":["Contenido Original","Derechos Humanos","Entrevistas","Pol\u00edtica","Radio","Sudam\u00e9rica"],"inLanguage":"es"},{"@type":"WebPage","@id":"https:\/\/www.pressenza.com\/es\/2017\/06\/necesario-activar-asumir-compromiso-cambiar-la-realidad-restituir-derechos-se-supieron-conseguir-hoy-se-estan-perdiendo-c-quintriqueo\/","url":"https:\/\/www.pressenza.com\/es\/2017\/06\/necesario-activar-asumir-compromiso-cambiar-la-realidad-restituir-derechos-se-supieron-conseguir-hoy-se-estan-perdiendo-c-quintriqueo\/","name":"\"Es necesario activar y asumir el compromiso para cambiar la realidad y restituir derechos que se supieron conseguir y hoy se est\u00e1n perdiendo\" C. Quintriqueo","isPartOf":{"@id":"https:\/\/www.pressenza.com\/es\/#website"},"primaryImageOfPage":{"@id":"https:\/\/www.pressenza.com\/es\/2017\/06\/necesario-activar-asumir-compromiso-cambiar-la-realidad-restituir-derechos-se-supieron-conseguir-hoy-se-estan-perdiendo-c-quintriqueo\/#primaryimage"},"image":{"@id":"https:\/\/www.pressenza.com\/es\/2017\/06\/necesario-activar-asumir-compromiso-cambiar-la-realidad-restituir-derechos-se-supieron-conseguir-hoy-se-estan-perdiendo-c-quintriqueo\/#primaryimage"},"thumbnailUrl":"https:\/\/www.pressenza.com\/wp-content\/uploads\/2017\/06\/carlos_quintriqueo_neuquen.jpg","datePublished":"2017-06-18T02:11:43+00:00","description":"Mariano Quiroga: No ha tenido demasiada cobertura medi\u00e1tica aqu\u00ed en Buenos Aires. Tenemos que hacer un esfuerzo para enterarnos de lo que pasa en el","breadcrumb":{"@id":"https:\/\/www.pressenza.com\/es\/2017\/06\/necesario-activar-asumir-compromiso-cambiar-la-realidad-restituir-derechos-se-supieron-conseguir-hoy-se-estan-perdiendo-c-quintriqueo\/#breadcrumb"},"inLanguage":"es","potentialAction":[{"@type":"ReadAction","target":["https:\/\/www.pressenza.com\/es\/2017\/06\/necesario-activar-asumir-compromiso-cambiar-la-realidad-restituir-derechos-se-supieron-conseguir-hoy-se-estan-perdiendo-c-quintriqueo\/"]}]},{"@type":"ImageObject","inLanguage":"es","@id":"https:\/\/www.pressenza.com\/es\/2017\/06\/necesario-activar-asumir-compromiso-cambiar-la-realidad-restituir-derechos-se-supieron-conseguir-hoy-se-estan-perdiendo-c-quintriqueo\/#primaryimage","url":"https:\/\/www.pressenza.com\/wp-content\/uploads\/2017\/06\/carlos_quintriqueo_neuquen.jpg","contentUrl":"https:\/\/www.pressenza.com\/wp-content\/uploads\/2017\/06\/carlos_quintriqueo_neuquen.jpg","width":800,"height":533},{"@type":"BreadcrumbList","@id":"https:\/\/www.pressenza.com\/es\/2017\/06\/necesario-activar-asumir-compromiso-cambiar-la-realidad-restituir-derechos-se-supieron-conseguir-hoy-se-estan-perdiendo-c-quintriqueo\/#breadcrumb","itemListElement":[{"@type":"ListItem","position":1,"name":"Accueil","item":"https:\/\/www.pressenza.com\/es\/"},{"@type":"ListItem","position":2,"name":"\u00abEs necesario activar y asumir el compromiso para cambiar la realidad y restituir derechos que se supieron conseguir y hoy se est\u00e1n perdiendo\u00bb C. Quintriqueo"}]},{"@type":"WebSite","@id":"https:\/\/www.pressenza.com\/es\/#website","url":"https:\/\/www.pressenza.com\/es\/","name":"Pressenza","description":"International Press Agency","publisher":{"@id":"https:\/\/www.pressenza.com\/es\/#organization"},"potentialAction":[{"@type":"SearchAction","target":{"@type":"EntryPoint","urlTemplate":"https:\/\/www.pressenza.com\/es\/?s={search_term_string}"},"query-input":{"@type":"PropertyValueSpecification","valueRequired":true,"valueName":"search_term_string"}}],"inLanguage":"es"},{"@type":"Organization","@id":"https:\/\/www.pressenza.com\/es\/#organization","name":"Pressenza","url":"https:\/\/www.pressenza.com\/es\/","logo":{"@type":"ImageObject","inLanguage":"es","@id":"https:\/\/www.pressenza.com\/es\/#\/schema\/logo\/image\/","url":"https:\/\/www.pressenza.com\/wp-content\/uploads\/2022\/10\/pressenza_logo_200x200.jpg","contentUrl":"https:\/\/www.pressenza.com\/wp-content\/uploads\/2022\/10\/pressenza_logo_200x200.jpg","width":200,"height":200,"caption":"Pressenza"},"image":{"@id":"https:\/\/www.pressenza.com\/es\/#\/schema\/logo\/image\/"},"sameAs":["https:\/\/www.facebook.com\/PressenzaItalia","https:\/\/x.com\/PressenzaIPA"]},{"@type":"Person","@id":"https:\/\/www.pressenza.com\/es\/#\/schema\/person\/a0856fe41d8234b92503e6b28dc2585e","name":"Mariano Quiroga","description":"Born in Buenos Aires, Argentina, in 1976, Mariano is a journalist, poet and international editor for Pressenza. His career includes publications in different countries and languages. Currently he is presenter on radio programmes in Ecuador and Argentina. A humanist communicator specialising in international politics, his vocation has led him to seek to build bridges that allow relationships to be made between data, events, people and contexts in order to create an inclusive look that synthesises the noblest searches for social justice and humanisation of the planet.","sameAs":["https:\/\/www.facebook.com\/mariano.quiroga.779","https:\/\/x.com\/MaruchoQuiroga"],"url":"https:\/\/www.pressenza.com\/es\/author\/mariano-quiroga\/"}]}},"place":"Neuqu\u00e9n, Argentina","original_article_url":"","_links":{"self":[{"href":"https:\/\/www.pressenza.com\/es\/wp-json\/wp\/v2\/posts\/479821","targetHints":{"allow":["GET"]}}],"collection":[{"href":"https:\/\/www.pressenza.com\/es\/wp-json\/wp\/v2\/posts"}],"about":[{"href":"https:\/\/www.pressenza.com\/es\/wp-json\/wp\/v2\/types\/post"}],"author":[{"embeddable":true,"href":"https:\/\/www.pressenza.com\/es\/wp-json\/wp\/v2\/users\/96"}],"replies":[{"embeddable":true,"href":"https:\/\/www.pressenza.com\/es\/wp-json\/wp\/v2\/comments?post=479821"}],"version-history":[{"count":0,"href":"https:\/\/www.pressenza.com\/es\/wp-json\/wp\/v2\/posts\/479821\/revisions"}],"wp:featuredmedia":[{"embeddable":true,"href":"https:\/\/www.pressenza.com\/es\/wp-json\/wp\/v2\/media\/479822"}],"wp:attachment":[{"href":"https:\/\/www.pressenza.com\/es\/wp-json\/wp\/v2\/media?parent=479821"}],"wp:term":[{"taxonomy":"category","embeddable":true,"href":"https:\/\/www.pressenza.com\/es\/wp-json\/wp\/v2\/categories?post=479821"},{"taxonomy":"post_tag","embeddable":true,"href":"https:\/\/www.pressenza.com\/es\/wp-json\/wp\/v2\/tags?post=479821"}],"curies":[{"name":"wp","href":"https:\/\/api.w.org\/{rel}","templated":true}]}}