{"id":47732,"date":"2013-04-14T20:59:03","date_gmt":"2013-04-14T19:59:03","guid":{"rendered":"http:\/\/www.pressenza.com\/?p=47732"},"modified":"2013-04-15T13:39:27","modified_gmt":"2013-04-15T12:39:27","slug":"estudiantes-chilenos-convocan-a-una-nueva-marcha-nacional-el-8-de-mayo","status":"publish","type":"post","link":"https:\/\/www.pressenza.com\/es\/2013\/04\/estudiantes-chilenos-convocan-a-una-nueva-marcha-nacional-el-8-de-mayo\/","title":{"rendered":"Estudiantes chilenos convocan a una nueva marcha nacional el 8 de mayo"},"content":{"rendered":"<p>La Federaci\u00f3n de Estudiantes de la Universidad de Chile (Fech) y la Confederaci\u00f3n de Estudiantes de Chile (Confech) convocaron a una nueva marcha nacional para el pr\u00f3ximo 8 de mayo, para volver a reclamar cambios estructurales en el proceso educativo y el fin del lucro en la ense\u00f1anza.<\/p>\n<p>\u00abEntendiendo que es un a\u00f1o electoral, el movimiento estudiantil tiene que permanecer tremendamente vivo\u00bb, dijo a radio Cooperativa Andr\u00e9s Fielbaum, presidente de la Fech y vocero de la Confech.<\/p>\n<p>La \u00faltima movilizaci\u00f3n se realiz\u00f3 el jueves de esta semana y reuni\u00f3 a unas 150.000 personas en Santiago, a las que se sumaron otros manifestantes en las regiones de Valpara\u00edso y Concepci\u00f3n.<\/p>\n<p>La reactivaci\u00f3n del largo conflicto educativo de Chile coincide ahora con el arranque de la campa\u00f1a para las elecciones presidenciales y parlamentarias de noviembre pr\u00f3ximo y ante la decisi\u00f3n que debe adoptar en los pr\u00f3ximos d\u00edas el Senado sobre la suspensi\u00f3n del ministro de Educaci\u00f3n, Harald Beyer.<\/p>\n<p>Fielbaum consider\u00f3 que el ministro Beyer debiera ser destituido por el Senado, por haberse convertido \u00aben el principal c\u00f3mplice del lucro\u00bb, pero subray\u00f3 que los estudiantes seguir\u00e1n movilizados cualquiera que sea la decisi\u00f3n del Senado, \u00abporque nuestras movilizaciones son contra un modelo, no contra un ministro\u00bb.<\/p>\n<p>Los estudiantes, que han llamado a los candidatos y partidos a \u00abno apropiarse\u00bb de sus propuestas, no analizaron en su reuni\u00f3n los planteamientos que los distintos candidatos han hecho sobre educaci\u00f3n, porque lo que importa \u00abes seguir con el proceso que hemos mantenido\u00bb.<\/p>\n<p>La protesta estudiantil estall\u00f3 en 2011, a\u00f1o en que pusieron en jaque al gobierno de Sebasti\u00e1n Pi\u00f1era, la gratuidad y el fin del lucro en la educaci\u00f3n, un cambio estructural de la ense\u00f1anza en su conjunto y no m\u00e1s cierres de escuelas y liceos p\u00fablicos, entre otras reivindicaciones.<\/p>\n<p>La nueva convocatoria fue decidida en una reuni\u00f3n que la Confech celebr\u00f3 este fin de semana en la sure\u00f1a regi\u00f3n de La Araucan\u00eda, en la que se evalu\u00f3 positivamente la marcha nacional del pasado 11 de abril, que reuni\u00f3 a 150.000 manifestantes en Santiago, seg\u00fan los estudiantes, y a 80.000 mil seg\u00fan las autoridades.<\/p>\n<p>Fielbaum destac\u00f3 \u00abel espaldarazo\u00bb de los estudiantes universitarios y secundarios de todo Chile y reiter\u00f3 que \u00abcon la convicci\u00f3n a tope, debemos mantenernos movilizados\u00bb.<\/p>\n<p>Tambi\u00e9n los dirigentes estudiantiles acordaron unirse a una Marcha Nacional por el Agua convocada para el pr\u00f3ximo 22 de abril y a las manifestaciones por el D\u00eda de los Trabajadores, el 1 de mayo.<\/p>\n","protected":false},"excerpt":{"rendered":"<p>La Federaci\u00f3n de Estudiantes de la Universidad de Chile (Fech) y la Confederaci\u00f3n de Estudiantes de Chile (Confech) convocaron a una nueva marcha nacional para el pr\u00f3ximo 8 de mayo, para volver a reclamar cambios estructurales en el proceso educativo&hellip;<\/p>\n","protected":false},"author":494,"featured_media":47835,"comment_status":"closed","ping_status":"open","sticky":false,"template":"","format":"standard","meta":{"footnotes":""},"categories":[1230,67],"tags":[393,394],"class_list":["post-47732","post","type-post","status-publish","format-standard","has-post-thumbnail","hentry","category-educacion-tema","category-sudamerica","tag-educacion","tag-protestas-sociales"],"yoast_head":"<!-- This site is optimized with the Yoast SEO plugin v27.1.1 - https:\/\/yoast.com\/product\/yoast-seo-wordpress\/ -->\n<title>Estudiantes chilenos convocan a una nueva marcha nacional el 8 de mayo<\/title>\n<meta name=\"description\" content=\"La Federaci\u00f3n de Estudiantes de la Universidad de Chile (Fech) y la Confederaci\u00f3n de Estudiantes de Chile (Confech) convocaron a una nueva marcha nacional\" \/>\n<meta name=\"robots\" content=\"index, follow, max-snippet:-1, max-image-preview:large, max-video-preview:-1\" \/>\n<link rel=\"canonical\" href=\"https:\/\/www.pressenza.com\/es\/2013\/04\/estudiantes-chilenos-convocan-a-una-nueva-marcha-nacional-el-8-de-mayo\/\" \/>\n<meta property=\"og:locale\" content=\"es_ES\" \/>\n<meta property=\"og:type\" content=\"article\" \/>\n<meta property=\"og:title\" content=\"Estudiantes chilenos convocan a una nueva marcha nacional el 8 de mayo\" \/>\n<meta property=\"og:description\" content=\"La Federaci\u00f3n de Estudiantes de la Universidad de Chile (Fech) y la Confederaci\u00f3n de Estudiantes de Chile (Confech) convocaron a una nueva marcha nacional\" \/>\n<meta property=\"og:url\" content=\"https:\/\/www.pressenza.com\/es\/2013\/04\/estudiantes-chilenos-convocan-a-una-nueva-marcha-nacional-el-8-de-mayo\/\" \/>\n<meta property=\"og:site_name\" content=\"Pressenza\" \/>\n<meta property=\"article:publisher\" content=\"https:\/\/www.facebook.com\/PressenzaItalia\" \/>\n<meta property=\"article:author\" content=\"https:\/\/www.facebook.com\/AgenciaTELAM\" \/>\n<meta property=\"article:published_time\" content=\"2013-04-14T19:59:03+00:00\" \/>\n<meta property=\"article:modified_time\" content=\"2013-04-15T12:39:27+00:00\" \/>\n<meta property=\"og:image\" content=\"https:\/\/www.pressenza.com\/wp-content\/uploads\/2013\/04\/Andr\u00e9s-Fielbaum.jpg\" \/>\n\t<meta property=\"og:image:width\" content=\"638\" \/>\n\t<meta property=\"og:image:height\" content=\"425\" \/>\n\t<meta property=\"og:image:type\" content=\"image\/jpeg\" \/>\n<meta name=\"author\" content=\"T\u00e9lam - Agencia Nacional de Noticias de la Rep\u00fablica Argentina\" \/>\n<meta name=\"twitter:card\" content=\"summary_large_image\" \/>\n<meta name=\"twitter:creator\" content=\"@AgenciaTelam\" \/>\n<meta name=\"twitter:site\" content=\"@PressenzaIPA\" \/>\n<meta name=\"twitter:label1\" content=\"Escrito por\" \/>\n\t<meta name=\"twitter:data1\" content=\"T\u00e9lam - Agencia Nacional de Noticias de la Rep\u00fablica Argentina\" \/>\n\t<meta name=\"twitter:label2\" content=\"Tiempo de lectura\" \/>\n\t<meta name=\"twitter:data2\" content=\"2 minutos\" \/>\n<script type=\"application\/ld+json\" class=\"yoast-schema-graph\">{\"@context\":\"https:\/\/schema.org\",\"@graph\":[{\"@type\":\"Article\",\"@id\":\"https:\/\/www.pressenza.com\/es\/2013\/04\/estudiantes-chilenos-convocan-a-una-nueva-marcha-nacional-el-8-de-mayo\/#article\",\"isPartOf\":{\"@id\":\"https:\/\/www.pressenza.com\/es\/2013\/04\/estudiantes-chilenos-convocan-a-una-nueva-marcha-nacional-el-8-de-mayo\/\"},\"author\":{\"name\":\"T\u00e9lam - Agencia Nacional de Noticias de la Rep\u00fablica Argentina\",\"@id\":\"https:\/\/www.pressenza.com\/es\/#\/schema\/person\/f1a879435e38cd8f69eac14ebf21489e\"},\"headline\":\"Estudiantes chilenos convocan a una nueva marcha nacional el 8 de mayo\",\"datePublished\":\"2013-04-14T19:59:03+00:00\",\"dateModified\":\"2013-04-15T12:39:27+00:00\",\"mainEntityOfPage\":{\"@id\":\"https:\/\/www.pressenza.com\/es\/2013\/04\/estudiantes-chilenos-convocan-a-una-nueva-marcha-nacional-el-8-de-mayo\/\"},\"wordCount\":447,\"publisher\":{\"@id\":\"https:\/\/www.pressenza.com\/es\/#organization\"},\"image\":{\"@id\":\"https:\/\/www.pressenza.com\/es\/2013\/04\/estudiantes-chilenos-convocan-a-una-nueva-marcha-nacional-el-8-de-mayo\/#primaryimage\"},\"thumbnailUrl\":\"https:\/\/www.pressenza.com\/wp-content\/uploads\/2013\/04\/Andr\u00e9s-Fielbaum.jpg\",\"keywords\":[\"Educaci\u00f3n\",\"protestas sociales\"],\"articleSection\":[\"Educaci\u00f3n\",\"Sudam\u00e9rica\"],\"inLanguage\":\"es\"},{\"@type\":\"WebPage\",\"@id\":\"https:\/\/www.pressenza.com\/es\/2013\/04\/estudiantes-chilenos-convocan-a-una-nueva-marcha-nacional-el-8-de-mayo\/\",\"url\":\"https:\/\/www.pressenza.com\/es\/2013\/04\/estudiantes-chilenos-convocan-a-una-nueva-marcha-nacional-el-8-de-mayo\/\",\"name\":\"Estudiantes chilenos convocan a una nueva marcha nacional el 8 de mayo\",\"isPartOf\":{\"@id\":\"https:\/\/www.pressenza.com\/es\/#website\"},\"primaryImageOfPage\":{\"@id\":\"https:\/\/www.pressenza.com\/es\/2013\/04\/estudiantes-chilenos-convocan-a-una-nueva-marcha-nacional-el-8-de-mayo\/#primaryimage\"},\"image\":{\"@id\":\"https:\/\/www.pressenza.com\/es\/2013\/04\/estudiantes-chilenos-convocan-a-una-nueva-marcha-nacional-el-8-de-mayo\/#primaryimage\"},\"thumbnailUrl\":\"https:\/\/www.pressenza.com\/wp-content\/uploads\/2013\/04\/Andr\u00e9s-Fielbaum.jpg\",\"datePublished\":\"2013-04-14T19:59:03+00:00\",\"dateModified\":\"2013-04-15T12:39:27+00:00\",\"description\":\"La Federaci\u00f3n de Estudiantes de la Universidad de Chile (Fech) y la Confederaci\u00f3n de Estudiantes de Chile (Confech) convocaron a una nueva marcha nacional\",\"breadcrumb\":{\"@id\":\"https:\/\/www.pressenza.com\/es\/2013\/04\/estudiantes-chilenos-convocan-a-una-nueva-marcha-nacional-el-8-de-mayo\/#breadcrumb\"},\"inLanguage\":\"es\",\"potentialAction\":[{\"@type\":\"ReadAction\",\"target\":[\"https:\/\/www.pressenza.com\/es\/2013\/04\/estudiantes-chilenos-convocan-a-una-nueva-marcha-nacional-el-8-de-mayo\/\"]}]},{\"@type\":\"ImageObject\",\"inLanguage\":\"es\",\"@id\":\"https:\/\/www.pressenza.com\/es\/2013\/04\/estudiantes-chilenos-convocan-a-una-nueva-marcha-nacional-el-8-de-mayo\/#primaryimage\",\"url\":\"https:\/\/www.pressenza.com\/wp-content\/uploads\/2013\/04\/Andr\u00e9s-Fielbaum.jpg\",\"contentUrl\":\"https:\/\/www.pressenza.com\/wp-content\/uploads\/2013\/04\/Andr\u00e9s-Fielbaum.jpg\",\"width\":638,\"height\":425},{\"@type\":\"BreadcrumbList\",\"@id\":\"https:\/\/www.pressenza.com\/es\/2013\/04\/estudiantes-chilenos-convocan-a-una-nueva-marcha-nacional-el-8-de-mayo\/#breadcrumb\",\"itemListElement\":[{\"@type\":\"ListItem\",\"position\":1,\"name\":\"Accueil\",\"item\":\"https:\/\/www.pressenza.com\/es\/\"},{\"@type\":\"ListItem\",\"position\":2,\"name\":\"Estudiantes chilenos convocan a una nueva marcha nacional el 8 de mayo\"}]},{\"@type\":\"WebSite\",\"@id\":\"https:\/\/www.pressenza.com\/es\/#website\",\"url\":\"https:\/\/www.pressenza.com\/es\/\",\"name\":\"Pressenza\",\"description\":\"International Press Agency\",\"publisher\":{\"@id\":\"https:\/\/www.pressenza.com\/es\/#organization\"},\"potentialAction\":[{\"@type\":\"SearchAction\",\"target\":{\"@type\":\"EntryPoint\",\"urlTemplate\":\"https:\/\/www.pressenza.com\/es\/?s={search_term_string}\"},\"query-input\":{\"@type\":\"PropertyValueSpecification\",\"valueRequired\":true,\"valueName\":\"search_term_string\"}}],\"inLanguage\":\"es\"},{\"@type\":\"Organization\",\"@id\":\"https:\/\/www.pressenza.com\/es\/#organization\",\"name\":\"Pressenza\",\"url\":\"https:\/\/www.pressenza.com\/es\/\",\"logo\":{\"@type\":\"ImageObject\",\"inLanguage\":\"es\",\"@id\":\"https:\/\/www.pressenza.com\/es\/#\/schema\/logo\/image\/\",\"url\":\"https:\/\/www.pressenza.com\/wp-content\/uploads\/2022\/10\/pressenza_logo_200x200.jpg\",\"contentUrl\":\"https:\/\/www.pressenza.com\/wp-content\/uploads\/2022\/10\/pressenza_logo_200x200.jpg\",\"width\":200,\"height\":200,\"caption\":\"Pressenza\"},\"image\":{\"@id\":\"https:\/\/www.pressenza.com\/es\/#\/schema\/logo\/image\/\"},\"sameAs\":[\"https:\/\/www.facebook.com\/PressenzaItalia\",\"https:\/\/x.com\/PressenzaIPA\"]},{\"@type\":\"Person\",\"@id\":\"https:\/\/www.pressenza.com\/es\/#\/schema\/person\/f1a879435e38cd8f69eac14ebf21489e\",\"name\":\"T\u00e9lam - Agencia Nacional de Noticias de la Rep\u00fablica Argentina\",\"description\":\"T\u00e9lam es una de las grandes agencias de noticias a nivel regional. El prestigio, acceso a fuentes oficiales, la cobertura en todo el territorio nacional y corresponsal\u00edas en el exterior; y la responsabilidad en el tratamiento informativo son caracter\u00edsticas que colocan a T\u00e9lam en referente period\u00edstico confiable y cre\u00edble en el pa\u00eds y en el mundo. Sostiene un servicio actualizado, detallado y original en diversos formatos, las 24 horas del d\u00eda, todos los d\u00edas del a\u00f1o. Es l\u00edder en el mercado nacional y sostiene alianzas a nivel regional y mundial que le permiten expandir los servicios period\u00edsticos. Suministra sus productos v\u00eda on line, tanto a nivel local como internacional. En la actualidad, la Agencia suma a sus servicios tradicionales, nuevos desaf\u00edos a partir de la realizaci\u00f3n de producciones multimedia para diversas plataformas. www.telam.com.ar\",\"sameAs\":[\"https:\/\/www.facebook.com\/AgenciaTELAM\",\"https:\/\/x.com\/AgenciaTelam\"],\"url\":\"https:\/\/www.pressenza.com\/es\/author\/telam\/\"}]}<\/script>\n<!-- \/ Yoast SEO plugin. -->","yoast_head_json":{"title":"Estudiantes chilenos convocan a una nueva marcha nacional el 8 de mayo","description":"La Federaci\u00f3n de Estudiantes de la Universidad de Chile (Fech) y la Confederaci\u00f3n de Estudiantes de Chile (Confech) convocaron a una nueva marcha nacional","robots":{"index":"index","follow":"follow","max-snippet":"max-snippet:-1","max-image-preview":"max-image-preview:large","max-video-preview":"max-video-preview:-1"},"canonical":"https:\/\/www.pressenza.com\/es\/2013\/04\/estudiantes-chilenos-convocan-a-una-nueva-marcha-nacional-el-8-de-mayo\/","og_locale":"es_ES","og_type":"article","og_title":"Estudiantes chilenos convocan a una nueva marcha nacional el 8 de mayo","og_description":"La Federaci\u00f3n de Estudiantes de la Universidad de Chile (Fech) y la Confederaci\u00f3n de Estudiantes de Chile (Confech) convocaron a una nueva marcha nacional","og_url":"https:\/\/www.pressenza.com\/es\/2013\/04\/estudiantes-chilenos-convocan-a-una-nueva-marcha-nacional-el-8-de-mayo\/","og_site_name":"Pressenza","article_publisher":"https:\/\/www.facebook.com\/PressenzaItalia","article_author":"https:\/\/www.facebook.com\/AgenciaTELAM","article_published_time":"2013-04-14T19:59:03+00:00","article_modified_time":"2013-04-15T12:39:27+00:00","og_image":[{"width":638,"height":425,"url":"https:\/\/www.pressenza.com\/wp-content\/uploads\/2013\/04\/Andr\u00e9s-Fielbaum.jpg","type":"image\/jpeg"}],"author":"T\u00e9lam - Agencia Nacional de Noticias de la Rep\u00fablica Argentina","twitter_card":"summary_large_image","twitter_creator":"@AgenciaTelam","twitter_site":"@PressenzaIPA","twitter_misc":{"Escrito por":"T\u00e9lam - Agencia Nacional de Noticias de la Rep\u00fablica Argentina","Tiempo de lectura":"2 minutos"},"schema":{"@context":"https:\/\/schema.org","@graph":[{"@type":"Article","@id":"https:\/\/www.pressenza.com\/es\/2013\/04\/estudiantes-chilenos-convocan-a-una-nueva-marcha-nacional-el-8-de-mayo\/#article","isPartOf":{"@id":"https:\/\/www.pressenza.com\/es\/2013\/04\/estudiantes-chilenos-convocan-a-una-nueva-marcha-nacional-el-8-de-mayo\/"},"author":{"name":"T\u00e9lam - Agencia Nacional de Noticias de la Rep\u00fablica Argentina","@id":"https:\/\/www.pressenza.com\/es\/#\/schema\/person\/f1a879435e38cd8f69eac14ebf21489e"},"headline":"Estudiantes chilenos convocan a una nueva marcha nacional el 8 de mayo","datePublished":"2013-04-14T19:59:03+00:00","dateModified":"2013-04-15T12:39:27+00:00","mainEntityOfPage":{"@id":"https:\/\/www.pressenza.com\/es\/2013\/04\/estudiantes-chilenos-convocan-a-una-nueva-marcha-nacional-el-8-de-mayo\/"},"wordCount":447,"publisher":{"@id":"https:\/\/www.pressenza.com\/es\/#organization"},"image":{"@id":"https:\/\/www.pressenza.com\/es\/2013\/04\/estudiantes-chilenos-convocan-a-una-nueva-marcha-nacional-el-8-de-mayo\/#primaryimage"},"thumbnailUrl":"https:\/\/www.pressenza.com\/wp-content\/uploads\/2013\/04\/Andr\u00e9s-Fielbaum.jpg","keywords":["Educaci\u00f3n","protestas sociales"],"articleSection":["Educaci\u00f3n","Sudam\u00e9rica"],"inLanguage":"es"},{"@type":"WebPage","@id":"https:\/\/www.pressenza.com\/es\/2013\/04\/estudiantes-chilenos-convocan-a-una-nueva-marcha-nacional-el-8-de-mayo\/","url":"https:\/\/www.pressenza.com\/es\/2013\/04\/estudiantes-chilenos-convocan-a-una-nueva-marcha-nacional-el-8-de-mayo\/","name":"Estudiantes chilenos convocan a una nueva marcha nacional el 8 de mayo","isPartOf":{"@id":"https:\/\/www.pressenza.com\/es\/#website"},"primaryImageOfPage":{"@id":"https:\/\/www.pressenza.com\/es\/2013\/04\/estudiantes-chilenos-convocan-a-una-nueva-marcha-nacional-el-8-de-mayo\/#primaryimage"},"image":{"@id":"https:\/\/www.pressenza.com\/es\/2013\/04\/estudiantes-chilenos-convocan-a-una-nueva-marcha-nacional-el-8-de-mayo\/#primaryimage"},"thumbnailUrl":"https:\/\/www.pressenza.com\/wp-content\/uploads\/2013\/04\/Andr\u00e9s-Fielbaum.jpg","datePublished":"2013-04-14T19:59:03+00:00","dateModified":"2013-04-15T12:39:27+00:00","description":"La Federaci\u00f3n de Estudiantes de la Universidad de Chile (Fech) y la Confederaci\u00f3n de Estudiantes de Chile (Confech) convocaron a una nueva marcha nacional","breadcrumb":{"@id":"https:\/\/www.pressenza.com\/es\/2013\/04\/estudiantes-chilenos-convocan-a-una-nueva-marcha-nacional-el-8-de-mayo\/#breadcrumb"},"inLanguage":"es","potentialAction":[{"@type":"ReadAction","target":["https:\/\/www.pressenza.com\/es\/2013\/04\/estudiantes-chilenos-convocan-a-una-nueva-marcha-nacional-el-8-de-mayo\/"]}]},{"@type":"ImageObject","inLanguage":"es","@id":"https:\/\/www.pressenza.com\/es\/2013\/04\/estudiantes-chilenos-convocan-a-una-nueva-marcha-nacional-el-8-de-mayo\/#primaryimage","url":"https:\/\/www.pressenza.com\/wp-content\/uploads\/2013\/04\/Andr\u00e9s-Fielbaum.jpg","contentUrl":"https:\/\/www.pressenza.com\/wp-content\/uploads\/2013\/04\/Andr\u00e9s-Fielbaum.jpg","width":638,"height":425},{"@type":"BreadcrumbList","@id":"https:\/\/www.pressenza.com\/es\/2013\/04\/estudiantes-chilenos-convocan-a-una-nueva-marcha-nacional-el-8-de-mayo\/#breadcrumb","itemListElement":[{"@type":"ListItem","position":1,"name":"Accueil","item":"https:\/\/www.pressenza.com\/es\/"},{"@type":"ListItem","position":2,"name":"Estudiantes chilenos convocan a una nueva marcha nacional el 8 de mayo"}]},{"@type":"WebSite","@id":"https:\/\/www.pressenza.com\/es\/#website","url":"https:\/\/www.pressenza.com\/es\/","name":"Pressenza","description":"International Press Agency","publisher":{"@id":"https:\/\/www.pressenza.com\/es\/#organization"},"potentialAction":[{"@type":"SearchAction","target":{"@type":"EntryPoint","urlTemplate":"https:\/\/www.pressenza.com\/es\/?s={search_term_string}"},"query-input":{"@type":"PropertyValueSpecification","valueRequired":true,"valueName":"search_term_string"}}],"inLanguage":"es"},{"@type":"Organization","@id":"https:\/\/www.pressenza.com\/es\/#organization","name":"Pressenza","url":"https:\/\/www.pressenza.com\/es\/","logo":{"@type":"ImageObject","inLanguage":"es","@id":"https:\/\/www.pressenza.com\/es\/#\/schema\/logo\/image\/","url":"https:\/\/www.pressenza.com\/wp-content\/uploads\/2022\/10\/pressenza_logo_200x200.jpg","contentUrl":"https:\/\/www.pressenza.com\/wp-content\/uploads\/2022\/10\/pressenza_logo_200x200.jpg","width":200,"height":200,"caption":"Pressenza"},"image":{"@id":"https:\/\/www.pressenza.com\/es\/#\/schema\/logo\/image\/"},"sameAs":["https:\/\/www.facebook.com\/PressenzaItalia","https:\/\/x.com\/PressenzaIPA"]},{"@type":"Person","@id":"https:\/\/www.pressenza.com\/es\/#\/schema\/person\/f1a879435e38cd8f69eac14ebf21489e","name":"T\u00e9lam - Agencia Nacional de Noticias de la Rep\u00fablica Argentina","description":"T\u00e9lam es una de las grandes agencias de noticias a nivel regional. El prestigio, acceso a fuentes oficiales, la cobertura en todo el territorio nacional y corresponsal\u00edas en el exterior; y la responsabilidad en el tratamiento informativo son caracter\u00edsticas que colocan a T\u00e9lam en referente period\u00edstico confiable y cre\u00edble en el pa\u00eds y en el mundo. Sostiene un servicio actualizado, detallado y original en diversos formatos, las 24 horas del d\u00eda, todos los d\u00edas del a\u00f1o. Es l\u00edder en el mercado nacional y sostiene alianzas a nivel regional y mundial que le permiten expandir los servicios period\u00edsticos. Suministra sus productos v\u00eda on line, tanto a nivel local como internacional. En la actualidad, la Agencia suma a sus servicios tradicionales, nuevos desaf\u00edos a partir de la realizaci\u00f3n de producciones multimedia para diversas plataformas. www.telam.com.ar","sameAs":["https:\/\/www.facebook.com\/AgenciaTELAM","https:\/\/x.com\/AgenciaTelam"],"url":"https:\/\/www.pressenza.com\/es\/author\/telam\/"}]}},"place":"Santiago de Chile","original_article_url":"","_links":{"self":[{"href":"https:\/\/www.pressenza.com\/es\/wp-json\/wp\/v2\/posts\/47732","targetHints":{"allow":["GET"]}}],"collection":[{"href":"https:\/\/www.pressenza.com\/es\/wp-json\/wp\/v2\/posts"}],"about":[{"href":"https:\/\/www.pressenza.com\/es\/wp-json\/wp\/v2\/types\/post"}],"author":[{"embeddable":true,"href":"https:\/\/www.pressenza.com\/es\/wp-json\/wp\/v2\/users\/494"}],"replies":[{"embeddable":true,"href":"https:\/\/www.pressenza.com\/es\/wp-json\/wp\/v2\/comments?post=47732"}],"version-history":[{"count":0,"href":"https:\/\/www.pressenza.com\/es\/wp-json\/wp\/v2\/posts\/47732\/revisions"}],"wp:featuredmedia":[{"embeddable":true,"href":"https:\/\/www.pressenza.com\/es\/wp-json\/wp\/v2\/media\/47835"}],"wp:attachment":[{"href":"https:\/\/www.pressenza.com\/es\/wp-json\/wp\/v2\/media?parent=47732"}],"wp:term":[{"taxonomy":"category","embeddable":true,"href":"https:\/\/www.pressenza.com\/es\/wp-json\/wp\/v2\/categories?post=47732"},{"taxonomy":"post_tag","embeddable":true,"href":"https:\/\/www.pressenza.com\/es\/wp-json\/wp\/v2\/tags?post=47732"}],"curies":[{"name":"wp","href":"https:\/\/api.w.org\/{rel}","templated":true}]}}