{"id":474614,"date":"2017-06-06T16:01:31","date_gmt":"2017-06-06T15:01:31","guid":{"rendered":"https:\/\/www.pressenza.com\/?p=474614\/"},"modified":"2017-06-06T16:01:31","modified_gmt":"2017-06-06T15:01:31","slug":"presentacion-la-caravana-abriendo-fronteras-melilla-2017","status":"publish","type":"post","link":"https:\/\/www.pressenza.com\/es\/2017\/06\/presentacion-la-caravana-abriendo-fronteras-melilla-2017\/","title":{"rendered":"Presentaci\u00f3n de la Caravana Abriendo Fronteras Melilla 2017"},"content":{"rendered":"<div class=\"col-md-8\">\n<p class=\"ng-binding\">El 14 de julio, la Caravana Abriendo Fronteras estar\u00e1 en Melilla denunciando la pol\u00edtica de fronteras, la falta de derechos humanos en la Frontera Sur de Europa.<\/p>\n<p class=\"ng-binding\">Para ello, har\u00e1n un <strong>acto de presentaci\u00f3n<\/strong> en <strong>Sevilla<\/strong>, en el <strong>Centro C\u00edvico San Fernando<\/strong> (Avda. Don Fadrique, 59). Ser\u00e1 este <strong>9 de junio<\/strong>, a las <strong>19 horas.<\/strong> Y nuestro compa\u00f1ero <strong>Antonio Sempere<\/strong> que intervendr\u00e1 en el acto, mostrar\u00e1 con sus instant\u00e1neas la cruda realidad de quienes aspiran a vivir mejor jug\u00e1ndose la vida en ese intento.<\/p>\n<p class=\"ng-binding\">Las fotograf\u00edas de Sempere quedar\u00e1n expuestas en dicho Centro Cultural hasta el 23 de junio.<\/p>\n<p class=\"ng-binding\">\n<h4 class=\"ng-binding\">Por qu\u00e9 esta Caravana<\/h4>\n<p>\u00bfSab\u00edas que en estos momentos muere m\u00e1s gente en el Mediterr\u00e1neo que en cualquier otro punto fronterizo del planeta?<\/p>\n<ul>\n<li>\u00bfSab\u00edas que entre 2015 y 2016 murieron 388 personas, 122 menores de edad, intentando llegar al Reino de Espa\u00f1a?<\/li>\n<li>\u00bfSab\u00edas que m\u00e1s de 10.000 mujeres entran al d\u00eda en Ceuta y Melilla acarreando bultos de unos 80kg, cobrando una miseria, aguantando vejaciones y sufriendo avalanchas que recientemente se han cobrado dos vidas?<\/li>\n<li>\u00bfSab\u00edas que en Melilla hay decenas de ni\u00f1os\/as de la calle? S\u00ed, ni\u00f1os\/as de la calle, no es un fen\u00f3meno de Am\u00e9rica Latina como podr\u00edamos pensar.<\/li>\n<li>\u00bfSab\u00edas que la oficina dispuesta para solicitar asilo en Melilla no funciona y, si lo hace, nunca es para subsaharianos? De ah\u00ed que s\u00f3lo veamos personas negras en los saltos de la valla.<\/li>\n<li>\u00bfSab\u00edas que con la ley mordaza intentan dar cobertura legal a las devoluciones sumarias? Las personas que consiguen dar el salto son devueltas ilegalmente al Reino de Marruecos y los testimonios de palizas a manos de la polic\u00eda est\u00e1n a la orden del d\u00eda.<\/li>\n<li>\u00bfSab\u00edas que, hace s\u00f3lo tres a\u00f1os, un numeroso grupo de africanos pretendieron llegar a nado a la playa de Tarajal (Ceuta)y la Guardia Civil carg\u00f3 con todo y arrebataron la vida al menos a 15 j\u00f3venes? Este crimen permanece impune.<\/li>\n<\/ul>\n<p>Con cinco minutos del informativo de la noche, entiendo perfectamente el desconocimiento de esta realidad. Los mass media utilizan ep\u00edtetos como invasi\u00f3n, crisis, avalancha \u2026 Juegan un papel fundamental en alimentar la idea que acompa\u00f1a a las fronteras: las vallas nos protegen de los b\u00e1rbaros del sur, sin las vallas no podr\u00edamos defender nuestro nivel de vida. En Ongi Etorri Errefuxiatuak no nos creemos esa milonga sobre las fronteras.<\/p>\n<p>Sabemos perfectamente que con los Acuerdos de Shengel, aquellos acuerdos que permit\u00edan la libre circulaci\u00f3n por Europa a los comunitarios, se consolid\u00f3 una divisi\u00f3n entre las de un lado y las del otro de la frontera. Supusieron un giro en las pol\u00edticas migratorias que trataron a las del otro lado como mercanc\u00edas, despoj\u00e1ndoles de su condici\u00f3n de personas con derechos. Fruto de estos acuerdos son los centros de internamiento para extranjeras; todas aquellas personas no comunitarias que cometan una falta administrativa, como no tener la documentaci\u00f3n en regla, pueden ser privadas de su libertad. \u00a1Ah\u00ed es nada! Privaci\u00f3n de libertad, el m\u00e1ximo castigo que impone el c\u00f3digo penal, por una mera falta administrativa.<\/p>\n<p>Pero esta vieja Europa tiene para todos y todas. Con Shengel tambi\u00e9n vienen el Tratado de Maastricht y los Acuerdos de Lisboa. Organizan una Uni\u00f3n Europea que permite la libre circulaci\u00f3n de capitales. Crean un Banco Central en Frankfurt que da dinero a la banca y \u00e9sta se lo presta a los estados, en vez de ser el Banco Central el que financie directamente a los pa\u00edses de la Uni\u00f3n; negocio redondo y sin mover un dedo. Dise\u00f1a una moneda controlada de facto por el poder financiero, \u00a1el lobo cuidando de las ovejas! Una Europa que convierte los derechos sociales en servicios a prestar por el mercado y levanta muros diciendo que el enemigo se encuentra al otro lado de la valla.<\/p>\n<p>No podemos seguir creyendo esta falacia; no es cierto, la amenaza no est\u00e1 al otro lado del muro, la amenaza la tenemos muy cerca de nuestras casas. Los que dise\u00f1an la pol\u00edtica migratoria, son los mismos que privatizan la sanidad y la educaci\u00f3n, son los que dise\u00f1an guerras para el expolio, son los que se enriquecen en la ruleta financiera y si pierden, obligan a que paguemos sus deudas. Son los que roban la soberan\u00eda a los pueblos con el chantaje de la deuda. Para estos se\u00f1ores, tu tambi\u00e9n eres una mercanc\u00eda.<\/p>\n<p>En Ongi Etorri Errefuxiatuak queremos romper esa divisi\u00f3n entre ellas (las del otro lado de la frontera) y nosotras (las de este lado). Queremos construir un NOSOTRAS con may\u00fasculas y esperamos que la Caravana a la Frontera Sur sea un paso en esta direcci\u00f3n. El 14 de julio marcharemos en coordinaci\u00f3n, con m\u00e1s de 15 ciudades, a la ciudad de Melilla con un objetivo claro: conocer, visibilizar y denunciar lo que all\u00e1 est\u00e1 pasando.<br \/>\nTe invitamos a ti, a que subas en nuestros autobuses para protestar frente al Ministerio de Interior en Madrid; para marchar al CIE de Algeciras y pedir su cierre; para denunciar la doble violencia que sufren las mujeres; para ver los seis metros de valla de Melilla, los fosos y las cuchillas especialmente dise\u00f1adas para que las personas queden atrapadas en ellas.<\/p>\n<p>Queremos que nos acompa\u00f1es hasta los muros para gritar alto y fuerte que todos los derechos son para todas las personas o no van a ser para ninguna. \u00danete a NOSOTRAS.<\/p>\n<\/div>\n","protected":false},"excerpt":{"rendered":"<p>El 14 de julio, la Caravana Abriendo Fronteras estar\u00e1 en Melilla denunciando la pol\u00edtica de fronteras, la falta de derechos humanos en la Frontera Sur de Europa. Para ello, har\u00e1n un acto de presentaci\u00f3n en Sevilla, en el Centro C\u00edvico&hellip;<\/p>\n","protected":false},"author":94,"featured_media":474615,"comment_status":"closed","ping_status":"closed","sticky":false,"template":"","format":"standard","meta":{"footnotes":""},"categories":[64,149,79,66],"tags":[1065,34731,4441,1156,1014,30415,37999,23805],"class_list":["post-474614","post","type-post","status-publish","format-standard","has-post-thumbnail","hentry","category-africa-es","category-comunicados-de-prensa","category-derechos-humanos","category-europa-es","tag-espana","tag-frontera-sur","tag-mediterraneo","tag-melilla","tag-migraciones","tag-muertos","tag-subsaharianos","tag-valla"],"yoast_head":"<!-- This site is optimized with the Yoast SEO plugin v27.1.1 - https:\/\/yoast.com\/product\/yoast-seo-wordpress\/ -->\n<title>Presentaci\u00f3n de la Caravana Abriendo Fronteras Melilla 2017<\/title>\n<meta name=\"description\" content=\"El 14 de julio, la Caravana Abriendo Fronteras estar\u00e1 en Melilla denunciando la pol\u00edtica de fronteras, la falta de derechos humanos en la Frontera Sur de\" \/>\n<meta name=\"robots\" content=\"index, follow, max-snippet:-1, max-image-preview:large, max-video-preview:-1\" \/>\n<link rel=\"canonical\" href=\"https:\/\/www.pressenza.com\/es\/2017\/06\/presentacion-la-caravana-abriendo-fronteras-melilla-2017\/\" \/>\n<meta property=\"og:locale\" content=\"es_ES\" \/>\n<meta property=\"og:type\" content=\"article\" \/>\n<meta property=\"og:title\" content=\"Presentaci\u00f3n de la Caravana Abriendo Fronteras Melilla 2017\" \/>\n<meta property=\"og:description\" content=\"El 14 de julio, la Caravana Abriendo Fronteras estar\u00e1 en Melilla denunciando la pol\u00edtica de fronteras, la falta de derechos humanos en la Frontera Sur de\" \/>\n<meta property=\"og:url\" content=\"https:\/\/www.pressenza.com\/es\/2017\/06\/presentacion-la-caravana-abriendo-fronteras-melilla-2017\/\" \/>\n<meta property=\"og:site_name\" content=\"Pressenza\" \/>\n<meta property=\"article:publisher\" content=\"https:\/\/www.facebook.com\/PressenzaItalia\" \/>\n<meta property=\"article:author\" content=\"https:\/\/www.facebook.com\/pressenza\" \/>\n<meta property=\"article:published_time\" content=\"2017-06-06T15:01:31+00:00\" \/>\n<meta property=\"og:image\" content=\"https:\/\/www.pressenza.com\/wp-content\/uploads\/2017\/06\/caravana-a-Melilla.jpg\" \/>\n\t<meta property=\"og:image:width\" content=\"558\" \/>\n\t<meta property=\"og:image:height\" content=\"789\" \/>\n\t<meta property=\"og:image:type\" content=\"image\/jpeg\" \/>\n<meta name=\"author\" content=\"Redacci\u00f3n Madrid\" \/>\n<meta name=\"twitter:card\" content=\"summary_large_image\" \/>\n<meta name=\"twitter:creator\" content=\"@pressenza\" \/>\n<meta name=\"twitter:site\" content=\"@PressenzaIPA\" \/>\n<meta name=\"twitter:label1\" content=\"Escrito por\" \/>\n\t<meta name=\"twitter:data1\" content=\"Redacci\u00f3n Madrid\" \/>\n\t<meta name=\"twitter:label2\" content=\"Tiempo de lectura\" \/>\n\t<meta name=\"twitter:data2\" content=\"5 minutos\" \/>\n<script type=\"application\/ld+json\" class=\"yoast-schema-graph\">{\"@context\":\"https:\/\/schema.org\",\"@graph\":[{\"@type\":\"Article\",\"@id\":\"https:\/\/www.pressenza.com\/es\/2017\/06\/presentacion-la-caravana-abriendo-fronteras-melilla-2017\/#article\",\"isPartOf\":{\"@id\":\"https:\/\/www.pressenza.com\/es\/2017\/06\/presentacion-la-caravana-abriendo-fronteras-melilla-2017\/\"},\"author\":{\"name\":\"Redacci\u00f3n Madrid\",\"@id\":\"https:\/\/www.pressenza.com\/es\/#\/schema\/person\/828fc40eeca2ad7be3630e5a46adba94\"},\"headline\":\"Presentaci\u00f3n de la Caravana Abriendo Fronteras Melilla 2017\",\"datePublished\":\"2017-06-06T15:01:31+00:00\",\"mainEntityOfPage\":{\"@id\":\"https:\/\/www.pressenza.com\/es\/2017\/06\/presentacion-la-caravana-abriendo-fronteras-melilla-2017\/\"},\"wordCount\":947,\"publisher\":{\"@id\":\"https:\/\/www.pressenza.com\/es\/#organization\"},\"image\":{\"@id\":\"https:\/\/www.pressenza.com\/es\/2017\/06\/presentacion-la-caravana-abriendo-fronteras-melilla-2017\/#primaryimage\"},\"thumbnailUrl\":\"https:\/\/www.pressenza.com\/wp-content\/uploads\/2017\/06\/caravana-a-Melilla.jpg\",\"keywords\":[\"Espa\u00f1a\",\"frontera sur\",\"Mediterraneo\",\"Melilla\",\"migraciones\",\"muertos\",\"subsaharianos\",\"valla\"],\"articleSection\":[\"Africa\",\"Comunicados de Prensa\",\"Derechos Humanos\",\"Europa\"],\"inLanguage\":\"es\"},{\"@type\":\"WebPage\",\"@id\":\"https:\/\/www.pressenza.com\/es\/2017\/06\/presentacion-la-caravana-abriendo-fronteras-melilla-2017\/\",\"url\":\"https:\/\/www.pressenza.com\/es\/2017\/06\/presentacion-la-caravana-abriendo-fronteras-melilla-2017\/\",\"name\":\"Presentaci\u00f3n de la Caravana Abriendo Fronteras Melilla 2017\",\"isPartOf\":{\"@id\":\"https:\/\/www.pressenza.com\/es\/#website\"},\"primaryImageOfPage\":{\"@id\":\"https:\/\/www.pressenza.com\/es\/2017\/06\/presentacion-la-caravana-abriendo-fronteras-melilla-2017\/#primaryimage\"},\"image\":{\"@id\":\"https:\/\/www.pressenza.com\/es\/2017\/06\/presentacion-la-caravana-abriendo-fronteras-melilla-2017\/#primaryimage\"},\"thumbnailUrl\":\"https:\/\/www.pressenza.com\/wp-content\/uploads\/2017\/06\/caravana-a-Melilla.jpg\",\"datePublished\":\"2017-06-06T15:01:31+00:00\",\"description\":\"El 14 de julio, la Caravana Abriendo Fronteras estar\u00e1 en Melilla denunciando la pol\u00edtica de fronteras, la falta de derechos humanos en la Frontera Sur de\",\"breadcrumb\":{\"@id\":\"https:\/\/www.pressenza.com\/es\/2017\/06\/presentacion-la-caravana-abriendo-fronteras-melilla-2017\/#breadcrumb\"},\"inLanguage\":\"es\",\"potentialAction\":[{\"@type\":\"ReadAction\",\"target\":[\"https:\/\/www.pressenza.com\/es\/2017\/06\/presentacion-la-caravana-abriendo-fronteras-melilla-2017\/\"]}]},{\"@type\":\"ImageObject\",\"inLanguage\":\"es\",\"@id\":\"https:\/\/www.pressenza.com\/es\/2017\/06\/presentacion-la-caravana-abriendo-fronteras-melilla-2017\/#primaryimage\",\"url\":\"https:\/\/www.pressenza.com\/wp-content\/uploads\/2017\/06\/caravana-a-Melilla.jpg\",\"contentUrl\":\"https:\/\/www.pressenza.com\/wp-content\/uploads\/2017\/06\/caravana-a-Melilla.jpg\",\"width\":558,\"height\":789,\"caption\":\"Acto de presentaci\u00f3n de Caravana a Melilla 2017\"},{\"@type\":\"BreadcrumbList\",\"@id\":\"https:\/\/www.pressenza.com\/es\/2017\/06\/presentacion-la-caravana-abriendo-fronteras-melilla-2017\/#breadcrumb\",\"itemListElement\":[{\"@type\":\"ListItem\",\"position\":1,\"name\":\"Accueil\",\"item\":\"https:\/\/www.pressenza.com\/es\/\"},{\"@type\":\"ListItem\",\"position\":2,\"name\":\"Presentaci\u00f3n de la Caravana Abriendo Fronteras Melilla 2017\"}]},{\"@type\":\"WebSite\",\"@id\":\"https:\/\/www.pressenza.com\/es\/#website\",\"url\":\"https:\/\/www.pressenza.com\/es\/\",\"name\":\"Pressenza\",\"description\":\"International Press Agency\",\"publisher\":{\"@id\":\"https:\/\/www.pressenza.com\/es\/#organization\"},\"potentialAction\":[{\"@type\":\"SearchAction\",\"target\":{\"@type\":\"EntryPoint\",\"urlTemplate\":\"https:\/\/www.pressenza.com\/es\/?s={search_term_string}\"},\"query-input\":{\"@type\":\"PropertyValueSpecification\",\"valueRequired\":true,\"valueName\":\"search_term_string\"}}],\"inLanguage\":\"es\"},{\"@type\":\"Organization\",\"@id\":\"https:\/\/www.pressenza.com\/es\/#organization\",\"name\":\"Pressenza\",\"url\":\"https:\/\/www.pressenza.com\/es\/\",\"logo\":{\"@type\":\"ImageObject\",\"inLanguage\":\"es\",\"@id\":\"https:\/\/www.pressenza.com\/es\/#\/schema\/logo\/image\/\",\"url\":\"https:\/\/www.pressenza.com\/wp-content\/uploads\/2022\/10\/pressenza_logo_200x200.jpg\",\"contentUrl\":\"https:\/\/www.pressenza.com\/wp-content\/uploads\/2022\/10\/pressenza_logo_200x200.jpg\",\"width\":200,\"height\":200,\"caption\":\"Pressenza\"},\"image\":{\"@id\":\"https:\/\/www.pressenza.com\/es\/#\/schema\/logo\/image\/\"},\"sameAs\":[\"https:\/\/www.facebook.com\/PressenzaItalia\",\"https:\/\/x.com\/PressenzaIPA\"]},{\"@type\":\"Person\",\"@id\":\"https:\/\/www.pressenza.com\/es\/#\/schema\/person\/828fc40eeca2ad7be3630e5a46adba94\",\"name\":\"Redacci\u00f3n Madrid\",\"description\":\"News from the Pressenza Bureau in Madrid, Spain\",\"sameAs\":[\"https:\/\/www.facebook.com\/pressenza\",\"https:\/\/x.com\/pressenza\"],\"url\":\"https:\/\/www.pressenza.com\/es\/author\/redaccion-madrid\/\"}]}<\/script>\n<!-- \/ Yoast SEO plugin. -->","yoast_head_json":{"title":"Presentaci\u00f3n de la Caravana Abriendo Fronteras Melilla 2017","description":"El 14 de julio, la Caravana Abriendo Fronteras estar\u00e1 en Melilla denunciando la pol\u00edtica de fronteras, la falta de derechos humanos en la Frontera Sur de","robots":{"index":"index","follow":"follow","max-snippet":"max-snippet:-1","max-image-preview":"max-image-preview:large","max-video-preview":"max-video-preview:-1"},"canonical":"https:\/\/www.pressenza.com\/es\/2017\/06\/presentacion-la-caravana-abriendo-fronteras-melilla-2017\/","og_locale":"es_ES","og_type":"article","og_title":"Presentaci\u00f3n de la Caravana Abriendo Fronteras Melilla 2017","og_description":"El 14 de julio, la Caravana Abriendo Fronteras estar\u00e1 en Melilla denunciando la pol\u00edtica de fronteras, la falta de derechos humanos en la Frontera Sur de","og_url":"https:\/\/www.pressenza.com\/es\/2017\/06\/presentacion-la-caravana-abriendo-fronteras-melilla-2017\/","og_site_name":"Pressenza","article_publisher":"https:\/\/www.facebook.com\/PressenzaItalia","article_author":"https:\/\/www.facebook.com\/pressenza","article_published_time":"2017-06-06T15:01:31+00:00","og_image":[{"width":558,"height":789,"url":"https:\/\/www.pressenza.com\/wp-content\/uploads\/2017\/06\/caravana-a-Melilla.jpg","type":"image\/jpeg"}],"author":"Redacci\u00f3n Madrid","twitter_card":"summary_large_image","twitter_creator":"@pressenza","twitter_site":"@PressenzaIPA","twitter_misc":{"Escrito por":"Redacci\u00f3n Madrid","Tiempo de lectura":"5 minutos"},"schema":{"@context":"https:\/\/schema.org","@graph":[{"@type":"Article","@id":"https:\/\/www.pressenza.com\/es\/2017\/06\/presentacion-la-caravana-abriendo-fronteras-melilla-2017\/#article","isPartOf":{"@id":"https:\/\/www.pressenza.com\/es\/2017\/06\/presentacion-la-caravana-abriendo-fronteras-melilla-2017\/"},"author":{"name":"Redacci\u00f3n Madrid","@id":"https:\/\/www.pressenza.com\/es\/#\/schema\/person\/828fc40eeca2ad7be3630e5a46adba94"},"headline":"Presentaci\u00f3n de la Caravana Abriendo Fronteras Melilla 2017","datePublished":"2017-06-06T15:01:31+00:00","mainEntityOfPage":{"@id":"https:\/\/www.pressenza.com\/es\/2017\/06\/presentacion-la-caravana-abriendo-fronteras-melilla-2017\/"},"wordCount":947,"publisher":{"@id":"https:\/\/www.pressenza.com\/es\/#organization"},"image":{"@id":"https:\/\/www.pressenza.com\/es\/2017\/06\/presentacion-la-caravana-abriendo-fronteras-melilla-2017\/#primaryimage"},"thumbnailUrl":"https:\/\/www.pressenza.com\/wp-content\/uploads\/2017\/06\/caravana-a-Melilla.jpg","keywords":["Espa\u00f1a","frontera sur","Mediterraneo","Melilla","migraciones","muertos","subsaharianos","valla"],"articleSection":["Africa","Comunicados de Prensa","Derechos Humanos","Europa"],"inLanguage":"es"},{"@type":"WebPage","@id":"https:\/\/www.pressenza.com\/es\/2017\/06\/presentacion-la-caravana-abriendo-fronteras-melilla-2017\/","url":"https:\/\/www.pressenza.com\/es\/2017\/06\/presentacion-la-caravana-abriendo-fronteras-melilla-2017\/","name":"Presentaci\u00f3n de la Caravana Abriendo Fronteras Melilla 2017","isPartOf":{"@id":"https:\/\/www.pressenza.com\/es\/#website"},"primaryImageOfPage":{"@id":"https:\/\/www.pressenza.com\/es\/2017\/06\/presentacion-la-caravana-abriendo-fronteras-melilla-2017\/#primaryimage"},"image":{"@id":"https:\/\/www.pressenza.com\/es\/2017\/06\/presentacion-la-caravana-abriendo-fronteras-melilla-2017\/#primaryimage"},"thumbnailUrl":"https:\/\/www.pressenza.com\/wp-content\/uploads\/2017\/06\/caravana-a-Melilla.jpg","datePublished":"2017-06-06T15:01:31+00:00","description":"El 14 de julio, la Caravana Abriendo Fronteras estar\u00e1 en Melilla denunciando la pol\u00edtica de fronteras, la falta de derechos humanos en la Frontera Sur de","breadcrumb":{"@id":"https:\/\/www.pressenza.com\/es\/2017\/06\/presentacion-la-caravana-abriendo-fronteras-melilla-2017\/#breadcrumb"},"inLanguage":"es","potentialAction":[{"@type":"ReadAction","target":["https:\/\/www.pressenza.com\/es\/2017\/06\/presentacion-la-caravana-abriendo-fronteras-melilla-2017\/"]}]},{"@type":"ImageObject","inLanguage":"es","@id":"https:\/\/www.pressenza.com\/es\/2017\/06\/presentacion-la-caravana-abriendo-fronteras-melilla-2017\/#primaryimage","url":"https:\/\/www.pressenza.com\/wp-content\/uploads\/2017\/06\/caravana-a-Melilla.jpg","contentUrl":"https:\/\/www.pressenza.com\/wp-content\/uploads\/2017\/06\/caravana-a-Melilla.jpg","width":558,"height":789,"caption":"Acto de presentaci\u00f3n de Caravana a Melilla 2017"},{"@type":"BreadcrumbList","@id":"https:\/\/www.pressenza.com\/es\/2017\/06\/presentacion-la-caravana-abriendo-fronteras-melilla-2017\/#breadcrumb","itemListElement":[{"@type":"ListItem","position":1,"name":"Accueil","item":"https:\/\/www.pressenza.com\/es\/"},{"@type":"ListItem","position":2,"name":"Presentaci\u00f3n de la Caravana Abriendo Fronteras Melilla 2017"}]},{"@type":"WebSite","@id":"https:\/\/www.pressenza.com\/es\/#website","url":"https:\/\/www.pressenza.com\/es\/","name":"Pressenza","description":"International Press Agency","publisher":{"@id":"https:\/\/www.pressenza.com\/es\/#organization"},"potentialAction":[{"@type":"SearchAction","target":{"@type":"EntryPoint","urlTemplate":"https:\/\/www.pressenza.com\/es\/?s={search_term_string}"},"query-input":{"@type":"PropertyValueSpecification","valueRequired":true,"valueName":"search_term_string"}}],"inLanguage":"es"},{"@type":"Organization","@id":"https:\/\/www.pressenza.com\/es\/#organization","name":"Pressenza","url":"https:\/\/www.pressenza.com\/es\/","logo":{"@type":"ImageObject","inLanguage":"es","@id":"https:\/\/www.pressenza.com\/es\/#\/schema\/logo\/image\/","url":"https:\/\/www.pressenza.com\/wp-content\/uploads\/2022\/10\/pressenza_logo_200x200.jpg","contentUrl":"https:\/\/www.pressenza.com\/wp-content\/uploads\/2022\/10\/pressenza_logo_200x200.jpg","width":200,"height":200,"caption":"Pressenza"},"image":{"@id":"https:\/\/www.pressenza.com\/es\/#\/schema\/logo\/image\/"},"sameAs":["https:\/\/www.facebook.com\/PressenzaItalia","https:\/\/x.com\/PressenzaIPA"]},{"@type":"Person","@id":"https:\/\/www.pressenza.com\/es\/#\/schema\/person\/828fc40eeca2ad7be3630e5a46adba94","name":"Redacci\u00f3n Madrid","description":"News from the Pressenza Bureau in Madrid, Spain","sameAs":["https:\/\/www.facebook.com\/pressenza","https:\/\/x.com\/pressenza"],"url":"https:\/\/www.pressenza.com\/es\/author\/redaccion-madrid\/"}]}},"place":"Melilla","original_article_url":"https:\/\/www.facebook.com\/search\/top\/?q=caravana%20abriendo%20fronteras#","_links":{"self":[{"href":"https:\/\/www.pressenza.com\/es\/wp-json\/wp\/v2\/posts\/474614","targetHints":{"allow":["GET"]}}],"collection":[{"href":"https:\/\/www.pressenza.com\/es\/wp-json\/wp\/v2\/posts"}],"about":[{"href":"https:\/\/www.pressenza.com\/es\/wp-json\/wp\/v2\/types\/post"}],"author":[{"embeddable":true,"href":"https:\/\/www.pressenza.com\/es\/wp-json\/wp\/v2\/users\/94"}],"replies":[{"embeddable":true,"href":"https:\/\/www.pressenza.com\/es\/wp-json\/wp\/v2\/comments?post=474614"}],"version-history":[{"count":0,"href":"https:\/\/www.pressenza.com\/es\/wp-json\/wp\/v2\/posts\/474614\/revisions"}],"wp:featuredmedia":[{"embeddable":true,"href":"https:\/\/www.pressenza.com\/es\/wp-json\/wp\/v2\/media\/474615"}],"wp:attachment":[{"href":"https:\/\/www.pressenza.com\/es\/wp-json\/wp\/v2\/media?parent=474614"}],"wp:term":[{"taxonomy":"category","embeddable":true,"href":"https:\/\/www.pressenza.com\/es\/wp-json\/wp\/v2\/categories?post=474614"},{"taxonomy":"post_tag","embeddable":true,"href":"https:\/\/www.pressenza.com\/es\/wp-json\/wp\/v2\/tags?post=474614"}],"curies":[{"name":"wp","href":"https:\/\/api.w.org\/{rel}","templated":true}]}}