{"id":473856,"date":"2017-06-04T00:59:19","date_gmt":"2017-06-03T23:59:19","guid":{"rendered":"https:\/\/www.pressenza.com\/?p=473856\/"},"modified":"2017-06-04T01:00:21","modified_gmt":"2017-06-04T00:00:21","slug":"informe-cepal-panorama-social-en-america-latina-2016-una-lectura-complementaria-y-critica","status":"publish","type":"post","link":"https:\/\/www.pressenza.com\/es\/2017\/06\/informe-cepal-panorama-social-en-america-latina-2016-una-lectura-complementaria-y-critica\/","title":{"rendered":"Informe CEPAL Panorama Social en Am\u00e9rica Latina 2016: Una lectura complementaria y cr\u00edtica."},"content":{"rendered":"<p>El informe anual\u00a0<a href=\"http:\/\/www.cepal.org\/es\/publicaciones\/41598-panorama-social-america-latina-2016-documento-informativo\">Panorama Social de Am\u00e9rica Latina 2016<\/a> fue presentado el martes 30 de Mayo por la Secretaria Ejecutiva de la CEPAL, Alicia B\u00e1rcena, en Santiago de Chile.<\/p>\n<p>Al par de brindar una perspectiva general del volumen y ritmo de descenso de la desigualdad en la regi\u00f3n hasta 2015, el informe detalla y profundiza en las desigualdades dentro de la desigualdad, abordando la perspectiva de g\u00e9nero, la \u00e9tnico-racial y las proporciones de distribuci\u00f3n del crecimiento econ\u00f3mico entre los distintos segmentos socioecon\u00f3micos. \u00a0La investigaci\u00f3n muestra adem\u00e1s las relaciones de realimentaci\u00f3n que existen entre los distintos factores de la desigualdad y c\u00f3mo \u00e9sta afecta a las personas a lo largo del ciclo vital.<\/p>\n<p>Al comprenderse la influencia positiva de pol\u00edticas activas en la reducci\u00f3n de brechas sociales, en otro cap\u00edtulo se analiza la evoluci\u00f3n positiva del gasto social, alertando sobre las consecuencias negativas que tendr\u00eda su recorte o discontinuidad.<\/p>\n<p>Muy relevante es el apartado en el que &#8211; de manera incipiente y con un solo estudio de caso (M\u00e9xico) &#8211; se pone de manifiesto c\u00f3mo la estructura de la propiedad (de activos f\u00edsicos y financieros) es un factor fundamental en la reproducci\u00f3n de la desigualdad en la regi\u00f3n.<\/p>\n<p>Por sobre los aspectos meramente estad\u00edsticos y anal\u00edticos, la constante alusi\u00f3n a la desigualdad como problema central, sienta un par\u00e1metro moral ineludible. Por otra parte, la informaci\u00f3n permite apresar un fen\u00f3meno que de otro modo permanece invisibilizado. Se modifica as\u00ed aquella falsa menci\u00f3n de productos brutos nacionales sin desagregaci\u00f3n alguna como indicador inapelable, que dan la sensaci\u00f3n gregaria pero ficticia de que \u201ca todos nos va mejor, si a un pa\u00eds en su conjunto le va mejor\u201d. Lo cual \u2013 como hacen evidente estos informes \u2013 no es el caso.<\/p>\n<p>Por otro lado, es altamente valorable la profundidad multidimensional que va adquiriendo el an\u00e1lisis de estos fen\u00f3menos, exhibiendo una calidad compleja superior, es decir una mirada estructural y din\u00e1mica a trav\u00e9s del tiempo, permitiendo as\u00ed una mejor visi\u00f3n de proceso.<\/p>\n<p>Sin embargo, a fin de completar esta visi\u00f3n, es recomendable repasar otros informes de la CEPAL, a los que haremos referencia y se detallan en la bibliograf\u00eda al pie.<\/p>\n<p>A\u00fan as\u00ed es necesario apuntar que, m\u00e1s all\u00e1 de la creciente excelencia en el cuidado de la recolecci\u00f3n, exposici\u00f3n y cotejo de datos, la estad\u00edstica no se interpreta por s\u00ed misma y la interpretaci\u00f3n nunca es autom\u00e1tica, inequ\u00edvoca ni \u00fanica. Mucho menos las conclusiones que se desprenden de la misma. Justamente el an\u00e1lisis de las recomendaciones que propone la CEPAL para la superaci\u00f3n de la desigualdad es la intenci\u00f3n de la presente nota.<\/p>\n<p><strong>El panorama social en Am\u00e9rica Latina <\/strong><\/p>\n<p>Entre 2008 y 2015 la desigualdad en los ingresos disminuy\u00f3 en promedio regional de un 0.5 a un 0.469 (\u00edndice de Gini), aunque enlenteci\u00e9ndose la mejor\u00eda entre 2012 y 2015.\u00a0 En el a\u00f1o 2008, por cada moneda que consegu\u00eda un hogar del quinto m\u00e1s pobre, entraban casi 15 monedas en el quinto m\u00e1s rico de la sociedad. Los niveles actuales siguen siendo muy elevados, aunque la desproporci\u00f3n se redujo a \u201ctan s\u00f3lo\u201d 12 veces. Venezuela, Uruguay y Argentina, en ese orden, presentan los menores \u00edndices de desigualdad (alrededor de 0.4). Guatemala, Colombia y Brasil van a la cabeza de la desigualdad (superior al 0.5).<a href=\"#_ftn1\" name=\"_ftnref1\">[1]<\/a><\/p>\n<p>El amesetamiento en los avances es congruente con los datos sobre pobreza e indigencia que refleja el Informe sobre el Progreso de los Objetivos de Desarrollo Sostenible, ofrecido en la primera reuni\u00f3n de seguimiento efectuada en M\u00e9xico entre el 26 y el 28 de Abril. A inicios del milenio, hab\u00eda en la regi\u00f3n 225 millones de pobres (44%) con casi 100 millones\u00a0 de indigentes (19.3%). Esta cifra cay\u00f3 a 29% y 12 % respectivamente, lo que implica que al menos 50 millones de personas salieron de la pobreza y 25 millones de la indigencia. Sin embargo, desde 2012 se observa el estancamiento de esta mejor\u00eda, incluso comenzando a subir tanto el n\u00famero de gente pobre como el de indigentes hacia finales de ciclo.<a href=\"#_ftn2\" name=\"_ftnref2\">[2]<\/a><\/p>\n<p>Los avances fueron impulsados por una mejor\u00eda relativa de los ingresos laborales de los sectores de menores ingresos, gracias a un aumento en la formalizaci\u00f3n del empleo y el aumento real de los salarios m\u00ednimos en varios pa\u00edses y el incremento de las transferencias monetarias hacia los estratos de menores ingresos (jubilaciones, subvenciones y programas de apoyo directo). Es decir, un conjunto de pol\u00edticas activas de redistribuci\u00f3n de ingresos que realzan el aporte efectivo de varios gobiernos de la regi\u00f3n\u2026 y la inacci\u00f3n, indiferencia o ineficacia de otros. Esto se refleja con claridad en el cap\u00edtulo del mismo informe dedicado a la inversi\u00f3n social \u2013 llamada en el mismo \u201cgasto social\u201d &#8211; que creci\u00f3 en promedio en la regi\u00f3n aproximadamente un 30% entre 2000 y 2015, llegando a ser de un 14.5 del PIB, rubro en el que destacan positivamente Argentina, Brasil, Colombia y Costa Rica, con m\u00e1s del 20% del PIB.<\/p>\n<p><strong>Las desigualdades de la desigualdad. <\/strong><\/p>\n<p>En 2014, por cada 100 hombres que viv\u00edan en hogares pobres, hab\u00eda 118 mujeres en esa situaci\u00f3n. Los motivos son b\u00e1sicamente dos: el tiempo total de trabajo de las mujeres incluye muchas m\u00e1s horas dedicadas al trabajo dom\u00e9stico y a cuidados no remunerados. Por otra parte, sus salarios son peores, a pesar de tener mayor cualificaci\u00f3n educativa. Esto conlleva adem\u00e1s una limitaci\u00f3n en la autonom\u00eda financiera de la mujer, implicando una mayor dependencia.<\/p>\n<p>La condici\u00f3n \u00e9tnico-racial es otro factor de desigualdad estructural. En la regi\u00f3n viven unas 130 millones de personas afrodescendientes (2015) y 48 millones pertenecientes a pueblos ind\u00edgenas<a href=\"#_ftn3\" name=\"_ftnref3\">[3]<\/a> . O sea, una de cada cuatro personas es ind\u00edgena o afrodescendiente.<\/p>\n<p>Ambos grupos de la poblaci\u00f3n son proporcionalmente m\u00e1s numerosos en el estrato m\u00e1s pobre y sufren desigualdades profundas en todas las \u00e1reas del desarrollo social, expres\u00e1ndose en mayores tasas de mortalidad infantil y materna, de embarazo adolescente, de desempleo y en menores ingresos laborales.<\/p>\n<p>Algo similar ocurre con los habitantes de \u00e1reas rurales y en las periferias urbanas, \u201cdonde se concentran los pobres y se acumulan las carencias\u201d (CEPAL, 2010a, p\u00e1g.143).<\/p>\n<p>Con respecto a la evoluci\u00f3n a lo largo del ciclo vital, el 63% de los ni\u00f1os de Am\u00e9rica Latina y el Caribe \u2013 \u00a1casi dos tercios del total! &#8211; y 45% de los j\u00f3venes son pobres, y un tercio de estos pobres, indigentes (2014). Muchos no tienen condiciones m\u00ednimas que les permitan completar el ciclo escolar y eso implica, en adelante, menores remuneraciones, menores jubilaciones, es decir, menores posibilidades durante toda su vida. En el \u00e1rea rural, la situaci\u00f3n es a\u00fan peor, duplic\u00e1ndose la cifra de adolescentes que no asisten a la escuela secundaria.<\/p>\n<p>O sea, la pobreza en Am\u00e9rica Latina tiene cara de mujer, rasgos ind\u00edgenas o piel negra, vive en el campo o en los suburbios\u00a0 y adem\u00e1s, si es ni\u00f1o o joven, la desigualdad lo perseguir\u00e1 durante toda la vida.<\/p>\n<p><strong>Un buen libreto, un gui\u00f3n incierto<\/strong><\/p>\n<p>Para contrarrestar el flagelo de la desigualdad, recomienda la Cepal \u201cpol\u00edticas p\u00fablicas que deben garantizar la titularidad de derechos, se debe reconocer y potenciar el trabajo productivo y de calidad como la llave de la igualdad y como instrumento por excelencia en la construcci\u00f3n del bienestar, y universalizar la protecci\u00f3n social a lo largo del ciclo de la vida (la infancia y adolescencia, la juventud, la edad adulta y la vejez), con una mirada sensible a las diferencias.\u201d (CEPAL, 2017)<\/p>\n<p>En distintos informes anteriores se habla de la estrecha relaci\u00f3n entre acceso a educaci\u00f3n de calidad, mejoramiento de la situaci\u00f3n sanitaria y de vivienda, acceso a la tecnolog\u00eda y otras condiciones para la consecuci\u00f3n de empleo de mejor calidad, todo lo cual refiere a las mencionadas \u201cpol\u00edticas activas\u201d. Aqu\u00ed es donde aparece el Estado como \u00fanico garante de principios, que deben dejar de ser aspiraciones y convertirse en derecho exigible.<\/p>\n<p>Pero a\u00fan desde el esquema habitual de relativizaci\u00f3n de derechos que rige las pr\u00e1cticas sociales actuales, para que el Estado pueda hacer efectivas (y no declamativas) pol\u00edticas activas de inclusi\u00f3n social, son evidentes dos condiciones m\u00ednimas: que el gestor (gobierno) tenga n\u00edtidas intenciones en ese sentido \u00a0y que cuente con fondos para efectuar la tarea.<\/p>\n<p>Las dificultades del primer t\u00e9rmino de la ecuaci\u00f3n no son desconocidas para la CEPAL. En un documento antes citado se se\u00f1ala \u201cla tensi\u00f3n permanente de sistemas pol\u00edticos donde los sectores m\u00e1s favorecidos, generalmente asociados a actividades rentistas, usan la concentraci\u00f3n del ingreso y el poder econ\u00f3mico para mantener sus privilegios.\u201d . El tan mentado \u201cgiro a la derecha\u201d en algunos pa\u00edses de la regi\u00f3n es tan s\u00f3lo expresi\u00f3n de esa reacci\u00f3n conservadora.<\/p>\n<p>Con respecto a lo segundo, basta constatar la actividad ilegal que desarrollan los sectores opulentos para impedir todo avance de los sectores m\u00e1s oprimidos de la sociedad. Una de las principales herramientas es la subversi\u00f3n fiscal. O sea la evasi\u00f3n.<\/p>\n<p>\u201c700.000 millones de d\u00f3lares que est\u00e1n en para\u00edsos fiscales pertenecen a personas de Am\u00e9rica Latina (un 10% del total sumergido mundial), lo que a su vez representa el 22% de la riqueza financiera total de la regi\u00f3n, y que la mayor parte de este monto (alrededor del 80% en promedio) no ha sido declarada a las respectivas administraciones tributarias.\u201d<a href=\"#_ftn4\" name=\"_ftnref4\">[4]<\/a><\/p>\n<p>Por otra parte detalla el informe anterior las maniobras dolosas de las empresas multinacionales, que sobrefacturan gastos e importaciones y subfacturan ventas y exportaciones. 765.000 millones de d\u00f3lares no han declarados entre 2004 y 2013, conspirando de esta manera contra las posibilidades de acci\u00f3n solidaria de los estados.<\/p>\n<p>Estas empresas manejan adem\u00e1s gran parte de los medios y por ende, tienen una enorme influencia en la opini\u00f3n p\u00fablica, a trav\u00e9s de la cual se \u201cdeciden\u201d los gobiernos.<\/p>\n<p>\u00bfC\u00f3mo seguir entonces aquellas recomendaciones si apenas un Estado comienza a favorecer a los vulnerables se encuentra con la tremenda reacci\u00f3n de los sectores del poder? \u00bfC\u00f3mo pensar en mejores empleos, si las principales corporaciones planifican para la econom\u00eda mundial un horizonte de simbiosis de alta tecnolog\u00eda en la producci\u00f3n? En conjunto con las ya abultadas dosis de econom\u00eda especulativa, todo ello atenta contra la posibilidad de ingreso formalizado y suficiente. A\u00fan si se piensa en servicios, la intenci\u00f3n empresarial apunta a reducir costos, lo cual se traduce en reducci\u00f3n de cantidad de personas empleadas o de salarios. \u00a0Nada hace pensar que ese modo antihumano de funcionar la econom\u00eda var\u00ede, de no mediar alg\u00fan cambio sustancial.<\/p>\n<p><strong>Llamar a las cosas por su nombre<\/strong><\/p>\n<p>Hablar con propiedad es hablar de la propiedad. Y hablar de la propiedad es hablar de violencia econ\u00f3mica. Es hablar, en general, de actividad delictiva. Calificar a la concentraci\u00f3n de riqueza como delito no es tan s\u00f3lo una alusi\u00f3n a su inmoralidad, aunque dicha actitud antisocial deba ser repudiada sin ambages en el campo val\u00f3rico. Puede constatarse sin mayor dificultad c\u00f3mo en la g\u00e9nesis misma y en el transcurso del proceso de acumulaci\u00f3n de riqueza, se verifican numerosos delitos tipificados en los c\u00f3digos civiles y penales vigentes. El dolo, el hurto, el robo, el fraude, la apropiaci\u00f3n indebida, el plagio, la competencia desleal, la extorsi\u00f3n, la cartelizaci\u00f3n, la evasi\u00f3n y elusi\u00f3n fiscal \u2013 por s\u00f3lo mencionar algunos procedimientos \u2013 son moneda corriente en la pr\u00e1ctica de los grandes conglomerados empresariales. La corrupci\u00f3n que tanto irrita a la prensa dependiente tiene su origen en las empresas, no \u201cen la pol\u00edtica\u201d. Corromper mediante d\u00e1diva, coima, prestaciones o apoyo electoral es para las empresas una pr\u00e1ctica ordinaria que facilita \u201clos buenos negocios\u201d.<\/p>\n<p>Para superar la desigualdad es preciso criminalizar la riqueza, incluso como delito de lesa humanidad, ya que conlleva el genocidio de cientos de miles de existencias.<\/p>\n<p>En cuanto a la direcci\u00f3n de los procesos humanos, los pueblos s\u00f3lo pueden contar consigo mismos. Deben movilizarse y organizarse. La paradoja de estatalizaci\u00f3n \u2013 dependencia excesiva de una gesti\u00f3n &#8211; y movilizaci\u00f3n popular puede ser resuelta convirtiendo a lo pol\u00edtico en cuesti\u00f3n existencial. Ya no simplemente relativa a la primaria subsistencia \u2013 la cual ciertamente est\u00e1 en riesgo \u2013 sino en un sentido de cualidad ampliada, la de la existencia humana, relacionada con la posibilidad de crear y decidir \u2013 lo cual aparece hoy alejado de las expectativas y posibilidades de gran parte de la humanidad.<\/p>\n<p>En t\u00e9rminos sociales, los conjuntos organizados podr\u00e1n as\u00ed garantizarse una renta universal y avanzar por las v\u00edas del empleo cooperativo, es decir el autoempleo colectivo como factor primario de la producci\u00f3n y la econom\u00eda.<\/p>\n<p>Para que esto sea posible, necesitamos una ola de alfabetizaci\u00f3n transformadora. Para aprender a defendernos de la manipulaci\u00f3n de los poderosos y de la naturalizaci\u00f3n de situaciones oprobiosas y evitables. Aprender que s\u00f3lo habr\u00e1 progreso si es de todos y para todos. Que estamos aqu\u00ed para cambiar las cosas y para decidir nuestro propio destino.<\/p>\n<p>&nbsp;<\/p>\n<p><a href=\"#_ftnref1\" name=\"_ftn1\">[1]<\/a> Comisi\u00f3n Econ\u00f3mica para Am\u00e9rica Latina y el Caribe (CEPAL), <em>Documento informativo Panorama Social de Am\u00e9rica Latina 2016<\/em>.<\/p>\n<p><a href=\"#_ftnref2\" name=\"_ftn2\">[2]<\/a> Comisi\u00f3n Econ\u00f3mica para Am\u00e9rica Latina y el Caribe (CEPAL), <em>Informe anual sobre el progreso y los desaf\u00edos regionales de la Agenda 2030 para el Desarrollo Sostenible en Am\u00e9rica Latina y el Caribe, <\/em>(2017), p\u00e1g. 27<\/p>\n<p><a href=\"#_ftnref3\" name=\"_ftn3\">[3]<\/a> Comisi\u00f3n Econ\u00f3mica para Am\u00e9rica Latina y el Caribe (CEPAL), <em>La matriz\u00a0de la\u00a0desigualdad social\u00a0en\u00a0Am\u00e9rica Latina.<\/em> (2016)<\/p>\n<p><a href=\"#_ftnref4\" name=\"_ftn4\">[4]<\/a> Comisi\u00f3n Econ\u00f3mica para Am\u00e9rica Latina y el Caribe (CEPAL), <em>Estudio Econ\u00f3mico de Am\u00e9rica Latina y<\/em><em>el Caribe, 2016 <\/em>(LC\/G.2684-P), Santiago, 2016.<\/p>\n","protected":false},"excerpt":{"rendered":"<p>El informe anual\u00a0Panorama Social de Am\u00e9rica Latina 2016 fue presentado el martes 30 de Mayo por la Secretaria Ejecutiva de la CEPAL, Alicia B\u00e1rcena, en Santiago de Chile. Al par de brindar una perspectiva general del volumen y ritmo de&hellip;<\/p>\n","protected":false},"author":970,"featured_media":473857,"comment_status":"closed","ping_status":"closed","sticky":false,"template":"","format":"standard","meta":{"footnotes":""},"categories":[69,11389,79,68,161,74,67],"tags":[20547,450,23342,1035,631],"class_list":["post-473856","post","type-post","status-publish","format-standard","has-post-thumbnail","hentry","category-america-central","category-contenido-original","category-derechos-humanos","category-norteamerica","category-opiniones","category-politica-es","category-sudamerica","tag-america-latina-y-el-caribe","tag-cepal","tag-criminalizacion","tag-desigualdad","tag-violencia-economica"],"yoast_head":"<!-- This site is optimized with the Yoast SEO plugin v27.1.1 - https:\/\/yoast.com\/product\/yoast-seo-wordpress\/ -->\n<title>Informe CEPAL Panorama Social en Am\u00e9rica Latina 2016: Una lectura complementaria y cr\u00edtica.<\/title>\n<meta name=\"description\" content=\"El informe anual\u00a0Panorama Social de Am\u00e9rica Latina 2016 fue presentado el martes 30 de Mayo por la Secretaria Ejecutiva de la CEPAL, Alicia B\u00e1rcena, en\" \/>\n<meta name=\"robots\" content=\"index, follow, max-snippet:-1, max-image-preview:large, max-video-preview:-1\" \/>\n<link rel=\"canonical\" href=\"https:\/\/www.pressenza.com\/es\/2017\/06\/informe-cepal-panorama-social-en-america-latina-2016-una-lectura-complementaria-y-critica\/\" \/>\n<meta property=\"og:locale\" content=\"es_ES\" \/>\n<meta property=\"og:type\" content=\"article\" \/>\n<meta property=\"og:title\" content=\"Informe CEPAL Panorama Social en Am\u00e9rica Latina 2016: Una lectura complementaria y cr\u00edtica.\" \/>\n<meta property=\"og:description\" content=\"El informe anual\u00a0Panorama Social de Am\u00e9rica Latina 2016 fue presentado el martes 30 de Mayo por la Secretaria Ejecutiva de la CEPAL, Alicia B\u00e1rcena, en\" \/>\n<meta property=\"og:url\" content=\"https:\/\/www.pressenza.com\/es\/2017\/06\/informe-cepal-panorama-social-en-america-latina-2016-una-lectura-complementaria-y-critica\/\" \/>\n<meta property=\"og:site_name\" content=\"Pressenza\" \/>\n<meta property=\"article:publisher\" content=\"https:\/\/www.facebook.com\/PressenzaItalia\" \/>\n<meta property=\"article:author\" content=\"https:\/\/www.facebook.com\/javier.tolcachier?fref=ts\" \/>\n<meta property=\"article:published_time\" content=\"2017-06-03T23:59:19+00:00\" \/>\n<meta property=\"article:modified_time\" content=\"2017-06-04T00:00:21+00:00\" \/>\n<meta property=\"og:image\" content=\"https:\/\/www.pressenza.com\/wp-content\/uploads\/2017\/06\/desempleo_Mexico-wikipedia.jpg\" \/>\n\t<meta property=\"og:image:width\" content=\"1200\" \/>\n\t<meta property=\"og:image:height\" content=\"900\" \/>\n\t<meta property=\"og:image:type\" content=\"image\/jpeg\" \/>\n<meta name=\"author\" content=\"Javier Tolcachier\" \/>\n<meta name=\"twitter:card\" content=\"summary_large_image\" \/>\n<meta name=\"twitter:creator\" content=\"@jtolcachier\" \/>\n<meta name=\"twitter:site\" content=\"@PressenzaIPA\" \/>\n<meta name=\"twitter:label1\" content=\"Escrito por\" \/>\n\t<meta name=\"twitter:data1\" content=\"Javier Tolcachier\" \/>\n\t<meta name=\"twitter:label2\" content=\"Tiempo de lectura\" \/>\n\t<meta name=\"twitter:data2\" content=\"12 minutos\" \/>\n<script type=\"application\/ld+json\" class=\"yoast-schema-graph\">{\"@context\":\"https:\/\/schema.org\",\"@graph\":[{\"@type\":\"Article\",\"@id\":\"https:\/\/www.pressenza.com\/es\/2017\/06\/informe-cepal-panorama-social-en-america-latina-2016-una-lectura-complementaria-y-critica\/#article\",\"isPartOf\":{\"@id\":\"https:\/\/www.pressenza.com\/es\/2017\/06\/informe-cepal-panorama-social-en-america-latina-2016-una-lectura-complementaria-y-critica\/\"},\"author\":{\"name\":\"Javier Tolcachier\",\"@id\":\"https:\/\/www.pressenza.com\/es\/#\/schema\/person\/f353f6d4eed144101dedba60e6227564\"},\"headline\":\"Informe CEPAL Panorama Social en Am\u00e9rica Latina 2016: Una lectura complementaria y cr\u00edtica.\",\"datePublished\":\"2017-06-03T23:59:19+00:00\",\"dateModified\":\"2017-06-04T00:00:21+00:00\",\"mainEntityOfPage\":{\"@id\":\"https:\/\/www.pressenza.com\/es\/2017\/06\/informe-cepal-panorama-social-en-america-latina-2016-una-lectura-complementaria-y-critica\/\"},\"wordCount\":2360,\"publisher\":{\"@id\":\"https:\/\/www.pressenza.com\/es\/#organization\"},\"image\":{\"@id\":\"https:\/\/www.pressenza.com\/es\/2017\/06\/informe-cepal-panorama-social-en-america-latina-2016-una-lectura-complementaria-y-critica\/#primaryimage\"},\"thumbnailUrl\":\"https:\/\/www.pressenza.com\/wp-content\/uploads\/2017\/06\/desempleo_Mexico-wikipedia.jpg\",\"keywords\":[\"Am\u00e9rica Latina y el Caribe\",\"CEPAL\",\"criminalizaci\u00f3n\",\"desigualdad\",\"Violencia econ\u00f3mica\"],\"articleSection\":[\"Am\u00e9rica Central\",\"Contenido Original\",\"Derechos Humanos\",\"Norteam\u00e9rica\",\"Opiniones\",\"Pol\u00edtica\",\"Sudam\u00e9rica\"],\"inLanguage\":\"es\"},{\"@type\":\"WebPage\",\"@id\":\"https:\/\/www.pressenza.com\/es\/2017\/06\/informe-cepal-panorama-social-en-america-latina-2016-una-lectura-complementaria-y-critica\/\",\"url\":\"https:\/\/www.pressenza.com\/es\/2017\/06\/informe-cepal-panorama-social-en-america-latina-2016-una-lectura-complementaria-y-critica\/\",\"name\":\"Informe CEPAL Panorama Social en Am\u00e9rica Latina 2016: Una lectura complementaria y cr\u00edtica.\",\"isPartOf\":{\"@id\":\"https:\/\/www.pressenza.com\/es\/#website\"},\"primaryImageOfPage\":{\"@id\":\"https:\/\/www.pressenza.com\/es\/2017\/06\/informe-cepal-panorama-social-en-america-latina-2016-una-lectura-complementaria-y-critica\/#primaryimage\"},\"image\":{\"@id\":\"https:\/\/www.pressenza.com\/es\/2017\/06\/informe-cepal-panorama-social-en-america-latina-2016-una-lectura-complementaria-y-critica\/#primaryimage\"},\"thumbnailUrl\":\"https:\/\/www.pressenza.com\/wp-content\/uploads\/2017\/06\/desempleo_Mexico-wikipedia.jpg\",\"datePublished\":\"2017-06-03T23:59:19+00:00\",\"dateModified\":\"2017-06-04T00:00:21+00:00\",\"description\":\"El informe anual\u00a0Panorama Social de Am\u00e9rica Latina 2016 fue presentado el martes 30 de Mayo por la Secretaria Ejecutiva de la CEPAL, Alicia B\u00e1rcena, en\",\"breadcrumb\":{\"@id\":\"https:\/\/www.pressenza.com\/es\/2017\/06\/informe-cepal-panorama-social-en-america-latina-2016-una-lectura-complementaria-y-critica\/#breadcrumb\"},\"inLanguage\":\"es\",\"potentialAction\":[{\"@type\":\"ReadAction\",\"target\":[\"https:\/\/www.pressenza.com\/es\/2017\/06\/informe-cepal-panorama-social-en-america-latina-2016-una-lectura-complementaria-y-critica\/\"]}]},{\"@type\":\"ImageObject\",\"inLanguage\":\"es\",\"@id\":\"https:\/\/www.pressenza.com\/es\/2017\/06\/informe-cepal-panorama-social-en-america-latina-2016-una-lectura-complementaria-y-critica\/#primaryimage\",\"url\":\"https:\/\/www.pressenza.com\/wp-content\/uploads\/2017\/06\/desempleo_Mexico-wikipedia.jpg\",\"contentUrl\":\"https:\/\/www.pressenza.com\/wp-content\/uploads\/2017\/06\/desempleo_Mexico-wikipedia.jpg\",\"width\":1200,\"height\":900},{\"@type\":\"BreadcrumbList\",\"@id\":\"https:\/\/www.pressenza.com\/es\/2017\/06\/informe-cepal-panorama-social-en-america-latina-2016-una-lectura-complementaria-y-critica\/#breadcrumb\",\"itemListElement\":[{\"@type\":\"ListItem\",\"position\":1,\"name\":\"Accueil\",\"item\":\"https:\/\/www.pressenza.com\/es\/\"},{\"@type\":\"ListItem\",\"position\":2,\"name\":\"Informe CEPAL Panorama Social en Am\u00e9rica Latina 2016: Una lectura complementaria y cr\u00edtica.\"}]},{\"@type\":\"WebSite\",\"@id\":\"https:\/\/www.pressenza.com\/es\/#website\",\"url\":\"https:\/\/www.pressenza.com\/es\/\",\"name\":\"Pressenza\",\"description\":\"International Press Agency\",\"publisher\":{\"@id\":\"https:\/\/www.pressenza.com\/es\/#organization\"},\"potentialAction\":[{\"@type\":\"SearchAction\",\"target\":{\"@type\":\"EntryPoint\",\"urlTemplate\":\"https:\/\/www.pressenza.com\/es\/?s={search_term_string}\"},\"query-input\":{\"@type\":\"PropertyValueSpecification\",\"valueRequired\":true,\"valueName\":\"search_term_string\"}}],\"inLanguage\":\"es\"},{\"@type\":\"Organization\",\"@id\":\"https:\/\/www.pressenza.com\/es\/#organization\",\"name\":\"Pressenza\",\"url\":\"https:\/\/www.pressenza.com\/es\/\",\"logo\":{\"@type\":\"ImageObject\",\"inLanguage\":\"es\",\"@id\":\"https:\/\/www.pressenza.com\/es\/#\/schema\/logo\/image\/\",\"url\":\"https:\/\/www.pressenza.com\/wp-content\/uploads\/2022\/10\/pressenza_logo_200x200.jpg\",\"contentUrl\":\"https:\/\/www.pressenza.com\/wp-content\/uploads\/2022\/10\/pressenza_logo_200x200.jpg\",\"width\":200,\"height\":200,\"caption\":\"Pressenza\"},\"image\":{\"@id\":\"https:\/\/www.pressenza.com\/es\/#\/schema\/logo\/image\/\"},\"sameAs\":[\"https:\/\/www.facebook.com\/PressenzaItalia\",\"https:\/\/x.com\/PressenzaIPA\"]},{\"@type\":\"Person\",\"@id\":\"https:\/\/www.pressenza.com\/es\/#\/schema\/person\/f353f6d4eed144101dedba60e6227564\",\"name\":\"Javier Tolcachier\",\"description\":\"Javier Tolcachier is a researcher from the World Centre of Humanist Studies, an organism of the Humanist Movement. Mail: javiertolcachier@disroot.org Twitter: @jtolcachier\",\"sameAs\":[\"https:\/\/www.facebook.com\/javier.tolcachier?fref=ts\",\"https:\/\/x.com\/jtolcachier\"],\"url\":\"https:\/\/www.pressenza.com\/es\/author\/javier-tolcachier\/\"}]}<\/script>\n<!-- \/ Yoast SEO plugin. -->","yoast_head_json":{"title":"Informe CEPAL Panorama Social en Am\u00e9rica Latina 2016: Una lectura complementaria y cr\u00edtica.","description":"El informe anual\u00a0Panorama Social de Am\u00e9rica Latina 2016 fue presentado el martes 30 de Mayo por la Secretaria Ejecutiva de la CEPAL, Alicia B\u00e1rcena, en","robots":{"index":"index","follow":"follow","max-snippet":"max-snippet:-1","max-image-preview":"max-image-preview:large","max-video-preview":"max-video-preview:-1"},"canonical":"https:\/\/www.pressenza.com\/es\/2017\/06\/informe-cepal-panorama-social-en-america-latina-2016-una-lectura-complementaria-y-critica\/","og_locale":"es_ES","og_type":"article","og_title":"Informe CEPAL Panorama Social en Am\u00e9rica Latina 2016: Una lectura complementaria y cr\u00edtica.","og_description":"El informe anual\u00a0Panorama Social de Am\u00e9rica Latina 2016 fue presentado el martes 30 de Mayo por la Secretaria Ejecutiva de la CEPAL, Alicia B\u00e1rcena, en","og_url":"https:\/\/www.pressenza.com\/es\/2017\/06\/informe-cepal-panorama-social-en-america-latina-2016-una-lectura-complementaria-y-critica\/","og_site_name":"Pressenza","article_publisher":"https:\/\/www.facebook.com\/PressenzaItalia","article_author":"https:\/\/www.facebook.com\/javier.tolcachier?fref=ts","article_published_time":"2017-06-03T23:59:19+00:00","article_modified_time":"2017-06-04T00:00:21+00:00","og_image":[{"width":1200,"height":900,"url":"https:\/\/www.pressenza.com\/wp-content\/uploads\/2017\/06\/desempleo_Mexico-wikipedia.jpg","type":"image\/jpeg"}],"author":"Javier Tolcachier","twitter_card":"summary_large_image","twitter_creator":"@jtolcachier","twitter_site":"@PressenzaIPA","twitter_misc":{"Escrito por":"Javier Tolcachier","Tiempo de lectura":"12 minutos"},"schema":{"@context":"https:\/\/schema.org","@graph":[{"@type":"Article","@id":"https:\/\/www.pressenza.com\/es\/2017\/06\/informe-cepal-panorama-social-en-america-latina-2016-una-lectura-complementaria-y-critica\/#article","isPartOf":{"@id":"https:\/\/www.pressenza.com\/es\/2017\/06\/informe-cepal-panorama-social-en-america-latina-2016-una-lectura-complementaria-y-critica\/"},"author":{"name":"Javier Tolcachier","@id":"https:\/\/www.pressenza.com\/es\/#\/schema\/person\/f353f6d4eed144101dedba60e6227564"},"headline":"Informe CEPAL Panorama Social en Am\u00e9rica Latina 2016: Una lectura complementaria y cr\u00edtica.","datePublished":"2017-06-03T23:59:19+00:00","dateModified":"2017-06-04T00:00:21+00:00","mainEntityOfPage":{"@id":"https:\/\/www.pressenza.com\/es\/2017\/06\/informe-cepal-panorama-social-en-america-latina-2016-una-lectura-complementaria-y-critica\/"},"wordCount":2360,"publisher":{"@id":"https:\/\/www.pressenza.com\/es\/#organization"},"image":{"@id":"https:\/\/www.pressenza.com\/es\/2017\/06\/informe-cepal-panorama-social-en-america-latina-2016-una-lectura-complementaria-y-critica\/#primaryimage"},"thumbnailUrl":"https:\/\/www.pressenza.com\/wp-content\/uploads\/2017\/06\/desempleo_Mexico-wikipedia.jpg","keywords":["Am\u00e9rica Latina y el Caribe","CEPAL","criminalizaci\u00f3n","desigualdad","Violencia econ\u00f3mica"],"articleSection":["Am\u00e9rica Central","Contenido Original","Derechos Humanos","Norteam\u00e9rica","Opiniones","Pol\u00edtica","Sudam\u00e9rica"],"inLanguage":"es"},{"@type":"WebPage","@id":"https:\/\/www.pressenza.com\/es\/2017\/06\/informe-cepal-panorama-social-en-america-latina-2016-una-lectura-complementaria-y-critica\/","url":"https:\/\/www.pressenza.com\/es\/2017\/06\/informe-cepal-panorama-social-en-america-latina-2016-una-lectura-complementaria-y-critica\/","name":"Informe CEPAL Panorama Social en Am\u00e9rica Latina 2016: Una lectura complementaria y cr\u00edtica.","isPartOf":{"@id":"https:\/\/www.pressenza.com\/es\/#website"},"primaryImageOfPage":{"@id":"https:\/\/www.pressenza.com\/es\/2017\/06\/informe-cepal-panorama-social-en-america-latina-2016-una-lectura-complementaria-y-critica\/#primaryimage"},"image":{"@id":"https:\/\/www.pressenza.com\/es\/2017\/06\/informe-cepal-panorama-social-en-america-latina-2016-una-lectura-complementaria-y-critica\/#primaryimage"},"thumbnailUrl":"https:\/\/www.pressenza.com\/wp-content\/uploads\/2017\/06\/desempleo_Mexico-wikipedia.jpg","datePublished":"2017-06-03T23:59:19+00:00","dateModified":"2017-06-04T00:00:21+00:00","description":"El informe anual\u00a0Panorama Social de Am\u00e9rica Latina 2016 fue presentado el martes 30 de Mayo por la Secretaria Ejecutiva de la CEPAL, Alicia B\u00e1rcena, en","breadcrumb":{"@id":"https:\/\/www.pressenza.com\/es\/2017\/06\/informe-cepal-panorama-social-en-america-latina-2016-una-lectura-complementaria-y-critica\/#breadcrumb"},"inLanguage":"es","potentialAction":[{"@type":"ReadAction","target":["https:\/\/www.pressenza.com\/es\/2017\/06\/informe-cepal-panorama-social-en-america-latina-2016-una-lectura-complementaria-y-critica\/"]}]},{"@type":"ImageObject","inLanguage":"es","@id":"https:\/\/www.pressenza.com\/es\/2017\/06\/informe-cepal-panorama-social-en-america-latina-2016-una-lectura-complementaria-y-critica\/#primaryimage","url":"https:\/\/www.pressenza.com\/wp-content\/uploads\/2017\/06\/desempleo_Mexico-wikipedia.jpg","contentUrl":"https:\/\/www.pressenza.com\/wp-content\/uploads\/2017\/06\/desempleo_Mexico-wikipedia.jpg","width":1200,"height":900},{"@type":"BreadcrumbList","@id":"https:\/\/www.pressenza.com\/es\/2017\/06\/informe-cepal-panorama-social-en-america-latina-2016-una-lectura-complementaria-y-critica\/#breadcrumb","itemListElement":[{"@type":"ListItem","position":1,"name":"Accueil","item":"https:\/\/www.pressenza.com\/es\/"},{"@type":"ListItem","position":2,"name":"Informe CEPAL Panorama Social en Am\u00e9rica Latina 2016: Una lectura complementaria y cr\u00edtica."}]},{"@type":"WebSite","@id":"https:\/\/www.pressenza.com\/es\/#website","url":"https:\/\/www.pressenza.com\/es\/","name":"Pressenza","description":"International Press Agency","publisher":{"@id":"https:\/\/www.pressenza.com\/es\/#organization"},"potentialAction":[{"@type":"SearchAction","target":{"@type":"EntryPoint","urlTemplate":"https:\/\/www.pressenza.com\/es\/?s={search_term_string}"},"query-input":{"@type":"PropertyValueSpecification","valueRequired":true,"valueName":"search_term_string"}}],"inLanguage":"es"},{"@type":"Organization","@id":"https:\/\/www.pressenza.com\/es\/#organization","name":"Pressenza","url":"https:\/\/www.pressenza.com\/es\/","logo":{"@type":"ImageObject","inLanguage":"es","@id":"https:\/\/www.pressenza.com\/es\/#\/schema\/logo\/image\/","url":"https:\/\/www.pressenza.com\/wp-content\/uploads\/2022\/10\/pressenza_logo_200x200.jpg","contentUrl":"https:\/\/www.pressenza.com\/wp-content\/uploads\/2022\/10\/pressenza_logo_200x200.jpg","width":200,"height":200,"caption":"Pressenza"},"image":{"@id":"https:\/\/www.pressenza.com\/es\/#\/schema\/logo\/image\/"},"sameAs":["https:\/\/www.facebook.com\/PressenzaItalia","https:\/\/x.com\/PressenzaIPA"]},{"@type":"Person","@id":"https:\/\/www.pressenza.com\/es\/#\/schema\/person\/f353f6d4eed144101dedba60e6227564","name":"Javier Tolcachier","description":"Javier Tolcachier is a researcher from the World Centre of Humanist Studies, an organism of the Humanist Movement. Mail: javiertolcachier@disroot.org Twitter: @jtolcachier","sameAs":["https:\/\/www.facebook.com\/javier.tolcachier?fref=ts","https:\/\/x.com\/jtolcachier"],"url":"https:\/\/www.pressenza.com\/es\/author\/javier-tolcachier\/"}]}},"place":"","original_article_url":"","_links":{"self":[{"href":"https:\/\/www.pressenza.com\/es\/wp-json\/wp\/v2\/posts\/473856","targetHints":{"allow":["GET"]}}],"collection":[{"href":"https:\/\/www.pressenza.com\/es\/wp-json\/wp\/v2\/posts"}],"about":[{"href":"https:\/\/www.pressenza.com\/es\/wp-json\/wp\/v2\/types\/post"}],"author":[{"embeddable":true,"href":"https:\/\/www.pressenza.com\/es\/wp-json\/wp\/v2\/users\/970"}],"replies":[{"embeddable":true,"href":"https:\/\/www.pressenza.com\/es\/wp-json\/wp\/v2\/comments?post=473856"}],"version-history":[{"count":0,"href":"https:\/\/www.pressenza.com\/es\/wp-json\/wp\/v2\/posts\/473856\/revisions"}],"wp:featuredmedia":[{"embeddable":true,"href":"https:\/\/www.pressenza.com\/es\/wp-json\/wp\/v2\/media\/473857"}],"wp:attachment":[{"href":"https:\/\/www.pressenza.com\/es\/wp-json\/wp\/v2\/media?parent=473856"}],"wp:term":[{"taxonomy":"category","embeddable":true,"href":"https:\/\/www.pressenza.com\/es\/wp-json\/wp\/v2\/categories?post=473856"},{"taxonomy":"post_tag","embeddable":true,"href":"https:\/\/www.pressenza.com\/es\/wp-json\/wp\/v2\/tags?post=473856"}],"curies":[{"name":"wp","href":"https:\/\/api.w.org\/{rel}","templated":true}]}}