{"id":473514,"date":"2017-06-03T04:28:51","date_gmt":"2017-06-03T03:28:51","guid":{"rendered":"https:\/\/www.pressenza.com\/?p=473514\/"},"modified":"2017-06-06T04:06:13","modified_gmt":"2017-06-06T03:06:13","slug":"la-semilla-la-nacion-humana-universal-fue-sembrada-bolivia-la-vista-guillermo-sullings","status":"publish","type":"post","link":"https:\/\/www.pressenza.com\/es\/2017\/06\/la-semilla-la-nacion-humana-universal-fue-sembrada-bolivia-la-vista-guillermo-sullings\/","title":{"rendered":"La semilla de la Naci\u00f3n Humana Universal, fue sembrada en Bolivia con la visita de Guillermo Sullings"},"content":{"rendered":"<p>Por Ricardo G\u00f3mez<\/p>\n<p><span lang=\"es-ES\"><i>El libro \u201cEncrucijada y futuro del Ser Humano, los pasos hacia la Naci\u00f3n Humana Universal\u201d se present\u00f3 en 5 universidades de 3 ciudades del pa\u00eds.<\/i><\/span><\/p>\n<p><span lang=\"es-ES\">El humanista argentino present\u00f3 su libro en auditorios colmados de estudiantes en las principales casas de estudio de La Paz, El Alto y Cochabamba en jornadas agendadas entre el martes 30 de mayo y el viernes 2 de junio.<\/span><\/p>\n<p><span lang=\"es-ES\">La aspiraci\u00f3n humanista, que plantea la construcci\u00f3n de un mundo sin violencia, sin hambre, sin hipocres\u00eda y con ciudadan\u00edas que deciden sobre la direcci\u00f3n de las pol\u00edticas de sus Estados fue escuchada por cientos de asistentes en cada presentaci\u00f3n.<\/span><\/p>\n<p><span lang=\"es-ES\">En la Universidad P\u00fablica de El Alto, la Universidad Franz Tamayo y la Universidad Mayor de San Andr\u00e9s en las que estuvo Guillermo Sullings hubo talleres previos sobre las tem\u00e1ticas centrales de su libro, gracias a los cuales el terreno para la siembra fue trabajado para acoger adecuadamente la semilla de la Naci\u00f3n Humana Universal.<\/span><\/p>\n<p><a href=\"https:\/\/www.pressenza.com\/wp-content\/uploads\/2017\/06\/Guillermo-en-Unifranz.jpg\"><img loading=\"lazy\" decoding=\"async\" class=\"aligncenter size-full wp-image-473522\" src=\"https:\/\/www.pressenza.com\/wp-content\/uploads\/2017\/06\/Guillermo-en-Unifranz.jpg\" alt=\"\" width=\"960\" height=\"650\" srcset=\"https:\/\/www.pressenza.com\/wp-content\/uploads\/2017\/06\/Guillermo-en-Unifranz.jpg 960w, https:\/\/www.pressenza.com\/wp-content\/uploads\/2017\/06\/Guillermo-en-Unifranz-300x203.jpg 300w, https:\/\/www.pressenza.com\/wp-content\/uploads\/2017\/06\/Guillermo-en-Unifranz-768x520.jpg 768w, https:\/\/www.pressenza.com\/wp-content\/uploads\/2017\/06\/Guillermo-en-Unifranz-720x488.jpg 720w\" sizes=\"auto, (max-width: 960px) 100vw, 960px\" \/><\/a><\/p>\n<p><span lang=\"es-ES\">La periodista, historiadora y escritora Lupe Caj\u00edas de la Vega fue la encargada de comentar la producci\u00f3n de Sullings en la Universidad Cat\u00f3lica Boliviana. En su participaci\u00f3n confes\u00f3 que al comenzar a leer el libro le empez\u00f3 a resonar en los o\u00eddos el \u201c<\/span><span lang=\"es-ES\"><i>solo le pido a dios, que la guerra no me sea indiferente<\/i><\/span><span lang=\"es-ES\">\u201d y el himno a la alegr\u00eda de Beethoven. Para ella el libro exige hacer un alto y movernos s\u00f3lo despu\u00e9s de verdaderamente haber tomado conciencia de nuestro ser.<\/span><\/p>\n<p><span lang=\"es-ES\">En el caso de la Universidad Mayor de San Andr\u00e9s, probablemente la m\u00e1s importante de Bolivia, el evento se vio obligado a cambiar de ambiente a \u00faltimo momento debido a una huelga de trabajadores administrativos; sin embargo, eso no impidi\u00f3 que los asistentes y Sullings se encontrar\u00e1n, compartieran y reflexionar\u00e1n juntos.<\/span><\/p>\n<p><a href=\"https:\/\/www.pressenza.com\/wp-content\/uploads\/2017\/06\/DSC0033.jpg\"><img loading=\"lazy\" decoding=\"async\" class=\"aligncenter size-full wp-image-473529\" src=\"https:\/\/www.pressenza.com\/wp-content\/uploads\/2017\/06\/DSC0033.jpg\" alt=\"\" width=\"2048\" height=\"1362\" srcset=\"https:\/\/www.pressenza.com\/wp-content\/uploads\/2017\/06\/DSC0033.jpg 2048w, https:\/\/www.pressenza.com\/wp-content\/uploads\/2017\/06\/DSC0033-300x200.jpg 300w, https:\/\/www.pressenza.com\/wp-content\/uploads\/2017\/06\/DSC0033-768x511.jpg 768w, https:\/\/www.pressenza.com\/wp-content\/uploads\/2017\/06\/DSC0033-720x479.jpg 720w\" sizes=\"auto, (max-width: 2048px) 100vw, 2048px\" \/><\/a><\/p>\n<p><span lang=\"es-ES\">En la Universidad P\u00fablica de El Alto, la presentaci\u00f3n no fue hecha del modo habitual. Los estudiantes instaron a los miembros del Movimiento Humanista a ampliar el desarrollo de las tem\u00e1ticas y terminaron generando unas \u201cJornadas UPEA por un Prop\u00f3sito Universal\u201d que duraron 6 horas repartidas en dos d\u00edas.<\/span><\/p>\n<p><span lang=\"es-ES\">En la ciudad de Cochabamba fue donde todo comenz\u00f3, el libro fue presentado en el auditorio del edificio de posgrado de Econom\u00eda de la Universidad mayor de San Sim\u00f3n y comentado por el reconocido economista Oscar Zegada.<\/span><\/p>\n<p><a href=\"https:\/\/www.pressenza.com\/wp-content\/uploads\/2017\/06\/Encrucijada-unifranz.jpg\"><img loading=\"lazy\" decoding=\"async\" class=\"aligncenter size-full wp-image-473536\" src=\"https:\/\/www.pressenza.com\/wp-content\/uploads\/2017\/06\/Encrucijada-unifranz.jpg\" alt=\"\" width=\"1189\" height=\"671\" srcset=\"https:\/\/www.pressenza.com\/wp-content\/uploads\/2017\/06\/Encrucijada-unifranz.jpg 1189w, https:\/\/www.pressenza.com\/wp-content\/uploads\/2017\/06\/Encrucijada-unifranz-300x169.jpg 300w, https:\/\/www.pressenza.com\/wp-content\/uploads\/2017\/06\/Encrucijada-unifranz-768x433.jpg 768w, https:\/\/www.pressenza.com\/wp-content\/uploads\/2017\/06\/Encrucijada-unifranz-720x406.jpg 720w, https:\/\/www.pressenza.com\/wp-content\/uploads\/2017\/06\/Encrucijada-unifranz-750x422.jpg 750w\" sizes=\"auto, (max-width: 1189px) 100vw, 1189px\" \/><\/a><\/p>\n<p><span lang=\"es-ES\">De alguna forma es real que la semilla de la \u201cNaci\u00f3n Humana Universal\u201d est\u00e1 sembrada en Bolivia ya que se estima que m\u00e1s de mil personas escucharon sobre las propuestas que plantea el libro gracias a la visita del autor Guillermo Sullings y al trabajo de los impulsores de esta idea. <\/span><\/p>\n","protected":false},"excerpt":{"rendered":"<p>Por Ricardo G\u00f3mez El libro \u201cEncrucijada y futuro del Ser Humano, los pasos hacia la Naci\u00f3n Humana Universal\u201d se present\u00f3 en 5 universidades de 3 ciudades del pa\u00eds. El humanista argentino present\u00f3 su libro en auditorios colmados de estudiantes en&hellip;<\/p>\n","protected":false},"author":19,"featured_media":473515,"comment_status":"closed","ping_status":"closed","sticky":false,"template":"","format":"standard","meta":{"footnotes":""},"categories":[11389,75,1240,67],"tags":[8699,1042,15571],"class_list":["post-473514","post","type-post","status-publish","format-standard","has-post-thumbnail","hentry","category-contenido-original","category-cultura-es","category-humanismo-espiritualidad","category-sudamerica","tag-guillermo-sullings-es","tag-libros","tag-nacion-humana-universal"],"yoast_head":"<!-- This site is optimized with the Yoast SEO plugin v27.1.1 - https:\/\/yoast.com\/product\/yoast-seo-wordpress\/ -->\n<title>La semilla de la Naci\u00f3n Humana Universal, fue sembrada en Bolivia con la visita de Guillermo Sullings<\/title>\n<meta name=\"description\" content=\"Por Ricardo G\u00f3mez El libro \u201cEncrucijada y futuro del Ser Humano, los pasos hacia la Naci\u00f3n Humana Universal\u201d se present\u00f3 en 5 universidades de 3 ciudades\" \/>\n<meta name=\"robots\" content=\"index, follow, max-snippet:-1, max-image-preview:large, max-video-preview:-1\" \/>\n<link rel=\"canonical\" href=\"https:\/\/www.pressenza.com\/es\/2017\/06\/la-semilla-la-nacion-humana-universal-fue-sembrada-bolivia-la-vista-guillermo-sullings\/\" \/>\n<meta property=\"og:locale\" content=\"es_ES\" \/>\n<meta property=\"og:type\" content=\"article\" \/>\n<meta property=\"og:title\" content=\"La semilla de la Naci\u00f3n Humana Universal, fue sembrada en Bolivia con la visita de Guillermo Sullings\" \/>\n<meta property=\"og:description\" content=\"Por Ricardo G\u00f3mez El libro \u201cEncrucijada y futuro del Ser Humano, los pasos hacia la Naci\u00f3n Humana Universal\u201d se present\u00f3 en 5 universidades de 3 ciudades\" \/>\n<meta property=\"og:url\" content=\"https:\/\/www.pressenza.com\/es\/2017\/06\/la-semilla-la-nacion-humana-universal-fue-sembrada-bolivia-la-vista-guillermo-sullings\/\" \/>\n<meta property=\"og:site_name\" content=\"Pressenza\" \/>\n<meta property=\"article:publisher\" content=\"https:\/\/www.facebook.com\/PressenzaItalia\" \/>\n<meta property=\"article:author\" content=\"https:\/\/www.facebook.com\/pressenza\" \/>\n<meta property=\"article:published_time\" content=\"2017-06-03T03:28:51+00:00\" \/>\n<meta property=\"article:modified_time\" content=\"2017-06-06T03:06:13+00:00\" \/>\n<meta property=\"og:image\" content=\"https:\/\/www.pressenza.com\/wp-content\/uploads\/2017\/06\/Guillermo-Sullings-en-Bolivia.jpg\" \/>\n\t<meta property=\"og:image:width\" content=\"2048\" \/>\n\t<meta property=\"og:image:height\" content=\"1352\" \/>\n\t<meta property=\"og:image:type\" content=\"image\/jpeg\" \/>\n<meta name=\"author\" content=\"Pressenza IPA\" \/>\n<meta name=\"twitter:card\" content=\"summary_large_image\" \/>\n<meta name=\"twitter:creator\" content=\"@PressenzaIPA\" \/>\n<meta name=\"twitter:site\" content=\"@PressenzaIPA\" \/>\n<meta name=\"twitter:label1\" content=\"Escrito por\" \/>\n\t<meta name=\"twitter:data1\" content=\"Pressenza IPA\" \/>\n\t<meta name=\"twitter:label2\" content=\"Tiempo de lectura\" \/>\n\t<meta name=\"twitter:data2\" content=\"2 minutos\" \/>\n<script type=\"application\/ld+json\" class=\"yoast-schema-graph\">{\"@context\":\"https:\/\/schema.org\",\"@graph\":[{\"@type\":\"Article\",\"@id\":\"https:\/\/www.pressenza.com\/es\/2017\/06\/la-semilla-la-nacion-humana-universal-fue-sembrada-bolivia-la-vista-guillermo-sullings\/#article\",\"isPartOf\":{\"@id\":\"https:\/\/www.pressenza.com\/es\/2017\/06\/la-semilla-la-nacion-humana-universal-fue-sembrada-bolivia-la-vista-guillermo-sullings\/\"},\"author\":{\"name\":\"Pressenza IPA\",\"@id\":\"https:\/\/www.pressenza.com\/es\/#\/schema\/person\/010e5d02bcf40965427a1289a4cc8d75\"},\"headline\":\"La semilla de la Naci\u00f3n Humana Universal, fue sembrada en Bolivia con la visita de Guillermo Sullings\",\"datePublished\":\"2017-06-03T03:28:51+00:00\",\"dateModified\":\"2017-06-06T03:06:13+00:00\",\"mainEntityOfPage\":{\"@id\":\"https:\/\/www.pressenza.com\/es\/2017\/06\/la-semilla-la-nacion-humana-universal-fue-sembrada-bolivia-la-vista-guillermo-sullings\/\"},\"wordCount\":480,\"publisher\":{\"@id\":\"https:\/\/www.pressenza.com\/es\/#organization\"},\"image\":{\"@id\":\"https:\/\/www.pressenza.com\/es\/2017\/06\/la-semilla-la-nacion-humana-universal-fue-sembrada-bolivia-la-vista-guillermo-sullings\/#primaryimage\"},\"thumbnailUrl\":\"https:\/\/www.pressenza.com\/wp-content\/uploads\/2017\/06\/Guillermo-Sullings-en-Bolivia.jpg\",\"keywords\":[\"Guillermo Sullings\",\"libros\",\"Naci\u00f3n Humana Universal\"],\"articleSection\":[\"Contenido Original\",\"Cultura y Medios\",\"Humanismo y Espiritualidad\",\"Sudam\u00e9rica\"],\"inLanguage\":\"es\"},{\"@type\":\"WebPage\",\"@id\":\"https:\/\/www.pressenza.com\/es\/2017\/06\/la-semilla-la-nacion-humana-universal-fue-sembrada-bolivia-la-vista-guillermo-sullings\/\",\"url\":\"https:\/\/www.pressenza.com\/es\/2017\/06\/la-semilla-la-nacion-humana-universal-fue-sembrada-bolivia-la-vista-guillermo-sullings\/\",\"name\":\"La semilla de la Naci\u00f3n Humana Universal, fue sembrada en Bolivia con la visita de Guillermo Sullings\",\"isPartOf\":{\"@id\":\"https:\/\/www.pressenza.com\/es\/#website\"},\"primaryImageOfPage\":{\"@id\":\"https:\/\/www.pressenza.com\/es\/2017\/06\/la-semilla-la-nacion-humana-universal-fue-sembrada-bolivia-la-vista-guillermo-sullings\/#primaryimage\"},\"image\":{\"@id\":\"https:\/\/www.pressenza.com\/es\/2017\/06\/la-semilla-la-nacion-humana-universal-fue-sembrada-bolivia-la-vista-guillermo-sullings\/#primaryimage\"},\"thumbnailUrl\":\"https:\/\/www.pressenza.com\/wp-content\/uploads\/2017\/06\/Guillermo-Sullings-en-Bolivia.jpg\",\"datePublished\":\"2017-06-03T03:28:51+00:00\",\"dateModified\":\"2017-06-06T03:06:13+00:00\",\"description\":\"Por Ricardo G\u00f3mez El libro \u201cEncrucijada y futuro del Ser Humano, los pasos hacia la Naci\u00f3n Humana Universal\u201d se present\u00f3 en 5 universidades de 3 ciudades\",\"breadcrumb\":{\"@id\":\"https:\/\/www.pressenza.com\/es\/2017\/06\/la-semilla-la-nacion-humana-universal-fue-sembrada-bolivia-la-vista-guillermo-sullings\/#breadcrumb\"},\"inLanguage\":\"es\",\"potentialAction\":[{\"@type\":\"ReadAction\",\"target\":[\"https:\/\/www.pressenza.com\/es\/2017\/06\/la-semilla-la-nacion-humana-universal-fue-sembrada-bolivia-la-vista-guillermo-sullings\/\"]}]},{\"@type\":\"ImageObject\",\"inLanguage\":\"es\",\"@id\":\"https:\/\/www.pressenza.com\/es\/2017\/06\/la-semilla-la-nacion-humana-universal-fue-sembrada-bolivia-la-vista-guillermo-sullings\/#primaryimage\",\"url\":\"https:\/\/www.pressenza.com\/wp-content\/uploads\/2017\/06\/Guillermo-Sullings-en-Bolivia.jpg\",\"contentUrl\":\"https:\/\/www.pressenza.com\/wp-content\/uploads\/2017\/06\/Guillermo-Sullings-en-Bolivia.jpg\",\"width\":2048,\"height\":1352},{\"@type\":\"BreadcrumbList\",\"@id\":\"https:\/\/www.pressenza.com\/es\/2017\/06\/la-semilla-la-nacion-humana-universal-fue-sembrada-bolivia-la-vista-guillermo-sullings\/#breadcrumb\",\"itemListElement\":[{\"@type\":\"ListItem\",\"position\":1,\"name\":\"Accueil\",\"item\":\"https:\/\/www.pressenza.com\/es\/\"},{\"@type\":\"ListItem\",\"position\":2,\"name\":\"La semilla de la Naci\u00f3n Humana Universal, fue sembrada en Bolivia con la visita de Guillermo Sullings\"}]},{\"@type\":\"WebSite\",\"@id\":\"https:\/\/www.pressenza.com\/es\/#website\",\"url\":\"https:\/\/www.pressenza.com\/es\/\",\"name\":\"Pressenza\",\"description\":\"International Press Agency\",\"publisher\":{\"@id\":\"https:\/\/www.pressenza.com\/es\/#organization\"},\"potentialAction\":[{\"@type\":\"SearchAction\",\"target\":{\"@type\":\"EntryPoint\",\"urlTemplate\":\"https:\/\/www.pressenza.com\/es\/?s={search_term_string}\"},\"query-input\":{\"@type\":\"PropertyValueSpecification\",\"valueRequired\":true,\"valueName\":\"search_term_string\"}}],\"inLanguage\":\"es\"},{\"@type\":\"Organization\",\"@id\":\"https:\/\/www.pressenza.com\/es\/#organization\",\"name\":\"Pressenza\",\"url\":\"https:\/\/www.pressenza.com\/es\/\",\"logo\":{\"@type\":\"ImageObject\",\"inLanguage\":\"es\",\"@id\":\"https:\/\/www.pressenza.com\/es\/#\/schema\/logo\/image\/\",\"url\":\"https:\/\/www.pressenza.com\/wp-content\/uploads\/2022\/10\/pressenza_logo_200x200.jpg\",\"contentUrl\":\"https:\/\/www.pressenza.com\/wp-content\/uploads\/2022\/10\/pressenza_logo_200x200.jpg\",\"width\":200,\"height\":200,\"caption\":\"Pressenza\"},\"image\":{\"@id\":\"https:\/\/www.pressenza.com\/es\/#\/schema\/logo\/image\/\"},\"sameAs\":[\"https:\/\/www.facebook.com\/PressenzaItalia\",\"https:\/\/x.com\/PressenzaIPA\"]},{\"@type\":\"Person\",\"@id\":\"https:\/\/www.pressenza.com\/es\/#\/schema\/person\/010e5d02bcf40965427a1289a4cc8d75\",\"name\":\"Pressenza IPA\",\"description\":\"News from Pressenza IPA correspondents\",\"sameAs\":[\"https:\/\/www.facebook.com\/pressenza\",\"https:\/\/x.com\/PressenzaIPA\"],\"url\":\"https:\/\/www.pressenza.com\/es\/author\/pressenza-ipa\/\"}]}<\/script>\n<!-- \/ Yoast SEO plugin. -->","yoast_head_json":{"title":"La semilla de la Naci\u00f3n Humana Universal, fue sembrada en Bolivia con la visita de Guillermo Sullings","description":"Por Ricardo G\u00f3mez El libro \u201cEncrucijada y futuro del Ser Humano, los pasos hacia la Naci\u00f3n Humana Universal\u201d se present\u00f3 en 5 universidades de 3 ciudades","robots":{"index":"index","follow":"follow","max-snippet":"max-snippet:-1","max-image-preview":"max-image-preview:large","max-video-preview":"max-video-preview:-1"},"canonical":"https:\/\/www.pressenza.com\/es\/2017\/06\/la-semilla-la-nacion-humana-universal-fue-sembrada-bolivia-la-vista-guillermo-sullings\/","og_locale":"es_ES","og_type":"article","og_title":"La semilla de la Naci\u00f3n Humana Universal, fue sembrada en Bolivia con la visita de Guillermo Sullings","og_description":"Por Ricardo G\u00f3mez El libro \u201cEncrucijada y futuro del Ser Humano, los pasos hacia la Naci\u00f3n Humana Universal\u201d se present\u00f3 en 5 universidades de 3 ciudades","og_url":"https:\/\/www.pressenza.com\/es\/2017\/06\/la-semilla-la-nacion-humana-universal-fue-sembrada-bolivia-la-vista-guillermo-sullings\/","og_site_name":"Pressenza","article_publisher":"https:\/\/www.facebook.com\/PressenzaItalia","article_author":"https:\/\/www.facebook.com\/pressenza","article_published_time":"2017-06-03T03:28:51+00:00","article_modified_time":"2017-06-06T03:06:13+00:00","og_image":[{"width":2048,"height":1352,"url":"https:\/\/www.pressenza.com\/wp-content\/uploads\/2017\/06\/Guillermo-Sullings-en-Bolivia.jpg","type":"image\/jpeg"}],"author":"Pressenza IPA","twitter_card":"summary_large_image","twitter_creator":"@PressenzaIPA","twitter_site":"@PressenzaIPA","twitter_misc":{"Escrito por":"Pressenza IPA","Tiempo de lectura":"2 minutos"},"schema":{"@context":"https:\/\/schema.org","@graph":[{"@type":"Article","@id":"https:\/\/www.pressenza.com\/es\/2017\/06\/la-semilla-la-nacion-humana-universal-fue-sembrada-bolivia-la-vista-guillermo-sullings\/#article","isPartOf":{"@id":"https:\/\/www.pressenza.com\/es\/2017\/06\/la-semilla-la-nacion-humana-universal-fue-sembrada-bolivia-la-vista-guillermo-sullings\/"},"author":{"name":"Pressenza IPA","@id":"https:\/\/www.pressenza.com\/es\/#\/schema\/person\/010e5d02bcf40965427a1289a4cc8d75"},"headline":"La semilla de la Naci\u00f3n Humana Universal, fue sembrada en Bolivia con la visita de Guillermo Sullings","datePublished":"2017-06-03T03:28:51+00:00","dateModified":"2017-06-06T03:06:13+00:00","mainEntityOfPage":{"@id":"https:\/\/www.pressenza.com\/es\/2017\/06\/la-semilla-la-nacion-humana-universal-fue-sembrada-bolivia-la-vista-guillermo-sullings\/"},"wordCount":480,"publisher":{"@id":"https:\/\/www.pressenza.com\/es\/#organization"},"image":{"@id":"https:\/\/www.pressenza.com\/es\/2017\/06\/la-semilla-la-nacion-humana-universal-fue-sembrada-bolivia-la-vista-guillermo-sullings\/#primaryimage"},"thumbnailUrl":"https:\/\/www.pressenza.com\/wp-content\/uploads\/2017\/06\/Guillermo-Sullings-en-Bolivia.jpg","keywords":["Guillermo Sullings","libros","Naci\u00f3n Humana Universal"],"articleSection":["Contenido Original","Cultura y Medios","Humanismo y Espiritualidad","Sudam\u00e9rica"],"inLanguage":"es"},{"@type":"WebPage","@id":"https:\/\/www.pressenza.com\/es\/2017\/06\/la-semilla-la-nacion-humana-universal-fue-sembrada-bolivia-la-vista-guillermo-sullings\/","url":"https:\/\/www.pressenza.com\/es\/2017\/06\/la-semilla-la-nacion-humana-universal-fue-sembrada-bolivia-la-vista-guillermo-sullings\/","name":"La semilla de la Naci\u00f3n Humana Universal, fue sembrada en Bolivia con la visita de Guillermo Sullings","isPartOf":{"@id":"https:\/\/www.pressenza.com\/es\/#website"},"primaryImageOfPage":{"@id":"https:\/\/www.pressenza.com\/es\/2017\/06\/la-semilla-la-nacion-humana-universal-fue-sembrada-bolivia-la-vista-guillermo-sullings\/#primaryimage"},"image":{"@id":"https:\/\/www.pressenza.com\/es\/2017\/06\/la-semilla-la-nacion-humana-universal-fue-sembrada-bolivia-la-vista-guillermo-sullings\/#primaryimage"},"thumbnailUrl":"https:\/\/www.pressenza.com\/wp-content\/uploads\/2017\/06\/Guillermo-Sullings-en-Bolivia.jpg","datePublished":"2017-06-03T03:28:51+00:00","dateModified":"2017-06-06T03:06:13+00:00","description":"Por Ricardo G\u00f3mez El libro \u201cEncrucijada y futuro del Ser Humano, los pasos hacia la Naci\u00f3n Humana Universal\u201d se present\u00f3 en 5 universidades de 3 ciudades","breadcrumb":{"@id":"https:\/\/www.pressenza.com\/es\/2017\/06\/la-semilla-la-nacion-humana-universal-fue-sembrada-bolivia-la-vista-guillermo-sullings\/#breadcrumb"},"inLanguage":"es","potentialAction":[{"@type":"ReadAction","target":["https:\/\/www.pressenza.com\/es\/2017\/06\/la-semilla-la-nacion-humana-universal-fue-sembrada-bolivia-la-vista-guillermo-sullings\/"]}]},{"@type":"ImageObject","inLanguage":"es","@id":"https:\/\/www.pressenza.com\/es\/2017\/06\/la-semilla-la-nacion-humana-universal-fue-sembrada-bolivia-la-vista-guillermo-sullings\/#primaryimage","url":"https:\/\/www.pressenza.com\/wp-content\/uploads\/2017\/06\/Guillermo-Sullings-en-Bolivia.jpg","contentUrl":"https:\/\/www.pressenza.com\/wp-content\/uploads\/2017\/06\/Guillermo-Sullings-en-Bolivia.jpg","width":2048,"height":1352},{"@type":"BreadcrumbList","@id":"https:\/\/www.pressenza.com\/es\/2017\/06\/la-semilla-la-nacion-humana-universal-fue-sembrada-bolivia-la-vista-guillermo-sullings\/#breadcrumb","itemListElement":[{"@type":"ListItem","position":1,"name":"Accueil","item":"https:\/\/www.pressenza.com\/es\/"},{"@type":"ListItem","position":2,"name":"La semilla de la Naci\u00f3n Humana Universal, fue sembrada en Bolivia con la visita de Guillermo Sullings"}]},{"@type":"WebSite","@id":"https:\/\/www.pressenza.com\/es\/#website","url":"https:\/\/www.pressenza.com\/es\/","name":"Pressenza","description":"International Press Agency","publisher":{"@id":"https:\/\/www.pressenza.com\/es\/#organization"},"potentialAction":[{"@type":"SearchAction","target":{"@type":"EntryPoint","urlTemplate":"https:\/\/www.pressenza.com\/es\/?s={search_term_string}"},"query-input":{"@type":"PropertyValueSpecification","valueRequired":true,"valueName":"search_term_string"}}],"inLanguage":"es"},{"@type":"Organization","@id":"https:\/\/www.pressenza.com\/es\/#organization","name":"Pressenza","url":"https:\/\/www.pressenza.com\/es\/","logo":{"@type":"ImageObject","inLanguage":"es","@id":"https:\/\/www.pressenza.com\/es\/#\/schema\/logo\/image\/","url":"https:\/\/www.pressenza.com\/wp-content\/uploads\/2022\/10\/pressenza_logo_200x200.jpg","contentUrl":"https:\/\/www.pressenza.com\/wp-content\/uploads\/2022\/10\/pressenza_logo_200x200.jpg","width":200,"height":200,"caption":"Pressenza"},"image":{"@id":"https:\/\/www.pressenza.com\/es\/#\/schema\/logo\/image\/"},"sameAs":["https:\/\/www.facebook.com\/PressenzaItalia","https:\/\/x.com\/PressenzaIPA"]},{"@type":"Person","@id":"https:\/\/www.pressenza.com\/es\/#\/schema\/person\/010e5d02bcf40965427a1289a4cc8d75","name":"Pressenza IPA","description":"News from Pressenza IPA correspondents","sameAs":["https:\/\/www.facebook.com\/pressenza","https:\/\/x.com\/PressenzaIPA"],"url":"https:\/\/www.pressenza.com\/es\/author\/pressenza-ipa\/"}]}},"place":"La Paz, Bolivia","original_article_url":"","_links":{"self":[{"href":"https:\/\/www.pressenza.com\/es\/wp-json\/wp\/v2\/posts\/473514","targetHints":{"allow":["GET"]}}],"collection":[{"href":"https:\/\/www.pressenza.com\/es\/wp-json\/wp\/v2\/posts"}],"about":[{"href":"https:\/\/www.pressenza.com\/es\/wp-json\/wp\/v2\/types\/post"}],"author":[{"embeddable":true,"href":"https:\/\/www.pressenza.com\/es\/wp-json\/wp\/v2\/users\/19"}],"replies":[{"embeddable":true,"href":"https:\/\/www.pressenza.com\/es\/wp-json\/wp\/v2\/comments?post=473514"}],"version-history":[{"count":0,"href":"https:\/\/www.pressenza.com\/es\/wp-json\/wp\/v2\/posts\/473514\/revisions"}],"wp:featuredmedia":[{"embeddable":true,"href":"https:\/\/www.pressenza.com\/es\/wp-json\/wp\/v2\/media\/473515"}],"wp:attachment":[{"href":"https:\/\/www.pressenza.com\/es\/wp-json\/wp\/v2\/media?parent=473514"}],"wp:term":[{"taxonomy":"category","embeddable":true,"href":"https:\/\/www.pressenza.com\/es\/wp-json\/wp\/v2\/categories?post=473514"},{"taxonomy":"post_tag","embeddable":true,"href":"https:\/\/www.pressenza.com\/es\/wp-json\/wp\/v2\/tags?post=473514"}],"curies":[{"name":"wp","href":"https:\/\/api.w.org\/{rel}","templated":true}]}}