{"id":473101,"date":"2017-06-02T13:21:43","date_gmt":"2017-06-02T12:21:43","guid":{"rendered":"https:\/\/www.pressenza.com\/?p=473101\/"},"modified":"2017-06-02T13:23:12","modified_gmt":"2017-06-02T12:23:12","slug":"josep-pamies-absuelto-cultivar-marihuana-terapeutica","status":"publish","type":"post","link":"https:\/\/www.pressenza.com\/es\/2017\/06\/josep-pamies-absuelto-cultivar-marihuana-terapeutica\/","title":{"rendered":"Josep P\u00e0mies absuelto por cultivar marihuana terap\u00e9utica"},"content":{"rendered":"<p>Tras el Juicio oral celebrado el pasado 25 de mayo, en el que se acusaba a Josep P\u00e0mies de un delito contra la Salud P\u00fablica, y se le ped\u00eda una condena de dos a\u00f1os de c\u00e1rcel y 16.000\u20ac de multa, la Magistrada Juez del Juzgado de lo Penal n\u00famero dos de Lleida, ha resuelto absolver a P\u00e0mies de todos los cargos.<\/p>\n<p>En el Juicio qued\u00f3 probado que las 89 plantas de marihuana incautadas por los Mossos de Escuadra el 22 de septiembre de 2014, en un terreno propiedad del acusado, pertenec\u00edan a algunos miembros de la Asociaci\u00f3n Dulce Revoluci\u00f3n, Entidad a quien P\u00e0mies cedi\u00f3 el espacio para cultivar plantas medicinales.<\/p>\n<p>Tambi\u00e9n se constat\u00f3 que el destino de estas plantas era el uso terap\u00e9utico que iban a hacer los propietarios de las plantas y en ning\u00fan caso el tr\u00e1fico ni la promoci\u00f3n externa.<\/p>\n<p>Esta sentencia abre la puerta a la posibilidad del auto cultivo de plantas medicinales prohibidas.<\/p>\n<p>Desde Dulce Revoluci\u00f3n celebramos esta resoluci\u00f3n pero seguimos adelante con la campa\u00f1a NINGUNA PLANTA ES ILEGAL con el objetivo de conseguir el reconocimiento de todas las plantas medicinales prohibidas, animamos al AUTO CULTIVO de estas plantas y nos solidarizamos con las personas que est\u00e1n atravesando el calvario de una condena, por una situaci\u00f3n similar a la de Josep y no han tenido tanta suerte.<\/p>\n<h1><img loading=\"lazy\" decoding=\"async\" class=\"alignnone wp-image-473109\" src=\"https:\/\/www.pressenza.com\/wp-content\/uploads\/2017\/06\/foto-josep-2.jpg\" alt=\"\" width=\"932\" height=\"621\" srcset=\"https:\/\/www.pressenza.com\/wp-content\/uploads\/2017\/06\/foto-josep-2.jpg 500w, https:\/\/www.pressenza.com\/wp-content\/uploads\/2017\/06\/foto-josep-2-300x200.jpg 300w\" sizes=\"auto, (max-width: 932px) 100vw, 932px\" \/><\/h1>\n<p><span style=\"color: #339966;\">CATAL\u00c0:<\/span><\/p>\n<h1>Josep P\u00e0mies absolt pel cultiu de marihuana terap\u00e8utica<\/h1>\n<p>Despr\u00e9s del Judici oral, celebrat el passat 25 de maig, en el que s\u2019acusava el Josep P\u00e0mies per un delicte contra la Salut P\u00fablica i se li demanava una condemna de dos anys de pres\u00f3 i 16.000 \u20ac de multa la Magistrada Jutge del Jutjat de lo Penal n\u00famero dos de Lleida, ha resolt absoldre a P\u00e0mies de tots els c\u00e0rrecs.<\/p>\n<p>Al Judici, va quedar provat que les 89 plantes de marihuana confiscades pels Mossos d\u2019Esquadra el 22 de setembre de 2014, en un terreny propietat de l\u2019acusat, pertanyien a un grup de socis de l\u2019Associaci\u00f3 Dol\u00e7a Revoluci\u00f3, Entitat a qui en P\u00e0mies havia cedit l\u2019espai per a cultiu de plantes medicinals.<\/p>\n<p>Tamb\u00e9 es va constatar que el dest\u00ed d\u2019aquestes plantes era l\u2019\u00fas terap\u00e8utic que en farien els seus propietaris i en cap cas el tr\u00e0fic ni la promoci\u00f3 externa.<\/p>\n<p>Aquesta sent\u00e8ncia obre la porta a la possibilitat d\u2019auto cultiu de plantes medicinals prohibides.<\/p>\n<p>Des de la Dol\u00e7a Revoluci\u00f3 celebrem aquesta resoluci\u00f3n per\u00f2, seguim endavant amb la campanya CAP PLANTA ES IL\u00b7LEGAL amb l\u2019objectiu d\u2019aconseguir el reconeixement de totes les plantes medicinals prohibides, animem a l\u2019AUTO CULTIU d\u2019aquestes plantes i ens solidaritzem amb les persones que estan passant pel calvari d\u2019una condemna, per una situaci\u00f3 similar a la del Josep i no han tingut tanta sort.<\/p>\n","protected":false},"excerpt":{"rendered":"<p>Tras el Juicio oral celebrado el pasado 25 de mayo, en el que se acusaba a Josep P\u00e0mies de un delito contra la Salud P\u00fablica, y se le ped\u00eda una condena de dos a\u00f1os de c\u00e1rcel y 16.000\u20ac de multa,&hellip;<\/p>\n","protected":false},"author":1122,"featured_media":473118,"comment_status":"closed","ping_status":"closed","sticky":false,"template":"","format":"standard","meta":{"footnotes":""},"categories":[149,78,66,1239],"tags":[37893,32016,5288,37892,37891],"class_list":["post-473101","post","type-post","status-publish","format-standard","has-post-thumbnail","hentry","category-comunicados-de-prensa","category-medio-ambiente-ecologia","category-europa-es","category-salud","tag-absolucion","tag-josep-pamies","tag-marihuana","tag-sentencia","tag-terapeutica"],"yoast_head":"<!-- This site is optimized with the Yoast SEO plugin v27.1.1 - https:\/\/yoast.com\/product\/yoast-seo-wordpress\/ -->\n<title>Josep P\u00e0mies absuelto por cultivar marihuana terap\u00e9utica<\/title>\n<meta name=\"description\" content=\"Tras el Juicio oral celebrado el pasado 25 de mayo, en el que se acusaba a Josep P\u00e0mies de un delito contra la Salud P\u00fablica, y se le ped\u00eda una condena de\" \/>\n<meta name=\"robots\" content=\"index, follow, max-snippet:-1, max-image-preview:large, max-video-preview:-1\" \/>\n<link rel=\"canonical\" href=\"https:\/\/www.pressenza.com\/es\/2017\/06\/josep-pamies-absuelto-cultivar-marihuana-terapeutica\/\" \/>\n<meta property=\"og:locale\" content=\"es_ES\" \/>\n<meta property=\"og:type\" content=\"article\" \/>\n<meta property=\"og:title\" content=\"Josep P\u00e0mies absuelto por cultivar marihuana terap\u00e9utica\" \/>\n<meta property=\"og:description\" content=\"Tras el Juicio oral celebrado el pasado 25 de mayo, en el que se acusaba a Josep P\u00e0mies de un delito contra la Salud P\u00fablica, y se le ped\u00eda una condena de\" \/>\n<meta property=\"og:url\" content=\"https:\/\/www.pressenza.com\/es\/2017\/06\/josep-pamies-absuelto-cultivar-marihuana-terapeutica\/\" \/>\n<meta property=\"og:site_name\" content=\"Pressenza\" \/>\n<meta property=\"article:publisher\" content=\"https:\/\/www.facebook.com\/PressenzaItalia\" \/>\n<meta property=\"article:author\" content=\"https:\/\/www.facebook.com\/Pressenza-Espaa-647854795301395\/timeline\/\" \/>\n<meta property=\"article:published_time\" content=\"2017-06-02T12:21:43+00:00\" \/>\n<meta property=\"article:modified_time\" content=\"2017-06-02T12:23:12+00:00\" \/>\n<meta property=\"og:image\" content=\"https:\/\/www.pressenza.com\/wp-content\/uploads\/2017\/06\/foliage-1157792_1920.jpg\" \/>\n\t<meta property=\"og:image:width\" content=\"1920\" \/>\n\t<meta property=\"og:image:height\" content=\"1285\" \/>\n\t<meta property=\"og:image:type\" content=\"image\/jpeg\" \/>\n<meta name=\"author\" content=\"Redacci\u00f3n Barcelona\" \/>\n<meta name=\"twitter:card\" content=\"summary_large_image\" \/>\n<meta name=\"twitter:creator\" content=\"@pressenza\" \/>\n<meta name=\"twitter:site\" content=\"@PressenzaIPA\" \/>\n<meta name=\"twitter:label1\" content=\"Escrito por\" \/>\n\t<meta name=\"twitter:data1\" content=\"Redacci\u00f3n Barcelona\" \/>\n\t<meta name=\"twitter:label2\" content=\"Tiempo de lectura\" \/>\n\t<meta name=\"twitter:data2\" content=\"2 minutos\" \/>\n<script type=\"application\/ld+json\" class=\"yoast-schema-graph\">{\"@context\":\"https:\/\/schema.org\",\"@graph\":[{\"@type\":\"Article\",\"@id\":\"https:\/\/www.pressenza.com\/es\/2017\/06\/josep-pamies-absuelto-cultivar-marihuana-terapeutica\/#article\",\"isPartOf\":{\"@id\":\"https:\/\/www.pressenza.com\/es\/2017\/06\/josep-pamies-absuelto-cultivar-marihuana-terapeutica\/\"},\"author\":{\"name\":\"Redacci\u00f3n Barcelona\",\"@id\":\"https:\/\/www.pressenza.com\/es\/#\/schema\/person\/8abc53b92f3264e0dad4300d54ac73ff\"},\"headline\":\"Josep P\u00e0mies absuelto por cultivar marihuana terap\u00e9utica\",\"datePublished\":\"2017-06-02T12:21:43+00:00\",\"dateModified\":\"2017-06-02T12:23:12+00:00\",\"mainEntityOfPage\":{\"@id\":\"https:\/\/www.pressenza.com\/es\/2017\/06\/josep-pamies-absuelto-cultivar-marihuana-terapeutica\/\"},\"wordCount\":494,\"publisher\":{\"@id\":\"https:\/\/www.pressenza.com\/es\/#organization\"},\"image\":{\"@id\":\"https:\/\/www.pressenza.com\/es\/2017\/06\/josep-pamies-absuelto-cultivar-marihuana-terapeutica\/#primaryimage\"},\"thumbnailUrl\":\"https:\/\/www.pressenza.com\/wp-content\/uploads\/2017\/06\/foliage-1157792_1920.jpg\",\"keywords\":[\"absoluci\u00f3n\",\"Josep Pami\u00e8s\",\"Marihuana\",\"sentencia\",\"terap\u00e9utica\"],\"articleSection\":[\"Comunicados de Prensa\",\"Ecolog\u00eda y Medio Ambiente\",\"Europa\",\"Salud\"],\"inLanguage\":\"es\"},{\"@type\":\"WebPage\",\"@id\":\"https:\/\/www.pressenza.com\/es\/2017\/06\/josep-pamies-absuelto-cultivar-marihuana-terapeutica\/\",\"url\":\"https:\/\/www.pressenza.com\/es\/2017\/06\/josep-pamies-absuelto-cultivar-marihuana-terapeutica\/\",\"name\":\"Josep P\u00e0mies absuelto por cultivar marihuana terap\u00e9utica\",\"isPartOf\":{\"@id\":\"https:\/\/www.pressenza.com\/es\/#website\"},\"primaryImageOfPage\":{\"@id\":\"https:\/\/www.pressenza.com\/es\/2017\/06\/josep-pamies-absuelto-cultivar-marihuana-terapeutica\/#primaryimage\"},\"image\":{\"@id\":\"https:\/\/www.pressenza.com\/es\/2017\/06\/josep-pamies-absuelto-cultivar-marihuana-terapeutica\/#primaryimage\"},\"thumbnailUrl\":\"https:\/\/www.pressenza.com\/wp-content\/uploads\/2017\/06\/foliage-1157792_1920.jpg\",\"datePublished\":\"2017-06-02T12:21:43+00:00\",\"dateModified\":\"2017-06-02T12:23:12+00:00\",\"description\":\"Tras el Juicio oral celebrado el pasado 25 de mayo, en el que se acusaba a Josep P\u00e0mies de un delito contra la Salud P\u00fablica, y se le ped\u00eda una condena de\",\"breadcrumb\":{\"@id\":\"https:\/\/www.pressenza.com\/es\/2017\/06\/josep-pamies-absuelto-cultivar-marihuana-terapeutica\/#breadcrumb\"},\"inLanguage\":\"es\",\"potentialAction\":[{\"@type\":\"ReadAction\",\"target\":[\"https:\/\/www.pressenza.com\/es\/2017\/06\/josep-pamies-absuelto-cultivar-marihuana-terapeutica\/\"]}]},{\"@type\":\"ImageObject\",\"inLanguage\":\"es\",\"@id\":\"https:\/\/www.pressenza.com\/es\/2017\/06\/josep-pamies-absuelto-cultivar-marihuana-terapeutica\/#primaryimage\",\"url\":\"https:\/\/www.pressenza.com\/wp-content\/uploads\/2017\/06\/foliage-1157792_1920.jpg\",\"contentUrl\":\"https:\/\/www.pressenza.com\/wp-content\/uploads\/2017\/06\/foliage-1157792_1920.jpg\",\"width\":1920,\"height\":1285},{\"@type\":\"BreadcrumbList\",\"@id\":\"https:\/\/www.pressenza.com\/es\/2017\/06\/josep-pamies-absuelto-cultivar-marihuana-terapeutica\/#breadcrumb\",\"itemListElement\":[{\"@type\":\"ListItem\",\"position\":1,\"name\":\"Accueil\",\"item\":\"https:\/\/www.pressenza.com\/es\/\"},{\"@type\":\"ListItem\",\"position\":2,\"name\":\"Josep P\u00e0mies absuelto por cultivar marihuana terap\u00e9utica\"}]},{\"@type\":\"WebSite\",\"@id\":\"https:\/\/www.pressenza.com\/es\/#website\",\"url\":\"https:\/\/www.pressenza.com\/es\/\",\"name\":\"Pressenza\",\"description\":\"International Press Agency\",\"publisher\":{\"@id\":\"https:\/\/www.pressenza.com\/es\/#organization\"},\"potentialAction\":[{\"@type\":\"SearchAction\",\"target\":{\"@type\":\"EntryPoint\",\"urlTemplate\":\"https:\/\/www.pressenza.com\/es\/?s={search_term_string}\"},\"query-input\":{\"@type\":\"PropertyValueSpecification\",\"valueRequired\":true,\"valueName\":\"search_term_string\"}}],\"inLanguage\":\"es\"},{\"@type\":\"Organization\",\"@id\":\"https:\/\/www.pressenza.com\/es\/#organization\",\"name\":\"Pressenza\",\"url\":\"https:\/\/www.pressenza.com\/es\/\",\"logo\":{\"@type\":\"ImageObject\",\"inLanguage\":\"es\",\"@id\":\"https:\/\/www.pressenza.com\/es\/#\/schema\/logo\/image\/\",\"url\":\"https:\/\/www.pressenza.com\/wp-content\/uploads\/2022\/10\/pressenza_logo_200x200.jpg\",\"contentUrl\":\"https:\/\/www.pressenza.com\/wp-content\/uploads\/2022\/10\/pressenza_logo_200x200.jpg\",\"width\":200,\"height\":200,\"caption\":\"Pressenza\"},\"image\":{\"@id\":\"https:\/\/www.pressenza.com\/es\/#\/schema\/logo\/image\/\"},\"sameAs\":[\"https:\/\/www.facebook.com\/PressenzaItalia\",\"https:\/\/x.com\/PressenzaIPA\"]},{\"@type\":\"Person\",\"@id\":\"https:\/\/www.pressenza.com\/es\/#\/schema\/person\/8abc53b92f3264e0dad4300d54ac73ff\",\"name\":\"Redacci\u00f3n Barcelona\",\"description\":\"News published by the Pressenza bureau in Barcelona, Spain\",\"sameAs\":[\"https:\/\/www.facebook.com\/Pressenza-Espaa-647854795301395\/timeline\/\",\"https:\/\/x.com\/pressenza\"],\"url\":\"https:\/\/www.pressenza.com\/es\/author\/redaccion-barcelona\/\"}]}<\/script>\n<!-- \/ Yoast SEO plugin. -->","yoast_head_json":{"title":"Josep P\u00e0mies absuelto por cultivar marihuana terap\u00e9utica","description":"Tras el Juicio oral celebrado el pasado 25 de mayo, en el que se acusaba a Josep P\u00e0mies de un delito contra la Salud P\u00fablica, y se le ped\u00eda una condena de","robots":{"index":"index","follow":"follow","max-snippet":"max-snippet:-1","max-image-preview":"max-image-preview:large","max-video-preview":"max-video-preview:-1"},"canonical":"https:\/\/www.pressenza.com\/es\/2017\/06\/josep-pamies-absuelto-cultivar-marihuana-terapeutica\/","og_locale":"es_ES","og_type":"article","og_title":"Josep P\u00e0mies absuelto por cultivar marihuana terap\u00e9utica","og_description":"Tras el Juicio oral celebrado el pasado 25 de mayo, en el que se acusaba a Josep P\u00e0mies de un delito contra la Salud P\u00fablica, y se le ped\u00eda una condena de","og_url":"https:\/\/www.pressenza.com\/es\/2017\/06\/josep-pamies-absuelto-cultivar-marihuana-terapeutica\/","og_site_name":"Pressenza","article_publisher":"https:\/\/www.facebook.com\/PressenzaItalia","article_author":"https:\/\/www.facebook.com\/Pressenza-Espaa-647854795301395\/timeline\/","article_published_time":"2017-06-02T12:21:43+00:00","article_modified_time":"2017-06-02T12:23:12+00:00","og_image":[{"width":1920,"height":1285,"url":"https:\/\/www.pressenza.com\/wp-content\/uploads\/2017\/06\/foliage-1157792_1920.jpg","type":"image\/jpeg"}],"author":"Redacci\u00f3n Barcelona","twitter_card":"summary_large_image","twitter_creator":"@pressenza","twitter_site":"@PressenzaIPA","twitter_misc":{"Escrito por":"Redacci\u00f3n Barcelona","Tiempo de lectura":"2 minutos"},"schema":{"@context":"https:\/\/schema.org","@graph":[{"@type":"Article","@id":"https:\/\/www.pressenza.com\/es\/2017\/06\/josep-pamies-absuelto-cultivar-marihuana-terapeutica\/#article","isPartOf":{"@id":"https:\/\/www.pressenza.com\/es\/2017\/06\/josep-pamies-absuelto-cultivar-marihuana-terapeutica\/"},"author":{"name":"Redacci\u00f3n Barcelona","@id":"https:\/\/www.pressenza.com\/es\/#\/schema\/person\/8abc53b92f3264e0dad4300d54ac73ff"},"headline":"Josep P\u00e0mies absuelto por cultivar marihuana terap\u00e9utica","datePublished":"2017-06-02T12:21:43+00:00","dateModified":"2017-06-02T12:23:12+00:00","mainEntityOfPage":{"@id":"https:\/\/www.pressenza.com\/es\/2017\/06\/josep-pamies-absuelto-cultivar-marihuana-terapeutica\/"},"wordCount":494,"publisher":{"@id":"https:\/\/www.pressenza.com\/es\/#organization"},"image":{"@id":"https:\/\/www.pressenza.com\/es\/2017\/06\/josep-pamies-absuelto-cultivar-marihuana-terapeutica\/#primaryimage"},"thumbnailUrl":"https:\/\/www.pressenza.com\/wp-content\/uploads\/2017\/06\/foliage-1157792_1920.jpg","keywords":["absoluci\u00f3n","Josep Pami\u00e8s","Marihuana","sentencia","terap\u00e9utica"],"articleSection":["Comunicados de Prensa","Ecolog\u00eda y Medio Ambiente","Europa","Salud"],"inLanguage":"es"},{"@type":"WebPage","@id":"https:\/\/www.pressenza.com\/es\/2017\/06\/josep-pamies-absuelto-cultivar-marihuana-terapeutica\/","url":"https:\/\/www.pressenza.com\/es\/2017\/06\/josep-pamies-absuelto-cultivar-marihuana-terapeutica\/","name":"Josep P\u00e0mies absuelto por cultivar marihuana terap\u00e9utica","isPartOf":{"@id":"https:\/\/www.pressenza.com\/es\/#website"},"primaryImageOfPage":{"@id":"https:\/\/www.pressenza.com\/es\/2017\/06\/josep-pamies-absuelto-cultivar-marihuana-terapeutica\/#primaryimage"},"image":{"@id":"https:\/\/www.pressenza.com\/es\/2017\/06\/josep-pamies-absuelto-cultivar-marihuana-terapeutica\/#primaryimage"},"thumbnailUrl":"https:\/\/www.pressenza.com\/wp-content\/uploads\/2017\/06\/foliage-1157792_1920.jpg","datePublished":"2017-06-02T12:21:43+00:00","dateModified":"2017-06-02T12:23:12+00:00","description":"Tras el Juicio oral celebrado el pasado 25 de mayo, en el que se acusaba a Josep P\u00e0mies de un delito contra la Salud P\u00fablica, y se le ped\u00eda una condena de","breadcrumb":{"@id":"https:\/\/www.pressenza.com\/es\/2017\/06\/josep-pamies-absuelto-cultivar-marihuana-terapeutica\/#breadcrumb"},"inLanguage":"es","potentialAction":[{"@type":"ReadAction","target":["https:\/\/www.pressenza.com\/es\/2017\/06\/josep-pamies-absuelto-cultivar-marihuana-terapeutica\/"]}]},{"@type":"ImageObject","inLanguage":"es","@id":"https:\/\/www.pressenza.com\/es\/2017\/06\/josep-pamies-absuelto-cultivar-marihuana-terapeutica\/#primaryimage","url":"https:\/\/www.pressenza.com\/wp-content\/uploads\/2017\/06\/foliage-1157792_1920.jpg","contentUrl":"https:\/\/www.pressenza.com\/wp-content\/uploads\/2017\/06\/foliage-1157792_1920.jpg","width":1920,"height":1285},{"@type":"BreadcrumbList","@id":"https:\/\/www.pressenza.com\/es\/2017\/06\/josep-pamies-absuelto-cultivar-marihuana-terapeutica\/#breadcrumb","itemListElement":[{"@type":"ListItem","position":1,"name":"Accueil","item":"https:\/\/www.pressenza.com\/es\/"},{"@type":"ListItem","position":2,"name":"Josep P\u00e0mies absuelto por cultivar marihuana terap\u00e9utica"}]},{"@type":"WebSite","@id":"https:\/\/www.pressenza.com\/es\/#website","url":"https:\/\/www.pressenza.com\/es\/","name":"Pressenza","description":"International Press Agency","publisher":{"@id":"https:\/\/www.pressenza.com\/es\/#organization"},"potentialAction":[{"@type":"SearchAction","target":{"@type":"EntryPoint","urlTemplate":"https:\/\/www.pressenza.com\/es\/?s={search_term_string}"},"query-input":{"@type":"PropertyValueSpecification","valueRequired":true,"valueName":"search_term_string"}}],"inLanguage":"es"},{"@type":"Organization","@id":"https:\/\/www.pressenza.com\/es\/#organization","name":"Pressenza","url":"https:\/\/www.pressenza.com\/es\/","logo":{"@type":"ImageObject","inLanguage":"es","@id":"https:\/\/www.pressenza.com\/es\/#\/schema\/logo\/image\/","url":"https:\/\/www.pressenza.com\/wp-content\/uploads\/2022\/10\/pressenza_logo_200x200.jpg","contentUrl":"https:\/\/www.pressenza.com\/wp-content\/uploads\/2022\/10\/pressenza_logo_200x200.jpg","width":200,"height":200,"caption":"Pressenza"},"image":{"@id":"https:\/\/www.pressenza.com\/es\/#\/schema\/logo\/image\/"},"sameAs":["https:\/\/www.facebook.com\/PressenzaItalia","https:\/\/x.com\/PressenzaIPA"]},{"@type":"Person","@id":"https:\/\/www.pressenza.com\/es\/#\/schema\/person\/8abc53b92f3264e0dad4300d54ac73ff","name":"Redacci\u00f3n Barcelona","description":"News published by the Pressenza bureau in Barcelona, Spain","sameAs":["https:\/\/www.facebook.com\/Pressenza-Espaa-647854795301395\/timeline\/","https:\/\/x.com\/pressenza"],"url":"https:\/\/www.pressenza.com\/es\/author\/redaccion-barcelona\/"}]}},"place":"Lleida - Esther V\u00e1zquez","original_article_url":"https:\/\/dolcarevolucio.cat\/language\/es\/portada\/?#","_links":{"self":[{"href":"https:\/\/www.pressenza.com\/es\/wp-json\/wp\/v2\/posts\/473101","targetHints":{"allow":["GET"]}}],"collection":[{"href":"https:\/\/www.pressenza.com\/es\/wp-json\/wp\/v2\/posts"}],"about":[{"href":"https:\/\/www.pressenza.com\/es\/wp-json\/wp\/v2\/types\/post"}],"author":[{"embeddable":true,"href":"https:\/\/www.pressenza.com\/es\/wp-json\/wp\/v2\/users\/1122"}],"replies":[{"embeddable":true,"href":"https:\/\/www.pressenza.com\/es\/wp-json\/wp\/v2\/comments?post=473101"}],"version-history":[{"count":0,"href":"https:\/\/www.pressenza.com\/es\/wp-json\/wp\/v2\/posts\/473101\/revisions"}],"wp:featuredmedia":[{"embeddable":true,"href":"https:\/\/www.pressenza.com\/es\/wp-json\/wp\/v2\/media\/473118"}],"wp:attachment":[{"href":"https:\/\/www.pressenza.com\/es\/wp-json\/wp\/v2\/media?parent=473101"}],"wp:term":[{"taxonomy":"category","embeddable":true,"href":"https:\/\/www.pressenza.com\/es\/wp-json\/wp\/v2\/categories?post=473101"},{"taxonomy":"post_tag","embeddable":true,"href":"https:\/\/www.pressenza.com\/es\/wp-json\/wp\/v2\/tags?post=473101"}],"curies":[{"name":"wp","href":"https:\/\/api.w.org\/{rel}","templated":true}]}}