{"id":47272,"date":"2013-04-12T00:33:54","date_gmt":"2013-04-11T23:33:54","guid":{"rendered":"http:\/\/www.pressenza.com\/?p=47272"},"modified":"2013-04-12T00:33:54","modified_gmt":"2013-04-11T23:33:54","slug":"la-vision-de-lula-sobre-america-latina","status":"publish","type":"post","link":"https:\/\/www.pressenza.com\/es\/2013\/04\/la-vision-de-lula-sobre-america-latina\/","title":{"rendered":"La visi\u00f3n de Lula sobre Am\u00e9rica Latina"},"content":{"rendered":"<p><strong>Por Niko Schvartz<\/strong><\/p>\n<p>Ha tenido intensa repercusi\u00f3n la mesa redonda realizada en el edificio del MERCOSUR en Montevideo el pasado jueves 4 de abril, que reuni\u00f3 al ex presidente brasile\u00f1o Lula, al presidente uruguayo Pepe Mujica, al dirigente sindical latinoamericano de la CSA V\u00edctor B\u00e1ez, a la secretaria de la CEPAL Alicia B\u00e1rcena (no pudo concurrir la ex presidenta chilena Michelle Bachelet) para debatir, bajo el patrocinio de la Fundaci\u00f3n Friedrich Ebert en Uruguay, FESUR, un tema de plena actualidad: \u00ab\u00bfTransformaciones en riesgo? Perspectivas y tensiones del progresismo en Am\u00e9rica Latina\u201d. El debate, encauzado por Gerardo Caetano, permiti\u00f3 visualizar una imagen de la Am\u00e9rica Latina hoy y en el pr\u00f3ximo futuro, a trav\u00e9s de actores de primera l\u00ednea del proceso en la \u00faltima d\u00e9cada (y antes).<\/p>\n<p>La t\u00f3nica general del intercambio de opiniones fue el siguiente: en el \u00faltimo lapso, se han producido avances de gran magnitud en los pa\u00edses de Am\u00e9rica Latina, en todos los terrenos. Pero esto es apenas el comienzo de una gran obra a continuar para eliminar las r\u00e9moras que a\u00fan subsisten en el continente m\u00e1s desigual del planeta. Apenas han comenzado a corregirse los errores que arrastraba la regi\u00f3n desde hace m\u00e1s de un siglo. Por ende se impone proseguir la lucha de los pueblos para impedir todo retroceso o la restauraci\u00f3n del antiguo orden de cosas, y para afianzar la perspectiva renovadora.<\/p>\n<p>Sobre los avances registrados en la \u00faltima d\u00e9cada se expusieron hechos y cifras en profusi\u00f3n que resaltan en forma convincente las realizaciones de los gobiernos progresistas del continente. Lula dijo que ese panorama era inimaginable una d\u00e9cada atr\u00e1s, que en Latinoam\u00e9rica \u00abnunca hemos crecido tanto como lo estamos haciendo ahora, nunca conquistamos tanto espacio democr\u00e1tico como lo hemos hecho en los \u00faltimos 10 a\u00f1os, nunca se ha visto a Am\u00e9rica Latina avanzar tanto. En los \u00faltimos 10 a\u00f1os, cuando la mayor\u00eda de los pa\u00edses de la regi\u00f3n complet\u00f3 una d\u00e9cada de crecimiento econ\u00f3mico, todos, a su manera, atacaron la enorme deuda social\u201d.<\/p>\n<p>Ahora bien: el crecimiento econ\u00f3mico no alcanza. Lula puso el ejemplo de lo ocurrido en Brasil en los a\u00f1os 70, en la \u00e9poca de la dictadura: se registr\u00f3 un crecimiento del 14%, pero a su t\u00e9rmino la poblaci\u00f3n qued\u00f3 m\u00e1s pobre. Ahora en cambio, se ha producido un crecimiento econ\u00f3mico pero con un destino prioritario e indivisible con la distribuci\u00f3n. Se ha demostrado que la distribuci\u00f3n y la creaci\u00f3n de mercados internos pr\u00f3speros son los que han aportado a un mayor crecimiento y a una mayor din\u00e1mica en la evoluci\u00f3n econ\u00f3mica. El gasto social es una verdadera inversi\u00f3n, y cuenta con un retorno inmediato asegurado Cuando los sectores sociales pobres se apropian de una cuota mayor de la riqueza, vuelcan esos ingresos en mejorar su calidad de vida, su alimentaci\u00f3n, el cuidado de su salud, el esfuerzo por construir o mejorar su vivienda. En otras palabras: se ha demostrado plenamente la posibilidad de crecer y distribuir a la vez. La Dra. B\u00e1rcena se\u00f1al\u00f3 al respecto que en este per\u00edodo Brasil sac\u00f3 a 57 millones de seres de la pobreza y el propio Lula acot\u00f3 m\u00e1s adelante que con los trillones de d\u00f3lares gastados en la guerra de Irak se hubiera podido proporcionar alimentaci\u00f3n suficiente y mejorar las condiciones de vida de toda la poblaci\u00f3n pobre del mundo a lo largo de 150 a\u00f1os.<\/p>\n<p>Los avances logrados por los gobiernos de izquierda han sido posibles en el marco de instituciones democr\u00e1ticas y mediante decisiones democr\u00e1ticas impulsadas por el pueblo a trav\u00e9s de las cuales se pudieron fijar nuevas prioridades en las agendas y programas, tanto en el orden econ\u00f3mico y pol\u00edtico como social. Afirmaci\u00f3n plena de la democracia, en s\u00edntesis.<\/p>\n<p>Otro aspecto considerado en forma muy viva fue el de la integraci\u00f3n, sus avances notables, pero a la vez los obst\u00e1culos de diverso orden al que se ve sometido este proceso, tanto a nivel continental como regional. En este punto en particular fue notoria la identidad de puntos de vista de Lula y Mujica. Empezando con un ejemplo positivo, se destac\u00f3 que antes de la creaci\u00f3n del MERCOSUR el intercambio comercial entre Uruguay y Brasil no alcanzaba los 900 millones de d\u00f3lares, y en la actualidad se acerca a los 3.000 millones de d\u00f3lares. Aqu\u00ed lo que se pint\u00f3 con todos los colores fueron las trabas interpuestas por la burocracia en cada etapa de concreci\u00f3n de los objetivos acordados. Los ejemplos menudearon. Lula propuso que en las reuniones cumbre en que se fijan los objetivos participen, adem\u00e1s de los ministros, los presidentes de los bancos centrales y de las principales empresas p\u00fablicas que luego deben ejecutar los planes trazados. En otro orden, se destac\u00f3 la importancia de la lucha conjunta de pueblos y gobiernos de Am\u00e9rica Latina que llevaron al rechazo del ALCA, engendro del gobierno de George W. Bush, y en contraste, el significado de la creaci\u00f3n de la CELAC, que re\u00fane a todas las naciones de la Am\u00e9rica Latina y caribe\u00f1a sin Estados Unidos ni Canad\u00e1. Del mismo modo, se valor\u00f3 altamente el contenido del BRICS, integrado por Brasil, Rusia, India, China y Sud\u00e1frica, y sus positivas experiencias de efectuar sus transacciones comerciales en moneda propia, excluyendo al d\u00f3lar.<\/p>\n<p>La situaci\u00f3n a que han llegado los pa\u00edses de Am\u00e9rica Latina se contrapuso en el encuentro a la crisis europea (con especial referencia al caso actual de Chipre) y a la actuaci\u00f3n de los organismos internacionales. Lula se\u00f1al\u00f3 que hoy en d\u00eda la ONU no es una entidad representativa de la comunidad internacional en su conjunto, y que resulta imprescindible introducir cambios sustanciales en su estructura, en sus atribuciones y en la integraci\u00f3n del Consejo de Seguridad, al igual que en el FMI. Debe erigirse, a su juicio, \u00abuna nueva gobernanza global con representatividad de todos los continentes\u201d y con \u00abnuevos organismos internacionales\u201d.<\/p>\n<p>Otra de las ideas fundamentales expuestas es que para proseguir el camino del desarrollo y el progreso social, los pueblos deben impedir el retorno de los gobiernos conservadores, \u00absin posibilidad de retroceso\u201d, dijo Lula. Esto supone desbaratar la contraofensiva de las fuerzas de la derecha en el af\u00e1n de reconquistar las posiciones perdidas y volver al \u00abancien r\u00e9gime\u201d. Am\u00e9rica Latina ha venido acumulando experiencias aleccionadoras en esta materia. Ha quedado evidenciado que las fuerzas de la derecha y del imperio apelan al golpe de estado para derribar a los gobiernos de las fuerzas progresistas, como lo hicieron en Honduras con el secuestro de Zelaya y su pasaje por la base de Palmerola, y posteriormente con el golpe de estado disfrazado de \u00abparlamentario\u201d en Paraguay. En el mismo per\u00edodo, las fuerzas progresistas continuaron avanzando por m\u00e9todos genuinamente democr\u00e1ticos y conquistaron nuevas victorias resonantes, como en las elecciones regionales en Brasil, la reelecci\u00f3n de Rafael Correa a la presidencia de Ecuador, y anteriormente la de Daniel Ortega en Nicaragua, para culminar con el resonante triunfo electoral de Hugo Ch\u00e1vez (uno m\u00e1s, y de los m\u00e1s concluyentes) el pasado 7 de octubre. Pero ahora mismo en Venezuela, tras la muerte de Ch\u00e1vez, se multiplican las maniobras de corte golpista de Henrique Capriles, vinculadas a los sectores m\u00e1s regresivos de los Estados Unidos que acuden en su apoyo por todas las v\u00edas, m\u00e1s una cenagosa campa\u00f1a medi\u00e1tica de las agencias internacionales, al tiempo que se fraguan, como lo ha denunciado Maduro, atentados mortales de distinto tipo que lo tienen como objetivo, desde Estados Unidos y \u00faltimamente desde El Salvador, para precipitar una situaci\u00f3n de caos e impedir un resultado electoral que se anuncia clamorosamente a favor de la continuidad del chavismo y de su programa de transformaciones a favor del pueblo.<\/p>\n<p>Si se desbaratan estas maniobras retr\u00f3gradas, hay perspectivas alentadoras para Am\u00e9rica Latina a largo plazo. Con esta visi\u00f3n esperanzada culmin\u00f3 la reuni\u00f3n. Se destac\u00f3 el potencial extraordinario de nuestro continente, particularmente en recursos h\u00eddricos y energ\u00e9ticos, esenciales en el mundo de ma\u00f1ana; y tambi\u00e9n las experiencias que van adquiriendo sus pueblos y sus partidos de izquierda en la lucha social. En este sentido, la posici\u00f3n de \u00aboptimista inveterado\u201d que se auto adjudic\u00f3 Lula parece dotada de s\u00f3lidas bases de sustentaci\u00f3n.<\/p>\n","protected":false},"excerpt":{"rendered":"<p>Por Niko Schvartz Ha tenido intensa repercusi\u00f3n la mesa redonda realizada en el edificio del MERCOSUR en Montevideo el pasado jueves 4 de abril, que reuni\u00f3 al ex presidente brasile\u00f1o Lula, al presidente uruguayo Pepe Mujica, al dirigente sindical latinoamericano&hellip;<\/p>\n","protected":false},"author":361,"featured_media":47274,"comment_status":"closed","ping_status":"open","sticky":false,"template":"","format":"standard","meta":{"footnotes":""},"categories":[81,39,74,67],"tags":[696,2975],"class_list":["post-47272","post","type-post","status-publish","format-standard","has-post-thumbnail","hentry","category-economia-es","category-internacional","category-politica-es","category-sudamerica","tag-democracia","tag-lula-da-silva"],"yoast_head":"<!-- This site is optimized with the Yoast SEO plugin v27.1.1 - https:\/\/yoast.com\/product\/yoast-seo-wordpress\/ -->\n<title>La visi\u00f3n de Lula sobre Am\u00e9rica Latina<\/title>\n<meta name=\"description\" content=\"Por Niko Schvartz Ha tenido intensa repercusi\u00f3n la mesa redonda realizada en el edificio del MERCOSUR en Montevideo el pasado jueves 4 de abril, que\" \/>\n<meta name=\"robots\" content=\"index, follow, max-snippet:-1, max-image-preview:large, max-video-preview:-1\" \/>\n<link rel=\"canonical\" href=\"https:\/\/www.pressenza.com\/es\/2013\/04\/la-vision-de-lula-sobre-america-latina\/\" \/>\n<meta property=\"og:locale\" content=\"es_ES\" \/>\n<meta property=\"og:type\" content=\"article\" \/>\n<meta property=\"og:title\" content=\"La visi\u00f3n de Lula sobre Am\u00e9rica Latina\" \/>\n<meta property=\"og:description\" content=\"Por Niko Schvartz Ha tenido intensa repercusi\u00f3n la mesa redonda realizada en el edificio del MERCOSUR en Montevideo el pasado jueves 4 de abril, que\" \/>\n<meta property=\"og:url\" content=\"https:\/\/www.pressenza.com\/es\/2013\/04\/la-vision-de-lula-sobre-america-latina\/\" \/>\n<meta property=\"og:site_name\" content=\"Pressenza\" \/>\n<meta property=\"article:publisher\" content=\"https:\/\/www.facebook.com\/PressenzaItalia\" \/>\n<meta property=\"article:author\" content=\"http:\/\/www.facebook.com\/agenciaadital\" \/>\n<meta property=\"article:published_time\" content=\"2013-04-11T23:33:54+00:00\" \/>\n<meta property=\"og:image\" content=\"https:\/\/www.pressenza.com\/wp-content\/uploads\/2013\/04\/lula1.jpg\" \/>\n\t<meta property=\"og:image:width\" content=\"324\" \/>\n\t<meta property=\"og:image:height\" content=\"260\" \/>\n\t<meta property=\"og:image:type\" content=\"image\/jpeg\" \/>\n<meta name=\"author\" content=\"Adital\" \/>\n<meta name=\"twitter:card\" content=\"summary_large_image\" \/>\n<meta name=\"twitter:creator\" content=\"@agenciaadital\" \/>\n<meta name=\"twitter:site\" content=\"@PressenzaIPA\" \/>\n<meta name=\"twitter:label1\" content=\"Escrito por\" \/>\n\t<meta name=\"twitter:data1\" content=\"Adital\" \/>\n\t<meta name=\"twitter:label2\" content=\"Tiempo de lectura\" \/>\n\t<meta name=\"twitter:data2\" content=\"7 minutos\" \/>\n<script type=\"application\/ld+json\" class=\"yoast-schema-graph\">{\"@context\":\"https:\/\/schema.org\",\"@graph\":[{\"@type\":\"Article\",\"@id\":\"https:\/\/www.pressenza.com\/es\/2013\/04\/la-vision-de-lula-sobre-america-latina\/#article\",\"isPartOf\":{\"@id\":\"https:\/\/www.pressenza.com\/es\/2013\/04\/la-vision-de-lula-sobre-america-latina\/\"},\"author\":{\"name\":\"Adital\",\"@id\":\"https:\/\/www.pressenza.com\/es\/#\/schema\/person\/a49d93e37e2a1fd6902a180ccb8dc5cb\"},\"headline\":\"La visi\u00f3n de Lula sobre Am\u00e9rica Latina\",\"datePublished\":\"2013-04-11T23:33:54+00:00\",\"mainEntityOfPage\":{\"@id\":\"https:\/\/www.pressenza.com\/es\/2013\/04\/la-vision-de-lula-sobre-america-latina\/\"},\"wordCount\":1454,\"publisher\":{\"@id\":\"https:\/\/www.pressenza.com\/es\/#organization\"},\"image\":{\"@id\":\"https:\/\/www.pressenza.com\/es\/2013\/04\/la-vision-de-lula-sobre-america-latina\/#primaryimage\"},\"thumbnailUrl\":\"https:\/\/www.pressenza.com\/wp-content\/uploads\/2013\/04\/lula1.jpg\",\"keywords\":[\"Democracia\",\"Lula Da Silva\"],\"articleSection\":[\"Econom\u00eda\",\"Internacional\",\"Pol\u00edtica\",\"Sudam\u00e9rica\"],\"inLanguage\":\"es\"},{\"@type\":\"WebPage\",\"@id\":\"https:\/\/www.pressenza.com\/es\/2013\/04\/la-vision-de-lula-sobre-america-latina\/\",\"url\":\"https:\/\/www.pressenza.com\/es\/2013\/04\/la-vision-de-lula-sobre-america-latina\/\",\"name\":\"La visi\u00f3n de Lula sobre Am\u00e9rica Latina\",\"isPartOf\":{\"@id\":\"https:\/\/www.pressenza.com\/es\/#website\"},\"primaryImageOfPage\":{\"@id\":\"https:\/\/www.pressenza.com\/es\/2013\/04\/la-vision-de-lula-sobre-america-latina\/#primaryimage\"},\"image\":{\"@id\":\"https:\/\/www.pressenza.com\/es\/2013\/04\/la-vision-de-lula-sobre-america-latina\/#primaryimage\"},\"thumbnailUrl\":\"https:\/\/www.pressenza.com\/wp-content\/uploads\/2013\/04\/lula1.jpg\",\"datePublished\":\"2013-04-11T23:33:54+00:00\",\"description\":\"Por Niko Schvartz Ha tenido intensa repercusi\u00f3n la mesa redonda realizada en el edificio del MERCOSUR en Montevideo el pasado jueves 4 de abril, que\",\"breadcrumb\":{\"@id\":\"https:\/\/www.pressenza.com\/es\/2013\/04\/la-vision-de-lula-sobre-america-latina\/#breadcrumb\"},\"inLanguage\":\"es\",\"potentialAction\":[{\"@type\":\"ReadAction\",\"target\":[\"https:\/\/www.pressenza.com\/es\/2013\/04\/la-vision-de-lula-sobre-america-latina\/\"]}]},{\"@type\":\"ImageObject\",\"inLanguage\":\"es\",\"@id\":\"https:\/\/www.pressenza.com\/es\/2013\/04\/la-vision-de-lula-sobre-america-latina\/#primaryimage\",\"url\":\"https:\/\/www.pressenza.com\/wp-content\/uploads\/2013\/04\/lula1.jpg\",\"contentUrl\":\"https:\/\/www.pressenza.com\/wp-content\/uploads\/2013\/04\/lula1.jpg\",\"width\":324,\"height\":260},{\"@type\":\"BreadcrumbList\",\"@id\":\"https:\/\/www.pressenza.com\/es\/2013\/04\/la-vision-de-lula-sobre-america-latina\/#breadcrumb\",\"itemListElement\":[{\"@type\":\"ListItem\",\"position\":1,\"name\":\"Accueil\",\"item\":\"https:\/\/www.pressenza.com\/es\/\"},{\"@type\":\"ListItem\",\"position\":2,\"name\":\"La visi\u00f3n de Lula sobre Am\u00e9rica Latina\"}]},{\"@type\":\"WebSite\",\"@id\":\"https:\/\/www.pressenza.com\/es\/#website\",\"url\":\"https:\/\/www.pressenza.com\/es\/\",\"name\":\"Pressenza\",\"description\":\"International Press Agency\",\"publisher\":{\"@id\":\"https:\/\/www.pressenza.com\/es\/#organization\"},\"potentialAction\":[{\"@type\":\"SearchAction\",\"target\":{\"@type\":\"EntryPoint\",\"urlTemplate\":\"https:\/\/www.pressenza.com\/es\/?s={search_term_string}\"},\"query-input\":{\"@type\":\"PropertyValueSpecification\",\"valueRequired\":true,\"valueName\":\"search_term_string\"}}],\"inLanguage\":\"es\"},{\"@type\":\"Organization\",\"@id\":\"https:\/\/www.pressenza.com\/es\/#organization\",\"name\":\"Pressenza\",\"url\":\"https:\/\/www.pressenza.com\/es\/\",\"logo\":{\"@type\":\"ImageObject\",\"inLanguage\":\"es\",\"@id\":\"https:\/\/www.pressenza.com\/es\/#\/schema\/logo\/image\/\",\"url\":\"https:\/\/www.pressenza.com\/wp-content\/uploads\/2022\/10\/pressenza_logo_200x200.jpg\",\"contentUrl\":\"https:\/\/www.pressenza.com\/wp-content\/uploads\/2022\/10\/pressenza_logo_200x200.jpg\",\"width\":200,\"height\":200,\"caption\":\"Pressenza\"},\"image\":{\"@id\":\"https:\/\/www.pressenza.com\/es\/#\/schema\/logo\/image\/\"},\"sameAs\":[\"https:\/\/www.facebook.com\/PressenzaItalia\",\"https:\/\/x.com\/PressenzaIPA\"]},{\"@type\":\"Person\",\"@id\":\"https:\/\/www.pressenza.com\/es\/#\/schema\/person\/a49d93e37e2a1fd6902a180ccb8dc5cb\",\"name\":\"Adital\",\"description\":\"ADITAL, Agencia de Informaci\u00f3n Fray Tito para Am\u00e9rica Latina, es una agencia de noticias que naci\u00f3 para llevar la agenda social latinoamericana y caribe\u00f1a a la media internacional; estimular un periodismo de cu\u00f1o \u00e9tico y social; favorecer la integraci\u00f3n y la solidaridad entre los pueblo; desvendar para el mundo la dignidad de los que construyen ciudadan\u00eda; dar visibilidad a las acciones liberadoras que el Dios de la Vida hace brotar en los medios populares; divulgar el protagonismo de los actores sociales que son democratizadores de la comunicaci\u00f3n, y constituyen nuestras fuentes de informaci\u00f3n. www.adital.com.br\",\"sameAs\":[\"http:\/\/www.facebook.com\/agenciaadital\",\"https:\/\/x.com\/agenciaadital\"],\"url\":\"https:\/\/www.pressenza.com\/es\/author\/agencia-adital\/\"}]}<\/script>\n<!-- \/ Yoast SEO plugin. -->","yoast_head_json":{"title":"La visi\u00f3n de Lula sobre Am\u00e9rica Latina","description":"Por Niko Schvartz Ha tenido intensa repercusi\u00f3n la mesa redonda realizada en el edificio del MERCOSUR en Montevideo el pasado jueves 4 de abril, que","robots":{"index":"index","follow":"follow","max-snippet":"max-snippet:-1","max-image-preview":"max-image-preview:large","max-video-preview":"max-video-preview:-1"},"canonical":"https:\/\/www.pressenza.com\/es\/2013\/04\/la-vision-de-lula-sobre-america-latina\/","og_locale":"es_ES","og_type":"article","og_title":"La visi\u00f3n de Lula sobre Am\u00e9rica Latina","og_description":"Por Niko Schvartz Ha tenido intensa repercusi\u00f3n la mesa redonda realizada en el edificio del MERCOSUR en Montevideo el pasado jueves 4 de abril, que","og_url":"https:\/\/www.pressenza.com\/es\/2013\/04\/la-vision-de-lula-sobre-america-latina\/","og_site_name":"Pressenza","article_publisher":"https:\/\/www.facebook.com\/PressenzaItalia","article_author":"http:\/\/www.facebook.com\/agenciaadital","article_published_time":"2013-04-11T23:33:54+00:00","og_image":[{"width":324,"height":260,"url":"https:\/\/www.pressenza.com\/wp-content\/uploads\/2013\/04\/lula1.jpg","type":"image\/jpeg"}],"author":"Adital","twitter_card":"summary_large_image","twitter_creator":"@agenciaadital","twitter_site":"@PressenzaIPA","twitter_misc":{"Escrito por":"Adital","Tiempo de lectura":"7 minutos"},"schema":{"@context":"https:\/\/schema.org","@graph":[{"@type":"Article","@id":"https:\/\/www.pressenza.com\/es\/2013\/04\/la-vision-de-lula-sobre-america-latina\/#article","isPartOf":{"@id":"https:\/\/www.pressenza.com\/es\/2013\/04\/la-vision-de-lula-sobre-america-latina\/"},"author":{"name":"Adital","@id":"https:\/\/www.pressenza.com\/es\/#\/schema\/person\/a49d93e37e2a1fd6902a180ccb8dc5cb"},"headline":"La visi\u00f3n de Lula sobre Am\u00e9rica Latina","datePublished":"2013-04-11T23:33:54+00:00","mainEntityOfPage":{"@id":"https:\/\/www.pressenza.com\/es\/2013\/04\/la-vision-de-lula-sobre-america-latina\/"},"wordCount":1454,"publisher":{"@id":"https:\/\/www.pressenza.com\/es\/#organization"},"image":{"@id":"https:\/\/www.pressenza.com\/es\/2013\/04\/la-vision-de-lula-sobre-america-latina\/#primaryimage"},"thumbnailUrl":"https:\/\/www.pressenza.com\/wp-content\/uploads\/2013\/04\/lula1.jpg","keywords":["Democracia","Lula Da Silva"],"articleSection":["Econom\u00eda","Internacional","Pol\u00edtica","Sudam\u00e9rica"],"inLanguage":"es"},{"@type":"WebPage","@id":"https:\/\/www.pressenza.com\/es\/2013\/04\/la-vision-de-lula-sobre-america-latina\/","url":"https:\/\/www.pressenza.com\/es\/2013\/04\/la-vision-de-lula-sobre-america-latina\/","name":"La visi\u00f3n de Lula sobre Am\u00e9rica Latina","isPartOf":{"@id":"https:\/\/www.pressenza.com\/es\/#website"},"primaryImageOfPage":{"@id":"https:\/\/www.pressenza.com\/es\/2013\/04\/la-vision-de-lula-sobre-america-latina\/#primaryimage"},"image":{"@id":"https:\/\/www.pressenza.com\/es\/2013\/04\/la-vision-de-lula-sobre-america-latina\/#primaryimage"},"thumbnailUrl":"https:\/\/www.pressenza.com\/wp-content\/uploads\/2013\/04\/lula1.jpg","datePublished":"2013-04-11T23:33:54+00:00","description":"Por Niko Schvartz Ha tenido intensa repercusi\u00f3n la mesa redonda realizada en el edificio del MERCOSUR en Montevideo el pasado jueves 4 de abril, que","breadcrumb":{"@id":"https:\/\/www.pressenza.com\/es\/2013\/04\/la-vision-de-lula-sobre-america-latina\/#breadcrumb"},"inLanguage":"es","potentialAction":[{"@type":"ReadAction","target":["https:\/\/www.pressenza.com\/es\/2013\/04\/la-vision-de-lula-sobre-america-latina\/"]}]},{"@type":"ImageObject","inLanguage":"es","@id":"https:\/\/www.pressenza.com\/es\/2013\/04\/la-vision-de-lula-sobre-america-latina\/#primaryimage","url":"https:\/\/www.pressenza.com\/wp-content\/uploads\/2013\/04\/lula1.jpg","contentUrl":"https:\/\/www.pressenza.com\/wp-content\/uploads\/2013\/04\/lula1.jpg","width":324,"height":260},{"@type":"BreadcrumbList","@id":"https:\/\/www.pressenza.com\/es\/2013\/04\/la-vision-de-lula-sobre-america-latina\/#breadcrumb","itemListElement":[{"@type":"ListItem","position":1,"name":"Accueil","item":"https:\/\/www.pressenza.com\/es\/"},{"@type":"ListItem","position":2,"name":"La visi\u00f3n de Lula sobre Am\u00e9rica Latina"}]},{"@type":"WebSite","@id":"https:\/\/www.pressenza.com\/es\/#website","url":"https:\/\/www.pressenza.com\/es\/","name":"Pressenza","description":"International Press Agency","publisher":{"@id":"https:\/\/www.pressenza.com\/es\/#organization"},"potentialAction":[{"@type":"SearchAction","target":{"@type":"EntryPoint","urlTemplate":"https:\/\/www.pressenza.com\/es\/?s={search_term_string}"},"query-input":{"@type":"PropertyValueSpecification","valueRequired":true,"valueName":"search_term_string"}}],"inLanguage":"es"},{"@type":"Organization","@id":"https:\/\/www.pressenza.com\/es\/#organization","name":"Pressenza","url":"https:\/\/www.pressenza.com\/es\/","logo":{"@type":"ImageObject","inLanguage":"es","@id":"https:\/\/www.pressenza.com\/es\/#\/schema\/logo\/image\/","url":"https:\/\/www.pressenza.com\/wp-content\/uploads\/2022\/10\/pressenza_logo_200x200.jpg","contentUrl":"https:\/\/www.pressenza.com\/wp-content\/uploads\/2022\/10\/pressenza_logo_200x200.jpg","width":200,"height":200,"caption":"Pressenza"},"image":{"@id":"https:\/\/www.pressenza.com\/es\/#\/schema\/logo\/image\/"},"sameAs":["https:\/\/www.facebook.com\/PressenzaItalia","https:\/\/x.com\/PressenzaIPA"]},{"@type":"Person","@id":"https:\/\/www.pressenza.com\/es\/#\/schema\/person\/a49d93e37e2a1fd6902a180ccb8dc5cb","name":"Adital","description":"ADITAL, Agencia de Informaci\u00f3n Fray Tito para Am\u00e9rica Latina, es una agencia de noticias que naci\u00f3 para llevar la agenda social latinoamericana y caribe\u00f1a a la media internacional; estimular un periodismo de cu\u00f1o \u00e9tico y social; favorecer la integraci\u00f3n y la solidaridad entre los pueblo; desvendar para el mundo la dignidad de los que construyen ciudadan\u00eda; dar visibilidad a las acciones liberadoras que el Dios de la Vida hace brotar en los medios populares; divulgar el protagonismo de los actores sociales que son democratizadores de la comunicaci\u00f3n, y constituyen nuestras fuentes de informaci\u00f3n. www.adital.com.br","sameAs":["http:\/\/www.facebook.com\/agenciaadital","https:\/\/x.com\/agenciaadital"],"url":"https:\/\/www.pressenza.com\/es\/author\/agencia-adital\/"}]}},"place":"Montevideo","original_article_url":"","_links":{"self":[{"href":"https:\/\/www.pressenza.com\/es\/wp-json\/wp\/v2\/posts\/47272","targetHints":{"allow":["GET"]}}],"collection":[{"href":"https:\/\/www.pressenza.com\/es\/wp-json\/wp\/v2\/posts"}],"about":[{"href":"https:\/\/www.pressenza.com\/es\/wp-json\/wp\/v2\/types\/post"}],"author":[{"embeddable":true,"href":"https:\/\/www.pressenza.com\/es\/wp-json\/wp\/v2\/users\/361"}],"replies":[{"embeddable":true,"href":"https:\/\/www.pressenza.com\/es\/wp-json\/wp\/v2\/comments?post=47272"}],"version-history":[{"count":0,"href":"https:\/\/www.pressenza.com\/es\/wp-json\/wp\/v2\/posts\/47272\/revisions"}],"wp:featuredmedia":[{"embeddable":true,"href":"https:\/\/www.pressenza.com\/es\/wp-json\/wp\/v2\/media\/47274"}],"wp:attachment":[{"href":"https:\/\/www.pressenza.com\/es\/wp-json\/wp\/v2\/media?parent=47272"}],"wp:term":[{"taxonomy":"category","embeddable":true,"href":"https:\/\/www.pressenza.com\/es\/wp-json\/wp\/v2\/categories?post=47272"},{"taxonomy":"post_tag","embeddable":true,"href":"https:\/\/www.pressenza.com\/es\/wp-json\/wp\/v2\/tags?post=47272"}],"curies":[{"name":"wp","href":"https:\/\/api.w.org\/{rel}","templated":true}]}}