{"id":4721,"date":"2011-02-11T00:00:00","date_gmt":"2011-02-11T00:00:00","guid":{"rendered":""},"modified":"2011-02-11T12:36:48","modified_gmt":"2011-02-11T12:36:48","slug":"xarriba-las-manosx-europax","status":"publish","type":"post","link":"https:\/\/www.pressenza.com\/es\/2011\/02\/xarriba-las-manosx-europax\/","title":{"rendered":"\u00a1Arriba las manos, Europa!"},"content":{"rendered":"<p>*\u201cEl Fondo Monetario Internacional (FMI) minimiz\u00f3 los riesgos que condujeron a la peor crisis financiera y econ\u00f3mica global en d\u00e9cadas debido en gran parte a una cultura en la que imper\u00f3 el pensamiento \u00fanico y que desalent\u00f3 las cr\u00edticas.\u201d* describe el informe elaborado por la Unidad de Evaluaci\u00f3n Independiente de dicho organismo.<\/p>\n<p>Luego de ser descritos como temeridades o decisiones ingenuas, podemos ahora nombrar a las medidas econ\u00f3micas llevadas adelante por las grandes instituciones econ\u00f3micas del planeta como asaltos en masa. Unos pocos se quedan con lo de todos, pero con un pase de manos que nos hace creer a todos part\u00edcipes de este desfalco. Los encubridores nos quieren convencer que hemos sido c\u00f3mplices por tener un nivel de vida excesivo, por encima de nuestras posibilidades.<\/p>\n<p>Pero vamos por partes. En 2008 el sistema financiero colaps\u00f3, econom\u00edas *\u201cindestructibles\u201d* se hundieron como el Titanic. Pero el iceberg era su propio funcionamiento, con lo cual podr\u00edamos considerar un suicidio la f\u00f3rmula de crecimiento ilimitado y a tasas de inter\u00e9s de una gula insaciable. Esta crisis hizo que las bolsas cayeran en picado y grandes aseguradoras dieran bancarrota. Esto dio pie a lo que Rafael Poch, en su blog de La Vanguardia, describe como *\u201cel atraco perfecto\u201d*. Este atrac\u00f3 consisti\u00f3 en la utilizaci\u00f3n de fondos p\u00fablicos para salvar al Titanic del naufragio.<\/p>\n<p>*\u201cLa cifra del coste neto del rescate para el conjunto de los pa\u00edses del G-20 facilitada por el Ministro de Finanzas alem\u00e1n, Wolfgang Sch\u00e4uble, es 905.000 millones de d\u00f3lares\u201d* agrega Poch. Deber\u00edamos sumar las ayudas que cada gobierno nacional prest\u00f3 a sus respectivos n\u00e1ufragos. <\/p>\n<p>En realidad este salvataje era el preludio de lo que ser\u00eda el robo m\u00e1s grande de la historia humana.<\/p>\n<p>Las econom\u00edas del G20 empezaron a hacer aguas todas a la vez y en coro explicaban que la \u00fanica soluci\u00f3n era echar lastre por la borda. Estamos hablando de la decisi\u00f3n pol\u00edtica de pagar estas deudas sin consultar al pueblo su posici\u00f3n, sin investigar el origen de esta crisis y sin castigar a los ladrones por su fechor\u00eda. Bueno, muy por el contrario, esos ladrones son quienes dirigen el programa de recuperaci\u00f3n de la econom\u00eda mundial. Un eufemismo para disimular que el plan es llenar sus bolsillos.<\/p>\n<p>En esa espiral acelerada de crisis, los medios de comunicaci\u00f3n juegan un rol clave desinformando y legitimando los accionares tanto de pol\u00edticos, como de banqueros y de oligopolistas, que vendr\u00edan a ser, en definitiva, los due\u00f1os de dichos medios de comunicaci\u00f3n.<\/p>\n<p>Con sus econom\u00edas debilitadas por que el dinero est\u00e1 en manos de los ladrones, los pa\u00edses deciden autoreducirse, atacar las jubilaciones, la salud, los derechos laborales, acrecentando la desigualdad y sumiendo a las poblaciones en el estado de shock y convenci\u00e9ndolos que todos debemos hacer un esfuerzo para que el mundo siga girando.<\/p>\n<p>Siga girando a su conveniencia.<\/p>\n<p>As\u00ed todos obedecemos al macho alfa que es el Dios Mercado y la rueda sigue girando. El resultado es que nos han robado el presente y nos est\u00e1n robando el futuro.<\/p>\n<p>Es en la periferia de Europa donde vemos las capacidades de resistirse a esta obediencia debida. Parte de Latinoam\u00e9rica sigue un rumbo diferente, Islandia se ha rebelado a la obsecuencia y ahora son los pa\u00edses \u00e1rabes los que no quieren seguir siendo v\u00edctimas de segunda de este robo universal anunciado.<\/p>\n","protected":false},"excerpt":{"rendered":"<p>Hemos llegado a tal punto que debemos explicar la econom\u00eda desde un punto de vista delictivo. No alcanzan las autocr\u00edticas y los mea culpas realizados por el Fondo Monetario Internacional o el Banco Europeo. Asistimos al desenmascaramiento de un robo universal anunciado, con un ej\u00e9rcito de charlatanes defendiendo al Dios Mercado.<\/p>\n","protected":false},"author":96,"featured_media":0,"comment_status":"closed","ping_status":"open","sticky":false,"template":"","format":"standard","meta":{"footnotes":""},"categories":[81,66],"tags":[],"class_list":["post-4721","post","type-post","status-publish","format-standard","hentry","category-economia-es","category-europa-es"],"yoast_head":"<!-- This site is optimized with the Yoast SEO plugin v27.1.1 - https:\/\/yoast.com\/product\/yoast-seo-wordpress\/ -->\n<title>\u00a1Arriba las manos, Europa!<\/title>\n<meta name=\"description\" content=\"Hemos llegado a tal punto que debemos explicar la econom\u00eda desde un punto de vista delictivo. No alcanzan las autocr\u00edticas y los mea culpas realizados por el Fondo Monetario Internacional o el Banco Europeo. Asistimos al desenmascaramiento de un robo universal anunciado, con un ej\u00e9rcito de charlatanes defendiendo al Dios Mercado.\" \/>\n<meta name=\"robots\" content=\"index, follow, max-snippet:-1, max-image-preview:large, max-video-preview:-1\" \/>\n<link rel=\"canonical\" href=\"https:\/\/www.pressenza.com\/es\/2011\/02\/xarriba-las-manosx-europax\/\" \/>\n<meta property=\"og:locale\" content=\"es_ES\" \/>\n<meta property=\"og:type\" content=\"article\" \/>\n<meta property=\"og:title\" content=\"\u00a1Arriba las manos, Europa!\" \/>\n<meta property=\"og:description\" content=\"Hemos llegado a tal punto que debemos explicar la econom\u00eda desde un punto de vista delictivo. No alcanzan las autocr\u00edticas y los mea culpas realizados por el Fondo Monetario Internacional o el Banco Europeo. Asistimos al desenmascaramiento de un robo universal anunciado, con un ej\u00e9rcito de charlatanes defendiendo al Dios Mercado.\" \/>\n<meta property=\"og:url\" content=\"https:\/\/www.pressenza.com\/es\/2011\/02\/xarriba-las-manosx-europax\/\" \/>\n<meta property=\"og:site_name\" content=\"Pressenza\" \/>\n<meta property=\"article:publisher\" content=\"https:\/\/www.facebook.com\/PressenzaItalia\" \/>\n<meta property=\"article:author\" content=\"https:\/\/www.facebook.com\/mariano.quiroga.779\" \/>\n<meta property=\"article:published_time\" content=\"2011-02-11T00:00:00+00:00\" \/>\n<meta property=\"article:modified_time\" content=\"2011-02-11T12:36:48+00:00\" \/>\n<meta name=\"author\" content=\"Mariano Quiroga\" \/>\n<meta name=\"twitter:card\" content=\"summary_large_image\" \/>\n<meta name=\"twitter:creator\" content=\"@MaruchoQuiroga\" \/>\n<meta name=\"twitter:site\" content=\"@PressenzaIPA\" \/>\n<meta name=\"twitter:label1\" content=\"Escrito por\" \/>\n\t<meta name=\"twitter:data1\" content=\"Mariano Quiroga\" \/>\n\t<meta name=\"twitter:label2\" content=\"Tiempo de lectura\" \/>\n\t<meta name=\"twitter:data2\" content=\"3 minutos\" \/>\n<script type=\"application\/ld+json\" class=\"yoast-schema-graph\">{\"@context\":\"https:\/\/schema.org\",\"@graph\":[{\"@type\":\"Article\",\"@id\":\"https:\/\/www.pressenza.com\/es\/2011\/02\/xarriba-las-manosx-europax\/#article\",\"isPartOf\":{\"@id\":\"https:\/\/www.pressenza.com\/es\/2011\/02\/xarriba-las-manosx-europax\/\"},\"author\":{\"name\":\"Mariano Quiroga\",\"@id\":\"https:\/\/www.pressenza.com\/es\/#\/schema\/person\/a0856fe41d8234b92503e6b28dc2585e\"},\"headline\":\"\u00a1Arriba las manos, Europa!\",\"datePublished\":\"2011-02-11T00:00:00+00:00\",\"dateModified\":\"2011-02-11T12:36:48+00:00\",\"mainEntityOfPage\":{\"@id\":\"https:\/\/www.pressenza.com\/es\/2011\/02\/xarriba-las-manosx-europax\/\"},\"wordCount\":593,\"publisher\":{\"@id\":\"https:\/\/www.pressenza.com\/es\/#organization\"},\"articleSection\":[\"Econom\u00eda\",\"Europa\"],\"inLanguage\":\"es\"},{\"@type\":\"WebPage\",\"@id\":\"https:\/\/www.pressenza.com\/es\/2011\/02\/xarriba-las-manosx-europax\/\",\"url\":\"https:\/\/www.pressenza.com\/es\/2011\/02\/xarriba-las-manosx-europax\/\",\"name\":\"\u00a1Arriba las manos, Europa!\",\"isPartOf\":{\"@id\":\"https:\/\/www.pressenza.com\/es\/#website\"},\"datePublished\":\"2011-02-11T00:00:00+00:00\",\"dateModified\":\"2011-02-11T12:36:48+00:00\",\"description\":\"Hemos llegado a tal punto que debemos explicar la econom\u00eda desde un punto de vista delictivo. No alcanzan las autocr\u00edticas y los mea culpas realizados por el Fondo Monetario Internacional o el Banco Europeo. Asistimos al desenmascaramiento de un robo universal anunciado, con un ej\u00e9rcito de charlatanes defendiendo al Dios Mercado.\",\"breadcrumb\":{\"@id\":\"https:\/\/www.pressenza.com\/es\/2011\/02\/xarriba-las-manosx-europax\/#breadcrumb\"},\"inLanguage\":\"es\",\"potentialAction\":[{\"@type\":\"ReadAction\",\"target\":[\"https:\/\/www.pressenza.com\/es\/2011\/02\/xarriba-las-manosx-europax\/\"]}]},{\"@type\":\"BreadcrumbList\",\"@id\":\"https:\/\/www.pressenza.com\/es\/2011\/02\/xarriba-las-manosx-europax\/#breadcrumb\",\"itemListElement\":[{\"@type\":\"ListItem\",\"position\":1,\"name\":\"Accueil\",\"item\":\"https:\/\/www.pressenza.com\/es\/\"},{\"@type\":\"ListItem\",\"position\":2,\"name\":\"\u00a1Arriba las manos, Europa!\"}]},{\"@type\":\"WebSite\",\"@id\":\"https:\/\/www.pressenza.com\/es\/#website\",\"url\":\"https:\/\/www.pressenza.com\/es\/\",\"name\":\"Pressenza\",\"description\":\"International Press Agency\",\"publisher\":{\"@id\":\"https:\/\/www.pressenza.com\/es\/#organization\"},\"potentialAction\":[{\"@type\":\"SearchAction\",\"target\":{\"@type\":\"EntryPoint\",\"urlTemplate\":\"https:\/\/www.pressenza.com\/es\/?s={search_term_string}\"},\"query-input\":{\"@type\":\"PropertyValueSpecification\",\"valueRequired\":true,\"valueName\":\"search_term_string\"}}],\"inLanguage\":\"es\"},{\"@type\":\"Organization\",\"@id\":\"https:\/\/www.pressenza.com\/es\/#organization\",\"name\":\"Pressenza\",\"url\":\"https:\/\/www.pressenza.com\/es\/\",\"logo\":{\"@type\":\"ImageObject\",\"inLanguage\":\"es\",\"@id\":\"https:\/\/www.pressenza.com\/es\/#\/schema\/logo\/image\/\",\"url\":\"https:\/\/www.pressenza.com\/wp-content\/uploads\/2022\/10\/pressenza_logo_200x200.jpg\",\"contentUrl\":\"https:\/\/www.pressenza.com\/wp-content\/uploads\/2022\/10\/pressenza_logo_200x200.jpg\",\"width\":200,\"height\":200,\"caption\":\"Pressenza\"},\"image\":{\"@id\":\"https:\/\/www.pressenza.com\/es\/#\/schema\/logo\/image\/\"},\"sameAs\":[\"https:\/\/www.facebook.com\/PressenzaItalia\",\"https:\/\/x.com\/PressenzaIPA\"]},{\"@type\":\"Person\",\"@id\":\"https:\/\/www.pressenza.com\/es\/#\/schema\/person\/a0856fe41d8234b92503e6b28dc2585e\",\"name\":\"Mariano Quiroga\",\"description\":\"Born in Buenos Aires, Argentina, in 1976, Mariano is a journalist, poet and international editor for Pressenza. His career includes publications in different countries and languages. Currently he is presenter on radio programmes in Ecuador and Argentina. A humanist communicator specialising in international politics, his vocation has led him to seek to build bridges that allow relationships to be made between data, events, people and contexts in order to create an inclusive look that synthesises the noblest searches for social justice and humanisation of the planet.\",\"sameAs\":[\"https:\/\/www.facebook.com\/mariano.quiroga.779\",\"https:\/\/x.com\/MaruchoQuiroga\"],\"url\":\"https:\/\/www.pressenza.com\/es\/author\/mariano-quiroga\/\"}]}<\/script>\n<!-- \/ Yoast SEO plugin. -->","yoast_head_json":{"title":"\u00a1Arriba las manos, Europa!","description":"Hemos llegado a tal punto que debemos explicar la econom\u00eda desde un punto de vista delictivo. No alcanzan las autocr\u00edticas y los mea culpas realizados por el Fondo Monetario Internacional o el Banco Europeo. Asistimos al desenmascaramiento de un robo universal anunciado, con un ej\u00e9rcito de charlatanes defendiendo al Dios Mercado.","robots":{"index":"index","follow":"follow","max-snippet":"max-snippet:-1","max-image-preview":"max-image-preview:large","max-video-preview":"max-video-preview:-1"},"canonical":"https:\/\/www.pressenza.com\/es\/2011\/02\/xarriba-las-manosx-europax\/","og_locale":"es_ES","og_type":"article","og_title":"\u00a1Arriba las manos, Europa!","og_description":"Hemos llegado a tal punto que debemos explicar la econom\u00eda desde un punto de vista delictivo. No alcanzan las autocr\u00edticas y los mea culpas realizados por el Fondo Monetario Internacional o el Banco Europeo. Asistimos al desenmascaramiento de un robo universal anunciado, con un ej\u00e9rcito de charlatanes defendiendo al Dios Mercado.","og_url":"https:\/\/www.pressenza.com\/es\/2011\/02\/xarriba-las-manosx-europax\/","og_site_name":"Pressenza","article_publisher":"https:\/\/www.facebook.com\/PressenzaItalia","article_author":"https:\/\/www.facebook.com\/mariano.quiroga.779","article_published_time":"2011-02-11T00:00:00+00:00","article_modified_time":"2011-02-11T12:36:48+00:00","author":"Mariano Quiroga","twitter_card":"summary_large_image","twitter_creator":"@MaruchoQuiroga","twitter_site":"@PressenzaIPA","twitter_misc":{"Escrito por":"Mariano Quiroga","Tiempo de lectura":"3 minutos"},"schema":{"@context":"https:\/\/schema.org","@graph":[{"@type":"Article","@id":"https:\/\/www.pressenza.com\/es\/2011\/02\/xarriba-las-manosx-europax\/#article","isPartOf":{"@id":"https:\/\/www.pressenza.com\/es\/2011\/02\/xarriba-las-manosx-europax\/"},"author":{"name":"Mariano Quiroga","@id":"https:\/\/www.pressenza.com\/es\/#\/schema\/person\/a0856fe41d8234b92503e6b28dc2585e"},"headline":"\u00a1Arriba las manos, Europa!","datePublished":"2011-02-11T00:00:00+00:00","dateModified":"2011-02-11T12:36:48+00:00","mainEntityOfPage":{"@id":"https:\/\/www.pressenza.com\/es\/2011\/02\/xarriba-las-manosx-europax\/"},"wordCount":593,"publisher":{"@id":"https:\/\/www.pressenza.com\/es\/#organization"},"articleSection":["Econom\u00eda","Europa"],"inLanguage":"es"},{"@type":"WebPage","@id":"https:\/\/www.pressenza.com\/es\/2011\/02\/xarriba-las-manosx-europax\/","url":"https:\/\/www.pressenza.com\/es\/2011\/02\/xarriba-las-manosx-europax\/","name":"\u00a1Arriba las manos, Europa!","isPartOf":{"@id":"https:\/\/www.pressenza.com\/es\/#website"},"datePublished":"2011-02-11T00:00:00+00:00","dateModified":"2011-02-11T12:36:48+00:00","description":"Hemos llegado a tal punto que debemos explicar la econom\u00eda desde un punto de vista delictivo. No alcanzan las autocr\u00edticas y los mea culpas realizados por el Fondo Monetario Internacional o el Banco Europeo. Asistimos al desenmascaramiento de un robo universal anunciado, con un ej\u00e9rcito de charlatanes defendiendo al Dios Mercado.","breadcrumb":{"@id":"https:\/\/www.pressenza.com\/es\/2011\/02\/xarriba-las-manosx-europax\/#breadcrumb"},"inLanguage":"es","potentialAction":[{"@type":"ReadAction","target":["https:\/\/www.pressenza.com\/es\/2011\/02\/xarriba-las-manosx-europax\/"]}]},{"@type":"BreadcrumbList","@id":"https:\/\/www.pressenza.com\/es\/2011\/02\/xarriba-las-manosx-europax\/#breadcrumb","itemListElement":[{"@type":"ListItem","position":1,"name":"Accueil","item":"https:\/\/www.pressenza.com\/es\/"},{"@type":"ListItem","position":2,"name":"\u00a1Arriba las manos, Europa!"}]},{"@type":"WebSite","@id":"https:\/\/www.pressenza.com\/es\/#website","url":"https:\/\/www.pressenza.com\/es\/","name":"Pressenza","description":"International Press Agency","publisher":{"@id":"https:\/\/www.pressenza.com\/es\/#organization"},"potentialAction":[{"@type":"SearchAction","target":{"@type":"EntryPoint","urlTemplate":"https:\/\/www.pressenza.com\/es\/?s={search_term_string}"},"query-input":{"@type":"PropertyValueSpecification","valueRequired":true,"valueName":"search_term_string"}}],"inLanguage":"es"},{"@type":"Organization","@id":"https:\/\/www.pressenza.com\/es\/#organization","name":"Pressenza","url":"https:\/\/www.pressenza.com\/es\/","logo":{"@type":"ImageObject","inLanguage":"es","@id":"https:\/\/www.pressenza.com\/es\/#\/schema\/logo\/image\/","url":"https:\/\/www.pressenza.com\/wp-content\/uploads\/2022\/10\/pressenza_logo_200x200.jpg","contentUrl":"https:\/\/www.pressenza.com\/wp-content\/uploads\/2022\/10\/pressenza_logo_200x200.jpg","width":200,"height":200,"caption":"Pressenza"},"image":{"@id":"https:\/\/www.pressenza.com\/es\/#\/schema\/logo\/image\/"},"sameAs":["https:\/\/www.facebook.com\/PressenzaItalia","https:\/\/x.com\/PressenzaIPA"]},{"@type":"Person","@id":"https:\/\/www.pressenza.com\/es\/#\/schema\/person\/a0856fe41d8234b92503e6b28dc2585e","name":"Mariano Quiroga","description":"Born in Buenos Aires, Argentina, in 1976, Mariano is a journalist, poet and international editor for Pressenza. His career includes publications in different countries and languages. Currently he is presenter on radio programmes in Ecuador and Argentina. A humanist communicator specialising in international politics, his vocation has led him to seek to build bridges that allow relationships to be made between data, events, people and contexts in order to create an inclusive look that synthesises the noblest searches for social justice and humanisation of the planet.","sameAs":["https:\/\/www.facebook.com\/mariano.quiroga.779","https:\/\/x.com\/MaruchoQuiroga"],"url":"https:\/\/www.pressenza.com\/es\/author\/mariano-quiroga\/"}]}},"place":"Paris","original_article_url":"","_links":{"self":[{"href":"https:\/\/www.pressenza.com\/es\/wp-json\/wp\/v2\/posts\/4721","targetHints":{"allow":["GET"]}}],"collection":[{"href":"https:\/\/www.pressenza.com\/es\/wp-json\/wp\/v2\/posts"}],"about":[{"href":"https:\/\/www.pressenza.com\/es\/wp-json\/wp\/v2\/types\/post"}],"author":[{"embeddable":true,"href":"https:\/\/www.pressenza.com\/es\/wp-json\/wp\/v2\/users\/96"}],"replies":[{"embeddable":true,"href":"https:\/\/www.pressenza.com\/es\/wp-json\/wp\/v2\/comments?post=4721"}],"version-history":[{"count":0,"href":"https:\/\/www.pressenza.com\/es\/wp-json\/wp\/v2\/posts\/4721\/revisions"}],"wp:attachment":[{"href":"https:\/\/www.pressenza.com\/es\/wp-json\/wp\/v2\/media?parent=4721"}],"wp:term":[{"taxonomy":"category","embeddable":true,"href":"https:\/\/www.pressenza.com\/es\/wp-json\/wp\/v2\/categories?post=4721"},{"taxonomy":"post_tag","embeddable":true,"href":"https:\/\/www.pressenza.com\/es\/wp-json\/wp\/v2\/tags?post=4721"}],"curies":[{"name":"wp","href":"https:\/\/api.w.org\/{rel}","templated":true}]}}