{"id":470523,"date":"2017-05-26T01:22:08","date_gmt":"2017-05-26T00:22:08","guid":{"rendered":"https:\/\/www.pressenza.com\/?p=470523\/"},"modified":"2017-05-26T01:22:08","modified_gmt":"2017-05-26T00:22:08","slug":"montreal-celebraciones-del-375-aniversario-y-homenaje-al-tratado-de-la-gran-paz-de-1701","status":"publish","type":"post","link":"https:\/\/www.pressenza.com\/es\/2017\/05\/montreal-celebraciones-del-375-aniversario-y-homenaje-al-tratado-de-la-gran-paz-de-1701\/","title":{"rendered":"Montreal: celebraciones del 375 aniversario y homenaje al tratado de la Gran Paz de 1701"},"content":{"rendered":"<p>El 17 de mayo de 2017 en Montreal, se dio comienzo a las festividades para el 375 aniversario de su fundaci\u00f3n. En dicha ocasi\u00f3n, el alcalde de Montreal, Denis Coderre y el primer ministro de Quebec, Philippe Couillard, como asimismo varios dignatarios de las comunidades aut\u00f3ctonas se reunieron en la terraza de la municipalidad de Montreal. All\u00ed rindieron un homenaje conmovedor al tratado de la Gran Paz de Montreal y a la ocupaci\u00f3n milenaria de los territorios de la metr\u00f3polis por parte de los ind\u00edgenas.<\/p>\n<div id=\"attachment_470524\" class=\"wp-caption alignnone\"><img loading=\"lazy\" decoding=\"async\" aria-describedby=\"caption-attachment-470524\" class=\"wp-image-470524 size-full\" src=\"https:\/\/www.pressenza.com\/wp-content\/uploads\/2017\/05\/Montr-al-festivit-s-Grande-Paix-de-Montr-al-de-1701-2.jpg\" alt=\"\" width=\"750\" height=\"563\" srcset=\"https:\/\/www.pressenza.com\/wp-content\/uploads\/2017\/05\/Montr-al-festivit-s-Grande-Paix-de-Montr-al-de-1701-2.jpg 750w, https:\/\/www.pressenza.com\/wp-content\/uploads\/2017\/05\/Montr-al-festivit-s-Grande-Paix-de-Montr-al-de-1701-2-300x225.jpg 300w, https:\/\/www.pressenza.com\/wp-content\/uploads\/2017\/05\/Montr-al-festivit-s-Grande-Paix-de-Montr-al-de-1701-2-720x540.jpg 720w\" sizes=\"auto, (max-width: 750px) 100vw, 750px\" \/><p id=\"caption-attachment-470524\" class=\"wp-caption-text\"><em>Philippe Couillard, primer ministro de Quebec con delegados de las Naciones aut\u00f3ctonas.<\/em><\/p><\/div>\n<p><strong>Montreal, la colonizaci\u00f3n y los corredores de los bosques<\/strong><\/p>\n<p>Desde un principio, la ciudad se situ\u00f3 en el punto de encuentro entre los Algonquinos y los Hurones (naciones amerindias). Los ind\u00edgenas, que bajaban las corrientes de agua provenientes del norte, tra\u00edan pieles y las comerciaban con los franceses. Efectivamente, ese lugar era de muy f\u00e1cil acceso por ser una isla. Debe su nombre a Jacques Cartier que en 1535 lo denomin\u00f3 Mont-Royal, por el monte que estaba situado en el centro.<\/p>\n<p>Solo despu\u00e9s de 1535 y luego del fracaso de un primer intento de colonizaci\u00f3n, los europeos se interesaron mucho m\u00e1s en las pieles y en los recursos de la Nueva Francia, decidi\u00e9ndose a establecer una colonia permanente.<\/p>\n<p>Es as\u00ed que este reintento se enfrenta con un nuevo fen\u00f3meno: cada vez m\u00e1s franceses descubren la actividad de \u201ccorredor de los bosques\u201d.<\/p>\n<p>Son cada vez m\u00e1s los que abandonan la colonia para seguir a los amerindios a los bosques. En vez de esperar que las naciones originarias vengan a ellos, numerosos colonos se convirtieron en corredores de bosques o cazadores. Entendieron la conveniencia de ir ellos mismos al bosque a buscar los recursos tan codiciados por los europeos.<\/p>\n<p>Gracias a los numerosos cursos de agua, los corredores de bosques pod\u00edan recorrer m\u00e1s de 70 km por d\u00eda. Cuenta la historia que a partir del 17 de mayo de 1642, los franceses se instalaron permanentemente en la isla de Montreal. Paul Chomedey, misionero jesuita franc\u00e9s fund\u00f3 la ciudad de Villa Mar\u00eda en 1642.<\/p>\n<p><strong>Montreal en su fundaci\u00f3n coexiste con las naciones<\/strong><\/p>\n<p>Entre los colonizadores que participan en la fundaci\u00f3n de la ciudad de Montreal, se distinguen mujeres fuertes como Jeanne Mance, una de las cofundadoras de la ciudad, y Marguerite Bourgeoys que fund\u00f3 el Hospital del H\u00f4tel de Dieu de Montreal.<\/p>\n<p>En los inicios de la colonizaci\u00f3n de Montreal, los iroqueses opusieron una fuerte resistencia. Se opon\u00edan a la instalaci\u00f3n permanente de los franceses. Hacia 1680, se contaban 493 personas en Montreal, entre ellos 75 parisinos, 68 normandos, 54 de Poitou, 28 de Manceaux, 23 Singeais, 17 bretones, 16 de Percheron, 13 de Angouleme, 12 de Champagne y 10 de Picard\u00eda. Durante varios a\u00f1os la ciudad fue azotada por una guerra contra los iroqueses y las otras Naciones Originarias.<\/p>\n<p>Finalmente, hubo que esperar al 4 de agosto de 1701 para que representantes de Francia y de 39 naciones amerindias hicieran las paces.<\/p>\n<p>Por un lado, el conflicto era por las rivalidades en juego y el comercio de las pieles con los colonizadores. Por otra parte, los hurones y los algonquinos se hab\u00edan aliado con los franceses, mientras que los iroqueses apoyaban a los colonos ingleses. Finalmente la guerra concluy\u00f3 con un gran tratado entre las diferentes naciones y los franceses.<\/p>\n<p>La firma del tratado de la Gran Paz se hizo en una llanura en donde cada naci\u00f3n puso su \u201cmarca\u201d (representada por un animal). (Fuente: wikipedia)<\/p>\n<div id=\"attachment_470531\" class=\"wp-caption alignleft\"><img loading=\"lazy\" decoding=\"async\" aria-describedby=\"caption-attachment-470531\" class=\"wp-image-470531 size-full\" src=\"https:\/\/www.pressenza.com\/wp-content\/uploads\/2017\/05\/Grande_Paix_Montreal-Montr-al-festivit-s-Grande-Paix-de-Montr-al-de-1701.jpg\" alt=\"\" width=\"819\" height=\"450\" srcset=\"https:\/\/www.pressenza.com\/wp-content\/uploads\/2017\/05\/Grande_Paix_Montreal-Montr-al-festivit-s-Grande-Paix-de-Montr-al-de-1701.jpg 819w, https:\/\/www.pressenza.com\/wp-content\/uploads\/2017\/05\/Grande_Paix_Montreal-Montr-al-festivit-s-Grande-Paix-de-Montr-al-de-1701-300x165.jpg 300w, https:\/\/www.pressenza.com\/wp-content\/uploads\/2017\/05\/Grande_Paix_Montreal-Montr-al-festivit-s-Grande-Paix-de-Montr-al-de-1701-768x422.jpg 768w, https:\/\/www.pressenza.com\/wp-content\/uploads\/2017\/05\/Grande_Paix_Montreal-Montr-al-festivit-s-Grande-Paix-de-Montr-al-de-1701-720x396.jpg 720w\" sizes=\"auto, (max-width: 819px) 100vw, 819px\" \/><p id=\"caption-attachment-470531\" class=\"wp-caption-text\"><em>Tratado de la Gran Paz de Montreal. Foto de Wikipedia.<\/em><\/p><\/div>\n<p><em>El documento original se conserva en los Archivos Nacionales. (Descripci\u00f3n de las Naciones seg\u00fan el tratado).<\/em><\/p>\n<ol>\n<li>Owentsiowan representa a la naci\u00f3n iroquesa de los Onondaga y firma con un ave zancuda.<\/li>\n<li>Por los Tsonontwan, es Turenguenon quien pone su firma con la tortuga.<\/li>\n<li>Por los Oneeiouts, la firma representa una bifurcaci\u00f3n en el medio de la cual figura una piedra.<\/li>\n<li>Por los Goyogwins (\u201cpueblo de la gran pipa\u201d), \u00a1por supuesto, el dibujo de una pipa!<\/li>\n<li>La marca de Kondiaronk, llamado el Rat\u00f3n (un rat\u00f3n almizclero), figura en el tratado de 1701. Otro jefe Hur\u00f3n pudo haber puesto esta marca en nombre de este gran jefe, que muri\u00f3 dos d\u00edas antes de la firma del tratado.<\/li>\n<li>El oso, la firma del jefe Kinong\u00e9, llamado Pica, por los Ottawa de Sable<\/li>\n<li>La marca de los Abenaquis de Acadia, por el jefe Mescuadu\u00e9.<\/li>\n<li>El oso, la marca de los Ottawa Sinagos.<\/li>\n<li>Por las Gentes de Sault, tambi\u00e9n el oso, firma colocada por Haronhiateka.<\/li>\n<li>La firma del jefe de las Gentes de la Monta\u00f1a es un ciervo.<\/li>\n<li>El jefe Kileuiskingi\u00e9 firma con un pez por los Ottawa Kiskarons.<\/li>\n<li>La bifurcaci\u00f3n representa el lugar donde viven los Ottawa de la Fourche, en la confluencia de Tres r\u00edos.<\/li>\n<li>Representados por Onanguic\u00e9, jefe Potawatomi, los Mississaugas (naci\u00f3n Ojibwa) firman con el p\u00e1jaro del trueno.<\/li>\n<li>Los Amikoue\u00e9 ponen la marca del castor.<\/li>\n<li>Por los Saulteaux (Ojibwas), el jefe Ouabangue pone la marca de una grulla.<\/li>\n<li>En cuanto a los algonquinos, encontramos dos firmas: un ave zancuda o una grulla y, al lado, un ser humano.<\/li>\n<li>Une perca coronada por una cabellera sirve como firma de la aldea de los Piankashaws.<\/li>\n<li>La marca de Chichicatalo, jefe muy respetado entre los Miamis, agrupa dos s\u00edmbolos, uno es una grulla.<\/li>\n<li>La marca del jefe Outilirin podr\u00eda representar a los Cree. En lengua cree, el sufijo <em>irin <\/em>significa \u201chombre\u201d<\/li>\n<li>Representados por Onanguic\u00e9, Koueras Koueatenons (grupo de los Illinois) firman con un arco y una flecha.<\/li>\n<li>La marca de la aldea de los Peorias (naci\u00f3n Illinois) es una tortuga de cola larga.<\/li>\n<li>El emblema de los Tapouaro (grupo de los Illinois).<\/li>\n<li>El emblema de los Moingwena (naci\u00f3n Illinois), establecida en el r\u00edo Des Moines.<\/li>\n<li>La aldea de los Maruas (grupo de los Illinois), firma con una rana.<\/li>\n<li>Por los Potawatomis, la marca de un tronco y tres ra\u00edces.<\/li>\n<li>Por los Kaskaskias (naci\u00f3n Illinois), una pluma enclavada.<\/li>\n<li>La marca de la aldea Ouiatenon (naci\u00f3n Miami) es una cantera.<\/li>\n<li>El esturi\u00f3n es la marca de los Sakis (Sauks).<\/li>\n<li>Para los Outagamis, o Zorros, la firma es la de un&#8230; zorro.<\/li>\n<li>El p\u00e1jaro del trueno representa el s\u00edmbolo del clan de los Puants.<\/li>\n<li>La marca de los Malominis (Avena Loca) es la del p\u00e1jaro del trueno sosteniendo una hebra de avena loca.<\/li>\n<li>El caballero de Calli\u00e8re, Brochart de Champigny y otros.<\/li>\n<\/ol>\n<p>(Notas extra\u00eddas de: Alain Beaulieu y Roland Viau,\u00a0<em>La Grande Paix, Chronique d\u2019une saga diplomatique<\/em>, Montr\u00e9al, \u00c9ditions Libre Expression, 2001,\u00a0p.\u00a0109-111.)<\/p>\n<p><strong>El Tratado de la Gran Paz de Montreal \u2013\u00a0modelo de tratado diplom\u00e1tico<\/strong><\/p>\n<p>A nivel diplom\u00e1tico, el tratado de la Gran Paz de Montreal aparece como un hecho \u00fanico en toda la historia de Am\u00e9rica. Un acto impresionante, este tratado sigue siendo v\u00e1lido y reconocido por las comunidades amerindias. En suma, de todos los colonizadores de Am\u00e9rica del Norte, los franceses son los \u00fanicos que no exterminaron ni redujeron a la calidad de esclavo o denigraron a las Naciones Originarias.<\/p>\n<p>Es evidente que la labor de los misioneros y de evangelizaci\u00f3n violent\u00f3 la cultura amerindia en sus tradiciones y creencias. Pero contrariamente a los colonizadores ingleses y espa\u00f1oles, los franceses optaron por la coexistencia entre las Naciones. Por otra parte, cuando los ingleses desembarcaron en Canad\u00e1 e iniciaron su colonizaci\u00f3n, el clima de coexistencia social cambi\u00f3 por completo. \u00bfAcaso la coexistencia cimienta una sociedad? Seg\u00fan varias Naciones originarias, es una parte de la soluci\u00f3n para vivir juntos en Paz. En efecto, el tratado de la Gran Paz de Montreal es reconocido por el conjunto de las Naciones amerindias de Quebec y de Canad\u00e1.<\/p>\n","protected":false},"excerpt":{"rendered":"<p>El 17 de mayo de 2017 en Montreal, se dio comienzo a las festividades para el 375 aniversario de su fundaci\u00f3n. En dicha ocasi\u00f3n, el alcalde de Montreal, Denis Coderre y el primer ministro de Quebec, Philippe Couillard, como asimismo&hellip;<\/p>\n","protected":false},"author":63,"featured_media":468444,"comment_status":"closed","ping_status":"closed","sticky":false,"template":"","format":"standard","meta":{"footnotes":""},"categories":[11389,75,68],"tags":[6967,29617,37738],"class_list":["post-470523","post","type-post","status-publish","format-standard","has-post-thumbnail","hentry","category-contenido-original","category-cultura-es","category-norteamerica","tag-canada-es","tag-montreal","tag-tratado-de-la-gran-paz-de-montreal"],"yoast_head":"<!-- This site is optimized with the Yoast SEO plugin v27.1.1 - https:\/\/yoast.com\/product\/yoast-seo-wordpress\/ -->\n<title>Montreal: celebraciones del 375 aniversario y homenaje al tratado de la Gran Paz de 1701<\/title>\n<meta name=\"description\" content=\"El 17 de mayo de 2017 en Montreal, se dio comienzo a las festividades para el 375 aniversario de su fundaci\u00f3n. En dicha ocasi\u00f3n, el alcalde de Montreal,\" \/>\n<meta name=\"robots\" content=\"index, follow, max-snippet:-1, max-image-preview:large, max-video-preview:-1\" \/>\n<link rel=\"canonical\" href=\"https:\/\/www.pressenza.com\/es\/2017\/05\/montreal-celebraciones-del-375-aniversario-y-homenaje-al-tratado-de-la-gran-paz-de-1701\/\" \/>\n<meta property=\"og:locale\" content=\"es_ES\" \/>\n<meta property=\"og:type\" content=\"article\" \/>\n<meta property=\"og:title\" content=\"Montreal: celebraciones del 375 aniversario y homenaje al tratado de la Gran Paz de 1701\" \/>\n<meta property=\"og:description\" content=\"El 17 de mayo de 2017 en Montreal, se dio comienzo a las festividades para el 375 aniversario de su fundaci\u00f3n. En dicha ocasi\u00f3n, el alcalde de Montreal,\" \/>\n<meta property=\"og:url\" content=\"https:\/\/www.pressenza.com\/es\/2017\/05\/montreal-celebraciones-del-375-aniversario-y-homenaje-al-tratado-de-la-gran-paz-de-1701\/\" \/>\n<meta property=\"og:site_name\" content=\"Pressenza\" \/>\n<meta property=\"article:publisher\" content=\"https:\/\/www.facebook.com\/PressenzaItalia\" \/>\n<meta property=\"article:published_time\" content=\"2017-05-26T00:22:08+00:00\" \/>\n<meta property=\"og:image\" content=\"https:\/\/www.pressenza.com\/wp-content\/uploads\/2017\/05\/Montr--al-festivit--s-Grande-Paix-de-Montr--al-de-1701.jpg\" \/>\n\t<meta property=\"og:image:width\" content=\"750\" \/>\n\t<meta property=\"og:image:height\" content=\"443\" \/>\n\t<meta property=\"og:image:type\" content=\"image\/jpeg\" \/>\n<meta name=\"author\" content=\"Anne Farrell\" \/>\n<meta name=\"twitter:card\" content=\"summary_large_image\" \/>\n<meta name=\"twitter:creator\" content=\"@PressenzaIPA\" \/>\n<meta name=\"twitter:site\" content=\"@PressenzaIPA\" \/>\n<meta name=\"twitter:label1\" content=\"Escrito por\" \/>\n\t<meta name=\"twitter:data1\" content=\"Anne Farrell\" \/>\n\t<meta name=\"twitter:label2\" content=\"Tiempo de lectura\" \/>\n\t<meta name=\"twitter:data2\" content=\"7 minutos\" \/>\n<script type=\"application\/ld+json\" class=\"yoast-schema-graph\">{\"@context\":\"https:\/\/schema.org\",\"@graph\":[{\"@type\":\"Article\",\"@id\":\"https:\/\/www.pressenza.com\/es\/2017\/05\/montreal-celebraciones-del-375-aniversario-y-homenaje-al-tratado-de-la-gran-paz-de-1701\/#article\",\"isPartOf\":{\"@id\":\"https:\/\/www.pressenza.com\/es\/2017\/05\/montreal-celebraciones-del-375-aniversario-y-homenaje-al-tratado-de-la-gran-paz-de-1701\/\"},\"author\":{\"name\":\"Anne Farrell\",\"@id\":\"https:\/\/www.pressenza.com\/es\/#\/schema\/person\/06fe29d0640b1b3c6e87b05e162391e0\"},\"headline\":\"Montreal: celebraciones del 375 aniversario y homenaje al tratado de la Gran Paz de 1701\",\"datePublished\":\"2017-05-26T00:22:08+00:00\",\"mainEntityOfPage\":{\"@id\":\"https:\/\/www.pressenza.com\/es\/2017\/05\/montreal-celebraciones-del-375-aniversario-y-homenaje-al-tratado-de-la-gran-paz-de-1701\/\"},\"wordCount\":1334,\"publisher\":{\"@id\":\"https:\/\/www.pressenza.com\/es\/#organization\"},\"image\":{\"@id\":\"https:\/\/www.pressenza.com\/es\/2017\/05\/montreal-celebraciones-del-375-aniversario-y-homenaje-al-tratado-de-la-gran-paz-de-1701\/#primaryimage\"},\"thumbnailUrl\":\"https:\/\/www.pressenza.com\/wp-content\/uploads\/2017\/05\/Montr--al-festivit--s-Grande-Paix-de-Montr--al-de-1701.jpg\",\"keywords\":[\"Canad\u00e1\",\"Montr\u00e9al\",\"tratado de la Gran Paz de Montreal\"],\"articleSection\":[\"Contenido Original\",\"Cultura y Medios\",\"Norteam\u00e9rica\"],\"inLanguage\":\"es\"},{\"@type\":\"WebPage\",\"@id\":\"https:\/\/www.pressenza.com\/es\/2017\/05\/montreal-celebraciones-del-375-aniversario-y-homenaje-al-tratado-de-la-gran-paz-de-1701\/\",\"url\":\"https:\/\/www.pressenza.com\/es\/2017\/05\/montreal-celebraciones-del-375-aniversario-y-homenaje-al-tratado-de-la-gran-paz-de-1701\/\",\"name\":\"Montreal: celebraciones del 375 aniversario y homenaje al tratado de la Gran Paz de 1701\",\"isPartOf\":{\"@id\":\"https:\/\/www.pressenza.com\/es\/#website\"},\"primaryImageOfPage\":{\"@id\":\"https:\/\/www.pressenza.com\/es\/2017\/05\/montreal-celebraciones-del-375-aniversario-y-homenaje-al-tratado-de-la-gran-paz-de-1701\/#primaryimage\"},\"image\":{\"@id\":\"https:\/\/www.pressenza.com\/es\/2017\/05\/montreal-celebraciones-del-375-aniversario-y-homenaje-al-tratado-de-la-gran-paz-de-1701\/#primaryimage\"},\"thumbnailUrl\":\"https:\/\/www.pressenza.com\/wp-content\/uploads\/2017\/05\/Montr--al-festivit--s-Grande-Paix-de-Montr--al-de-1701.jpg\",\"datePublished\":\"2017-05-26T00:22:08+00:00\",\"description\":\"El 17 de mayo de 2017 en Montreal, se dio comienzo a las festividades para el 375 aniversario de su fundaci\u00f3n. En dicha ocasi\u00f3n, el alcalde de Montreal,\",\"breadcrumb\":{\"@id\":\"https:\/\/www.pressenza.com\/es\/2017\/05\/montreal-celebraciones-del-375-aniversario-y-homenaje-al-tratado-de-la-gran-paz-de-1701\/#breadcrumb\"},\"inLanguage\":\"es\",\"potentialAction\":[{\"@type\":\"ReadAction\",\"target\":[\"https:\/\/www.pressenza.com\/es\/2017\/05\/montreal-celebraciones-del-375-aniversario-y-homenaje-al-tratado-de-la-gran-paz-de-1701\/\"]}]},{\"@type\":\"ImageObject\",\"inLanguage\":\"es\",\"@id\":\"https:\/\/www.pressenza.com\/es\/2017\/05\/montreal-celebraciones-del-375-aniversario-y-homenaje-al-tratado-de-la-gran-paz-de-1701\/#primaryimage\",\"url\":\"https:\/\/www.pressenza.com\/wp-content\/uploads\/2017\/05\/Montr--al-festivit--s-Grande-Paix-de-Montr--al-de-1701.jpg\",\"contentUrl\":\"https:\/\/www.pressenza.com\/wp-content\/uploads\/2017\/05\/Montr--al-festivit--s-Grande-Paix-de-Montr--al-de-1701.jpg\",\"width\":750,\"height\":443},{\"@type\":\"BreadcrumbList\",\"@id\":\"https:\/\/www.pressenza.com\/es\/2017\/05\/montreal-celebraciones-del-375-aniversario-y-homenaje-al-tratado-de-la-gran-paz-de-1701\/#breadcrumb\",\"itemListElement\":[{\"@type\":\"ListItem\",\"position\":1,\"name\":\"Accueil\",\"item\":\"https:\/\/www.pressenza.com\/es\/\"},{\"@type\":\"ListItem\",\"position\":2,\"name\":\"Montreal: celebraciones del 375 aniversario y homenaje al tratado de la Gran Paz de 1701\"}]},{\"@type\":\"WebSite\",\"@id\":\"https:\/\/www.pressenza.com\/es\/#website\",\"url\":\"https:\/\/www.pressenza.com\/es\/\",\"name\":\"Pressenza\",\"description\":\"International Press Agency\",\"publisher\":{\"@id\":\"https:\/\/www.pressenza.com\/es\/#organization\"},\"potentialAction\":[{\"@type\":\"SearchAction\",\"target\":{\"@type\":\"EntryPoint\",\"urlTemplate\":\"https:\/\/www.pressenza.com\/es\/?s={search_term_string}\"},\"query-input\":{\"@type\":\"PropertyValueSpecification\",\"valueRequired\":true,\"valueName\":\"search_term_string\"}}],\"inLanguage\":\"es\"},{\"@type\":\"Organization\",\"@id\":\"https:\/\/www.pressenza.com\/es\/#organization\",\"name\":\"Pressenza\",\"url\":\"https:\/\/www.pressenza.com\/es\/\",\"logo\":{\"@type\":\"ImageObject\",\"inLanguage\":\"es\",\"@id\":\"https:\/\/www.pressenza.com\/es\/#\/schema\/logo\/image\/\",\"url\":\"https:\/\/www.pressenza.com\/wp-content\/uploads\/2022\/10\/pressenza_logo_200x200.jpg\",\"contentUrl\":\"https:\/\/www.pressenza.com\/wp-content\/uploads\/2022\/10\/pressenza_logo_200x200.jpg\",\"width\":200,\"height\":200,\"caption\":\"Pressenza\"},\"image\":{\"@id\":\"https:\/\/www.pressenza.com\/es\/#\/schema\/logo\/image\/\"},\"sameAs\":[\"https:\/\/www.facebook.com\/PressenzaItalia\",\"https:\/\/x.com\/PressenzaIPA\"]},{\"@type\":\"Person\",\"@id\":\"https:\/\/www.pressenza.com\/es\/#\/schema\/person\/06fe29d0640b1b3c6e87b05e162391e0\",\"name\":\"Anne Farrell\",\"description\":\"Anne Farrell is the author of the books: A meaning of Life that defied the unbearable fate in mass extinction, A tribute to reconciliation and its missing image in the Western World\",\"url\":\"https:\/\/www.pressenza.com\/es\/author\/anne-farrell\/\"}]}<\/script>\n<!-- \/ Yoast SEO plugin. -->","yoast_head_json":{"title":"Montreal: celebraciones del 375 aniversario y homenaje al tratado de la Gran Paz de 1701","description":"El 17 de mayo de 2017 en Montreal, se dio comienzo a las festividades para el 375 aniversario de su fundaci\u00f3n. En dicha ocasi\u00f3n, el alcalde de Montreal,","robots":{"index":"index","follow":"follow","max-snippet":"max-snippet:-1","max-image-preview":"max-image-preview:large","max-video-preview":"max-video-preview:-1"},"canonical":"https:\/\/www.pressenza.com\/es\/2017\/05\/montreal-celebraciones-del-375-aniversario-y-homenaje-al-tratado-de-la-gran-paz-de-1701\/","og_locale":"es_ES","og_type":"article","og_title":"Montreal: celebraciones del 375 aniversario y homenaje al tratado de la Gran Paz de 1701","og_description":"El 17 de mayo de 2017 en Montreal, se dio comienzo a las festividades para el 375 aniversario de su fundaci\u00f3n. En dicha ocasi\u00f3n, el alcalde de Montreal,","og_url":"https:\/\/www.pressenza.com\/es\/2017\/05\/montreal-celebraciones-del-375-aniversario-y-homenaje-al-tratado-de-la-gran-paz-de-1701\/","og_site_name":"Pressenza","article_publisher":"https:\/\/www.facebook.com\/PressenzaItalia","article_published_time":"2017-05-26T00:22:08+00:00","og_image":[{"width":750,"height":443,"url":"https:\/\/www.pressenza.com\/wp-content\/uploads\/2017\/05\/Montr--al-festivit--s-Grande-Paix-de-Montr--al-de-1701.jpg","type":"image\/jpeg"}],"author":"Anne Farrell","twitter_card":"summary_large_image","twitter_creator":"@PressenzaIPA","twitter_site":"@PressenzaIPA","twitter_misc":{"Escrito por":"Anne Farrell","Tiempo de lectura":"7 minutos"},"schema":{"@context":"https:\/\/schema.org","@graph":[{"@type":"Article","@id":"https:\/\/www.pressenza.com\/es\/2017\/05\/montreal-celebraciones-del-375-aniversario-y-homenaje-al-tratado-de-la-gran-paz-de-1701\/#article","isPartOf":{"@id":"https:\/\/www.pressenza.com\/es\/2017\/05\/montreal-celebraciones-del-375-aniversario-y-homenaje-al-tratado-de-la-gran-paz-de-1701\/"},"author":{"name":"Anne Farrell","@id":"https:\/\/www.pressenza.com\/es\/#\/schema\/person\/06fe29d0640b1b3c6e87b05e162391e0"},"headline":"Montreal: celebraciones del 375 aniversario y homenaje al tratado de la Gran Paz de 1701","datePublished":"2017-05-26T00:22:08+00:00","mainEntityOfPage":{"@id":"https:\/\/www.pressenza.com\/es\/2017\/05\/montreal-celebraciones-del-375-aniversario-y-homenaje-al-tratado-de-la-gran-paz-de-1701\/"},"wordCount":1334,"publisher":{"@id":"https:\/\/www.pressenza.com\/es\/#organization"},"image":{"@id":"https:\/\/www.pressenza.com\/es\/2017\/05\/montreal-celebraciones-del-375-aniversario-y-homenaje-al-tratado-de-la-gran-paz-de-1701\/#primaryimage"},"thumbnailUrl":"https:\/\/www.pressenza.com\/wp-content\/uploads\/2017\/05\/Montr--al-festivit--s-Grande-Paix-de-Montr--al-de-1701.jpg","keywords":["Canad\u00e1","Montr\u00e9al","tratado de la Gran Paz de Montreal"],"articleSection":["Contenido Original","Cultura y Medios","Norteam\u00e9rica"],"inLanguage":"es"},{"@type":"WebPage","@id":"https:\/\/www.pressenza.com\/es\/2017\/05\/montreal-celebraciones-del-375-aniversario-y-homenaje-al-tratado-de-la-gran-paz-de-1701\/","url":"https:\/\/www.pressenza.com\/es\/2017\/05\/montreal-celebraciones-del-375-aniversario-y-homenaje-al-tratado-de-la-gran-paz-de-1701\/","name":"Montreal: celebraciones del 375 aniversario y homenaje al tratado de la Gran Paz de 1701","isPartOf":{"@id":"https:\/\/www.pressenza.com\/es\/#website"},"primaryImageOfPage":{"@id":"https:\/\/www.pressenza.com\/es\/2017\/05\/montreal-celebraciones-del-375-aniversario-y-homenaje-al-tratado-de-la-gran-paz-de-1701\/#primaryimage"},"image":{"@id":"https:\/\/www.pressenza.com\/es\/2017\/05\/montreal-celebraciones-del-375-aniversario-y-homenaje-al-tratado-de-la-gran-paz-de-1701\/#primaryimage"},"thumbnailUrl":"https:\/\/www.pressenza.com\/wp-content\/uploads\/2017\/05\/Montr--al-festivit--s-Grande-Paix-de-Montr--al-de-1701.jpg","datePublished":"2017-05-26T00:22:08+00:00","description":"El 17 de mayo de 2017 en Montreal, se dio comienzo a las festividades para el 375 aniversario de su fundaci\u00f3n. En dicha ocasi\u00f3n, el alcalde de Montreal,","breadcrumb":{"@id":"https:\/\/www.pressenza.com\/es\/2017\/05\/montreal-celebraciones-del-375-aniversario-y-homenaje-al-tratado-de-la-gran-paz-de-1701\/#breadcrumb"},"inLanguage":"es","potentialAction":[{"@type":"ReadAction","target":["https:\/\/www.pressenza.com\/es\/2017\/05\/montreal-celebraciones-del-375-aniversario-y-homenaje-al-tratado-de-la-gran-paz-de-1701\/"]}]},{"@type":"ImageObject","inLanguage":"es","@id":"https:\/\/www.pressenza.com\/es\/2017\/05\/montreal-celebraciones-del-375-aniversario-y-homenaje-al-tratado-de-la-gran-paz-de-1701\/#primaryimage","url":"https:\/\/www.pressenza.com\/wp-content\/uploads\/2017\/05\/Montr--al-festivit--s-Grande-Paix-de-Montr--al-de-1701.jpg","contentUrl":"https:\/\/www.pressenza.com\/wp-content\/uploads\/2017\/05\/Montr--al-festivit--s-Grande-Paix-de-Montr--al-de-1701.jpg","width":750,"height":443},{"@type":"BreadcrumbList","@id":"https:\/\/www.pressenza.com\/es\/2017\/05\/montreal-celebraciones-del-375-aniversario-y-homenaje-al-tratado-de-la-gran-paz-de-1701\/#breadcrumb","itemListElement":[{"@type":"ListItem","position":1,"name":"Accueil","item":"https:\/\/www.pressenza.com\/es\/"},{"@type":"ListItem","position":2,"name":"Montreal: celebraciones del 375 aniversario y homenaje al tratado de la Gran Paz de 1701"}]},{"@type":"WebSite","@id":"https:\/\/www.pressenza.com\/es\/#website","url":"https:\/\/www.pressenza.com\/es\/","name":"Pressenza","description":"International Press Agency","publisher":{"@id":"https:\/\/www.pressenza.com\/es\/#organization"},"potentialAction":[{"@type":"SearchAction","target":{"@type":"EntryPoint","urlTemplate":"https:\/\/www.pressenza.com\/es\/?s={search_term_string}"},"query-input":{"@type":"PropertyValueSpecification","valueRequired":true,"valueName":"search_term_string"}}],"inLanguage":"es"},{"@type":"Organization","@id":"https:\/\/www.pressenza.com\/es\/#organization","name":"Pressenza","url":"https:\/\/www.pressenza.com\/es\/","logo":{"@type":"ImageObject","inLanguage":"es","@id":"https:\/\/www.pressenza.com\/es\/#\/schema\/logo\/image\/","url":"https:\/\/www.pressenza.com\/wp-content\/uploads\/2022\/10\/pressenza_logo_200x200.jpg","contentUrl":"https:\/\/www.pressenza.com\/wp-content\/uploads\/2022\/10\/pressenza_logo_200x200.jpg","width":200,"height":200,"caption":"Pressenza"},"image":{"@id":"https:\/\/www.pressenza.com\/es\/#\/schema\/logo\/image\/"},"sameAs":["https:\/\/www.facebook.com\/PressenzaItalia","https:\/\/x.com\/PressenzaIPA"]},{"@type":"Person","@id":"https:\/\/www.pressenza.com\/es\/#\/schema\/person\/06fe29d0640b1b3c6e87b05e162391e0","name":"Anne Farrell","description":"Anne Farrell is the author of the books: A meaning of Life that defied the unbearable fate in mass extinction, A tribute to reconciliation and its missing image in the Western World","url":"https:\/\/www.pressenza.com\/es\/author\/anne-farrell\/"}]}},"place":"","original_article_url":"","_links":{"self":[{"href":"https:\/\/www.pressenza.com\/es\/wp-json\/wp\/v2\/posts\/470523","targetHints":{"allow":["GET"]}}],"collection":[{"href":"https:\/\/www.pressenza.com\/es\/wp-json\/wp\/v2\/posts"}],"about":[{"href":"https:\/\/www.pressenza.com\/es\/wp-json\/wp\/v2\/types\/post"}],"author":[{"embeddable":true,"href":"https:\/\/www.pressenza.com\/es\/wp-json\/wp\/v2\/users\/63"}],"replies":[{"embeddable":true,"href":"https:\/\/www.pressenza.com\/es\/wp-json\/wp\/v2\/comments?post=470523"}],"version-history":[{"count":0,"href":"https:\/\/www.pressenza.com\/es\/wp-json\/wp\/v2\/posts\/470523\/revisions"}],"wp:featuredmedia":[{"embeddable":true,"href":"https:\/\/www.pressenza.com\/es\/wp-json\/wp\/v2\/media\/468444"}],"wp:attachment":[{"href":"https:\/\/www.pressenza.com\/es\/wp-json\/wp\/v2\/media?parent=470523"}],"wp:term":[{"taxonomy":"category","embeddable":true,"href":"https:\/\/www.pressenza.com\/es\/wp-json\/wp\/v2\/categories?post=470523"},{"taxonomy":"post_tag","embeddable":true,"href":"https:\/\/www.pressenza.com\/es\/wp-json\/wp\/v2\/tags?post=470523"}],"curies":[{"name":"wp","href":"https:\/\/api.w.org\/{rel}","templated":true}]}}