{"id":468,"date":"2009-06-18T00:00:00","date_gmt":"2009-06-18T00:00:00","guid":{"rendered":""},"modified":"2009-09-28T05:01:02","modified_gmt":"2009-09-28T05:01:02","slug":"gobierno-de-lula-tiene-el-interxs-de-comprometerse-en-campaxa-contra-las-guerras","status":"publish","type":"post","link":"https:\/\/www.pressenza.com\/es\/2009\/06\/gobierno-de-lula-tiene-el-interxs-de-comprometerse-en-campaxa-contra-las-guerras\/","title":{"rendered":"Gobierno de Lula tiene el inter\u00e9s de comprometerse en campa\u00f1a contra las guerras"},"content":{"rendered":"<p>El 2 de octubre, aniversario del nacimiento del Mahatma Gandhi, ese gran mensajero universal de la Paz, en el planeta tierra se van a dar las manos personas de todos los pa\u00edses, hombres, mujeres, ni\u00f1os, ancianos; personas de todos los colores, de todas las creencias religiosas estar\u00e1n unidas con el objetivo de la lucha por la Paz. Hace milenios que la humanidad se divide, se destruye en guerras. La \u00faltima guerra mundial cost\u00f3 sesenta millones de vidas humanas y dej\u00f3 marcas profundas en cada uno de nuestros pa\u00edses hasta hoy.<br \/>\nComo resultado de esa violencia del holocausto, el d\u00eda 2 de diciembre de 1948, por primera vez la humanidad lanz\u00f3 un programa para la paz: la Declaraci\u00f3n Universal de los Derechos Humanos que establece en 30 \u00edtems un gui\u00f3n para vivir todos juntos como parte de una misma familia, de una misma comunidad humana en todo el planeta. Y para eso es indispensable que en cada pa\u00eds sean aseguradas las condiciones de igualdad, de libertad, del derecho al trabajo, remuneraci\u00f3n digna, de educaci\u00f3n, de salud, casa y la celebraci\u00f3n de la convivencia en la diversidad.   <\/p>\n<p>Qu\u00e9 bueno que tengamos creencias diferentes, opciones diferentes, orientaciones diferentes. Qu\u00e9 bueno que seamos diferentes hombres y mujeres, ni\u00f1os, j\u00f3venes, adultos y ancianos. La belleza de la vida humana est\u00e1 en esa diversidad y en la capacidad de respetarnos los unos a los otros.<br \/>\nEn ese sentido, Brasil y el gobierno del presidente Lula tiene todo el inter\u00e9s y el empe\u00f1o para que la Marcha establezca un compromiso nuevo: para que el mundo deje de tener guerras definitivamente. Y que los ca\u00f1ones, los fusiles, las balas, todas las armas sean reemplazadas por el di\u00e1logo, por la palabra, por la capacidad de trabajar nuestras diferencias, nuestras disputas, dentro de la regla com\u00fan: de que nadie luchar\u00e1 para eliminar al adversario, al rival, al interlocutor, al oponente.   <\/p>\n<p>En la democracia encontramos la legitimidad del consenso. La sociedad tiene diferencias, tiene disputas, tiene injusticias que necesitan ser resueltas, tiene actitudes de violencia que requieren ser erradicadas. Pero, eso no debe ser hecho por el camino de la violencia y s\u00ed por el camino de la comprensi\u00f3n, del di\u00e1logo y de la presi\u00f3n de la no violencia activa. Que eso entusiasme al mundo y que cada vez m\u00e1s, transforme las fuerzas armadas en ej\u00e9rcitos de la solidaridad humana en la construcci\u00f3n de caminos para unir a los pueblos para asegurar la educaci\u00f3n, alimentos para todos, en una integraci\u00f3n en que el mundo aprender\u00e1 a vivir bien en el cosmos, en el espacio universal.<br \/>\nY acabar al mismo tiempo toda acci\u00f3n depredadora sobre el planeta que amenaza con la extinci\u00f3n, incluso de toda la especie humana.<\/p>\n<p>\t* Ministro de la Secretar\u00eda de Derechos Humanos del Gobierno de Lula.<\/p>\n<p>[ver video](http:\/\/www.youtube.com\/watch?v=Pm9liokXGCc)<\/p>\n","protected":false},"excerpt":{"rendered":"<p>El Ministro de Derechos Humanos de Brasil, Paulo Vanucci, graba declaraci\u00f3n de adhesi\u00f3n a la Marcha Mundial por la Paz y la No Violencia en Rio de Janeiro y se compromete a llevar la propuesta de la campa\u00f1a internacional al Presidente Lula.<\/p>\n","protected":false},"author":19,"featured_media":0,"comment_status":"closed","ping_status":"open","sticky":false,"template":"","format":"standard","meta":{"footnotes":""},"categories":[75,39,161,67],"tags":[],"class_list":["post-468","post","type-post","status-publish","format-standard","hentry","category-cultura-es","category-internacional","category-opiniones","category-sudamerica"],"yoast_head":"<!-- This site is optimized with the Yoast SEO plugin v27.1.1 - https:\/\/yoast.com\/product\/yoast-seo-wordpress\/ -->\n<title>Gobierno de Lula tiene el inter\u00e9s de comprometerse en campa\u00f1a contra las guerras<\/title>\n<meta name=\"description\" content=\"El Ministro de Derechos Humanos de Brasil, Paulo Vanucci, graba declaraci\u00f3n de adhesi\u00f3n a la Marcha Mundial por la Paz y la No Violencia en Rio de Janeiro y se compromete a llevar la propuesta de la campa\u00f1a internacional al Presidente Lula.\" \/>\n<meta name=\"robots\" content=\"index, follow, max-snippet:-1, max-image-preview:large, max-video-preview:-1\" \/>\n<link rel=\"canonical\" href=\"https:\/\/www.pressenza.com\/es\/2009\/06\/gobierno-de-lula-tiene-el-interxs-de-comprometerse-en-campaxa-contra-las-guerras\/\" \/>\n<meta property=\"og:locale\" content=\"es_ES\" \/>\n<meta property=\"og:type\" content=\"article\" \/>\n<meta property=\"og:title\" content=\"Gobierno de Lula tiene el inter\u00e9s de comprometerse en campa\u00f1a contra las guerras\" \/>\n<meta property=\"og:description\" content=\"El Ministro de Derechos Humanos de Brasil, Paulo Vanucci, graba declaraci\u00f3n de adhesi\u00f3n a la Marcha Mundial por la Paz y la No Violencia en Rio de Janeiro y se compromete a llevar la propuesta de la campa\u00f1a internacional al Presidente Lula.\" \/>\n<meta property=\"og:url\" content=\"https:\/\/www.pressenza.com\/es\/2009\/06\/gobierno-de-lula-tiene-el-interxs-de-comprometerse-en-campaxa-contra-las-guerras\/\" \/>\n<meta property=\"og:site_name\" content=\"Pressenza\" \/>\n<meta property=\"article:publisher\" content=\"https:\/\/www.facebook.com\/PressenzaItalia\" \/>\n<meta property=\"article:author\" content=\"https:\/\/www.facebook.com\/pressenza\" \/>\n<meta property=\"article:published_time\" content=\"2009-06-18T00:00:00+00:00\" \/>\n<meta property=\"article:modified_time\" content=\"2009-09-28T05:01:02+00:00\" \/>\n<meta name=\"author\" content=\"Pressenza IPA\" \/>\n<meta name=\"twitter:card\" content=\"summary_large_image\" \/>\n<meta name=\"twitter:creator\" content=\"@PressenzaIPA\" \/>\n<meta name=\"twitter:site\" content=\"@PressenzaIPA\" \/>\n<meta name=\"twitter:label1\" content=\"Escrito por\" \/>\n\t<meta name=\"twitter:data1\" content=\"Pressenza IPA\" \/>\n\t<meta name=\"twitter:label2\" content=\"Tiempo de lectura\" \/>\n\t<meta name=\"twitter:data2\" content=\"2 minutos\" \/>\n<script type=\"application\/ld+json\" class=\"yoast-schema-graph\">{\"@context\":\"https:\/\/schema.org\",\"@graph\":[{\"@type\":\"Article\",\"@id\":\"https:\/\/www.pressenza.com\/es\/2009\/06\/gobierno-de-lula-tiene-el-interxs-de-comprometerse-en-campaxa-contra-las-guerras\/#article\",\"isPartOf\":{\"@id\":\"https:\/\/www.pressenza.com\/es\/2009\/06\/gobierno-de-lula-tiene-el-interxs-de-comprometerse-en-campaxa-contra-las-guerras\/\"},\"author\":{\"name\":\"Pressenza IPA\",\"@id\":\"https:\/\/www.pressenza.com\/es\/#\/schema\/person\/010e5d02bcf40965427a1289a4cc8d75\"},\"headline\":\"Gobierno de Lula tiene el inter\u00e9s de comprometerse en campa\u00f1a contra las guerras\",\"datePublished\":\"2009-06-18T00:00:00+00:00\",\"dateModified\":\"2009-09-28T05:01:02+00:00\",\"mainEntityOfPage\":{\"@id\":\"https:\/\/www.pressenza.com\/es\/2009\/06\/gobierno-de-lula-tiene-el-interxs-de-comprometerse-en-campaxa-contra-las-guerras\/\"},\"wordCount\":507,\"publisher\":{\"@id\":\"https:\/\/www.pressenza.com\/es\/#organization\"},\"articleSection\":[\"Cultura y Medios\",\"Internacional\",\"Opiniones\",\"Sudam\u00e9rica\"],\"inLanguage\":\"es\"},{\"@type\":\"WebPage\",\"@id\":\"https:\/\/www.pressenza.com\/es\/2009\/06\/gobierno-de-lula-tiene-el-interxs-de-comprometerse-en-campaxa-contra-las-guerras\/\",\"url\":\"https:\/\/www.pressenza.com\/es\/2009\/06\/gobierno-de-lula-tiene-el-interxs-de-comprometerse-en-campaxa-contra-las-guerras\/\",\"name\":\"Gobierno de Lula tiene el inter\u00e9s de comprometerse en campa\u00f1a contra las guerras\",\"isPartOf\":{\"@id\":\"https:\/\/www.pressenza.com\/es\/#website\"},\"datePublished\":\"2009-06-18T00:00:00+00:00\",\"dateModified\":\"2009-09-28T05:01:02+00:00\",\"description\":\"El Ministro de Derechos Humanos de Brasil, Paulo Vanucci, graba declaraci\u00f3n de adhesi\u00f3n a la Marcha Mundial por la Paz y la No Violencia en Rio de Janeiro y se compromete a llevar la propuesta de la campa\u00f1a internacional al Presidente Lula.\",\"breadcrumb\":{\"@id\":\"https:\/\/www.pressenza.com\/es\/2009\/06\/gobierno-de-lula-tiene-el-interxs-de-comprometerse-en-campaxa-contra-las-guerras\/#breadcrumb\"},\"inLanguage\":\"es\",\"potentialAction\":[{\"@type\":\"ReadAction\",\"target\":[\"https:\/\/www.pressenza.com\/es\/2009\/06\/gobierno-de-lula-tiene-el-interxs-de-comprometerse-en-campaxa-contra-las-guerras\/\"]}]},{\"@type\":\"BreadcrumbList\",\"@id\":\"https:\/\/www.pressenza.com\/es\/2009\/06\/gobierno-de-lula-tiene-el-interxs-de-comprometerse-en-campaxa-contra-las-guerras\/#breadcrumb\",\"itemListElement\":[{\"@type\":\"ListItem\",\"position\":1,\"name\":\"Accueil\",\"item\":\"https:\/\/www.pressenza.com\/es\/\"},{\"@type\":\"ListItem\",\"position\":2,\"name\":\"Gobierno de Lula tiene el inter\u00e9s de comprometerse en campa\u00f1a contra las guerras\"}]},{\"@type\":\"WebSite\",\"@id\":\"https:\/\/www.pressenza.com\/es\/#website\",\"url\":\"https:\/\/www.pressenza.com\/es\/\",\"name\":\"Pressenza\",\"description\":\"International Press Agency\",\"publisher\":{\"@id\":\"https:\/\/www.pressenza.com\/es\/#organization\"},\"potentialAction\":[{\"@type\":\"SearchAction\",\"target\":{\"@type\":\"EntryPoint\",\"urlTemplate\":\"https:\/\/www.pressenza.com\/es\/?s={search_term_string}\"},\"query-input\":{\"@type\":\"PropertyValueSpecification\",\"valueRequired\":true,\"valueName\":\"search_term_string\"}}],\"inLanguage\":\"es\"},{\"@type\":\"Organization\",\"@id\":\"https:\/\/www.pressenza.com\/es\/#organization\",\"name\":\"Pressenza\",\"url\":\"https:\/\/www.pressenza.com\/es\/\",\"logo\":{\"@type\":\"ImageObject\",\"inLanguage\":\"es\",\"@id\":\"https:\/\/www.pressenza.com\/es\/#\/schema\/logo\/image\/\",\"url\":\"https:\/\/www.pressenza.com\/wp-content\/uploads\/2022\/10\/pressenza_logo_200x200.jpg\",\"contentUrl\":\"https:\/\/www.pressenza.com\/wp-content\/uploads\/2022\/10\/pressenza_logo_200x200.jpg\",\"width\":200,\"height\":200,\"caption\":\"Pressenza\"},\"image\":{\"@id\":\"https:\/\/www.pressenza.com\/es\/#\/schema\/logo\/image\/\"},\"sameAs\":[\"https:\/\/www.facebook.com\/PressenzaItalia\",\"https:\/\/x.com\/PressenzaIPA\"]},{\"@type\":\"Person\",\"@id\":\"https:\/\/www.pressenza.com\/es\/#\/schema\/person\/010e5d02bcf40965427a1289a4cc8d75\",\"name\":\"Pressenza IPA\",\"description\":\"News from Pressenza IPA correspondents\",\"sameAs\":[\"https:\/\/www.facebook.com\/pressenza\",\"https:\/\/x.com\/PressenzaIPA\"],\"url\":\"https:\/\/www.pressenza.com\/es\/author\/pressenza-ipa\/\"}]}<\/script>\n<!-- \/ Yoast SEO plugin. -->","yoast_head_json":{"title":"Gobierno de Lula tiene el inter\u00e9s de comprometerse en campa\u00f1a contra las guerras","description":"El Ministro de Derechos Humanos de Brasil, Paulo Vanucci, graba declaraci\u00f3n de adhesi\u00f3n a la Marcha Mundial por la Paz y la No Violencia en Rio de Janeiro y se compromete a llevar la propuesta de la campa\u00f1a internacional al Presidente Lula.","robots":{"index":"index","follow":"follow","max-snippet":"max-snippet:-1","max-image-preview":"max-image-preview:large","max-video-preview":"max-video-preview:-1"},"canonical":"https:\/\/www.pressenza.com\/es\/2009\/06\/gobierno-de-lula-tiene-el-interxs-de-comprometerse-en-campaxa-contra-las-guerras\/","og_locale":"es_ES","og_type":"article","og_title":"Gobierno de Lula tiene el inter\u00e9s de comprometerse en campa\u00f1a contra las guerras","og_description":"El Ministro de Derechos Humanos de Brasil, Paulo Vanucci, graba declaraci\u00f3n de adhesi\u00f3n a la Marcha Mundial por la Paz y la No Violencia en Rio de Janeiro y se compromete a llevar la propuesta de la campa\u00f1a internacional al Presidente Lula.","og_url":"https:\/\/www.pressenza.com\/es\/2009\/06\/gobierno-de-lula-tiene-el-interxs-de-comprometerse-en-campaxa-contra-las-guerras\/","og_site_name":"Pressenza","article_publisher":"https:\/\/www.facebook.com\/PressenzaItalia","article_author":"https:\/\/www.facebook.com\/pressenza","article_published_time":"2009-06-18T00:00:00+00:00","article_modified_time":"2009-09-28T05:01:02+00:00","author":"Pressenza IPA","twitter_card":"summary_large_image","twitter_creator":"@PressenzaIPA","twitter_site":"@PressenzaIPA","twitter_misc":{"Escrito por":"Pressenza IPA","Tiempo de lectura":"2 minutos"},"schema":{"@context":"https:\/\/schema.org","@graph":[{"@type":"Article","@id":"https:\/\/www.pressenza.com\/es\/2009\/06\/gobierno-de-lula-tiene-el-interxs-de-comprometerse-en-campaxa-contra-las-guerras\/#article","isPartOf":{"@id":"https:\/\/www.pressenza.com\/es\/2009\/06\/gobierno-de-lula-tiene-el-interxs-de-comprometerse-en-campaxa-contra-las-guerras\/"},"author":{"name":"Pressenza IPA","@id":"https:\/\/www.pressenza.com\/es\/#\/schema\/person\/010e5d02bcf40965427a1289a4cc8d75"},"headline":"Gobierno de Lula tiene el inter\u00e9s de comprometerse en campa\u00f1a contra las guerras","datePublished":"2009-06-18T00:00:00+00:00","dateModified":"2009-09-28T05:01:02+00:00","mainEntityOfPage":{"@id":"https:\/\/www.pressenza.com\/es\/2009\/06\/gobierno-de-lula-tiene-el-interxs-de-comprometerse-en-campaxa-contra-las-guerras\/"},"wordCount":507,"publisher":{"@id":"https:\/\/www.pressenza.com\/es\/#organization"},"articleSection":["Cultura y Medios","Internacional","Opiniones","Sudam\u00e9rica"],"inLanguage":"es"},{"@type":"WebPage","@id":"https:\/\/www.pressenza.com\/es\/2009\/06\/gobierno-de-lula-tiene-el-interxs-de-comprometerse-en-campaxa-contra-las-guerras\/","url":"https:\/\/www.pressenza.com\/es\/2009\/06\/gobierno-de-lula-tiene-el-interxs-de-comprometerse-en-campaxa-contra-las-guerras\/","name":"Gobierno de Lula tiene el inter\u00e9s de comprometerse en campa\u00f1a contra las guerras","isPartOf":{"@id":"https:\/\/www.pressenza.com\/es\/#website"},"datePublished":"2009-06-18T00:00:00+00:00","dateModified":"2009-09-28T05:01:02+00:00","description":"El Ministro de Derechos Humanos de Brasil, Paulo Vanucci, graba declaraci\u00f3n de adhesi\u00f3n a la Marcha Mundial por la Paz y la No Violencia en Rio de Janeiro y se compromete a llevar la propuesta de la campa\u00f1a internacional al Presidente Lula.","breadcrumb":{"@id":"https:\/\/www.pressenza.com\/es\/2009\/06\/gobierno-de-lula-tiene-el-interxs-de-comprometerse-en-campaxa-contra-las-guerras\/#breadcrumb"},"inLanguage":"es","potentialAction":[{"@type":"ReadAction","target":["https:\/\/www.pressenza.com\/es\/2009\/06\/gobierno-de-lula-tiene-el-interxs-de-comprometerse-en-campaxa-contra-las-guerras\/"]}]},{"@type":"BreadcrumbList","@id":"https:\/\/www.pressenza.com\/es\/2009\/06\/gobierno-de-lula-tiene-el-interxs-de-comprometerse-en-campaxa-contra-las-guerras\/#breadcrumb","itemListElement":[{"@type":"ListItem","position":1,"name":"Accueil","item":"https:\/\/www.pressenza.com\/es\/"},{"@type":"ListItem","position":2,"name":"Gobierno de Lula tiene el inter\u00e9s de comprometerse en campa\u00f1a contra las guerras"}]},{"@type":"WebSite","@id":"https:\/\/www.pressenza.com\/es\/#website","url":"https:\/\/www.pressenza.com\/es\/","name":"Pressenza","description":"International Press Agency","publisher":{"@id":"https:\/\/www.pressenza.com\/es\/#organization"},"potentialAction":[{"@type":"SearchAction","target":{"@type":"EntryPoint","urlTemplate":"https:\/\/www.pressenza.com\/es\/?s={search_term_string}"},"query-input":{"@type":"PropertyValueSpecification","valueRequired":true,"valueName":"search_term_string"}}],"inLanguage":"es"},{"@type":"Organization","@id":"https:\/\/www.pressenza.com\/es\/#organization","name":"Pressenza","url":"https:\/\/www.pressenza.com\/es\/","logo":{"@type":"ImageObject","inLanguage":"es","@id":"https:\/\/www.pressenza.com\/es\/#\/schema\/logo\/image\/","url":"https:\/\/www.pressenza.com\/wp-content\/uploads\/2022\/10\/pressenza_logo_200x200.jpg","contentUrl":"https:\/\/www.pressenza.com\/wp-content\/uploads\/2022\/10\/pressenza_logo_200x200.jpg","width":200,"height":200,"caption":"Pressenza"},"image":{"@id":"https:\/\/www.pressenza.com\/es\/#\/schema\/logo\/image\/"},"sameAs":["https:\/\/www.facebook.com\/PressenzaItalia","https:\/\/x.com\/PressenzaIPA"]},{"@type":"Person","@id":"https:\/\/www.pressenza.com\/es\/#\/schema\/person\/010e5d02bcf40965427a1289a4cc8d75","name":"Pressenza IPA","description":"News from Pressenza IPA correspondents","sameAs":["https:\/\/www.facebook.com\/pressenza","https:\/\/x.com\/PressenzaIPA"],"url":"https:\/\/www.pressenza.com\/es\/author\/pressenza-ipa\/"}]}},"place":"Rio de Janeiro","original_article_url":"","_links":{"self":[{"href":"https:\/\/www.pressenza.com\/es\/wp-json\/wp\/v2\/posts\/468","targetHints":{"allow":["GET"]}}],"collection":[{"href":"https:\/\/www.pressenza.com\/es\/wp-json\/wp\/v2\/posts"}],"about":[{"href":"https:\/\/www.pressenza.com\/es\/wp-json\/wp\/v2\/types\/post"}],"author":[{"embeddable":true,"href":"https:\/\/www.pressenza.com\/es\/wp-json\/wp\/v2\/users\/19"}],"replies":[{"embeddable":true,"href":"https:\/\/www.pressenza.com\/es\/wp-json\/wp\/v2\/comments?post=468"}],"version-history":[{"count":0,"href":"https:\/\/www.pressenza.com\/es\/wp-json\/wp\/v2\/posts\/468\/revisions"}],"wp:attachment":[{"href":"https:\/\/www.pressenza.com\/es\/wp-json\/wp\/v2\/media?parent=468"}],"wp:term":[{"taxonomy":"category","embeddable":true,"href":"https:\/\/www.pressenza.com\/es\/wp-json\/wp\/v2\/categories?post=468"},{"taxonomy":"post_tag","embeddable":true,"href":"https:\/\/www.pressenza.com\/es\/wp-json\/wp\/v2\/tags?post=468"}],"curies":[{"name":"wp","href":"https:\/\/api.w.org\/{rel}","templated":true}]}}