{"id":467609,"date":"2017-05-19T21:18:07","date_gmt":"2017-05-19T20:18:07","guid":{"rendered":"https:\/\/www.pressenza.com\/?p=467609\/"},"modified":"2017-05-19T21:20:45","modified_gmt":"2017-05-19T20:20:45","slug":"la-incontenible-destruccion-los-bosques","status":"publish","type":"post","link":"https:\/\/www.pressenza.com\/es\/2017\/05\/la-incontenible-destruccion-los-bosques\/","title":{"rendered":"La incontenible destrucci\u00f3n de los bosques"},"content":{"rendered":"<p><span class=\"postauthor\">Por <a title=\"Art\u00edculos de Baher Kamal\" href=\"http:\/\/www.ipsnoticias.net\/author\/baher-kamal\/\">Baher Kamal<\/a><\/span><\/p>\n<p>Los bosques del mundo se degradan o se pierden al escalofriante ritmo de 3,3 millones de hect\u00e1reas al a\u00f1o. En muchos pa\u00edses de Asia, su destrucci\u00f3n es r\u00e1pida, pero aument\u00f3 29 por ciento en la mayor selva del mundo, la Amazonia, respecto del a\u00f1o pasado. Adem\u00e1s, las exploraciones y explotaciones de hidrocarburos y minerales amenazan a algunos de los ecosistemas m\u00e1s preciados de \u00c1frica.<span id=\"more-134747\"><\/span><\/p>\n<p>La comunidad cient\u00edfica nos ha recordado en diversas oportunidades que alrededor de unas 1.300 millones de personas son \u201cpueblos selv\u00e1ticos\u201d y dependen casi totalmente de los bosques.<\/p>\n<p>Patrick Durst, oficial de Silvicultura de la <a href=\"http:\/\/www.fao.org\/home\/es\/\">Organizaci\u00f3n de las Naciones Unidas para la Alimentaci\u00f3n y la Agricultura<\/a> (FAO) para Asia Pac\u00edfico, agreg\u00f3, el 15 de este mes, que 28 por ciento de los ingresos de las comunidades que viven cerca o en los bosques proceden de ese ambiente y de su entorno.<\/p>\n<p>En su Evaluaci\u00f3n Global de Recursos Forestales de 2015, la FAO se\u00f1ala que se pierden bosques en muchos pa\u00edses de Asia Pac\u00edfico, incluso en Sri Lanka. Adem\u00e1s, la degradaci\u00f3n de la calidad perjudica m\u00e1s la capacidades de estos ambientes para ofrecer los bienes y servicios necesarios para la supervivencia de poblaciones humanas.<\/p>\n<p>Las p\u00e9rdidas se agravar\u00e1n a medida que la demanda de productos forestales crezca de forma sostenida.<\/p>\n<p>La mayor\u00eda de los pa\u00edses en Asia Pac\u00edfico tienen dificultades para responder a la p\u00e9rdida de bosques, pero algunos han tomado medidas, reconoce la evaluaci\u00f3n. Mediante programas de reforestaci\u00f3n, China y Vietnam, de hecho, aumentan su cobertura forestal, a\u00f1ade. Y el gobierno de Sri Lanka anunci\u00f3 planes para aumentar 35 por ciento el territorio selv\u00e1tico.<\/p>\n<p><strong>Am\u00e9rica Latina<\/strong><\/p>\n<p>\u201cLas selvas m\u00e1s antiguas del mundo est\u00e1n en crisis, el pasmoso 80 por ciento ya se destruy\u00f3 o degrad\u00f3, y la mayor\u00eda de las que quedan est\u00e1n en peligro por la tala ilegal y destructiva\u201d, se\u00f1ala el informe de la FAO.<\/p>\n<p>Cr\u00e9anlo o no, esas estimaciones no son nuevas, tienen unos nueve a\u00f1os. De hecho, <a href=\"http:\/\/www.greenpeace.org\/international\/en\/\">Greenpeace<\/a> ya se\u00f1al\u00f3 el 30 de junio de 2008 que la tala ilegal ten\u00eda consecuencias devastadoras en las selvas del mundo.<\/p>\n<p>La organizaci\u00f3n trabaja para cambiar comportamientos, proteger y conservar el ambiente, as\u00ed como promover la paz.<\/p>\n<p>Los efectos de la tala incluyen deforestaci\u00f3n, p\u00e9rdida de biodiversidad y aceleraci\u00f3n del cambio clim\u00e1tico, lo que crea \u201cconflictos sociales con las poblaciones ind\u00edgenas y locales y genera violencia, delincuencia y violaciones de derechos humanos\u201d, explic\u00f3 Greenpeace.<\/p>\n<p>Seg\u00fan la organizaci\u00f3n, unas 1.600 millones de personas en el mundo dependen de los bosques para sobrevivir, adem\u00e1s de 60 millones de ind\u00edgenas.<\/p>\n<div id=\"attachment_134750\" class=\"wp-caption alignleft\">\n<p><a href=\"http:\/\/cdn.ipsnoticias.net\/wp-content\/uploads\/2017\/05\/bosques.jpg\"><img loading=\"lazy\" decoding=\"async\" class=\"size-full wp-image-134750\" title=\"La incontenible destrucci\u00f3n de los bosques\" src=\"http:\/\/cdn.ipsnoticias.net\/wp-content\/uploads\/2017\/05\/bosques.jpg\" alt=\"La incontenible destrucci\u00f3n de los bosques\" width=\"640\" height=\"426\" \/><\/a><\/p>\n<p class=\"wp-caption-text\">Los bosques gestionados de forma sostenible tienen un enorme y desicivo papel en la lucha contra el hambre y el cambio clim\u00e1tico, as\u00ed como, en la mejora de los medios de vida. Cr\u00e9dito: Simon Maina\/FAO.<\/p>\n<\/div>\n<p><strong>Deforestaci\u00f3n de la Amazonia ahora<\/strong><\/p>\n<p>Hace apenas seis meses, Grenpeace <a href=\"http:\/\/www.greenpeace.org\/international\/en\/press\/releases\/2016\/Deforestation-in-the-Amazon-on-the-rise-again\/\">se\u00f1al\u00f3<\/a> que la deforestaci\u00f3n de la Amazonia hab\u00eda aumentado 29 por ciento respecto del a\u00f1o pasado, seg\u00fan datos divulgados por el gobierno de Brasil el 31 de noviembre de 2016.<\/p>\n<p>\u201cBrasil pierde control sobre la destrucci\u00f3n de su selva por malas decisiones pol\u00edticas y ahora podr\u00eda tener problemas para cumplir con sus objetivos en el marco del acuerdo clim\u00e1tico\u201d, observ\u00f3 la organizaci\u00f3n el 1 de diciembre de 2016.<\/p>\n<p>Datos del Programa de Monitoreo de la Deforestaci\u00f3n para una Amazonia Legal indican que 7.989 kil\u00f3metros cuadrados de selva se destruyeron entre agosto de 2015 y julio de 2016, precis\u00f3.<\/p>\n<p>\u201cEste es el segundo a\u00f1o consecutivo en que aumenta la deforestaci\u00f3n de la selva m\u00e1s grande del mundo, resultado directo de la falta de ambici\u00f3n del gobierno para hacer frente al problema de la p\u00e9rdida forestal. Es la primera vez en 12 a\u00f1os que aumenta la deforestaci\u00f3n en dos a\u00f1os consecutivos\u201d, subray\u00f3.<\/p>\n<p>Cristiane Mazzetti, de la campa\u00f1a por la Amazonia, de Greenpeace, <a href=\"http:\/\/www.greenpeace.org\/international\/en\/press\/releases\/2016\/Deforestation-in-the-Amazon-on-the-rise-again\/\">alert\u00f3<\/a> de que la aceleraci\u00f3n de la deforestaci\u00f3n puede relacionarse con se\u00f1ales del gobierno brasile\u00f1o de que tolera su destrucci\u00f3n.<\/p>\n<p>\u201cEn los \u00faltimos a\u00f1os, las pol\u00edticas p\u00fablicas de protecci\u00f3n ambiental en Brasil se debilitaron\u201d, observa. \u201cPor ejemplo, se crearon muy pocas \u00e1reas protegidas y territorios ind\u00edgenas, y el nuevo C\u00f3digo Forestal, aprobado en 2012, ofrece amnist\u00eda a los responsables de la deforestaci\u00f3n ilegal\u201d, detalla.<\/p>\n<p>Seg\u00fan Greenpeace, la deforestaci\u00f3n es responsable de alrededor de 40 por ciento de las emisiones de gases de efecto invernadero del gigante sudamericano.<\/p>\n<p>\u201cAl aumentar otra vez la p\u00e9rdida forestal, el pa\u00eds podr\u00eda tener dificultades para cumplir con sus compromisos en el marco del Acuerdo de Par\u00eds, suscrito y ratificado hace poco por Brasil. Se estima que la deforestaci\u00f3n de 7.898 kil\u00f3metros cuadrados liber\u00f3 a la atm\u00f3sfera el equivalente a 586 millones de toneladas de carbono, el mismo volumen que emiten los autom\u00f3viles en ese pa\u00eds en en ocho a\u00f1os\u201d, a\u00f1ade.<\/p>\n<p>La recolecci\u00f3n ilegal de madera, la expansi\u00f3n de la agroindustria y la conversi\u00f3n de bosques en pasturas son algunas de las actividades responsables de la deforestaci\u00f3n, insisti\u00f3 Mazzetti.<\/p>\n<p>Los grandes proyectos de infraestructura, como las centrales hidroel\u00e9ctricas estimulan, adem\u00e1s, la apropiaci\u00f3n de tierras y la especulaci\u00f3n, lo que genera m\u00e1s deforestaci\u00f3n, a\u00f1adi\u00f3.<\/p>\n<p><strong>\u00c1frica<\/strong><\/p>\n<p>El ex secretario general de la Organizaci\u00f3n de las Naciones Unidas, Kofi Annan, actual presidente de <a href=\"http:\/\/www.africaprogresspanel.org\/fr\/\">Africa Progress Panel<\/a>, <a href=\"http:\/\/www.africaprogresspanel.org\/forests-destruction-poses-threat-to-climate-change-fight-says-kofi-annan\/\">alert\u00f3<\/a> hace poco sobre la destrucci\u00f3n de los bosques, que ofrecen aire limpio y agua potable, y permiten a las comunidades locales tener alimentos y refugio, as\u00ed como medios para ganarse la vida.<\/p>\n<p>\u201cCada d\u00eda, se talan m\u00e1s bosques por m\u00faltiples actividades, desde la agricultura, pasando por el desarrollo de infraestructura hasta el aumento de la demanda de madera y de otros productos forestales, lo que a menudo empeora por la tala ilegal\u201d, subray\u00f3.<\/p>\n<p>En su discurso en la conferencia \u201cBosques para el futuro \u2013 Nuevos bosques para \u00c1frica\u201d, realizada en Accra el 16 de marzo, Annan se\u00f1al\u00f3: \u201calgunos de los ecosistemas m\u00e1s preciados del mundo, como el parque nacional Virunga, en la cuenca del r\u00edo Congo, est\u00e1n en peligro por la exploraci\u00f3n y la exploraci\u00f3n de petr\u00f3leo, gas y minerales\u201d.<\/p>\n<p>\u201cLa recuperaci\u00f3n de los bosques y la reforestaci\u00f3n en \u00c1frica pueden contribuir al esfuerzo global contra el cambio clim\u00e1tico y acelerar el avance hacia los Objetivos de Desarrollo Sostenible\u201d, observ\u00f3 Annam.<\/p>\n<p>\u201cLa recuperaci\u00f3n forestal de 350 millones de hect\u00e1reas puede generar 170.000 millones de d\u00f3lares al a\u00f1o en beneficios netos de la protecci\u00f3n de la cuenca, del mejoramiento de la producci\u00f3n agr\u00edcola y de los productos forestales\u201d, a\u00f1adi\u00f3.<\/p>\n<p>En el informe \u201c<a href=\"http:\/\/www.africaprogresspanel.org\/publications\/policy-papers\/2014-africa-progress-report\/\">Granos, pescado, dinero: Financiaci\u00f3n para las revoluciones verde y azul de \u00c1frica<\/a>\u201d, Africa Progress Panel arguy\u00f3 que la protecci\u00f3n efectiva, la gesti\u00f3n y la movilizaci\u00f3n de los vastos recursos forestales son necesarios para respaldar un crecimiento transformador.<\/p>\n<p>La organizaci\u00f3n estima que <a href=\"http:\/\/app-cdn.acwupload.co.uk\/wp-content\/uploads\/2014\/05\/infog_5_africalosses_logo.jpg\">\u00c1frica perdi\u00f3 12.400 millones de euros<\/a> (unos 17.000 millones de d\u00f3lares) a causa de la exportaci\u00f3n ilegal de madera en 2011.<\/p>\n<p><em>Traducido por Ver\u00f3nica Firme<\/em><\/p>\n<p><em>Esta es la primera parte de una serie de dos sobre la responsabilidad de los seres humanos en la destrucci\u00f3n de los bosques, el verdadero pulm\u00f3n de la Tierra. La segunda es <a href=\"http:\/\/www.ipsnoticias.net\/2017\/05\/la-busqueda-de-combustible-agota-los-bosques\/\">La b\u00fasqueda de combustible agota los bosques<\/a>.<\/em><\/p>\n","protected":false},"excerpt":{"rendered":"<p>Por Baher Kamal Los bosques del mundo se degradan o se pierden al escalofriante ritmo de 3,3 millones de hect\u00e1reas al a\u00f1o. En muchos pa\u00edses de Asia, su destrucci\u00f3n es r\u00e1pida, pero aument\u00f3 29 por ciento en la mayor selva&hellip;<\/p>\n","protected":false},"author":347,"featured_media":467610,"comment_status":"closed","ping_status":"closed","sticky":false,"template":"","format":"standard","meta":{"footnotes":""},"categories":[78,39,161],"tags":[1265,16257,37600],"class_list":["post-467609","post","type-post","status-publish","format-standard","has-post-thumbnail","hentry","category-medio-ambiente-ecologia","category-internacional","category-opiniones","tag-cambio-climatico","tag-deforestacion","tag-perdida-de-biodiversidad"],"yoast_head":"<!-- This site is optimized with the Yoast SEO plugin v27.1.1 - https:\/\/yoast.com\/product\/yoast-seo-wordpress\/ -->\n<title>La incontenible destrucci\u00f3n de los bosques<\/title>\n<meta name=\"description\" content=\"Por Baher Kamal Los bosques del mundo se degradan o se pierden al escalofriante ritmo de 3,3 millones de hect\u00e1reas al a\u00f1o. En muchos pa\u00edses de Asia, su\" \/>\n<meta name=\"robots\" content=\"index, follow, max-snippet:-1, max-image-preview:large, max-video-preview:-1\" \/>\n<link rel=\"canonical\" href=\"https:\/\/www.pressenza.com\/es\/2017\/05\/la-incontenible-destruccion-los-bosques\/\" \/>\n<meta property=\"og:locale\" content=\"es_ES\" \/>\n<meta property=\"og:type\" content=\"article\" \/>\n<meta property=\"og:title\" content=\"La incontenible destrucci\u00f3n de los bosques\" \/>\n<meta property=\"og:description\" content=\"Por Baher Kamal Los bosques del mundo se degradan o se pierden al escalofriante ritmo de 3,3 millones de hect\u00e1reas al a\u00f1o. En muchos pa\u00edses de Asia, su\" \/>\n<meta property=\"og:url\" content=\"https:\/\/www.pressenza.com\/es\/2017\/05\/la-incontenible-destruccion-los-bosques\/\" \/>\n<meta property=\"og:site_name\" content=\"Pressenza\" \/>\n<meta property=\"article:publisher\" content=\"https:\/\/www.facebook.com\/PressenzaItalia\" \/>\n<meta property=\"article:author\" content=\"http:\/\/www.facebook.com\/ipsnoticias\" \/>\n<meta property=\"article:published_time\" content=\"2017-05-19T20:18:07+00:00\" \/>\n<meta property=\"article:modified_time\" content=\"2017-05-19T20:20:45+00:00\" \/>\n<meta property=\"og:image\" content=\"https:\/\/www.pressenza.com\/wp-content\/uploads\/2017\/05\/escocia-629x421.jpg\" \/>\n\t<meta property=\"og:image:width\" content=\"629\" \/>\n\t<meta property=\"og:image:height\" content=\"421\" \/>\n\t<meta property=\"og:image:type\" content=\"image\/jpeg\" \/>\n<meta name=\"author\" content=\"Inter Press Service\" \/>\n<meta name=\"twitter:card\" content=\"summary_large_image\" \/>\n<meta name=\"twitter:creator\" content=\"@ipsnoticias\" \/>\n<meta name=\"twitter:site\" content=\"@PressenzaIPA\" \/>\n<meta name=\"twitter:label1\" content=\"Escrito por\" \/>\n\t<meta name=\"twitter:data1\" content=\"Inter Press Service\" \/>\n\t<meta name=\"twitter:label2\" content=\"Tiempo de lectura\" \/>\n\t<meta name=\"twitter:data2\" content=\"6 minutos\" \/>\n<script type=\"application\/ld+json\" class=\"yoast-schema-graph\">{\"@context\":\"https:\/\/schema.org\",\"@graph\":[{\"@type\":\"Article\",\"@id\":\"https:\/\/www.pressenza.com\/es\/2017\/05\/la-incontenible-destruccion-los-bosques\/#article\",\"isPartOf\":{\"@id\":\"https:\/\/www.pressenza.com\/es\/2017\/05\/la-incontenible-destruccion-los-bosques\/\"},\"author\":{\"name\":\"Inter Press Service\",\"@id\":\"https:\/\/www.pressenza.com\/es\/#\/schema\/person\/7467f88f6765c239bdd52f3c432de81a\"},\"headline\":\"La incontenible destrucci\u00f3n de los bosques\",\"datePublished\":\"2017-05-19T20:18:07+00:00\",\"dateModified\":\"2017-05-19T20:20:45+00:00\",\"mainEntityOfPage\":{\"@id\":\"https:\/\/www.pressenza.com\/es\/2017\/05\/la-incontenible-destruccion-los-bosques\/\"},\"wordCount\":1284,\"publisher\":{\"@id\":\"https:\/\/www.pressenza.com\/es\/#organization\"},\"image\":{\"@id\":\"https:\/\/www.pressenza.com\/es\/2017\/05\/la-incontenible-destruccion-los-bosques\/#primaryimage\"},\"thumbnailUrl\":\"https:\/\/www.pressenza.com\/wp-content\/uploads\/2017\/05\/escocia-629x421.jpg\",\"keywords\":[\"cambio clim\u00e1tico\",\"deforestaci\u00f3n\",\"p\u00e9rdida de biodiversidad\"],\"articleSection\":[\"Ecolog\u00eda y Medio Ambiente\",\"Internacional\",\"Opiniones\"],\"inLanguage\":\"es\"},{\"@type\":\"WebPage\",\"@id\":\"https:\/\/www.pressenza.com\/es\/2017\/05\/la-incontenible-destruccion-los-bosques\/\",\"url\":\"https:\/\/www.pressenza.com\/es\/2017\/05\/la-incontenible-destruccion-los-bosques\/\",\"name\":\"La incontenible destrucci\u00f3n de los bosques\",\"isPartOf\":{\"@id\":\"https:\/\/www.pressenza.com\/es\/#website\"},\"primaryImageOfPage\":{\"@id\":\"https:\/\/www.pressenza.com\/es\/2017\/05\/la-incontenible-destruccion-los-bosques\/#primaryimage\"},\"image\":{\"@id\":\"https:\/\/www.pressenza.com\/es\/2017\/05\/la-incontenible-destruccion-los-bosques\/#primaryimage\"},\"thumbnailUrl\":\"https:\/\/www.pressenza.com\/wp-content\/uploads\/2017\/05\/escocia-629x421.jpg\",\"datePublished\":\"2017-05-19T20:18:07+00:00\",\"dateModified\":\"2017-05-19T20:20:45+00:00\",\"description\":\"Por Baher Kamal Los bosques del mundo se degradan o se pierden al escalofriante ritmo de 3,3 millones de hect\u00e1reas al a\u00f1o. En muchos pa\u00edses de Asia, su\",\"breadcrumb\":{\"@id\":\"https:\/\/www.pressenza.com\/es\/2017\/05\/la-incontenible-destruccion-los-bosques\/#breadcrumb\"},\"inLanguage\":\"es\",\"potentialAction\":[{\"@type\":\"ReadAction\",\"target\":[\"https:\/\/www.pressenza.com\/es\/2017\/05\/la-incontenible-destruccion-los-bosques\/\"]}]},{\"@type\":\"ImageObject\",\"inLanguage\":\"es\",\"@id\":\"https:\/\/www.pressenza.com\/es\/2017\/05\/la-incontenible-destruccion-los-bosques\/#primaryimage\",\"url\":\"https:\/\/www.pressenza.com\/wp-content\/uploads\/2017\/05\/escocia-629x421.jpg\",\"contentUrl\":\"https:\/\/www.pressenza.com\/wp-content\/uploads\/2017\/05\/escocia-629x421.jpg\",\"width\":629,\"height\":421},{\"@type\":\"BreadcrumbList\",\"@id\":\"https:\/\/www.pressenza.com\/es\/2017\/05\/la-incontenible-destruccion-los-bosques\/#breadcrumb\",\"itemListElement\":[{\"@type\":\"ListItem\",\"position\":1,\"name\":\"Accueil\",\"item\":\"https:\/\/www.pressenza.com\/es\/\"},{\"@type\":\"ListItem\",\"position\":2,\"name\":\"La incontenible destrucci\u00f3n de los bosques\"}]},{\"@type\":\"WebSite\",\"@id\":\"https:\/\/www.pressenza.com\/es\/#website\",\"url\":\"https:\/\/www.pressenza.com\/es\/\",\"name\":\"Pressenza\",\"description\":\"International Press Agency\",\"publisher\":{\"@id\":\"https:\/\/www.pressenza.com\/es\/#organization\"},\"potentialAction\":[{\"@type\":\"SearchAction\",\"target\":{\"@type\":\"EntryPoint\",\"urlTemplate\":\"https:\/\/www.pressenza.com\/es\/?s={search_term_string}\"},\"query-input\":{\"@type\":\"PropertyValueSpecification\",\"valueRequired\":true,\"valueName\":\"search_term_string\"}}],\"inLanguage\":\"es\"},{\"@type\":\"Organization\",\"@id\":\"https:\/\/www.pressenza.com\/es\/#organization\",\"name\":\"Pressenza\",\"url\":\"https:\/\/www.pressenza.com\/es\/\",\"logo\":{\"@type\":\"ImageObject\",\"inLanguage\":\"es\",\"@id\":\"https:\/\/www.pressenza.com\/es\/#\/schema\/logo\/image\/\",\"url\":\"https:\/\/www.pressenza.com\/wp-content\/uploads\/2022\/10\/pressenza_logo_200x200.jpg\",\"contentUrl\":\"https:\/\/www.pressenza.com\/wp-content\/uploads\/2022\/10\/pressenza_logo_200x200.jpg\",\"width\":200,\"height\":200,\"caption\":\"Pressenza\"},\"image\":{\"@id\":\"https:\/\/www.pressenza.com\/es\/#\/schema\/logo\/image\/\"},\"sameAs\":[\"https:\/\/www.facebook.com\/PressenzaItalia\",\"https:\/\/x.com\/PressenzaIPA\"]},{\"@type\":\"Person\",\"@id\":\"https:\/\/www.pressenza.com\/es\/#\/schema\/person\/7467f88f6765c239bdd52f3c432de81a\",\"name\":\"Inter Press Service\",\"description\":\"IPS is an international communications institution at the heart of a global news agency that amplifies the voices of the South and civil society on development, globalisation, human rights and the environment. www.ipsnews.net\",\"sameAs\":[\"http:\/\/www.facebook.com\/ipsnoticias\",\"https:\/\/x.com\/ipsnoticias\"],\"url\":\"https:\/\/www.pressenza.com\/es\/author\/ips-inter-press-service\/\"}]}<\/script>\n<!-- \/ Yoast SEO plugin. -->","yoast_head_json":{"title":"La incontenible destrucci\u00f3n de los bosques","description":"Por Baher Kamal Los bosques del mundo se degradan o se pierden al escalofriante ritmo de 3,3 millones de hect\u00e1reas al a\u00f1o. En muchos pa\u00edses de Asia, su","robots":{"index":"index","follow":"follow","max-snippet":"max-snippet:-1","max-image-preview":"max-image-preview:large","max-video-preview":"max-video-preview:-1"},"canonical":"https:\/\/www.pressenza.com\/es\/2017\/05\/la-incontenible-destruccion-los-bosques\/","og_locale":"es_ES","og_type":"article","og_title":"La incontenible destrucci\u00f3n de los bosques","og_description":"Por Baher Kamal Los bosques del mundo se degradan o se pierden al escalofriante ritmo de 3,3 millones de hect\u00e1reas al a\u00f1o. En muchos pa\u00edses de Asia, su","og_url":"https:\/\/www.pressenza.com\/es\/2017\/05\/la-incontenible-destruccion-los-bosques\/","og_site_name":"Pressenza","article_publisher":"https:\/\/www.facebook.com\/PressenzaItalia","article_author":"http:\/\/www.facebook.com\/ipsnoticias","article_published_time":"2017-05-19T20:18:07+00:00","article_modified_time":"2017-05-19T20:20:45+00:00","og_image":[{"width":629,"height":421,"url":"https:\/\/www.pressenza.com\/wp-content\/uploads\/2017\/05\/escocia-629x421.jpg","type":"image\/jpeg"}],"author":"Inter Press Service","twitter_card":"summary_large_image","twitter_creator":"@ipsnoticias","twitter_site":"@PressenzaIPA","twitter_misc":{"Escrito por":"Inter Press Service","Tiempo de lectura":"6 minutos"},"schema":{"@context":"https:\/\/schema.org","@graph":[{"@type":"Article","@id":"https:\/\/www.pressenza.com\/es\/2017\/05\/la-incontenible-destruccion-los-bosques\/#article","isPartOf":{"@id":"https:\/\/www.pressenza.com\/es\/2017\/05\/la-incontenible-destruccion-los-bosques\/"},"author":{"name":"Inter Press Service","@id":"https:\/\/www.pressenza.com\/es\/#\/schema\/person\/7467f88f6765c239bdd52f3c432de81a"},"headline":"La incontenible destrucci\u00f3n de los bosques","datePublished":"2017-05-19T20:18:07+00:00","dateModified":"2017-05-19T20:20:45+00:00","mainEntityOfPage":{"@id":"https:\/\/www.pressenza.com\/es\/2017\/05\/la-incontenible-destruccion-los-bosques\/"},"wordCount":1284,"publisher":{"@id":"https:\/\/www.pressenza.com\/es\/#organization"},"image":{"@id":"https:\/\/www.pressenza.com\/es\/2017\/05\/la-incontenible-destruccion-los-bosques\/#primaryimage"},"thumbnailUrl":"https:\/\/www.pressenza.com\/wp-content\/uploads\/2017\/05\/escocia-629x421.jpg","keywords":["cambio clim\u00e1tico","deforestaci\u00f3n","p\u00e9rdida de biodiversidad"],"articleSection":["Ecolog\u00eda y Medio Ambiente","Internacional","Opiniones"],"inLanguage":"es"},{"@type":"WebPage","@id":"https:\/\/www.pressenza.com\/es\/2017\/05\/la-incontenible-destruccion-los-bosques\/","url":"https:\/\/www.pressenza.com\/es\/2017\/05\/la-incontenible-destruccion-los-bosques\/","name":"La incontenible destrucci\u00f3n de los bosques","isPartOf":{"@id":"https:\/\/www.pressenza.com\/es\/#website"},"primaryImageOfPage":{"@id":"https:\/\/www.pressenza.com\/es\/2017\/05\/la-incontenible-destruccion-los-bosques\/#primaryimage"},"image":{"@id":"https:\/\/www.pressenza.com\/es\/2017\/05\/la-incontenible-destruccion-los-bosques\/#primaryimage"},"thumbnailUrl":"https:\/\/www.pressenza.com\/wp-content\/uploads\/2017\/05\/escocia-629x421.jpg","datePublished":"2017-05-19T20:18:07+00:00","dateModified":"2017-05-19T20:20:45+00:00","description":"Por Baher Kamal Los bosques del mundo se degradan o se pierden al escalofriante ritmo de 3,3 millones de hect\u00e1reas al a\u00f1o. En muchos pa\u00edses de Asia, su","breadcrumb":{"@id":"https:\/\/www.pressenza.com\/es\/2017\/05\/la-incontenible-destruccion-los-bosques\/#breadcrumb"},"inLanguage":"es","potentialAction":[{"@type":"ReadAction","target":["https:\/\/www.pressenza.com\/es\/2017\/05\/la-incontenible-destruccion-los-bosques\/"]}]},{"@type":"ImageObject","inLanguage":"es","@id":"https:\/\/www.pressenza.com\/es\/2017\/05\/la-incontenible-destruccion-los-bosques\/#primaryimage","url":"https:\/\/www.pressenza.com\/wp-content\/uploads\/2017\/05\/escocia-629x421.jpg","contentUrl":"https:\/\/www.pressenza.com\/wp-content\/uploads\/2017\/05\/escocia-629x421.jpg","width":629,"height":421},{"@type":"BreadcrumbList","@id":"https:\/\/www.pressenza.com\/es\/2017\/05\/la-incontenible-destruccion-los-bosques\/#breadcrumb","itemListElement":[{"@type":"ListItem","position":1,"name":"Accueil","item":"https:\/\/www.pressenza.com\/es\/"},{"@type":"ListItem","position":2,"name":"La incontenible destrucci\u00f3n de los bosques"}]},{"@type":"WebSite","@id":"https:\/\/www.pressenza.com\/es\/#website","url":"https:\/\/www.pressenza.com\/es\/","name":"Pressenza","description":"International Press Agency","publisher":{"@id":"https:\/\/www.pressenza.com\/es\/#organization"},"potentialAction":[{"@type":"SearchAction","target":{"@type":"EntryPoint","urlTemplate":"https:\/\/www.pressenza.com\/es\/?s={search_term_string}"},"query-input":{"@type":"PropertyValueSpecification","valueRequired":true,"valueName":"search_term_string"}}],"inLanguage":"es"},{"@type":"Organization","@id":"https:\/\/www.pressenza.com\/es\/#organization","name":"Pressenza","url":"https:\/\/www.pressenza.com\/es\/","logo":{"@type":"ImageObject","inLanguage":"es","@id":"https:\/\/www.pressenza.com\/es\/#\/schema\/logo\/image\/","url":"https:\/\/www.pressenza.com\/wp-content\/uploads\/2022\/10\/pressenza_logo_200x200.jpg","contentUrl":"https:\/\/www.pressenza.com\/wp-content\/uploads\/2022\/10\/pressenza_logo_200x200.jpg","width":200,"height":200,"caption":"Pressenza"},"image":{"@id":"https:\/\/www.pressenza.com\/es\/#\/schema\/logo\/image\/"},"sameAs":["https:\/\/www.facebook.com\/PressenzaItalia","https:\/\/x.com\/PressenzaIPA"]},{"@type":"Person","@id":"https:\/\/www.pressenza.com\/es\/#\/schema\/person\/7467f88f6765c239bdd52f3c432de81a","name":"Inter Press Service","description":"IPS is an international communications institution at the heart of a global news agency that amplifies the voices of the South and civil society on development, globalisation, human rights and the environment. www.ipsnews.net","sameAs":["http:\/\/www.facebook.com\/ipsnoticias","https:\/\/x.com\/ipsnoticias"],"url":"https:\/\/www.pressenza.com\/es\/author\/ips-inter-press-service\/"}]}},"place":"Roma, Italia","original_article_url":"","_links":{"self":[{"href":"https:\/\/www.pressenza.com\/es\/wp-json\/wp\/v2\/posts\/467609","targetHints":{"allow":["GET"]}}],"collection":[{"href":"https:\/\/www.pressenza.com\/es\/wp-json\/wp\/v2\/posts"}],"about":[{"href":"https:\/\/www.pressenza.com\/es\/wp-json\/wp\/v2\/types\/post"}],"author":[{"embeddable":true,"href":"https:\/\/www.pressenza.com\/es\/wp-json\/wp\/v2\/users\/347"}],"replies":[{"embeddable":true,"href":"https:\/\/www.pressenza.com\/es\/wp-json\/wp\/v2\/comments?post=467609"}],"version-history":[{"count":0,"href":"https:\/\/www.pressenza.com\/es\/wp-json\/wp\/v2\/posts\/467609\/revisions"}],"wp:featuredmedia":[{"embeddable":true,"href":"https:\/\/www.pressenza.com\/es\/wp-json\/wp\/v2\/media\/467610"}],"wp:attachment":[{"href":"https:\/\/www.pressenza.com\/es\/wp-json\/wp\/v2\/media?parent=467609"}],"wp:term":[{"taxonomy":"category","embeddable":true,"href":"https:\/\/www.pressenza.com\/es\/wp-json\/wp\/v2\/categories?post=467609"},{"taxonomy":"post_tag","embeddable":true,"href":"https:\/\/www.pressenza.com\/es\/wp-json\/wp\/v2\/tags?post=467609"}],"curies":[{"name":"wp","href":"https:\/\/api.w.org\/{rel}","templated":true}]}}