{"id":46743,"date":"2013-04-09T03:44:55","date_gmt":"2013-04-09T02:44:55","guid":{"rendered":"http:\/\/www.pressenza.com\/?p=46743"},"modified":"2013-04-09T03:44:55","modified_gmt":"2013-04-09T02:44:55","slug":"estudiantes-chilenos-confirman-marcha-por-la-alameda-los-problemas-en-educacion-siguen-mas-latentes-que-nunca","status":"publish","type":"post","link":"https:\/\/www.pressenza.com\/es\/2013\/04\/estudiantes-chilenos-confirman-marcha-por-la-alameda-los-problemas-en-educacion-siguen-mas-latentes-que-nunca\/","title":{"rendered":"Estudiantes chilenos confirman marcha por la Alameda: \u201cLos problemas en educaci\u00f3n siguen m\u00e1s latentes que nunca\u201d"},"content":{"rendered":"<p><strong>La movilizaci\u00f3n estudiantil iniciar\u00e1 en Plaza Italia a las 11 de la ma\u00f1ana, para finalizar con un acto en Estaci\u00f3n Mapocho. Dirigentes estudiantiles apuestan a que ser\u00e1 \u201cmultitudinaria\u201d, respondiendo a los numerosos problemas que persisten en la educaci\u00f3n.<\/strong><\/p>\n<p>Los presidentes de la <strong>FECH, Andr\u00e9s Fielbaum, y la FEUC, Diego Vela<\/strong>, sostuvieron una reuni\u00f3n con el intendente <strong>Juan Antonio Peribonio<\/strong> para definir el trazado de la marcha convocada por la <strong>Confech<\/strong> para este jueves 11 de abril.<\/p>\n<p>La Intendencia autoriz\u00f3 un recorrido que inicia a las <strong>11 horas en Plaza Italia<\/strong> y prosigue por la <strong>Alameda hasta Mac Iver<\/strong>. Luego sube hasta Costanera y finaliza en<strong> Estaci\u00f3n Mapocho<\/strong>, lugar donde se instalar\u00e1 un escenario.<\/p>\n<p>Diego Vela sostuvo al t\u00e9rmino de la reuni\u00f3n que se solicit\u00f3 a la intendencia que se realice una adecuada coordinaci\u00f3n con Carabineros para que no ocurra lo de ocasiones anteriores cuando la polic\u00eda \u201cpone personal en mitad de la marcha\u201d.<\/p>\n<p>\u201cPara la ciudadan\u00eda lo relevante es que seguimos siendo el segundo pa\u00eds m\u00e1s segregado en educaci\u00f3n y tenemos unos de los sistemas educativos m\u00e1s injustos\u201d, declar\u00f3 el dirigente, quien espera que la jornada sea \u201cmultitudinaria\u201d debido a que \u201clos problemas en educaci\u00f3n siguen m\u00e1s latentes que nunca\u201d.<\/p>\n<p>El dirigente destac\u00f3 que las convicciones de los estudiantes no pasan por la coyuntura de un gobierno, por lo que mantendr\u00e1n su discurso pese a la suspensi\u00f3n del ministro Harald Beyer. A su juicio, hay un petitorio a\u00fan sin respuesta desde el Ejecutivo.<\/p>\n<p>\u201cHaya un ministro o no, no es algo determinante porque nuestro foco est\u00e1 en lograr cambios estructurales y que no nos quedemos en palabras de pasillos y modificaciones de secretarios de Estado\u201d, dijo.<\/p>\n<p>Distintos gremios y sindicatos han manifestado su adhesi\u00f3n a esta marcha, adem\u00e1s de grupos representantes de estudiantes secundarios y de universidades privadas.<\/p>\n<p>Esta es la primera amplia convocatoria a marchar durante el a\u00f1o acad\u00e9mico 2013.<\/p>\n<p>Por\u00a0<strong>Oriana Miranda<\/strong><\/p>\n","protected":false},"excerpt":{"rendered":"<p>La movilizaci\u00f3n estudiantil iniciar\u00e1 en Plaza Italia a las 11 de la ma\u00f1ana, para finalizar con un acto en Estaci\u00f3n Mapocho. Dirigentes estudiantiles apuestan a que ser\u00e1 \u201cmultitudinaria\u201d, respondiendo a los numerosos problemas que persisten en la educaci\u00f3n. Los presidentes&hellip;<\/p>\n","protected":false},"author":616,"featured_media":46745,"comment_status":"closed","ping_status":"open","sticky":false,"template":"","format":"standard","meta":{"footnotes":""},"categories":[1230,67],"tags":[394],"class_list":["post-46743","post","type-post","status-publish","format-standard","has-post-thumbnail","hentry","category-educacion-tema","category-sudamerica","tag-protestas-sociales"],"yoast_head":"<!-- This site is optimized with the Yoast SEO plugin v27.1.1 - https:\/\/yoast.com\/product\/yoast-seo-wordpress\/ -->\n<title>Estudiantes chilenos confirman marcha por la Alameda: \u201cLos problemas en educaci\u00f3n siguen m\u00e1s latentes que nunca\u201d<\/title>\n<meta name=\"description\" content=\"La movilizaci\u00f3n estudiantil iniciar\u00e1 en Plaza Italia a las 11 de la ma\u00f1ana, para finalizar con un acto en Estaci\u00f3n Mapocho. Dirigentes estudiantiles\" \/>\n<meta name=\"robots\" content=\"index, follow, max-snippet:-1, max-image-preview:large, max-video-preview:-1\" \/>\n<link rel=\"canonical\" href=\"https:\/\/www.pressenza.com\/es\/2013\/04\/estudiantes-chilenos-confirman-marcha-por-la-alameda-los-problemas-en-educacion-siguen-mas-latentes-que-nunca\/\" \/>\n<meta property=\"og:locale\" content=\"es_ES\" \/>\n<meta property=\"og:type\" content=\"article\" \/>\n<meta property=\"og:title\" content=\"Estudiantes chilenos confirman marcha por la Alameda: \u201cLos problemas en educaci\u00f3n siguen m\u00e1s latentes que nunca\u201d\" \/>\n<meta property=\"og:description\" content=\"La movilizaci\u00f3n estudiantil iniciar\u00e1 en Plaza Italia a las 11 de la ma\u00f1ana, para finalizar con un acto en Estaci\u00f3n Mapocho. Dirigentes estudiantiles\" \/>\n<meta property=\"og:url\" content=\"https:\/\/www.pressenza.com\/es\/2013\/04\/estudiantes-chilenos-confirman-marcha-por-la-alameda-los-problemas-en-educacion-siguen-mas-latentes-que-nunca\/\" \/>\n<meta property=\"og:site_name\" content=\"Pressenza\" \/>\n<meta property=\"article:publisher\" content=\"https:\/\/www.facebook.com\/PressenzaItalia\" \/>\n<meta property=\"article:published_time\" content=\"2013-04-09T02:44:55+00:00\" \/>\n<meta property=\"og:image\" content=\"https:\/\/www.pressenza.com\/wp-content\/uploads\/2013\/04\/marcha11.jpg\" \/>\n\t<meta property=\"og:image:width\" content=\"480\" \/>\n\t<meta property=\"og:image:height\" content=\"717\" \/>\n\t<meta property=\"og:image:type\" content=\"image\/jpeg\" \/>\n<meta name=\"author\" content=\"El Ciudadano\" \/>\n<meta name=\"twitter:card\" content=\"summary_large_image\" \/>\n<meta name=\"twitter:creator\" content=\"@PressenzaIPA\" \/>\n<meta name=\"twitter:site\" content=\"@PressenzaIPA\" \/>\n<meta name=\"twitter:label1\" content=\"Escrito por\" \/>\n\t<meta name=\"twitter:data1\" content=\"El Ciudadano\" \/>\n\t<meta name=\"twitter:label2\" content=\"Tiempo de lectura\" \/>\n\t<meta name=\"twitter:data2\" content=\"2 minutos\" \/>\n<script type=\"application\/ld+json\" class=\"yoast-schema-graph\">{\"@context\":\"https:\/\/schema.org\",\"@graph\":[{\"@type\":\"Article\",\"@id\":\"https:\/\/www.pressenza.com\/es\/2013\/04\/estudiantes-chilenos-confirman-marcha-por-la-alameda-los-problemas-en-educacion-siguen-mas-latentes-que-nunca\/#article\",\"isPartOf\":{\"@id\":\"https:\/\/www.pressenza.com\/es\/2013\/04\/estudiantes-chilenos-confirman-marcha-por-la-alameda-los-problemas-en-educacion-siguen-mas-latentes-que-nunca\/\"},\"author\":{\"name\":\"El Ciudadano\",\"@id\":\"https:\/\/www.pressenza.com\/es\/#\/schema\/person\/6522eecb4cd68e074b27e251e4b04ef8\"},\"headline\":\"Estudiantes chilenos confirman marcha por la Alameda: \u201cLos problemas en educaci\u00f3n siguen m\u00e1s latentes que nunca\u201d\",\"datePublished\":\"2013-04-09T02:44:55+00:00\",\"mainEntityOfPage\":{\"@id\":\"https:\/\/www.pressenza.com\/es\/2013\/04\/estudiantes-chilenos-confirman-marcha-por-la-alameda-los-problemas-en-educacion-siguen-mas-latentes-que-nunca\/\"},\"wordCount\":353,\"publisher\":{\"@id\":\"https:\/\/www.pressenza.com\/es\/#organization\"},\"image\":{\"@id\":\"https:\/\/www.pressenza.com\/es\/2013\/04\/estudiantes-chilenos-confirman-marcha-por-la-alameda-los-problemas-en-educacion-siguen-mas-latentes-que-nunca\/#primaryimage\"},\"thumbnailUrl\":\"https:\/\/www.pressenza.com\/wp-content\/uploads\/2013\/04\/marcha11.jpg\",\"keywords\":[\"protestas sociales\"],\"articleSection\":[\"Educaci\u00f3n\",\"Sudam\u00e9rica\"],\"inLanguage\":\"es\"},{\"@type\":\"WebPage\",\"@id\":\"https:\/\/www.pressenza.com\/es\/2013\/04\/estudiantes-chilenos-confirman-marcha-por-la-alameda-los-problemas-en-educacion-siguen-mas-latentes-que-nunca\/\",\"url\":\"https:\/\/www.pressenza.com\/es\/2013\/04\/estudiantes-chilenos-confirman-marcha-por-la-alameda-los-problemas-en-educacion-siguen-mas-latentes-que-nunca\/\",\"name\":\"Estudiantes chilenos confirman marcha por la Alameda: \u201cLos problemas en educaci\u00f3n siguen m\u00e1s latentes que nunca\u201d\",\"isPartOf\":{\"@id\":\"https:\/\/www.pressenza.com\/es\/#website\"},\"primaryImageOfPage\":{\"@id\":\"https:\/\/www.pressenza.com\/es\/2013\/04\/estudiantes-chilenos-confirman-marcha-por-la-alameda-los-problemas-en-educacion-siguen-mas-latentes-que-nunca\/#primaryimage\"},\"image\":{\"@id\":\"https:\/\/www.pressenza.com\/es\/2013\/04\/estudiantes-chilenos-confirman-marcha-por-la-alameda-los-problemas-en-educacion-siguen-mas-latentes-que-nunca\/#primaryimage\"},\"thumbnailUrl\":\"https:\/\/www.pressenza.com\/wp-content\/uploads\/2013\/04\/marcha11.jpg\",\"datePublished\":\"2013-04-09T02:44:55+00:00\",\"description\":\"La movilizaci\u00f3n estudiantil iniciar\u00e1 en Plaza Italia a las 11 de la ma\u00f1ana, para finalizar con un acto en Estaci\u00f3n Mapocho. Dirigentes estudiantiles\",\"breadcrumb\":{\"@id\":\"https:\/\/www.pressenza.com\/es\/2013\/04\/estudiantes-chilenos-confirman-marcha-por-la-alameda-los-problemas-en-educacion-siguen-mas-latentes-que-nunca\/#breadcrumb\"},\"inLanguage\":\"es\",\"potentialAction\":[{\"@type\":\"ReadAction\",\"target\":[\"https:\/\/www.pressenza.com\/es\/2013\/04\/estudiantes-chilenos-confirman-marcha-por-la-alameda-los-problemas-en-educacion-siguen-mas-latentes-que-nunca\/\"]}]},{\"@type\":\"ImageObject\",\"inLanguage\":\"es\",\"@id\":\"https:\/\/www.pressenza.com\/es\/2013\/04\/estudiantes-chilenos-confirman-marcha-por-la-alameda-los-problemas-en-educacion-siguen-mas-latentes-que-nunca\/#primaryimage\",\"url\":\"https:\/\/www.pressenza.com\/wp-content\/uploads\/2013\/04\/marcha11.jpg\",\"contentUrl\":\"https:\/\/www.pressenza.com\/wp-content\/uploads\/2013\/04\/marcha11.jpg\",\"width\":480,\"height\":717},{\"@type\":\"BreadcrumbList\",\"@id\":\"https:\/\/www.pressenza.com\/es\/2013\/04\/estudiantes-chilenos-confirman-marcha-por-la-alameda-los-problemas-en-educacion-siguen-mas-latentes-que-nunca\/#breadcrumb\",\"itemListElement\":[{\"@type\":\"ListItem\",\"position\":1,\"name\":\"Accueil\",\"item\":\"https:\/\/www.pressenza.com\/es\/\"},{\"@type\":\"ListItem\",\"position\":2,\"name\":\"Estudiantes chilenos confirman marcha por la Alameda: \u201cLos problemas en educaci\u00f3n siguen m\u00e1s latentes que nunca\u201d\"}]},{\"@type\":\"WebSite\",\"@id\":\"https:\/\/www.pressenza.com\/es\/#website\",\"url\":\"https:\/\/www.pressenza.com\/es\/\",\"name\":\"Pressenza\",\"description\":\"International Press Agency\",\"publisher\":{\"@id\":\"https:\/\/www.pressenza.com\/es\/#organization\"},\"potentialAction\":[{\"@type\":\"SearchAction\",\"target\":{\"@type\":\"EntryPoint\",\"urlTemplate\":\"https:\/\/www.pressenza.com\/es\/?s={search_term_string}\"},\"query-input\":{\"@type\":\"PropertyValueSpecification\",\"valueRequired\":true,\"valueName\":\"search_term_string\"}}],\"inLanguage\":\"es\"},{\"@type\":\"Organization\",\"@id\":\"https:\/\/www.pressenza.com\/es\/#organization\",\"name\":\"Pressenza\",\"url\":\"https:\/\/www.pressenza.com\/es\/\",\"logo\":{\"@type\":\"ImageObject\",\"inLanguage\":\"es\",\"@id\":\"https:\/\/www.pressenza.com\/es\/#\/schema\/logo\/image\/\",\"url\":\"https:\/\/www.pressenza.com\/wp-content\/uploads\/2022\/10\/pressenza_logo_200x200.jpg\",\"contentUrl\":\"https:\/\/www.pressenza.com\/wp-content\/uploads\/2022\/10\/pressenza_logo_200x200.jpg\",\"width\":200,\"height\":200,\"caption\":\"Pressenza\"},\"image\":{\"@id\":\"https:\/\/www.pressenza.com\/es\/#\/schema\/logo\/image\/\"},\"sameAs\":[\"https:\/\/www.facebook.com\/PressenzaItalia\",\"https:\/\/x.com\/PressenzaIPA\"]},{\"@type\":\"Person\",\"@id\":\"https:\/\/www.pressenza.com\/es\/#\/schema\/person\/6522eecb4cd68e074b27e251e4b04ef8\",\"name\":\"El Ciudadano\",\"description\":\"El Ciudadano es un medio de comunicaci\u00f3n de circulaci\u00f3n mensual en papel y de funcionamiento diario en la web. Forma parte de la Red de Medios de los Pueblos por lo que se declara como un medio del Tercer Sector para romper el cerco informativo. El Ciudadano es una publicaci\u00f3n que busca elevar desde lo local a lo global las demandas de la organizaci\u00f3n social chilena como tambi\u00e9n promover la acci\u00f3n directa de la ciudadan\u00eda por su derecho a autodeterminaci\u00f3n. elciudadano.cl\",\"url\":\"https:\/\/www.pressenza.com\/es\/author\/el-ciudadano\/\"}]}<\/script>\n<!-- \/ Yoast SEO plugin. -->","yoast_head_json":{"title":"Estudiantes chilenos confirman marcha por la Alameda: \u201cLos problemas en educaci\u00f3n siguen m\u00e1s latentes que nunca\u201d","description":"La movilizaci\u00f3n estudiantil iniciar\u00e1 en Plaza Italia a las 11 de la ma\u00f1ana, para finalizar con un acto en Estaci\u00f3n Mapocho. Dirigentes estudiantiles","robots":{"index":"index","follow":"follow","max-snippet":"max-snippet:-1","max-image-preview":"max-image-preview:large","max-video-preview":"max-video-preview:-1"},"canonical":"https:\/\/www.pressenza.com\/es\/2013\/04\/estudiantes-chilenos-confirman-marcha-por-la-alameda-los-problemas-en-educacion-siguen-mas-latentes-que-nunca\/","og_locale":"es_ES","og_type":"article","og_title":"Estudiantes chilenos confirman marcha por la Alameda: \u201cLos problemas en educaci\u00f3n siguen m\u00e1s latentes que nunca\u201d","og_description":"La movilizaci\u00f3n estudiantil iniciar\u00e1 en Plaza Italia a las 11 de la ma\u00f1ana, para finalizar con un acto en Estaci\u00f3n Mapocho. Dirigentes estudiantiles","og_url":"https:\/\/www.pressenza.com\/es\/2013\/04\/estudiantes-chilenos-confirman-marcha-por-la-alameda-los-problemas-en-educacion-siguen-mas-latentes-que-nunca\/","og_site_name":"Pressenza","article_publisher":"https:\/\/www.facebook.com\/PressenzaItalia","article_published_time":"2013-04-09T02:44:55+00:00","og_image":[{"width":480,"height":717,"url":"https:\/\/www.pressenza.com\/wp-content\/uploads\/2013\/04\/marcha11.jpg","type":"image\/jpeg"}],"author":"El Ciudadano","twitter_card":"summary_large_image","twitter_creator":"@PressenzaIPA","twitter_site":"@PressenzaIPA","twitter_misc":{"Escrito por":"El Ciudadano","Tiempo de lectura":"2 minutos"},"schema":{"@context":"https:\/\/schema.org","@graph":[{"@type":"Article","@id":"https:\/\/www.pressenza.com\/es\/2013\/04\/estudiantes-chilenos-confirman-marcha-por-la-alameda-los-problemas-en-educacion-siguen-mas-latentes-que-nunca\/#article","isPartOf":{"@id":"https:\/\/www.pressenza.com\/es\/2013\/04\/estudiantes-chilenos-confirman-marcha-por-la-alameda-los-problemas-en-educacion-siguen-mas-latentes-que-nunca\/"},"author":{"name":"El Ciudadano","@id":"https:\/\/www.pressenza.com\/es\/#\/schema\/person\/6522eecb4cd68e074b27e251e4b04ef8"},"headline":"Estudiantes chilenos confirman marcha por la Alameda: \u201cLos problemas en educaci\u00f3n siguen m\u00e1s latentes que nunca\u201d","datePublished":"2013-04-09T02:44:55+00:00","mainEntityOfPage":{"@id":"https:\/\/www.pressenza.com\/es\/2013\/04\/estudiantes-chilenos-confirman-marcha-por-la-alameda-los-problemas-en-educacion-siguen-mas-latentes-que-nunca\/"},"wordCount":353,"publisher":{"@id":"https:\/\/www.pressenza.com\/es\/#organization"},"image":{"@id":"https:\/\/www.pressenza.com\/es\/2013\/04\/estudiantes-chilenos-confirman-marcha-por-la-alameda-los-problemas-en-educacion-siguen-mas-latentes-que-nunca\/#primaryimage"},"thumbnailUrl":"https:\/\/www.pressenza.com\/wp-content\/uploads\/2013\/04\/marcha11.jpg","keywords":["protestas sociales"],"articleSection":["Educaci\u00f3n","Sudam\u00e9rica"],"inLanguage":"es"},{"@type":"WebPage","@id":"https:\/\/www.pressenza.com\/es\/2013\/04\/estudiantes-chilenos-confirman-marcha-por-la-alameda-los-problemas-en-educacion-siguen-mas-latentes-que-nunca\/","url":"https:\/\/www.pressenza.com\/es\/2013\/04\/estudiantes-chilenos-confirman-marcha-por-la-alameda-los-problemas-en-educacion-siguen-mas-latentes-que-nunca\/","name":"Estudiantes chilenos confirman marcha por la Alameda: \u201cLos problemas en educaci\u00f3n siguen m\u00e1s latentes que nunca\u201d","isPartOf":{"@id":"https:\/\/www.pressenza.com\/es\/#website"},"primaryImageOfPage":{"@id":"https:\/\/www.pressenza.com\/es\/2013\/04\/estudiantes-chilenos-confirman-marcha-por-la-alameda-los-problemas-en-educacion-siguen-mas-latentes-que-nunca\/#primaryimage"},"image":{"@id":"https:\/\/www.pressenza.com\/es\/2013\/04\/estudiantes-chilenos-confirman-marcha-por-la-alameda-los-problemas-en-educacion-siguen-mas-latentes-que-nunca\/#primaryimage"},"thumbnailUrl":"https:\/\/www.pressenza.com\/wp-content\/uploads\/2013\/04\/marcha11.jpg","datePublished":"2013-04-09T02:44:55+00:00","description":"La movilizaci\u00f3n estudiantil iniciar\u00e1 en Plaza Italia a las 11 de la ma\u00f1ana, para finalizar con un acto en Estaci\u00f3n Mapocho. Dirigentes estudiantiles","breadcrumb":{"@id":"https:\/\/www.pressenza.com\/es\/2013\/04\/estudiantes-chilenos-confirman-marcha-por-la-alameda-los-problemas-en-educacion-siguen-mas-latentes-que-nunca\/#breadcrumb"},"inLanguage":"es","potentialAction":[{"@type":"ReadAction","target":["https:\/\/www.pressenza.com\/es\/2013\/04\/estudiantes-chilenos-confirman-marcha-por-la-alameda-los-problemas-en-educacion-siguen-mas-latentes-que-nunca\/"]}]},{"@type":"ImageObject","inLanguage":"es","@id":"https:\/\/www.pressenza.com\/es\/2013\/04\/estudiantes-chilenos-confirman-marcha-por-la-alameda-los-problemas-en-educacion-siguen-mas-latentes-que-nunca\/#primaryimage","url":"https:\/\/www.pressenza.com\/wp-content\/uploads\/2013\/04\/marcha11.jpg","contentUrl":"https:\/\/www.pressenza.com\/wp-content\/uploads\/2013\/04\/marcha11.jpg","width":480,"height":717},{"@type":"BreadcrumbList","@id":"https:\/\/www.pressenza.com\/es\/2013\/04\/estudiantes-chilenos-confirman-marcha-por-la-alameda-los-problemas-en-educacion-siguen-mas-latentes-que-nunca\/#breadcrumb","itemListElement":[{"@type":"ListItem","position":1,"name":"Accueil","item":"https:\/\/www.pressenza.com\/es\/"},{"@type":"ListItem","position":2,"name":"Estudiantes chilenos confirman marcha por la Alameda: \u201cLos problemas en educaci\u00f3n siguen m\u00e1s latentes que nunca\u201d"}]},{"@type":"WebSite","@id":"https:\/\/www.pressenza.com\/es\/#website","url":"https:\/\/www.pressenza.com\/es\/","name":"Pressenza","description":"International Press Agency","publisher":{"@id":"https:\/\/www.pressenza.com\/es\/#organization"},"potentialAction":[{"@type":"SearchAction","target":{"@type":"EntryPoint","urlTemplate":"https:\/\/www.pressenza.com\/es\/?s={search_term_string}"},"query-input":{"@type":"PropertyValueSpecification","valueRequired":true,"valueName":"search_term_string"}}],"inLanguage":"es"},{"@type":"Organization","@id":"https:\/\/www.pressenza.com\/es\/#organization","name":"Pressenza","url":"https:\/\/www.pressenza.com\/es\/","logo":{"@type":"ImageObject","inLanguage":"es","@id":"https:\/\/www.pressenza.com\/es\/#\/schema\/logo\/image\/","url":"https:\/\/www.pressenza.com\/wp-content\/uploads\/2022\/10\/pressenza_logo_200x200.jpg","contentUrl":"https:\/\/www.pressenza.com\/wp-content\/uploads\/2022\/10\/pressenza_logo_200x200.jpg","width":200,"height":200,"caption":"Pressenza"},"image":{"@id":"https:\/\/www.pressenza.com\/es\/#\/schema\/logo\/image\/"},"sameAs":["https:\/\/www.facebook.com\/PressenzaItalia","https:\/\/x.com\/PressenzaIPA"]},{"@type":"Person","@id":"https:\/\/www.pressenza.com\/es\/#\/schema\/person\/6522eecb4cd68e074b27e251e4b04ef8","name":"El Ciudadano","description":"El Ciudadano es un medio de comunicaci\u00f3n de circulaci\u00f3n mensual en papel y de funcionamiento diario en la web. Forma parte de la Red de Medios de los Pueblos por lo que se declara como un medio del Tercer Sector para romper el cerco informativo. El Ciudadano es una publicaci\u00f3n que busca elevar desde lo local a lo global las demandas de la organizaci\u00f3n social chilena como tambi\u00e9n promover la acci\u00f3n directa de la ciudadan\u00eda por su derecho a autodeterminaci\u00f3n. elciudadano.cl","url":"https:\/\/www.pressenza.com\/es\/author\/el-ciudadano\/"}]}},"place":"Santiago de Chile","original_article_url":"","_links":{"self":[{"href":"https:\/\/www.pressenza.com\/es\/wp-json\/wp\/v2\/posts\/46743","targetHints":{"allow":["GET"]}}],"collection":[{"href":"https:\/\/www.pressenza.com\/es\/wp-json\/wp\/v2\/posts"}],"about":[{"href":"https:\/\/www.pressenza.com\/es\/wp-json\/wp\/v2\/types\/post"}],"author":[{"embeddable":true,"href":"https:\/\/www.pressenza.com\/es\/wp-json\/wp\/v2\/users\/616"}],"replies":[{"embeddable":true,"href":"https:\/\/www.pressenza.com\/es\/wp-json\/wp\/v2\/comments?post=46743"}],"version-history":[{"count":0,"href":"https:\/\/www.pressenza.com\/es\/wp-json\/wp\/v2\/posts\/46743\/revisions"}],"wp:featuredmedia":[{"embeddable":true,"href":"https:\/\/www.pressenza.com\/es\/wp-json\/wp\/v2\/media\/46745"}],"wp:attachment":[{"href":"https:\/\/www.pressenza.com\/es\/wp-json\/wp\/v2\/media?parent=46743"}],"wp:term":[{"taxonomy":"category","embeddable":true,"href":"https:\/\/www.pressenza.com\/es\/wp-json\/wp\/v2\/categories?post=46743"},{"taxonomy":"post_tag","embeddable":true,"href":"https:\/\/www.pressenza.com\/es\/wp-json\/wp\/v2\/tags?post=46743"}],"curies":[{"name":"wp","href":"https:\/\/api.w.org\/{rel}","templated":true}]}}