{"id":465883,"date":"2017-05-16T20:30:36","date_gmt":"2017-05-16T19:30:36","guid":{"rendered":"https:\/\/www.pressenza.com\/?p=465883\/"},"modified":"2017-05-16T20:33:27","modified_gmt":"2017-05-16T19:33:27","slug":"interrogatorio-lula-mar-panuelos-continentes-contenidos","status":"publish","type":"post","link":"https:\/\/www.pressenza.com\/es\/2017\/05\/interrogatorio-lula-mar-panuelos-continentes-contenidos\/","title":{"rendered":"El interrogatorio a Lula y el mar de pa\u00f1uelos en Continentes y contenidos"},"content":{"rendered":"<p>El programa de Pressenza en Radio Hache se centr\u00f3 en las urgencias globales, haciendo eje en la situaci\u00f3n de Brasil, para eso conversamos con Gunther Aleksander, editor de Pressenza en San Pablo, sobre el interrogatorio al que fue sometido el ex presidente Lula Da Silva por el juez Sergio Moro.<br \/>\nTambi\u00e9n hablamos con el referente de Nuestram\u00e9rica, Alejandro, sobre las actividades organizadas en el fin de semana y c\u00f3mo funciona la organizaci\u00f3n pol\u00edtica y cultural.<br \/>\nPor supuesto que abordamos la marcha de repudio al fallo de la Corte Suprema en Argentina del 2&#215;1 para favorecer a genocidas y many many more!!!<\/p>\n<!--[if lt IE 9]><script>document.createElement('audio');<\/script><![endif]-->\n<audio class=\"wp-audio-shortcode\" id=\"audio-465883-1\" preload=\"none\" style=\"width: 100%;\" controls=\"controls\"><source type=\"audio\/mpeg\" src=\"http:\/\/ar.ivoox.com\/es\/continentes-contenidos-11-05-2017-programa-9-iv_md_18704740_wp_1.mp3?_=1\" \/><a href=\"http:\/\/ar.ivoox.com\/es\/continentes-contenidos-11-05-2017-programa-9-iv_md_18704740_wp_1.mp3\">http:\/\/ar.ivoox.com\/es\/continentes-contenidos-11-05-2017-programa-9-iv_md_18704740_wp_1.mp3<\/a><\/audio>\n<p><a title=\"Continentes y contenidos 11\/05\/2017 programa 9 - IV Temporada\" href=\"http:\/\/ar.ivoox.com\/es\/continentes-contenidos-11-05-2017-programa-9-iv-audios-mp3_rf_18704740_1.html\">Ir a descargar<\/a><br \/>\nConducido por Mariano Quiroga, el programa cuenta con la participaci\u00f3n de Edison Burbano, Mart\u00edn Ruano y Eugenio Mart\u00ednez en la operaci\u00f3n t\u00e9cnica.<\/p>\n","protected":false},"excerpt":{"rendered":"<p>El programa de Pressenza en Radio Hache se centr\u00f3 en las urgencias globales, haciendo eje en la situaci\u00f3n de Brasil, para eso conversamos con Gunther Aleksander, editor de Pressenza en San Pablo, sobre el interrogatorio al que fue sometido el&hellip;<\/p>\n","protected":false},"author":87,"featured_media":465885,"comment_status":"closed","ping_status":"closed","sticky":false,"template":"","format":"standard","meta":{"footnotes":""},"categories":[11389,75,79,39,74,22754,67],"tags":[37167,1028,9049,773,23002,18883,2975,3977,523,24885],"class_list":["post-465883","post","type-post","status-publish","format-standard","has-post-thumbnail","hentry","category-contenido-original","category-cultura-es","category-derechos-humanos","category-internacional","category-politica-es","category-radio-es","category-sudamerica","tag-2x1","tag-abuelas-de-plaza-de-mayo","tag-continentes-y-contenidos","tag-corrupcion","tag-genocidas","tag-lava-jato","tag-lula-da-silva","tag-madres-de-plaza-de-mayo","tag-medios-de-comunicacion","tag-sergio-moro"],"yoast_head":"<!-- This site is optimized with the Yoast SEO plugin v27.1.1 - https:\/\/yoast.com\/product\/yoast-seo-wordpress\/ -->\n<title>El interrogatorio a Lula y el mar de pa\u00f1uelos en Continentes y contenidos<\/title>\n<meta name=\"description\" content=\"El programa de Pressenza en Radio Hache se centr\u00f3 en las urgencias globales, haciendo eje en la situaci\u00f3n de Brasil, para eso conversamos con Gunther\" \/>\n<meta name=\"robots\" content=\"index, follow, max-snippet:-1, max-image-preview:large, max-video-preview:-1\" \/>\n<link rel=\"canonical\" href=\"https:\/\/www.pressenza.com\/es\/2017\/05\/interrogatorio-lula-mar-panuelos-continentes-contenidos\/\" \/>\n<meta property=\"og:locale\" content=\"es_ES\" \/>\n<meta property=\"og:type\" content=\"article\" \/>\n<meta property=\"og:title\" content=\"El interrogatorio a Lula y el mar de pa\u00f1uelos en Continentes y contenidos\" \/>\n<meta property=\"og:description\" content=\"El programa de Pressenza en Radio Hache se centr\u00f3 en las urgencias globales, haciendo eje en la situaci\u00f3n de Brasil, para eso conversamos con Gunther\" \/>\n<meta property=\"og:url\" content=\"https:\/\/www.pressenza.com\/es\/2017\/05\/interrogatorio-lula-mar-panuelos-continentes-contenidos\/\" \/>\n<meta property=\"og:site_name\" content=\"Pressenza\" \/>\n<meta property=\"article:publisher\" content=\"https:\/\/www.facebook.com\/PressenzaItalia\" \/>\n<meta property=\"article:published_time\" content=\"2017-05-16T19:30:36+00:00\" \/>\n<meta property=\"article:modified_time\" content=\"2017-05-16T19:33:27+00:00\" \/>\n<meta property=\"og:image\" content=\"https:\/\/www.pressenza.com\/wp-content\/uploads\/2017\/05\/MG_9193.jpg\" \/>\n\t<meta property=\"og:image:width\" content=\"2048\" \/>\n\t<meta property=\"og:image:height\" content=\"1365\" \/>\n\t<meta property=\"og:image:type\" content=\"image\/jpeg\" \/>\n<meta name=\"author\" content=\"Redacci\u00f3n Argentina\" \/>\n<meta name=\"twitter:card\" content=\"summary_large_image\" \/>\n<meta name=\"twitter:creator\" content=\"@pressenza\" \/>\n<meta name=\"twitter:site\" content=\"@PressenzaIPA\" \/>\n<meta name=\"twitter:label1\" content=\"Escrito por\" \/>\n\t<meta name=\"twitter:data1\" content=\"Redacci\u00f3n Argentina\" \/>\n\t<meta name=\"twitter:label2\" content=\"Tiempo de lectura\" \/>\n\t<meta name=\"twitter:data2\" content=\"1 minuto\" \/>\n<script type=\"application\/ld+json\" class=\"yoast-schema-graph\">{\"@context\":\"https:\/\/schema.org\",\"@graph\":[{\"@type\":\"Article\",\"@id\":\"https:\/\/www.pressenza.com\/es\/2017\/05\/interrogatorio-lula-mar-panuelos-continentes-contenidos\/#article\",\"isPartOf\":{\"@id\":\"https:\/\/www.pressenza.com\/es\/2017\/05\/interrogatorio-lula-mar-panuelos-continentes-contenidos\/\"},\"author\":{\"name\":\"Redacci\u00f3n Argentina\",\"@id\":\"https:\/\/www.pressenza.com\/es\/#\/schema\/person\/0dda7d1b68267ad95b1e1d83abc98c89\"},\"headline\":\"El interrogatorio a Lula y el mar de pa\u00f1uelos en Continentes y contenidos\",\"datePublished\":\"2017-05-16T19:30:36+00:00\",\"dateModified\":\"2017-05-16T19:33:27+00:00\",\"mainEntityOfPage\":{\"@id\":\"https:\/\/www.pressenza.com\/es\/2017\/05\/interrogatorio-lula-mar-panuelos-continentes-contenidos\/\"},\"wordCount\":166,\"publisher\":{\"@id\":\"https:\/\/www.pressenza.com\/es\/#organization\"},\"image\":{\"@id\":\"https:\/\/www.pressenza.com\/es\/2017\/05\/interrogatorio-lula-mar-panuelos-continentes-contenidos\/#primaryimage\"},\"thumbnailUrl\":\"https:\/\/www.pressenza.com\/wp-content\/uploads\/2017\/05\/MG_9193.jpg\",\"keywords\":[\"2x1\",\"Abuelas de Plaza de Mayo\",\"Continentes y Contenidos\",\"corrupci\u00f3n\",\"genocidas\",\"lava jato\",\"Lula Da Silva\",\"Madres de Plaza de mayo\",\"medios de comunicaci\u00f3n\",\"S\u00e9rgio Moro\"],\"articleSection\":[\"Contenido Original\",\"Cultura y Medios\",\"Derechos Humanos\",\"Internacional\",\"Pol\u00edtica\",\"Radio\",\"Sudam\u00e9rica\"],\"inLanguage\":\"es\"},{\"@type\":\"WebPage\",\"@id\":\"https:\/\/www.pressenza.com\/es\/2017\/05\/interrogatorio-lula-mar-panuelos-continentes-contenidos\/\",\"url\":\"https:\/\/www.pressenza.com\/es\/2017\/05\/interrogatorio-lula-mar-panuelos-continentes-contenidos\/\",\"name\":\"El interrogatorio a Lula y el mar de pa\u00f1uelos en Continentes y contenidos\",\"isPartOf\":{\"@id\":\"https:\/\/www.pressenza.com\/es\/#website\"},\"primaryImageOfPage\":{\"@id\":\"https:\/\/www.pressenza.com\/es\/2017\/05\/interrogatorio-lula-mar-panuelos-continentes-contenidos\/#primaryimage\"},\"image\":{\"@id\":\"https:\/\/www.pressenza.com\/es\/2017\/05\/interrogatorio-lula-mar-panuelos-continentes-contenidos\/#primaryimage\"},\"thumbnailUrl\":\"https:\/\/www.pressenza.com\/wp-content\/uploads\/2017\/05\/MG_9193.jpg\",\"datePublished\":\"2017-05-16T19:30:36+00:00\",\"dateModified\":\"2017-05-16T19:33:27+00:00\",\"description\":\"El programa de Pressenza en Radio Hache se centr\u00f3 en las urgencias globales, haciendo eje en la situaci\u00f3n de Brasil, para eso conversamos con Gunther\",\"breadcrumb\":{\"@id\":\"https:\/\/www.pressenza.com\/es\/2017\/05\/interrogatorio-lula-mar-panuelos-continentes-contenidos\/#breadcrumb\"},\"inLanguage\":\"es\",\"potentialAction\":[{\"@type\":\"ReadAction\",\"target\":[\"https:\/\/www.pressenza.com\/es\/2017\/05\/interrogatorio-lula-mar-panuelos-continentes-contenidos\/\"]}]},{\"@type\":\"ImageObject\",\"inLanguage\":\"es\",\"@id\":\"https:\/\/www.pressenza.com\/es\/2017\/05\/interrogatorio-lula-mar-panuelos-continentes-contenidos\/#primaryimage\",\"url\":\"https:\/\/www.pressenza.com\/wp-content\/uploads\/2017\/05\/MG_9193.jpg\",\"contentUrl\":\"https:\/\/www.pressenza.com\/wp-content\/uploads\/2017\/05\/MG_9193.jpg\",\"width\":2048,\"height\":1365},{\"@type\":\"BreadcrumbList\",\"@id\":\"https:\/\/www.pressenza.com\/es\/2017\/05\/interrogatorio-lula-mar-panuelos-continentes-contenidos\/#breadcrumb\",\"itemListElement\":[{\"@type\":\"ListItem\",\"position\":1,\"name\":\"Accueil\",\"item\":\"https:\/\/www.pressenza.com\/es\/\"},{\"@type\":\"ListItem\",\"position\":2,\"name\":\"El interrogatorio a Lula y el mar de pa\u00f1uelos en Continentes y contenidos\"}]},{\"@type\":\"WebSite\",\"@id\":\"https:\/\/www.pressenza.com\/es\/#website\",\"url\":\"https:\/\/www.pressenza.com\/es\/\",\"name\":\"Pressenza\",\"description\":\"International Press Agency\",\"publisher\":{\"@id\":\"https:\/\/www.pressenza.com\/es\/#organization\"},\"potentialAction\":[{\"@type\":\"SearchAction\",\"target\":{\"@type\":\"EntryPoint\",\"urlTemplate\":\"https:\/\/www.pressenza.com\/es\/?s={search_term_string}\"},\"query-input\":{\"@type\":\"PropertyValueSpecification\",\"valueRequired\":true,\"valueName\":\"search_term_string\"}}],\"inLanguage\":\"es\"},{\"@type\":\"Organization\",\"@id\":\"https:\/\/www.pressenza.com\/es\/#organization\",\"name\":\"Pressenza\",\"url\":\"https:\/\/www.pressenza.com\/es\/\",\"logo\":{\"@type\":\"ImageObject\",\"inLanguage\":\"es\",\"@id\":\"https:\/\/www.pressenza.com\/es\/#\/schema\/logo\/image\/\",\"url\":\"https:\/\/www.pressenza.com\/wp-content\/uploads\/2022\/10\/pressenza_logo_200x200.jpg\",\"contentUrl\":\"https:\/\/www.pressenza.com\/wp-content\/uploads\/2022\/10\/pressenza_logo_200x200.jpg\",\"width\":200,\"height\":200,\"caption\":\"Pressenza\"},\"image\":{\"@id\":\"https:\/\/www.pressenza.com\/es\/#\/schema\/logo\/image\/\"},\"sameAs\":[\"https:\/\/www.facebook.com\/PressenzaItalia\",\"https:\/\/x.com\/PressenzaIPA\"]},{\"@type\":\"Person\",\"@id\":\"https:\/\/www.pressenza.com\/es\/#\/schema\/person\/0dda7d1b68267ad95b1e1d83abc98c89\",\"name\":\"Redacci\u00f3n Argentina\",\"description\":\"News from the Pressenza Bureau in Argentina.\",\"sameAs\":[\"https:\/\/x.com\/pressenza\"],\"url\":\"https:\/\/www.pressenza.com\/es\/author\/redaccion-argentina\/\"}]}<\/script>\n<!-- \/ Yoast SEO plugin. -->","yoast_head_json":{"title":"El interrogatorio a Lula y el mar de pa\u00f1uelos en Continentes y contenidos","description":"El programa de Pressenza en Radio Hache se centr\u00f3 en las urgencias globales, haciendo eje en la situaci\u00f3n de Brasil, para eso conversamos con Gunther","robots":{"index":"index","follow":"follow","max-snippet":"max-snippet:-1","max-image-preview":"max-image-preview:large","max-video-preview":"max-video-preview:-1"},"canonical":"https:\/\/www.pressenza.com\/es\/2017\/05\/interrogatorio-lula-mar-panuelos-continentes-contenidos\/","og_locale":"es_ES","og_type":"article","og_title":"El interrogatorio a Lula y el mar de pa\u00f1uelos en Continentes y contenidos","og_description":"El programa de Pressenza en Radio Hache se centr\u00f3 en las urgencias globales, haciendo eje en la situaci\u00f3n de Brasil, para eso conversamos con Gunther","og_url":"https:\/\/www.pressenza.com\/es\/2017\/05\/interrogatorio-lula-mar-panuelos-continentes-contenidos\/","og_site_name":"Pressenza","article_publisher":"https:\/\/www.facebook.com\/PressenzaItalia","article_published_time":"2017-05-16T19:30:36+00:00","article_modified_time":"2017-05-16T19:33:27+00:00","og_image":[{"width":2048,"height":1365,"url":"https:\/\/www.pressenza.com\/wp-content\/uploads\/2017\/05\/MG_9193.jpg","type":"image\/jpeg"}],"author":"Redacci\u00f3n Argentina","twitter_card":"summary_large_image","twitter_creator":"@pressenza","twitter_site":"@PressenzaIPA","twitter_misc":{"Escrito por":"Redacci\u00f3n Argentina","Tiempo de lectura":"1 minuto"},"schema":{"@context":"https:\/\/schema.org","@graph":[{"@type":"Article","@id":"https:\/\/www.pressenza.com\/es\/2017\/05\/interrogatorio-lula-mar-panuelos-continentes-contenidos\/#article","isPartOf":{"@id":"https:\/\/www.pressenza.com\/es\/2017\/05\/interrogatorio-lula-mar-panuelos-continentes-contenidos\/"},"author":{"name":"Redacci\u00f3n Argentina","@id":"https:\/\/www.pressenza.com\/es\/#\/schema\/person\/0dda7d1b68267ad95b1e1d83abc98c89"},"headline":"El interrogatorio a Lula y el mar de pa\u00f1uelos en Continentes y contenidos","datePublished":"2017-05-16T19:30:36+00:00","dateModified":"2017-05-16T19:33:27+00:00","mainEntityOfPage":{"@id":"https:\/\/www.pressenza.com\/es\/2017\/05\/interrogatorio-lula-mar-panuelos-continentes-contenidos\/"},"wordCount":166,"publisher":{"@id":"https:\/\/www.pressenza.com\/es\/#organization"},"image":{"@id":"https:\/\/www.pressenza.com\/es\/2017\/05\/interrogatorio-lula-mar-panuelos-continentes-contenidos\/#primaryimage"},"thumbnailUrl":"https:\/\/www.pressenza.com\/wp-content\/uploads\/2017\/05\/MG_9193.jpg","keywords":["2x1","Abuelas de Plaza de Mayo","Continentes y Contenidos","corrupci\u00f3n","genocidas","lava jato","Lula Da Silva","Madres de Plaza de mayo","medios de comunicaci\u00f3n","S\u00e9rgio Moro"],"articleSection":["Contenido Original","Cultura y Medios","Derechos Humanos","Internacional","Pol\u00edtica","Radio","Sudam\u00e9rica"],"inLanguage":"es"},{"@type":"WebPage","@id":"https:\/\/www.pressenza.com\/es\/2017\/05\/interrogatorio-lula-mar-panuelos-continentes-contenidos\/","url":"https:\/\/www.pressenza.com\/es\/2017\/05\/interrogatorio-lula-mar-panuelos-continentes-contenidos\/","name":"El interrogatorio a Lula y el mar de pa\u00f1uelos en Continentes y contenidos","isPartOf":{"@id":"https:\/\/www.pressenza.com\/es\/#website"},"primaryImageOfPage":{"@id":"https:\/\/www.pressenza.com\/es\/2017\/05\/interrogatorio-lula-mar-panuelos-continentes-contenidos\/#primaryimage"},"image":{"@id":"https:\/\/www.pressenza.com\/es\/2017\/05\/interrogatorio-lula-mar-panuelos-continentes-contenidos\/#primaryimage"},"thumbnailUrl":"https:\/\/www.pressenza.com\/wp-content\/uploads\/2017\/05\/MG_9193.jpg","datePublished":"2017-05-16T19:30:36+00:00","dateModified":"2017-05-16T19:33:27+00:00","description":"El programa de Pressenza en Radio Hache se centr\u00f3 en las urgencias globales, haciendo eje en la situaci\u00f3n de Brasil, para eso conversamos con Gunther","breadcrumb":{"@id":"https:\/\/www.pressenza.com\/es\/2017\/05\/interrogatorio-lula-mar-panuelos-continentes-contenidos\/#breadcrumb"},"inLanguage":"es","potentialAction":[{"@type":"ReadAction","target":["https:\/\/www.pressenza.com\/es\/2017\/05\/interrogatorio-lula-mar-panuelos-continentes-contenidos\/"]}]},{"@type":"ImageObject","inLanguage":"es","@id":"https:\/\/www.pressenza.com\/es\/2017\/05\/interrogatorio-lula-mar-panuelos-continentes-contenidos\/#primaryimage","url":"https:\/\/www.pressenza.com\/wp-content\/uploads\/2017\/05\/MG_9193.jpg","contentUrl":"https:\/\/www.pressenza.com\/wp-content\/uploads\/2017\/05\/MG_9193.jpg","width":2048,"height":1365},{"@type":"BreadcrumbList","@id":"https:\/\/www.pressenza.com\/es\/2017\/05\/interrogatorio-lula-mar-panuelos-continentes-contenidos\/#breadcrumb","itemListElement":[{"@type":"ListItem","position":1,"name":"Accueil","item":"https:\/\/www.pressenza.com\/es\/"},{"@type":"ListItem","position":2,"name":"El interrogatorio a Lula y el mar de pa\u00f1uelos en Continentes y contenidos"}]},{"@type":"WebSite","@id":"https:\/\/www.pressenza.com\/es\/#website","url":"https:\/\/www.pressenza.com\/es\/","name":"Pressenza","description":"International Press Agency","publisher":{"@id":"https:\/\/www.pressenza.com\/es\/#organization"},"potentialAction":[{"@type":"SearchAction","target":{"@type":"EntryPoint","urlTemplate":"https:\/\/www.pressenza.com\/es\/?s={search_term_string}"},"query-input":{"@type":"PropertyValueSpecification","valueRequired":true,"valueName":"search_term_string"}}],"inLanguage":"es"},{"@type":"Organization","@id":"https:\/\/www.pressenza.com\/es\/#organization","name":"Pressenza","url":"https:\/\/www.pressenza.com\/es\/","logo":{"@type":"ImageObject","inLanguage":"es","@id":"https:\/\/www.pressenza.com\/es\/#\/schema\/logo\/image\/","url":"https:\/\/www.pressenza.com\/wp-content\/uploads\/2022\/10\/pressenza_logo_200x200.jpg","contentUrl":"https:\/\/www.pressenza.com\/wp-content\/uploads\/2022\/10\/pressenza_logo_200x200.jpg","width":200,"height":200,"caption":"Pressenza"},"image":{"@id":"https:\/\/www.pressenza.com\/es\/#\/schema\/logo\/image\/"},"sameAs":["https:\/\/www.facebook.com\/PressenzaItalia","https:\/\/x.com\/PressenzaIPA"]},{"@type":"Person","@id":"https:\/\/www.pressenza.com\/es\/#\/schema\/person\/0dda7d1b68267ad95b1e1d83abc98c89","name":"Redacci\u00f3n Argentina","description":"News from the Pressenza Bureau in Argentina.","sameAs":["https:\/\/x.com\/pressenza"],"url":"https:\/\/www.pressenza.com\/es\/author\/redaccion-argentina\/"}]}},"place":"Ciudad de Buenos Aires, Argentina","original_article_url":"","_links":{"self":[{"href":"https:\/\/www.pressenza.com\/es\/wp-json\/wp\/v2\/posts\/465883","targetHints":{"allow":["GET"]}}],"collection":[{"href":"https:\/\/www.pressenza.com\/es\/wp-json\/wp\/v2\/posts"}],"about":[{"href":"https:\/\/www.pressenza.com\/es\/wp-json\/wp\/v2\/types\/post"}],"author":[{"embeddable":true,"href":"https:\/\/www.pressenza.com\/es\/wp-json\/wp\/v2\/users\/87"}],"replies":[{"embeddable":true,"href":"https:\/\/www.pressenza.com\/es\/wp-json\/wp\/v2\/comments?post=465883"}],"version-history":[{"count":0,"href":"https:\/\/www.pressenza.com\/es\/wp-json\/wp\/v2\/posts\/465883\/revisions"}],"wp:featuredmedia":[{"embeddable":true,"href":"https:\/\/www.pressenza.com\/es\/wp-json\/wp\/v2\/media\/465885"}],"wp:attachment":[{"href":"https:\/\/www.pressenza.com\/es\/wp-json\/wp\/v2\/media?parent=465883"}],"wp:term":[{"taxonomy":"category","embeddable":true,"href":"https:\/\/www.pressenza.com\/es\/wp-json\/wp\/v2\/categories?post=465883"},{"taxonomy":"post_tag","embeddable":true,"href":"https:\/\/www.pressenza.com\/es\/wp-json\/wp\/v2\/tags?post=465883"}],"curies":[{"name":"wp","href":"https:\/\/api.w.org\/{rel}","templated":true}]}}