{"id":462059,"date":"2017-05-07T23:33:21","date_gmt":"2017-05-07T22:33:21","guid":{"rendered":"https:\/\/www.pressenza.com\/?p=462059\/"},"modified":"2017-05-07T23:33:21","modified_gmt":"2017-05-07T22:33:21","slug":"poder-constituyente-y-los-nuevos-territorios-de-la-politica","status":"publish","type":"post","link":"https:\/\/www.pressenza.com\/es\/2017\/05\/poder-constituyente-y-los-nuevos-territorios-de-la-politica\/","title":{"rendered":"Poder constituyente y los nuevos territorios de la pol\u00edtica"},"content":{"rendered":"<p>&nbsp;<\/p>\n<p>En gran parte de las constituciones, el pueblo es un soberano irrespetado. Un acreedor permanente de derechos consagrados casi siempre pendientes. Derecho a condiciones de vida digna y a libertades que no se cumplen porque dependen de la econom\u00eda y sus gestores, que no figuran en ninguna constituci\u00f3n pero rigen sobre ellas.<\/p>\n<p>La raz\u00f3n de este desprop\u00f3sito es que las constituciones actuales \u2013 al menos las inspiradas en los modelos occidentales del siglo XVIII \u2013 contienen una contradicci\u00f3n fundamental. Instalan y absolutizan el principio de propiedad individual, propiciando la acumulaci\u00f3n sin limitaci\u00f3n alguna. Dicho derecho propietario, sin duda una conquista en \u00e9pocas de rapi\u00f1a mon\u00e1rquico-feudales, en el contexto actual de concentraci\u00f3n de capital y desigualdades, pone en riesgo no s\u00f3lo la coexistencia sino la existencia misma. La irracional apropiaci\u00f3n \u2013 legal pero indebida \u2013 reduce la humanidad tanto de despose\u00eddos como de poseedores, minimiza el valor de lo com\u00fan y condiciona las calidades evolutivas de cualquier constituci\u00f3n.<\/p>\n<p>El presidente de la Rep\u00fablica Bolivariana de Venezuela Nicol\u00e1s Maduro ha convocado este 1\u00b0 de Mayo a conformar una Asamblea Nacional Constituyente a fin de que el pueblo mismo introduzca modificaciones en el marco jur\u00eddico, garantizando as\u00ed conquistas sociales adquiridas. Tambi\u00e9n para que se discuta y decida sobre temas relacionados con el futuro de las nuevas generaciones, la paz, la econom\u00eda, la justicia, el cuidado medioambiental, la econom\u00eda y la identidad cultural nacional. La convocatoria &#8211; escandalizante para la oposici\u00f3n nacional e internacional de agudo tinte retr\u00f3grado &#8211; invita a la gente com\u00fan a reflexionar sobre t\u00f3picos decisivos, a dialogar y deliberar en sus propios \u00e1mbitos, a ser parte protag\u00f3nica y fundante de nuevas realidades.<\/p>\n<p>El estado constituyente popular se justifica por s\u00ed mismo, en tanto expresi\u00f3n del soberano agente y paciente de su propia historia. Deber\u00eda ser incluido como cap\u00edtulo permanente con periodicidad fija en las constituciones y no como eventualidad, toda vez que las realidades son din\u00e1micas y exigen la revisi\u00f3n, adaptaci\u00f3n y mejora de encuadres legales y formas de convergencia social para garantizar el cumplimiento de enunciados b\u00e1sicos vulnerados por intereses distantes y antag\u00f3nicos al bienestar general.<\/p>\n<p>Desde una perspectiva m\u00e1s amplia que la coyuntural, el llamado se constituye en exploraci\u00f3n de nuevos territorios de lo pol\u00edtico, exploraci\u00f3n m\u00e1s que urgente, dada la decadencia manifiesta que experimenta el as\u00ed llamado \u201csistema democr\u00e1tico\u201d. Democracia que hoy, igual que ayer y ma\u00f1ana, se topa con los impedimentos que las \u00e9lites ponen a su desarrollo. Gobierno del pueblo &#8211; as\u00ed su etimolog\u00eda &#8211; que es desconocido por quienes detentan el poder, los grandes consorcios econ\u00f3micos y los emporios medi\u00e1ticos a su servicio, opositores hoy como ayer y ma\u00f1ana a cualquier cambio que atente contra su posici\u00f3n privilegiada. Democracia que se ve traicionada por una casta pol\u00edtica financiada y corrompida por los antedichos poderes, para dictar medidas y leyes acordes a aquellos intereses parciales. Democracia ficticia en la que la justicia se vuelve ap\u00e9ndice del megapoder empresarial. Democracia negada en la que el hecho electoral no es m\u00e1s que un fugaz cat\u00e1logo de promesas, sustentado en un vendaval propagand\u00edstico atronador.<\/p>\n<p>\u00bfCu\u00e1les son los nuevos territorios a explorar entonces?<\/p>\n<p>Muchas personas creen que la finalidad de lo pol\u00edtico es establecer sistemas de gobierno y que estos gobiernos, a su vez, son los que tienen la potestad exclusiva de crear (o destruir) realidades. Tal creencia ha sido forjada por siglos de jerarqu\u00edas violentas y patriarcales. Sin embargo, el ser humano, en evoluci\u00f3n hist\u00f3rica ha sabido dejar atr\u00e1s esas formas impuestas y poco participativas. \u00bfPor qu\u00e9 no habr\u00eda de hacerlo ahora? \u00bfC\u00f3mo habr\u00eda de hacerlo si no comienza a modificar las reglas para lograr una nueva y siempre provisoria armon\u00eda?<\/p>\n<p>Las sociedades se construyen cotidianamente en el trabajo, las escuelas, los hogares, los clubes deportivos, en centros culturales, consejos vecinales, redes de inter\u00e9s tem\u00e1tico, en agrupaciones barriales, organizaciones sectoriales, iniciativas juveniles, bibliotecas populares, en los v\u00ednculos de pertenencia cultural, en los movimientos de pobladores, en c\u00edrculos profesionales, en las asociaciones de inmigrantes, las congregaciones de fe y tantos otros nucleamientos donde se expresa con claridad la vocaci\u00f3n de lograr en conjunto objetivos colectivos.<\/p>\n<p>En todos esos \u00e1mbitos se generan relaciones interpersonales y tambi\u00e9n pol\u00edticas. Son el lazo que sustenta el diario ser social de cada quien. Esas m\u00faltiples conjunciones son las mol\u00e9culas b\u00e1sicas del conglomerado social, que si bien son influidas por situaciones generales que las exceden, nunca pueden ser suplantadas por superestructuras mayores. Por tanto, una genuina representatividad pol\u00edtica puede ser construida desde all\u00ed, desde estos espacios a los cuales efectivamente cualquier persona puede acceder y que permanecen adscriptos a la cotidianeidad, en una relaci\u00f3n de paridad efectiva, democratizando el espectro completo e impidiendo la habitual desconexi\u00f3n entre base y c\u00fapula.<\/p>\n<p>De all\u00ed que la posibilidad de que una (y todas las dem\u00e1s) constituyentes surjan desde la propia base social no necesariamente asume un car\u00e1cter \u201ccorporativo\u201d, como algunos cr\u00edticos opinan, sino que propone un componente esencial de ciudadan\u00eda proyectada a marcos colectivos nacionales.<\/p>\n<p>Dicha organicidad de lo cotidiano, comunal, territorializada y sectorial a la vez, deber\u00eda ser la estrategia de todo funcionamiento pol\u00edtico futuro, eximiendo a los gobernantes del exceso de una responsabilidad exclusiva sobre los destinos humanos y delegando la mayor parte del quehacer pol\u00edtico en el pueblo y sus propias instancias deliberativas. Esa imagen puede chocar con la relativa inestabilidad de la participaci\u00f3n popular debido a las exigencias y contingencias habituales. Sin embargo, la vida en com\u00fan no requiere deliberaci\u00f3n permanente, sino simplemente peri\u00f3dica aunque continuada.<\/p>\n<p>Del mismo modo, la inclusi\u00f3n ponderada de sectores diversos y\/o minoritarios es una medida que ayuda a corregir en todos los \u00e1mbitos la aplastante brutalidad del consenso mayoritario, permitiendo con esp\u00edritu amplio la convergencia de una diversidad creciente. Esto no es nuevo, sino que ya viene implement\u00e1ndose en distintos campos. Ejemplo de ello es la introducci\u00f3n de cupos femeninos para corregir la injusticia de g\u00e9nero milenaria o los sitiales reservados en parlamentos a minor\u00edas \u00e9tnicas. O la promoci\u00f3n de las personas con discapacidad a trav\u00e9s de la reserva de puestos de trabajo, y as\u00ed siguiendo.<\/p>\n<p>Por supuesto que todo ello se complementa perfectamente con el voto universal, a su vez conquista hist\u00f3rica frente a la discriminaci\u00f3n y la exclusi\u00f3n. Voto personal que experimenta tambi\u00e9n en la actualidad la crisis de individualismo exacerbado, la manipulaci\u00f3n medi\u00e1tica y la propia cortedad de miras, midiendo las m\u00e1s de las veces en la elecci\u00f3n tan s\u00f3lo el beneficio personal y a corto plazo de una decisi\u00f3n concerniente al todo. As\u00ed es que aquel voto personalizado y \u00fanico puede encontrar en el voto en comunidad o ponderado un complemento exquisito, alentando a la recomposici\u00f3n del tejido social en desintegraci\u00f3n.<\/p>\n<p>No hay duda alguna que todos estos planteos generan un cerrado rechazo en los sectores sociales acomodados, quienes temen perder lo que tienen. Mejor har\u00edan en perder el temor a perder, que los inhibe a la experiencia maravillosa del compartir. Sin embargo, de alg\u00fan modo es comprensible \u2013 aunque no admisible \u2013 que quienes se encuentran en la c\u00faspide del entramado social se resistan a retraer sus pretensiones y comprender el encadenamiento de il\u00edcitos (personales o de prosapia familiar) que han posibilitado su actual posici\u00f3n.<\/p>\n<p>Lo que en muchos casos no se comprende tan claramente es porqu\u00e9 los sectores urbanos intermedios (la as\u00ed llamada \u201cclase media\u201d), mucho m\u00e1s cercanos objetivamente a sus conciudadanos pobres, prestan su apoyo a los poderosos, apoyando a facciones que al hundir al m\u00e1s sometido, los arrastrar\u00e1n en una cadena de perjuicios inevitable.<\/p>\n<p>Hay una componente de autoafirmaci\u00f3n identitaria en estos sectores, en la que el acortamiento de la distancia respecto de los m\u00e1s \u201cpobres\u201d aparece como un fracaso existencial. O sea, para \u00abser\u00bb alguien socialmente, hay que estar subjetivamente \u00abalejado\u00bb de los pobres (aunque objetivamente esto no sea tan as\u00ed). Otro motivo para la paradoja es la afinidad cultural. La mayor parte de esa \u00abclase media\u00bb es af\u00edn con los patrones de vida europeos o admiradora de la ilusi\u00f3n del estilo de vida norteamericano, ya sea por descendencia directa, por educaci\u00f3n, por el pernicioso consumo excesivo de filmograf\u00eda o, en el caso mestizo, por una negaci\u00f3n del factor originario o negro \u2013 cuya expurgaci\u00f3n fue hist\u00f3ricamente exigida &#8211; que lleva a la admiraci\u00f3n de lo que es \u00abblanco\u00bb, creyendo que de ese modo van a ser parte de la fiesta a la que nunca ser\u00e1n verdaderamente invitados.\u00a0 Por \u00faltimo, esta poblaci\u00f3n urbana est\u00e1 mucho m\u00e1s sometida e influenciada por los medios de difusi\u00f3n en manos de grandes grupos empresariales, poco proclives a la distribuci\u00f3n de sus privilegios y riqueza.<\/p>\n<p>Dicho fen\u00f3meno se produce no solamente en la Venezuela bolivariana, sino que se reproduce de manera casi id\u00e9ntica en muchos pa\u00edses de Am\u00e9rica Latina y emerge precisamente como oposici\u00f3n a procesos y liderazgos pol\u00edticos que, de manera compasiva, tienden a generar condiciones necesarias de mayor inclusi\u00f3n social.<\/p>\n<p>Este rasgo plutocr\u00e1tico \u2013 acaso remanente hist\u00f3rico de las antiguas aristocracias cortesanas y par\u00e1sitas \u2013 apunta a la poca ilustraci\u00f3n del pueblo como un impedimento para ampliar su rango de decisi\u00f3n efectiva. Instrucci\u00f3n, debe agregarse que fue y es resistida precisamente por esos mismos sectores, que hoy defienden la educaci\u00f3n privada. \u201cEl pueblo es inculto, no est\u00e1 preparado para autogobernarse\u201d, dicen. \u201cSe va a equivocar\u201d, agregan. \u00bfAcaso no se equivoca hoy el soberano una y otra vez cuando se deja encandilar por la promesa mentirosa del sonriente candidato? Si el pueblo asume una mayor autogesti\u00f3n y se cometen errores, \u00bfcu\u00e1l es el problema? En todo caso, ser\u00e1 responsable de sus actos.<\/p>\n<p>En un momento de su arenga en el D\u00eda de los Trabajadores, el presidente Maduro expres\u00f3: \u201c\u00bfQuieren di\u00e1logo? Poder Constituyente. \u00bfQuieren paz? Poder Constituyente. \u00bfQuieren elecciones? Poder Constituyente\u201d. A lo cual podr\u00eda agregarse: \u00bfQuieren Democracia? \u00bfQuieren Revoluci\u00f3n? Poder Constituyente. Porque de eso se trata. \u00bfO no?<\/p>\n<p>&nbsp;<\/p>\n","protected":false},"excerpt":{"rendered":"<p>&nbsp; En gran parte de las constituciones, el pueblo es un soberano irrespetado. Un acreedor permanente de derechos consagrados casi siempre pendientes. Derecho a condiciones de vida digna y a libertades que no se cumplen porque dependen de la econom\u00eda&hellip;<\/p>\n","protected":false},"author":970,"featured_media":462065,"comment_status":"closed","ping_status":"closed","sticky":false,"template":"","format":"standard","meta":{"footnotes":""},"categories":[11389,161,74,67],"tags":[37068,696,33012,3883],"class_list":["post-462059","post","type-post","status-publish","format-standard","has-post-thumbnail","hentry","category-contenido-original","category-opiniones","category-politica-es","category-sudamerica","tag-asamblea-nacional-constituyente","tag-democracia","tag-poder-popular","tag-venezuela-es"],"yoast_head":"<!-- This site is optimized with the Yoast SEO plugin v27.1.1 - https:\/\/yoast.com\/product\/yoast-seo-wordpress\/ -->\n<title>Poder constituyente y los nuevos territorios de la pol\u00edtica<\/title>\n<meta name=\"description\" content=\"&nbsp; En gran parte de las constituciones, el pueblo es un soberano irrespetado. Un acreedor permanente de derechos consagrados casi siempre pendientes.\" \/>\n<meta name=\"robots\" content=\"index, follow, max-snippet:-1, max-image-preview:large, max-video-preview:-1\" \/>\n<link rel=\"canonical\" href=\"https:\/\/www.pressenza.com\/es\/2017\/05\/poder-constituyente-y-los-nuevos-territorios-de-la-politica\/\" \/>\n<meta property=\"og:locale\" content=\"es_ES\" \/>\n<meta property=\"og:type\" content=\"article\" \/>\n<meta property=\"og:title\" content=\"Poder constituyente y los nuevos territorios de la pol\u00edtica\" \/>\n<meta property=\"og:description\" content=\"&nbsp; En gran parte de las constituciones, el pueblo es un soberano irrespetado. Un acreedor permanente de derechos consagrados casi siempre pendientes.\" \/>\n<meta property=\"og:url\" content=\"https:\/\/www.pressenza.com\/es\/2017\/05\/poder-constituyente-y-los-nuevos-territorios-de-la-politica\/\" \/>\n<meta property=\"og:site_name\" content=\"Pressenza\" \/>\n<meta property=\"article:publisher\" content=\"https:\/\/www.facebook.com\/PressenzaItalia\" \/>\n<meta property=\"article:author\" content=\"https:\/\/www.facebook.com\/javier.tolcachier?fref=ts\" \/>\n<meta property=\"article:published_time\" content=\"2017-05-07T22:33:21+00:00\" \/>\n<meta property=\"og:image\" content=\"https:\/\/www.pressenza.com\/wp-content\/uploads\/2017\/05\/Comuna-Dario-Azellini.jpg\" \/>\n\t<meta property=\"og:image:width\" content=\"1417\" \/>\n\t<meta property=\"og:image:height\" content=\"797\" \/>\n\t<meta property=\"og:image:type\" content=\"image\/jpeg\" \/>\n<meta name=\"author\" content=\"Javier Tolcachier\" \/>\n<meta name=\"twitter:card\" content=\"summary_large_image\" \/>\n<meta name=\"twitter:creator\" content=\"@jtolcachier\" \/>\n<meta name=\"twitter:site\" content=\"@PressenzaIPA\" \/>\n<meta name=\"twitter:label1\" content=\"Escrito por\" \/>\n\t<meta name=\"twitter:data1\" content=\"Javier Tolcachier\" \/>\n\t<meta name=\"twitter:label2\" content=\"Tiempo de lectura\" \/>\n\t<meta name=\"twitter:data2\" content=\"9 minutos\" \/>\n<script type=\"application\/ld+json\" class=\"yoast-schema-graph\">{\"@context\":\"https:\/\/schema.org\",\"@graph\":[{\"@type\":\"Article\",\"@id\":\"https:\/\/www.pressenza.com\/es\/2017\/05\/poder-constituyente-y-los-nuevos-territorios-de-la-politica\/#article\",\"isPartOf\":{\"@id\":\"https:\/\/www.pressenza.com\/es\/2017\/05\/poder-constituyente-y-los-nuevos-territorios-de-la-politica\/\"},\"author\":{\"name\":\"Javier Tolcachier\",\"@id\":\"https:\/\/www.pressenza.com\/es\/#\/schema\/person\/f353f6d4eed144101dedba60e6227564\"},\"headline\":\"Poder constituyente y los nuevos territorios de la pol\u00edtica\",\"datePublished\":\"2017-05-07T22:33:21+00:00\",\"mainEntityOfPage\":{\"@id\":\"https:\/\/www.pressenza.com\/es\/2017\/05\/poder-constituyente-y-los-nuevos-territorios-de-la-politica\/\"},\"wordCount\":1766,\"publisher\":{\"@id\":\"https:\/\/www.pressenza.com\/es\/#organization\"},\"image\":{\"@id\":\"https:\/\/www.pressenza.com\/es\/2017\/05\/poder-constituyente-y-los-nuevos-territorios-de-la-politica\/#primaryimage\"},\"thumbnailUrl\":\"https:\/\/www.pressenza.com\/wp-content\/uploads\/2017\/05\/Comuna-Dario-Azellini.jpg\",\"keywords\":[\"Asamblea Nacional Constituyente\",\"Democracia\",\"poder popular\",\"Venezuela\"],\"articleSection\":[\"Contenido Original\",\"Opiniones\",\"Pol\u00edtica\",\"Sudam\u00e9rica\"],\"inLanguage\":\"es\"},{\"@type\":\"WebPage\",\"@id\":\"https:\/\/www.pressenza.com\/es\/2017\/05\/poder-constituyente-y-los-nuevos-territorios-de-la-politica\/\",\"url\":\"https:\/\/www.pressenza.com\/es\/2017\/05\/poder-constituyente-y-los-nuevos-territorios-de-la-politica\/\",\"name\":\"Poder constituyente y los nuevos territorios de la pol\u00edtica\",\"isPartOf\":{\"@id\":\"https:\/\/www.pressenza.com\/es\/#website\"},\"primaryImageOfPage\":{\"@id\":\"https:\/\/www.pressenza.com\/es\/2017\/05\/poder-constituyente-y-los-nuevos-territorios-de-la-politica\/#primaryimage\"},\"image\":{\"@id\":\"https:\/\/www.pressenza.com\/es\/2017\/05\/poder-constituyente-y-los-nuevos-territorios-de-la-politica\/#primaryimage\"},\"thumbnailUrl\":\"https:\/\/www.pressenza.com\/wp-content\/uploads\/2017\/05\/Comuna-Dario-Azellini.jpg\",\"datePublished\":\"2017-05-07T22:33:21+00:00\",\"description\":\"&nbsp; En gran parte de las constituciones, el pueblo es un soberano irrespetado. Un acreedor permanente de derechos consagrados casi siempre pendientes.\",\"breadcrumb\":{\"@id\":\"https:\/\/www.pressenza.com\/es\/2017\/05\/poder-constituyente-y-los-nuevos-territorios-de-la-politica\/#breadcrumb\"},\"inLanguage\":\"es\",\"potentialAction\":[{\"@type\":\"ReadAction\",\"target\":[\"https:\/\/www.pressenza.com\/es\/2017\/05\/poder-constituyente-y-los-nuevos-territorios-de-la-politica\/\"]}]},{\"@type\":\"ImageObject\",\"inLanguage\":\"es\",\"@id\":\"https:\/\/www.pressenza.com\/es\/2017\/05\/poder-constituyente-y-los-nuevos-territorios-de-la-politica\/#primaryimage\",\"url\":\"https:\/\/www.pressenza.com\/wp-content\/uploads\/2017\/05\/Comuna-Dario-Azellini.jpg\",\"contentUrl\":\"https:\/\/www.pressenza.com\/wp-content\/uploads\/2017\/05\/Comuna-Dario-Azellini.jpg\",\"width\":1417,\"height\":797},{\"@type\":\"BreadcrumbList\",\"@id\":\"https:\/\/www.pressenza.com\/es\/2017\/05\/poder-constituyente-y-los-nuevos-territorios-de-la-politica\/#breadcrumb\",\"itemListElement\":[{\"@type\":\"ListItem\",\"position\":1,\"name\":\"Accueil\",\"item\":\"https:\/\/www.pressenza.com\/es\/\"},{\"@type\":\"ListItem\",\"position\":2,\"name\":\"Poder constituyente y los nuevos territorios de la pol\u00edtica\"}]},{\"@type\":\"WebSite\",\"@id\":\"https:\/\/www.pressenza.com\/es\/#website\",\"url\":\"https:\/\/www.pressenza.com\/es\/\",\"name\":\"Pressenza\",\"description\":\"International Press Agency\",\"publisher\":{\"@id\":\"https:\/\/www.pressenza.com\/es\/#organization\"},\"potentialAction\":[{\"@type\":\"SearchAction\",\"target\":{\"@type\":\"EntryPoint\",\"urlTemplate\":\"https:\/\/www.pressenza.com\/es\/?s={search_term_string}\"},\"query-input\":{\"@type\":\"PropertyValueSpecification\",\"valueRequired\":true,\"valueName\":\"search_term_string\"}}],\"inLanguage\":\"es\"},{\"@type\":\"Organization\",\"@id\":\"https:\/\/www.pressenza.com\/es\/#organization\",\"name\":\"Pressenza\",\"url\":\"https:\/\/www.pressenza.com\/es\/\",\"logo\":{\"@type\":\"ImageObject\",\"inLanguage\":\"es\",\"@id\":\"https:\/\/www.pressenza.com\/es\/#\/schema\/logo\/image\/\",\"url\":\"https:\/\/www.pressenza.com\/wp-content\/uploads\/2022\/10\/pressenza_logo_200x200.jpg\",\"contentUrl\":\"https:\/\/www.pressenza.com\/wp-content\/uploads\/2022\/10\/pressenza_logo_200x200.jpg\",\"width\":200,\"height\":200,\"caption\":\"Pressenza\"},\"image\":{\"@id\":\"https:\/\/www.pressenza.com\/es\/#\/schema\/logo\/image\/\"},\"sameAs\":[\"https:\/\/www.facebook.com\/PressenzaItalia\",\"https:\/\/x.com\/PressenzaIPA\"]},{\"@type\":\"Person\",\"@id\":\"https:\/\/www.pressenza.com\/es\/#\/schema\/person\/f353f6d4eed144101dedba60e6227564\",\"name\":\"Javier Tolcachier\",\"description\":\"Javier Tolcachier is a researcher from the World Centre of Humanist Studies, an organism of the Humanist Movement. Mail: javiertolcachier@disroot.org Twitter: @jtolcachier\",\"sameAs\":[\"https:\/\/www.facebook.com\/javier.tolcachier?fref=ts\",\"https:\/\/x.com\/jtolcachier\"],\"url\":\"https:\/\/www.pressenza.com\/es\/author\/javier-tolcachier\/\"}]}<\/script>\n<!-- \/ Yoast SEO plugin. -->","yoast_head_json":{"title":"Poder constituyente y los nuevos territorios de la pol\u00edtica","description":"&nbsp; En gran parte de las constituciones, el pueblo es un soberano irrespetado. Un acreedor permanente de derechos consagrados casi siempre pendientes.","robots":{"index":"index","follow":"follow","max-snippet":"max-snippet:-1","max-image-preview":"max-image-preview:large","max-video-preview":"max-video-preview:-1"},"canonical":"https:\/\/www.pressenza.com\/es\/2017\/05\/poder-constituyente-y-los-nuevos-territorios-de-la-politica\/","og_locale":"es_ES","og_type":"article","og_title":"Poder constituyente y los nuevos territorios de la pol\u00edtica","og_description":"&nbsp; En gran parte de las constituciones, el pueblo es un soberano irrespetado. Un acreedor permanente de derechos consagrados casi siempre pendientes.","og_url":"https:\/\/www.pressenza.com\/es\/2017\/05\/poder-constituyente-y-los-nuevos-territorios-de-la-politica\/","og_site_name":"Pressenza","article_publisher":"https:\/\/www.facebook.com\/PressenzaItalia","article_author":"https:\/\/www.facebook.com\/javier.tolcachier?fref=ts","article_published_time":"2017-05-07T22:33:21+00:00","og_image":[{"width":1417,"height":797,"url":"https:\/\/www.pressenza.com\/wp-content\/uploads\/2017\/05\/Comuna-Dario-Azellini.jpg","type":"image\/jpeg"}],"author":"Javier Tolcachier","twitter_card":"summary_large_image","twitter_creator":"@jtolcachier","twitter_site":"@PressenzaIPA","twitter_misc":{"Escrito por":"Javier Tolcachier","Tiempo de lectura":"9 minutos"},"schema":{"@context":"https:\/\/schema.org","@graph":[{"@type":"Article","@id":"https:\/\/www.pressenza.com\/es\/2017\/05\/poder-constituyente-y-los-nuevos-territorios-de-la-politica\/#article","isPartOf":{"@id":"https:\/\/www.pressenza.com\/es\/2017\/05\/poder-constituyente-y-los-nuevos-territorios-de-la-politica\/"},"author":{"name":"Javier Tolcachier","@id":"https:\/\/www.pressenza.com\/es\/#\/schema\/person\/f353f6d4eed144101dedba60e6227564"},"headline":"Poder constituyente y los nuevos territorios de la pol\u00edtica","datePublished":"2017-05-07T22:33:21+00:00","mainEntityOfPage":{"@id":"https:\/\/www.pressenza.com\/es\/2017\/05\/poder-constituyente-y-los-nuevos-territorios-de-la-politica\/"},"wordCount":1766,"publisher":{"@id":"https:\/\/www.pressenza.com\/es\/#organization"},"image":{"@id":"https:\/\/www.pressenza.com\/es\/2017\/05\/poder-constituyente-y-los-nuevos-territorios-de-la-politica\/#primaryimage"},"thumbnailUrl":"https:\/\/www.pressenza.com\/wp-content\/uploads\/2017\/05\/Comuna-Dario-Azellini.jpg","keywords":["Asamblea Nacional Constituyente","Democracia","poder popular","Venezuela"],"articleSection":["Contenido Original","Opiniones","Pol\u00edtica","Sudam\u00e9rica"],"inLanguage":"es"},{"@type":"WebPage","@id":"https:\/\/www.pressenza.com\/es\/2017\/05\/poder-constituyente-y-los-nuevos-territorios-de-la-politica\/","url":"https:\/\/www.pressenza.com\/es\/2017\/05\/poder-constituyente-y-los-nuevos-territorios-de-la-politica\/","name":"Poder constituyente y los nuevos territorios de la pol\u00edtica","isPartOf":{"@id":"https:\/\/www.pressenza.com\/es\/#website"},"primaryImageOfPage":{"@id":"https:\/\/www.pressenza.com\/es\/2017\/05\/poder-constituyente-y-los-nuevos-territorios-de-la-politica\/#primaryimage"},"image":{"@id":"https:\/\/www.pressenza.com\/es\/2017\/05\/poder-constituyente-y-los-nuevos-territorios-de-la-politica\/#primaryimage"},"thumbnailUrl":"https:\/\/www.pressenza.com\/wp-content\/uploads\/2017\/05\/Comuna-Dario-Azellini.jpg","datePublished":"2017-05-07T22:33:21+00:00","description":"&nbsp; En gran parte de las constituciones, el pueblo es un soberano irrespetado. Un acreedor permanente de derechos consagrados casi siempre pendientes.","breadcrumb":{"@id":"https:\/\/www.pressenza.com\/es\/2017\/05\/poder-constituyente-y-los-nuevos-territorios-de-la-politica\/#breadcrumb"},"inLanguage":"es","potentialAction":[{"@type":"ReadAction","target":["https:\/\/www.pressenza.com\/es\/2017\/05\/poder-constituyente-y-los-nuevos-territorios-de-la-politica\/"]}]},{"@type":"ImageObject","inLanguage":"es","@id":"https:\/\/www.pressenza.com\/es\/2017\/05\/poder-constituyente-y-los-nuevos-territorios-de-la-politica\/#primaryimage","url":"https:\/\/www.pressenza.com\/wp-content\/uploads\/2017\/05\/Comuna-Dario-Azellini.jpg","contentUrl":"https:\/\/www.pressenza.com\/wp-content\/uploads\/2017\/05\/Comuna-Dario-Azellini.jpg","width":1417,"height":797},{"@type":"BreadcrumbList","@id":"https:\/\/www.pressenza.com\/es\/2017\/05\/poder-constituyente-y-los-nuevos-territorios-de-la-politica\/#breadcrumb","itemListElement":[{"@type":"ListItem","position":1,"name":"Accueil","item":"https:\/\/www.pressenza.com\/es\/"},{"@type":"ListItem","position":2,"name":"Poder constituyente y los nuevos territorios de la pol\u00edtica"}]},{"@type":"WebSite","@id":"https:\/\/www.pressenza.com\/es\/#website","url":"https:\/\/www.pressenza.com\/es\/","name":"Pressenza","description":"International Press Agency","publisher":{"@id":"https:\/\/www.pressenza.com\/es\/#organization"},"potentialAction":[{"@type":"SearchAction","target":{"@type":"EntryPoint","urlTemplate":"https:\/\/www.pressenza.com\/es\/?s={search_term_string}"},"query-input":{"@type":"PropertyValueSpecification","valueRequired":true,"valueName":"search_term_string"}}],"inLanguage":"es"},{"@type":"Organization","@id":"https:\/\/www.pressenza.com\/es\/#organization","name":"Pressenza","url":"https:\/\/www.pressenza.com\/es\/","logo":{"@type":"ImageObject","inLanguage":"es","@id":"https:\/\/www.pressenza.com\/es\/#\/schema\/logo\/image\/","url":"https:\/\/www.pressenza.com\/wp-content\/uploads\/2022\/10\/pressenza_logo_200x200.jpg","contentUrl":"https:\/\/www.pressenza.com\/wp-content\/uploads\/2022\/10\/pressenza_logo_200x200.jpg","width":200,"height":200,"caption":"Pressenza"},"image":{"@id":"https:\/\/www.pressenza.com\/es\/#\/schema\/logo\/image\/"},"sameAs":["https:\/\/www.facebook.com\/PressenzaItalia","https:\/\/x.com\/PressenzaIPA"]},{"@type":"Person","@id":"https:\/\/www.pressenza.com\/es\/#\/schema\/person\/f353f6d4eed144101dedba60e6227564","name":"Javier Tolcachier","description":"Javier Tolcachier is a researcher from the World Centre of Humanist Studies, an organism of the Humanist Movement. Mail: javiertolcachier@disroot.org Twitter: @jtolcachier","sameAs":["https:\/\/www.facebook.com\/javier.tolcachier?fref=ts","https:\/\/x.com\/jtolcachier"],"url":"https:\/\/www.pressenza.com\/es\/author\/javier-tolcachier\/"}]}},"place":"","original_article_url":"","_links":{"self":[{"href":"https:\/\/www.pressenza.com\/es\/wp-json\/wp\/v2\/posts\/462059","targetHints":{"allow":["GET"]}}],"collection":[{"href":"https:\/\/www.pressenza.com\/es\/wp-json\/wp\/v2\/posts"}],"about":[{"href":"https:\/\/www.pressenza.com\/es\/wp-json\/wp\/v2\/types\/post"}],"author":[{"embeddable":true,"href":"https:\/\/www.pressenza.com\/es\/wp-json\/wp\/v2\/users\/970"}],"replies":[{"embeddable":true,"href":"https:\/\/www.pressenza.com\/es\/wp-json\/wp\/v2\/comments?post=462059"}],"version-history":[{"count":0,"href":"https:\/\/www.pressenza.com\/es\/wp-json\/wp\/v2\/posts\/462059\/revisions"}],"wp:featuredmedia":[{"embeddable":true,"href":"https:\/\/www.pressenza.com\/es\/wp-json\/wp\/v2\/media\/462065"}],"wp:attachment":[{"href":"https:\/\/www.pressenza.com\/es\/wp-json\/wp\/v2\/media?parent=462059"}],"wp:term":[{"taxonomy":"category","embeddable":true,"href":"https:\/\/www.pressenza.com\/es\/wp-json\/wp\/v2\/categories?post=462059"},{"taxonomy":"post_tag","embeddable":true,"href":"https:\/\/www.pressenza.com\/es\/wp-json\/wp\/v2\/tags?post=462059"}],"curies":[{"name":"wp","href":"https:\/\/api.w.org\/{rel}","templated":true}]}}