{"id":459913,"date":"2017-05-02T01:42:24","date_gmt":"2017-05-02T00:42:24","guid":{"rendered":"https:\/\/www.pressenza.com\/?p=459913\/"},"modified":"2017-05-02T01:44:14","modified_gmt":"2017-05-02T00:44:14","slug":"maduro-convoca-una-asamblea-nacional-constituyente","status":"publish","type":"post","link":"https:\/\/www.pressenza.com\/es\/2017\/05\/maduro-convoca-una-asamblea-nacional-constituyente\/","title":{"rendered":"Maduro convoca a una Asamblea Nacional Constituyente"},"content":{"rendered":"<p>Frente al rechazo al di\u00e1logo por parte de la oposici\u00f3n venezolana, el Presidente Maduro anunci\u00f3 hoy lunes que va a convocar a una Asamblea Nacional Constituyente. Lo hizo durante su discurso con motivo del D\u00eda del Trabajo.<\/p>\n<p>\u201c\u00a1Hoy 1\u00b0 de mayo, anuncio que en uso de mis atribuciones presidenciales como jefe de Estado constitucionales de acuerdo\u00a0al art\u00edculo\u00a0347, convoco al Poder Constituyente Originario para que la clase obrera y el\u00a0pueblo convoque a la Asamblea Nacional\u00a0Constituyente!\u201d, afirm\u00f3 en el acto de cierre de la marcha de sus partidarios. \u00abCon el pueblo, con la clase obrera, convoco el poder constituyente originario del pueblo\u00bb, exclam\u00f3, \u00abNo dejaron m\u00e1s alternativa\u00bb.<\/p>\n<p>Maduro se\u00f1al\u00f3 que firmar\u00e1 en Consejo de Ministros el decreto para convocar la Constituyente, entregando al Consejo Nacional Electoral (CNE)\u00a0las bases de la convocatoria.<\/p>\n<p>A\u00a0trav\u00e9s del voto directo se elegir\u00e1n unos 500 constituyentes, para que una vez que se seleccionen los mejores candidatos, estos redacten la nueva Constituci\u00f3n.<\/p>\n<p>Seg\u00fan Maduro, esta decisi\u00f3n responde al rechazo al di\u00e1logo manifestado por la oposici\u00f3n a fin de poner t\u00e9rmino a la situaci\u00f3n de conflicto que vive el pa\u00eds.<\/p>\n<p>Por su parte, el Papa Francisco consider\u00f3 que el conflicto en Venezuela se ha agudizado porque parte de la oposici\u00f3n no acepta el di\u00e1logo que ha facilitado el Vaticano con cuatro expresidentes iberoamericanos.<\/p>\n<p>El 30 de octubre pasado el gobierno y la oposici\u00f3n hab\u00edan dado inicio a un proceso de di\u00e1logo para resolver las tensiones, con la mediaci\u00f3n deUNASUR y del Vaticano, pero el 6 de enero la coalisi\u00f3n opositora MUD (Mesa de Unidad Democr\u00e1tica) congel\u00f3 las conversaciones, exigiendo elecciones generales, mientras el gobierno la acusa de conspirar para dar un golpe de Estado.<\/p>\n<p>\u00abConvoco una Constituyente ciudadana, no una Constituyente de partidos ni \u00e9lites, una Constituyente ciudadana, obrera, comunal, campesina, una Constituyente feminista, de la juventud, de los estudiantes, una Constituyente ind\u00edgena, pero sobre todo, hermanos, una Constituyente profundamente obrera, decisivamente obrera, profundamente comunal. Convoco a los comuneros, a los misiones\u00bb, dijo hoy Maduro.<\/p>\n<p>El mandatario venezolano cit\u00f3 el art\u00edculo 349 de la Carta Magna que indica que \u00ablos poderes constituidos no podr\u00e1n en forma alguna impedir las decisiones\u00bb de dicha Asamblea.<\/p>\n","protected":false},"excerpt":{"rendered":"<p>Frente al rechazo al di\u00e1logo por parte de la oposici\u00f3n venezolana, el Presidente Maduro anunci\u00f3 hoy lunes que va a convocar a una Asamblea Nacional Constituyente. Lo hizo durante su discurso con motivo del D\u00eda del Trabajo. \u201c\u00a1Hoy 1\u00b0 de&hellip;<\/p>\n","protected":false},"author":1053,"featured_media":459949,"comment_status":"closed","ping_status":"closed","sticky":false,"template":"","format":"standard","meta":{"footnotes":""},"categories":[11389,74,67],"tags":[26686,1555,4310],"class_list":["post-459913","post","type-post","status-publish","format-standard","has-post-thumbnail","hentry","category-contenido-original","category-politica-es","category-sudamerica","tag-1-de-mayo","tag-asamblea-constituyente","tag-nicolas-maduro-es"],"yoast_head":"<!-- This site is optimized with the Yoast SEO plugin v27.1.1 - https:\/\/yoast.com\/product\/yoast-seo-wordpress\/ -->\n<title>Maduro convoca a una Asamblea Nacional Constituyente<\/title>\n<meta name=\"description\" content=\"Frente al rechazo al di\u00e1logo por parte de la oposici\u00f3n venezolana, el Presidente Maduro anunci\u00f3 hoy lunes que va a convocar a una Asamblea Nacional\" \/>\n<meta name=\"robots\" content=\"index, follow, max-snippet:-1, max-image-preview:large, max-video-preview:-1\" \/>\n<link rel=\"canonical\" href=\"https:\/\/www.pressenza.com\/es\/2017\/05\/maduro-convoca-una-asamblea-nacional-constituyente\/\" \/>\n<meta property=\"og:locale\" content=\"es_ES\" \/>\n<meta property=\"og:type\" content=\"article\" \/>\n<meta property=\"og:title\" content=\"Maduro convoca a una Asamblea Nacional Constituyente\" \/>\n<meta property=\"og:description\" content=\"Frente al rechazo al di\u00e1logo por parte de la oposici\u00f3n venezolana, el Presidente Maduro anunci\u00f3 hoy lunes que va a convocar a una Asamblea Nacional\" \/>\n<meta property=\"og:url\" content=\"https:\/\/www.pressenza.com\/es\/2017\/05\/maduro-convoca-una-asamblea-nacional-constituyente\/\" \/>\n<meta property=\"og:site_name\" content=\"Pressenza\" \/>\n<meta property=\"article:publisher\" content=\"https:\/\/www.facebook.com\/PressenzaItalia\" \/>\n<meta property=\"article:published_time\" content=\"2017-05-02T00:42:24+00:00\" \/>\n<meta property=\"article:modified_time\" content=\"2017-05-02T00:44:14+00:00\" \/>\n<meta property=\"og:image\" content=\"https:\/\/www.pressenza.com\/wp-content\/uploads\/2017\/05\/1493669973361.jpg\" \/>\n\t<meta property=\"og:image:width\" content=\"928\" \/>\n\t<meta property=\"og:image:height\" content=\"626\" \/>\n\t<meta property=\"og:image:type\" content=\"image\/jpeg\" \/>\n<meta name=\"author\" content=\"Redacci\u00f3n Colombia\" \/>\n<meta name=\"twitter:card\" content=\"summary_large_image\" \/>\n<meta name=\"twitter:creator\" content=\"@PressenzaIPA\" \/>\n<meta name=\"twitter:site\" content=\"@PressenzaIPA\" \/>\n<meta name=\"twitter:label1\" content=\"Escrito por\" \/>\n\t<meta name=\"twitter:data1\" content=\"Redacci\u00f3n Colombia\" \/>\n\t<meta name=\"twitter:label2\" content=\"Tiempo de lectura\" \/>\n\t<meta name=\"twitter:data2\" content=\"2 minutos\" \/>\n<script type=\"application\/ld+json\" class=\"yoast-schema-graph\">{\"@context\":\"https:\/\/schema.org\",\"@graph\":[{\"@type\":\"Article\",\"@id\":\"https:\/\/www.pressenza.com\/es\/2017\/05\/maduro-convoca-una-asamblea-nacional-constituyente\/#article\",\"isPartOf\":{\"@id\":\"https:\/\/www.pressenza.com\/es\/2017\/05\/maduro-convoca-una-asamblea-nacional-constituyente\/\"},\"author\":{\"name\":\"Redacci\u00f3n Colombia\",\"@id\":\"https:\/\/www.pressenza.com\/es\/#\/schema\/person\/7c8ee170a4502d638436c91e385315f2\"},\"headline\":\"Maduro convoca a una Asamblea Nacional Constituyente\",\"datePublished\":\"2017-05-02T00:42:24+00:00\",\"dateModified\":\"2017-05-02T00:44:14+00:00\",\"mainEntityOfPage\":{\"@id\":\"https:\/\/www.pressenza.com\/es\/2017\/05\/maduro-convoca-una-asamblea-nacional-constituyente\/\"},\"wordCount\":387,\"publisher\":{\"@id\":\"https:\/\/www.pressenza.com\/es\/#organization\"},\"image\":{\"@id\":\"https:\/\/www.pressenza.com\/es\/2017\/05\/maduro-convoca-una-asamblea-nacional-constituyente\/#primaryimage\"},\"thumbnailUrl\":\"https:\/\/www.pressenza.com\/wp-content\/uploads\/2017\/05\/1493669973361.jpg\",\"keywords\":[\"1 de mayo\",\"Asamblea constituyente\",\"Nicol\u00e1s Maduro\"],\"articleSection\":[\"Contenido Original\",\"Pol\u00edtica\",\"Sudam\u00e9rica\"],\"inLanguage\":\"es\"},{\"@type\":\"WebPage\",\"@id\":\"https:\/\/www.pressenza.com\/es\/2017\/05\/maduro-convoca-una-asamblea-nacional-constituyente\/\",\"url\":\"https:\/\/www.pressenza.com\/es\/2017\/05\/maduro-convoca-una-asamblea-nacional-constituyente\/\",\"name\":\"Maduro convoca a una Asamblea Nacional Constituyente\",\"isPartOf\":{\"@id\":\"https:\/\/www.pressenza.com\/es\/#website\"},\"primaryImageOfPage\":{\"@id\":\"https:\/\/www.pressenza.com\/es\/2017\/05\/maduro-convoca-una-asamblea-nacional-constituyente\/#primaryimage\"},\"image\":{\"@id\":\"https:\/\/www.pressenza.com\/es\/2017\/05\/maduro-convoca-una-asamblea-nacional-constituyente\/#primaryimage\"},\"thumbnailUrl\":\"https:\/\/www.pressenza.com\/wp-content\/uploads\/2017\/05\/1493669973361.jpg\",\"datePublished\":\"2017-05-02T00:42:24+00:00\",\"dateModified\":\"2017-05-02T00:44:14+00:00\",\"description\":\"Frente al rechazo al di\u00e1logo por parte de la oposici\u00f3n venezolana, el Presidente Maduro anunci\u00f3 hoy lunes que va a convocar a una Asamblea Nacional\",\"breadcrumb\":{\"@id\":\"https:\/\/www.pressenza.com\/es\/2017\/05\/maduro-convoca-una-asamblea-nacional-constituyente\/#breadcrumb\"},\"inLanguage\":\"es\",\"potentialAction\":[{\"@type\":\"ReadAction\",\"target\":[\"https:\/\/www.pressenza.com\/es\/2017\/05\/maduro-convoca-una-asamblea-nacional-constituyente\/\"]}]},{\"@type\":\"ImageObject\",\"inLanguage\":\"es\",\"@id\":\"https:\/\/www.pressenza.com\/es\/2017\/05\/maduro-convoca-una-asamblea-nacional-constituyente\/#primaryimage\",\"url\":\"https:\/\/www.pressenza.com\/wp-content\/uploads\/2017\/05\/1493669973361.jpg\",\"contentUrl\":\"https:\/\/www.pressenza.com\/wp-content\/uploads\/2017\/05\/1493669973361.jpg\",\"width\":928,\"height\":626},{\"@type\":\"BreadcrumbList\",\"@id\":\"https:\/\/www.pressenza.com\/es\/2017\/05\/maduro-convoca-una-asamblea-nacional-constituyente\/#breadcrumb\",\"itemListElement\":[{\"@type\":\"ListItem\",\"position\":1,\"name\":\"Accueil\",\"item\":\"https:\/\/www.pressenza.com\/es\/\"},{\"@type\":\"ListItem\",\"position\":2,\"name\":\"Maduro convoca a una Asamblea Nacional Constituyente\"}]},{\"@type\":\"WebSite\",\"@id\":\"https:\/\/www.pressenza.com\/es\/#website\",\"url\":\"https:\/\/www.pressenza.com\/es\/\",\"name\":\"Pressenza\",\"description\":\"International Press Agency\",\"publisher\":{\"@id\":\"https:\/\/www.pressenza.com\/es\/#organization\"},\"potentialAction\":[{\"@type\":\"SearchAction\",\"target\":{\"@type\":\"EntryPoint\",\"urlTemplate\":\"https:\/\/www.pressenza.com\/es\/?s={search_term_string}\"},\"query-input\":{\"@type\":\"PropertyValueSpecification\",\"valueRequired\":true,\"valueName\":\"search_term_string\"}}],\"inLanguage\":\"es\"},{\"@type\":\"Organization\",\"@id\":\"https:\/\/www.pressenza.com\/es\/#organization\",\"name\":\"Pressenza\",\"url\":\"https:\/\/www.pressenza.com\/es\/\",\"logo\":{\"@type\":\"ImageObject\",\"inLanguage\":\"es\",\"@id\":\"https:\/\/www.pressenza.com\/es\/#\/schema\/logo\/image\/\",\"url\":\"https:\/\/www.pressenza.com\/wp-content\/uploads\/2022\/10\/pressenza_logo_200x200.jpg\",\"contentUrl\":\"https:\/\/www.pressenza.com\/wp-content\/uploads\/2022\/10\/pressenza_logo_200x200.jpg\",\"width\":200,\"height\":200,\"caption\":\"Pressenza\"},\"image\":{\"@id\":\"https:\/\/www.pressenza.com\/es\/#\/schema\/logo\/image\/\"},\"sameAs\":[\"https:\/\/www.facebook.com\/PressenzaItalia\",\"https:\/\/x.com\/PressenzaIPA\"]},{\"@type\":\"Person\",\"@id\":\"https:\/\/www.pressenza.com\/es\/#\/schema\/person\/7c8ee170a4502d638436c91e385315f2\",\"name\":\"Redacci\u00f3n Colombia\",\"description\":\"News published by the Pressenza bureau in Colombia\",\"url\":\"https:\/\/www.pressenza.com\/es\/author\/redaccion-colombia\/\"}]}<\/script>\n<!-- \/ Yoast SEO plugin. -->","yoast_head_json":{"title":"Maduro convoca a una Asamblea Nacional Constituyente","description":"Frente al rechazo al di\u00e1logo por parte de la oposici\u00f3n venezolana, el Presidente Maduro anunci\u00f3 hoy lunes que va a convocar a una Asamblea Nacional","robots":{"index":"index","follow":"follow","max-snippet":"max-snippet:-1","max-image-preview":"max-image-preview:large","max-video-preview":"max-video-preview:-1"},"canonical":"https:\/\/www.pressenza.com\/es\/2017\/05\/maduro-convoca-una-asamblea-nacional-constituyente\/","og_locale":"es_ES","og_type":"article","og_title":"Maduro convoca a una Asamblea Nacional Constituyente","og_description":"Frente al rechazo al di\u00e1logo por parte de la oposici\u00f3n venezolana, el Presidente Maduro anunci\u00f3 hoy lunes que va a convocar a una Asamblea Nacional","og_url":"https:\/\/www.pressenza.com\/es\/2017\/05\/maduro-convoca-una-asamblea-nacional-constituyente\/","og_site_name":"Pressenza","article_publisher":"https:\/\/www.facebook.com\/PressenzaItalia","article_published_time":"2017-05-02T00:42:24+00:00","article_modified_time":"2017-05-02T00:44:14+00:00","og_image":[{"width":928,"height":626,"url":"https:\/\/www.pressenza.com\/wp-content\/uploads\/2017\/05\/1493669973361.jpg","type":"image\/jpeg"}],"author":"Redacci\u00f3n Colombia","twitter_card":"summary_large_image","twitter_creator":"@PressenzaIPA","twitter_site":"@PressenzaIPA","twitter_misc":{"Escrito por":"Redacci\u00f3n Colombia","Tiempo de lectura":"2 minutos"},"schema":{"@context":"https:\/\/schema.org","@graph":[{"@type":"Article","@id":"https:\/\/www.pressenza.com\/es\/2017\/05\/maduro-convoca-una-asamblea-nacional-constituyente\/#article","isPartOf":{"@id":"https:\/\/www.pressenza.com\/es\/2017\/05\/maduro-convoca-una-asamblea-nacional-constituyente\/"},"author":{"name":"Redacci\u00f3n Colombia","@id":"https:\/\/www.pressenza.com\/es\/#\/schema\/person\/7c8ee170a4502d638436c91e385315f2"},"headline":"Maduro convoca a una Asamblea Nacional Constituyente","datePublished":"2017-05-02T00:42:24+00:00","dateModified":"2017-05-02T00:44:14+00:00","mainEntityOfPage":{"@id":"https:\/\/www.pressenza.com\/es\/2017\/05\/maduro-convoca-una-asamblea-nacional-constituyente\/"},"wordCount":387,"publisher":{"@id":"https:\/\/www.pressenza.com\/es\/#organization"},"image":{"@id":"https:\/\/www.pressenza.com\/es\/2017\/05\/maduro-convoca-una-asamblea-nacional-constituyente\/#primaryimage"},"thumbnailUrl":"https:\/\/www.pressenza.com\/wp-content\/uploads\/2017\/05\/1493669973361.jpg","keywords":["1 de mayo","Asamblea constituyente","Nicol\u00e1s Maduro"],"articleSection":["Contenido Original","Pol\u00edtica","Sudam\u00e9rica"],"inLanguage":"es"},{"@type":"WebPage","@id":"https:\/\/www.pressenza.com\/es\/2017\/05\/maduro-convoca-una-asamblea-nacional-constituyente\/","url":"https:\/\/www.pressenza.com\/es\/2017\/05\/maduro-convoca-una-asamblea-nacional-constituyente\/","name":"Maduro convoca a una Asamblea Nacional Constituyente","isPartOf":{"@id":"https:\/\/www.pressenza.com\/es\/#website"},"primaryImageOfPage":{"@id":"https:\/\/www.pressenza.com\/es\/2017\/05\/maduro-convoca-una-asamblea-nacional-constituyente\/#primaryimage"},"image":{"@id":"https:\/\/www.pressenza.com\/es\/2017\/05\/maduro-convoca-una-asamblea-nacional-constituyente\/#primaryimage"},"thumbnailUrl":"https:\/\/www.pressenza.com\/wp-content\/uploads\/2017\/05\/1493669973361.jpg","datePublished":"2017-05-02T00:42:24+00:00","dateModified":"2017-05-02T00:44:14+00:00","description":"Frente al rechazo al di\u00e1logo por parte de la oposici\u00f3n venezolana, el Presidente Maduro anunci\u00f3 hoy lunes que va a convocar a una Asamblea Nacional","breadcrumb":{"@id":"https:\/\/www.pressenza.com\/es\/2017\/05\/maduro-convoca-una-asamblea-nacional-constituyente\/#breadcrumb"},"inLanguage":"es","potentialAction":[{"@type":"ReadAction","target":["https:\/\/www.pressenza.com\/es\/2017\/05\/maduro-convoca-una-asamblea-nacional-constituyente\/"]}]},{"@type":"ImageObject","inLanguage":"es","@id":"https:\/\/www.pressenza.com\/es\/2017\/05\/maduro-convoca-una-asamblea-nacional-constituyente\/#primaryimage","url":"https:\/\/www.pressenza.com\/wp-content\/uploads\/2017\/05\/1493669973361.jpg","contentUrl":"https:\/\/www.pressenza.com\/wp-content\/uploads\/2017\/05\/1493669973361.jpg","width":928,"height":626},{"@type":"BreadcrumbList","@id":"https:\/\/www.pressenza.com\/es\/2017\/05\/maduro-convoca-una-asamblea-nacional-constituyente\/#breadcrumb","itemListElement":[{"@type":"ListItem","position":1,"name":"Accueil","item":"https:\/\/www.pressenza.com\/es\/"},{"@type":"ListItem","position":2,"name":"Maduro convoca a una Asamblea Nacional Constituyente"}]},{"@type":"WebSite","@id":"https:\/\/www.pressenza.com\/es\/#website","url":"https:\/\/www.pressenza.com\/es\/","name":"Pressenza","description":"International Press Agency","publisher":{"@id":"https:\/\/www.pressenza.com\/es\/#organization"},"potentialAction":[{"@type":"SearchAction","target":{"@type":"EntryPoint","urlTemplate":"https:\/\/www.pressenza.com\/es\/?s={search_term_string}"},"query-input":{"@type":"PropertyValueSpecification","valueRequired":true,"valueName":"search_term_string"}}],"inLanguage":"es"},{"@type":"Organization","@id":"https:\/\/www.pressenza.com\/es\/#organization","name":"Pressenza","url":"https:\/\/www.pressenza.com\/es\/","logo":{"@type":"ImageObject","inLanguage":"es","@id":"https:\/\/www.pressenza.com\/es\/#\/schema\/logo\/image\/","url":"https:\/\/www.pressenza.com\/wp-content\/uploads\/2022\/10\/pressenza_logo_200x200.jpg","contentUrl":"https:\/\/www.pressenza.com\/wp-content\/uploads\/2022\/10\/pressenza_logo_200x200.jpg","width":200,"height":200,"caption":"Pressenza"},"image":{"@id":"https:\/\/www.pressenza.com\/es\/#\/schema\/logo\/image\/"},"sameAs":["https:\/\/www.facebook.com\/PressenzaItalia","https:\/\/x.com\/PressenzaIPA"]},{"@type":"Person","@id":"https:\/\/www.pressenza.com\/es\/#\/schema\/person\/7c8ee170a4502d638436c91e385315f2","name":"Redacci\u00f3n Colombia","description":"News published by the Pressenza bureau in Colombia","url":"https:\/\/www.pressenza.com\/es\/author\/redaccion-colombia\/"}]}},"place":"","original_article_url":"","_links":{"self":[{"href":"https:\/\/www.pressenza.com\/es\/wp-json\/wp\/v2\/posts\/459913","targetHints":{"allow":["GET"]}}],"collection":[{"href":"https:\/\/www.pressenza.com\/es\/wp-json\/wp\/v2\/posts"}],"about":[{"href":"https:\/\/www.pressenza.com\/es\/wp-json\/wp\/v2\/types\/post"}],"author":[{"embeddable":true,"href":"https:\/\/www.pressenza.com\/es\/wp-json\/wp\/v2\/users\/1053"}],"replies":[{"embeddable":true,"href":"https:\/\/www.pressenza.com\/es\/wp-json\/wp\/v2\/comments?post=459913"}],"version-history":[{"count":0,"href":"https:\/\/www.pressenza.com\/es\/wp-json\/wp\/v2\/posts\/459913\/revisions"}],"wp:featuredmedia":[{"embeddable":true,"href":"https:\/\/www.pressenza.com\/es\/wp-json\/wp\/v2\/media\/459949"}],"wp:attachment":[{"href":"https:\/\/www.pressenza.com\/es\/wp-json\/wp\/v2\/media?parent=459913"}],"wp:term":[{"taxonomy":"category","embeddable":true,"href":"https:\/\/www.pressenza.com\/es\/wp-json\/wp\/v2\/categories?post=459913"},{"taxonomy":"post_tag","embeddable":true,"href":"https:\/\/www.pressenza.com\/es\/wp-json\/wp\/v2\/tags?post=459913"}],"curies":[{"name":"wp","href":"https:\/\/api.w.org\/{rel}","templated":true}]}}