{"id":458434,"date":"2017-04-27T18:30:55","date_gmt":"2017-04-27T17:30:55","guid":{"rendered":"https:\/\/www.pressenza.com\/?p=458434\/"},"modified":"2017-04-27T18:30:55","modified_gmt":"2017-04-27T17:30:55","slug":"same-2017-enfoca-la-participacion-ciudadana-la-rendicion-cuentas-los-estados-cumplimiento-la-agenda-educacion-2030","status":"publish","type":"post","link":"https:\/\/www.pressenza.com\/es\/2017\/04\/same-2017-enfoca-la-participacion-ciudadana-la-rendicion-cuentas-los-estados-cumplimiento-la-agenda-educacion-2030\/","title":{"rendered":"SAME 2017 enfoca la participaci\u00f3n ciudadana y la rendici\u00f3n de cuentas de los Estados en el cumplimiento de la Agenda de Educaci\u00f3n 2030"},"content":{"rendered":"<p><em>La Semana de Acci\u00f3n Mundial por la Educaci\u00f3n 2017 se celebra del 23 al 29 de abril haciendo\u00a0\u00e9nfasis en el rol de la participaci\u00f3n ciudadana para la realizaci\u00f3n del Objetivo de Educaci\u00f3n de la Agenda de Desarrollo Sostenible.<br \/>\n<\/em><\/p>\n<p>La <a href=\"http:\/\/same2017.campanaderechoeducacion.org\/index.php\/same2017\" target=\"_blank\" rel=\"noopener noreferrer\">Semana de Acci\u00f3n Mundial por la Educaci\u00f3n (SAME)<\/a>, iniciativa de\u00a0movilizaci\u00f3n internacional coordinada por la <a href=\"http:\/\/www.campaignforeducation.org\/en\/\" target=\"_blank\" rel=\"noopener noreferrer\">Campa\u00f1a Mundial por la Educaci\u00f3n (CME)<\/a>, este a\u00f1o se celebra\u00a0del 23 al 29 de abril y abraza la consigna \u00ab\u00a1Pedimos la palabra por la educaci\u00f3n! &#8211; Es hora de garantizar este derecho\u00bb.\u00a0Con miras a exigir a los gobiernos que rindan cuentas sobre la implementaci\u00f3n de la Agenda de Educaci\u00f3n 2030 en sus pa\u00edses y\u00a0teniendo como premisa la participaci\u00f3n activa de la ciudadan\u00eda en el seguimiento e implementaci\u00f3n de estos compromisos, se realizar\u00e1n actividades de incidencia pol\u00edtica y movilizaci\u00f3n social en m\u00e1s de 100 pa\u00edses de todo el mundo.<\/p>\n<p>Con un \u00e9nfasis particular en recordar\u00a0a los Estados y a la ciudadan\u00eda que la gobernabilidad democr\u00e1tica es la piedra angular de los <a href=\"http:\/\/www.un.org\/sustainabledevelopment\/es\/objetivos-de-desarrollo-sostenible\/\" target=\"_blank\" rel=\"noopener noreferrer\">Objetivos de Desarrollo Sostenible (ODS)<\/a>, la SAME 2017 se propone se\u00f1alar la necesidad de hojas de ruta realistas y cre\u00edbles para garantizar una educaci\u00f3n p\u00fablica, gratuita, de calidad e inclusiva para todas las personas, hasta el 2030. Queremos que los gobiernos y la comunidad internacional reafirmen y asuman su responsabilidad con la realizaci\u00f3n de la Agenda de Educaci\u00f3n 2030, garantizando mecanismos claros y transparentes de rendici\u00f3n de cuentas y tomando en consideraci\u00f3n la participaci\u00f3n activa de la sociedad civil.<\/p>\n<p>En este contexto, la CLADE apoya y le da seguimiento a la participaci\u00f3n de los foros nacionales que integran la red, en los espacios de acompa\u00f1amiento a la implementaci\u00f3n de los ODS que se hayan creado en sus pa\u00edses, as\u00ed como en el proceso de elaboraci\u00f3n de los informes voluntarios que algunos Estados de la regi\u00f3n presentar\u00e1n en julio de 2017 al <a href=\"https:\/\/sustainabledevelopment.un.org\/hlpf\" target=\"_blank\" rel=\"noopener noreferrer\">Foro Pol\u00edtico de Alto Nivel de la ONU (High Level Political Forum)<\/a>, que es la principal arquitectura de seguimiento a la Agenda de Desarrollo 2030 a nivel internacional. Este a\u00f1o\u00a0presentar\u00e1n sus revisiones nacionales voluntarias sobre los ODS los siguientes pa\u00edses de la regi\u00f3n: Argentina,\u00a0Brasil,\u00a0Chile,\u00a0Costa Rica,\u00a0El Salvador,\u00a0Guatemala,\u00a0Honduras,\u00a0Panam\u00e1,\u00a0Per\u00fa y Uruguay.<\/p>\n<p>Durante la SAME 2017, tambi\u00e9n se abordar\u00e1n los desaf\u00edos para la realizaci\u00f3n del Objetivo de Desarrollo Sostenible 4 &#8211; referido a Educaci\u00f3n &#8211;\u00a0a nivel mundial, entre ellos la disputa sobre el concepto de calidad educativa; el debilitamiento del rol de los Estados como garantes del derecho a la educaci\u00f3n p\u00fablica y gratuita; y la reducci\u00f3n de espacios para la participaci\u00f3n ciudadana en muchos pa\u00edses, inclusive con casos de criminalizaci\u00f3n y represi\u00f3n de la protesta social.<\/p>\n<p>Ante este escenario, demandamos que los gobiernos:<\/p>\n<ul>\n<li>garanticen espacios estructurados para una participaci\u00f3n activa y efectiva de la sociedad civil en el seguimiento de la Agenda de Educaci\u00f3n 2030, en referencia\u00a0a la legislaci\u00f3n, planificaci\u00f3n, presupuesto y monitoreo;<\/li>\n<li>prioricen y aseguren en dichos espacios la participaci\u00f3n de sindicatos de trabajadoras\/es de la educaci\u00f3n y organizaciones y movimientos sociales, especialmente las organizaciones estudiantiles, de mujeres, personas con discapacidad, ind\u00edgenas y afro descendientes, entre otras poblaciones hist\u00f3ricamente marginadas;<\/li>\n<li>eliminen y rechacen las pol\u00edticas y legislaciones que tengan como objeto reprimir y criminalizar a la protesta social y la labor de defensoras\/es de los derechos humanos e integrantes de la comunidad educativa;<\/li>\n<li>garanticen los presupuestos y medios de implementaci\u00f3n necesarios para el cumplimiento de la Agenda de Educaci\u00f3n 2030 en los pa\u00edses, en base al compromiso con el fortalecimiento de los sistemas educativos p\u00fablicos, como una responsabilidad de los Estados.<\/li>\n<\/ul>\n<p>Seguiremos compartiendo m\u00e1s informaciones sobre los mensajes clave, los objetivos y la agenda de la SAME 2017, destacando especialmente las actividades que se desarrollen por iniciativa de la comunidad educativa y la sociedad civil organizada en distintos pa\u00edses de Am\u00e9rica Latina y el Caribe, a trav\u00e9s de nuestra p\u00e1gina web: <a href=\"http:\/\/same2017.campanaderechoeducacion.org\/\" target=\"_blank\" rel=\"noopener noreferrer\">http:\/\/same2017.campanaderechoeducacion.org<\/a><\/p>\n<p>Acceda tambi\u00e9n a la p\u00e1gina de la SAME 2017 a nivel internacional: <a href=\"http:\/\/actionweek.campaignforeducation.org\/es\/\" target=\"_blank\" rel=\"noopener noreferrer\">http:\/\/actionweek.campaignforeducation.org\/<\/a><\/p>\n","protected":false},"excerpt":{"rendered":"<p>La Semana de Acci\u00f3n Mundial por la Educaci\u00f3n 2017 se celebra del 23 al 29 de abril haciendo\u00a0\u00e9nfasis en el rol de la participaci\u00f3n ciudadana para la realizaci\u00f3n del Objetivo de Educaci\u00f3n de la Agenda de Desarrollo Sostenible. La Semana&hellip;<\/p>\n","protected":false},"author":834,"featured_media":458436,"comment_status":"closed","ping_status":"closed","sticky":false,"template":"","format":"standard","meta":{"footnotes":""},"categories":[149,11389,75,79,1230,39],"tags":[934,1467,36920],"class_list":["post-458434","post","type-post","status-publish","format-standard","has-post-thumbnail","hentry","category-comunicados-de-prensa","category-contenido-original","category-cultura-es","category-derechos-humanos","category-educacion-tema","category-internacional","tag-campana","tag-participacion-ciudadana","tag-same-educacion"],"yoast_head":"<!-- This site is optimized with the Yoast SEO plugin v27.1.1 - https:\/\/yoast.com\/product\/yoast-seo-wordpress\/ -->\n<title>SAME 2017 enfoca la participaci\u00f3n ciudadana y la rendici\u00f3n de cuentas de los Estados en el cumplimiento de la Agenda de Educaci\u00f3n 2030<\/title>\n<meta name=\"description\" content=\"La Semana de Acci\u00f3n Mundial por la Educaci\u00f3n 2017 se celebra del 23 al 29 de abril haciendo\u00a0\u00e9nfasis en el rol de la participaci\u00f3n ciudadana para la\" \/>\n<meta name=\"robots\" content=\"index, follow, max-snippet:-1, max-image-preview:large, max-video-preview:-1\" \/>\n<link rel=\"canonical\" href=\"https:\/\/www.pressenza.com\/es\/2017\/04\/same-2017-enfoca-la-participacion-ciudadana-la-rendicion-cuentas-los-estados-cumplimiento-la-agenda-educacion-2030\/\" \/>\n<meta property=\"og:locale\" content=\"es_ES\" \/>\n<meta property=\"og:type\" content=\"article\" \/>\n<meta property=\"og:title\" content=\"SAME 2017 enfoca la participaci\u00f3n ciudadana y la rendici\u00f3n de cuentas de los Estados en el cumplimiento de la Agenda de Educaci\u00f3n 2030\" \/>\n<meta property=\"og:description\" content=\"La Semana de Acci\u00f3n Mundial por la Educaci\u00f3n 2017 se celebra del 23 al 29 de abril haciendo\u00a0\u00e9nfasis en el rol de la participaci\u00f3n ciudadana para la\" \/>\n<meta property=\"og:url\" content=\"https:\/\/www.pressenza.com\/es\/2017\/04\/same-2017-enfoca-la-participacion-ciudadana-la-rendicion-cuentas-los-estados-cumplimiento-la-agenda-educacion-2030\/\" \/>\n<meta property=\"og:site_name\" content=\"Pressenza\" \/>\n<meta property=\"article:publisher\" content=\"https:\/\/www.facebook.com\/PressenzaItalia\" \/>\n<meta property=\"article:published_time\" content=\"2017-04-27T17:30:55+00:00\" \/>\n<meta property=\"og:image\" content=\"https:\/\/www.pressenza.com\/wp-content\/uploads\/2017\/04\/midia-ninja-same.png\" \/>\n\t<meta property=\"og:image:width\" content=\"1054\" \/>\n\t<meta property=\"og:image:height\" content=\"461\" \/>\n\t<meta property=\"og:image:type\" content=\"image\/png\" \/>\n<meta name=\"author\" content=\"CLADE -\" \/>\n<meta name=\"twitter:card\" content=\"summary_large_image\" \/>\n<meta name=\"twitter:creator\" content=\"@PressenzaIPA\" \/>\n<meta name=\"twitter:site\" content=\"@PressenzaIPA\" \/>\n<meta name=\"twitter:label1\" content=\"Escrito por\" \/>\n\t<meta name=\"twitter:data1\" content=\"CLADE -\" \/>\n\t<meta name=\"twitter:label2\" content=\"Tiempo de lectura\" \/>\n\t<meta name=\"twitter:data2\" content=\"4 minutos\" \/>\n<script type=\"application\/ld+json\" class=\"yoast-schema-graph\">{\"@context\":\"https:\/\/schema.org\",\"@graph\":[{\"@type\":\"Article\",\"@id\":\"https:\/\/www.pressenza.com\/es\/2017\/04\/same-2017-enfoca-la-participacion-ciudadana-la-rendicion-cuentas-los-estados-cumplimiento-la-agenda-educacion-2030\/#article\",\"isPartOf\":{\"@id\":\"https:\/\/www.pressenza.com\/es\/2017\/04\/same-2017-enfoca-la-participacion-ciudadana-la-rendicion-cuentas-los-estados-cumplimiento-la-agenda-educacion-2030\/\"},\"author\":{\"name\":\"CLADE -\",\"@id\":\"https:\/\/www.pressenza.com\/es\/#\/schema\/person\/7107400ce8108a47939f2cbb6810e32f\"},\"headline\":\"SAME 2017 enfoca la participaci\u00f3n ciudadana y la rendici\u00f3n de cuentas de los Estados en el cumplimiento de la Agenda de Educaci\u00f3n 2030\",\"datePublished\":\"2017-04-27T17:30:55+00:00\",\"mainEntityOfPage\":{\"@id\":\"https:\/\/www.pressenza.com\/es\/2017\/04\/same-2017-enfoca-la-participacion-ciudadana-la-rendicion-cuentas-los-estados-cumplimiento-la-agenda-educacion-2030\/\"},\"wordCount\":746,\"publisher\":{\"@id\":\"https:\/\/www.pressenza.com\/es\/#organization\"},\"image\":{\"@id\":\"https:\/\/www.pressenza.com\/es\/2017\/04\/same-2017-enfoca-la-participacion-ciudadana-la-rendicion-cuentas-los-estados-cumplimiento-la-agenda-educacion-2030\/#primaryimage\"},\"thumbnailUrl\":\"https:\/\/www.pressenza.com\/wp-content\/uploads\/2017\/04\/midia-ninja-same.png\",\"keywords\":[\"campa\u00f1a\",\"Participaci\u00f3n ciudadana\",\"SAME. Educaci\u00f3n\"],\"articleSection\":[\"Comunicados de Prensa\",\"Contenido Original\",\"Cultura y Medios\",\"Derechos Humanos\",\"Educaci\u00f3n\",\"Internacional\"],\"inLanguage\":\"es\"},{\"@type\":\"WebPage\",\"@id\":\"https:\/\/www.pressenza.com\/es\/2017\/04\/same-2017-enfoca-la-participacion-ciudadana-la-rendicion-cuentas-los-estados-cumplimiento-la-agenda-educacion-2030\/\",\"url\":\"https:\/\/www.pressenza.com\/es\/2017\/04\/same-2017-enfoca-la-participacion-ciudadana-la-rendicion-cuentas-los-estados-cumplimiento-la-agenda-educacion-2030\/\",\"name\":\"SAME 2017 enfoca la participaci\u00f3n ciudadana y la rendici\u00f3n de cuentas de los Estados en el cumplimiento de la Agenda de Educaci\u00f3n 2030\",\"isPartOf\":{\"@id\":\"https:\/\/www.pressenza.com\/es\/#website\"},\"primaryImageOfPage\":{\"@id\":\"https:\/\/www.pressenza.com\/es\/2017\/04\/same-2017-enfoca-la-participacion-ciudadana-la-rendicion-cuentas-los-estados-cumplimiento-la-agenda-educacion-2030\/#primaryimage\"},\"image\":{\"@id\":\"https:\/\/www.pressenza.com\/es\/2017\/04\/same-2017-enfoca-la-participacion-ciudadana-la-rendicion-cuentas-los-estados-cumplimiento-la-agenda-educacion-2030\/#primaryimage\"},\"thumbnailUrl\":\"https:\/\/www.pressenza.com\/wp-content\/uploads\/2017\/04\/midia-ninja-same.png\",\"datePublished\":\"2017-04-27T17:30:55+00:00\",\"description\":\"La Semana de Acci\u00f3n Mundial por la Educaci\u00f3n 2017 se celebra del 23 al 29 de abril haciendo\u00a0\u00e9nfasis en el rol de la participaci\u00f3n ciudadana para la\",\"breadcrumb\":{\"@id\":\"https:\/\/www.pressenza.com\/es\/2017\/04\/same-2017-enfoca-la-participacion-ciudadana-la-rendicion-cuentas-los-estados-cumplimiento-la-agenda-educacion-2030\/#breadcrumb\"},\"inLanguage\":\"es\",\"potentialAction\":[{\"@type\":\"ReadAction\",\"target\":[\"https:\/\/www.pressenza.com\/es\/2017\/04\/same-2017-enfoca-la-participacion-ciudadana-la-rendicion-cuentas-los-estados-cumplimiento-la-agenda-educacion-2030\/\"]}]},{\"@type\":\"ImageObject\",\"inLanguage\":\"es\",\"@id\":\"https:\/\/www.pressenza.com\/es\/2017\/04\/same-2017-enfoca-la-participacion-ciudadana-la-rendicion-cuentas-los-estados-cumplimiento-la-agenda-educacion-2030\/#primaryimage\",\"url\":\"https:\/\/www.pressenza.com\/wp-content\/uploads\/2017\/04\/midia-ninja-same.png\",\"contentUrl\":\"https:\/\/www.pressenza.com\/wp-content\/uploads\/2017\/04\/midia-ninja-same.png\",\"width\":1054,\"height\":461},{\"@type\":\"BreadcrumbList\",\"@id\":\"https:\/\/www.pressenza.com\/es\/2017\/04\/same-2017-enfoca-la-participacion-ciudadana-la-rendicion-cuentas-los-estados-cumplimiento-la-agenda-educacion-2030\/#breadcrumb\",\"itemListElement\":[{\"@type\":\"ListItem\",\"position\":1,\"name\":\"Accueil\",\"item\":\"https:\/\/www.pressenza.com\/es\/\"},{\"@type\":\"ListItem\",\"position\":2,\"name\":\"SAME 2017 enfoca la participaci\u00f3n ciudadana y la rendici\u00f3n de cuentas de los Estados en el cumplimiento de la Agenda de Educaci\u00f3n 2030\"}]},{\"@type\":\"WebSite\",\"@id\":\"https:\/\/www.pressenza.com\/es\/#website\",\"url\":\"https:\/\/www.pressenza.com\/es\/\",\"name\":\"Pressenza\",\"description\":\"International Press Agency\",\"publisher\":{\"@id\":\"https:\/\/www.pressenza.com\/es\/#organization\"},\"potentialAction\":[{\"@type\":\"SearchAction\",\"target\":{\"@type\":\"EntryPoint\",\"urlTemplate\":\"https:\/\/www.pressenza.com\/es\/?s={search_term_string}\"},\"query-input\":{\"@type\":\"PropertyValueSpecification\",\"valueRequired\":true,\"valueName\":\"search_term_string\"}}],\"inLanguage\":\"es\"},{\"@type\":\"Organization\",\"@id\":\"https:\/\/www.pressenza.com\/es\/#organization\",\"name\":\"Pressenza\",\"url\":\"https:\/\/www.pressenza.com\/es\/\",\"logo\":{\"@type\":\"ImageObject\",\"inLanguage\":\"es\",\"@id\":\"https:\/\/www.pressenza.com\/es\/#\/schema\/logo\/image\/\",\"url\":\"https:\/\/www.pressenza.com\/wp-content\/uploads\/2022\/10\/pressenza_logo_200x200.jpg\",\"contentUrl\":\"https:\/\/www.pressenza.com\/wp-content\/uploads\/2022\/10\/pressenza_logo_200x200.jpg\",\"width\":200,\"height\":200,\"caption\":\"Pressenza\"},\"image\":{\"@id\":\"https:\/\/www.pressenza.com\/es\/#\/schema\/logo\/image\/\"},\"sameAs\":[\"https:\/\/www.facebook.com\/PressenzaItalia\",\"https:\/\/x.com\/PressenzaIPA\"]},{\"@type\":\"Person\",\"@id\":\"https:\/\/www.pressenza.com\/es\/#\/schema\/person\/7107400ce8108a47939f2cbb6810e32f\",\"name\":\"CLADE -\",\"description\":\"Latin-American Campaign for the Right to Education www.campanaderechoeducacion.org\",\"url\":\"https:\/\/www.pressenza.com\/es\/author\/clade\/\"}]}<\/script>\n<!-- \/ Yoast SEO plugin. -->","yoast_head_json":{"title":"SAME 2017 enfoca la participaci\u00f3n ciudadana y la rendici\u00f3n de cuentas de los Estados en el cumplimiento de la Agenda de Educaci\u00f3n 2030","description":"La Semana de Acci\u00f3n Mundial por la Educaci\u00f3n 2017 se celebra del 23 al 29 de abril haciendo\u00a0\u00e9nfasis en el rol de la participaci\u00f3n ciudadana para la","robots":{"index":"index","follow":"follow","max-snippet":"max-snippet:-1","max-image-preview":"max-image-preview:large","max-video-preview":"max-video-preview:-1"},"canonical":"https:\/\/www.pressenza.com\/es\/2017\/04\/same-2017-enfoca-la-participacion-ciudadana-la-rendicion-cuentas-los-estados-cumplimiento-la-agenda-educacion-2030\/","og_locale":"es_ES","og_type":"article","og_title":"SAME 2017 enfoca la participaci\u00f3n ciudadana y la rendici\u00f3n de cuentas de los Estados en el cumplimiento de la Agenda de Educaci\u00f3n 2030","og_description":"La Semana de Acci\u00f3n Mundial por la Educaci\u00f3n 2017 se celebra del 23 al 29 de abril haciendo\u00a0\u00e9nfasis en el rol de la participaci\u00f3n ciudadana para la","og_url":"https:\/\/www.pressenza.com\/es\/2017\/04\/same-2017-enfoca-la-participacion-ciudadana-la-rendicion-cuentas-los-estados-cumplimiento-la-agenda-educacion-2030\/","og_site_name":"Pressenza","article_publisher":"https:\/\/www.facebook.com\/PressenzaItalia","article_published_time":"2017-04-27T17:30:55+00:00","og_image":[{"width":1054,"height":461,"url":"https:\/\/www.pressenza.com\/wp-content\/uploads\/2017\/04\/midia-ninja-same.png","type":"image\/png"}],"author":"CLADE -","twitter_card":"summary_large_image","twitter_creator":"@PressenzaIPA","twitter_site":"@PressenzaIPA","twitter_misc":{"Escrito por":"CLADE -","Tiempo de lectura":"4 minutos"},"schema":{"@context":"https:\/\/schema.org","@graph":[{"@type":"Article","@id":"https:\/\/www.pressenza.com\/es\/2017\/04\/same-2017-enfoca-la-participacion-ciudadana-la-rendicion-cuentas-los-estados-cumplimiento-la-agenda-educacion-2030\/#article","isPartOf":{"@id":"https:\/\/www.pressenza.com\/es\/2017\/04\/same-2017-enfoca-la-participacion-ciudadana-la-rendicion-cuentas-los-estados-cumplimiento-la-agenda-educacion-2030\/"},"author":{"name":"CLADE -","@id":"https:\/\/www.pressenza.com\/es\/#\/schema\/person\/7107400ce8108a47939f2cbb6810e32f"},"headline":"SAME 2017 enfoca la participaci\u00f3n ciudadana y la rendici\u00f3n de cuentas de los Estados en el cumplimiento de la Agenda de Educaci\u00f3n 2030","datePublished":"2017-04-27T17:30:55+00:00","mainEntityOfPage":{"@id":"https:\/\/www.pressenza.com\/es\/2017\/04\/same-2017-enfoca-la-participacion-ciudadana-la-rendicion-cuentas-los-estados-cumplimiento-la-agenda-educacion-2030\/"},"wordCount":746,"publisher":{"@id":"https:\/\/www.pressenza.com\/es\/#organization"},"image":{"@id":"https:\/\/www.pressenza.com\/es\/2017\/04\/same-2017-enfoca-la-participacion-ciudadana-la-rendicion-cuentas-los-estados-cumplimiento-la-agenda-educacion-2030\/#primaryimage"},"thumbnailUrl":"https:\/\/www.pressenza.com\/wp-content\/uploads\/2017\/04\/midia-ninja-same.png","keywords":["campa\u00f1a","Participaci\u00f3n ciudadana","SAME. Educaci\u00f3n"],"articleSection":["Comunicados de Prensa","Contenido Original","Cultura y Medios","Derechos Humanos","Educaci\u00f3n","Internacional"],"inLanguage":"es"},{"@type":"WebPage","@id":"https:\/\/www.pressenza.com\/es\/2017\/04\/same-2017-enfoca-la-participacion-ciudadana-la-rendicion-cuentas-los-estados-cumplimiento-la-agenda-educacion-2030\/","url":"https:\/\/www.pressenza.com\/es\/2017\/04\/same-2017-enfoca-la-participacion-ciudadana-la-rendicion-cuentas-los-estados-cumplimiento-la-agenda-educacion-2030\/","name":"SAME 2017 enfoca la participaci\u00f3n ciudadana y la rendici\u00f3n de cuentas de los Estados en el cumplimiento de la Agenda de Educaci\u00f3n 2030","isPartOf":{"@id":"https:\/\/www.pressenza.com\/es\/#website"},"primaryImageOfPage":{"@id":"https:\/\/www.pressenza.com\/es\/2017\/04\/same-2017-enfoca-la-participacion-ciudadana-la-rendicion-cuentas-los-estados-cumplimiento-la-agenda-educacion-2030\/#primaryimage"},"image":{"@id":"https:\/\/www.pressenza.com\/es\/2017\/04\/same-2017-enfoca-la-participacion-ciudadana-la-rendicion-cuentas-los-estados-cumplimiento-la-agenda-educacion-2030\/#primaryimage"},"thumbnailUrl":"https:\/\/www.pressenza.com\/wp-content\/uploads\/2017\/04\/midia-ninja-same.png","datePublished":"2017-04-27T17:30:55+00:00","description":"La Semana de Acci\u00f3n Mundial por la Educaci\u00f3n 2017 se celebra del 23 al 29 de abril haciendo\u00a0\u00e9nfasis en el rol de la participaci\u00f3n ciudadana para la","breadcrumb":{"@id":"https:\/\/www.pressenza.com\/es\/2017\/04\/same-2017-enfoca-la-participacion-ciudadana-la-rendicion-cuentas-los-estados-cumplimiento-la-agenda-educacion-2030\/#breadcrumb"},"inLanguage":"es","potentialAction":[{"@type":"ReadAction","target":["https:\/\/www.pressenza.com\/es\/2017\/04\/same-2017-enfoca-la-participacion-ciudadana-la-rendicion-cuentas-los-estados-cumplimiento-la-agenda-educacion-2030\/"]}]},{"@type":"ImageObject","inLanguage":"es","@id":"https:\/\/www.pressenza.com\/es\/2017\/04\/same-2017-enfoca-la-participacion-ciudadana-la-rendicion-cuentas-los-estados-cumplimiento-la-agenda-educacion-2030\/#primaryimage","url":"https:\/\/www.pressenza.com\/wp-content\/uploads\/2017\/04\/midia-ninja-same.png","contentUrl":"https:\/\/www.pressenza.com\/wp-content\/uploads\/2017\/04\/midia-ninja-same.png","width":1054,"height":461},{"@type":"BreadcrumbList","@id":"https:\/\/www.pressenza.com\/es\/2017\/04\/same-2017-enfoca-la-participacion-ciudadana-la-rendicion-cuentas-los-estados-cumplimiento-la-agenda-educacion-2030\/#breadcrumb","itemListElement":[{"@type":"ListItem","position":1,"name":"Accueil","item":"https:\/\/www.pressenza.com\/es\/"},{"@type":"ListItem","position":2,"name":"SAME 2017 enfoca la participaci\u00f3n ciudadana y la rendici\u00f3n de cuentas de los Estados en el cumplimiento de la Agenda de Educaci\u00f3n 2030"}]},{"@type":"WebSite","@id":"https:\/\/www.pressenza.com\/es\/#website","url":"https:\/\/www.pressenza.com\/es\/","name":"Pressenza","description":"International Press Agency","publisher":{"@id":"https:\/\/www.pressenza.com\/es\/#organization"},"potentialAction":[{"@type":"SearchAction","target":{"@type":"EntryPoint","urlTemplate":"https:\/\/www.pressenza.com\/es\/?s={search_term_string}"},"query-input":{"@type":"PropertyValueSpecification","valueRequired":true,"valueName":"search_term_string"}}],"inLanguage":"es"},{"@type":"Organization","@id":"https:\/\/www.pressenza.com\/es\/#organization","name":"Pressenza","url":"https:\/\/www.pressenza.com\/es\/","logo":{"@type":"ImageObject","inLanguage":"es","@id":"https:\/\/www.pressenza.com\/es\/#\/schema\/logo\/image\/","url":"https:\/\/www.pressenza.com\/wp-content\/uploads\/2022\/10\/pressenza_logo_200x200.jpg","contentUrl":"https:\/\/www.pressenza.com\/wp-content\/uploads\/2022\/10\/pressenza_logo_200x200.jpg","width":200,"height":200,"caption":"Pressenza"},"image":{"@id":"https:\/\/www.pressenza.com\/es\/#\/schema\/logo\/image\/"},"sameAs":["https:\/\/www.facebook.com\/PressenzaItalia","https:\/\/x.com\/PressenzaIPA"]},{"@type":"Person","@id":"https:\/\/www.pressenza.com\/es\/#\/schema\/person\/7107400ce8108a47939f2cbb6810e32f","name":"CLADE -","description":"Latin-American Campaign for the Right to Education www.campanaderechoeducacion.org","url":"https:\/\/www.pressenza.com\/es\/author\/clade\/"}]}},"place":"San Pablo, Brasil","original_article_url":"http:\/\/us4.campaign-archive2.com\/?u=024b243a8a1d77e91de568427&id=e2bc81b43d#","_links":{"self":[{"href":"https:\/\/www.pressenza.com\/es\/wp-json\/wp\/v2\/posts\/458434","targetHints":{"allow":["GET"]}}],"collection":[{"href":"https:\/\/www.pressenza.com\/es\/wp-json\/wp\/v2\/posts"}],"about":[{"href":"https:\/\/www.pressenza.com\/es\/wp-json\/wp\/v2\/types\/post"}],"author":[{"embeddable":true,"href":"https:\/\/www.pressenza.com\/es\/wp-json\/wp\/v2\/users\/834"}],"replies":[{"embeddable":true,"href":"https:\/\/www.pressenza.com\/es\/wp-json\/wp\/v2\/comments?post=458434"}],"version-history":[{"count":0,"href":"https:\/\/www.pressenza.com\/es\/wp-json\/wp\/v2\/posts\/458434\/revisions"}],"wp:featuredmedia":[{"embeddable":true,"href":"https:\/\/www.pressenza.com\/es\/wp-json\/wp\/v2\/media\/458436"}],"wp:attachment":[{"href":"https:\/\/www.pressenza.com\/es\/wp-json\/wp\/v2\/media?parent=458434"}],"wp:term":[{"taxonomy":"category","embeddable":true,"href":"https:\/\/www.pressenza.com\/es\/wp-json\/wp\/v2\/categories?post=458434"},{"taxonomy":"post_tag","embeddable":true,"href":"https:\/\/www.pressenza.com\/es\/wp-json\/wp\/v2\/tags?post=458434"}],"curies":[{"name":"wp","href":"https:\/\/api.w.org\/{rel}","templated":true}]}}