{"id":458274,"date":"2017-04-27T14:12:57","date_gmt":"2017-04-27T13:12:57","guid":{"rendered":"https:\/\/www.pressenza.com\/?p=458274\/"},"modified":"2017-04-27T14:12:57","modified_gmt":"2017-04-27T13:12:57","slug":"academicos-franceses-refutan-distorsion-mediatica-latinoamerica","status":"publish","type":"post","link":"https:\/\/www.pressenza.com\/es\/2017\/04\/academicos-franceses-refutan-distorsion-mediatica-latinoamerica\/","title":{"rendered":"Acad\u00e9micos franceses refutan distorsi\u00f3n medi\u00e1tica sobre Latinoam\u00e9rica"},"content":{"rendered":"<p>Cerca de un centenar de acad\u00e9micos de Francia rechazaron la forma en que numerosos medios de comunicaci\u00f3n galos abordan hoy la realidad de Am\u00e9rica Latina, con un tratamiento marcado por la desinformaci\u00f3n, simplificaci\u00f3n y caricaturizaci\u00f3n, seg\u00fan denunciaron.<\/p>\n<p>En un art\u00edculo divulgado por la publicaci\u00f3n francesa Politis, los firmantes se\u00f1alaron que &#8216;en nuestra calidad de investigadores y especialistas en Am\u00e9rica Latina, la presencia de esta regi\u00f3n en la campa\u00f1a electoral francesa hubiera debido ser motivo de regocijo. Sin embargo, observamos con inquietud el tratamiento medi\u00e1tico del que es objeto&#8217;.<\/p>\n<p>Al respecto, alertaron sobre &#8216;el grado de desinformaci\u00f3n que evidencian las recientes pol\u00e9micas, que van de la simplificaci\u00f3n a interpretaciones totalmente fantasiosas&#8217;.<\/p>\n<p>De esta forma, aludieron en especial a la forma en que algunos medios franceses intentaron desacreditar al candidato presidencial izquierdista Jean-Luc Melenchon, a trav\u00e9s de comparaciones y homologaciones con algunos l\u00edderes progresistas latinoamericanos.<\/p>\n<p>Frente a tales estrategias, &#8216;constatamos una falta de inter\u00e9s generalizada en una comprensi\u00f3n real de las transformaciones sociales y pol\u00edticas&#8217;, indicaron, para anotar que &#8216;numerosos medios de comunicaci\u00f3n parecen no retener del balance de las izquierdas latinoamericanas, sino los elementos que pueden contribuir a presentarlas como un espantap\u00e1jaros&#8217;.<\/p>\n<p>Los acad\u00e9micos, procedentes de diversas universidades y centros de investigaci\u00f3n, reconocieron que algunos periodistas conocen a fondo los asuntos latinoamericanos contempor\u00e1neos y acuden a expertos capaces de proponer an\u00e1lisis muy agudos.<\/p>\n<p>No obstante, continuaron, &#8216;frecuentemente los comentaristas m\u00e1s influyentes transmiten una visi\u00f3n fragmentada y estereotipada de la situaci\u00f3n&#8217;.<\/p>\n<p>Los firmantes estimaron necesario desarrollar nuevos abordajes medi\u00e1ticos que superen las &#8216;interpretaciones simplistas&#8217; e intenten &#8216;comprender los procesos hist\u00f3ricos que generan situaciones particulares&#8217;.<\/p>\n<p>En este sentido, los acad\u00e9micos llamaron a comprender en su contexto las &#8216;nuevas izquierdas&#8217; latinoamericanas, as\u00ed como su labor para paliar las extremas desigualdades que marcaron la regi\u00f3n durante d\u00e9cadas pasadas.<\/p>\n<p>&#8216;A trav\u00e9s de diferentes estrategias y sin lograr liberarse de la renta producto de la exportaci\u00f3n de materias primas, las pol\u00edticas p\u00fablicas de estos pa\u00edses han concentrado sus esfuerzos en reducir la fractura social&#8217;, explicaron.<\/p>\n<p>Sin embargo, ese tipo de an\u00e1lisis queda excluido en los medios que, &#8216;alimentados tanto por un cinismo pol\u00edtico y electoral como por un eurocentrismo latente, reducen la historia de Am\u00e9rica Latina y su complejidad social y pol\u00edtica a una caricatura&#8217;.<\/p>\n","protected":false},"excerpt":{"rendered":"<p>Cerca de un centenar de acad\u00e9micos de Francia rechazaron la forma en que numerosos medios de comunicaci\u00f3n galos abordan hoy la realidad de Am\u00e9rica Latina, con un tratamiento marcado por la desinformaci\u00f3n, simplificaci\u00f3n y caricaturizaci\u00f3n, seg\u00fan denunciaron. En un art\u00edculo&hellip;<\/p>\n","protected":false},"author":90,"featured_media":458287,"comment_status":"closed","ping_status":"closed","sticky":false,"template":"","format":"standard","meta":{"footnotes":""},"categories":[75,66],"tags":[23190,1432,1375,867,1613],"class_list":["post-458274","post","type-post","status-publish","format-standard","has-post-thumbnail","hentry","category-cultura-es","category-europa-es","tag-estigmatizacion","tag-francia","tag-izquierda","tag-manipulacion","tag-politica-es"],"yoast_head":"<!-- This site is optimized with the Yoast SEO plugin v27.1.1 - https:\/\/yoast.com\/product\/yoast-seo-wordpress\/ -->\n<title>Acad\u00e9micos franceses refutan distorsi\u00f3n medi\u00e1tica sobre Latinoam\u00e9rica<\/title>\n<meta name=\"description\" content=\"Cerca de un centenar de acad\u00e9micos de Francia rechazaron la forma en que numerosos medios de comunicaci\u00f3n galos abordan hoy la realidad de Am\u00e9rica Latina,\" \/>\n<meta name=\"robots\" content=\"index, follow, max-snippet:-1, max-image-preview:large, max-video-preview:-1\" \/>\n<link rel=\"canonical\" href=\"https:\/\/www.pressenza.com\/es\/2017\/04\/academicos-franceses-refutan-distorsion-mediatica-latinoamerica\/\" \/>\n<meta property=\"og:locale\" content=\"es_ES\" \/>\n<meta property=\"og:type\" content=\"article\" \/>\n<meta property=\"og:title\" content=\"Acad\u00e9micos franceses refutan distorsi\u00f3n medi\u00e1tica sobre Latinoam\u00e9rica\" \/>\n<meta property=\"og:description\" content=\"Cerca de un centenar de acad\u00e9micos de Francia rechazaron la forma en que numerosos medios de comunicaci\u00f3n galos abordan hoy la realidad de Am\u00e9rica Latina,\" \/>\n<meta property=\"og:url\" content=\"https:\/\/www.pressenza.com\/es\/2017\/04\/academicos-franceses-refutan-distorsion-mediatica-latinoamerica\/\" \/>\n<meta property=\"og:site_name\" content=\"Pressenza\" \/>\n<meta property=\"article:publisher\" content=\"https:\/\/www.facebook.com\/PressenzaItalia\" \/>\n<meta property=\"article:author\" content=\"https:\/\/www.facebook.com\/AgenciaPrensaLatina\" \/>\n<meta property=\"article:published_time\" content=\"2017-04-27T13:12:57+00:00\" \/>\n<meta property=\"og:image\" content=\"https:\/\/www.pressenza.com\/wp-content\/uploads\/2017\/04\/politis.jpg\" \/>\n\t<meta property=\"og:image:width\" content=\"350\" \/>\n\t<meta property=\"og:image:height\" content=\"458\" \/>\n\t<meta property=\"og:image:type\" content=\"image\/jpeg\" \/>\n<meta name=\"author\" content=\"Prensa Latina\" \/>\n<meta name=\"twitter:card\" content=\"summary_large_image\" \/>\n<meta name=\"twitter:creator\" content=\"@prensalatina_cu\" \/>\n<meta name=\"twitter:site\" content=\"@PressenzaIPA\" \/>\n<meta name=\"twitter:label1\" content=\"Escrito por\" \/>\n\t<meta name=\"twitter:data1\" content=\"Prensa Latina\" \/>\n\t<meta name=\"twitter:label2\" content=\"Tiempo de lectura\" \/>\n\t<meta name=\"twitter:data2\" content=\"2 minutos\" \/>\n<script type=\"application\/ld+json\" class=\"yoast-schema-graph\">{\"@context\":\"https:\/\/schema.org\",\"@graph\":[{\"@type\":\"Article\",\"@id\":\"https:\/\/www.pressenza.com\/es\/2017\/04\/academicos-franceses-refutan-distorsion-mediatica-latinoamerica\/#article\",\"isPartOf\":{\"@id\":\"https:\/\/www.pressenza.com\/es\/2017\/04\/academicos-franceses-refutan-distorsion-mediatica-latinoamerica\/\"},\"author\":{\"name\":\"Prensa Latina\",\"@id\":\"https:\/\/www.pressenza.com\/es\/#\/schema\/person\/e35c78ffa242d98f4f49ccb18c8631de\"},\"headline\":\"Acad\u00e9micos franceses refutan distorsi\u00f3n medi\u00e1tica sobre Latinoam\u00e9rica\",\"datePublished\":\"2017-04-27T13:12:57+00:00\",\"mainEntityOfPage\":{\"@id\":\"https:\/\/www.pressenza.com\/es\/2017\/04\/academicos-franceses-refutan-distorsion-mediatica-latinoamerica\/\"},\"wordCount\":424,\"publisher\":{\"@id\":\"https:\/\/www.pressenza.com\/es\/#organization\"},\"image\":{\"@id\":\"https:\/\/www.pressenza.com\/es\/2017\/04\/academicos-franceses-refutan-distorsion-mediatica-latinoamerica\/#primaryimage\"},\"thumbnailUrl\":\"https:\/\/www.pressenza.com\/wp-content\/uploads\/2017\/04\/politis.jpg\",\"keywords\":[\"estigmatizaci\u00f3n\",\"Francia\",\"izquierda\",\"manipulaci\u00f3n\",\"pol\u00edtica\"],\"articleSection\":[\"Cultura y Medios\",\"Europa\"],\"inLanguage\":\"es\"},{\"@type\":\"WebPage\",\"@id\":\"https:\/\/www.pressenza.com\/es\/2017\/04\/academicos-franceses-refutan-distorsion-mediatica-latinoamerica\/\",\"url\":\"https:\/\/www.pressenza.com\/es\/2017\/04\/academicos-franceses-refutan-distorsion-mediatica-latinoamerica\/\",\"name\":\"Acad\u00e9micos franceses refutan distorsi\u00f3n medi\u00e1tica sobre Latinoam\u00e9rica\",\"isPartOf\":{\"@id\":\"https:\/\/www.pressenza.com\/es\/#website\"},\"primaryImageOfPage\":{\"@id\":\"https:\/\/www.pressenza.com\/es\/2017\/04\/academicos-franceses-refutan-distorsion-mediatica-latinoamerica\/#primaryimage\"},\"image\":{\"@id\":\"https:\/\/www.pressenza.com\/es\/2017\/04\/academicos-franceses-refutan-distorsion-mediatica-latinoamerica\/#primaryimage\"},\"thumbnailUrl\":\"https:\/\/www.pressenza.com\/wp-content\/uploads\/2017\/04\/politis.jpg\",\"datePublished\":\"2017-04-27T13:12:57+00:00\",\"description\":\"Cerca de un centenar de acad\u00e9micos de Francia rechazaron la forma en que numerosos medios de comunicaci\u00f3n galos abordan hoy la realidad de Am\u00e9rica Latina,\",\"breadcrumb\":{\"@id\":\"https:\/\/www.pressenza.com\/es\/2017\/04\/academicos-franceses-refutan-distorsion-mediatica-latinoamerica\/#breadcrumb\"},\"inLanguage\":\"es\",\"potentialAction\":[{\"@type\":\"ReadAction\",\"target\":[\"https:\/\/www.pressenza.com\/es\/2017\/04\/academicos-franceses-refutan-distorsion-mediatica-latinoamerica\/\"]}]},{\"@type\":\"ImageObject\",\"inLanguage\":\"es\",\"@id\":\"https:\/\/www.pressenza.com\/es\/2017\/04\/academicos-franceses-refutan-distorsion-mediatica-latinoamerica\/#primaryimage\",\"url\":\"https:\/\/www.pressenza.com\/wp-content\/uploads\/2017\/04\/politis.jpg\",\"contentUrl\":\"https:\/\/www.pressenza.com\/wp-content\/uploads\/2017\/04\/politis.jpg\",\"width\":350,\"height\":458},{\"@type\":\"BreadcrumbList\",\"@id\":\"https:\/\/www.pressenza.com\/es\/2017\/04\/academicos-franceses-refutan-distorsion-mediatica-latinoamerica\/#breadcrumb\",\"itemListElement\":[{\"@type\":\"ListItem\",\"position\":1,\"name\":\"Accueil\",\"item\":\"https:\/\/www.pressenza.com\/es\/\"},{\"@type\":\"ListItem\",\"position\":2,\"name\":\"Acad\u00e9micos franceses refutan distorsi\u00f3n medi\u00e1tica sobre Latinoam\u00e9rica\"}]},{\"@type\":\"WebSite\",\"@id\":\"https:\/\/www.pressenza.com\/es\/#website\",\"url\":\"https:\/\/www.pressenza.com\/es\/\",\"name\":\"Pressenza\",\"description\":\"International Press Agency\",\"publisher\":{\"@id\":\"https:\/\/www.pressenza.com\/es\/#organization\"},\"potentialAction\":[{\"@type\":\"SearchAction\",\"target\":{\"@type\":\"EntryPoint\",\"urlTemplate\":\"https:\/\/www.pressenza.com\/es\/?s={search_term_string}\"},\"query-input\":{\"@type\":\"PropertyValueSpecification\",\"valueRequired\":true,\"valueName\":\"search_term_string\"}}],\"inLanguage\":\"es\"},{\"@type\":\"Organization\",\"@id\":\"https:\/\/www.pressenza.com\/es\/#organization\",\"name\":\"Pressenza\",\"url\":\"https:\/\/www.pressenza.com\/es\/\",\"logo\":{\"@type\":\"ImageObject\",\"inLanguage\":\"es\",\"@id\":\"https:\/\/www.pressenza.com\/es\/#\/schema\/logo\/image\/\",\"url\":\"https:\/\/www.pressenza.com\/wp-content\/uploads\/2022\/10\/pressenza_logo_200x200.jpg\",\"contentUrl\":\"https:\/\/www.pressenza.com\/wp-content\/uploads\/2022\/10\/pressenza_logo_200x200.jpg\",\"width\":200,\"height\":200,\"caption\":\"Pressenza\"},\"image\":{\"@id\":\"https:\/\/www.pressenza.com\/es\/#\/schema\/logo\/image\/\"},\"sameAs\":[\"https:\/\/www.facebook.com\/PressenzaItalia\",\"https:\/\/x.com\/PressenzaIPA\"]},{\"@type\":\"Person\",\"@id\":\"https:\/\/www.pressenza.com\/es\/#\/schema\/person\/e35c78ffa242d98f4f49ccb18c8631de\",\"name\":\"Prensa Latina\",\"description\":\"www.prensa-latina.cu\",\"sameAs\":[\"https:\/\/www.facebook.com\/AgenciaPrensaLatina\",\"https:\/\/x.com\/prensalatina_cu\"],\"url\":\"https:\/\/www.pressenza.com\/es\/author\/prensa-latina\/\"}]}<\/script>\n<!-- \/ Yoast SEO plugin. -->","yoast_head_json":{"title":"Acad\u00e9micos franceses refutan distorsi\u00f3n medi\u00e1tica sobre Latinoam\u00e9rica","description":"Cerca de un centenar de acad\u00e9micos de Francia rechazaron la forma en que numerosos medios de comunicaci\u00f3n galos abordan hoy la realidad de Am\u00e9rica Latina,","robots":{"index":"index","follow":"follow","max-snippet":"max-snippet:-1","max-image-preview":"max-image-preview:large","max-video-preview":"max-video-preview:-1"},"canonical":"https:\/\/www.pressenza.com\/es\/2017\/04\/academicos-franceses-refutan-distorsion-mediatica-latinoamerica\/","og_locale":"es_ES","og_type":"article","og_title":"Acad\u00e9micos franceses refutan distorsi\u00f3n medi\u00e1tica sobre Latinoam\u00e9rica","og_description":"Cerca de un centenar de acad\u00e9micos de Francia rechazaron la forma en que numerosos medios de comunicaci\u00f3n galos abordan hoy la realidad de Am\u00e9rica Latina,","og_url":"https:\/\/www.pressenza.com\/es\/2017\/04\/academicos-franceses-refutan-distorsion-mediatica-latinoamerica\/","og_site_name":"Pressenza","article_publisher":"https:\/\/www.facebook.com\/PressenzaItalia","article_author":"https:\/\/www.facebook.com\/AgenciaPrensaLatina","article_published_time":"2017-04-27T13:12:57+00:00","og_image":[{"width":350,"height":458,"url":"https:\/\/www.pressenza.com\/wp-content\/uploads\/2017\/04\/politis.jpg","type":"image\/jpeg"}],"author":"Prensa Latina","twitter_card":"summary_large_image","twitter_creator":"@prensalatina_cu","twitter_site":"@PressenzaIPA","twitter_misc":{"Escrito por":"Prensa Latina","Tiempo de lectura":"2 minutos"},"schema":{"@context":"https:\/\/schema.org","@graph":[{"@type":"Article","@id":"https:\/\/www.pressenza.com\/es\/2017\/04\/academicos-franceses-refutan-distorsion-mediatica-latinoamerica\/#article","isPartOf":{"@id":"https:\/\/www.pressenza.com\/es\/2017\/04\/academicos-franceses-refutan-distorsion-mediatica-latinoamerica\/"},"author":{"name":"Prensa Latina","@id":"https:\/\/www.pressenza.com\/es\/#\/schema\/person\/e35c78ffa242d98f4f49ccb18c8631de"},"headline":"Acad\u00e9micos franceses refutan distorsi\u00f3n medi\u00e1tica sobre Latinoam\u00e9rica","datePublished":"2017-04-27T13:12:57+00:00","mainEntityOfPage":{"@id":"https:\/\/www.pressenza.com\/es\/2017\/04\/academicos-franceses-refutan-distorsion-mediatica-latinoamerica\/"},"wordCount":424,"publisher":{"@id":"https:\/\/www.pressenza.com\/es\/#organization"},"image":{"@id":"https:\/\/www.pressenza.com\/es\/2017\/04\/academicos-franceses-refutan-distorsion-mediatica-latinoamerica\/#primaryimage"},"thumbnailUrl":"https:\/\/www.pressenza.com\/wp-content\/uploads\/2017\/04\/politis.jpg","keywords":["estigmatizaci\u00f3n","Francia","izquierda","manipulaci\u00f3n","pol\u00edtica"],"articleSection":["Cultura y Medios","Europa"],"inLanguage":"es"},{"@type":"WebPage","@id":"https:\/\/www.pressenza.com\/es\/2017\/04\/academicos-franceses-refutan-distorsion-mediatica-latinoamerica\/","url":"https:\/\/www.pressenza.com\/es\/2017\/04\/academicos-franceses-refutan-distorsion-mediatica-latinoamerica\/","name":"Acad\u00e9micos franceses refutan distorsi\u00f3n medi\u00e1tica sobre Latinoam\u00e9rica","isPartOf":{"@id":"https:\/\/www.pressenza.com\/es\/#website"},"primaryImageOfPage":{"@id":"https:\/\/www.pressenza.com\/es\/2017\/04\/academicos-franceses-refutan-distorsion-mediatica-latinoamerica\/#primaryimage"},"image":{"@id":"https:\/\/www.pressenza.com\/es\/2017\/04\/academicos-franceses-refutan-distorsion-mediatica-latinoamerica\/#primaryimage"},"thumbnailUrl":"https:\/\/www.pressenza.com\/wp-content\/uploads\/2017\/04\/politis.jpg","datePublished":"2017-04-27T13:12:57+00:00","description":"Cerca de un centenar de acad\u00e9micos de Francia rechazaron la forma en que numerosos medios de comunicaci\u00f3n galos abordan hoy la realidad de Am\u00e9rica Latina,","breadcrumb":{"@id":"https:\/\/www.pressenza.com\/es\/2017\/04\/academicos-franceses-refutan-distorsion-mediatica-latinoamerica\/#breadcrumb"},"inLanguage":"es","potentialAction":[{"@type":"ReadAction","target":["https:\/\/www.pressenza.com\/es\/2017\/04\/academicos-franceses-refutan-distorsion-mediatica-latinoamerica\/"]}]},{"@type":"ImageObject","inLanguage":"es","@id":"https:\/\/www.pressenza.com\/es\/2017\/04\/academicos-franceses-refutan-distorsion-mediatica-latinoamerica\/#primaryimage","url":"https:\/\/www.pressenza.com\/wp-content\/uploads\/2017\/04\/politis.jpg","contentUrl":"https:\/\/www.pressenza.com\/wp-content\/uploads\/2017\/04\/politis.jpg","width":350,"height":458},{"@type":"BreadcrumbList","@id":"https:\/\/www.pressenza.com\/es\/2017\/04\/academicos-franceses-refutan-distorsion-mediatica-latinoamerica\/#breadcrumb","itemListElement":[{"@type":"ListItem","position":1,"name":"Accueil","item":"https:\/\/www.pressenza.com\/es\/"},{"@type":"ListItem","position":2,"name":"Acad\u00e9micos franceses refutan distorsi\u00f3n medi\u00e1tica sobre Latinoam\u00e9rica"}]},{"@type":"WebSite","@id":"https:\/\/www.pressenza.com\/es\/#website","url":"https:\/\/www.pressenza.com\/es\/","name":"Pressenza","description":"International Press Agency","publisher":{"@id":"https:\/\/www.pressenza.com\/es\/#organization"},"potentialAction":[{"@type":"SearchAction","target":{"@type":"EntryPoint","urlTemplate":"https:\/\/www.pressenza.com\/es\/?s={search_term_string}"},"query-input":{"@type":"PropertyValueSpecification","valueRequired":true,"valueName":"search_term_string"}}],"inLanguage":"es"},{"@type":"Organization","@id":"https:\/\/www.pressenza.com\/es\/#organization","name":"Pressenza","url":"https:\/\/www.pressenza.com\/es\/","logo":{"@type":"ImageObject","inLanguage":"es","@id":"https:\/\/www.pressenza.com\/es\/#\/schema\/logo\/image\/","url":"https:\/\/www.pressenza.com\/wp-content\/uploads\/2022\/10\/pressenza_logo_200x200.jpg","contentUrl":"https:\/\/www.pressenza.com\/wp-content\/uploads\/2022\/10\/pressenza_logo_200x200.jpg","width":200,"height":200,"caption":"Pressenza"},"image":{"@id":"https:\/\/www.pressenza.com\/es\/#\/schema\/logo\/image\/"},"sameAs":["https:\/\/www.facebook.com\/PressenzaItalia","https:\/\/x.com\/PressenzaIPA"]},{"@type":"Person","@id":"https:\/\/www.pressenza.com\/es\/#\/schema\/person\/e35c78ffa242d98f4f49ccb18c8631de","name":"Prensa Latina","description":"www.prensa-latina.cu","sameAs":["https:\/\/www.facebook.com\/AgenciaPrensaLatina","https:\/\/x.com\/prensalatina_cu"],"url":"https:\/\/www.pressenza.com\/es\/author\/prensa-latina\/"}]}},"place":"Par\u00eds, Francia","original_article_url":"http:\/\/www.prensa-latina.cu\/index.php?o=rn&id=81663&SEO=academicos-franceses-refutan-distorsion-mediatica-sobre-latinoamerica#","_links":{"self":[{"href":"https:\/\/www.pressenza.com\/es\/wp-json\/wp\/v2\/posts\/458274","targetHints":{"allow":["GET"]}}],"collection":[{"href":"https:\/\/www.pressenza.com\/es\/wp-json\/wp\/v2\/posts"}],"about":[{"href":"https:\/\/www.pressenza.com\/es\/wp-json\/wp\/v2\/types\/post"}],"author":[{"embeddable":true,"href":"https:\/\/www.pressenza.com\/es\/wp-json\/wp\/v2\/users\/90"}],"replies":[{"embeddable":true,"href":"https:\/\/www.pressenza.com\/es\/wp-json\/wp\/v2\/comments?post=458274"}],"version-history":[{"count":0,"href":"https:\/\/www.pressenza.com\/es\/wp-json\/wp\/v2\/posts\/458274\/revisions"}],"wp:featuredmedia":[{"embeddable":true,"href":"https:\/\/www.pressenza.com\/es\/wp-json\/wp\/v2\/media\/458287"}],"wp:attachment":[{"href":"https:\/\/www.pressenza.com\/es\/wp-json\/wp\/v2\/media?parent=458274"}],"wp:term":[{"taxonomy":"category","embeddable":true,"href":"https:\/\/www.pressenza.com\/es\/wp-json\/wp\/v2\/categories?post=458274"},{"taxonomy":"post_tag","embeddable":true,"href":"https:\/\/www.pressenza.com\/es\/wp-json\/wp\/v2\/tags?post=458274"}],"curies":[{"name":"wp","href":"https:\/\/api.w.org\/{rel}","templated":true}]}}