{"id":458036,"date":"2017-04-26T22:54:57","date_gmt":"2017-04-26T21:54:57","guid":{"rendered":"https:\/\/www.pressenza.com\/?p=458036\/"},"modified":"2017-04-26T22:57:03","modified_gmt":"2017-04-26T21:57:03","slug":"transgredidas-testimonios-sobrevivientes-la-violencia-genero","status":"publish","type":"post","link":"https:\/\/www.pressenza.com\/es\/2017\/04\/transgredidas-testimonios-sobrevivientes-la-violencia-genero\/","title":{"rendered":"Transgredidas, testimonios  de sobrevivientes de la violencia de g\u00e9nero"},"content":{"rendered":"<div class=\"gmail_default\"><span style=\"font-family: garamond,serif; font-size: large;\">Transgredidas es uno de los libros que m\u00e1s me ha costado escribir, \u00a0me ha dolido, lo he llorado y lo he sentido en carne viva, porque son relatos de testimonios e historias de ni\u00f1as, adolescentes y mujeres que sufrieron abuso sexual, ya sea en su camino como migrantes indocumentadas hacia Estados Unidos o bien fueron v\u00edctimas de trata de personas con fines de explotaci\u00f3n sexual.<\/span><\/div>\n<div class=\"gmail_default\"><span style=\"font-family: garamond,serif; font-size: large;\">\u00a0<\/span><\/div>\n<div class=\"gmail_default\"><span style=\"font-family: garamond,serif; font-size: large;\">Abusadas por familiares y desconocidos, no por su origen, no por su clase social, \u00a0pero por ser mujeres en una sociedad que irrespeta y desvalora a la mujer por su g\u00e9nero, en una sociedad que mutila y seca, estas son historias ocurridas en distintas partes del \u00a0mundo porque el abuso hacia el g\u00e9nero femenino no tiene edad, color, religi\u00f3n ni nacionalidad.<\/span><\/div>\n<div class=\"gmail_default\"><span style=\"font-family: garamond,serif; font-size: large;\">\u00a0<\/span><\/div>\n<div class=\"gmail_default\"><span style=\"font-family: garamond,serif; font-size: large;\">Todo comenz\u00f3 en noviembre de 2012, con un texto titulado Transgredida, al cual le siguieron \u00a0otros a medida que fui obteniendo testimonios para publicar en la serie Transgredidas de mi blog Cr\u00f3nicas de una Inquilina. Esta serie se ha convertido en libro. Son testimonios de mujeres marcadas de por vida por el abuso, los golpes, mujeres violentadas en sus derechos, ni\u00f1as a quienes robaron la ni\u00f1ez.<\/span><\/div>\n<div class=\"gmail_default\"><span style=\"font-family: garamond,serif; font-size: large;\">\u00a0<\/span><\/div>\n<div class=\"gmail_default\"><span style=\"font-family: garamond,serif; font-size: large;\">No es un libro dulce ni luce la perfecci\u00f3n de la ficci\u00f3n, es un libro crudo, descarnado, como la realidad que le ha tocado vivir a sus protagonistas y a \u00a0miles de mujeres a trav\u00e9s del tiempo y de la historia.<\/span><\/div>\n<div class=\"gmail_default\"><span style=\"font-family: garamond,serif; font-size: large;\">\u00a0<\/span><\/div>\n<div class=\"gmail_default\"><span style=\"font-family: garamond,serif; font-size: large;\">La violencia de g\u00e9nero no es un asunto de ficci\u00f3n ni de literatura, es un problema real que nos est\u00e1 matando, nos desaparece y \u00a0nos estigmatiza. Todas hemos sufrido violencia de g\u00e9nero en alguna de sus tantas formas, los relatos escritos en Transgredidas muestran los extremos de lo que es capaz de hacer una sociedad patriarcal y machista en la vida de ni\u00f1as, adolescentes y mujeres en el marco de un sistema sociopol\u00edtico que nos trata como mercanc\u00eda.<\/span><\/div>\n<div class=\"gmail_default\"><span style=\"font-family: garamond,serif; font-size: large;\">\u00a0<\/span><\/div>\n<div class=\"gmail_default\"><span style=\"font-family: garamond,serif; font-size: large;\">Las historias incluidas en este libro son reales, aunque los nombres de las protagonistas han sido cambiados y tambi\u00e9n algunas ubicaciones territoriales, para proteger sus identidades y su seguridad. Lo medular de este libro es contar las historias de abuso que han vivido mujeres an\u00f3nimas, tan an\u00f3nimas como cualquiera en cualquier lugar del mundo. Son historias que suceden todos los d\u00edas, en todos lados, a todas horas.<\/span><\/div>\n<div class=\"gmail_default\"><span style=\"font-family: garamond,serif; font-size: large;\">\u00a0<\/span><\/div>\n<div class=\"gmail_default\"><span style=\"font-family: garamond,serif; font-size: large;\">Historias que en la mayor\u00eda de los casos nos llevamos hasta la tumba, porque contarlas significa perder familiares, ponerlos en riesgo, poner en riesgo nuestras propias vidas.\u00a0 Tambi\u00e9n en una sociedad estereotipada \u00a0guardamos silencio por temor a ser se\u00f1aladas por la familia, amigos y sociedad. Porque ser abusadas nos marca y la misma sociedad nos se\u00f1ala y nos excluye.<\/span><\/div>\n<div class=\"gmail_default\"><span style=\"font-family: garamond,serif; font-size: large;\">\u00a0<\/span><\/div>\n<div class=\"gmail_default\"><span style=\"font-family: garamond,serif; font-size: large;\">El abuso emocional, f\u00edsico y sexual \u00a0nos mutila en muchas formas, nos roba la vida de tajo, no seca por dentro, nos invisibiliza. Transgredidas son las voces de miles de mujeres que han sido silenciadas a trav\u00e9s del tiempo.<\/span><\/div>\n<div class=\"gmail_default\"><span style=\"font-family: garamond,serif; font-size: large;\">\u00a0<\/span><\/div>\n<div class=\"gmail_default\"><span style=\"font-family: garamond,serif; font-size: large;\">Disponible en Amazon.com \u00a0<\/span><\/div>\n<div class=\"gmail_default\"><span style=\"font-family: garamond,serif; font-size: large;\">\u00a0<\/span><\/div>\n<div class=\"gmail_default\"><\/div>\n<div class=\"gmail_default\"><\/div>\n","protected":false},"excerpt":{"rendered":"<p>Transgredidas es uno de los libros que m\u00e1s me ha costado escribir, \u00a0me ha dolido, lo he llorado y lo he sentido en carne viva, porque son relatos de testimonios e historias de ni\u00f1as, adolescentes y mujeres que sufrieron abuso&hellip;<\/p>\n","protected":false},"author":1297,"featured_media":458044,"comment_status":"closed","ping_status":"closed","sticky":false,"template":"","format":"standard","meta":{"footnotes":""},"categories":[11389,75,79,68,161],"tags":[24748,1311,1024],"class_list":["post-458036","post","type-post","status-publish","format-standard","has-post-thumbnail","hentry","category-contenido-original","category-cultura-es","category-derechos-humanos","category-norteamerica","category-opiniones","tag-abuso","tag-libro","tag-violencia-de-genero"],"yoast_head":"<!-- This site is optimized with the Yoast SEO plugin v27.1.1 - https:\/\/yoast.com\/product\/yoast-seo-wordpress\/ -->\n<title>Transgredidas, testimonios de sobrevivientes de la violencia de g\u00e9nero<\/title>\n<meta name=\"description\" content=\"Transgredidas es uno de los libros que m\u00e1s me ha costado escribir, \u00a0me ha dolido, lo he llorado y lo he sentido en carne viva, porque son relatos de\" \/>\n<meta name=\"robots\" content=\"index, follow, max-snippet:-1, max-image-preview:large, max-video-preview:-1\" \/>\n<link rel=\"canonical\" href=\"https:\/\/www.pressenza.com\/es\/2017\/04\/transgredidas-testimonios-sobrevivientes-la-violencia-genero\/\" \/>\n<meta property=\"og:locale\" content=\"es_ES\" \/>\n<meta property=\"og:type\" content=\"article\" \/>\n<meta property=\"og:title\" content=\"Transgredidas, testimonios de sobrevivientes de la violencia de g\u00e9nero\" \/>\n<meta property=\"og:description\" content=\"Transgredidas es uno de los libros que m\u00e1s me ha costado escribir, \u00a0me ha dolido, lo he llorado y lo he sentido en carne viva, porque son relatos de\" \/>\n<meta property=\"og:url\" content=\"https:\/\/www.pressenza.com\/es\/2017\/04\/transgredidas-testimonios-sobrevivientes-la-violencia-genero\/\" \/>\n<meta property=\"og:site_name\" content=\"Pressenza\" \/>\n<meta property=\"article:publisher\" content=\"https:\/\/www.facebook.com\/PressenzaItalia\" \/>\n<meta property=\"article:author\" content=\"https:\/\/www.facebook.com\/ilkaolivacorado\" \/>\n<meta property=\"article:published_time\" content=\"2017-04-26T21:54:57+00:00\" \/>\n<meta property=\"article:modified_time\" content=\"2017-04-26T21:57:03+00:00\" \/>\n<meta property=\"og:image\" content=\"https:\/\/www.pressenza.com\/wp-content\/uploads\/2017\/04\/Ilka-Oliva-Corado-.jpg\" \/>\n\t<meta property=\"og:image:width\" content=\"1086\" \/>\n\t<meta property=\"og:image:height\" content=\"724\" \/>\n\t<meta property=\"og:image:type\" content=\"image\/jpeg\" \/>\n<meta name=\"author\" content=\"Ilka Oliva Corado\" \/>\n<meta name=\"twitter:card\" content=\"summary_large_image\" \/>\n<meta name=\"twitter:creator\" content=\"@ilkaolivacorado\" \/>\n<meta name=\"twitter:site\" content=\"@PressenzaIPA\" \/>\n<meta name=\"twitter:label1\" content=\"Escrito por\" \/>\n\t<meta name=\"twitter:data1\" content=\"Ilka Oliva Corado\" \/>\n\t<meta name=\"twitter:label2\" content=\"Tiempo de lectura\" \/>\n\t<meta name=\"twitter:data2\" content=\"3 minutos\" \/>\n<script type=\"application\/ld+json\" class=\"yoast-schema-graph\">{\"@context\":\"https:\/\/schema.org\",\"@graph\":[{\"@type\":\"Article\",\"@id\":\"https:\/\/www.pressenza.com\/es\/2017\/04\/transgredidas-testimonios-sobrevivientes-la-violencia-genero\/#article\",\"isPartOf\":{\"@id\":\"https:\/\/www.pressenza.com\/es\/2017\/04\/transgredidas-testimonios-sobrevivientes-la-violencia-genero\/\"},\"author\":{\"name\":\"Ilka Oliva Corado\",\"@id\":\"https:\/\/www.pressenza.com\/es\/#\/schema\/person\/0d894d73999dee31c046a9b9221eb606\"},\"headline\":\"Transgredidas, testimonios de sobrevivientes de la violencia de g\u00e9nero\",\"datePublished\":\"2017-04-26T21:54:57+00:00\",\"dateModified\":\"2017-04-26T21:57:03+00:00\",\"mainEntityOfPage\":{\"@id\":\"https:\/\/www.pressenza.com\/es\/2017\/04\/transgredidas-testimonios-sobrevivientes-la-violencia-genero\/\"},\"wordCount\":518,\"publisher\":{\"@id\":\"https:\/\/www.pressenza.com\/es\/#organization\"},\"image\":{\"@id\":\"https:\/\/www.pressenza.com\/es\/2017\/04\/transgredidas-testimonios-sobrevivientes-la-violencia-genero\/#primaryimage\"},\"thumbnailUrl\":\"https:\/\/www.pressenza.com\/wp-content\/uploads\/2017\/04\/Ilka-Oliva-Corado-.jpg\",\"keywords\":[\"abuso\",\"libro\",\"Violencia de g\u00e9nero\"],\"articleSection\":[\"Contenido Original\",\"Cultura y Medios\",\"Derechos Humanos\",\"Norteam\u00e9rica\",\"Opiniones\"],\"inLanguage\":\"es\"},{\"@type\":\"WebPage\",\"@id\":\"https:\/\/www.pressenza.com\/es\/2017\/04\/transgredidas-testimonios-sobrevivientes-la-violencia-genero\/\",\"url\":\"https:\/\/www.pressenza.com\/es\/2017\/04\/transgredidas-testimonios-sobrevivientes-la-violencia-genero\/\",\"name\":\"Transgredidas, testimonios de sobrevivientes de la violencia de g\u00e9nero\",\"isPartOf\":{\"@id\":\"https:\/\/www.pressenza.com\/es\/#website\"},\"primaryImageOfPage\":{\"@id\":\"https:\/\/www.pressenza.com\/es\/2017\/04\/transgredidas-testimonios-sobrevivientes-la-violencia-genero\/#primaryimage\"},\"image\":{\"@id\":\"https:\/\/www.pressenza.com\/es\/2017\/04\/transgredidas-testimonios-sobrevivientes-la-violencia-genero\/#primaryimage\"},\"thumbnailUrl\":\"https:\/\/www.pressenza.com\/wp-content\/uploads\/2017\/04\/Ilka-Oliva-Corado-.jpg\",\"datePublished\":\"2017-04-26T21:54:57+00:00\",\"dateModified\":\"2017-04-26T21:57:03+00:00\",\"description\":\"Transgredidas es uno de los libros que m\u00e1s me ha costado escribir, \u00a0me ha dolido, lo he llorado y lo he sentido en carne viva, porque son relatos de\",\"breadcrumb\":{\"@id\":\"https:\/\/www.pressenza.com\/es\/2017\/04\/transgredidas-testimonios-sobrevivientes-la-violencia-genero\/#breadcrumb\"},\"inLanguage\":\"es\",\"potentialAction\":[{\"@type\":\"ReadAction\",\"target\":[\"https:\/\/www.pressenza.com\/es\/2017\/04\/transgredidas-testimonios-sobrevivientes-la-violencia-genero\/\"]}]},{\"@type\":\"ImageObject\",\"inLanguage\":\"es\",\"@id\":\"https:\/\/www.pressenza.com\/es\/2017\/04\/transgredidas-testimonios-sobrevivientes-la-violencia-genero\/#primaryimage\",\"url\":\"https:\/\/www.pressenza.com\/wp-content\/uploads\/2017\/04\/Ilka-Oliva-Corado-.jpg\",\"contentUrl\":\"https:\/\/www.pressenza.com\/wp-content\/uploads\/2017\/04\/Ilka-Oliva-Corado-.jpg\",\"width\":1086,\"height\":724},{\"@type\":\"BreadcrumbList\",\"@id\":\"https:\/\/www.pressenza.com\/es\/2017\/04\/transgredidas-testimonios-sobrevivientes-la-violencia-genero\/#breadcrumb\",\"itemListElement\":[{\"@type\":\"ListItem\",\"position\":1,\"name\":\"Accueil\",\"item\":\"https:\/\/www.pressenza.com\/es\/\"},{\"@type\":\"ListItem\",\"position\":2,\"name\":\"Transgredidas, testimonios de sobrevivientes de la violencia de g\u00e9nero\"}]},{\"@type\":\"WebSite\",\"@id\":\"https:\/\/www.pressenza.com\/es\/#website\",\"url\":\"https:\/\/www.pressenza.com\/es\/\",\"name\":\"Pressenza\",\"description\":\"International Press Agency\",\"publisher\":{\"@id\":\"https:\/\/www.pressenza.com\/es\/#organization\"},\"potentialAction\":[{\"@type\":\"SearchAction\",\"target\":{\"@type\":\"EntryPoint\",\"urlTemplate\":\"https:\/\/www.pressenza.com\/es\/?s={search_term_string}\"},\"query-input\":{\"@type\":\"PropertyValueSpecification\",\"valueRequired\":true,\"valueName\":\"search_term_string\"}}],\"inLanguage\":\"es\"},{\"@type\":\"Organization\",\"@id\":\"https:\/\/www.pressenza.com\/es\/#organization\",\"name\":\"Pressenza\",\"url\":\"https:\/\/www.pressenza.com\/es\/\",\"logo\":{\"@type\":\"ImageObject\",\"inLanguage\":\"es\",\"@id\":\"https:\/\/www.pressenza.com\/es\/#\/schema\/logo\/image\/\",\"url\":\"https:\/\/www.pressenza.com\/wp-content\/uploads\/2022\/10\/pressenza_logo_200x200.jpg\",\"contentUrl\":\"https:\/\/www.pressenza.com\/wp-content\/uploads\/2022\/10\/pressenza_logo_200x200.jpg\",\"width\":200,\"height\":200,\"caption\":\"Pressenza\"},\"image\":{\"@id\":\"https:\/\/www.pressenza.com\/es\/#\/schema\/logo\/image\/\"},\"sameAs\":[\"https:\/\/www.facebook.com\/PressenzaItalia\",\"https:\/\/x.com\/PressenzaIPA\"]},{\"@type\":\"Person\",\"@id\":\"https:\/\/www.pressenza.com\/es\/#\/schema\/person\/0d894d73999dee31c046a9b9221eb606\",\"name\":\"Ilka Oliva Corado\",\"description\":\"Escritora y poetisa. Guatemalteca en Estados Unidos. Inmigrante indocumentada con maestr\u00eda en discriminaci\u00f3n y racismo. cronicasdeunainquilina.com\",\"sameAs\":[\"https:\/\/www.facebook.com\/ilkaolivacorado\",\"https:\/\/x.com\/ilkaolivacorado\"],\"url\":\"https:\/\/www.pressenza.com\/es\/author\/ilka-oliva-corado\/\"}]}<\/script>\n<!-- \/ Yoast SEO plugin. -->","yoast_head_json":{"title":"Transgredidas, testimonios de sobrevivientes de la violencia de g\u00e9nero","description":"Transgredidas es uno de los libros que m\u00e1s me ha costado escribir, \u00a0me ha dolido, lo he llorado y lo he sentido en carne viva, porque son relatos de","robots":{"index":"index","follow":"follow","max-snippet":"max-snippet:-1","max-image-preview":"max-image-preview:large","max-video-preview":"max-video-preview:-1"},"canonical":"https:\/\/www.pressenza.com\/es\/2017\/04\/transgredidas-testimonios-sobrevivientes-la-violencia-genero\/","og_locale":"es_ES","og_type":"article","og_title":"Transgredidas, testimonios de sobrevivientes de la violencia de g\u00e9nero","og_description":"Transgredidas es uno de los libros que m\u00e1s me ha costado escribir, \u00a0me ha dolido, lo he llorado y lo he sentido en carne viva, porque son relatos de","og_url":"https:\/\/www.pressenza.com\/es\/2017\/04\/transgredidas-testimonios-sobrevivientes-la-violencia-genero\/","og_site_name":"Pressenza","article_publisher":"https:\/\/www.facebook.com\/PressenzaItalia","article_author":"https:\/\/www.facebook.com\/ilkaolivacorado","article_published_time":"2017-04-26T21:54:57+00:00","article_modified_time":"2017-04-26T21:57:03+00:00","og_image":[{"width":1086,"height":724,"url":"https:\/\/www.pressenza.com\/wp-content\/uploads\/2017\/04\/Ilka-Oliva-Corado-.jpg","type":"image\/jpeg"}],"author":"Ilka Oliva Corado","twitter_card":"summary_large_image","twitter_creator":"@ilkaolivacorado","twitter_site":"@PressenzaIPA","twitter_misc":{"Escrito por":"Ilka Oliva Corado","Tiempo de lectura":"3 minutos"},"schema":{"@context":"https:\/\/schema.org","@graph":[{"@type":"Article","@id":"https:\/\/www.pressenza.com\/es\/2017\/04\/transgredidas-testimonios-sobrevivientes-la-violencia-genero\/#article","isPartOf":{"@id":"https:\/\/www.pressenza.com\/es\/2017\/04\/transgredidas-testimonios-sobrevivientes-la-violencia-genero\/"},"author":{"name":"Ilka Oliva Corado","@id":"https:\/\/www.pressenza.com\/es\/#\/schema\/person\/0d894d73999dee31c046a9b9221eb606"},"headline":"Transgredidas, testimonios de sobrevivientes de la violencia de g\u00e9nero","datePublished":"2017-04-26T21:54:57+00:00","dateModified":"2017-04-26T21:57:03+00:00","mainEntityOfPage":{"@id":"https:\/\/www.pressenza.com\/es\/2017\/04\/transgredidas-testimonios-sobrevivientes-la-violencia-genero\/"},"wordCount":518,"publisher":{"@id":"https:\/\/www.pressenza.com\/es\/#organization"},"image":{"@id":"https:\/\/www.pressenza.com\/es\/2017\/04\/transgredidas-testimonios-sobrevivientes-la-violencia-genero\/#primaryimage"},"thumbnailUrl":"https:\/\/www.pressenza.com\/wp-content\/uploads\/2017\/04\/Ilka-Oliva-Corado-.jpg","keywords":["abuso","libro","Violencia de g\u00e9nero"],"articleSection":["Contenido Original","Cultura y Medios","Derechos Humanos","Norteam\u00e9rica","Opiniones"],"inLanguage":"es"},{"@type":"WebPage","@id":"https:\/\/www.pressenza.com\/es\/2017\/04\/transgredidas-testimonios-sobrevivientes-la-violencia-genero\/","url":"https:\/\/www.pressenza.com\/es\/2017\/04\/transgredidas-testimonios-sobrevivientes-la-violencia-genero\/","name":"Transgredidas, testimonios de sobrevivientes de la violencia de g\u00e9nero","isPartOf":{"@id":"https:\/\/www.pressenza.com\/es\/#website"},"primaryImageOfPage":{"@id":"https:\/\/www.pressenza.com\/es\/2017\/04\/transgredidas-testimonios-sobrevivientes-la-violencia-genero\/#primaryimage"},"image":{"@id":"https:\/\/www.pressenza.com\/es\/2017\/04\/transgredidas-testimonios-sobrevivientes-la-violencia-genero\/#primaryimage"},"thumbnailUrl":"https:\/\/www.pressenza.com\/wp-content\/uploads\/2017\/04\/Ilka-Oliva-Corado-.jpg","datePublished":"2017-04-26T21:54:57+00:00","dateModified":"2017-04-26T21:57:03+00:00","description":"Transgredidas es uno de los libros que m\u00e1s me ha costado escribir, \u00a0me ha dolido, lo he llorado y lo he sentido en carne viva, porque son relatos de","breadcrumb":{"@id":"https:\/\/www.pressenza.com\/es\/2017\/04\/transgredidas-testimonios-sobrevivientes-la-violencia-genero\/#breadcrumb"},"inLanguage":"es","potentialAction":[{"@type":"ReadAction","target":["https:\/\/www.pressenza.com\/es\/2017\/04\/transgredidas-testimonios-sobrevivientes-la-violencia-genero\/"]}]},{"@type":"ImageObject","inLanguage":"es","@id":"https:\/\/www.pressenza.com\/es\/2017\/04\/transgredidas-testimonios-sobrevivientes-la-violencia-genero\/#primaryimage","url":"https:\/\/www.pressenza.com\/wp-content\/uploads\/2017\/04\/Ilka-Oliva-Corado-.jpg","contentUrl":"https:\/\/www.pressenza.com\/wp-content\/uploads\/2017\/04\/Ilka-Oliva-Corado-.jpg","width":1086,"height":724},{"@type":"BreadcrumbList","@id":"https:\/\/www.pressenza.com\/es\/2017\/04\/transgredidas-testimonios-sobrevivientes-la-violencia-genero\/#breadcrumb","itemListElement":[{"@type":"ListItem","position":1,"name":"Accueil","item":"https:\/\/www.pressenza.com\/es\/"},{"@type":"ListItem","position":2,"name":"Transgredidas, testimonios de sobrevivientes de la violencia de g\u00e9nero"}]},{"@type":"WebSite","@id":"https:\/\/www.pressenza.com\/es\/#website","url":"https:\/\/www.pressenza.com\/es\/","name":"Pressenza","description":"International Press Agency","publisher":{"@id":"https:\/\/www.pressenza.com\/es\/#organization"},"potentialAction":[{"@type":"SearchAction","target":{"@type":"EntryPoint","urlTemplate":"https:\/\/www.pressenza.com\/es\/?s={search_term_string}"},"query-input":{"@type":"PropertyValueSpecification","valueRequired":true,"valueName":"search_term_string"}}],"inLanguage":"es"},{"@type":"Organization","@id":"https:\/\/www.pressenza.com\/es\/#organization","name":"Pressenza","url":"https:\/\/www.pressenza.com\/es\/","logo":{"@type":"ImageObject","inLanguage":"es","@id":"https:\/\/www.pressenza.com\/es\/#\/schema\/logo\/image\/","url":"https:\/\/www.pressenza.com\/wp-content\/uploads\/2022\/10\/pressenza_logo_200x200.jpg","contentUrl":"https:\/\/www.pressenza.com\/wp-content\/uploads\/2022\/10\/pressenza_logo_200x200.jpg","width":200,"height":200,"caption":"Pressenza"},"image":{"@id":"https:\/\/www.pressenza.com\/es\/#\/schema\/logo\/image\/"},"sameAs":["https:\/\/www.facebook.com\/PressenzaItalia","https:\/\/x.com\/PressenzaIPA"]},{"@type":"Person","@id":"https:\/\/www.pressenza.com\/es\/#\/schema\/person\/0d894d73999dee31c046a9b9221eb606","name":"Ilka Oliva Corado","description":"Escritora y poetisa. Guatemalteca en Estados Unidos. Inmigrante indocumentada con maestr\u00eda en discriminaci\u00f3n y racismo. cronicasdeunainquilina.com","sameAs":["https:\/\/www.facebook.com\/ilkaolivacorado","https:\/\/x.com\/ilkaolivacorado"],"url":"https:\/\/www.pressenza.com\/es\/author\/ilka-oliva-corado\/"}]}},"place":"Estados Unidos","original_article_url":"","_links":{"self":[{"href":"https:\/\/www.pressenza.com\/es\/wp-json\/wp\/v2\/posts\/458036","targetHints":{"allow":["GET"]}}],"collection":[{"href":"https:\/\/www.pressenza.com\/es\/wp-json\/wp\/v2\/posts"}],"about":[{"href":"https:\/\/www.pressenza.com\/es\/wp-json\/wp\/v2\/types\/post"}],"author":[{"embeddable":true,"href":"https:\/\/www.pressenza.com\/es\/wp-json\/wp\/v2\/users\/1297"}],"replies":[{"embeddable":true,"href":"https:\/\/www.pressenza.com\/es\/wp-json\/wp\/v2\/comments?post=458036"}],"version-history":[{"count":0,"href":"https:\/\/www.pressenza.com\/es\/wp-json\/wp\/v2\/posts\/458036\/revisions"}],"wp:featuredmedia":[{"embeddable":true,"href":"https:\/\/www.pressenza.com\/es\/wp-json\/wp\/v2\/media\/458044"}],"wp:attachment":[{"href":"https:\/\/www.pressenza.com\/es\/wp-json\/wp\/v2\/media?parent=458036"}],"wp:term":[{"taxonomy":"category","embeddable":true,"href":"https:\/\/www.pressenza.com\/es\/wp-json\/wp\/v2\/categories?post=458036"},{"taxonomy":"post_tag","embeddable":true,"href":"https:\/\/www.pressenza.com\/es\/wp-json\/wp\/v2\/tags?post=458036"}],"curies":[{"name":"wp","href":"https:\/\/api.w.org\/{rel}","templated":true}]}}