{"id":458014,"date":"2017-04-26T22:20:54","date_gmt":"2017-04-26T21:20:54","guid":{"rendered":"https:\/\/www.pressenza.com\/?p=458014\/"},"modified":"2017-04-26T22:20:54","modified_gmt":"2017-04-26T21:20:54","slug":"emboscada-le-pen-macron-una-region-castigada-la-crisis","status":"publish","type":"post","link":"https:\/\/www.pressenza.com\/es\/2017\/04\/emboscada-le-pen-macron-una-region-castigada-la-crisis\/","title":{"rendered":"Emboscada de Le Pen a Macron en una regi\u00f3n castigada por la crisis"},"content":{"rendered":"<p><em><strong>Por \u00cd\u00f1igo S\u00e1enz de Ugarte para Guerra Eterna<\/strong><\/em><\/p>\n<p>Emmanuel Macron ha descubierto este mi\u00e9rcoles que la campa\u00f1a de la segunda vuelta de las elecciones francesas no consistir\u00e1 simplemente en una suma de los apoyos previos de los candidatos, lo que le dar\u00eda una victoria f\u00e1cil. Toda campa\u00f1a tiene su propia din\u00e1mica y origina acontecimientos inesperados ante los que la respuesta del pol\u00edtico puede\u00a0empeorar las cosas.<\/p>\n<p>Macron viaj\u00f3 a Amiens a reunirse con los representantes sindicales de los trabajadores de la factor\u00eda de Whirlpool en plena movilizaci\u00f3n por la decisi\u00f3n de la empresa de trasladar la planta a Polonia, dedicada a la producci\u00f3n de secadoras de ropa, lo que dejar\u00eda sin empleo a 280 personas en 2018. La deslocalizaci\u00f3n de ciertas l\u00edneas de producci\u00f3n y el cierre de factor\u00edas, en el peor de los casos, ya fueron un tema relevante en la campa\u00f1a electoral de EEUU con las promesas de Donald Trump de poner fin a estas decisiones. El candidato centrista pretend\u00eda separarse de\u00a0la imagen de representante de la \u00e9lite econ\u00f3mica que ignora las preocupaciones de una clase trabajadora castigada por el desempleo o la precariedad laboral.<\/p>\n<p>Amiens est\u00e1 en la zona norte de Francia, que fue en la primera ronda de las elecciones un feudo de Marine Le Pen. La candidata ultraderechista no desaprovech\u00f3 la oportunidad. Una campa\u00f1a convencional de m\u00edtines y entrevistas no le llevar\u00e1 muy lejos. Tiene que tensar la cuerda y encontrar la forma de crear situaciones que confirmen su mensaje de campa\u00f1a: ella es el pueblo, Macron es la \u00e9lite.<\/p>\n<p>Y all\u00e1 se fue Le Pen, no a reunirse con los sindicatos, sino a mezclarse con los trabajadores movilizados en la calle.\u00a0Algunos la aplaudieron, otros no, pero lo que importa es que pudo <a href=\"http:\/\/www.francetvinfo.fr\/politique\/marine-le-pen\/marine-le-pen-se-rend-a-l-usine-whirlpool-d-amiens-pour-prendre-le-contrepied-d-emmanuel-macron-qui-rencontre-les-syndicats-a-la-chambre-de-commerce_2162796.html\">dejar su mensaje:<\/a>\u00a0\u201cYo estoy entre los asalariados que resisten contra la globalizaci\u00f3n salvaje. Yo no estoy con los representantes que comen pastas\u201d. A esa hora, Macron se ve\u00eda con los sindicatos en la sede de la C\u00e1mara de Comercio local. Es posible que hubiera pastas en la mesa.<\/p>\n<p>Tras esa cita, Macron dijo que la situaci\u00f3n de esa f\u00e1brica era inaceptable y que hay que hacer lo que sea para impedir el traslado. No dijo c\u00f3mo, m\u00e1s all\u00e1 de buscar un comprador para que la planta siga funcionando. \u201cCuando ella dice que la soluci\u00f3n es dar la espalda a la globalizaci\u00f3n, est\u00e1 mintiendo. No podemos ilegalizar los despidos. Debemos luchar para encontrar un comprador\u201d.<\/p>\n<p>Los medios franceses han recordado que Fran\u00e7ois Hollande hizo promesas similares en una visita en la campa\u00f1a de 2012 a una planta sider\u00fargica amenazada de cierre. La f\u00e1brica se cerr\u00f3 cuando Hollande era ya presidente y los sindicatos le acusaron de traici\u00f3n.<\/p>\n<p><iframe loading=\"lazy\" title=\"Macron quai B\u00e9lu \u00e0 Amiens avant sa visite chez Whirlpool\" frameborder=\"0\" width=\"500\" height=\"281\" src=\"https:\/\/geo.dailymotion.com\/player.html?video=x5jraqb&#038;\" allowfullscreen allow=\"autoplay; fullscreen; picture-in-picture; web-share\"><\/iframe><\/p>\n<p>M\u00e1s all\u00e1 de los argumentos de Macron y Le Pen, su visita a Amiens ofreci\u00f3 dos im\u00e1genes diferentes para la televisi\u00f3n. Le Pen, rodeada de trabajadores y <a href=\"https:\/\/twitter.com\/MLP_officiel\/status\/857195901986758656\">haci\u00e9ndose fotos<\/a> con ellos; Macron, silbado por algunos de ellos y rodeado de c\u00e1maras de televisi\u00f3n (aun as\u00ed pudo separarse de los reporteros y hablar directamente con trabajadores).<\/p>\n<blockquote class=\"twitter-tweet\" data-lang=\"fr\">\n<p dir=\"ltr\" lang=\"fr\">Plusieurs ouvriers de <a href=\"https:\/\/twitter.com\/hashtag\/whirlpool?src=hash\">#whirlpool<\/a> se prennent en photo avec <a href=\"https:\/\/twitter.com\/MLP_officiel\">@MLP_officiel<\/a> <a href=\"https:\/\/twitter.com\/aucharbon2017\">@aucharbon2017<\/a> <a href=\"https:\/\/t.co\/X1wEPGCy75\">pic.twitter.com\/X1wEPGCy75<\/a><\/p>\n<p>\u2014 Dune Froment (@dune_frmt) <a href=\"https:\/\/twitter.com\/dune_frmt\/status\/857193777882165249\">26 avril 2017<\/a><\/p><\/blockquote>\n<p><script async src=\"\/\/platform.twitter.com\/widgets.js\" charset=\"utf-8\"><\/script><\/p>\n<p>Los asesores de Le Pen tienen dos semanas para machacar esa idea. Amiens ha sido su primera etapa, y parece haberle salido bien. Lo llaman un \u201cchoque de civilizaciones\u201d entre los ganadores y los perdedores de la globalizaci\u00f3n, donde ya se puede suponer en qu\u00e9 bando colocar\u00e1n al exbanquero Macron.<\/p>\n<p>Los n\u00fameros est\u00e1n en su contra. <a href=\"https:\/\/twitter.com\/IfopOpinion\/status\/856906125224136705\/photo\/1\">Una encuesta<\/a> del martes concede el 61% a Macron y el 39%, en la l\u00ednea de sondeos anteriores. Le Pen necesita m\u00e1s emboscadas, aumentar en 10 millones su n\u00famero de votantes y conseguir que muchos\u00a0decepcionados de la izquierda y la derecha se queden en casa el 7 de mayo. Una muy baja participaci\u00f3n es\u00a0uno de los requisitos imprescindibles para que la l\u00edder del FN se acerque\u00a0a la victoria.<\/p>\n<p><a href=\"http:\/\/www.guerraeterna.com\/el-bulo-de-la-cercania-a-le-pen-de-los-votantes-de-melenchon\/\">Como escrib\u00ed hace unos d\u00edas<\/a>, no hay ninguna encuesta que demuestre una corriente significativa de votos desde los votantes de M\u00e9lenchon a Le Pen, que comparten\u00a0el rechazo a la globalizaci\u00f3n y a la pol\u00edtica econ\u00f3mica liberal imperante en la UE.\u00a0<a href=\"https:\/\/twitter.com\/IdafeMartin\/status\/857149787258441731\/photo\/1\">Una posibilidad<\/a>\u00a0es que la mitad de los votantes de Fillon y M\u00e9lenchon apueste por Macron. El 30% de los primeros y el 40% de los segundos optar\u00e1n por la abstenci\u00f3n. El grupo cat\u00f3lico Sens commun, que apoy\u00f3 a Fillon en campa\u00f1a, ya ha dicho que <a href=\"http:\/\/www.lemonde.fr\/election-presidentielle-2017\/article\/2017\/04\/24\/presidentielle-sens-commun-refuse-de-choisir-entre-macron-et-le-pen-pour-le-second-tour_5116136_4854003.html\">no seguir\u00e1 la recomendaci\u00f3n<\/a> del conservador de apoyar a Macron. M\u00e9lenchon persiste en su idea de no decir a qui\u00e9n votar\u00e1 y se remite a la consulta a las bases de Francia Insumisa, cuyo resultado se conocer\u00e1 el 2 de mayo. Por el contrario, el l\u00edder del Partido Comunista Franc\u00e9s ha dejado claro que la prioridad es parar a Le Pen.<\/p>\n<p>Las encuestas disfrutan ahora de un momento de credibilidad al haber acertado en l\u00edneas generales el resultado de la primera ronda. Eso no quiere decir que las actuales vayan a coincidir con el resultado de la segunda.\u00a0Si dentro de una semana Le Pen consigue crear m\u00e1s situaciones como las de Amiens y eso repercute en los sondeos, los \u00faltimos siete d\u00edas de campa\u00f1a ser\u00e1n mucho m\u00e1s interesantes.<\/p>\n","protected":false},"excerpt":{"rendered":"<p>Por \u00cd\u00f1igo S\u00e1enz de Ugarte para Guerra Eterna Emmanuel Macron ha descubierto este mi\u00e9rcoles que la campa\u00f1a de la segunda vuelta de las elecciones francesas no consistir\u00e1 simplemente en una suma de los apoyos previos de los candidatos, lo que&hellip;<\/p>\n","protected":false},"author":1170,"featured_media":458018,"comment_status":"closed","ping_status":"closed","sticky":false,"template":"","format":"standard","meta":{"footnotes":""},"categories":[66,74],"tags":[36871,21156,696,403,36644,1432,10768,36872],"class_list":["post-458014","post","type-post","status-publish","format-standard","has-post-thumbnail","hentry","category-europa-es","category-politica-es","tag-amiens","tag-ballotage","tag-democracia","tag-elecciones","tag-emmanuel-macron","tag-francia","tag-marine-le-pen-es","tag-whirlpool"],"yoast_head":"<!-- This site is optimized with the Yoast SEO plugin v27.1.1 - https:\/\/yoast.com\/product\/yoast-seo-wordpress\/ -->\n<title>Emboscada de Le Pen a Macron en una regi\u00f3n castigada por la crisis<\/title>\n<meta name=\"description\" content=\"Por \u00cd\u00f1igo S\u00e1enz de Ugarte para Guerra Eterna Emmanuel Macron ha descubierto este mi\u00e9rcoles que la campa\u00f1a de la segunda vuelta de las elecciones francesas\" \/>\n<meta name=\"robots\" content=\"index, follow, max-snippet:-1, max-image-preview:large, max-video-preview:-1\" \/>\n<link rel=\"canonical\" href=\"https:\/\/www.pressenza.com\/es\/2017\/04\/emboscada-le-pen-macron-una-region-castigada-la-crisis\/\" \/>\n<meta property=\"og:locale\" content=\"es_ES\" \/>\n<meta property=\"og:type\" content=\"article\" \/>\n<meta property=\"og:title\" content=\"Emboscada de Le Pen a Macron en una regi\u00f3n castigada por la crisis\" \/>\n<meta property=\"og:description\" content=\"Por \u00cd\u00f1igo S\u00e1enz de Ugarte para Guerra Eterna Emmanuel Macron ha descubierto este mi\u00e9rcoles que la campa\u00f1a de la segunda vuelta de las elecciones francesas\" \/>\n<meta property=\"og:url\" content=\"https:\/\/www.pressenza.com\/es\/2017\/04\/emboscada-le-pen-macron-una-region-castigada-la-crisis\/\" \/>\n<meta property=\"og:site_name\" content=\"Pressenza\" \/>\n<meta property=\"article:publisher\" content=\"https:\/\/www.facebook.com\/PressenzaItalia\" \/>\n<meta property=\"article:published_time\" content=\"2017-04-26T21:20:54+00:00\" \/>\n<meta property=\"og:image\" content=\"https:\/\/www.pressenza.com\/wp-content\/uploads\/2017\/04\/Tiwtter-Marine-Le-Pen.png\" \/>\n\t<meta property=\"og:image:width\" content=\"1102\" \/>\n\t<meta property=\"og:image:height\" content=\"695\" \/>\n\t<meta property=\"og:image:type\" content=\"image\/png\" \/>\n<meta name=\"author\" content=\"eldiario.es\" \/>\n<meta name=\"twitter:card\" content=\"summary_large_image\" \/>\n<meta name=\"twitter:creator\" content=\"@PressenzaIPA\" \/>\n<meta name=\"twitter:site\" content=\"@PressenzaIPA\" \/>\n<meta name=\"twitter:label1\" content=\"Escrito por\" \/>\n\t<meta name=\"twitter:data1\" content=\"eldiario.es\" \/>\n\t<meta name=\"twitter:label2\" content=\"Tiempo de lectura\" \/>\n\t<meta name=\"twitter:data2\" content=\"5 minutos\" \/>\n<script type=\"application\/ld+json\" class=\"yoast-schema-graph\">{\"@context\":\"https:\/\/schema.org\",\"@graph\":[{\"@type\":\"Article\",\"@id\":\"https:\/\/www.pressenza.com\/es\/2017\/04\/emboscada-le-pen-macron-una-region-castigada-la-crisis\/#article\",\"isPartOf\":{\"@id\":\"https:\/\/www.pressenza.com\/es\/2017\/04\/emboscada-le-pen-macron-una-region-castigada-la-crisis\/\"},\"author\":{\"name\":\"eldiario.es\",\"@id\":\"https:\/\/www.pressenza.com\/es\/#\/schema\/person\/35221cfd7eeca947b184bfc91172e541\"},\"headline\":\"Emboscada de Le Pen a Macron en una regi\u00f3n castigada por la crisis\",\"datePublished\":\"2017-04-26T21:20:54+00:00\",\"mainEntityOfPage\":{\"@id\":\"https:\/\/www.pressenza.com\/es\/2017\/04\/emboscada-le-pen-macron-una-region-castigada-la-crisis\/\"},\"wordCount\":955,\"publisher\":{\"@id\":\"https:\/\/www.pressenza.com\/es\/#organization\"},\"image\":{\"@id\":\"https:\/\/www.pressenza.com\/es\/2017\/04\/emboscada-le-pen-macron-una-region-castigada-la-crisis\/#primaryimage\"},\"thumbnailUrl\":\"https:\/\/www.pressenza.com\/wp-content\/uploads\/2017\/04\/Tiwtter-Marine-Le-Pen.png\",\"keywords\":[\"Amiens\",\"ballotage\",\"Democracia\",\"elecciones\",\"Emmanuel Macron\",\"Francia\",\"Marine Le Pen\",\"Whirlpool\"],\"articleSection\":[\"Europa\",\"Pol\u00edtica\"],\"inLanguage\":\"es\"},{\"@type\":\"WebPage\",\"@id\":\"https:\/\/www.pressenza.com\/es\/2017\/04\/emboscada-le-pen-macron-una-region-castigada-la-crisis\/\",\"url\":\"https:\/\/www.pressenza.com\/es\/2017\/04\/emboscada-le-pen-macron-una-region-castigada-la-crisis\/\",\"name\":\"Emboscada de Le Pen a Macron en una regi\u00f3n castigada por la crisis\",\"isPartOf\":{\"@id\":\"https:\/\/www.pressenza.com\/es\/#website\"},\"primaryImageOfPage\":{\"@id\":\"https:\/\/www.pressenza.com\/es\/2017\/04\/emboscada-le-pen-macron-una-region-castigada-la-crisis\/#primaryimage\"},\"image\":{\"@id\":\"https:\/\/www.pressenza.com\/es\/2017\/04\/emboscada-le-pen-macron-una-region-castigada-la-crisis\/#primaryimage\"},\"thumbnailUrl\":\"https:\/\/www.pressenza.com\/wp-content\/uploads\/2017\/04\/Tiwtter-Marine-Le-Pen.png\",\"datePublished\":\"2017-04-26T21:20:54+00:00\",\"description\":\"Por \u00cd\u00f1igo S\u00e1enz de Ugarte para Guerra Eterna Emmanuel Macron ha descubierto este mi\u00e9rcoles que la campa\u00f1a de la segunda vuelta de las elecciones francesas\",\"breadcrumb\":{\"@id\":\"https:\/\/www.pressenza.com\/es\/2017\/04\/emboscada-le-pen-macron-una-region-castigada-la-crisis\/#breadcrumb\"},\"inLanguage\":\"es\",\"potentialAction\":[{\"@type\":\"ReadAction\",\"target\":[\"https:\/\/www.pressenza.com\/es\/2017\/04\/emboscada-le-pen-macron-una-region-castigada-la-crisis\/\"]}]},{\"@type\":\"ImageObject\",\"inLanguage\":\"es\",\"@id\":\"https:\/\/www.pressenza.com\/es\/2017\/04\/emboscada-le-pen-macron-una-region-castigada-la-crisis\/#primaryimage\",\"url\":\"https:\/\/www.pressenza.com\/wp-content\/uploads\/2017\/04\/Tiwtter-Marine-Le-Pen.png\",\"contentUrl\":\"https:\/\/www.pressenza.com\/wp-content\/uploads\/2017\/04\/Tiwtter-Marine-Le-Pen.png\",\"width\":1102,\"height\":695},{\"@type\":\"BreadcrumbList\",\"@id\":\"https:\/\/www.pressenza.com\/es\/2017\/04\/emboscada-le-pen-macron-una-region-castigada-la-crisis\/#breadcrumb\",\"itemListElement\":[{\"@type\":\"ListItem\",\"position\":1,\"name\":\"Accueil\",\"item\":\"https:\/\/www.pressenza.com\/es\/\"},{\"@type\":\"ListItem\",\"position\":2,\"name\":\"Emboscada de Le Pen a Macron en una regi\u00f3n castigada por la crisis\"}]},{\"@type\":\"WebSite\",\"@id\":\"https:\/\/www.pressenza.com\/es\/#website\",\"url\":\"https:\/\/www.pressenza.com\/es\/\",\"name\":\"Pressenza\",\"description\":\"International Press Agency\",\"publisher\":{\"@id\":\"https:\/\/www.pressenza.com\/es\/#organization\"},\"potentialAction\":[{\"@type\":\"SearchAction\",\"target\":{\"@type\":\"EntryPoint\",\"urlTemplate\":\"https:\/\/www.pressenza.com\/es\/?s={search_term_string}\"},\"query-input\":{\"@type\":\"PropertyValueSpecification\",\"valueRequired\":true,\"valueName\":\"search_term_string\"}}],\"inLanguage\":\"es\"},{\"@type\":\"Organization\",\"@id\":\"https:\/\/www.pressenza.com\/es\/#organization\",\"name\":\"Pressenza\",\"url\":\"https:\/\/www.pressenza.com\/es\/\",\"logo\":{\"@type\":\"ImageObject\",\"inLanguage\":\"es\",\"@id\":\"https:\/\/www.pressenza.com\/es\/#\/schema\/logo\/image\/\",\"url\":\"https:\/\/www.pressenza.com\/wp-content\/uploads\/2022\/10\/pressenza_logo_200x200.jpg\",\"contentUrl\":\"https:\/\/www.pressenza.com\/wp-content\/uploads\/2022\/10\/pressenza_logo_200x200.jpg\",\"width\":200,\"height\":200,\"caption\":\"Pressenza\"},\"image\":{\"@id\":\"https:\/\/www.pressenza.com\/es\/#\/schema\/logo\/image\/\"},\"sameAs\":[\"https:\/\/www.facebook.com\/PressenzaItalia\",\"https:\/\/x.com\/PressenzaIPA\"]},{\"@type\":\"Person\",\"@id\":\"https:\/\/www.pressenza.com\/es\/#\/schema\/person\/35221cfd7eeca947b184bfc91172e541\",\"name\":\"eldiario.es\",\"description\":\"eldiario.es is a new digital media with information and analysis focussing on politics and economics in its broadest sense: what affects people more than parties or markets. eldiario.es\",\"url\":\"https:\/\/www.pressenza.com\/es\/author\/eldiario-es\/\"}]}<\/script>\n<!-- \/ Yoast SEO plugin. -->","yoast_head_json":{"title":"Emboscada de Le Pen a Macron en una regi\u00f3n castigada por la crisis","description":"Por \u00cd\u00f1igo S\u00e1enz de Ugarte para Guerra Eterna Emmanuel Macron ha descubierto este mi\u00e9rcoles que la campa\u00f1a de la segunda vuelta de las elecciones francesas","robots":{"index":"index","follow":"follow","max-snippet":"max-snippet:-1","max-image-preview":"max-image-preview:large","max-video-preview":"max-video-preview:-1"},"canonical":"https:\/\/www.pressenza.com\/es\/2017\/04\/emboscada-le-pen-macron-una-region-castigada-la-crisis\/","og_locale":"es_ES","og_type":"article","og_title":"Emboscada de Le Pen a Macron en una regi\u00f3n castigada por la crisis","og_description":"Por \u00cd\u00f1igo S\u00e1enz de Ugarte para Guerra Eterna Emmanuel Macron ha descubierto este mi\u00e9rcoles que la campa\u00f1a de la segunda vuelta de las elecciones francesas","og_url":"https:\/\/www.pressenza.com\/es\/2017\/04\/emboscada-le-pen-macron-una-region-castigada-la-crisis\/","og_site_name":"Pressenza","article_publisher":"https:\/\/www.facebook.com\/PressenzaItalia","article_published_time":"2017-04-26T21:20:54+00:00","og_image":[{"width":1102,"height":695,"url":"https:\/\/www.pressenza.com\/wp-content\/uploads\/2017\/04\/Tiwtter-Marine-Le-Pen.png","type":"image\/png"}],"author":"eldiario.es","twitter_card":"summary_large_image","twitter_creator":"@PressenzaIPA","twitter_site":"@PressenzaIPA","twitter_misc":{"Escrito por":"eldiario.es","Tiempo de lectura":"5 minutos"},"schema":{"@context":"https:\/\/schema.org","@graph":[{"@type":"Article","@id":"https:\/\/www.pressenza.com\/es\/2017\/04\/emboscada-le-pen-macron-una-region-castigada-la-crisis\/#article","isPartOf":{"@id":"https:\/\/www.pressenza.com\/es\/2017\/04\/emboscada-le-pen-macron-una-region-castigada-la-crisis\/"},"author":{"name":"eldiario.es","@id":"https:\/\/www.pressenza.com\/es\/#\/schema\/person\/35221cfd7eeca947b184bfc91172e541"},"headline":"Emboscada de Le Pen a Macron en una regi\u00f3n castigada por la crisis","datePublished":"2017-04-26T21:20:54+00:00","mainEntityOfPage":{"@id":"https:\/\/www.pressenza.com\/es\/2017\/04\/emboscada-le-pen-macron-una-region-castigada-la-crisis\/"},"wordCount":955,"publisher":{"@id":"https:\/\/www.pressenza.com\/es\/#organization"},"image":{"@id":"https:\/\/www.pressenza.com\/es\/2017\/04\/emboscada-le-pen-macron-una-region-castigada-la-crisis\/#primaryimage"},"thumbnailUrl":"https:\/\/www.pressenza.com\/wp-content\/uploads\/2017\/04\/Tiwtter-Marine-Le-Pen.png","keywords":["Amiens","ballotage","Democracia","elecciones","Emmanuel Macron","Francia","Marine Le Pen","Whirlpool"],"articleSection":["Europa","Pol\u00edtica"],"inLanguage":"es"},{"@type":"WebPage","@id":"https:\/\/www.pressenza.com\/es\/2017\/04\/emboscada-le-pen-macron-una-region-castigada-la-crisis\/","url":"https:\/\/www.pressenza.com\/es\/2017\/04\/emboscada-le-pen-macron-una-region-castigada-la-crisis\/","name":"Emboscada de Le Pen a Macron en una regi\u00f3n castigada por la crisis","isPartOf":{"@id":"https:\/\/www.pressenza.com\/es\/#website"},"primaryImageOfPage":{"@id":"https:\/\/www.pressenza.com\/es\/2017\/04\/emboscada-le-pen-macron-una-region-castigada-la-crisis\/#primaryimage"},"image":{"@id":"https:\/\/www.pressenza.com\/es\/2017\/04\/emboscada-le-pen-macron-una-region-castigada-la-crisis\/#primaryimage"},"thumbnailUrl":"https:\/\/www.pressenza.com\/wp-content\/uploads\/2017\/04\/Tiwtter-Marine-Le-Pen.png","datePublished":"2017-04-26T21:20:54+00:00","description":"Por \u00cd\u00f1igo S\u00e1enz de Ugarte para Guerra Eterna Emmanuel Macron ha descubierto este mi\u00e9rcoles que la campa\u00f1a de la segunda vuelta de las elecciones francesas","breadcrumb":{"@id":"https:\/\/www.pressenza.com\/es\/2017\/04\/emboscada-le-pen-macron-una-region-castigada-la-crisis\/#breadcrumb"},"inLanguage":"es","potentialAction":[{"@type":"ReadAction","target":["https:\/\/www.pressenza.com\/es\/2017\/04\/emboscada-le-pen-macron-una-region-castigada-la-crisis\/"]}]},{"@type":"ImageObject","inLanguage":"es","@id":"https:\/\/www.pressenza.com\/es\/2017\/04\/emboscada-le-pen-macron-una-region-castigada-la-crisis\/#primaryimage","url":"https:\/\/www.pressenza.com\/wp-content\/uploads\/2017\/04\/Tiwtter-Marine-Le-Pen.png","contentUrl":"https:\/\/www.pressenza.com\/wp-content\/uploads\/2017\/04\/Tiwtter-Marine-Le-Pen.png","width":1102,"height":695},{"@type":"BreadcrumbList","@id":"https:\/\/www.pressenza.com\/es\/2017\/04\/emboscada-le-pen-macron-una-region-castigada-la-crisis\/#breadcrumb","itemListElement":[{"@type":"ListItem","position":1,"name":"Accueil","item":"https:\/\/www.pressenza.com\/es\/"},{"@type":"ListItem","position":2,"name":"Emboscada de Le Pen a Macron en una regi\u00f3n castigada por la crisis"}]},{"@type":"WebSite","@id":"https:\/\/www.pressenza.com\/es\/#website","url":"https:\/\/www.pressenza.com\/es\/","name":"Pressenza","description":"International Press Agency","publisher":{"@id":"https:\/\/www.pressenza.com\/es\/#organization"},"potentialAction":[{"@type":"SearchAction","target":{"@type":"EntryPoint","urlTemplate":"https:\/\/www.pressenza.com\/es\/?s={search_term_string}"},"query-input":{"@type":"PropertyValueSpecification","valueRequired":true,"valueName":"search_term_string"}}],"inLanguage":"es"},{"@type":"Organization","@id":"https:\/\/www.pressenza.com\/es\/#organization","name":"Pressenza","url":"https:\/\/www.pressenza.com\/es\/","logo":{"@type":"ImageObject","inLanguage":"es","@id":"https:\/\/www.pressenza.com\/es\/#\/schema\/logo\/image\/","url":"https:\/\/www.pressenza.com\/wp-content\/uploads\/2022\/10\/pressenza_logo_200x200.jpg","contentUrl":"https:\/\/www.pressenza.com\/wp-content\/uploads\/2022\/10\/pressenza_logo_200x200.jpg","width":200,"height":200,"caption":"Pressenza"},"image":{"@id":"https:\/\/www.pressenza.com\/es\/#\/schema\/logo\/image\/"},"sameAs":["https:\/\/www.facebook.com\/PressenzaItalia","https:\/\/x.com\/PressenzaIPA"]},{"@type":"Person","@id":"https:\/\/www.pressenza.com\/es\/#\/schema\/person\/35221cfd7eeca947b184bfc91172e541","name":"eldiario.es","description":"eldiario.es is a new digital media with information and analysis focussing on politics and economics in its broadest sense: what affects people more than parties or markets. eldiario.es","url":"https:\/\/www.pressenza.com\/es\/author\/eldiario-es\/"}]}},"place":"Amiens, Francia","original_article_url":"http:\/\/www.guerraeterna.com\/emboscada-de-le-pen-a-macron-en-una-region-castigada-por-la-crisis\/?#","_links":{"self":[{"href":"https:\/\/www.pressenza.com\/es\/wp-json\/wp\/v2\/posts\/458014","targetHints":{"allow":["GET"]}}],"collection":[{"href":"https:\/\/www.pressenza.com\/es\/wp-json\/wp\/v2\/posts"}],"about":[{"href":"https:\/\/www.pressenza.com\/es\/wp-json\/wp\/v2\/types\/post"}],"author":[{"embeddable":true,"href":"https:\/\/www.pressenza.com\/es\/wp-json\/wp\/v2\/users\/1170"}],"replies":[{"embeddable":true,"href":"https:\/\/www.pressenza.com\/es\/wp-json\/wp\/v2\/comments?post=458014"}],"version-history":[{"count":0,"href":"https:\/\/www.pressenza.com\/es\/wp-json\/wp\/v2\/posts\/458014\/revisions"}],"wp:featuredmedia":[{"embeddable":true,"href":"https:\/\/www.pressenza.com\/es\/wp-json\/wp\/v2\/media\/458018"}],"wp:attachment":[{"href":"https:\/\/www.pressenza.com\/es\/wp-json\/wp\/v2\/media?parent=458014"}],"wp:term":[{"taxonomy":"category","embeddable":true,"href":"https:\/\/www.pressenza.com\/es\/wp-json\/wp\/v2\/categories?post=458014"},{"taxonomy":"post_tag","embeddable":true,"href":"https:\/\/www.pressenza.com\/es\/wp-json\/wp\/v2\/tags?post=458014"}],"curies":[{"name":"wp","href":"https:\/\/api.w.org\/{rel}","templated":true}]}}