{"id":456612,"date":"2017-04-22T03:05:39","date_gmt":"2017-04-22T02:05:39","guid":{"rendered":"https:\/\/www.pressenza.com\/?p=456612\/"},"modified":"2017-04-22T03:07:06","modified_gmt":"2017-04-22T02:07:06","slug":"la-ilusion-del-cuidado-medico-en-la-carcel","status":"publish","type":"post","link":"https:\/\/www.pressenza.com\/es\/2017\/04\/la-ilusion-del-cuidado-medico-en-la-carcel\/","title":{"rendered":"La Ilusi\u00f3n del Cuidado M\u00e9dico en la C\u00e1rcel"},"content":{"rendered":"<p><em>Por Mum\u00eda Ab\u00fa-Jamal, traducci\u00f3n libre del ingl\u00e9s enviado por Fatirah Aziz<\/em><\/p>\n<p>En el tenebroso mundo de las prisiones norteamericanas, debe tirarse al olvido toda suposici\u00f3n que uno traiga sobre\u00a0cuidados m\u00e9dicos del llamado mundo de los libres.<\/p>\n<p>Nosotros hemos sido educados a ver a las enfermeras como dulces fuentes de consuelo, y a los doctores como gente dedicada a curar a los enfermos, a aliviar nuestros dolores.<\/p>\n<p>En la prisi\u00f3n, nuevas reglas gobiernan asuntos m\u00e9dicos y el cuidado\u00a0de los enfermos. Aqu\u00ed,\u00a0en la prisi\u00f3n, el dinero manda; el enfermo es casi siempre ignorado.<\/p>\n<p>\u00c9sto quiz\u00e1s parezca duro, pero puedo asegurarles, en la prisi\u00f3n la realidad es m\u00e1s dura.<\/p>\n<p>Recientemente escrib\u00ed sobre Dennis \u201cSolo\u201d McKeithan, un preso que hace de abogado para otros presos, en su batalla para conseguir ser examinado y tratado por\u00a0el doloroso desorden nervioso que resulta cuando a temprana edad se tiene sarampi\u00f3n o varicela. Leyendo los documentos de su\u00a0caso legal, fu\u00ed sorprendido por un asunto mencionado por el juez. El juez esencialmente pregunt\u00f3 si la compa\u00f1\u00eda contratada por el Departamento de Prisiones, DOC, (del ingl\u00e9s, Department of Corrections),\u00a0para proveer cuidado m\u00e9dico ten\u00eda un conflicto porque, como compa\u00f1\u00eda privada, su inter\u00e9s era hacer dinero\u00a0al negarse a proveer las medicinas necesarias que requieren los presos-pacientes.\u00a0 Los testigos del personal m\u00e9dico del DOC negaron la sugerencia del juez; pero el juez hab\u00eda puesto el dedo en la llaga.<\/p>\n<p>Desde 2015 hasta hoy, mis abogados y yo hemos estado demandando bu\u00e9n tratamiento para mi infecci\u00f3n de hepatitis C. El DOC inicialmente present\u00f3 una falsa declaraci\u00f3n que justific\u00f3 que un Magistrado de las Cortes rechazara mi juicio. El DOC dijo que mi hepatittis estaba bi\u00e9n, y que yo pod\u00eda pasar a\u00f1os sin tratamiento.<\/p>\n<p>Un juez federal no estuvo de acuerdo con esa declaraci\u00f3n, y tuvo una audiencia en la que se mostr\u00f3 que esa declaraci\u00f3n era falsa &#8211;y meses despu\u00e9s declar\u00f3 que el llamado \u00abprotocolo\u00bb iba contra la Constituci\u00f3n de los Estados Unidos &#8211;el \u00abprotocolo\u00bb fue publicado por primera vez en nuestra audiencia!<\/p>\n<p>El DOC contra atac\u00f3, diciendo que mi hepatitis C estaba\u00a0en un nivel relativamente bajo.<\/p>\n<p>El juez no estuvo de acuerdo otra vez: declar\u00f3 por segunda vez que el \u00abprotocolo\u00bb va contra la Constituci\u00f3n del pa\u00eds, y orden\u00f3 que me den un tratamiento dentro de 21 d\u00edas. El DOC esencialmente ignor\u00f3 por dos meses la orden de la corte &#8211;y hace pocos d\u00edas fu\u00ed sometido a m\u00e1s pruebas m\u00e9dicas.<\/p>\n<p>Los resultados de esas pruebas acaban de llegar. No solo tengo\u00a0avanzada hepatitis C &#8212; ahora tengo tambi\u00e9n cirrosis del h\u00edgado &#8212; Fase F4, porque el DOC no quizo poner el dinero para curar mi infecci\u00f3n.<\/p>\n<p>El DOC dijo que mi tratamiento m\u00e9dico les podr\u00eda costar $400,000,000 d\u00f3lares.<\/p>\n<p>A m\u00ed solo me podr\u00eda costar la vida.<\/p>\n","protected":false},"excerpt":{"rendered":"<p>Por Mum\u00eda Ab\u00fa-Jamal, traducci\u00f3n libre del ingl\u00e9s enviado por Fatirah Aziz En el tenebroso mundo de las prisiones norteamericanas, debe tirarse al olvido toda suposici\u00f3n que uno traiga sobre\u00a0cuidados m\u00e9dicos del llamado mundo de los libres. Nosotros hemos sido educados&hellip;<\/p>\n","protected":false},"author":1126,"featured_media":456610,"comment_status":"closed","ping_status":"closed","sticky":false,"template":"","format":"standard","meta":{"footnotes":""},"categories":[68,161,1239],"tags":[16992],"class_list":["post-456612","post","type-post","status-publish","format-standard","has-post-thumbnail","hentry","category-norteamerica","category-opiniones","category-salud","tag-mumia-abu-jamal"],"yoast_head":"<!-- This site is optimized with the Yoast SEO plugin v27.1.1 - https:\/\/yoast.com\/product\/yoast-seo-wordpress\/ -->\n<title>La Ilusi\u00f3n del Cuidado M\u00e9dico en la C\u00e1rcel<\/title>\n<meta name=\"description\" content=\"Por Mum\u00eda Ab\u00fa-Jamal, traducci\u00f3n libre del ingl\u00e9s enviado por Fatirah Aziz En el tenebroso mundo de las prisiones norteamericanas, debe tirarse al olvido\" \/>\n<meta name=\"robots\" content=\"index, follow, max-snippet:-1, max-image-preview:large, max-video-preview:-1\" \/>\n<link rel=\"canonical\" href=\"https:\/\/www.pressenza.com\/es\/2017\/04\/la-ilusion-del-cuidado-medico-en-la-carcel\/\" \/>\n<meta property=\"og:locale\" content=\"es_ES\" \/>\n<meta property=\"og:type\" content=\"article\" \/>\n<meta property=\"og:title\" content=\"La Ilusi\u00f3n del Cuidado M\u00e9dico en la C\u00e1rcel\" \/>\n<meta property=\"og:description\" content=\"Por Mum\u00eda Ab\u00fa-Jamal, traducci\u00f3n libre del ingl\u00e9s enviado por Fatirah Aziz En el tenebroso mundo de las prisiones norteamericanas, debe tirarse al olvido\" \/>\n<meta property=\"og:url\" content=\"https:\/\/www.pressenza.com\/es\/2017\/04\/la-ilusion-del-cuidado-medico-en-la-carcel\/\" \/>\n<meta property=\"og:site_name\" content=\"Pressenza\" \/>\n<meta property=\"article:publisher\" content=\"https:\/\/www.facebook.com\/PressenzaItalia\" \/>\n<meta property=\"article:author\" content=\"https:\/\/www.facebook.com\/PressenzaEnglish\/\" \/>\n<meta property=\"article:published_time\" content=\"2017-04-22T02:05:39+00:00\" \/>\n<meta property=\"article:modified_time\" content=\"2017-04-22T02:07:06+00:00\" \/>\n<meta property=\"og:image\" content=\"https:\/\/www.pressenza.com\/wp-content\/uploads\/2017\/04\/mumia_opt2.jpg\" \/>\n\t<meta property=\"og:image:width\" content=\"1920\" \/>\n\t<meta property=\"og:image:height\" content=\"1080\" \/>\n\t<meta property=\"og:image:type\" content=\"image\/jpeg\" \/>\n<meta name=\"author\" content=\"Pressenza New York\" \/>\n<meta name=\"twitter:card\" content=\"summary_large_image\" \/>\n<meta name=\"twitter:creator\" content=\"@PressenzaIPA\" \/>\n<meta name=\"twitter:site\" content=\"@PressenzaIPA\" \/>\n<meta name=\"twitter:label1\" content=\"Escrito por\" \/>\n\t<meta name=\"twitter:data1\" content=\"Pressenza New York\" \/>\n\t<meta name=\"twitter:label2\" content=\"Tiempo de lectura\" \/>\n\t<meta name=\"twitter:data2\" content=\"3 minutos\" \/>\n<script type=\"application\/ld+json\" class=\"yoast-schema-graph\">{\"@context\":\"https:\/\/schema.org\",\"@graph\":[{\"@type\":\"Article\",\"@id\":\"https:\/\/www.pressenza.com\/es\/2017\/04\/la-ilusion-del-cuidado-medico-en-la-carcel\/#article\",\"isPartOf\":{\"@id\":\"https:\/\/www.pressenza.com\/es\/2017\/04\/la-ilusion-del-cuidado-medico-en-la-carcel\/\"},\"author\":{\"name\":\"Pressenza New York\",\"@id\":\"https:\/\/www.pressenza.com\/es\/#\/schema\/person\/75ff8ec4b4b03f1d2da977bba83672b3\"},\"headline\":\"La Ilusi\u00f3n del Cuidado M\u00e9dico en la C\u00e1rcel\",\"datePublished\":\"2017-04-22T02:05:39+00:00\",\"dateModified\":\"2017-04-22T02:07:06+00:00\",\"mainEntityOfPage\":{\"@id\":\"https:\/\/www.pressenza.com\/es\/2017\/04\/la-ilusion-del-cuidado-medico-en-la-carcel\/\"},\"wordCount\":513,\"publisher\":{\"@id\":\"https:\/\/www.pressenza.com\/es\/#organization\"},\"image\":{\"@id\":\"https:\/\/www.pressenza.com\/es\/2017\/04\/la-ilusion-del-cuidado-medico-en-la-carcel\/#primaryimage\"},\"thumbnailUrl\":\"https:\/\/www.pressenza.com\/wp-content\/uploads\/2017\/04\/mumia_opt2.jpg\",\"keywords\":[\"Mumia Abu Jamal\"],\"articleSection\":[\"Norteam\u00e9rica\",\"Opiniones\",\"Salud\"],\"inLanguage\":\"es\"},{\"@type\":\"WebPage\",\"@id\":\"https:\/\/www.pressenza.com\/es\/2017\/04\/la-ilusion-del-cuidado-medico-en-la-carcel\/\",\"url\":\"https:\/\/www.pressenza.com\/es\/2017\/04\/la-ilusion-del-cuidado-medico-en-la-carcel\/\",\"name\":\"La Ilusi\u00f3n del Cuidado M\u00e9dico en la C\u00e1rcel\",\"isPartOf\":{\"@id\":\"https:\/\/www.pressenza.com\/es\/#website\"},\"primaryImageOfPage\":{\"@id\":\"https:\/\/www.pressenza.com\/es\/2017\/04\/la-ilusion-del-cuidado-medico-en-la-carcel\/#primaryimage\"},\"image\":{\"@id\":\"https:\/\/www.pressenza.com\/es\/2017\/04\/la-ilusion-del-cuidado-medico-en-la-carcel\/#primaryimage\"},\"thumbnailUrl\":\"https:\/\/www.pressenza.com\/wp-content\/uploads\/2017\/04\/mumia_opt2.jpg\",\"datePublished\":\"2017-04-22T02:05:39+00:00\",\"dateModified\":\"2017-04-22T02:07:06+00:00\",\"description\":\"Por Mum\u00eda Ab\u00fa-Jamal, traducci\u00f3n libre del ingl\u00e9s enviado por Fatirah Aziz En el tenebroso mundo de las prisiones norteamericanas, debe tirarse al olvido\",\"breadcrumb\":{\"@id\":\"https:\/\/www.pressenza.com\/es\/2017\/04\/la-ilusion-del-cuidado-medico-en-la-carcel\/#breadcrumb\"},\"inLanguage\":\"es\",\"potentialAction\":[{\"@type\":\"ReadAction\",\"target\":[\"https:\/\/www.pressenza.com\/es\/2017\/04\/la-ilusion-del-cuidado-medico-en-la-carcel\/\"]}]},{\"@type\":\"ImageObject\",\"inLanguage\":\"es\",\"@id\":\"https:\/\/www.pressenza.com\/es\/2017\/04\/la-ilusion-del-cuidado-medico-en-la-carcel\/#primaryimage\",\"url\":\"https:\/\/www.pressenza.com\/wp-content\/uploads\/2017\/04\/mumia_opt2.jpg\",\"contentUrl\":\"https:\/\/www.pressenza.com\/wp-content\/uploads\/2017\/04\/mumia_opt2.jpg\",\"width\":1920,\"height\":1080},{\"@type\":\"BreadcrumbList\",\"@id\":\"https:\/\/www.pressenza.com\/es\/2017\/04\/la-ilusion-del-cuidado-medico-en-la-carcel\/#breadcrumb\",\"itemListElement\":[{\"@type\":\"ListItem\",\"position\":1,\"name\":\"Accueil\",\"item\":\"https:\/\/www.pressenza.com\/es\/\"},{\"@type\":\"ListItem\",\"position\":2,\"name\":\"La Ilusi\u00f3n del Cuidado M\u00e9dico en la C\u00e1rcel\"}]},{\"@type\":\"WebSite\",\"@id\":\"https:\/\/www.pressenza.com\/es\/#website\",\"url\":\"https:\/\/www.pressenza.com\/es\/\",\"name\":\"Pressenza\",\"description\":\"International Press Agency\",\"publisher\":{\"@id\":\"https:\/\/www.pressenza.com\/es\/#organization\"},\"potentialAction\":[{\"@type\":\"SearchAction\",\"target\":{\"@type\":\"EntryPoint\",\"urlTemplate\":\"https:\/\/www.pressenza.com\/es\/?s={search_term_string}\"},\"query-input\":{\"@type\":\"PropertyValueSpecification\",\"valueRequired\":true,\"valueName\":\"search_term_string\"}}],\"inLanguage\":\"es\"},{\"@type\":\"Organization\",\"@id\":\"https:\/\/www.pressenza.com\/es\/#organization\",\"name\":\"Pressenza\",\"url\":\"https:\/\/www.pressenza.com\/es\/\",\"logo\":{\"@type\":\"ImageObject\",\"inLanguage\":\"es\",\"@id\":\"https:\/\/www.pressenza.com\/es\/#\/schema\/logo\/image\/\",\"url\":\"https:\/\/www.pressenza.com\/wp-content\/uploads\/2022\/10\/pressenza_logo_200x200.jpg\",\"contentUrl\":\"https:\/\/www.pressenza.com\/wp-content\/uploads\/2022\/10\/pressenza_logo_200x200.jpg\",\"width\":200,\"height\":200,\"caption\":\"Pressenza\"},\"image\":{\"@id\":\"https:\/\/www.pressenza.com\/es\/#\/schema\/logo\/image\/\"},\"sameAs\":[\"https:\/\/www.facebook.com\/PressenzaItalia\",\"https:\/\/x.com\/PressenzaIPA\"]},{\"@type\":\"Person\",\"@id\":\"https:\/\/www.pressenza.com\/es\/#\/schema\/person\/75ff8ec4b4b03f1d2da977bba83672b3\",\"name\":\"Pressenza New York\",\"description\":\"News from the Pressenza Bureau in New York, United States\",\"sameAs\":[\"https:\/\/www.facebook.com\/PressenzaEnglish\/\",\"https:\/\/x.com\/PressenzaIPA\"],\"url\":\"https:\/\/www.pressenza.com\/es\/author\/pressenza-new-york\/\"}]}<\/script>\n<!-- \/ Yoast SEO plugin. -->","yoast_head_json":{"title":"La Ilusi\u00f3n del Cuidado M\u00e9dico en la C\u00e1rcel","description":"Por Mum\u00eda Ab\u00fa-Jamal, traducci\u00f3n libre del ingl\u00e9s enviado por Fatirah Aziz En el tenebroso mundo de las prisiones norteamericanas, debe tirarse al olvido","robots":{"index":"index","follow":"follow","max-snippet":"max-snippet:-1","max-image-preview":"max-image-preview:large","max-video-preview":"max-video-preview:-1"},"canonical":"https:\/\/www.pressenza.com\/es\/2017\/04\/la-ilusion-del-cuidado-medico-en-la-carcel\/","og_locale":"es_ES","og_type":"article","og_title":"La Ilusi\u00f3n del Cuidado M\u00e9dico en la C\u00e1rcel","og_description":"Por Mum\u00eda Ab\u00fa-Jamal, traducci\u00f3n libre del ingl\u00e9s enviado por Fatirah Aziz En el tenebroso mundo de las prisiones norteamericanas, debe tirarse al olvido","og_url":"https:\/\/www.pressenza.com\/es\/2017\/04\/la-ilusion-del-cuidado-medico-en-la-carcel\/","og_site_name":"Pressenza","article_publisher":"https:\/\/www.facebook.com\/PressenzaItalia","article_author":"https:\/\/www.facebook.com\/PressenzaEnglish\/","article_published_time":"2017-04-22T02:05:39+00:00","article_modified_time":"2017-04-22T02:07:06+00:00","og_image":[{"width":1920,"height":1080,"url":"https:\/\/www.pressenza.com\/wp-content\/uploads\/2017\/04\/mumia_opt2.jpg","type":"image\/jpeg"}],"author":"Pressenza New York","twitter_card":"summary_large_image","twitter_creator":"@PressenzaIPA","twitter_site":"@PressenzaIPA","twitter_misc":{"Escrito por":"Pressenza New York","Tiempo de lectura":"3 minutos"},"schema":{"@context":"https:\/\/schema.org","@graph":[{"@type":"Article","@id":"https:\/\/www.pressenza.com\/es\/2017\/04\/la-ilusion-del-cuidado-medico-en-la-carcel\/#article","isPartOf":{"@id":"https:\/\/www.pressenza.com\/es\/2017\/04\/la-ilusion-del-cuidado-medico-en-la-carcel\/"},"author":{"name":"Pressenza New York","@id":"https:\/\/www.pressenza.com\/es\/#\/schema\/person\/75ff8ec4b4b03f1d2da977bba83672b3"},"headline":"La Ilusi\u00f3n del Cuidado M\u00e9dico en la C\u00e1rcel","datePublished":"2017-04-22T02:05:39+00:00","dateModified":"2017-04-22T02:07:06+00:00","mainEntityOfPage":{"@id":"https:\/\/www.pressenza.com\/es\/2017\/04\/la-ilusion-del-cuidado-medico-en-la-carcel\/"},"wordCount":513,"publisher":{"@id":"https:\/\/www.pressenza.com\/es\/#organization"},"image":{"@id":"https:\/\/www.pressenza.com\/es\/2017\/04\/la-ilusion-del-cuidado-medico-en-la-carcel\/#primaryimage"},"thumbnailUrl":"https:\/\/www.pressenza.com\/wp-content\/uploads\/2017\/04\/mumia_opt2.jpg","keywords":["Mumia Abu Jamal"],"articleSection":["Norteam\u00e9rica","Opiniones","Salud"],"inLanguage":"es"},{"@type":"WebPage","@id":"https:\/\/www.pressenza.com\/es\/2017\/04\/la-ilusion-del-cuidado-medico-en-la-carcel\/","url":"https:\/\/www.pressenza.com\/es\/2017\/04\/la-ilusion-del-cuidado-medico-en-la-carcel\/","name":"La Ilusi\u00f3n del Cuidado M\u00e9dico en la C\u00e1rcel","isPartOf":{"@id":"https:\/\/www.pressenza.com\/es\/#website"},"primaryImageOfPage":{"@id":"https:\/\/www.pressenza.com\/es\/2017\/04\/la-ilusion-del-cuidado-medico-en-la-carcel\/#primaryimage"},"image":{"@id":"https:\/\/www.pressenza.com\/es\/2017\/04\/la-ilusion-del-cuidado-medico-en-la-carcel\/#primaryimage"},"thumbnailUrl":"https:\/\/www.pressenza.com\/wp-content\/uploads\/2017\/04\/mumia_opt2.jpg","datePublished":"2017-04-22T02:05:39+00:00","dateModified":"2017-04-22T02:07:06+00:00","description":"Por Mum\u00eda Ab\u00fa-Jamal, traducci\u00f3n libre del ingl\u00e9s enviado por Fatirah Aziz En el tenebroso mundo de las prisiones norteamericanas, debe tirarse al olvido","breadcrumb":{"@id":"https:\/\/www.pressenza.com\/es\/2017\/04\/la-ilusion-del-cuidado-medico-en-la-carcel\/#breadcrumb"},"inLanguage":"es","potentialAction":[{"@type":"ReadAction","target":["https:\/\/www.pressenza.com\/es\/2017\/04\/la-ilusion-del-cuidado-medico-en-la-carcel\/"]}]},{"@type":"ImageObject","inLanguage":"es","@id":"https:\/\/www.pressenza.com\/es\/2017\/04\/la-ilusion-del-cuidado-medico-en-la-carcel\/#primaryimage","url":"https:\/\/www.pressenza.com\/wp-content\/uploads\/2017\/04\/mumia_opt2.jpg","contentUrl":"https:\/\/www.pressenza.com\/wp-content\/uploads\/2017\/04\/mumia_opt2.jpg","width":1920,"height":1080},{"@type":"BreadcrumbList","@id":"https:\/\/www.pressenza.com\/es\/2017\/04\/la-ilusion-del-cuidado-medico-en-la-carcel\/#breadcrumb","itemListElement":[{"@type":"ListItem","position":1,"name":"Accueil","item":"https:\/\/www.pressenza.com\/es\/"},{"@type":"ListItem","position":2,"name":"La Ilusi\u00f3n del Cuidado M\u00e9dico en la C\u00e1rcel"}]},{"@type":"WebSite","@id":"https:\/\/www.pressenza.com\/es\/#website","url":"https:\/\/www.pressenza.com\/es\/","name":"Pressenza","description":"International Press Agency","publisher":{"@id":"https:\/\/www.pressenza.com\/es\/#organization"},"potentialAction":[{"@type":"SearchAction","target":{"@type":"EntryPoint","urlTemplate":"https:\/\/www.pressenza.com\/es\/?s={search_term_string}"},"query-input":{"@type":"PropertyValueSpecification","valueRequired":true,"valueName":"search_term_string"}}],"inLanguage":"es"},{"@type":"Organization","@id":"https:\/\/www.pressenza.com\/es\/#organization","name":"Pressenza","url":"https:\/\/www.pressenza.com\/es\/","logo":{"@type":"ImageObject","inLanguage":"es","@id":"https:\/\/www.pressenza.com\/es\/#\/schema\/logo\/image\/","url":"https:\/\/www.pressenza.com\/wp-content\/uploads\/2022\/10\/pressenza_logo_200x200.jpg","contentUrl":"https:\/\/www.pressenza.com\/wp-content\/uploads\/2022\/10\/pressenza_logo_200x200.jpg","width":200,"height":200,"caption":"Pressenza"},"image":{"@id":"https:\/\/www.pressenza.com\/es\/#\/schema\/logo\/image\/"},"sameAs":["https:\/\/www.facebook.com\/PressenzaItalia","https:\/\/x.com\/PressenzaIPA"]},{"@type":"Person","@id":"https:\/\/www.pressenza.com\/es\/#\/schema\/person\/75ff8ec4b4b03f1d2da977bba83672b3","name":"Pressenza New York","description":"News from the Pressenza Bureau in New York, United States","sameAs":["https:\/\/www.facebook.com\/PressenzaEnglish\/","https:\/\/x.com\/PressenzaIPA"],"url":"https:\/\/www.pressenza.com\/es\/author\/pressenza-new-york\/"}]}},"place":"","original_article_url":"","_links":{"self":[{"href":"https:\/\/www.pressenza.com\/es\/wp-json\/wp\/v2\/posts\/456612","targetHints":{"allow":["GET"]}}],"collection":[{"href":"https:\/\/www.pressenza.com\/es\/wp-json\/wp\/v2\/posts"}],"about":[{"href":"https:\/\/www.pressenza.com\/es\/wp-json\/wp\/v2\/types\/post"}],"author":[{"embeddable":true,"href":"https:\/\/www.pressenza.com\/es\/wp-json\/wp\/v2\/users\/1126"}],"replies":[{"embeddable":true,"href":"https:\/\/www.pressenza.com\/es\/wp-json\/wp\/v2\/comments?post=456612"}],"version-history":[{"count":0,"href":"https:\/\/www.pressenza.com\/es\/wp-json\/wp\/v2\/posts\/456612\/revisions"}],"wp:featuredmedia":[{"embeddable":true,"href":"https:\/\/www.pressenza.com\/es\/wp-json\/wp\/v2\/media\/456610"}],"wp:attachment":[{"href":"https:\/\/www.pressenza.com\/es\/wp-json\/wp\/v2\/media?parent=456612"}],"wp:term":[{"taxonomy":"category","embeddable":true,"href":"https:\/\/www.pressenza.com\/es\/wp-json\/wp\/v2\/categories?post=456612"},{"taxonomy":"post_tag","embeddable":true,"href":"https:\/\/www.pressenza.com\/es\/wp-json\/wp\/v2\/tags?post=456612"}],"curies":[{"name":"wp","href":"https:\/\/api.w.org\/{rel}","templated":true}]}}