{"id":456288,"date":"2017-04-21T18:12:23","date_gmt":"2017-04-21T17:12:23","guid":{"rendered":"https:\/\/www.pressenza.com\/?p=456288\/"},"modified":"2017-04-21T18:12:23","modified_gmt":"2017-04-21T17:12:23","slug":"gesualdi-acercaos-a-don-milani-respetando-su-espiritu","status":"publish","type":"post","link":"https:\/\/www.pressenza.com\/es\/2017\/04\/gesualdi-acercaos-a-don-milani-respetando-su-espiritu\/","title":{"rendered":"Gesualdi: \u00abAproxim\u00e9monos a don Milani respetando su esp\u00edritu\u00bb"},"content":{"rendered":"<p><em>Llegando a la redacci\u00f3n y, con mucho gusto, publicamos un comunicado de prensa de Francuccio y Michele Gesualdi, los estudiantes de la Escuela de Barbiana, que quiere ser una respuesta indirecta a quienes, en los \u00faltimos d\u00edas, se aproximan groseramente Don Lorenzo Milani.<\/em><\/p>\n<p>Este a\u00f1o, en el que se recuerda el quincuag\u00e9simo aniversario de su muerte, sentimos la necesidad de expresar lo que, a nuestra manera de ver, es la forma correcta de aproximarse a Don Lorenzo Milani, respetando su esp\u00edritu.<\/p>\n<p>Creemos que, frente a una persona como \u00e9l que ha dejado una huella en la historia, la \u00fanica actitud correcta es entender lo que todav\u00eda tiene de importante para decirnos, asumiendo as\u00ed nuestras responsabilidades. Es decir, preguntarnos c\u00f3mo aplicar en nuestro tiempo su propuesta atemporal.<\/p>\n<p>Don Lorenzo dedic\u00f3 su vida a devolver la dignidad a los campesinos y trabajadores, que debido a la propia inferioridad cultural, fueron humillados, oprimidos y saqueados por los empresarios, terratenientes y todo tipo de especuladores.<\/p>\n<p>Su dedicaci\u00f3n a aquellos que el Papa Bergoglio define como \u00abdescartados\u00bb, fue total. No queriendo nada m\u00e1s que el bien de sus alumnos, incluso su amor fue total. Hasta llegar a olvidarse de s\u00ed mismo. Aunque se cri\u00f3 en el ambiente de clase media rodeado de cultura, don Lorenzo no cultiv\u00f3 intereses personales, hizo lecturas para su propio placer, no estudiaba para su propia erudici\u00f3n. Viv\u00eda s\u00f3lo para nosotros: le\u00eda con nosotros, escrib\u00eda con nosotros, acog\u00eda a los hu\u00e9spedes con nosotros. Con un objetivo: elevarnos culturalmente para vernos crecer libres. \u00c9l constantemente se preguntaba c\u00f3mo pod\u00eda dar respuesta al problema particular que presenta cada uno de nosotros. En particular, los m\u00e1s atrasados. Quer\u00eda tan intensamente nuestro propio bien, que se vio obligado a admitir en su lecho de muerte: \u00abLos he querido mucho m\u00e1s a ustedes que Dios.\u00bb<\/p>\n<p>Teniendo un respeto sagrado por el tiempo, la gente y el pensamiento, detestaba la superficialidad, los juicios temerarios, hablar y escribir con el mismo fin, perseguido con el \u00fanico prop\u00f3sito de dar a conocer la propia persona o para servir a los propios intereses. \u00c9l nos ense\u00f1\u00f3 a usar el conocimiento para nuestra dignidad personal, de ejercer soberan\u00eda junto con otros, para hacer triunfar el bien com\u00fan.<\/p>\n<p>Conceb\u00eda las ideas y experiencias como procesos colectivos de b\u00fasqueda de la verdad, no atribuibles a una persona en concreto. Por esta detestaba todas las formas de personalismo, tanto en la forma del culto a la personalidad como de la denigraci\u00f3n. Convencido de que las ideas y experiencias son siempre el resultado de caminos colectivos, de encuentros entre personas, culturas, historias, su deseo era desaparecer como persona. La verdad no es propiedad privada de nadie, ni requiere m\u00e9ritos especiales para ser perseguida.<\/p>\n<p>Frente a un hombre delante de este calibre, que ha demostrado ser aut\u00e9ntico hombre de Dios iluminado por el Evangelio, la \u00fanica actitud posible es el respeto y la investigaci\u00f3n minuciosa. Cada etiqueta lejana a \u00e9l, que se atribuyen en frases dispersas y fuera de contexto, es un delito, no solo contra \u00e9l, sino sobre todo contra la honestidad intelectual.<\/p>\n<p>Francuccio y Michele Gesualdi<\/p>\n<p>21 de abril de 2017<\/p>\n","protected":false},"excerpt":{"rendered":"<p>Llegando a la redacci\u00f3n y, con mucho gusto, publicamos un comunicado de prensa de Francuccio y Michele Gesualdi, los estudiantes de la Escuela de Barbiana, que quiere ser una respuesta indirecta a quienes, en los \u00faltimos d\u00edas, se aproximan groseramente&hellip;<\/p>\n","protected":false},"author":999,"featured_media":456194,"comment_status":"closed","ping_status":"closed","sticky":false,"template":"","format":"standard","meta":{"footnotes":""},"categories":[149,11389,75,66,161],"tags":[36758,36759,17676,36760,8475,1042,36746,26299,383,36757,36743],"class_list":["post-456288","post","type-post","status-publish","format-standard","has-post-thumbnail","hentry","category-comunicados-de-prensa","category-contenido-original","category-cultura-es","category-europa-es","category-opiniones","tag-comunidad-don-milani","tag-controversia","tag-don-milani","tag-escuela-de-barbiana","tag-francuccio-gesualdi","tag-libros","tag-michele-gesualdi","tag-no-violencia","tag-noviolencia","tag-quemar-todo","tag-walter-siti"],"yoast_head":"<!-- This site is optimized with the Yoast SEO plugin v27.1.1 - https:\/\/yoast.com\/product\/yoast-seo-wordpress\/ -->\n<title>Gesualdi: &quot;Aproxim\u00e9monos a don Milani respetando su esp\u00edritu&quot;<\/title>\n<meta name=\"description\" content=\"Llegando a la redacci\u00f3n y, con mucho gusto, publicamos un comunicado de prensa de Francuccio y Michele Gesualdi, los estudiantes de la Escuela de\" \/>\n<meta name=\"robots\" content=\"index, follow, max-snippet:-1, max-image-preview:large, max-video-preview:-1\" \/>\n<link rel=\"canonical\" href=\"https:\/\/www.pressenza.com\/es\/2017\/04\/gesualdi-acercaos-a-don-milani-respetando-su-espiritu\/\" \/>\n<meta property=\"og:locale\" content=\"es_ES\" \/>\n<meta property=\"og:type\" content=\"article\" \/>\n<meta property=\"og:title\" content=\"Gesualdi: &quot;Aproxim\u00e9monos a don Milani respetando su esp\u00edritu&quot;\" \/>\n<meta property=\"og:description\" content=\"Llegando a la redacci\u00f3n y, con mucho gusto, publicamos un comunicado de prensa de Francuccio y Michele Gesualdi, los estudiantes de la Escuela de\" \/>\n<meta property=\"og:url\" content=\"https:\/\/www.pressenza.com\/es\/2017\/04\/gesualdi-acercaos-a-don-milani-respetando-su-espiritu\/\" \/>\n<meta property=\"og:site_name\" content=\"Pressenza\" \/>\n<meta property=\"article:publisher\" content=\"https:\/\/www.facebook.com\/PressenzaItalia\" \/>\n<meta property=\"article:published_time\" content=\"2017-04-21T17:12:23+00:00\" \/>\n<meta property=\"og:image\" content=\"https:\/\/www.pressenza.com\/wp-content\/uploads\/2017\/04\/800px-Don_milani.jpg\" \/>\n\t<meta property=\"og:image:width\" content=\"750\" \/>\n\t<meta property=\"og:image:height\" content=\"450\" \/>\n\t<meta property=\"og:image:type\" content=\"image\/jpeg\" \/>\n<meta name=\"author\" content=\"Francesco Gesualdi\" \/>\n<meta name=\"twitter:card\" content=\"summary_large_image\" \/>\n<meta name=\"twitter:creator\" content=\"@PressenzaIPA\" \/>\n<meta name=\"twitter:site\" content=\"@PressenzaIPA\" \/>\n<meta name=\"twitter:label1\" content=\"Escrito por\" \/>\n\t<meta name=\"twitter:data1\" content=\"Francesco Gesualdi\" \/>\n\t<meta name=\"twitter:label2\" content=\"Tiempo de lectura\" \/>\n\t<meta name=\"twitter:data2\" content=\"3 minutos\" \/>\n<script type=\"application\/ld+json\" class=\"yoast-schema-graph\">{\"@context\":\"https:\/\/schema.org\",\"@graph\":[{\"@type\":\"Article\",\"@id\":\"https:\/\/www.pressenza.com\/es\/2017\/04\/gesualdi-acercaos-a-don-milani-respetando-su-espiritu\/#article\",\"isPartOf\":{\"@id\":\"https:\/\/www.pressenza.com\/es\/2017\/04\/gesualdi-acercaos-a-don-milani-respetando-su-espiritu\/\"},\"author\":{\"name\":\"Francesco Gesualdi\",\"@id\":\"https:\/\/www.pressenza.com\/es\/#\/schema\/person\/917a3e02e872b079ec9f4bdf7fe2b93d\"},\"headline\":\"Gesualdi: \u00abAproxim\u00e9monos a don Milani respetando su esp\u00edritu\u00bb\",\"datePublished\":\"2017-04-21T17:12:23+00:00\",\"mainEntityOfPage\":{\"@id\":\"https:\/\/www.pressenza.com\/es\/2017\/04\/gesualdi-acercaos-a-don-milani-respetando-su-espiritu\/\"},\"wordCount\":555,\"publisher\":{\"@id\":\"https:\/\/www.pressenza.com\/es\/#organization\"},\"image\":{\"@id\":\"https:\/\/www.pressenza.com\/es\/2017\/04\/gesualdi-acercaos-a-don-milani-respetando-su-espiritu\/#primaryimage\"},\"thumbnailUrl\":\"https:\/\/www.pressenza.com\/wp-content\/uploads\/2017\/04\/800px-Don_milani.jpg\",\"keywords\":[\"comunidad don Milani\",\"controversia\",\"Don Milani\",\"escuela de Barbiana\",\"Francuccio Gesualdi\",\"libros\",\"Michele Gesualdi\",\"No violencia\",\"Noviolencia\",\"quemar todo\",\"Walter Siti\"],\"articleSection\":[\"Comunicados de Prensa\",\"Contenido Original\",\"Cultura y Medios\",\"Europa\",\"Opiniones\"],\"inLanguage\":\"es\"},{\"@type\":\"WebPage\",\"@id\":\"https:\/\/www.pressenza.com\/es\/2017\/04\/gesualdi-acercaos-a-don-milani-respetando-su-espiritu\/\",\"url\":\"https:\/\/www.pressenza.com\/es\/2017\/04\/gesualdi-acercaos-a-don-milani-respetando-su-espiritu\/\",\"name\":\"Gesualdi: \\\"Aproxim\u00e9monos a don Milani respetando su esp\u00edritu\\\"\",\"isPartOf\":{\"@id\":\"https:\/\/www.pressenza.com\/es\/#website\"},\"primaryImageOfPage\":{\"@id\":\"https:\/\/www.pressenza.com\/es\/2017\/04\/gesualdi-acercaos-a-don-milani-respetando-su-espiritu\/#primaryimage\"},\"image\":{\"@id\":\"https:\/\/www.pressenza.com\/es\/2017\/04\/gesualdi-acercaos-a-don-milani-respetando-su-espiritu\/#primaryimage\"},\"thumbnailUrl\":\"https:\/\/www.pressenza.com\/wp-content\/uploads\/2017\/04\/800px-Don_milani.jpg\",\"datePublished\":\"2017-04-21T17:12:23+00:00\",\"description\":\"Llegando a la redacci\u00f3n y, con mucho gusto, publicamos un comunicado de prensa de Francuccio y Michele Gesualdi, los estudiantes de la Escuela de\",\"breadcrumb\":{\"@id\":\"https:\/\/www.pressenza.com\/es\/2017\/04\/gesualdi-acercaos-a-don-milani-respetando-su-espiritu\/#breadcrumb\"},\"inLanguage\":\"es\",\"potentialAction\":[{\"@type\":\"ReadAction\",\"target\":[\"https:\/\/www.pressenza.com\/es\/2017\/04\/gesualdi-acercaos-a-don-milani-respetando-su-espiritu\/\"]}]},{\"@type\":\"ImageObject\",\"inLanguage\":\"es\",\"@id\":\"https:\/\/www.pressenza.com\/es\/2017\/04\/gesualdi-acercaos-a-don-milani-respetando-su-espiritu\/#primaryimage\",\"url\":\"https:\/\/www.pressenza.com\/wp-content\/uploads\/2017\/04\/800px-Don_milani.jpg\",\"contentUrl\":\"https:\/\/www.pressenza.com\/wp-content\/uploads\/2017\/04\/800px-Don_milani.jpg\",\"width\":750,\"height\":450},{\"@type\":\"BreadcrumbList\",\"@id\":\"https:\/\/www.pressenza.com\/es\/2017\/04\/gesualdi-acercaos-a-don-milani-respetando-su-espiritu\/#breadcrumb\",\"itemListElement\":[{\"@type\":\"ListItem\",\"position\":1,\"name\":\"Accueil\",\"item\":\"https:\/\/www.pressenza.com\/es\/\"},{\"@type\":\"ListItem\",\"position\":2,\"name\":\"Gesualdi: \u00abAproxim\u00e9monos a don Milani respetando su esp\u00edritu\u00bb\"}]},{\"@type\":\"WebSite\",\"@id\":\"https:\/\/www.pressenza.com\/es\/#website\",\"url\":\"https:\/\/www.pressenza.com\/es\/\",\"name\":\"Pressenza\",\"description\":\"International Press Agency\",\"publisher\":{\"@id\":\"https:\/\/www.pressenza.com\/es\/#organization\"},\"potentialAction\":[{\"@type\":\"SearchAction\",\"target\":{\"@type\":\"EntryPoint\",\"urlTemplate\":\"https:\/\/www.pressenza.com\/es\/?s={search_term_string}\"},\"query-input\":{\"@type\":\"PropertyValueSpecification\",\"valueRequired\":true,\"valueName\":\"search_term_string\"}}],\"inLanguage\":\"es\"},{\"@type\":\"Organization\",\"@id\":\"https:\/\/www.pressenza.com\/es\/#organization\",\"name\":\"Pressenza\",\"url\":\"https:\/\/www.pressenza.com\/es\/\",\"logo\":{\"@type\":\"ImageObject\",\"inLanguage\":\"es\",\"@id\":\"https:\/\/www.pressenza.com\/es\/#\/schema\/logo\/image\/\",\"url\":\"https:\/\/www.pressenza.com\/wp-content\/uploads\/2022\/10\/pressenza_logo_200x200.jpg\",\"contentUrl\":\"https:\/\/www.pressenza.com\/wp-content\/uploads\/2022\/10\/pressenza_logo_200x200.jpg\",\"width\":200,\"height\":200,\"caption\":\"Pressenza\"},\"image\":{\"@id\":\"https:\/\/www.pressenza.com\/es\/#\/schema\/logo\/image\/\"},\"sameAs\":[\"https:\/\/www.facebook.com\/PressenzaItalia\",\"https:\/\/x.com\/PressenzaIPA\"]},{\"@type\":\"Person\",\"@id\":\"https:\/\/www.pressenza.com\/es\/#\/schema\/person\/917a3e02e872b079ec9f4bdf7fe2b93d\",\"name\":\"Francesco Gesualdi\",\"description\":\"Francesco Gesualdi, gi\u00e0 allievo di don Milani, \u00e8 fondatore e coordinatore del Centro Nuovo Modello di Sviluppo di Vecchiano (Pisa), che si propone di ricercare nuove formule economiche capaci di garantire a tutti la soddisfazione dei bisogni fondamentali. Coordinatore di numerose campagne di pressione, \u00e8 tra i fondatori insieme ad Alex Zanotelli di Rete Lilliput. www.cnms.it\",\"sameAs\":[\"http:\/\/www.cnms.it\/\"],\"url\":\"https:\/\/www.pressenza.com\/es\/author\/francesco-gesualdi\/\"}]}<\/script>\n<!-- \/ Yoast SEO plugin. -->","yoast_head_json":{"title":"Gesualdi: \"Aproxim\u00e9monos a don Milani respetando su esp\u00edritu\"","description":"Llegando a la redacci\u00f3n y, con mucho gusto, publicamos un comunicado de prensa de Francuccio y Michele Gesualdi, los estudiantes de la Escuela de","robots":{"index":"index","follow":"follow","max-snippet":"max-snippet:-1","max-image-preview":"max-image-preview:large","max-video-preview":"max-video-preview:-1"},"canonical":"https:\/\/www.pressenza.com\/es\/2017\/04\/gesualdi-acercaos-a-don-milani-respetando-su-espiritu\/","og_locale":"es_ES","og_type":"article","og_title":"Gesualdi: \"Aproxim\u00e9monos a don Milani respetando su esp\u00edritu\"","og_description":"Llegando a la redacci\u00f3n y, con mucho gusto, publicamos un comunicado de prensa de Francuccio y Michele Gesualdi, los estudiantes de la Escuela de","og_url":"https:\/\/www.pressenza.com\/es\/2017\/04\/gesualdi-acercaos-a-don-milani-respetando-su-espiritu\/","og_site_name":"Pressenza","article_publisher":"https:\/\/www.facebook.com\/PressenzaItalia","article_published_time":"2017-04-21T17:12:23+00:00","og_image":[{"width":750,"height":450,"url":"https:\/\/www.pressenza.com\/wp-content\/uploads\/2017\/04\/800px-Don_milani.jpg","type":"image\/jpeg"}],"author":"Francesco Gesualdi","twitter_card":"summary_large_image","twitter_creator":"@PressenzaIPA","twitter_site":"@PressenzaIPA","twitter_misc":{"Escrito por":"Francesco Gesualdi","Tiempo de lectura":"3 minutos"},"schema":{"@context":"https:\/\/schema.org","@graph":[{"@type":"Article","@id":"https:\/\/www.pressenza.com\/es\/2017\/04\/gesualdi-acercaos-a-don-milani-respetando-su-espiritu\/#article","isPartOf":{"@id":"https:\/\/www.pressenza.com\/es\/2017\/04\/gesualdi-acercaos-a-don-milani-respetando-su-espiritu\/"},"author":{"name":"Francesco Gesualdi","@id":"https:\/\/www.pressenza.com\/es\/#\/schema\/person\/917a3e02e872b079ec9f4bdf7fe2b93d"},"headline":"Gesualdi: \u00abAproxim\u00e9monos a don Milani respetando su esp\u00edritu\u00bb","datePublished":"2017-04-21T17:12:23+00:00","mainEntityOfPage":{"@id":"https:\/\/www.pressenza.com\/es\/2017\/04\/gesualdi-acercaos-a-don-milani-respetando-su-espiritu\/"},"wordCount":555,"publisher":{"@id":"https:\/\/www.pressenza.com\/es\/#organization"},"image":{"@id":"https:\/\/www.pressenza.com\/es\/2017\/04\/gesualdi-acercaos-a-don-milani-respetando-su-espiritu\/#primaryimage"},"thumbnailUrl":"https:\/\/www.pressenza.com\/wp-content\/uploads\/2017\/04\/800px-Don_milani.jpg","keywords":["comunidad don Milani","controversia","Don Milani","escuela de Barbiana","Francuccio Gesualdi","libros","Michele Gesualdi","No violencia","Noviolencia","quemar todo","Walter Siti"],"articleSection":["Comunicados de Prensa","Contenido Original","Cultura y Medios","Europa","Opiniones"],"inLanguage":"es"},{"@type":"WebPage","@id":"https:\/\/www.pressenza.com\/es\/2017\/04\/gesualdi-acercaos-a-don-milani-respetando-su-espiritu\/","url":"https:\/\/www.pressenza.com\/es\/2017\/04\/gesualdi-acercaos-a-don-milani-respetando-su-espiritu\/","name":"Gesualdi: \"Aproxim\u00e9monos a don Milani respetando su esp\u00edritu\"","isPartOf":{"@id":"https:\/\/www.pressenza.com\/es\/#website"},"primaryImageOfPage":{"@id":"https:\/\/www.pressenza.com\/es\/2017\/04\/gesualdi-acercaos-a-don-milani-respetando-su-espiritu\/#primaryimage"},"image":{"@id":"https:\/\/www.pressenza.com\/es\/2017\/04\/gesualdi-acercaos-a-don-milani-respetando-su-espiritu\/#primaryimage"},"thumbnailUrl":"https:\/\/www.pressenza.com\/wp-content\/uploads\/2017\/04\/800px-Don_milani.jpg","datePublished":"2017-04-21T17:12:23+00:00","description":"Llegando a la redacci\u00f3n y, con mucho gusto, publicamos un comunicado de prensa de Francuccio y Michele Gesualdi, los estudiantes de la Escuela de","breadcrumb":{"@id":"https:\/\/www.pressenza.com\/es\/2017\/04\/gesualdi-acercaos-a-don-milani-respetando-su-espiritu\/#breadcrumb"},"inLanguage":"es","potentialAction":[{"@type":"ReadAction","target":["https:\/\/www.pressenza.com\/es\/2017\/04\/gesualdi-acercaos-a-don-milani-respetando-su-espiritu\/"]}]},{"@type":"ImageObject","inLanguage":"es","@id":"https:\/\/www.pressenza.com\/es\/2017\/04\/gesualdi-acercaos-a-don-milani-respetando-su-espiritu\/#primaryimage","url":"https:\/\/www.pressenza.com\/wp-content\/uploads\/2017\/04\/800px-Don_milani.jpg","contentUrl":"https:\/\/www.pressenza.com\/wp-content\/uploads\/2017\/04\/800px-Don_milani.jpg","width":750,"height":450},{"@type":"BreadcrumbList","@id":"https:\/\/www.pressenza.com\/es\/2017\/04\/gesualdi-acercaos-a-don-milani-respetando-su-espiritu\/#breadcrumb","itemListElement":[{"@type":"ListItem","position":1,"name":"Accueil","item":"https:\/\/www.pressenza.com\/es\/"},{"@type":"ListItem","position":2,"name":"Gesualdi: \u00abAproxim\u00e9monos a don Milani respetando su esp\u00edritu\u00bb"}]},{"@type":"WebSite","@id":"https:\/\/www.pressenza.com\/es\/#website","url":"https:\/\/www.pressenza.com\/es\/","name":"Pressenza","description":"International Press Agency","publisher":{"@id":"https:\/\/www.pressenza.com\/es\/#organization"},"potentialAction":[{"@type":"SearchAction","target":{"@type":"EntryPoint","urlTemplate":"https:\/\/www.pressenza.com\/es\/?s={search_term_string}"},"query-input":{"@type":"PropertyValueSpecification","valueRequired":true,"valueName":"search_term_string"}}],"inLanguage":"es"},{"@type":"Organization","@id":"https:\/\/www.pressenza.com\/es\/#organization","name":"Pressenza","url":"https:\/\/www.pressenza.com\/es\/","logo":{"@type":"ImageObject","inLanguage":"es","@id":"https:\/\/www.pressenza.com\/es\/#\/schema\/logo\/image\/","url":"https:\/\/www.pressenza.com\/wp-content\/uploads\/2022\/10\/pressenza_logo_200x200.jpg","contentUrl":"https:\/\/www.pressenza.com\/wp-content\/uploads\/2022\/10\/pressenza_logo_200x200.jpg","width":200,"height":200,"caption":"Pressenza"},"image":{"@id":"https:\/\/www.pressenza.com\/es\/#\/schema\/logo\/image\/"},"sameAs":["https:\/\/www.facebook.com\/PressenzaItalia","https:\/\/x.com\/PressenzaIPA"]},{"@type":"Person","@id":"https:\/\/www.pressenza.com\/es\/#\/schema\/person\/917a3e02e872b079ec9f4bdf7fe2b93d","name":"Francesco Gesualdi","description":"Francesco Gesualdi, gi\u00e0 allievo di don Milani, \u00e8 fondatore e coordinatore del Centro Nuovo Modello di Sviluppo di Vecchiano (Pisa), che si propone di ricercare nuove formule economiche capaci di garantire a tutti la soddisfazione dei bisogni fondamentali. Coordinatore di numerose campagne di pressione, \u00e8 tra i fondatori insieme ad Alex Zanotelli di Rete Lilliput. www.cnms.it","sameAs":["http:\/\/www.cnms.it\/"],"url":"https:\/\/www.pressenza.com\/es\/author\/francesco-gesualdi\/"}]}},"place":"","original_article_url":"","_links":{"self":[{"href":"https:\/\/www.pressenza.com\/es\/wp-json\/wp\/v2\/posts\/456288","targetHints":{"allow":["GET"]}}],"collection":[{"href":"https:\/\/www.pressenza.com\/es\/wp-json\/wp\/v2\/posts"}],"about":[{"href":"https:\/\/www.pressenza.com\/es\/wp-json\/wp\/v2\/types\/post"}],"author":[{"embeddable":true,"href":"https:\/\/www.pressenza.com\/es\/wp-json\/wp\/v2\/users\/999"}],"replies":[{"embeddable":true,"href":"https:\/\/www.pressenza.com\/es\/wp-json\/wp\/v2\/comments?post=456288"}],"version-history":[{"count":0,"href":"https:\/\/www.pressenza.com\/es\/wp-json\/wp\/v2\/posts\/456288\/revisions"}],"wp:featuredmedia":[{"embeddable":true,"href":"https:\/\/www.pressenza.com\/es\/wp-json\/wp\/v2\/media\/456194"}],"wp:attachment":[{"href":"https:\/\/www.pressenza.com\/es\/wp-json\/wp\/v2\/media?parent=456288"}],"wp:term":[{"taxonomy":"category","embeddable":true,"href":"https:\/\/www.pressenza.com\/es\/wp-json\/wp\/v2\/categories?post=456288"},{"taxonomy":"post_tag","embeddable":true,"href":"https:\/\/www.pressenza.com\/es\/wp-json\/wp\/v2\/tags?post=456288"}],"curies":[{"name":"wp","href":"https:\/\/api.w.org\/{rel}","templated":true}]}}