{"id":454943,"date":"2017-04-18T16:22:03","date_gmt":"2017-04-18T15:22:03","guid":{"rendered":"https:\/\/www.pressenza.com\/?p=454943\/"},"modified":"2017-04-18T16:33:53","modified_gmt":"2017-04-18T15:33:53","slug":"accion-denuncia-las-muertes-mediterraneo-incumplimiento-cuotas","status":"publish","type":"post","link":"https:\/\/www.pressenza.com\/es\/2017\/04\/accion-denuncia-las-muertes-mediterraneo-incumplimiento-cuotas\/","title":{"rendered":"Acci\u00f3n de denuncia de las muertes en el Mediterr\u00e1neo y el incumplimiento de cuotas"},"content":{"rendered":"<p>La plataforma Stop Mare Mortum organizamos una acci\u00f3n sorpresa este martes 18 de abril a las 8h ante la Delegaci\u00f3n del Gobierno espa\u00f1ol para denunciar nuevamente las muertes en el mar Mediterr\u00e1neo y la inacci\u00f3n de los gobiernos europeos, entre ellos el Estado espa\u00f1ol, ante esta situaci\u00f3n.<\/p>\n<p>Hace dos a\u00f1os en esta fecha, m\u00e1s de 900 personas murieron en un naufragio\u00a0en el canal de Sicilia intentando llegar a Italia. Este hecho provoc\u00f3 la creaci\u00f3n de la plataforma Stop Mare Mortum que, desde entonces, no ha parado de denunciar estas muertes y las consecuencias de la construcci\u00f3n de la Europa Fortaleza. El a\u00f1o pasado tambi\u00e9n mor\u00edan 500 personas en el mismo camino, y hace una semana (13 de abril) eran 100.<\/p>\n<p>El 2015 murieron m\u00e1s de 3.700 personas, el 2016, 5.000 y con el que llevamos de 2017 ya son 826 (datos de ACNUR). Estos datos demuestran la inoperancia de los Estados europeos que, lejos de cumplir sus compromisos (el Estado espa\u00f1ol, por ejemplo, se comprometi\u00f3 a reubicar 16.000 personas en dos a\u00f1os y\u00a0lleva 887) y de aplicar v\u00edas legales y seguras de acceso a territorio para garantizar el derecho a migrar, contin\u00faan aplicando pol\u00edticas que van en contra los derechos humanos.<\/p>\n<p><strong>Por qu\u00e9 el 18 de abril? <\/strong><\/p>\n<p>Hace dos a\u00f1os en esta misma fecha, m\u00e1s de 900 personas murieron en un naufragio en el canal de Sicilia intentando llegar a Italia. Este hecho provoc\u00f3 la creaci\u00f3n de la plataforma Stop Mare Mortum que, desde entonces, no ha parado de denunciar estas muertes y las consecuencias de la construcci\u00f3n de la Europa Fortaleza y trabaja para cambiar las pol\u00edticas migratorias y de asilo estatales y europeas. El a\u00f1o pasado tambi\u00e9n mor\u00edan 500 personas en el mismo camino, y hace una semana (13 de abril) eran 100.<\/p>\n<p><strong>Las muertes no se paran <\/strong><\/p>\n<p>El 2015 murieron m\u00e1s de 3.700 personas, el 2016 5.000 y con el que llevamos del 2017 ya son 826 (datos de ACNUR). Estos datos demuestran la inoperancia de los Estados europeos que, lejos de cumplir sus compromisos (el Estado espa\u00f1ol, por ejemplo, se comprometi\u00f3 a reubicar 16.000 personas en dos a\u00f1os y en puerta 887) y de aplicar v\u00edas legales y seguras de acceso a territorio para garantizar el derecho a migrar, contin\u00faan aplicando pol\u00edticas que van en contra los derechos humanos.<\/p>\n<p><strong>Acci\u00f3n en el Parlamento<\/strong><\/p>\n<p>Stop Mare Mortum forma parte del intergrup parlamentario con otras organizaciones como Asil.cat o CCAR para trabajar acciones desde la Generalitat. La semana pasada la plataforma consigui\u00f3 que el Parlamento acordara empezar a trabajar una propuesta de resoluci\u00f3n que recoja el compromiso del Parlamento catal\u00e1n respecto a los mecanismos para garantizar V\u00edas Legales y Seguras para personas que quieran llegar a Catalu\u00f1a y al Estado espa\u00f1ol, as\u00ed como solicitar en el Gobierno de la Generalitat que, emprenda acciones que las faciliten. Esta tendr\u00eda que llegar al pleno del Parlamento antes del verano de 2017. El acuerdo se ha obtenido con las diputadas y diputados del intergrup sobre protecci\u00f3n de los refugiados al Parlamento de Catalu\u00f1a. Por todo esto, este martes denunciamos que #NOsurtenelscomptes, que ni los compromisos se est\u00e1n cumpliendo, ni los derechos humanos se est\u00e1n respetando. Esta misma tarde a las 19h se convoca a la ciudadan\u00eda a concentrarse ante la Comisi\u00f3n Europea.<\/p>\n<p>&nbsp;<\/p>\n<p>&nbsp;<\/p>\n<p><strong>CAT<\/strong><\/p>\n<p><strong>Acci\u00f3 de den\u00fancia de les morts al Mediterrani i l\u2019incompliment de quotes<\/strong><\/p>\n<p>La plataforma Stop Mare Mortum organitzem una acci\u00f3 sorpresa aquest dimarts 18 d\u2019abril a les 8h davant la Delegaci\u00f3 del Govern espanyol per denunciar novament les morts al mar Mediterrani i la inacci\u00f3 dels governs europeus, entre ells l\u2019Estat espanyol, davant aquesta situaci\u00f3. Fa dos anys en aquesta data, m\u00e9s de 900 persones van morir en un naufragi al canal de Sic\u00edlia intentant arribar a It\u00e0lia. Aquest fet va provocar la creaci\u00f3 de la plataforma Stop Mare Mortum que, des de llavors, no ha parat de denunciar aquestes morts i les conseq\u00fc\u00e8ncies de la construcci\u00f3 de l\u2019Europa Fortalesa. L\u2019any passat tamb\u00e9 morien 500 persones en el mateix cam\u00ed, i fa una setmana (13 d\u2019abril) n\u2019eren 100. El 2015 van morir m\u00e9s de 3.700 persones, el 2016 5.000 i amb el que portem de 2017 ja en s\u00f3n 826 (dades d\u2019ACNUR). Aquestes dades demostren la inoper\u00e0ncia dels Estats europeus que, lluny de complir els seus compromisos (l\u2019Estat espanyol, per exemple, es va comprometre a reubicar 16.000 persones en dos anys i en porta 887) i d\u2019aplicar vies legals i segures d\u2019acc\u00e9s a territori per garantir el dret a migrar, continuen aplicant pol\u00edtiques que van en contra els drets humans.<\/p>\n<p><strong>Per qu\u00e8 el 18 d\u2019abril?<\/strong><\/p>\n<p>Fa dos anys en aquesta data, m\u00e9s de 900 persones van morir en un naufragi al canal de Sic\u00edlia intentant arribar a It\u00e0lia. Aquest fet va provocar la creaci\u00f3 de la plataforma Stop Mare Mortum que, des de llavors, no ha parat de denunciar aquestes morts i les conseq\u00fc\u00e8ncies de la construcci\u00f3 de l\u2019Europa Fortalesa i treballa per canviar les pol\u00edtiques migrat\u00f2ries i d\u2019asil estatals i europees. L\u2019any passat tamb\u00e9 morien 500 persones en el mateix cam\u00ed, i fa una setmana (13 d\u2019abril) n\u2019eren 100.<\/p>\n<p><strong>Les morts no s\u2019aturen<\/strong><\/p>\n<p>El 2015 van morir m\u00e9s de 3.700 persones, el 2016 5.000 i amb el que portem de 2017 ja en s\u00f3n 826 (dades d\u2019ACNUR). Aquestes dades demostren la inoper\u00e0ncia dels Estats europeus que, lluny de complir els seus compromisos (l\u2019Estat espanyol, per exemple, es va comprometre a reubicar 16.000 persones en dos anys i en porta 887) i d\u2019aplicar vies legals i segures d\u2019acc\u00e9s a territori per garantir el dret a migrar, continuen aplicant pol\u00edtiques que van en contra els drets humans.<\/p>\n<p><strong>Acci\u00f3 al Parlament<\/strong><\/p>\n<p>Stop Mare Mortum forma part del intergrup parlamentari amb altres organitzacions com Asil.cat o CCAR per treballar accions des de la Generalitat. La setmana passada la plataforma va aconseguir que el Parlament acord\u00e9s comen\u00e7ar a treballar una proposta de resoluci\u00f3 que reculli el comprom\u00eds del Parlament catal\u00e0 respecte als mecanismes per garantir Vies Legals i Segures per a persones que vulguin arribar a Catalunya i a l\u2019Estat espanyol, aix\u00ed com sol\u00b7licitar al Govern de la Generalitat que, endegui accions que les facilitin.<\/p>\n<p>Aquesta hauria d\u2019arribar al ple del Parlament abans de l\u2019estiu de 2017. L\u2019acord s\u2019ha obtingut amb les diputades i diputats de l\u2019intergrup sobre protecci\u00f3 dels refugiats al Parlament de Catalunya.<\/p>\n<p>Per tot aix\u00f2, aquest dimarts denunciem que #NOsurtenelscomptes, que ni els compromisos s\u2019estan complint, ni els drets humans s\u2019estan respectant.<\/p>\n<p>Aquesta mateixa tarda a les 19h es convoca a la ciutadania a concentrar-se davant la Comissi\u00f3 Europea.<\/p>\n<p>#NOsurtenelscomptes #stopmaremortum<\/p>\n","protected":false},"excerpt":{"rendered":"<p>La plataforma Stop Mare Mortum organizamos una acci\u00f3n sorpresa este martes 18 de abril a las 8h ante la Delegaci\u00f3n del Gobierno espa\u00f1ol para denunciar nuevamente las muertes en el mar Mediterr\u00e1neo y la inacci\u00f3n de los gobiernos europeos, entre&hellip;<\/p>\n","protected":false},"author":647,"featured_media":454985,"comment_status":"closed","ping_status":"closed","sticky":false,"template":"","format":"standard","meta":{"footnotes":""},"categories":[149,79,66],"tags":[36616,36617],"class_list":["post-454943","post","type-post","status-publish","format-standard","has-post-thumbnail","hentry","category-comunicados-de-prensa","category-derechos-humanos","category-europa-es","tag-nosurtenelscomptes","tag-stopmaremortum"],"yoast_head":"<!-- This site is optimized with the Yoast SEO plugin v27.1.1 - https:\/\/yoast.com\/product\/yoast-seo-wordpress\/ -->\n<title>Acci\u00f3n de denuncia de las muertes en el Mediterr\u00e1neo y el incumplimiento de cuotas<\/title>\n<meta name=\"description\" content=\"La plataforma Stop Mare Mortum organizamos una acci\u00f3n sorpresa este martes 18 de abril a las 8h ante la Delegaci\u00f3n del Gobierno espa\u00f1ol para denunciar\" \/>\n<meta name=\"robots\" content=\"index, follow, max-snippet:-1, max-image-preview:large, max-video-preview:-1\" \/>\n<link rel=\"canonical\" href=\"https:\/\/www.pressenza.com\/es\/2017\/04\/accion-denuncia-las-muertes-mediterraneo-incumplimiento-cuotas\/\" \/>\n<meta property=\"og:locale\" content=\"es_ES\" \/>\n<meta property=\"og:type\" content=\"article\" \/>\n<meta property=\"og:title\" content=\"Acci\u00f3n de denuncia de las muertes en el Mediterr\u00e1neo y el incumplimiento de cuotas\" \/>\n<meta property=\"og:description\" content=\"La plataforma Stop Mare Mortum organizamos una acci\u00f3n sorpresa este martes 18 de abril a las 8h ante la Delegaci\u00f3n del Gobierno espa\u00f1ol para denunciar\" \/>\n<meta property=\"og:url\" content=\"https:\/\/www.pressenza.com\/es\/2017\/04\/accion-denuncia-las-muertes-mediterraneo-incumplimiento-cuotas\/\" \/>\n<meta property=\"og:site_name\" content=\"Pressenza\" \/>\n<meta property=\"article:publisher\" content=\"https:\/\/www.facebook.com\/PressenzaItalia\" \/>\n<meta property=\"article:published_time\" content=\"2017-04-18T15:22:03+00:00\" \/>\n<meta property=\"article:modified_time\" content=\"2017-04-18T15:33:53+00:00\" \/>\n<meta property=\"og:image\" content=\"https:\/\/www.pressenza.com\/wp-content\/uploads\/2017\/04\/MARE_MORTUM_3-3.jpg\" \/>\n\t<meta property=\"og:image:width\" content=\"750\" \/>\n\t<meta property=\"og:image:height\" content=\"422\" \/>\n\t<meta property=\"og:image:type\" content=\"image\/jpeg\" \/>\n<meta name=\"author\" content=\"Raquel Paricio\" \/>\n<meta name=\"twitter:card\" content=\"summary_large_image\" \/>\n<meta name=\"twitter:creator\" content=\"@PressenzaIPA\" \/>\n<meta name=\"twitter:site\" content=\"@PressenzaIPA\" \/>\n<meta name=\"twitter:label1\" content=\"Escrito por\" \/>\n\t<meta name=\"twitter:data1\" content=\"Raquel Paricio\" \/>\n\t<meta name=\"twitter:label2\" content=\"Tiempo de lectura\" \/>\n\t<meta name=\"twitter:data2\" content=\"6 minutos\" \/>\n<script type=\"application\/ld+json\" class=\"yoast-schema-graph\">{\"@context\":\"https:\/\/schema.org\",\"@graph\":[{\"@type\":\"Article\",\"@id\":\"https:\/\/www.pressenza.com\/es\/2017\/04\/accion-denuncia-las-muertes-mediterraneo-incumplimiento-cuotas\/#article\",\"isPartOf\":{\"@id\":\"https:\/\/www.pressenza.com\/es\/2017\/04\/accion-denuncia-las-muertes-mediterraneo-incumplimiento-cuotas\/\"},\"author\":{\"name\":\"Raquel Paricio\",\"@id\":\"https:\/\/www.pressenza.com\/es\/#\/schema\/person\/7104466338f7b188aedd367b5e15c977\"},\"headline\":\"Acci\u00f3n de denuncia de las muertes en el Mediterr\u00e1neo y el incumplimiento de cuotas\",\"datePublished\":\"2017-04-18T15:22:03+00:00\",\"dateModified\":\"2017-04-18T15:33:53+00:00\",\"mainEntityOfPage\":{\"@id\":\"https:\/\/www.pressenza.com\/es\/2017\/04\/accion-denuncia-las-muertes-mediterraneo-incumplimiento-cuotas\/\"},\"wordCount\":1152,\"publisher\":{\"@id\":\"https:\/\/www.pressenza.com\/es\/#organization\"},\"image\":{\"@id\":\"https:\/\/www.pressenza.com\/es\/2017\/04\/accion-denuncia-las-muertes-mediterraneo-incumplimiento-cuotas\/#primaryimage\"},\"thumbnailUrl\":\"https:\/\/www.pressenza.com\/wp-content\/uploads\/2017\/04\/MARE_MORTUM_3-3.jpg\",\"keywords\":[\"#NOsurtenelscomptes\",\"#stopmaremortum\"],\"articleSection\":[\"Comunicados de Prensa\",\"Derechos Humanos\",\"Europa\"],\"inLanguage\":\"es\"},{\"@type\":\"WebPage\",\"@id\":\"https:\/\/www.pressenza.com\/es\/2017\/04\/accion-denuncia-las-muertes-mediterraneo-incumplimiento-cuotas\/\",\"url\":\"https:\/\/www.pressenza.com\/es\/2017\/04\/accion-denuncia-las-muertes-mediterraneo-incumplimiento-cuotas\/\",\"name\":\"Acci\u00f3n de denuncia de las muertes en el Mediterr\u00e1neo y el incumplimiento de cuotas\",\"isPartOf\":{\"@id\":\"https:\/\/www.pressenza.com\/es\/#website\"},\"primaryImageOfPage\":{\"@id\":\"https:\/\/www.pressenza.com\/es\/2017\/04\/accion-denuncia-las-muertes-mediterraneo-incumplimiento-cuotas\/#primaryimage\"},\"image\":{\"@id\":\"https:\/\/www.pressenza.com\/es\/2017\/04\/accion-denuncia-las-muertes-mediterraneo-incumplimiento-cuotas\/#primaryimage\"},\"thumbnailUrl\":\"https:\/\/www.pressenza.com\/wp-content\/uploads\/2017\/04\/MARE_MORTUM_3-3.jpg\",\"datePublished\":\"2017-04-18T15:22:03+00:00\",\"dateModified\":\"2017-04-18T15:33:53+00:00\",\"description\":\"La plataforma Stop Mare Mortum organizamos una acci\u00f3n sorpresa este martes 18 de abril a las 8h ante la Delegaci\u00f3n del Gobierno espa\u00f1ol para denunciar\",\"breadcrumb\":{\"@id\":\"https:\/\/www.pressenza.com\/es\/2017\/04\/accion-denuncia-las-muertes-mediterraneo-incumplimiento-cuotas\/#breadcrumb\"},\"inLanguage\":\"es\",\"potentialAction\":[{\"@type\":\"ReadAction\",\"target\":[\"https:\/\/www.pressenza.com\/es\/2017\/04\/accion-denuncia-las-muertes-mediterraneo-incumplimiento-cuotas\/\"]}]},{\"@type\":\"ImageObject\",\"inLanguage\":\"es\",\"@id\":\"https:\/\/www.pressenza.com\/es\/2017\/04\/accion-denuncia-las-muertes-mediterraneo-incumplimiento-cuotas\/#primaryimage\",\"url\":\"https:\/\/www.pressenza.com\/wp-content\/uploads\/2017\/04\/MARE_MORTUM_3-3.jpg\",\"contentUrl\":\"https:\/\/www.pressenza.com\/wp-content\/uploads\/2017\/04\/MARE_MORTUM_3-3.jpg\",\"width\":750,\"height\":422},{\"@type\":\"BreadcrumbList\",\"@id\":\"https:\/\/www.pressenza.com\/es\/2017\/04\/accion-denuncia-las-muertes-mediterraneo-incumplimiento-cuotas\/#breadcrumb\",\"itemListElement\":[{\"@type\":\"ListItem\",\"position\":1,\"name\":\"Accueil\",\"item\":\"https:\/\/www.pressenza.com\/es\/\"},{\"@type\":\"ListItem\",\"position\":2,\"name\":\"Acci\u00f3n de denuncia de las muertes en el Mediterr\u00e1neo y el incumplimiento de cuotas\"}]},{\"@type\":\"WebSite\",\"@id\":\"https:\/\/www.pressenza.com\/es\/#website\",\"url\":\"https:\/\/www.pressenza.com\/es\/\",\"name\":\"Pressenza\",\"description\":\"International Press Agency\",\"publisher\":{\"@id\":\"https:\/\/www.pressenza.com\/es\/#organization\"},\"potentialAction\":[{\"@type\":\"SearchAction\",\"target\":{\"@type\":\"EntryPoint\",\"urlTemplate\":\"https:\/\/www.pressenza.com\/es\/?s={search_term_string}\"},\"query-input\":{\"@type\":\"PropertyValueSpecification\",\"valueRequired\":true,\"valueName\":\"search_term_string\"}}],\"inLanguage\":\"es\"},{\"@type\":\"Organization\",\"@id\":\"https:\/\/www.pressenza.com\/es\/#organization\",\"name\":\"Pressenza\",\"url\":\"https:\/\/www.pressenza.com\/es\/\",\"logo\":{\"@type\":\"ImageObject\",\"inLanguage\":\"es\",\"@id\":\"https:\/\/www.pressenza.com\/es\/#\/schema\/logo\/image\/\",\"url\":\"https:\/\/www.pressenza.com\/wp-content\/uploads\/2022\/10\/pressenza_logo_200x200.jpg\",\"contentUrl\":\"https:\/\/www.pressenza.com\/wp-content\/uploads\/2022\/10\/pressenza_logo_200x200.jpg\",\"width\":200,\"height\":200,\"caption\":\"Pressenza\"},\"image\":{\"@id\":\"https:\/\/www.pressenza.com\/es\/#\/schema\/logo\/image\/\"},\"sameAs\":[\"https:\/\/www.facebook.com\/PressenzaItalia\",\"https:\/\/x.com\/PressenzaIPA\"]},{\"@type\":\"Person\",\"@id\":\"https:\/\/www.pressenza.com\/es\/#\/schema\/person\/7104466338f7b188aedd367b5e15c977\",\"name\":\"Raquel Paricio\",\"description\":\"Docente. Artista. Humanista. Doctora en Arte y Tecnolog\u00eda. Investiga en las diferentes escuelas de meditaci\u00f3n de diferentes culturas.\",\"url\":\"https:\/\/www.pressenza.com\/es\/author\/raquel-paricio\/\"}]}<\/script>\n<!-- \/ Yoast SEO plugin. -->","yoast_head_json":{"title":"Acci\u00f3n de denuncia de las muertes en el Mediterr\u00e1neo y el incumplimiento de cuotas","description":"La plataforma Stop Mare Mortum organizamos una acci\u00f3n sorpresa este martes 18 de abril a las 8h ante la Delegaci\u00f3n del Gobierno espa\u00f1ol para denunciar","robots":{"index":"index","follow":"follow","max-snippet":"max-snippet:-1","max-image-preview":"max-image-preview:large","max-video-preview":"max-video-preview:-1"},"canonical":"https:\/\/www.pressenza.com\/es\/2017\/04\/accion-denuncia-las-muertes-mediterraneo-incumplimiento-cuotas\/","og_locale":"es_ES","og_type":"article","og_title":"Acci\u00f3n de denuncia de las muertes en el Mediterr\u00e1neo y el incumplimiento de cuotas","og_description":"La plataforma Stop Mare Mortum organizamos una acci\u00f3n sorpresa este martes 18 de abril a las 8h ante la Delegaci\u00f3n del Gobierno espa\u00f1ol para denunciar","og_url":"https:\/\/www.pressenza.com\/es\/2017\/04\/accion-denuncia-las-muertes-mediterraneo-incumplimiento-cuotas\/","og_site_name":"Pressenza","article_publisher":"https:\/\/www.facebook.com\/PressenzaItalia","article_published_time":"2017-04-18T15:22:03+00:00","article_modified_time":"2017-04-18T15:33:53+00:00","og_image":[{"width":750,"height":422,"url":"https:\/\/www.pressenza.com\/wp-content\/uploads\/2017\/04\/MARE_MORTUM_3-3.jpg","type":"image\/jpeg"}],"author":"Raquel Paricio","twitter_card":"summary_large_image","twitter_creator":"@PressenzaIPA","twitter_site":"@PressenzaIPA","twitter_misc":{"Escrito por":"Raquel Paricio","Tiempo de lectura":"6 minutos"},"schema":{"@context":"https:\/\/schema.org","@graph":[{"@type":"Article","@id":"https:\/\/www.pressenza.com\/es\/2017\/04\/accion-denuncia-las-muertes-mediterraneo-incumplimiento-cuotas\/#article","isPartOf":{"@id":"https:\/\/www.pressenza.com\/es\/2017\/04\/accion-denuncia-las-muertes-mediterraneo-incumplimiento-cuotas\/"},"author":{"name":"Raquel Paricio","@id":"https:\/\/www.pressenza.com\/es\/#\/schema\/person\/7104466338f7b188aedd367b5e15c977"},"headline":"Acci\u00f3n de denuncia de las muertes en el Mediterr\u00e1neo y el incumplimiento de cuotas","datePublished":"2017-04-18T15:22:03+00:00","dateModified":"2017-04-18T15:33:53+00:00","mainEntityOfPage":{"@id":"https:\/\/www.pressenza.com\/es\/2017\/04\/accion-denuncia-las-muertes-mediterraneo-incumplimiento-cuotas\/"},"wordCount":1152,"publisher":{"@id":"https:\/\/www.pressenza.com\/es\/#organization"},"image":{"@id":"https:\/\/www.pressenza.com\/es\/2017\/04\/accion-denuncia-las-muertes-mediterraneo-incumplimiento-cuotas\/#primaryimage"},"thumbnailUrl":"https:\/\/www.pressenza.com\/wp-content\/uploads\/2017\/04\/MARE_MORTUM_3-3.jpg","keywords":["#NOsurtenelscomptes","#stopmaremortum"],"articleSection":["Comunicados de Prensa","Derechos Humanos","Europa"],"inLanguage":"es"},{"@type":"WebPage","@id":"https:\/\/www.pressenza.com\/es\/2017\/04\/accion-denuncia-las-muertes-mediterraneo-incumplimiento-cuotas\/","url":"https:\/\/www.pressenza.com\/es\/2017\/04\/accion-denuncia-las-muertes-mediterraneo-incumplimiento-cuotas\/","name":"Acci\u00f3n de denuncia de las muertes en el Mediterr\u00e1neo y el incumplimiento de cuotas","isPartOf":{"@id":"https:\/\/www.pressenza.com\/es\/#website"},"primaryImageOfPage":{"@id":"https:\/\/www.pressenza.com\/es\/2017\/04\/accion-denuncia-las-muertes-mediterraneo-incumplimiento-cuotas\/#primaryimage"},"image":{"@id":"https:\/\/www.pressenza.com\/es\/2017\/04\/accion-denuncia-las-muertes-mediterraneo-incumplimiento-cuotas\/#primaryimage"},"thumbnailUrl":"https:\/\/www.pressenza.com\/wp-content\/uploads\/2017\/04\/MARE_MORTUM_3-3.jpg","datePublished":"2017-04-18T15:22:03+00:00","dateModified":"2017-04-18T15:33:53+00:00","description":"La plataforma Stop Mare Mortum organizamos una acci\u00f3n sorpresa este martes 18 de abril a las 8h ante la Delegaci\u00f3n del Gobierno espa\u00f1ol para denunciar","breadcrumb":{"@id":"https:\/\/www.pressenza.com\/es\/2017\/04\/accion-denuncia-las-muertes-mediterraneo-incumplimiento-cuotas\/#breadcrumb"},"inLanguage":"es","potentialAction":[{"@type":"ReadAction","target":["https:\/\/www.pressenza.com\/es\/2017\/04\/accion-denuncia-las-muertes-mediterraneo-incumplimiento-cuotas\/"]}]},{"@type":"ImageObject","inLanguage":"es","@id":"https:\/\/www.pressenza.com\/es\/2017\/04\/accion-denuncia-las-muertes-mediterraneo-incumplimiento-cuotas\/#primaryimage","url":"https:\/\/www.pressenza.com\/wp-content\/uploads\/2017\/04\/MARE_MORTUM_3-3.jpg","contentUrl":"https:\/\/www.pressenza.com\/wp-content\/uploads\/2017\/04\/MARE_MORTUM_3-3.jpg","width":750,"height":422},{"@type":"BreadcrumbList","@id":"https:\/\/www.pressenza.com\/es\/2017\/04\/accion-denuncia-las-muertes-mediterraneo-incumplimiento-cuotas\/#breadcrumb","itemListElement":[{"@type":"ListItem","position":1,"name":"Accueil","item":"https:\/\/www.pressenza.com\/es\/"},{"@type":"ListItem","position":2,"name":"Acci\u00f3n de denuncia de las muertes en el Mediterr\u00e1neo y el incumplimiento de cuotas"}]},{"@type":"WebSite","@id":"https:\/\/www.pressenza.com\/es\/#website","url":"https:\/\/www.pressenza.com\/es\/","name":"Pressenza","description":"International Press Agency","publisher":{"@id":"https:\/\/www.pressenza.com\/es\/#organization"},"potentialAction":[{"@type":"SearchAction","target":{"@type":"EntryPoint","urlTemplate":"https:\/\/www.pressenza.com\/es\/?s={search_term_string}"},"query-input":{"@type":"PropertyValueSpecification","valueRequired":true,"valueName":"search_term_string"}}],"inLanguage":"es"},{"@type":"Organization","@id":"https:\/\/www.pressenza.com\/es\/#organization","name":"Pressenza","url":"https:\/\/www.pressenza.com\/es\/","logo":{"@type":"ImageObject","inLanguage":"es","@id":"https:\/\/www.pressenza.com\/es\/#\/schema\/logo\/image\/","url":"https:\/\/www.pressenza.com\/wp-content\/uploads\/2022\/10\/pressenza_logo_200x200.jpg","contentUrl":"https:\/\/www.pressenza.com\/wp-content\/uploads\/2022\/10\/pressenza_logo_200x200.jpg","width":200,"height":200,"caption":"Pressenza"},"image":{"@id":"https:\/\/www.pressenza.com\/es\/#\/schema\/logo\/image\/"},"sameAs":["https:\/\/www.facebook.com\/PressenzaItalia","https:\/\/x.com\/PressenzaIPA"]},{"@type":"Person","@id":"https:\/\/www.pressenza.com\/es\/#\/schema\/person\/7104466338f7b188aedd367b5e15c977","name":"Raquel Paricio","description":"Docente. Artista. Humanista. Doctora en Arte y Tecnolog\u00eda. Investiga en las diferentes escuelas de meditaci\u00f3n de diferentes culturas.","url":"https:\/\/www.pressenza.com\/es\/author\/raquel-paricio\/"}]}},"place":"","original_article_url":"","_links":{"self":[{"href":"https:\/\/www.pressenza.com\/es\/wp-json\/wp\/v2\/posts\/454943","targetHints":{"allow":["GET"]}}],"collection":[{"href":"https:\/\/www.pressenza.com\/es\/wp-json\/wp\/v2\/posts"}],"about":[{"href":"https:\/\/www.pressenza.com\/es\/wp-json\/wp\/v2\/types\/post"}],"author":[{"embeddable":true,"href":"https:\/\/www.pressenza.com\/es\/wp-json\/wp\/v2\/users\/647"}],"replies":[{"embeddable":true,"href":"https:\/\/www.pressenza.com\/es\/wp-json\/wp\/v2\/comments?post=454943"}],"version-history":[{"count":0,"href":"https:\/\/www.pressenza.com\/es\/wp-json\/wp\/v2\/posts\/454943\/revisions"}],"wp:featuredmedia":[{"embeddable":true,"href":"https:\/\/www.pressenza.com\/es\/wp-json\/wp\/v2\/media\/454985"}],"wp:attachment":[{"href":"https:\/\/www.pressenza.com\/es\/wp-json\/wp\/v2\/media?parent=454943"}],"wp:term":[{"taxonomy":"category","embeddable":true,"href":"https:\/\/www.pressenza.com\/es\/wp-json\/wp\/v2\/categories?post=454943"},{"taxonomy":"post_tag","embeddable":true,"href":"https:\/\/www.pressenza.com\/es\/wp-json\/wp\/v2\/tags?post=454943"}],"curies":[{"name":"wp","href":"https:\/\/api.w.org\/{rel}","templated":true}]}}