{"id":45372,"date":"2013-03-31T22:54:21","date_gmt":"2013-03-31T22:54:21","guid":{"rendered":"http:\/\/www.pressenza.com\/?p=45372"},"modified":"2019-02-06T20:43:02","modified_gmt":"2019-02-06T20:43:02","slug":"bolivia-realizara-cumbre-para-implementar-ley-en-defensa-de-la-mujer","status":"publish","type":"post","link":"https:\/\/www.pressenza.com\/es\/2013\/03\/bolivia-realizara-cumbre-para-implementar-ley-en-defensa-de-la-mujer\/","title":{"rendered":"Bolivia realizar\u00e1 cumbre para implementar ley en defensa de la mujer"},"content":{"rendered":"<p>Bolivia iniciar\u00e1 el pr\u00f3ximo jueves una cumbre con vista a elaborar una ley contra la violencia a la mujer, confirm\u00f3 hoy la ministra de Justicia, Cecilia Ayll\u00f3n. En entrevista con un programa de la televisi\u00f3n estatal, la funcionaria anunci\u00f3 que el presidente Evo Morales inaugurar\u00e1 el evento, en el que participar\u00e1n tanto mujeres bolivianas y agrupaciones sociales, como autoridades de los tres poderes del Estado, la polic\u00eda y las Fuerzas Armadas.<\/p>\n<p>Dicha ley tendr\u00e1 como objetivo garantizar a las bolivianas una vida libre de violencia, afirm\u00f3.<\/p>\n<p>\u00abSer\u00e1 un di\u00e1logo entre autoridades y grupos de mujeres para obtener los lineamientos base de la pol\u00edtica p\u00fablica y que de ellos emerjan programas y planes para la elaboraci\u00f3n de reglamentos y protocolos\u00bb, explic\u00f3.<\/p>\n<p>En ese sentido, inform\u00f3 que se abordar\u00e1 la violencia desde el aspecto educativo, judicial, de persecuci\u00f3n penal, protecci\u00f3n a las mujeres y el presupuesto.<\/p>\n<p>De acuerdo con la Organizaci\u00f3n Panamericana de la Salud, Bolivia presenta el mayor \u00edndice de violencia de g\u00e9nero en Am\u00e9rica Latina. Seg\u00fan cifras del Instituto Nacional de Estad\u00edstica, 87 por ciento de las bolivianas sufre alg\u00fan tipo de maltrato, principalmente intrafamiliar.<\/p>\n<p>Ante esta situaci\u00f3n, la Ministra de Justicia afirm\u00f3 que su despacho asumi\u00f3 el compromiso para garantizar la implementaci\u00f3n de un decreto para erradicar toda forma de discriminaci\u00f3n contra la mujer.<\/p>\n<p>Explic\u00f3 que el proyecto de ley abarca tres \u00e1mbitos de acci\u00f3n: la prevenci\u00f3n, protecci\u00f3n y sanci\u00f3n de ese delito, e incluir\u00e1 hasta 30 a\u00f1os de privaci\u00f3n de libertad sin derecho a indulto, la pena m\u00e1xima en Bolivia, para los asesinos de mujeres.<\/p>\n","protected":false},"excerpt":{"rendered":"<p>Bolivia iniciar\u00e1 el pr\u00f3ximo jueves una cumbre con vista a elaborar una ley contra la violencia a la mujer, confirm\u00f3 hoy la ministra de Justicia, Cecilia Ayll\u00f3n. En entrevista con un programa de la televisi\u00f3n estatal, la funcionaria anunci\u00f3 que&hellip;<\/p>\n","protected":false},"author":90,"featured_media":45415,"comment_status":"closed","ping_status":"open","sticky":false,"template":"","format":"standard","meta":{"footnotes":""},"categories":[79,54515,67],"tags":[1059,503],"class_list":["post-45372","post","type-post","status-publish","format-standard","has-post-thumbnail","hentry","category-derechos-humanos","category-genero-y-feminismos","category-sudamerica","tag-evo-morales","tag-genero"],"yoast_head":"<!-- This site is optimized with the Yoast SEO plugin v27.1.1 - https:\/\/yoast.com\/product\/yoast-seo-wordpress\/ -->\n<title>Bolivia realizar\u00e1 cumbre para implementar ley en defensa de la mujer<\/title>\n<meta name=\"description\" content=\"Bolivia iniciar\u00e1 el pr\u00f3ximo jueves una cumbre con vista a elaborar una ley contra la violencia a la mujer, confirm\u00f3 hoy la ministra de Justicia, Cecilia\" \/>\n<meta name=\"robots\" content=\"index, follow, max-snippet:-1, max-image-preview:large, max-video-preview:-1\" \/>\n<link rel=\"canonical\" href=\"https:\/\/www.pressenza.com\/es\/2013\/03\/bolivia-realizara-cumbre-para-implementar-ley-en-defensa-de-la-mujer\/\" \/>\n<meta property=\"og:locale\" content=\"es_ES\" \/>\n<meta property=\"og:type\" content=\"article\" \/>\n<meta property=\"og:title\" content=\"Bolivia realizar\u00e1 cumbre para implementar ley en defensa de la mujer\" \/>\n<meta property=\"og:description\" content=\"Bolivia iniciar\u00e1 el pr\u00f3ximo jueves una cumbre con vista a elaborar una ley contra la violencia a la mujer, confirm\u00f3 hoy la ministra de Justicia, Cecilia\" \/>\n<meta property=\"og:url\" content=\"https:\/\/www.pressenza.com\/es\/2013\/03\/bolivia-realizara-cumbre-para-implementar-ley-en-defensa-de-la-mujer\/\" \/>\n<meta property=\"og:site_name\" content=\"Pressenza\" \/>\n<meta property=\"article:publisher\" content=\"https:\/\/www.facebook.com\/PressenzaItalia\" \/>\n<meta property=\"article:author\" content=\"https:\/\/www.facebook.com\/AgenciaPrensaLatina\" \/>\n<meta property=\"article:published_time\" content=\"2013-03-31T22:54:21+00:00\" \/>\n<meta property=\"article:modified_time\" content=\"2019-02-06T20:43:02+00:00\" \/>\n<meta property=\"og:image\" content=\"https:\/\/www.pressenza.com\/wp-content\/uploads\/2013\/03\/cecilia_ayllon.jpg\" \/>\n\t<meta property=\"og:image:width\" content=\"285\" \/>\n\t<meta property=\"og:image:height\" content=\"190\" \/>\n\t<meta property=\"og:image:type\" content=\"image\/jpeg\" \/>\n<meta name=\"author\" content=\"Prensa Latina\" \/>\n<meta name=\"twitter:card\" content=\"summary_large_image\" \/>\n<meta name=\"twitter:creator\" content=\"@prensalatina_cu\" \/>\n<meta name=\"twitter:site\" content=\"@PressenzaIPA\" \/>\n<meta name=\"twitter:label1\" content=\"Escrito por\" \/>\n\t<meta name=\"twitter:data1\" content=\"Prensa Latina\" \/>\n\t<meta name=\"twitter:label2\" content=\"Tiempo de lectura\" \/>\n\t<meta name=\"twitter:data2\" content=\"1 minuto\" \/>\n<script type=\"application\/ld+json\" class=\"yoast-schema-graph\">{\"@context\":\"https:\/\/schema.org\",\"@graph\":[{\"@type\":\"Article\",\"@id\":\"https:\/\/www.pressenza.com\/es\/2013\/03\/bolivia-realizara-cumbre-para-implementar-ley-en-defensa-de-la-mujer\/#article\",\"isPartOf\":{\"@id\":\"https:\/\/www.pressenza.com\/es\/2013\/03\/bolivia-realizara-cumbre-para-implementar-ley-en-defensa-de-la-mujer\/\"},\"author\":{\"name\":\"Prensa Latina\",\"@id\":\"https:\/\/www.pressenza.com\/es\/#\/schema\/person\/e35c78ffa242d98f4f49ccb18c8631de\"},\"headline\":\"Bolivia realizar\u00e1 cumbre para implementar ley en defensa de la mujer\",\"datePublished\":\"2013-03-31T22:54:21+00:00\",\"dateModified\":\"2019-02-06T20:43:02+00:00\",\"mainEntityOfPage\":{\"@id\":\"https:\/\/www.pressenza.com\/es\/2013\/03\/bolivia-realizara-cumbre-para-implementar-ley-en-defensa-de-la-mujer\/\"},\"wordCount\":293,\"publisher\":{\"@id\":\"https:\/\/www.pressenza.com\/es\/#organization\"},\"image\":{\"@id\":\"https:\/\/www.pressenza.com\/es\/2013\/03\/bolivia-realizara-cumbre-para-implementar-ley-en-defensa-de-la-mujer\/#primaryimage\"},\"thumbnailUrl\":\"https:\/\/www.pressenza.com\/wp-content\/uploads\/2013\/03\/cecilia_ayllon.jpg\",\"keywords\":[\"Evo Morales\",\"G\u00e9nero\"],\"articleSection\":[\"Derechos Humanos\",\"G\u00e9nero y Feminismos\",\"Sudam\u00e9rica\"],\"inLanguage\":\"es\"},{\"@type\":\"WebPage\",\"@id\":\"https:\/\/www.pressenza.com\/es\/2013\/03\/bolivia-realizara-cumbre-para-implementar-ley-en-defensa-de-la-mujer\/\",\"url\":\"https:\/\/www.pressenza.com\/es\/2013\/03\/bolivia-realizara-cumbre-para-implementar-ley-en-defensa-de-la-mujer\/\",\"name\":\"Bolivia realizar\u00e1 cumbre para implementar ley en defensa de la mujer\",\"isPartOf\":{\"@id\":\"https:\/\/www.pressenza.com\/es\/#website\"},\"primaryImageOfPage\":{\"@id\":\"https:\/\/www.pressenza.com\/es\/2013\/03\/bolivia-realizara-cumbre-para-implementar-ley-en-defensa-de-la-mujer\/#primaryimage\"},\"image\":{\"@id\":\"https:\/\/www.pressenza.com\/es\/2013\/03\/bolivia-realizara-cumbre-para-implementar-ley-en-defensa-de-la-mujer\/#primaryimage\"},\"thumbnailUrl\":\"https:\/\/www.pressenza.com\/wp-content\/uploads\/2013\/03\/cecilia_ayllon.jpg\",\"datePublished\":\"2013-03-31T22:54:21+00:00\",\"dateModified\":\"2019-02-06T20:43:02+00:00\",\"description\":\"Bolivia iniciar\u00e1 el pr\u00f3ximo jueves una cumbre con vista a elaborar una ley contra la violencia a la mujer, confirm\u00f3 hoy la ministra de Justicia, Cecilia\",\"breadcrumb\":{\"@id\":\"https:\/\/www.pressenza.com\/es\/2013\/03\/bolivia-realizara-cumbre-para-implementar-ley-en-defensa-de-la-mujer\/#breadcrumb\"},\"inLanguage\":\"es\",\"potentialAction\":[{\"@type\":\"ReadAction\",\"target\":[\"https:\/\/www.pressenza.com\/es\/2013\/03\/bolivia-realizara-cumbre-para-implementar-ley-en-defensa-de-la-mujer\/\"]}]},{\"@type\":\"ImageObject\",\"inLanguage\":\"es\",\"@id\":\"https:\/\/www.pressenza.com\/es\/2013\/03\/bolivia-realizara-cumbre-para-implementar-ley-en-defensa-de-la-mujer\/#primaryimage\",\"url\":\"https:\/\/www.pressenza.com\/wp-content\/uploads\/2013\/03\/cecilia_ayllon.jpg\",\"contentUrl\":\"https:\/\/www.pressenza.com\/wp-content\/uploads\/2013\/03\/cecilia_ayllon.jpg\",\"width\":285,\"height\":190},{\"@type\":\"BreadcrumbList\",\"@id\":\"https:\/\/www.pressenza.com\/es\/2013\/03\/bolivia-realizara-cumbre-para-implementar-ley-en-defensa-de-la-mujer\/#breadcrumb\",\"itemListElement\":[{\"@type\":\"ListItem\",\"position\":1,\"name\":\"Accueil\",\"item\":\"https:\/\/www.pressenza.com\/es\/\"},{\"@type\":\"ListItem\",\"position\":2,\"name\":\"Bolivia realizar\u00e1 cumbre para implementar ley en defensa de la mujer\"}]},{\"@type\":\"WebSite\",\"@id\":\"https:\/\/www.pressenza.com\/es\/#website\",\"url\":\"https:\/\/www.pressenza.com\/es\/\",\"name\":\"Pressenza\",\"description\":\"International Press Agency\",\"publisher\":{\"@id\":\"https:\/\/www.pressenza.com\/es\/#organization\"},\"potentialAction\":[{\"@type\":\"SearchAction\",\"target\":{\"@type\":\"EntryPoint\",\"urlTemplate\":\"https:\/\/www.pressenza.com\/es\/?s={search_term_string}\"},\"query-input\":{\"@type\":\"PropertyValueSpecification\",\"valueRequired\":true,\"valueName\":\"search_term_string\"}}],\"inLanguage\":\"es\"},{\"@type\":\"Organization\",\"@id\":\"https:\/\/www.pressenza.com\/es\/#organization\",\"name\":\"Pressenza\",\"url\":\"https:\/\/www.pressenza.com\/es\/\",\"logo\":{\"@type\":\"ImageObject\",\"inLanguage\":\"es\",\"@id\":\"https:\/\/www.pressenza.com\/es\/#\/schema\/logo\/image\/\",\"url\":\"https:\/\/www.pressenza.com\/wp-content\/uploads\/2022\/10\/pressenza_logo_200x200.jpg\",\"contentUrl\":\"https:\/\/www.pressenza.com\/wp-content\/uploads\/2022\/10\/pressenza_logo_200x200.jpg\",\"width\":200,\"height\":200,\"caption\":\"Pressenza\"},\"image\":{\"@id\":\"https:\/\/www.pressenza.com\/es\/#\/schema\/logo\/image\/\"},\"sameAs\":[\"https:\/\/www.facebook.com\/PressenzaItalia\",\"https:\/\/x.com\/PressenzaIPA\"]},{\"@type\":\"Person\",\"@id\":\"https:\/\/www.pressenza.com\/es\/#\/schema\/person\/e35c78ffa242d98f4f49ccb18c8631de\",\"name\":\"Prensa Latina\",\"description\":\"www.prensa-latina.cu\",\"sameAs\":[\"https:\/\/www.facebook.com\/AgenciaPrensaLatina\",\"https:\/\/x.com\/prensalatina_cu\"],\"url\":\"https:\/\/www.pressenza.com\/es\/author\/prensa-latina\/\"}]}<\/script>\n<!-- \/ Yoast SEO plugin. -->","yoast_head_json":{"title":"Bolivia realizar\u00e1 cumbre para implementar ley en defensa de la mujer","description":"Bolivia iniciar\u00e1 el pr\u00f3ximo jueves una cumbre con vista a elaborar una ley contra la violencia a la mujer, confirm\u00f3 hoy la ministra de Justicia, Cecilia","robots":{"index":"index","follow":"follow","max-snippet":"max-snippet:-1","max-image-preview":"max-image-preview:large","max-video-preview":"max-video-preview:-1"},"canonical":"https:\/\/www.pressenza.com\/es\/2013\/03\/bolivia-realizara-cumbre-para-implementar-ley-en-defensa-de-la-mujer\/","og_locale":"es_ES","og_type":"article","og_title":"Bolivia realizar\u00e1 cumbre para implementar ley en defensa de la mujer","og_description":"Bolivia iniciar\u00e1 el pr\u00f3ximo jueves una cumbre con vista a elaborar una ley contra la violencia a la mujer, confirm\u00f3 hoy la ministra de Justicia, Cecilia","og_url":"https:\/\/www.pressenza.com\/es\/2013\/03\/bolivia-realizara-cumbre-para-implementar-ley-en-defensa-de-la-mujer\/","og_site_name":"Pressenza","article_publisher":"https:\/\/www.facebook.com\/PressenzaItalia","article_author":"https:\/\/www.facebook.com\/AgenciaPrensaLatina","article_published_time":"2013-03-31T22:54:21+00:00","article_modified_time":"2019-02-06T20:43:02+00:00","og_image":[{"width":285,"height":190,"url":"https:\/\/www.pressenza.com\/wp-content\/uploads\/2013\/03\/cecilia_ayllon.jpg","type":"image\/jpeg"}],"author":"Prensa Latina","twitter_card":"summary_large_image","twitter_creator":"@prensalatina_cu","twitter_site":"@PressenzaIPA","twitter_misc":{"Escrito por":"Prensa Latina","Tiempo de lectura":"1 minuto"},"schema":{"@context":"https:\/\/schema.org","@graph":[{"@type":"Article","@id":"https:\/\/www.pressenza.com\/es\/2013\/03\/bolivia-realizara-cumbre-para-implementar-ley-en-defensa-de-la-mujer\/#article","isPartOf":{"@id":"https:\/\/www.pressenza.com\/es\/2013\/03\/bolivia-realizara-cumbre-para-implementar-ley-en-defensa-de-la-mujer\/"},"author":{"name":"Prensa Latina","@id":"https:\/\/www.pressenza.com\/es\/#\/schema\/person\/e35c78ffa242d98f4f49ccb18c8631de"},"headline":"Bolivia realizar\u00e1 cumbre para implementar ley en defensa de la mujer","datePublished":"2013-03-31T22:54:21+00:00","dateModified":"2019-02-06T20:43:02+00:00","mainEntityOfPage":{"@id":"https:\/\/www.pressenza.com\/es\/2013\/03\/bolivia-realizara-cumbre-para-implementar-ley-en-defensa-de-la-mujer\/"},"wordCount":293,"publisher":{"@id":"https:\/\/www.pressenza.com\/es\/#organization"},"image":{"@id":"https:\/\/www.pressenza.com\/es\/2013\/03\/bolivia-realizara-cumbre-para-implementar-ley-en-defensa-de-la-mujer\/#primaryimage"},"thumbnailUrl":"https:\/\/www.pressenza.com\/wp-content\/uploads\/2013\/03\/cecilia_ayllon.jpg","keywords":["Evo Morales","G\u00e9nero"],"articleSection":["Derechos Humanos","G\u00e9nero y Feminismos","Sudam\u00e9rica"],"inLanguage":"es"},{"@type":"WebPage","@id":"https:\/\/www.pressenza.com\/es\/2013\/03\/bolivia-realizara-cumbre-para-implementar-ley-en-defensa-de-la-mujer\/","url":"https:\/\/www.pressenza.com\/es\/2013\/03\/bolivia-realizara-cumbre-para-implementar-ley-en-defensa-de-la-mujer\/","name":"Bolivia realizar\u00e1 cumbre para implementar ley en defensa de la mujer","isPartOf":{"@id":"https:\/\/www.pressenza.com\/es\/#website"},"primaryImageOfPage":{"@id":"https:\/\/www.pressenza.com\/es\/2013\/03\/bolivia-realizara-cumbre-para-implementar-ley-en-defensa-de-la-mujer\/#primaryimage"},"image":{"@id":"https:\/\/www.pressenza.com\/es\/2013\/03\/bolivia-realizara-cumbre-para-implementar-ley-en-defensa-de-la-mujer\/#primaryimage"},"thumbnailUrl":"https:\/\/www.pressenza.com\/wp-content\/uploads\/2013\/03\/cecilia_ayllon.jpg","datePublished":"2013-03-31T22:54:21+00:00","dateModified":"2019-02-06T20:43:02+00:00","description":"Bolivia iniciar\u00e1 el pr\u00f3ximo jueves una cumbre con vista a elaborar una ley contra la violencia a la mujer, confirm\u00f3 hoy la ministra de Justicia, Cecilia","breadcrumb":{"@id":"https:\/\/www.pressenza.com\/es\/2013\/03\/bolivia-realizara-cumbre-para-implementar-ley-en-defensa-de-la-mujer\/#breadcrumb"},"inLanguage":"es","potentialAction":[{"@type":"ReadAction","target":["https:\/\/www.pressenza.com\/es\/2013\/03\/bolivia-realizara-cumbre-para-implementar-ley-en-defensa-de-la-mujer\/"]}]},{"@type":"ImageObject","inLanguage":"es","@id":"https:\/\/www.pressenza.com\/es\/2013\/03\/bolivia-realizara-cumbre-para-implementar-ley-en-defensa-de-la-mujer\/#primaryimage","url":"https:\/\/www.pressenza.com\/wp-content\/uploads\/2013\/03\/cecilia_ayllon.jpg","contentUrl":"https:\/\/www.pressenza.com\/wp-content\/uploads\/2013\/03\/cecilia_ayllon.jpg","width":285,"height":190},{"@type":"BreadcrumbList","@id":"https:\/\/www.pressenza.com\/es\/2013\/03\/bolivia-realizara-cumbre-para-implementar-ley-en-defensa-de-la-mujer\/#breadcrumb","itemListElement":[{"@type":"ListItem","position":1,"name":"Accueil","item":"https:\/\/www.pressenza.com\/es\/"},{"@type":"ListItem","position":2,"name":"Bolivia realizar\u00e1 cumbre para implementar ley en defensa de la mujer"}]},{"@type":"WebSite","@id":"https:\/\/www.pressenza.com\/es\/#website","url":"https:\/\/www.pressenza.com\/es\/","name":"Pressenza","description":"International Press Agency","publisher":{"@id":"https:\/\/www.pressenza.com\/es\/#organization"},"potentialAction":[{"@type":"SearchAction","target":{"@type":"EntryPoint","urlTemplate":"https:\/\/www.pressenza.com\/es\/?s={search_term_string}"},"query-input":{"@type":"PropertyValueSpecification","valueRequired":true,"valueName":"search_term_string"}}],"inLanguage":"es"},{"@type":"Organization","@id":"https:\/\/www.pressenza.com\/es\/#organization","name":"Pressenza","url":"https:\/\/www.pressenza.com\/es\/","logo":{"@type":"ImageObject","inLanguage":"es","@id":"https:\/\/www.pressenza.com\/es\/#\/schema\/logo\/image\/","url":"https:\/\/www.pressenza.com\/wp-content\/uploads\/2022\/10\/pressenza_logo_200x200.jpg","contentUrl":"https:\/\/www.pressenza.com\/wp-content\/uploads\/2022\/10\/pressenza_logo_200x200.jpg","width":200,"height":200,"caption":"Pressenza"},"image":{"@id":"https:\/\/www.pressenza.com\/es\/#\/schema\/logo\/image\/"},"sameAs":["https:\/\/www.facebook.com\/PressenzaItalia","https:\/\/x.com\/PressenzaIPA"]},{"@type":"Person","@id":"https:\/\/www.pressenza.com\/es\/#\/schema\/person\/e35c78ffa242d98f4f49ccb18c8631de","name":"Prensa Latina","description":"www.prensa-latina.cu","sameAs":["https:\/\/www.facebook.com\/AgenciaPrensaLatina","https:\/\/x.com\/prensalatina_cu"],"url":"https:\/\/www.pressenza.com\/es\/author\/prensa-latina\/"}]}},"place":"La Paz","original_article_url":"","_links":{"self":[{"href":"https:\/\/www.pressenza.com\/es\/wp-json\/wp\/v2\/posts\/45372","targetHints":{"allow":["GET"]}}],"collection":[{"href":"https:\/\/www.pressenza.com\/es\/wp-json\/wp\/v2\/posts"}],"about":[{"href":"https:\/\/www.pressenza.com\/es\/wp-json\/wp\/v2\/types\/post"}],"author":[{"embeddable":true,"href":"https:\/\/www.pressenza.com\/es\/wp-json\/wp\/v2\/users\/90"}],"replies":[{"embeddable":true,"href":"https:\/\/www.pressenza.com\/es\/wp-json\/wp\/v2\/comments?post=45372"}],"version-history":[{"count":0,"href":"https:\/\/www.pressenza.com\/es\/wp-json\/wp\/v2\/posts\/45372\/revisions"}],"wp:featuredmedia":[{"embeddable":true,"href":"https:\/\/www.pressenza.com\/es\/wp-json\/wp\/v2\/media\/45415"}],"wp:attachment":[{"href":"https:\/\/www.pressenza.com\/es\/wp-json\/wp\/v2\/media?parent=45372"}],"wp:term":[{"taxonomy":"category","embeddable":true,"href":"https:\/\/www.pressenza.com\/es\/wp-json\/wp\/v2\/categories?post=45372"},{"taxonomy":"post_tag","embeddable":true,"href":"https:\/\/www.pressenza.com\/es\/wp-json\/wp\/v2\/tags?post=45372"}],"curies":[{"name":"wp","href":"https:\/\/api.w.org\/{rel}","templated":true}]}}