{"id":451646,"date":"2017-04-05T22:06:29","date_gmt":"2017-04-05T21:06:29","guid":{"rendered":"https:\/\/www.pressenza.com\/?p=451646\/"},"modified":"2017-04-05T22:06:29","modified_gmt":"2017-04-05T21:06:29","slug":"denuncia-sindical-la-oit-incumplimientos-del-gobierno-argentino","status":"publish","type":"post","link":"https:\/\/www.pressenza.com\/es\/2017\/04\/denuncia-sindical-la-oit-incumplimientos-del-gobierno-argentino\/","title":{"rendered":"Denuncia sindical a la OIT por incumplimientos del gobierno argentino"},"content":{"rendered":"<p><strong><em>Gacetilla de Prensa de la Central de Trabajadores Argentinos<\/em><\/strong><\/p>\n<p><em>Por la presecuci\u00f3n gremial y el no cumplimiento de paritarias libres<\/em><\/p>\n<p><strong>CTA present\u00f3 una denuncia ante la OIT <\/strong><\/p>\n<p>Los secretarios generales de CTA de los Trabajadores, Suteba y UTE; Hugo Yasky, Roberto Baradel y Eduardo L\u00f3pez -tambi\u00e9n gremial de Ctera-, respectivamente, denunciaron ante la oficina en Buenos Aires de la Organizaci\u00f3n Internacional del Trabajo la persecuci\u00f3n gremial que sufren los sindicatos por parte del gobierno de Cambiemos y el no cumplimiento de la paritaria docente.<\/p>\n<p>Hugo Yasky, secretario general de CTA de los Trabajadores, detall\u00f3: \u201cEntregamos dos denuncias ante la violaci\u00f3n del principio de libertad sindical y del derecho a la negociaci\u00f3n colectiva que es un principio b\u00e1sico de la Organizaci\u00f3n Internacional del Trabajo. El hecho de que el gobierno haya negado la realizaci\u00f3n de la paritaria nacional es una violaci\u00f3n grav\u00edsima y adem\u00e1s, que a lo largo de estos meses haya habido un mont\u00f3n de contrariedades, que constan en la denuncia, respecto de los actos que ha cometido el gobierno de la provincia de Buenos Aires tambi\u00e9n violando estos principios de la OIT\u201d.<\/p>\n<p>Adem\u00e1s Yasky destac\u00f3: \u201cSabemos, y se lo dijimos al representante regional, que esto merece que la OIT tome el caso y haga la denuncia correspondiente ante el gobierno, y creemos que en la Argentina necesitamos que las leyes se cumplan todas, no solamente las leyes que al gobierno le conviene que se cumplan, sino \u00e9stas que protegen a los m\u00e1s d\u00e9biles, que siempre en una relaci\u00f3n obrero patronal sufren los trabajadores\u201d.<\/p>\n<p>Por su parte Roberto Baradel, secretario general del Suteba y de CTA provincia de Buenos Aires, manifest\u00f3: \u201cNos recibieron muy bien. El titular de la oficina de la OIT, Pedro Furtado, dio recepci\u00f3n a las dos denuncias, que en el caso de la provincia de Buenos Aires denunciamos al Estado provincial, a la gobernadora Mar\u00eda Eugenia Vidal, por pr\u00e1ctica desleal y tambi\u00e9n por llevar adelante pr\u00e1cticas contrarias a la libertad sindical, no cumpliendo con fallos de la justicia conforme a derecho, concretamente intentado dar un incentivo para aquellos que no hicieron paro\u201d.<\/p>\n<p>Asimismo, Baradel subray\u00f3: \u201cVamos a ampliar esta denuncia que hicimos hoy. Ayer nos notificaron de un proceso de quita de la personer\u00eda gremial. La verdad esto no suced\u00eda desde la dictadura militar. A un gremio que protesta, que reclama por el derecho de sus trabajadores a tener un salario digno, le inician un proceso de quita de personer\u00eda gremial. Estas denuncias las presentamos hoy para que las trate la Organizaci\u00f3n Internacional del Trabajo\u201d.<\/p>\n<p>Para concluir, el secretario general de Suteba, sentenci\u00f3: \u201cExisten todas las posibilidades de llegar a un arreglo si el gobierno cambia de actitud y deja de confrontar con los docentes. Ayer, la gobernadora, en vez de sacarlo p\u00fablicamente, nos notifica por otro lado a las seis de la tarde el proceso de quita de la personer\u00eda gremial, entonces est\u00e1 generando una suerte de puesta en escena para la sociedad, que busca el di\u00e1logo, cuando en realidad sigue confrontando y no intenta buscar una soluci\u00f3n a este conflicto. Si el gobierno est\u00e1 dispuesto a encontrar una soluci\u00f3n, nosotros estamos dispuestos a estar en una mesa discutiendo esa soluci\u00f3n\u201d.<\/p>\n<p>En el mismo sentido, Yasky reclam\u00f3: \u201cEs grav\u00edsimo el hecho de quita de la personer\u00eda gremial que el gobierno promueve en una huelga que no ha sido declarada ilegal. Es decir, una huelga que se est\u00e1 desarrollando en el marco absoluto de la ley. La gobernadora manda una carta diciendo que ella diez veces les hizo una propuesta a los docentes. En realidad ha hecho diez veces la misma propuesta. Diez veces dijo 19%, 19,5%. Acaba de decir en la televisi\u00f3n que un docente deber\u00eda ganar 40 mil pesos. La verdad que no le vamos a pedir 40 mil, ni 30 mil, ni 20 mil, pero por lo menos que el docente de la provincia de Buenos Aires no tenga 9 mil pesos miserables de salario como tiene. Es una verg\u00fcenza que quien reconoce que los docentes deber\u00edan ganar 40 mil pesos no est\u00e9 dispuesta a discutir como para acercarse aunque sea a los 13 mil pesos que son los de la canasta b\u00e1sica\u201d.<\/p>\n<p>A su vez, Eduardo L\u00f3pez, secretario general de UTE y de CTA Ciudad y gremial de Ctera, afirm\u00f3: \u201cHay 18 jurisdicciones en conflicto docente, hay un gran ausente en este conflicto que es el ministro de Educaci\u00f3n Esteban Bullrich. Las ofertas a los docentes de todo el pa\u00eds, inclusive a la provincia de Buenos Aires, son inferiores al nivel de pobreza, a los 13 mil pesos y a las canastas de pobreza de todo el pa\u00eds. El gobierno nacional y el provincial atacan a los mensajeros pero no resuelven el mensaje que nosotros llevamos que es que queremos un salario por arriba del nivel de la pobreza, que el a\u00f1o pasado se solucion\u00f3 el conflicto. Reci\u00e9n dialog\u00e1bamos aqu\u00ed en la OIT que a\u00fan el a\u00f1o pasado y a\u00f1os anteriores hubo paritaria nacional porque existe la Ley Nacional de Financiamiento Educativo y en su art\u00edculo 10 habla de la paritaria nacional. Este a\u00f1o no lo han cumplido, de manera tal que por el peso espec\u00edfico en la provincia hay un conflicto y por la virulencia de la gobernadora que hoy tambi\u00e9n denunciamos los maestros de todo el pa\u00eds, que apoyamos a los maestros de la provincia de Buenos Aires, pero hay falta de respuestas en todo el pa\u00eds. En s\u00edntesis, quieren disciplinar a los trabajadores disciplinando a los docentes y quieren arrodillar a los docentes quebrando el conflicto en la provincia de Buenos Aires. No van a poder, ni quebrar el conflicto en la provincia de Buenos Aires ni arrodillar a los docentes ni a los trabajadores. Por eso ma\u00f1ana huelga general\u201d.<\/p>\n<p>Respecto del paro general del 6 de abril convocado por el triunvirato de la CGT y con la adhesi\u00f3n de las dos CTA, Yasky resumi\u00f3: \u201cVa a ser un paro total, va a ser un paro que claramente va a condenar la pol\u00edtica que ha significado imponerle techo a las paritarias, dejar libre todo el resto de los precios de la econom\u00eda, las tarifas, el combustible, los alquileres, los alimentos; un paro en un pa\u00eds que produce alimentos y que hoy acabamos de ver en el diario una nueva ca\u00edda en el consumo de alimentos de la poblaci\u00f3n. Eso es catastr\u00f3fico en t\u00e9rminos sociales, de manera que el paro va a ser una respuesta a eso, y espero que el gobierno, ma\u00f1ana, cuando haya un verdadero plebiscito en contra de esta pol\u00edtica econ\u00f3mica, cuando con el paro le digamos basta a dejar entrar avalancha de mercader\u00eda importada, basta de destruir el empleo de los argentinos, cuando el paro haya hablado espero que el gobierno entienda que tiene que escuchar y convocar al di\u00e1logo, pero no para que al otro d\u00eda haya una foto y despu\u00e9s no se logre nada, un di\u00e1logo para resolver los temas que estamos planteando\u201d.<\/p>\n","protected":false},"excerpt":{"rendered":"<p>Gacetilla de Prensa de la Central de Trabajadores Argentinos Por la presecuci\u00f3n gremial y el no cumplimiento de paritarias libres CTA present\u00f3 una denuncia ante la OIT Los secretarios generales de CTA de los Trabajadores, Suteba y UTE; Hugo Yasky,&hellip;<\/p>\n","protected":false},"author":87,"featured_media":451647,"comment_status":"closed","ping_status":"closed","sticky":false,"template":"","format":"standard","meta":{"footnotes":""},"categories":[149,79,74,67],"tags":[26,29300,6498,1510,5325,9640,24371,29274],"class_list":["post-451646","post","type-post","status-publish","format-standard","has-post-thumbnail","hentry","category-comunicados-de-prensa","category-derechos-humanos","category-politica-es","category-sudamerica","tag-argentina","tag-cta","tag-denuncia","tag-huelga-general","tag-oit","tag-paritaria-docente","tag-paro-nacional","tag-persecucion-politica"],"yoast_head":"<!-- This site is optimized with the Yoast SEO plugin v27.1.1 - https:\/\/yoast.com\/product\/yoast-seo-wordpress\/ -->\n<title>Denuncia sindical a la OIT por incumplimientos del gobierno argentino<\/title>\n<meta name=\"description\" content=\"Gacetilla de Prensa de la Central de Trabajadores Argentinos Por la presecuci\u00f3n gremial y el no cumplimiento de paritarias libres CTA present\u00f3 una\" \/>\n<meta name=\"robots\" content=\"index, follow, max-snippet:-1, max-image-preview:large, max-video-preview:-1\" \/>\n<link rel=\"canonical\" href=\"https:\/\/www.pressenza.com\/es\/2017\/04\/denuncia-sindical-la-oit-incumplimientos-del-gobierno-argentino\/\" \/>\n<meta property=\"og:locale\" content=\"es_ES\" \/>\n<meta property=\"og:type\" content=\"article\" \/>\n<meta property=\"og:title\" content=\"Denuncia sindical a la OIT por incumplimientos del gobierno argentino\" \/>\n<meta property=\"og:description\" content=\"Gacetilla de Prensa de la Central de Trabajadores Argentinos Por la presecuci\u00f3n gremial y el no cumplimiento de paritarias libres CTA present\u00f3 una\" \/>\n<meta property=\"og:url\" content=\"https:\/\/www.pressenza.com\/es\/2017\/04\/denuncia-sindical-la-oit-incumplimientos-del-gobierno-argentino\/\" \/>\n<meta property=\"og:site_name\" content=\"Pressenza\" \/>\n<meta property=\"article:publisher\" content=\"https:\/\/www.facebook.com\/PressenzaItalia\" \/>\n<meta property=\"article:published_time\" content=\"2017-04-05T21:06:29+00:00\" \/>\n<meta property=\"og:image\" content=\"https:\/\/www.pressenza.com\/wp-content\/uploads\/2017\/04\/mafia-marcha-docente.jpg\" \/>\n\t<meta property=\"og:image:width\" content=\"1024\" \/>\n\t<meta property=\"og:image:height\" content=\"683\" \/>\n\t<meta property=\"og:image:type\" content=\"image\/jpeg\" \/>\n<meta name=\"author\" content=\"Redacci\u00f3n Argentina\" \/>\n<meta name=\"twitter:card\" content=\"summary_large_image\" \/>\n<meta name=\"twitter:creator\" content=\"@pressenza\" \/>\n<meta name=\"twitter:site\" content=\"@PressenzaIPA\" \/>\n<meta name=\"twitter:label1\" content=\"Escrito por\" \/>\n\t<meta name=\"twitter:data1\" content=\"Redacci\u00f3n Argentina\" \/>\n\t<meta name=\"twitter:label2\" content=\"Tiempo de lectura\" \/>\n\t<meta name=\"twitter:data2\" content=\"6 minutos\" \/>\n<script type=\"application\/ld+json\" class=\"yoast-schema-graph\">{\"@context\":\"https:\/\/schema.org\",\"@graph\":[{\"@type\":\"Article\",\"@id\":\"https:\/\/www.pressenza.com\/es\/2017\/04\/denuncia-sindical-la-oit-incumplimientos-del-gobierno-argentino\/#article\",\"isPartOf\":{\"@id\":\"https:\/\/www.pressenza.com\/es\/2017\/04\/denuncia-sindical-la-oit-incumplimientos-del-gobierno-argentino\/\"},\"author\":{\"name\":\"Redacci\u00f3n Argentina\",\"@id\":\"https:\/\/www.pressenza.com\/es\/#\/schema\/person\/0dda7d1b68267ad95b1e1d83abc98c89\"},\"headline\":\"Denuncia sindical a la OIT por incumplimientos del gobierno argentino\",\"datePublished\":\"2017-04-05T21:06:29+00:00\",\"mainEntityOfPage\":{\"@id\":\"https:\/\/www.pressenza.com\/es\/2017\/04\/denuncia-sindical-la-oit-incumplimientos-del-gobierno-argentino\/\"},\"wordCount\":1221,\"publisher\":{\"@id\":\"https:\/\/www.pressenza.com\/es\/#organization\"},\"image\":{\"@id\":\"https:\/\/www.pressenza.com\/es\/2017\/04\/denuncia-sindical-la-oit-incumplimientos-del-gobierno-argentino\/#primaryimage\"},\"thumbnailUrl\":\"https:\/\/www.pressenza.com\/wp-content\/uploads\/2017\/04\/mafia-marcha-docente.jpg\",\"keywords\":[\"Argentina\",\"CTA\",\"denuncia\",\"huelga general\",\"oit\",\"Paritaria docente\",\"paro nacional\",\"persecuci\u00f3n pol\u00edtica\"],\"articleSection\":[\"Comunicados de Prensa\",\"Derechos Humanos\",\"Pol\u00edtica\",\"Sudam\u00e9rica\"],\"inLanguage\":\"es\"},{\"@type\":\"WebPage\",\"@id\":\"https:\/\/www.pressenza.com\/es\/2017\/04\/denuncia-sindical-la-oit-incumplimientos-del-gobierno-argentino\/\",\"url\":\"https:\/\/www.pressenza.com\/es\/2017\/04\/denuncia-sindical-la-oit-incumplimientos-del-gobierno-argentino\/\",\"name\":\"Denuncia sindical a la OIT por incumplimientos del gobierno argentino\",\"isPartOf\":{\"@id\":\"https:\/\/www.pressenza.com\/es\/#website\"},\"primaryImageOfPage\":{\"@id\":\"https:\/\/www.pressenza.com\/es\/2017\/04\/denuncia-sindical-la-oit-incumplimientos-del-gobierno-argentino\/#primaryimage\"},\"image\":{\"@id\":\"https:\/\/www.pressenza.com\/es\/2017\/04\/denuncia-sindical-la-oit-incumplimientos-del-gobierno-argentino\/#primaryimage\"},\"thumbnailUrl\":\"https:\/\/www.pressenza.com\/wp-content\/uploads\/2017\/04\/mafia-marcha-docente.jpg\",\"datePublished\":\"2017-04-05T21:06:29+00:00\",\"description\":\"Gacetilla de Prensa de la Central de Trabajadores Argentinos Por la presecuci\u00f3n gremial y el no cumplimiento de paritarias libres CTA present\u00f3 una\",\"breadcrumb\":{\"@id\":\"https:\/\/www.pressenza.com\/es\/2017\/04\/denuncia-sindical-la-oit-incumplimientos-del-gobierno-argentino\/#breadcrumb\"},\"inLanguage\":\"es\",\"potentialAction\":[{\"@type\":\"ReadAction\",\"target\":[\"https:\/\/www.pressenza.com\/es\/2017\/04\/denuncia-sindical-la-oit-incumplimientos-del-gobierno-argentino\/\"]}]},{\"@type\":\"ImageObject\",\"inLanguage\":\"es\",\"@id\":\"https:\/\/www.pressenza.com\/es\/2017\/04\/denuncia-sindical-la-oit-incumplimientos-del-gobierno-argentino\/#primaryimage\",\"url\":\"https:\/\/www.pressenza.com\/wp-content\/uploads\/2017\/04\/mafia-marcha-docente.jpg\",\"contentUrl\":\"https:\/\/www.pressenza.com\/wp-content\/uploads\/2017\/04\/mafia-marcha-docente.jpg\",\"width\":1024,\"height\":683},{\"@type\":\"BreadcrumbList\",\"@id\":\"https:\/\/www.pressenza.com\/es\/2017\/04\/denuncia-sindical-la-oit-incumplimientos-del-gobierno-argentino\/#breadcrumb\",\"itemListElement\":[{\"@type\":\"ListItem\",\"position\":1,\"name\":\"Accueil\",\"item\":\"https:\/\/www.pressenza.com\/es\/\"},{\"@type\":\"ListItem\",\"position\":2,\"name\":\"Denuncia sindical a la OIT por incumplimientos del gobierno argentino\"}]},{\"@type\":\"WebSite\",\"@id\":\"https:\/\/www.pressenza.com\/es\/#website\",\"url\":\"https:\/\/www.pressenza.com\/es\/\",\"name\":\"Pressenza\",\"description\":\"International Press Agency\",\"publisher\":{\"@id\":\"https:\/\/www.pressenza.com\/es\/#organization\"},\"potentialAction\":[{\"@type\":\"SearchAction\",\"target\":{\"@type\":\"EntryPoint\",\"urlTemplate\":\"https:\/\/www.pressenza.com\/es\/?s={search_term_string}\"},\"query-input\":{\"@type\":\"PropertyValueSpecification\",\"valueRequired\":true,\"valueName\":\"search_term_string\"}}],\"inLanguage\":\"es\"},{\"@type\":\"Organization\",\"@id\":\"https:\/\/www.pressenza.com\/es\/#organization\",\"name\":\"Pressenza\",\"url\":\"https:\/\/www.pressenza.com\/es\/\",\"logo\":{\"@type\":\"ImageObject\",\"inLanguage\":\"es\",\"@id\":\"https:\/\/www.pressenza.com\/es\/#\/schema\/logo\/image\/\",\"url\":\"https:\/\/www.pressenza.com\/wp-content\/uploads\/2022\/10\/pressenza_logo_200x200.jpg\",\"contentUrl\":\"https:\/\/www.pressenza.com\/wp-content\/uploads\/2022\/10\/pressenza_logo_200x200.jpg\",\"width\":200,\"height\":200,\"caption\":\"Pressenza\"},\"image\":{\"@id\":\"https:\/\/www.pressenza.com\/es\/#\/schema\/logo\/image\/\"},\"sameAs\":[\"https:\/\/www.facebook.com\/PressenzaItalia\",\"https:\/\/x.com\/PressenzaIPA\"]},{\"@type\":\"Person\",\"@id\":\"https:\/\/www.pressenza.com\/es\/#\/schema\/person\/0dda7d1b68267ad95b1e1d83abc98c89\",\"name\":\"Redacci\u00f3n Argentina\",\"description\":\"News from the Pressenza Bureau in Argentina.\",\"sameAs\":[\"https:\/\/x.com\/pressenza\"],\"url\":\"https:\/\/www.pressenza.com\/es\/author\/redaccion-argentina\/\"}]}<\/script>\n<!-- \/ Yoast SEO plugin. -->","yoast_head_json":{"title":"Denuncia sindical a la OIT por incumplimientos del gobierno argentino","description":"Gacetilla de Prensa de la Central de Trabajadores Argentinos Por la presecuci\u00f3n gremial y el no cumplimiento de paritarias libres CTA present\u00f3 una","robots":{"index":"index","follow":"follow","max-snippet":"max-snippet:-1","max-image-preview":"max-image-preview:large","max-video-preview":"max-video-preview:-1"},"canonical":"https:\/\/www.pressenza.com\/es\/2017\/04\/denuncia-sindical-la-oit-incumplimientos-del-gobierno-argentino\/","og_locale":"es_ES","og_type":"article","og_title":"Denuncia sindical a la OIT por incumplimientos del gobierno argentino","og_description":"Gacetilla de Prensa de la Central de Trabajadores Argentinos Por la presecuci\u00f3n gremial y el no cumplimiento de paritarias libres CTA present\u00f3 una","og_url":"https:\/\/www.pressenza.com\/es\/2017\/04\/denuncia-sindical-la-oit-incumplimientos-del-gobierno-argentino\/","og_site_name":"Pressenza","article_publisher":"https:\/\/www.facebook.com\/PressenzaItalia","article_published_time":"2017-04-05T21:06:29+00:00","og_image":[{"width":1024,"height":683,"url":"https:\/\/www.pressenza.com\/wp-content\/uploads\/2017\/04\/mafia-marcha-docente.jpg","type":"image\/jpeg"}],"author":"Redacci\u00f3n Argentina","twitter_card":"summary_large_image","twitter_creator":"@pressenza","twitter_site":"@PressenzaIPA","twitter_misc":{"Escrito por":"Redacci\u00f3n Argentina","Tiempo de lectura":"6 minutos"},"schema":{"@context":"https:\/\/schema.org","@graph":[{"@type":"Article","@id":"https:\/\/www.pressenza.com\/es\/2017\/04\/denuncia-sindical-la-oit-incumplimientos-del-gobierno-argentino\/#article","isPartOf":{"@id":"https:\/\/www.pressenza.com\/es\/2017\/04\/denuncia-sindical-la-oit-incumplimientos-del-gobierno-argentino\/"},"author":{"name":"Redacci\u00f3n Argentina","@id":"https:\/\/www.pressenza.com\/es\/#\/schema\/person\/0dda7d1b68267ad95b1e1d83abc98c89"},"headline":"Denuncia sindical a la OIT por incumplimientos del gobierno argentino","datePublished":"2017-04-05T21:06:29+00:00","mainEntityOfPage":{"@id":"https:\/\/www.pressenza.com\/es\/2017\/04\/denuncia-sindical-la-oit-incumplimientos-del-gobierno-argentino\/"},"wordCount":1221,"publisher":{"@id":"https:\/\/www.pressenza.com\/es\/#organization"},"image":{"@id":"https:\/\/www.pressenza.com\/es\/2017\/04\/denuncia-sindical-la-oit-incumplimientos-del-gobierno-argentino\/#primaryimage"},"thumbnailUrl":"https:\/\/www.pressenza.com\/wp-content\/uploads\/2017\/04\/mafia-marcha-docente.jpg","keywords":["Argentina","CTA","denuncia","huelga general","oit","Paritaria docente","paro nacional","persecuci\u00f3n pol\u00edtica"],"articleSection":["Comunicados de Prensa","Derechos Humanos","Pol\u00edtica","Sudam\u00e9rica"],"inLanguage":"es"},{"@type":"WebPage","@id":"https:\/\/www.pressenza.com\/es\/2017\/04\/denuncia-sindical-la-oit-incumplimientos-del-gobierno-argentino\/","url":"https:\/\/www.pressenza.com\/es\/2017\/04\/denuncia-sindical-la-oit-incumplimientos-del-gobierno-argentino\/","name":"Denuncia sindical a la OIT por incumplimientos del gobierno argentino","isPartOf":{"@id":"https:\/\/www.pressenza.com\/es\/#website"},"primaryImageOfPage":{"@id":"https:\/\/www.pressenza.com\/es\/2017\/04\/denuncia-sindical-la-oit-incumplimientos-del-gobierno-argentino\/#primaryimage"},"image":{"@id":"https:\/\/www.pressenza.com\/es\/2017\/04\/denuncia-sindical-la-oit-incumplimientos-del-gobierno-argentino\/#primaryimage"},"thumbnailUrl":"https:\/\/www.pressenza.com\/wp-content\/uploads\/2017\/04\/mafia-marcha-docente.jpg","datePublished":"2017-04-05T21:06:29+00:00","description":"Gacetilla de Prensa de la Central de Trabajadores Argentinos Por la presecuci\u00f3n gremial y el no cumplimiento de paritarias libres CTA present\u00f3 una","breadcrumb":{"@id":"https:\/\/www.pressenza.com\/es\/2017\/04\/denuncia-sindical-la-oit-incumplimientos-del-gobierno-argentino\/#breadcrumb"},"inLanguage":"es","potentialAction":[{"@type":"ReadAction","target":["https:\/\/www.pressenza.com\/es\/2017\/04\/denuncia-sindical-la-oit-incumplimientos-del-gobierno-argentino\/"]}]},{"@type":"ImageObject","inLanguage":"es","@id":"https:\/\/www.pressenza.com\/es\/2017\/04\/denuncia-sindical-la-oit-incumplimientos-del-gobierno-argentino\/#primaryimage","url":"https:\/\/www.pressenza.com\/wp-content\/uploads\/2017\/04\/mafia-marcha-docente.jpg","contentUrl":"https:\/\/www.pressenza.com\/wp-content\/uploads\/2017\/04\/mafia-marcha-docente.jpg","width":1024,"height":683},{"@type":"BreadcrumbList","@id":"https:\/\/www.pressenza.com\/es\/2017\/04\/denuncia-sindical-la-oit-incumplimientos-del-gobierno-argentino\/#breadcrumb","itemListElement":[{"@type":"ListItem","position":1,"name":"Accueil","item":"https:\/\/www.pressenza.com\/es\/"},{"@type":"ListItem","position":2,"name":"Denuncia sindical a la OIT por incumplimientos del gobierno argentino"}]},{"@type":"WebSite","@id":"https:\/\/www.pressenza.com\/es\/#website","url":"https:\/\/www.pressenza.com\/es\/","name":"Pressenza","description":"International Press Agency","publisher":{"@id":"https:\/\/www.pressenza.com\/es\/#organization"},"potentialAction":[{"@type":"SearchAction","target":{"@type":"EntryPoint","urlTemplate":"https:\/\/www.pressenza.com\/es\/?s={search_term_string}"},"query-input":{"@type":"PropertyValueSpecification","valueRequired":true,"valueName":"search_term_string"}}],"inLanguage":"es"},{"@type":"Organization","@id":"https:\/\/www.pressenza.com\/es\/#organization","name":"Pressenza","url":"https:\/\/www.pressenza.com\/es\/","logo":{"@type":"ImageObject","inLanguage":"es","@id":"https:\/\/www.pressenza.com\/es\/#\/schema\/logo\/image\/","url":"https:\/\/www.pressenza.com\/wp-content\/uploads\/2022\/10\/pressenza_logo_200x200.jpg","contentUrl":"https:\/\/www.pressenza.com\/wp-content\/uploads\/2022\/10\/pressenza_logo_200x200.jpg","width":200,"height":200,"caption":"Pressenza"},"image":{"@id":"https:\/\/www.pressenza.com\/es\/#\/schema\/logo\/image\/"},"sameAs":["https:\/\/www.facebook.com\/PressenzaItalia","https:\/\/x.com\/PressenzaIPA"]},{"@type":"Person","@id":"https:\/\/www.pressenza.com\/es\/#\/schema\/person\/0dda7d1b68267ad95b1e1d83abc98c89","name":"Redacci\u00f3n Argentina","description":"News from the Pressenza Bureau in Argentina.","sameAs":["https:\/\/x.com\/pressenza"],"url":"https:\/\/www.pressenza.com\/es\/author\/redaccion-argentina\/"}]}},"place":"Ciudad de Buenos Aires, Argentina","original_article_url":"","_links":{"self":[{"href":"https:\/\/www.pressenza.com\/es\/wp-json\/wp\/v2\/posts\/451646","targetHints":{"allow":["GET"]}}],"collection":[{"href":"https:\/\/www.pressenza.com\/es\/wp-json\/wp\/v2\/posts"}],"about":[{"href":"https:\/\/www.pressenza.com\/es\/wp-json\/wp\/v2\/types\/post"}],"author":[{"embeddable":true,"href":"https:\/\/www.pressenza.com\/es\/wp-json\/wp\/v2\/users\/87"}],"replies":[{"embeddable":true,"href":"https:\/\/www.pressenza.com\/es\/wp-json\/wp\/v2\/comments?post=451646"}],"version-history":[{"count":0,"href":"https:\/\/www.pressenza.com\/es\/wp-json\/wp\/v2\/posts\/451646\/revisions"}],"wp:featuredmedia":[{"embeddable":true,"href":"https:\/\/www.pressenza.com\/es\/wp-json\/wp\/v2\/media\/451647"}],"wp:attachment":[{"href":"https:\/\/www.pressenza.com\/es\/wp-json\/wp\/v2\/media?parent=451646"}],"wp:term":[{"taxonomy":"category","embeddable":true,"href":"https:\/\/www.pressenza.com\/es\/wp-json\/wp\/v2\/categories?post=451646"},{"taxonomy":"post_tag","embeddable":true,"href":"https:\/\/www.pressenza.com\/es\/wp-json\/wp\/v2\/tags?post=451646"}],"curies":[{"name":"wp","href":"https:\/\/api.w.org\/{rel}","templated":true}]}}