{"id":451243,"date":"2017-04-04T20:20:18","date_gmt":"2017-04-04T19:20:18","guid":{"rendered":"https:\/\/www.pressenza.com\/?p=451243\/"},"modified":"2017-04-04T20:20:18","modified_gmt":"2017-04-04T19:20:18","slug":"presentacion-en-nueva-york-del-libro-encrucijada-y-futuro-del-ser-humano","status":"publish","type":"post","link":"https:\/\/www.pressenza.com\/es\/2017\/04\/presentacion-en-nueva-york-del-libro-encrucijada-y-futuro-del-ser-humano\/","title":{"rendered":"Presentaci\u00f3n en Nueva York del Libro \u201cEncrucijada y Futuro del Ser Humano\u201d"},"content":{"rendered":"<p><strong>Presentaci\u00f3n del libro con Dennis Redmond, Greg Mello, Tony Robinson y Guillermo Sullings el 30 de marzo, centro LGBT en Nueva York.<\/strong><\/p>\n<p>\u201cEncrucijada y Futuro del Ser Humano\u201d hace un an\u00e1lisis de varias \u00e1reas de la situaci\u00f3n mundial, como por ejemplo el desarme nuclear, el sistema econ\u00f3mico mundial, el medioambiente, la democracia, los derechos humanos, la inmigraci\u00f3n y los medios de comunicaci\u00f3n, y tambi\u00e9n nombra algunas de las acciones que la sociedad podr\u00eda realizar para evitar caer en el inmenso abismo que nos tragar\u00e1 si es que seguimos en la misma l\u00ednea de acci\u00f3n que han marcado las \u00faltimas tendencias.<\/p>\n<p><strong>Video: Guillermo Sullings autografiando libros en Nueva York.<\/strong><\/p>\n<p><iframe loading=\"lazy\" title=\"Signing of Guillermo Sullings&#039; Book in NY\" width=\"500\" height=\"281\" src=\"https:\/\/www.youtube.com\/embed\/JkKIfBiGdes?feature=oembed\" frameborder=\"0\" allow=\"accelerometer; autoplay; clipboard-write; encrypted-media; gyroscope; picture-in-picture; web-share\" referrerpolicy=\"strict-origin-when-cross-origin\" allowfullscreen><\/iframe><\/p>\n<p><strong>Texto de la presentaci\u00f3n proporcionado por Tony Robinson, co-director de Pressenza.<\/strong><\/p>\n<p><strong>Fotos: <a href=\"https:\/\/goo.gl\/photos\/9wguEkAqmcqLitqb6\">https:\/\/goo.gl\/photos\/9wguEkAqmcqLitqb6<\/a><\/strong><\/p>\n<p>Me gustar\u00eda comenzar mi presentaci\u00f3n con una importante confesi\u00f3n.<\/p>\n<p>\u00a1Yo intent\u00e9 ser parte del sistema, de verdad! Cuando ten\u00eda 17 decid\u00ed unirme a la Fuerza A\u00e9rea, pero no me aceptaron. A los 19, antes de ir a la universidad, trabaj\u00e9 en un banco privado de un para\u00edso fiscal brit\u00e1nico, y despu\u00e9s de dejar la universidad, a los 21, envi\u00e9 una postulaci\u00f3n para ser abogado empresarial en Londres, \u00a1y tampoco me aceptaron! As\u00ed que, como ven, he intentado deshacerme de mi idealismo, pero al parecer el sistema no me quiso.<\/p>\n<p>Sin embargo, en alg\u00fan momento de todo ese proceso me inspir\u00f3 mucho la Declaraci\u00f3n Universal De Derechos Humanos, especialmente la dif\u00edcil situaci\u00f3n por la que estaba pasando Nelson Mandela, que en ese momento hab\u00eda sido enviado a la c\u00e1rcel en Sud\u00e1frica. La terrible injusticia que viv\u00edan estas personas que no ten\u00edan derecho a votar me conmovi\u00f3 profundamente y quise hacer algo al respecto. Luego, me encontr\u00e9 con un peque\u00f1o e insignificante partido pol\u00edtico que contaba con s\u00f3lo un manojo de miembros en el Reino Unido, el Partido Humanista. Ellos hablaban de la igualdad de todos los seres humanos, la necesidad de crear un cambio social a trav\u00e9s de la no violencia, y de acompa\u00f1ar este proceso paralelamente con el proceso del cambio personal y remediar la violencia que uno sufre en sus propias relaciones personales y en la sociedad en general. Hablaban de un nuevo sistema econ\u00f3mico basado en la cooperaci\u00f3n y no en la competencia, y valoraban tanto los derechos humanos que en el primer congreso internacional al que tuve el gran placer de asistir, en Florencia, Italia, adoptaron la Declaraci\u00f3n Universal De Derechos Humanos como uno de sus documentos fundacionales. Eso lo que yo estaba buscando.<\/p>\n<p>Este mundo que los humanistas quer\u00edan, esta utop\u00eda, este para\u00edso (comparado con el mundo actual) es una imagen que ha estado operando dentro de mi desde entonces. Y hoy esta imagen se ha vuelto incluso m\u00e1s clara con la publicaci\u00f3n del libro de Guillermo.<\/p>\n<p>Uno de los importantes predecesores de este libro es el visionario an\u00e1lisis que escribi\u00f3 Silo en su libro de 1994 Cartas a Mis Amigos Sobre Crisis Personal y Social en el Mundo Actual.<\/p>\n<p>En esta obra dice:<\/p>\n<p style=\"padding-left: 30px;\"><em>Los humanistas son internacionalistas, aspiran a una naci\u00f3n humana universal. Comprenden globalmente al mundo en que viven y act\u00faan en su medio inmediato. No desean un mundo uniforme sino m\u00faltiple: m\u00faltiple en las etnias, lenguas y costumbres; m\u00faltiple en las localidades, las regiones y las autonom\u00edas; m\u00faltiple en las ideas y las aspiraciones; m\u00faltiple en las creencias, el ate\u00edsmo y la religiosidad; m\u00faltiple en el trabajo; m\u00faltiple en la creatividad.<\/em><\/p>\n<p style=\"padding-left: 30px;\"><em>Los humanistas no quieren amos; no quieren dirigentes ni jefes, ni se sienten representantes ni jefes de nadie. Los humanistas no quieren un Estado centralizado, ni un Paraestado que lo reemplace. Los humanistas no quieren ej\u00e9rcitos polic\u00edacos, ni bandas armadas que los sustituyan.<\/em><\/p>\n<p style=\"padding-left: 30px;\"><em>Pero entre las aspiraciones humanistas y las realidades del mundo de hoy, se ha levantado un muro. Ha llegado pues, el momento de derribarlo. Para ello es necesaria la uni\u00f3n de todos los humanistas del mundo.<\/em><\/p>\n<p>El Movimiento Humanista, con el que participado desde que se escribi\u00f3 ese libro, ha intentado muchas veces humanizar la tierra y muchas veces ha fracasado. Y como el mundo parece ir de mal en peor desde el fin de la Segunda Guerra Mundial, a pesar de los enormes avances en ciencia y tecnolog\u00eda, no es para nada sorprendente que muchos de los compa\u00f1eros idealistas que crecieron en los sesenta, setenta y ochenta ya se est\u00e1n rindiendo, resign\u00e1ndose a ser impotentes frente a un sistema monol\u00edtico aparentemente tan fuerte: un complejo econ\u00f3mico-militar-pol\u00edtico-comunicacional que no muestra ning\u00fan signo de querer soltar sus garras que estrangulan el destino de todos los seres humanos del planeta.<\/p>\n<p>Por supuesto que no solamente los intentos de los humanistas han fracasado. Las organizaciones anti-guerra, anti-pobreza y en contra del cambio clim\u00e1tico tampoco han logrado cambiar la direcci\u00f3n hacia la que est\u00e1 yendo el mundo. Y como el sistema econ\u00f3mico ya endeud\u00f3 y empobreci\u00f3 de antemano a las generaciones m\u00e1s j\u00f3venes tengo la sensaci\u00f3n de que su necesidad de alimentarse no les dejar\u00e1 la energ\u00eda suficiente como para aferrarse al idealismo. Con excepciones incre\u00edbles como el Movimiento Ocupaci\u00f3n, no parece haber surgido un movimiento masivo coordinado en occidente, y el prometedor movimiento 15M de Espa\u00f1a ha sufrido muchos contratiempos desde su \u00e9xito inicial en la escena pol\u00edtica.<\/p>\n<p>Es cierto que en las \u00faltimas d\u00e9cadas se ha logrado que se respeten mucho m\u00e1s los derechos humanos de las mujeres, y en algunos pa\u00edses ha disminuido mucho la discriminaci\u00f3n en contra de la comunidad LGBT, pero en cuanto a nuestras necesidades humanas b\u00e1sicas que se expresan tan bien mediante la frase \u201cvida, libertad y b\u00fasqueda de la felicidad\u201d creo que estamos retrocediendo. La generaci\u00f3n de hoy es la primera generaci\u00f3n a la que le toca una vida m\u00e1s dura que a sus padres.<\/p>\n<p>En su libro, Guillermo analiza varias \u00e1reas de la situaci\u00f3n. Greg coment\u00f3 algunas de ellas. Pero Guillermo resume la situaci\u00f3n muy bien cuando dice:<\/p>\n<p style=\"padding-left: 30px;\">Los derechos humanos en general no ser\u00e1n respetados mientras tantos seres humanos dependan de la voluntad de un poder concentrado. Nadie puede esperar que el derecho a la vida sea respetado mientras la guerra sea la metodolog\u00eda de aquellos que intentan dominar el mundo y proteger las ganancias del complejo militar-industrial. Nadie puede esperar que se garanticen los derechos a un trabajo digno, salud, educaci\u00f3n y vivienda en una sociedad en la que el poder econ\u00f3mico concentrado excluye a cada vez m\u00e1s gente. Y nadie puede esperar que se respeten ni siquiera los derechos m\u00e1s b\u00e1sicos cuando las sociedades se quedan inm\u00f3viles como espectadores pasivos frente al desesperanzador futuro de aquellos que buscan migrar a otros pa\u00edses, golpe\u00e1ndose una y otra vez en contra de los muros del ego\u00edsmo y la indiferencia.<\/p>\n<p style=\"padding-left: 30px;\">Los medios de comunicaci\u00f3n est\u00e1n siendo usados para manipular la subjetividad humana con fines econ\u00f3micos y no podemos permitir que siga ocurriendo, ya sea que la manipulaci\u00f3n tenga el objetivo de volver m\u00e1s consumistas a aquellos que les proporcionan ganancias, manipular a los votantes para que el gobierno elegido les sea favorable o mantener hipnotizada a la poblaci\u00f3n para que no se revele. Los avances tecnol\u00f3gicos en la comunicaci\u00f3n pertenecen a la humanidad completa y no solamente a los pocos que se aprovechan de ellos para manipular al resto.<\/p>\n<p style=\"padding-left: 30px;\">La irracionalidad de la explotaci\u00f3n de nuestro planeta ha tra\u00eddo como consecuencia que arrasemos con los recursos naturales y el medio ambiente, desastres ecol\u00f3gicos cada vez mayores y creciente contaminaci\u00f3n que afectan la vida humana y natural. Y la avaricia del capitalismo y la complicidad de los gobiernos son los responsables de todo esto.<\/p>\n<p>Espec\u00edficamente en el \u00e1mbito de los medios de comunicaci\u00f3n, Guillermo dice:<\/p>\n<blockquote><p>Antes, una persona depend\u00eda m\u00e1s del tipo de formaci\u00f3n que recib\u00eda a trav\u00e9s de la educaci\u00f3n, en su hogar o bien en los centros de educaci\u00f3n o religiosos, pero ahora una persona se enfrenta a numerosas opciones, por lo que siente que tiene m\u00e1s libertad. Sin embargo, esta misma sensaci\u00f3n de libertad, la que hace que la gente perciba a los medios de comunicaci\u00f3n como una ventana al mundo, una ventana a la vida a trav\u00e9s de la que pueden ver todo lo que existe y elegir lo que prefieren, esa misma sensaci\u00f3n es la que los convierte en v\u00edctimas de una manipulaci\u00f3n mucho m\u00e1s sutil. Porque cuando alguien se acostumbra a mirar a trav\u00e9s de una ventana deja de darse cuenta de que es una ventana, s\u00f3lo ve lo que la ventana le permite ver y cree que esa es la realidad misma por lo que nunca la cuestiona. S\u00f3lo opina sobre las situaciones que puede ver.<\/p><\/blockquote>\n<p>Como pueden imaginarse, \u00a1este an\u00e1lisis presenta los enormes problemas que enfrenta un peque\u00f1o medio de comunicaci\u00f3n independiente como Pressenza!<\/p>\n<p>Guillermo termina con una importante conclusi\u00f3n:<\/p>\n<p style=\"padding-left: 30px;\">Debemos entender que no es posible cambiar una parte sin cambiarlo todo, porque todas las partes siguen la l\u00f3gica del sistema. No sirve de nada pensar en cada parte por separado porque se producir\u00eda un monstruo como Frankenstein, que s\u00f3lo es posible en un mundo ficticio. Es por esto que el proyecto de la Naci\u00f3n Humana Universal es m\u00e1s realista que los proyectos que solo quieren cambiar una parte del sistema, aunque suene parad\u00f3jico.<\/p>\n<p>\u00bfQu\u00e9 es esta Naci\u00f3n Humana Universal de la que hablan Silo y Guillermo? Guillermo la describe hermosamente:<\/p>\n<p style=\"padding-left: 30px;\">un mundo sin fronteras, una Confederaci\u00f3n De Naciones Humanistas, sin guerras, ni violencia, ni hambre, ni discriminaci\u00f3n, con justicia social, democracia real, equilibrio medioambiental, solidaridad, y, sobre todo, un futuro abierto.<\/p>\n<p>\u00bfHay alguien que no se conmueva al escuchar una descripci\u00f3n as\u00ed? \u00bfHay alguien que al cerrar sus ojos e imaginar un mundo as\u00ed no sienta surgir una intensa emoci\u00f3n dentro de s\u00ed mismo?<\/p>\n<p>Nosotros, todos los activistas del mundo, tenemos que comenzar a tener una perspectiva m\u00e1s amplia. Es necesario que los activistas de todos los \u00e1mbitos comiencen a hablar entre ellos acerca del mundo que quieren, porque s\u00f3lo mediante un intercambio sincero los activistas en contra de las armas nucleares comprender\u00e1n realmente que su lucha tambi\u00e9n es la lucha por los derechos de las mujeres, por detener el cambio clim\u00e1tico, porque se respeten plenamente los derechos humanos, por la democracia real y por tantas otras causas importantes que valen la pena por las que alg\u00fan grupo de activistas est\u00e1 luchando. Encontrar la paz interna tambi\u00e9n es parte de la misma lucha, as\u00ed como poder conectar con los aspectos m\u00e1s profundos de la existencia humana y con la simple y profunda espiritualidad que se expresa al tratar a los dem\u00e1s como quieres que te traten.<\/p>\n<p>No voy a extender esta presentaci\u00f3n personal mucho m\u00e1s, pero dir\u00e9 que Guillermo, con este libro, ha vuelto a encender la llama de mi idealismo, que ya estaba empezando a perder luz. Sus 120 pasos para llegar a la Naci\u00f3n Humana Universal no son cosa f\u00e1cil, y est\u00e1 claro que para llegar a ellos van a ser necesarios cientos de miles de pasos previos, pero el dividir el camino en pasos nos permite ver el camino que sube a la cima. Al recordar nuestra propia historia, vemos que los caminos hist\u00f3ricos no van en l\u00ednea recta, y que cuando menos lo esperas la empinada subida de repente se aplana y puedes correr hasta el final.<\/p>\n<p>Recordemos que al principio de los 80 nadie hubiera dicho que iba a caer el muro de Berl\u00edn y que iba a colapsar el imperio sovi\u00e9tico. Yo, por ejemplo, en 1985 estaba bastante convencido de que todos est\u00e1bamos condenados a morir en una guerra nuclear.<\/p>\n<p>A\u00fan no se ha eliminado esa posibilidad, a pesar del esfuerzo que se hizo esta semana en la ONU, pero hay un camino adelante hacia la Naci\u00f3n Humana Universal y tengo la m\u00e1s profunda esperanza en que el valioso trabajo de Guillermo les dar\u00e1 inspiraci\u00f3n a millones de personas para emprender esta tarea, uni\u00e9ndose en la solidaridad. Yo estar\u00e9 all\u00ed contribuyendo.<\/p>\n<p>Gracias.<\/p>\n<h2><strong>Biograf\u00eda de los oradores:<\/strong><\/h2>\n<h3>Greg Mello \u2013 director ejecutivo del Grupo de Estudio Los Alamos en Nueva M\u00e9jico.<\/h3>\n<p>Desde 1989, la comunidad del Grupo de Estudio Los Alamos siempre ha sido un l\u00edder en temas relacionados con el desarme nuclear. Su trabajo abarca la investigaci\u00f3n y las becas, la formaci\u00f3n de personas que sepan tomar decisiones, ser un centro de coordinaci\u00f3n de informaci\u00f3n para los periodistas, organizar, litigar y divulgar. Hacen \u00e9nfasis en la educaci\u00f3n y entrenamiento de los activistas y acad\u00e9micos j\u00f3venes.<\/p>\n<p>Desde el 11 de septiembre del 2001, su trabajo se ha enfocado cada vez m\u00e1s en las armas nucleares, en el contexto de la violencia ejercida sobre otros pa\u00edses y la militarizaci\u00f3n de nuestra sociedad.<\/p>\n<p>Greg actualmente est\u00e1 en Nueva York para estar al tanto del progreso de las negociaciones que se est\u00e1n realizando en la ONU para escribir un nuevo tratado que proh\u00edba las armas nucleares.<\/p>\n<p>&nbsp;<\/p>\n<h3>Tony Robinson \u2013 co-director de la Agencia de Prensa Internacional Pressenza<\/h3>\n<p>Ha participado en el Movimiento Humanista desde 1989, y ha trabajado para fomentar el cambio social y personal a trav\u00e9s de una estrategia de no violencia activa en diversos campos tales como la pol\u00edtica, el desarrollo en el extranjero, la desmilitarizaci\u00f3n y ahora el periodismo.<\/p>\n<p>El 2006, consciente de los problemas del desarme nuclear, Tony se convirti\u00f3 en un apasionado defensor de la eliminaci\u00f3n de las armas y energ\u00eda nucleares, particip\u00f3 en la Marcha Mundial Por La Paz Y La No Violencia del 2009 y desde entonces ha estado ayudando a que aumente la conciencia sobre el tema a trav\u00e9s de Pressenza, una agencia de prensa internacional que se especializa en el periodismo por la paz y la no violencia.<\/p>\n<p>Tony tambi\u00e9n tradujo del espa\u00f1ol al ingl\u00e9s el libro que se presenta hoy.<\/p>\n<p>&nbsp;<\/p>\n<h3>Guillermo Sullings \u2013 Economista y autor de \u201c<em>Encrucijada y Futuro del Ser Humano: Los Pasos hacia la Naci\u00f3n Humana Universal<\/em>\u201d<\/h3>\n<p>Guillermo Sullings naci\u00f3 en Argentina en 1954. Se gradu\u00f3 de contador p\u00fablico en la Facultad De Ciencias Econ\u00f3micas de la Universidad Nacional de Lomas de Zamora. Desde su adolescencia ha sido un seguidor del Humanismo Universalista que desarroll\u00f3 el escritor sudamericano, gu\u00eda espiritual y activista por la no violencia Silo.<\/p>\n<p>En mayo del 2000, public\u00f3 el libro \u201cEconom\u00eda Mixta: M\u00e1s All\u00e1 del Capitalismo\u201d como una propuesta de un sistema econ\u00f3mico distinto al capitalista y comunista. Desde el 2002, ha escrito muchos ensayos sobre asuntos sociales, pol\u00edticos y econ\u00f3micos, y el 2003 fue candidato presidencial por el Partido Humanista en las elecciones de Argentina. Luego se dedic\u00f3 a capacitar redes de activistas por la no violencia de Latinoam\u00e9rica.<\/p>\n<p>Guillermo actualmente est\u00e1 trabajando en el desarrollo de metodolog\u00edas de democracia real.<\/p>\n<p>&nbsp;<\/p>\n<p><em>Traducido del ingl\u00e9s por Emilio Stanton<\/em><\/p>\n","protected":false},"excerpt":{"rendered":"<p>Presentaci\u00f3n del libro con Dennis Redmond, Greg Mello, Tony Robinson y Guillermo Sullings el 30 de marzo, centro LGBT en Nueva York. \u201cEncrucijada y Futuro del Ser Humano\u201d hace un an\u00e1lisis de varias \u00e1reas de la situaci\u00f3n mundial, como por&hellip;<\/p>\n","protected":false},"author":1126,"featured_media":450592,"comment_status":"closed","ping_status":"closed","sticky":false,"template":"","format":"standard","meta":{"footnotes":""},"categories":[11389,5667,1240,68,74,25678],"tags":[31237,8699,15571],"class_list":["post-451243","post","type-post","status-publish","format-standard","has-post-thumbnail","hentry","category-contenido-original","category-foto-reportajes","category-humanismo-espiritualidad","category-norteamerica","category-politica-es","category-video-es","tag-encrucijada-y-futuro-del-ser-humano","tag-guillermo-sullings-es","tag-nacion-humana-universal"],"yoast_head":"<!-- This site is optimized with the Yoast SEO plugin v27.1.1 - https:\/\/yoast.com\/product\/yoast-seo-wordpress\/ -->\n<title>Presentaci\u00f3n en Nueva York del Libro \u201cEncrucijada y Futuro del Ser Humano\u201d<\/title>\n<meta name=\"description\" content=\"Presentaci\u00f3n del libro con Dennis Redmond, Greg Mello, Tony Robinson y Guillermo Sullings el 30 de marzo, centro LGBT en Nueva York. \u201cEncrucijada y Futuro\" \/>\n<meta name=\"robots\" content=\"index, follow, max-snippet:-1, max-image-preview:large, max-video-preview:-1\" \/>\n<link rel=\"canonical\" href=\"https:\/\/www.pressenza.com\/es\/2017\/04\/presentacion-en-nueva-york-del-libro-encrucijada-y-futuro-del-ser-humano\/\" \/>\n<meta property=\"og:locale\" content=\"es_ES\" \/>\n<meta property=\"og:type\" content=\"article\" \/>\n<meta property=\"og:title\" content=\"Presentaci\u00f3n en Nueva York del Libro \u201cEncrucijada y Futuro del Ser Humano\u201d\" \/>\n<meta property=\"og:description\" content=\"Presentaci\u00f3n del libro con Dennis Redmond, Greg Mello, Tony Robinson y Guillermo Sullings el 30 de marzo, centro LGBT en Nueva York. \u201cEncrucijada y Futuro\" \/>\n<meta property=\"og:url\" content=\"https:\/\/www.pressenza.com\/es\/2017\/04\/presentacion-en-nueva-york-del-libro-encrucijada-y-futuro-del-ser-humano\/\" \/>\n<meta property=\"og:site_name\" content=\"Pressenza\" \/>\n<meta property=\"article:publisher\" content=\"https:\/\/www.facebook.com\/PressenzaItalia\" \/>\n<meta property=\"article:author\" content=\"https:\/\/www.facebook.com\/PressenzaEnglish\/\" \/>\n<meta property=\"article:published_time\" content=\"2017-04-04T19:20:18+00:00\" \/>\n<meta property=\"og:image\" content=\"https:\/\/www.pressenza.com\/wp-content\/uploads\/2017\/04\/Guillermo-Sullings-Book-Signing-in-NYC-.jpg\" \/>\n\t<meta property=\"og:image:width\" content=\"1795\" \/>\n\t<meta property=\"og:image:height\" content=\"1272\" \/>\n\t<meta property=\"og:image:type\" content=\"image\/jpeg\" \/>\n<meta name=\"author\" content=\"Pressenza New York\" \/>\n<meta name=\"twitter:card\" content=\"summary_large_image\" \/>\n<meta name=\"twitter:creator\" content=\"@PressenzaIPA\" \/>\n<meta name=\"twitter:site\" content=\"@PressenzaIPA\" \/>\n<meta name=\"twitter:label1\" content=\"Escrito por\" \/>\n\t<meta name=\"twitter:data1\" content=\"Pressenza New York\" \/>\n\t<meta name=\"twitter:label2\" content=\"Tiempo de lectura\" \/>\n\t<meta name=\"twitter:data2\" content=\"13 minutos\" \/>\n<script type=\"application\/ld+json\" class=\"yoast-schema-graph\">{\"@context\":\"https:\/\/schema.org\",\"@graph\":[{\"@type\":\"Article\",\"@id\":\"https:\/\/www.pressenza.com\/es\/2017\/04\/presentacion-en-nueva-york-del-libro-encrucijada-y-futuro-del-ser-humano\/#article\",\"isPartOf\":{\"@id\":\"https:\/\/www.pressenza.com\/es\/2017\/04\/presentacion-en-nueva-york-del-libro-encrucijada-y-futuro-del-ser-humano\/\"},\"author\":{\"name\":\"Pressenza New York\",\"@id\":\"https:\/\/www.pressenza.com\/es\/#\/schema\/person\/75ff8ec4b4b03f1d2da977bba83672b3\"},\"headline\":\"Presentaci\u00f3n en Nueva York del Libro \u201cEncrucijada y Futuro del Ser Humano\u201d\",\"datePublished\":\"2017-04-04T19:20:18+00:00\",\"mainEntityOfPage\":{\"@id\":\"https:\/\/www.pressenza.com\/es\/2017\/04\/presentacion-en-nueva-york-del-libro-encrucijada-y-futuro-del-ser-humano\/\"},\"wordCount\":2609,\"publisher\":{\"@id\":\"https:\/\/www.pressenza.com\/es\/#organization\"},\"image\":{\"@id\":\"https:\/\/www.pressenza.com\/es\/2017\/04\/presentacion-en-nueva-york-del-libro-encrucijada-y-futuro-del-ser-humano\/#primaryimage\"},\"thumbnailUrl\":\"https:\/\/www.pressenza.com\/wp-content\/uploads\/2017\/04\/Guillermo-Sullings-Book-Signing-in-NYC-.jpg\",\"keywords\":[\"Encrucijada y futuro del ser humano\",\"Guillermo Sullings\",\"Naci\u00f3n Humana Universal\"],\"articleSection\":[\"Contenido Original\",\"Fotorreportajes\",\"Humanismo y Espiritualidad\",\"Norteam\u00e9rica\",\"Pol\u00edtica\",\"Video\"],\"inLanguage\":\"es\"},{\"@type\":\"WebPage\",\"@id\":\"https:\/\/www.pressenza.com\/es\/2017\/04\/presentacion-en-nueva-york-del-libro-encrucijada-y-futuro-del-ser-humano\/\",\"url\":\"https:\/\/www.pressenza.com\/es\/2017\/04\/presentacion-en-nueva-york-del-libro-encrucijada-y-futuro-del-ser-humano\/\",\"name\":\"Presentaci\u00f3n en Nueva York del Libro \u201cEncrucijada y Futuro del Ser Humano\u201d\",\"isPartOf\":{\"@id\":\"https:\/\/www.pressenza.com\/es\/#website\"},\"primaryImageOfPage\":{\"@id\":\"https:\/\/www.pressenza.com\/es\/2017\/04\/presentacion-en-nueva-york-del-libro-encrucijada-y-futuro-del-ser-humano\/#primaryimage\"},\"image\":{\"@id\":\"https:\/\/www.pressenza.com\/es\/2017\/04\/presentacion-en-nueva-york-del-libro-encrucijada-y-futuro-del-ser-humano\/#primaryimage\"},\"thumbnailUrl\":\"https:\/\/www.pressenza.com\/wp-content\/uploads\/2017\/04\/Guillermo-Sullings-Book-Signing-in-NYC-.jpg\",\"datePublished\":\"2017-04-04T19:20:18+00:00\",\"description\":\"Presentaci\u00f3n del libro con Dennis Redmond, Greg Mello, Tony Robinson y Guillermo Sullings el 30 de marzo, centro LGBT en Nueva York. \u201cEncrucijada y Futuro\",\"breadcrumb\":{\"@id\":\"https:\/\/www.pressenza.com\/es\/2017\/04\/presentacion-en-nueva-york-del-libro-encrucijada-y-futuro-del-ser-humano\/#breadcrumb\"},\"inLanguage\":\"es\",\"potentialAction\":[{\"@type\":\"ReadAction\",\"target\":[\"https:\/\/www.pressenza.com\/es\/2017\/04\/presentacion-en-nueva-york-del-libro-encrucijada-y-futuro-del-ser-humano\/\"]}]},{\"@type\":\"ImageObject\",\"inLanguage\":\"es\",\"@id\":\"https:\/\/www.pressenza.com\/es\/2017\/04\/presentacion-en-nueva-york-del-libro-encrucijada-y-futuro-del-ser-humano\/#primaryimage\",\"url\":\"https:\/\/www.pressenza.com\/wp-content\/uploads\/2017\/04\/Guillermo-Sullings-Book-Signing-in-NYC-.jpg\",\"contentUrl\":\"https:\/\/www.pressenza.com\/wp-content\/uploads\/2017\/04\/Guillermo-Sullings-Book-Signing-in-NYC-.jpg\",\"width\":1795,\"height\":1272},{\"@type\":\"BreadcrumbList\",\"@id\":\"https:\/\/www.pressenza.com\/es\/2017\/04\/presentacion-en-nueva-york-del-libro-encrucijada-y-futuro-del-ser-humano\/#breadcrumb\",\"itemListElement\":[{\"@type\":\"ListItem\",\"position\":1,\"name\":\"Accueil\",\"item\":\"https:\/\/www.pressenza.com\/es\/\"},{\"@type\":\"ListItem\",\"position\":2,\"name\":\"Presentaci\u00f3n en Nueva York del Libro \u201cEncrucijada y Futuro del Ser Humano\u201d\"}]},{\"@type\":\"WebSite\",\"@id\":\"https:\/\/www.pressenza.com\/es\/#website\",\"url\":\"https:\/\/www.pressenza.com\/es\/\",\"name\":\"Pressenza\",\"description\":\"International Press Agency\",\"publisher\":{\"@id\":\"https:\/\/www.pressenza.com\/es\/#organization\"},\"potentialAction\":[{\"@type\":\"SearchAction\",\"target\":{\"@type\":\"EntryPoint\",\"urlTemplate\":\"https:\/\/www.pressenza.com\/es\/?s={search_term_string}\"},\"query-input\":{\"@type\":\"PropertyValueSpecification\",\"valueRequired\":true,\"valueName\":\"search_term_string\"}}],\"inLanguage\":\"es\"},{\"@type\":\"Organization\",\"@id\":\"https:\/\/www.pressenza.com\/es\/#organization\",\"name\":\"Pressenza\",\"url\":\"https:\/\/www.pressenza.com\/es\/\",\"logo\":{\"@type\":\"ImageObject\",\"inLanguage\":\"es\",\"@id\":\"https:\/\/www.pressenza.com\/es\/#\/schema\/logo\/image\/\",\"url\":\"https:\/\/www.pressenza.com\/wp-content\/uploads\/2022\/10\/pressenza_logo_200x200.jpg\",\"contentUrl\":\"https:\/\/www.pressenza.com\/wp-content\/uploads\/2022\/10\/pressenza_logo_200x200.jpg\",\"width\":200,\"height\":200,\"caption\":\"Pressenza\"},\"image\":{\"@id\":\"https:\/\/www.pressenza.com\/es\/#\/schema\/logo\/image\/\"},\"sameAs\":[\"https:\/\/www.facebook.com\/PressenzaItalia\",\"https:\/\/x.com\/PressenzaIPA\"]},{\"@type\":\"Person\",\"@id\":\"https:\/\/www.pressenza.com\/es\/#\/schema\/person\/75ff8ec4b4b03f1d2da977bba83672b3\",\"name\":\"Pressenza New York\",\"description\":\"News from the Pressenza Bureau in New York, United States\",\"sameAs\":[\"https:\/\/www.facebook.com\/PressenzaEnglish\/\",\"https:\/\/x.com\/PressenzaIPA\"],\"url\":\"https:\/\/www.pressenza.com\/es\/author\/pressenza-new-york\/\"}]}<\/script>\n<!-- \/ Yoast SEO plugin. -->","yoast_head_json":{"title":"Presentaci\u00f3n en Nueva York del Libro \u201cEncrucijada y Futuro del Ser Humano\u201d","description":"Presentaci\u00f3n del libro con Dennis Redmond, Greg Mello, Tony Robinson y Guillermo Sullings el 30 de marzo, centro LGBT en Nueva York. \u201cEncrucijada y Futuro","robots":{"index":"index","follow":"follow","max-snippet":"max-snippet:-1","max-image-preview":"max-image-preview:large","max-video-preview":"max-video-preview:-1"},"canonical":"https:\/\/www.pressenza.com\/es\/2017\/04\/presentacion-en-nueva-york-del-libro-encrucijada-y-futuro-del-ser-humano\/","og_locale":"es_ES","og_type":"article","og_title":"Presentaci\u00f3n en Nueva York del Libro \u201cEncrucijada y Futuro del Ser Humano\u201d","og_description":"Presentaci\u00f3n del libro con Dennis Redmond, Greg Mello, Tony Robinson y Guillermo Sullings el 30 de marzo, centro LGBT en Nueva York. \u201cEncrucijada y Futuro","og_url":"https:\/\/www.pressenza.com\/es\/2017\/04\/presentacion-en-nueva-york-del-libro-encrucijada-y-futuro-del-ser-humano\/","og_site_name":"Pressenza","article_publisher":"https:\/\/www.facebook.com\/PressenzaItalia","article_author":"https:\/\/www.facebook.com\/PressenzaEnglish\/","article_published_time":"2017-04-04T19:20:18+00:00","og_image":[{"width":1795,"height":1272,"url":"https:\/\/www.pressenza.com\/wp-content\/uploads\/2017\/04\/Guillermo-Sullings-Book-Signing-in-NYC-.jpg","type":"image\/jpeg"}],"author":"Pressenza New York","twitter_card":"summary_large_image","twitter_creator":"@PressenzaIPA","twitter_site":"@PressenzaIPA","twitter_misc":{"Escrito por":"Pressenza New York","Tiempo de lectura":"13 minutos"},"schema":{"@context":"https:\/\/schema.org","@graph":[{"@type":"Article","@id":"https:\/\/www.pressenza.com\/es\/2017\/04\/presentacion-en-nueva-york-del-libro-encrucijada-y-futuro-del-ser-humano\/#article","isPartOf":{"@id":"https:\/\/www.pressenza.com\/es\/2017\/04\/presentacion-en-nueva-york-del-libro-encrucijada-y-futuro-del-ser-humano\/"},"author":{"name":"Pressenza New York","@id":"https:\/\/www.pressenza.com\/es\/#\/schema\/person\/75ff8ec4b4b03f1d2da977bba83672b3"},"headline":"Presentaci\u00f3n en Nueva York del Libro \u201cEncrucijada y Futuro del Ser Humano\u201d","datePublished":"2017-04-04T19:20:18+00:00","mainEntityOfPage":{"@id":"https:\/\/www.pressenza.com\/es\/2017\/04\/presentacion-en-nueva-york-del-libro-encrucijada-y-futuro-del-ser-humano\/"},"wordCount":2609,"publisher":{"@id":"https:\/\/www.pressenza.com\/es\/#organization"},"image":{"@id":"https:\/\/www.pressenza.com\/es\/2017\/04\/presentacion-en-nueva-york-del-libro-encrucijada-y-futuro-del-ser-humano\/#primaryimage"},"thumbnailUrl":"https:\/\/www.pressenza.com\/wp-content\/uploads\/2017\/04\/Guillermo-Sullings-Book-Signing-in-NYC-.jpg","keywords":["Encrucijada y futuro del ser humano","Guillermo Sullings","Naci\u00f3n Humana Universal"],"articleSection":["Contenido Original","Fotorreportajes","Humanismo y Espiritualidad","Norteam\u00e9rica","Pol\u00edtica","Video"],"inLanguage":"es"},{"@type":"WebPage","@id":"https:\/\/www.pressenza.com\/es\/2017\/04\/presentacion-en-nueva-york-del-libro-encrucijada-y-futuro-del-ser-humano\/","url":"https:\/\/www.pressenza.com\/es\/2017\/04\/presentacion-en-nueva-york-del-libro-encrucijada-y-futuro-del-ser-humano\/","name":"Presentaci\u00f3n en Nueva York del Libro \u201cEncrucijada y Futuro del Ser Humano\u201d","isPartOf":{"@id":"https:\/\/www.pressenza.com\/es\/#website"},"primaryImageOfPage":{"@id":"https:\/\/www.pressenza.com\/es\/2017\/04\/presentacion-en-nueva-york-del-libro-encrucijada-y-futuro-del-ser-humano\/#primaryimage"},"image":{"@id":"https:\/\/www.pressenza.com\/es\/2017\/04\/presentacion-en-nueva-york-del-libro-encrucijada-y-futuro-del-ser-humano\/#primaryimage"},"thumbnailUrl":"https:\/\/www.pressenza.com\/wp-content\/uploads\/2017\/04\/Guillermo-Sullings-Book-Signing-in-NYC-.jpg","datePublished":"2017-04-04T19:20:18+00:00","description":"Presentaci\u00f3n del libro con Dennis Redmond, Greg Mello, Tony Robinson y Guillermo Sullings el 30 de marzo, centro LGBT en Nueva York. \u201cEncrucijada y Futuro","breadcrumb":{"@id":"https:\/\/www.pressenza.com\/es\/2017\/04\/presentacion-en-nueva-york-del-libro-encrucijada-y-futuro-del-ser-humano\/#breadcrumb"},"inLanguage":"es","potentialAction":[{"@type":"ReadAction","target":["https:\/\/www.pressenza.com\/es\/2017\/04\/presentacion-en-nueva-york-del-libro-encrucijada-y-futuro-del-ser-humano\/"]}]},{"@type":"ImageObject","inLanguage":"es","@id":"https:\/\/www.pressenza.com\/es\/2017\/04\/presentacion-en-nueva-york-del-libro-encrucijada-y-futuro-del-ser-humano\/#primaryimage","url":"https:\/\/www.pressenza.com\/wp-content\/uploads\/2017\/04\/Guillermo-Sullings-Book-Signing-in-NYC-.jpg","contentUrl":"https:\/\/www.pressenza.com\/wp-content\/uploads\/2017\/04\/Guillermo-Sullings-Book-Signing-in-NYC-.jpg","width":1795,"height":1272},{"@type":"BreadcrumbList","@id":"https:\/\/www.pressenza.com\/es\/2017\/04\/presentacion-en-nueva-york-del-libro-encrucijada-y-futuro-del-ser-humano\/#breadcrumb","itemListElement":[{"@type":"ListItem","position":1,"name":"Accueil","item":"https:\/\/www.pressenza.com\/es\/"},{"@type":"ListItem","position":2,"name":"Presentaci\u00f3n en Nueva York del Libro \u201cEncrucijada y Futuro del Ser Humano\u201d"}]},{"@type":"WebSite","@id":"https:\/\/www.pressenza.com\/es\/#website","url":"https:\/\/www.pressenza.com\/es\/","name":"Pressenza","description":"International Press Agency","publisher":{"@id":"https:\/\/www.pressenza.com\/es\/#organization"},"potentialAction":[{"@type":"SearchAction","target":{"@type":"EntryPoint","urlTemplate":"https:\/\/www.pressenza.com\/es\/?s={search_term_string}"},"query-input":{"@type":"PropertyValueSpecification","valueRequired":true,"valueName":"search_term_string"}}],"inLanguage":"es"},{"@type":"Organization","@id":"https:\/\/www.pressenza.com\/es\/#organization","name":"Pressenza","url":"https:\/\/www.pressenza.com\/es\/","logo":{"@type":"ImageObject","inLanguage":"es","@id":"https:\/\/www.pressenza.com\/es\/#\/schema\/logo\/image\/","url":"https:\/\/www.pressenza.com\/wp-content\/uploads\/2022\/10\/pressenza_logo_200x200.jpg","contentUrl":"https:\/\/www.pressenza.com\/wp-content\/uploads\/2022\/10\/pressenza_logo_200x200.jpg","width":200,"height":200,"caption":"Pressenza"},"image":{"@id":"https:\/\/www.pressenza.com\/es\/#\/schema\/logo\/image\/"},"sameAs":["https:\/\/www.facebook.com\/PressenzaItalia","https:\/\/x.com\/PressenzaIPA"]},{"@type":"Person","@id":"https:\/\/www.pressenza.com\/es\/#\/schema\/person\/75ff8ec4b4b03f1d2da977bba83672b3","name":"Pressenza New York","description":"News from the Pressenza Bureau in New York, United States","sameAs":["https:\/\/www.facebook.com\/PressenzaEnglish\/","https:\/\/x.com\/PressenzaIPA"],"url":"https:\/\/www.pressenza.com\/es\/author\/pressenza-new-york\/"}]}},"place":"","original_article_url":"","_links":{"self":[{"href":"https:\/\/www.pressenza.com\/es\/wp-json\/wp\/v2\/posts\/451243","targetHints":{"allow":["GET"]}}],"collection":[{"href":"https:\/\/www.pressenza.com\/es\/wp-json\/wp\/v2\/posts"}],"about":[{"href":"https:\/\/www.pressenza.com\/es\/wp-json\/wp\/v2\/types\/post"}],"author":[{"embeddable":true,"href":"https:\/\/www.pressenza.com\/es\/wp-json\/wp\/v2\/users\/1126"}],"replies":[{"embeddable":true,"href":"https:\/\/www.pressenza.com\/es\/wp-json\/wp\/v2\/comments?post=451243"}],"version-history":[{"count":0,"href":"https:\/\/www.pressenza.com\/es\/wp-json\/wp\/v2\/posts\/451243\/revisions"}],"wp:featuredmedia":[{"embeddable":true,"href":"https:\/\/www.pressenza.com\/es\/wp-json\/wp\/v2\/media\/450592"}],"wp:attachment":[{"href":"https:\/\/www.pressenza.com\/es\/wp-json\/wp\/v2\/media?parent=451243"}],"wp:term":[{"taxonomy":"category","embeddable":true,"href":"https:\/\/www.pressenza.com\/es\/wp-json\/wp\/v2\/categories?post=451243"},{"taxonomy":"post_tag","embeddable":true,"href":"https:\/\/www.pressenza.com\/es\/wp-json\/wp\/v2\/tags?post=451243"}],"curies":[{"name":"wp","href":"https:\/\/api.w.org\/{rel}","templated":true}]}}