{"id":450966,"date":"2017-04-04T05:06:58","date_gmt":"2017-04-04T04:06:58","guid":{"rendered":"https:\/\/www.pressenza.com\/?p=450966\/"},"modified":"2017-04-04T05:06:58","modified_gmt":"2017-04-04T04:06:58","slug":"elecciones-en-ecuador-esperanza-y-posibilidad-para-el-progresismo-en-la-region","status":"publish","type":"post","link":"https:\/\/www.pressenza.com\/es\/2017\/04\/elecciones-en-ecuador-esperanza-y-posibilidad-para-el-progresismo-en-la-region\/","title":{"rendered":"Elecciones en Ecuador: Esperanza y posibilidad para el progresismo en la regi\u00f3n"},"content":{"rendered":"<p>El periodista de la agencia internacional Pressenza, Ivan Novotny, analiz\u00f3 en FM Radio Gr\u00e1fica 89.3 en el programa Abramos La Boca, el resultado electoral de Ecuador, donde Lenin Moreno, candidato del frente Alianza Pa\u00eds del presidente Rafael Correa, gan\u00f3 el balotage ante el banquero Guillermo Lasso.<\/p>\n<p>Para escuchar la columna:<\/p>\n<p><iframe loading=\"lazy\" width=\"100%\" height=\"65px\" scrolling=\"no\" frameborder=\"no\" src=\"\/\/radiocut.fm\/audiocut\/embed\/mini\/ivan-novotny-analisis-de-las-elecciones-en-ecuador\" ><\/iframe><\/p>\n","protected":false},"excerpt":{"rendered":"<p>El periodista de la agencia internacional Pressenza, Ivan Novotny, analiz\u00f3 en FM Radio Gr\u00e1fica 89.3 en el programa Abramos La Boca, el resultado electoral de Ecuador, donde Lenin Moreno, candidato del frente Alianza Pa\u00eds del presidente Rafael Correa, gan\u00f3 el&hellip;<\/p>\n","protected":false},"author":20,"featured_media":450860,"comment_status":"closed","ping_status":"closed","sticky":false,"template":"","format":"standard","meta":{"footnotes":""},"categories":[161,74,22754,67],"tags":[35026,34861,18607,24291,1126],"class_list":["post-450966","post","type-post","status-publish","format-standard","has-post-thumbnail","hentry","category-opiniones","category-politica-es","category-radio-es","category-sudamerica","tag-elecciones-en-ecuador","tag-lenin-moreno","tag-patria-grande","tag-progresismo","tag-rafael-correa"],"yoast_head":"<!-- This site is optimized with the Yoast SEO plugin v27.1.1 - https:\/\/yoast.com\/product\/yoast-seo-wordpress\/ -->\n<title>Elecciones en Ecuador: Esperanza y posibilidad para el progresismo en la regi\u00f3n<\/title>\n<meta name=\"description\" content=\"El periodista de la agencia internacional Pressenza, Ivan Novotny, analiz\u00f3 en FM Radio Gr\u00e1fica 89.3 en el programa Abramos La Boca, el resultado electoral\" \/>\n<meta name=\"robots\" content=\"index, follow, max-snippet:-1, max-image-preview:large, max-video-preview:-1\" \/>\n<link rel=\"canonical\" href=\"https:\/\/www.pressenza.com\/es\/2017\/04\/elecciones-en-ecuador-esperanza-y-posibilidad-para-el-progresismo-en-la-region\/\" \/>\n<meta property=\"og:locale\" content=\"es_ES\" \/>\n<meta property=\"og:type\" content=\"article\" \/>\n<meta property=\"og:title\" content=\"Elecciones en Ecuador: Esperanza y posibilidad para el progresismo en la regi\u00f3n\" \/>\n<meta property=\"og:description\" content=\"El periodista de la agencia internacional Pressenza, Ivan Novotny, analiz\u00f3 en FM Radio Gr\u00e1fica 89.3 en el programa Abramos La Boca, el resultado electoral\" \/>\n<meta property=\"og:url\" content=\"https:\/\/www.pressenza.com\/es\/2017\/04\/elecciones-en-ecuador-esperanza-y-posibilidad-para-el-progresismo-en-la-region\/\" \/>\n<meta property=\"og:site_name\" content=\"Pressenza\" \/>\n<meta property=\"article:publisher\" content=\"https:\/\/www.facebook.com\/PressenzaItalia\" \/>\n<meta property=\"article:published_time\" content=\"2017-04-04T04:06:58+00:00\" \/>\n<meta property=\"og:image\" content=\"https:\/\/www.pressenza.com\/wp-content\/uploads\/2017\/04\/be37301c-84d4-4d87-a153-8bf2a23c8cec.jpg\" \/>\n\t<meta property=\"og:image:width\" content=\"935\" \/>\n\t<meta property=\"og:image:height\" content=\"415\" \/>\n\t<meta property=\"og:image:type\" content=\"image\/jpeg\" \/>\n<meta name=\"author\" content=\"ivan novotny\" \/>\n<meta name=\"twitter:card\" content=\"summary_large_image\" \/>\n<meta name=\"twitter:creator\" content=\"@ivanovotny\" \/>\n<meta name=\"twitter:site\" content=\"@PressenzaIPA\" \/>\n<meta name=\"twitter:label1\" content=\"Escrito por\" \/>\n\t<meta name=\"twitter:data1\" content=\"ivan novotny\" \/>\n<script type=\"application\/ld+json\" class=\"yoast-schema-graph\">{\"@context\":\"https:\/\/schema.org\",\"@graph\":[{\"@type\":\"Article\",\"@id\":\"https:\/\/www.pressenza.com\/es\/2017\/04\/elecciones-en-ecuador-esperanza-y-posibilidad-para-el-progresismo-en-la-region\/#article\",\"isPartOf\":{\"@id\":\"https:\/\/www.pressenza.com\/es\/2017\/04\/elecciones-en-ecuador-esperanza-y-posibilidad-para-el-progresismo-en-la-region\/\"},\"author\":{\"name\":\"ivan novotny\",\"@id\":\"https:\/\/www.pressenza.com\/es\/#\/schema\/person\/074b2cdde387af1b7a93f788a03ec37a\"},\"headline\":\"Elecciones en Ecuador: Esperanza y posibilidad para el progresismo en la regi\u00f3n\",\"datePublished\":\"2017-04-04T04:06:58+00:00\",\"mainEntityOfPage\":{\"@id\":\"https:\/\/www.pressenza.com\/es\/2017\/04\/elecciones-en-ecuador-esperanza-y-posibilidad-para-el-progresismo-en-la-region\/\"},\"wordCount\":64,\"publisher\":{\"@id\":\"https:\/\/www.pressenza.com\/es\/#organization\"},\"image\":{\"@id\":\"https:\/\/www.pressenza.com\/es\/2017\/04\/elecciones-en-ecuador-esperanza-y-posibilidad-para-el-progresismo-en-la-region\/#primaryimage\"},\"thumbnailUrl\":\"https:\/\/www.pressenza.com\/wp-content\/uploads\/2017\/04\/be37301c-84d4-4d87-a153-8bf2a23c8cec.jpg\",\"keywords\":[\"Elecciones en Ecuador\",\"Lenin Moreno\",\"Patria Grande\",\"progresismo\",\"Rafael Correa\"],\"articleSection\":[\"Opiniones\",\"Pol\u00edtica\",\"Radio\",\"Sudam\u00e9rica\"],\"inLanguage\":\"es\"},{\"@type\":\"WebPage\",\"@id\":\"https:\/\/www.pressenza.com\/es\/2017\/04\/elecciones-en-ecuador-esperanza-y-posibilidad-para-el-progresismo-en-la-region\/\",\"url\":\"https:\/\/www.pressenza.com\/es\/2017\/04\/elecciones-en-ecuador-esperanza-y-posibilidad-para-el-progresismo-en-la-region\/\",\"name\":\"Elecciones en Ecuador: Esperanza y posibilidad para el progresismo en la regi\u00f3n\",\"isPartOf\":{\"@id\":\"https:\/\/www.pressenza.com\/es\/#website\"},\"primaryImageOfPage\":{\"@id\":\"https:\/\/www.pressenza.com\/es\/2017\/04\/elecciones-en-ecuador-esperanza-y-posibilidad-para-el-progresismo-en-la-region\/#primaryimage\"},\"image\":{\"@id\":\"https:\/\/www.pressenza.com\/es\/2017\/04\/elecciones-en-ecuador-esperanza-y-posibilidad-para-el-progresismo-en-la-region\/#primaryimage\"},\"thumbnailUrl\":\"https:\/\/www.pressenza.com\/wp-content\/uploads\/2017\/04\/be37301c-84d4-4d87-a153-8bf2a23c8cec.jpg\",\"datePublished\":\"2017-04-04T04:06:58+00:00\",\"description\":\"El periodista de la agencia internacional Pressenza, Ivan Novotny, analiz\u00f3 en FM Radio Gr\u00e1fica 89.3 en el programa Abramos La Boca, el resultado electoral\",\"breadcrumb\":{\"@id\":\"https:\/\/www.pressenza.com\/es\/2017\/04\/elecciones-en-ecuador-esperanza-y-posibilidad-para-el-progresismo-en-la-region\/#breadcrumb\"},\"inLanguage\":\"es\",\"potentialAction\":[{\"@type\":\"ReadAction\",\"target\":[\"https:\/\/www.pressenza.com\/es\/2017\/04\/elecciones-en-ecuador-esperanza-y-posibilidad-para-el-progresismo-en-la-region\/\"]}]},{\"@type\":\"ImageObject\",\"inLanguage\":\"es\",\"@id\":\"https:\/\/www.pressenza.com\/es\/2017\/04\/elecciones-en-ecuador-esperanza-y-posibilidad-para-el-progresismo-en-la-region\/#primaryimage\",\"url\":\"https:\/\/www.pressenza.com\/wp-content\/uploads\/2017\/04\/be37301c-84d4-4d87-a153-8bf2a23c8cec.jpg\",\"contentUrl\":\"https:\/\/www.pressenza.com\/wp-content\/uploads\/2017\/04\/be37301c-84d4-4d87-a153-8bf2a23c8cec.jpg\",\"width\":935,\"height\":415},{\"@type\":\"BreadcrumbList\",\"@id\":\"https:\/\/www.pressenza.com\/es\/2017\/04\/elecciones-en-ecuador-esperanza-y-posibilidad-para-el-progresismo-en-la-region\/#breadcrumb\",\"itemListElement\":[{\"@type\":\"ListItem\",\"position\":1,\"name\":\"Accueil\",\"item\":\"https:\/\/www.pressenza.com\/es\/\"},{\"@type\":\"ListItem\",\"position\":2,\"name\":\"Elecciones en Ecuador: Esperanza y posibilidad para el progresismo en la regi\u00f3n\"}]},{\"@type\":\"WebSite\",\"@id\":\"https:\/\/www.pressenza.com\/es\/#website\",\"url\":\"https:\/\/www.pressenza.com\/es\/\",\"name\":\"Pressenza\",\"description\":\"International Press Agency\",\"publisher\":{\"@id\":\"https:\/\/www.pressenza.com\/es\/#organization\"},\"potentialAction\":[{\"@type\":\"SearchAction\",\"target\":{\"@type\":\"EntryPoint\",\"urlTemplate\":\"https:\/\/www.pressenza.com\/es\/?s={search_term_string}\"},\"query-input\":{\"@type\":\"PropertyValueSpecification\",\"valueRequired\":true,\"valueName\":\"search_term_string\"}}],\"inLanguage\":\"es\"},{\"@type\":\"Organization\",\"@id\":\"https:\/\/www.pressenza.com\/es\/#organization\",\"name\":\"Pressenza\",\"url\":\"https:\/\/www.pressenza.com\/es\/\",\"logo\":{\"@type\":\"ImageObject\",\"inLanguage\":\"es\",\"@id\":\"https:\/\/www.pressenza.com\/es\/#\/schema\/logo\/image\/\",\"url\":\"https:\/\/www.pressenza.com\/wp-content\/uploads\/2022\/10\/pressenza_logo_200x200.jpg\",\"contentUrl\":\"https:\/\/www.pressenza.com\/wp-content\/uploads\/2022\/10\/pressenza_logo_200x200.jpg\",\"width\":200,\"height\":200,\"caption\":\"Pressenza\"},\"image\":{\"@id\":\"https:\/\/www.pressenza.com\/es\/#\/schema\/logo\/image\/\"},\"sameAs\":[\"https:\/\/www.facebook.com\/PressenzaItalia\",\"https:\/\/x.com\/PressenzaIPA\"]},{\"@type\":\"Person\",\"@id\":\"https:\/\/www.pressenza.com\/es\/#\/schema\/person\/074b2cdde387af1b7a93f788a03ec37a\",\"name\":\"ivan novotny\",\"description\":\"A graduate in Communication Science from the University of Buenos Aires.\",\"sameAs\":[\"https:\/\/www.instagram.com\/inovotny\",\"https:\/\/x.com\/ivanovotny\"],\"url\":\"https:\/\/www.pressenza.com\/es\/author\/ivan-novotny\/\"}]}<\/script>\n<!-- \/ Yoast SEO plugin. -->","yoast_head_json":{"title":"Elecciones en Ecuador: Esperanza y posibilidad para el progresismo en la regi\u00f3n","description":"El periodista de la agencia internacional Pressenza, Ivan Novotny, analiz\u00f3 en FM Radio Gr\u00e1fica 89.3 en el programa Abramos La Boca, el resultado electoral","robots":{"index":"index","follow":"follow","max-snippet":"max-snippet:-1","max-image-preview":"max-image-preview:large","max-video-preview":"max-video-preview:-1"},"canonical":"https:\/\/www.pressenza.com\/es\/2017\/04\/elecciones-en-ecuador-esperanza-y-posibilidad-para-el-progresismo-en-la-region\/","og_locale":"es_ES","og_type":"article","og_title":"Elecciones en Ecuador: Esperanza y posibilidad para el progresismo en la regi\u00f3n","og_description":"El periodista de la agencia internacional Pressenza, Ivan Novotny, analiz\u00f3 en FM Radio Gr\u00e1fica 89.3 en el programa Abramos La Boca, el resultado electoral","og_url":"https:\/\/www.pressenza.com\/es\/2017\/04\/elecciones-en-ecuador-esperanza-y-posibilidad-para-el-progresismo-en-la-region\/","og_site_name":"Pressenza","article_publisher":"https:\/\/www.facebook.com\/PressenzaItalia","article_published_time":"2017-04-04T04:06:58+00:00","og_image":[{"width":935,"height":415,"url":"https:\/\/www.pressenza.com\/wp-content\/uploads\/2017\/04\/be37301c-84d4-4d87-a153-8bf2a23c8cec.jpg","type":"image\/jpeg"}],"author":"ivan novotny","twitter_card":"summary_large_image","twitter_creator":"@ivanovotny","twitter_site":"@PressenzaIPA","twitter_misc":{"Escrito por":"ivan novotny"},"schema":{"@context":"https:\/\/schema.org","@graph":[{"@type":"Article","@id":"https:\/\/www.pressenza.com\/es\/2017\/04\/elecciones-en-ecuador-esperanza-y-posibilidad-para-el-progresismo-en-la-region\/#article","isPartOf":{"@id":"https:\/\/www.pressenza.com\/es\/2017\/04\/elecciones-en-ecuador-esperanza-y-posibilidad-para-el-progresismo-en-la-region\/"},"author":{"name":"ivan novotny","@id":"https:\/\/www.pressenza.com\/es\/#\/schema\/person\/074b2cdde387af1b7a93f788a03ec37a"},"headline":"Elecciones en Ecuador: Esperanza y posibilidad para el progresismo en la regi\u00f3n","datePublished":"2017-04-04T04:06:58+00:00","mainEntityOfPage":{"@id":"https:\/\/www.pressenza.com\/es\/2017\/04\/elecciones-en-ecuador-esperanza-y-posibilidad-para-el-progresismo-en-la-region\/"},"wordCount":64,"publisher":{"@id":"https:\/\/www.pressenza.com\/es\/#organization"},"image":{"@id":"https:\/\/www.pressenza.com\/es\/2017\/04\/elecciones-en-ecuador-esperanza-y-posibilidad-para-el-progresismo-en-la-region\/#primaryimage"},"thumbnailUrl":"https:\/\/www.pressenza.com\/wp-content\/uploads\/2017\/04\/be37301c-84d4-4d87-a153-8bf2a23c8cec.jpg","keywords":["Elecciones en Ecuador","Lenin Moreno","Patria Grande","progresismo","Rafael Correa"],"articleSection":["Opiniones","Pol\u00edtica","Radio","Sudam\u00e9rica"],"inLanguage":"es"},{"@type":"WebPage","@id":"https:\/\/www.pressenza.com\/es\/2017\/04\/elecciones-en-ecuador-esperanza-y-posibilidad-para-el-progresismo-en-la-region\/","url":"https:\/\/www.pressenza.com\/es\/2017\/04\/elecciones-en-ecuador-esperanza-y-posibilidad-para-el-progresismo-en-la-region\/","name":"Elecciones en Ecuador: Esperanza y posibilidad para el progresismo en la regi\u00f3n","isPartOf":{"@id":"https:\/\/www.pressenza.com\/es\/#website"},"primaryImageOfPage":{"@id":"https:\/\/www.pressenza.com\/es\/2017\/04\/elecciones-en-ecuador-esperanza-y-posibilidad-para-el-progresismo-en-la-region\/#primaryimage"},"image":{"@id":"https:\/\/www.pressenza.com\/es\/2017\/04\/elecciones-en-ecuador-esperanza-y-posibilidad-para-el-progresismo-en-la-region\/#primaryimage"},"thumbnailUrl":"https:\/\/www.pressenza.com\/wp-content\/uploads\/2017\/04\/be37301c-84d4-4d87-a153-8bf2a23c8cec.jpg","datePublished":"2017-04-04T04:06:58+00:00","description":"El periodista de la agencia internacional Pressenza, Ivan Novotny, analiz\u00f3 en FM Radio Gr\u00e1fica 89.3 en el programa Abramos La Boca, el resultado electoral","breadcrumb":{"@id":"https:\/\/www.pressenza.com\/es\/2017\/04\/elecciones-en-ecuador-esperanza-y-posibilidad-para-el-progresismo-en-la-region\/#breadcrumb"},"inLanguage":"es","potentialAction":[{"@type":"ReadAction","target":["https:\/\/www.pressenza.com\/es\/2017\/04\/elecciones-en-ecuador-esperanza-y-posibilidad-para-el-progresismo-en-la-region\/"]}]},{"@type":"ImageObject","inLanguage":"es","@id":"https:\/\/www.pressenza.com\/es\/2017\/04\/elecciones-en-ecuador-esperanza-y-posibilidad-para-el-progresismo-en-la-region\/#primaryimage","url":"https:\/\/www.pressenza.com\/wp-content\/uploads\/2017\/04\/be37301c-84d4-4d87-a153-8bf2a23c8cec.jpg","contentUrl":"https:\/\/www.pressenza.com\/wp-content\/uploads\/2017\/04\/be37301c-84d4-4d87-a153-8bf2a23c8cec.jpg","width":935,"height":415},{"@type":"BreadcrumbList","@id":"https:\/\/www.pressenza.com\/es\/2017\/04\/elecciones-en-ecuador-esperanza-y-posibilidad-para-el-progresismo-en-la-region\/#breadcrumb","itemListElement":[{"@type":"ListItem","position":1,"name":"Accueil","item":"https:\/\/www.pressenza.com\/es\/"},{"@type":"ListItem","position":2,"name":"Elecciones en Ecuador: Esperanza y posibilidad para el progresismo en la regi\u00f3n"}]},{"@type":"WebSite","@id":"https:\/\/www.pressenza.com\/es\/#website","url":"https:\/\/www.pressenza.com\/es\/","name":"Pressenza","description":"International Press Agency","publisher":{"@id":"https:\/\/www.pressenza.com\/es\/#organization"},"potentialAction":[{"@type":"SearchAction","target":{"@type":"EntryPoint","urlTemplate":"https:\/\/www.pressenza.com\/es\/?s={search_term_string}"},"query-input":{"@type":"PropertyValueSpecification","valueRequired":true,"valueName":"search_term_string"}}],"inLanguage":"es"},{"@type":"Organization","@id":"https:\/\/www.pressenza.com\/es\/#organization","name":"Pressenza","url":"https:\/\/www.pressenza.com\/es\/","logo":{"@type":"ImageObject","inLanguage":"es","@id":"https:\/\/www.pressenza.com\/es\/#\/schema\/logo\/image\/","url":"https:\/\/www.pressenza.com\/wp-content\/uploads\/2022\/10\/pressenza_logo_200x200.jpg","contentUrl":"https:\/\/www.pressenza.com\/wp-content\/uploads\/2022\/10\/pressenza_logo_200x200.jpg","width":200,"height":200,"caption":"Pressenza"},"image":{"@id":"https:\/\/www.pressenza.com\/es\/#\/schema\/logo\/image\/"},"sameAs":["https:\/\/www.facebook.com\/PressenzaItalia","https:\/\/x.com\/PressenzaIPA"]},{"@type":"Person","@id":"https:\/\/www.pressenza.com\/es\/#\/schema\/person\/074b2cdde387af1b7a93f788a03ec37a","name":"ivan novotny","description":"A graduate in Communication Science from the University of Buenos Aires.","sameAs":["https:\/\/www.instagram.com\/inovotny","https:\/\/x.com\/ivanovotny"],"url":"https:\/\/www.pressenza.com\/es\/author\/ivan-novotny\/"}]}},"place":"Buenos Aires, Argentina","original_article_url":"","_links":{"self":[{"href":"https:\/\/www.pressenza.com\/es\/wp-json\/wp\/v2\/posts\/450966","targetHints":{"allow":["GET"]}}],"collection":[{"href":"https:\/\/www.pressenza.com\/es\/wp-json\/wp\/v2\/posts"}],"about":[{"href":"https:\/\/www.pressenza.com\/es\/wp-json\/wp\/v2\/types\/post"}],"author":[{"embeddable":true,"href":"https:\/\/www.pressenza.com\/es\/wp-json\/wp\/v2\/users\/20"}],"replies":[{"embeddable":true,"href":"https:\/\/www.pressenza.com\/es\/wp-json\/wp\/v2\/comments?post=450966"}],"version-history":[{"count":0,"href":"https:\/\/www.pressenza.com\/es\/wp-json\/wp\/v2\/posts\/450966\/revisions"}],"wp:featuredmedia":[{"embeddable":true,"href":"https:\/\/www.pressenza.com\/es\/wp-json\/wp\/v2\/media\/450860"}],"wp:attachment":[{"href":"https:\/\/www.pressenza.com\/es\/wp-json\/wp\/v2\/media?parent=450966"}],"wp:term":[{"taxonomy":"category","embeddable":true,"href":"https:\/\/www.pressenza.com\/es\/wp-json\/wp\/v2\/categories?post=450966"},{"taxonomy":"post_tag","embeddable":true,"href":"https:\/\/www.pressenza.com\/es\/wp-json\/wp\/v2\/tags?post=450966"}],"curies":[{"name":"wp","href":"https:\/\/api.w.org\/{rel}","templated":true}]}}