{"id":450909,"date":"2017-04-03T20:02:53","date_gmt":"2017-04-03T19:02:53","guid":{"rendered":"https:\/\/www.pressenza.com\/?p=450909\/"},"modified":"2017-04-03T20:02:53","modified_gmt":"2017-04-03T19:02:53","slug":"puro-decreto-congreso-ausente","status":"publish","type":"post","link":"https:\/\/www.pressenza.com\/es\/2017\/04\/puro-decreto-congreso-ausente\/","title":{"rendered":"A Puro decreto y con el Congreso ausente"},"content":{"rendered":"<p><em>El Ejecutivo pospuso otra vez la presentaci\u00f3n de un Anteproyecto de Ley de Comunicaciones Convergentes<\/em>.<\/p>\n<p>La Coalici\u00f3n por una Comunicaci\u00f3n Democr\u00e1tica denuncia una nueva afrenta del Gobierno Nacional a los compromisos asumidos ante la Comisi\u00f3n Interamericana de Derechos Humanos (CIDH) en la audiencia del 8 de abril de 2016, donde se se\u00f1al\u00f3 que el derecho a la comunicaci\u00f3n y la libertad de expresi\u00f3n estaban en riesgo por decretos que afectaban las garant\u00edas de inclusi\u00f3n, diversidad y pluralismo en las comunicaciones en Argentina.<\/p>\n<p>Por medio de la <a href=\"https:\/\/www.boletinoficial.gob.ar\/#%21DetalleNorma\/160841\/20170330\" target=\"_blank\">Resoluci\u00f3n 601\/2017 del 28 de marzo de 2017<\/a>, el ministro de Comunicaciones Oscar Aguad incumpli\u00f3 otra vez la promesa que se hab\u00eda impuesto y posterg\u00f3 por otros 180 d\u00edas la presentaci\u00f3n de un Anteproyecto de Ley de unificaci\u00f3n de las Leyes 26.522 y 27.078. Ambas leyes fueron seriamente intervenidas por el Decreto de Necesidad y Urgencia 267 de diciembre de 2015, firmado por el presidente Mauricio Macri.<\/p>\n<p>Ese decreto gubernamentaliz\u00f3 la autoridad regulatoria, disolvi\u00f3 los \u00f3rganos de representaci\u00f3n federal y sectorial y puso en funciones una administraci\u00f3n opaca y arbitraria que gestiona la comunicaci\u00f3n como un negocio y no como un bien social.<\/p>\n<p><a href=\"http:\/\/www.coalicion.org.ar\/muchas-preguntas-y-pocas-explicaciones\/\" target=\"_blank\">Lo dijimos hace un a\u00f1o<\/a> y lo reiteramos ante cada acto de gobierno tomado en base al recurso de los decretazos: han convertido lo provisorio en permanente y han invocado el pretexto de la modernizaci\u00f3n para re regular en favor de las principales corporaciones audiovisuales y de telecomunicaciones. Mediante una limitada metodolog\u00eda de consultas y audiencias enclaustradas ganan tiempo para \u201cordenar\u201d los intereses particulares de un mercado de amigos.<\/p>\n<p>El Gobierno est\u00e1 en mora con todos los argentinos y con la CIDH en su promesa de remediar la vulneraci\u00f3n al derecho humano a la comunicaci\u00f3n y los est\u00e1ndares elaborados por el Sistema Interamericano de protecci\u00f3n de los Derechos Humanos.<\/p>\n<p>Lejos de buscar el proclamado consenso, el Ejecutivo se dedic\u00f3 al dictado sistem\u00e1tico de actos administrativos sin sustento legal suficiente, creando un contexto de inseguridad jur\u00eddica. Habr\u00e1 en 2018 una convergencia para pocos, en sectores sensibles a la democracia y caros a los intereses empresarios como la televisi\u00f3n, la telefon\u00eda, la conectividad a Internet y los acontecimientos de inter\u00e9s relevante como el f\u00fatbol. Al tiempo que se agudiza la concentraci\u00f3n geogr\u00e1fica de la producci\u00f3n de contenidos en la Capital Federal, cae la producci\u00f3n nacional y se ignoran cuotas de pantallas para contenidos de producci\u00f3n nacional.<\/p>\n<p>Mientras tanto, el Congreso est\u00e1 pr\u00e1cticamente inactivo sobre estos temas. La pr\u00f3rroga de la presentaci\u00f3n del proyecto oficial hasta finalizar las sesiones ordinarias de 2017 es un intento de clausurar la discusi\u00f3n parlamentaria y eludir una elaboraci\u00f3n participada de normas con sentido plural que tenga en cuenta los aportes de todos los actores y las particularidades regionales.<\/p>\n<p>Durante su trabajo \u2014cuya duraci\u00f3n ya se prorrog\u00f3 una vez\u2014 la Comisi\u00f3n Redactora realiz\u00f3 reuniones con escasa difusi\u00f3n y sesgada participaci\u00f3n, que mostraron una clara preeminencia del sector empresario sobre los dem\u00e1s sectores y la ausencia de los pueblos originarios. Adem\u00e1s, decidi\u00f3 no mostrar avances de trabajo antes ni despu\u00e9s de las presentaciones.<\/p>\n<p>Esta Coalici\u00f3n profundizar\u00e1 la difusi\u00f3n en \u00e1mbitos pol\u00edticos, sociales, empresariales y sindicales, de los <a href=\"http:\/\/www.coalicion.org.ar\/21-puntos-por-el-derecho-a-la-comunicacion\/\" target=\"_blank\">Nuevos 21 Puntos por el Derecho a la Comunicaci\u00f3n<\/a> en todos los soportes y plataformas, impulsar\u00e1 foros federales de debate y participaci\u00f3n, y pondr\u00e1 a disposici\u00f3n de los legisladores su actualizaci\u00f3n y seguimiento para los proyectos legislativos que hagan falta, en pos de recuperar mayores garant\u00edas de pluralismo informativo y comunicacional como base de la democracia.<\/p>\n<p><em>Para actualizar el Plan de Acci\u00f3n 2017 sobre las estrategias propuestas por las organizaciones que la integran, la Coalici\u00f3n por una Comunicaci\u00f3n Democr\u00e1tica \u2013 Buenos Aires se reunir\u00e1 el pr\u00f3ximo 11 de abril a las 14 horas en Alsina 1750, CABA.<\/em><\/p>\n<p><strong>Coalici\u00f3n por una Comunicaci\u00f3n Democr\u00e1tica<\/strong><\/p>\n","protected":false},"excerpt":{"rendered":"<p>El Ejecutivo pospuso otra vez la presentaci\u00f3n de un Anteproyecto de Ley de Comunicaciones Convergentes. La Coalici\u00f3n por una Comunicaci\u00f3n Democr\u00e1tica denuncia una nueva afrenta del Gobierno Nacional a los compromisos asumidos ante la Comisi\u00f3n Interamericana de Derechos Humanos (CIDH)&hellip;<\/p>\n","protected":false},"author":87,"featured_media":450917,"comment_status":"closed","ping_status":"closed","sticky":false,"template":"","format":"standard","meta":{"footnotes":""},"categories":[149,75,79,67],"tags":[4581,696,18168,523],"class_list":["post-450909","post","type-post","status-publish","format-standard","has-post-thumbnail","hentry","category-comunicados-de-prensa","category-cultura-es","category-derechos-humanos","category-sudamerica","tag-comunicacion","tag-democracia","tag-derecho-a-la-comunicacion","tag-medios-de-comunicacion"],"yoast_head":"<!-- This site is optimized with the Yoast SEO plugin v27.1.1 - https:\/\/yoast.com\/product\/yoast-seo-wordpress\/ -->\n<title>A Puro decreto y con el Congreso ausente<\/title>\n<meta name=\"description\" content=\"El Ejecutivo pospuso otra vez la presentaci\u00f3n de un Anteproyecto de Ley de Comunicaciones Convergentes. La Coalici\u00f3n por una Comunicaci\u00f3n Democr\u00e1tica\" \/>\n<meta name=\"robots\" content=\"index, follow, max-snippet:-1, max-image-preview:large, max-video-preview:-1\" \/>\n<link rel=\"canonical\" href=\"https:\/\/www.pressenza.com\/es\/2017\/04\/puro-decreto-congreso-ausente\/\" \/>\n<meta property=\"og:locale\" content=\"es_ES\" \/>\n<meta property=\"og:type\" content=\"article\" \/>\n<meta property=\"og:title\" content=\"A Puro decreto y con el Congreso ausente\" \/>\n<meta property=\"og:description\" content=\"El Ejecutivo pospuso otra vez la presentaci\u00f3n de un Anteproyecto de Ley de Comunicaciones Convergentes. La Coalici\u00f3n por una Comunicaci\u00f3n Democr\u00e1tica\" \/>\n<meta property=\"og:url\" content=\"https:\/\/www.pressenza.com\/es\/2017\/04\/puro-decreto-congreso-ausente\/\" \/>\n<meta property=\"og:site_name\" content=\"Pressenza\" \/>\n<meta property=\"article:publisher\" content=\"https:\/\/www.facebook.com\/PressenzaItalia\" \/>\n<meta property=\"article:published_time\" content=\"2017-04-03T19:02:53+00:00\" \/>\n<meta property=\"og:image\" content=\"https:\/\/www.pressenza.com\/wp-content\/uploads\/2017\/04\/DSC2659-750x410.jpg\" \/>\n\t<meta property=\"og:image:width\" content=\"750\" \/>\n\t<meta property=\"og:image:height\" content=\"410\" \/>\n\t<meta property=\"og:image:type\" content=\"image\/jpeg\" \/>\n<meta name=\"author\" content=\"Redacci\u00f3n Argentina\" \/>\n<meta name=\"twitter:card\" content=\"summary_large_image\" \/>\n<meta name=\"twitter:creator\" content=\"@pressenza\" \/>\n<meta name=\"twitter:site\" content=\"@PressenzaIPA\" \/>\n<meta name=\"twitter:label1\" content=\"Escrito por\" \/>\n\t<meta name=\"twitter:data1\" content=\"Redacci\u00f3n Argentina\" \/>\n\t<meta name=\"twitter:label2\" content=\"Tiempo de lectura\" \/>\n\t<meta name=\"twitter:data2\" content=\"3 minutos\" \/>\n<script type=\"application\/ld+json\" class=\"yoast-schema-graph\">{\"@context\":\"https:\/\/schema.org\",\"@graph\":[{\"@type\":\"Article\",\"@id\":\"https:\/\/www.pressenza.com\/es\/2017\/04\/puro-decreto-congreso-ausente\/#article\",\"isPartOf\":{\"@id\":\"https:\/\/www.pressenza.com\/es\/2017\/04\/puro-decreto-congreso-ausente\/\"},\"author\":{\"name\":\"Redacci\u00f3n Argentina\",\"@id\":\"https:\/\/www.pressenza.com\/es\/#\/schema\/person\/0dda7d1b68267ad95b1e1d83abc98c89\"},\"headline\":\"A Puro decreto y con el Congreso ausente\",\"datePublished\":\"2017-04-03T19:02:53+00:00\",\"mainEntityOfPage\":{\"@id\":\"https:\/\/www.pressenza.com\/es\/2017\/04\/puro-decreto-congreso-ausente\/\"},\"wordCount\":673,\"publisher\":{\"@id\":\"https:\/\/www.pressenza.com\/es\/#organization\"},\"image\":{\"@id\":\"https:\/\/www.pressenza.com\/es\/2017\/04\/puro-decreto-congreso-ausente\/#primaryimage\"},\"thumbnailUrl\":\"https:\/\/www.pressenza.com\/wp-content\/uploads\/2017\/04\/DSC2659-750x410.jpg\",\"keywords\":[\"comunicaci\u00f3n\",\"Democracia\",\"Derecho a la comunicaci\u00f3n\",\"medios de comunicaci\u00f3n\"],\"articleSection\":[\"Comunicados de Prensa\",\"Cultura y Medios\",\"Derechos Humanos\",\"Sudam\u00e9rica\"],\"inLanguage\":\"es\"},{\"@type\":\"WebPage\",\"@id\":\"https:\/\/www.pressenza.com\/es\/2017\/04\/puro-decreto-congreso-ausente\/\",\"url\":\"https:\/\/www.pressenza.com\/es\/2017\/04\/puro-decreto-congreso-ausente\/\",\"name\":\"A Puro decreto y con el Congreso ausente\",\"isPartOf\":{\"@id\":\"https:\/\/www.pressenza.com\/es\/#website\"},\"primaryImageOfPage\":{\"@id\":\"https:\/\/www.pressenza.com\/es\/2017\/04\/puro-decreto-congreso-ausente\/#primaryimage\"},\"image\":{\"@id\":\"https:\/\/www.pressenza.com\/es\/2017\/04\/puro-decreto-congreso-ausente\/#primaryimage\"},\"thumbnailUrl\":\"https:\/\/www.pressenza.com\/wp-content\/uploads\/2017\/04\/DSC2659-750x410.jpg\",\"datePublished\":\"2017-04-03T19:02:53+00:00\",\"description\":\"El Ejecutivo pospuso otra vez la presentaci\u00f3n de un Anteproyecto de Ley de Comunicaciones Convergentes. La Coalici\u00f3n por una Comunicaci\u00f3n Democr\u00e1tica\",\"breadcrumb\":{\"@id\":\"https:\/\/www.pressenza.com\/es\/2017\/04\/puro-decreto-congreso-ausente\/#breadcrumb\"},\"inLanguage\":\"es\",\"potentialAction\":[{\"@type\":\"ReadAction\",\"target\":[\"https:\/\/www.pressenza.com\/es\/2017\/04\/puro-decreto-congreso-ausente\/\"]}]},{\"@type\":\"ImageObject\",\"inLanguage\":\"es\",\"@id\":\"https:\/\/www.pressenza.com\/es\/2017\/04\/puro-decreto-congreso-ausente\/#primaryimage\",\"url\":\"https:\/\/www.pressenza.com\/wp-content\/uploads\/2017\/04\/DSC2659-750x410.jpg\",\"contentUrl\":\"https:\/\/www.pressenza.com\/wp-content\/uploads\/2017\/04\/DSC2659-750x410.jpg\",\"width\":750,\"height\":410},{\"@type\":\"BreadcrumbList\",\"@id\":\"https:\/\/www.pressenza.com\/es\/2017\/04\/puro-decreto-congreso-ausente\/#breadcrumb\",\"itemListElement\":[{\"@type\":\"ListItem\",\"position\":1,\"name\":\"Accueil\",\"item\":\"https:\/\/www.pressenza.com\/es\/\"},{\"@type\":\"ListItem\",\"position\":2,\"name\":\"A Puro decreto y con el Congreso ausente\"}]},{\"@type\":\"WebSite\",\"@id\":\"https:\/\/www.pressenza.com\/es\/#website\",\"url\":\"https:\/\/www.pressenza.com\/es\/\",\"name\":\"Pressenza\",\"description\":\"International Press Agency\",\"publisher\":{\"@id\":\"https:\/\/www.pressenza.com\/es\/#organization\"},\"potentialAction\":[{\"@type\":\"SearchAction\",\"target\":{\"@type\":\"EntryPoint\",\"urlTemplate\":\"https:\/\/www.pressenza.com\/es\/?s={search_term_string}\"},\"query-input\":{\"@type\":\"PropertyValueSpecification\",\"valueRequired\":true,\"valueName\":\"search_term_string\"}}],\"inLanguage\":\"es\"},{\"@type\":\"Organization\",\"@id\":\"https:\/\/www.pressenza.com\/es\/#organization\",\"name\":\"Pressenza\",\"url\":\"https:\/\/www.pressenza.com\/es\/\",\"logo\":{\"@type\":\"ImageObject\",\"inLanguage\":\"es\",\"@id\":\"https:\/\/www.pressenza.com\/es\/#\/schema\/logo\/image\/\",\"url\":\"https:\/\/www.pressenza.com\/wp-content\/uploads\/2022\/10\/pressenza_logo_200x200.jpg\",\"contentUrl\":\"https:\/\/www.pressenza.com\/wp-content\/uploads\/2022\/10\/pressenza_logo_200x200.jpg\",\"width\":200,\"height\":200,\"caption\":\"Pressenza\"},\"image\":{\"@id\":\"https:\/\/www.pressenza.com\/es\/#\/schema\/logo\/image\/\"},\"sameAs\":[\"https:\/\/www.facebook.com\/PressenzaItalia\",\"https:\/\/x.com\/PressenzaIPA\"]},{\"@type\":\"Person\",\"@id\":\"https:\/\/www.pressenza.com\/es\/#\/schema\/person\/0dda7d1b68267ad95b1e1d83abc98c89\",\"name\":\"Redacci\u00f3n Argentina\",\"description\":\"News from the Pressenza Bureau in Argentina.\",\"sameAs\":[\"https:\/\/x.com\/pressenza\"],\"url\":\"https:\/\/www.pressenza.com\/es\/author\/redaccion-argentina\/\"}]}<\/script>\n<!-- \/ Yoast SEO plugin. -->","yoast_head_json":{"title":"A Puro decreto y con el Congreso ausente","description":"El Ejecutivo pospuso otra vez la presentaci\u00f3n de un Anteproyecto de Ley de Comunicaciones Convergentes. La Coalici\u00f3n por una Comunicaci\u00f3n Democr\u00e1tica","robots":{"index":"index","follow":"follow","max-snippet":"max-snippet:-1","max-image-preview":"max-image-preview:large","max-video-preview":"max-video-preview:-1"},"canonical":"https:\/\/www.pressenza.com\/es\/2017\/04\/puro-decreto-congreso-ausente\/","og_locale":"es_ES","og_type":"article","og_title":"A Puro decreto y con el Congreso ausente","og_description":"El Ejecutivo pospuso otra vez la presentaci\u00f3n de un Anteproyecto de Ley de Comunicaciones Convergentes. La Coalici\u00f3n por una Comunicaci\u00f3n Democr\u00e1tica","og_url":"https:\/\/www.pressenza.com\/es\/2017\/04\/puro-decreto-congreso-ausente\/","og_site_name":"Pressenza","article_publisher":"https:\/\/www.facebook.com\/PressenzaItalia","article_published_time":"2017-04-03T19:02:53+00:00","og_image":[{"width":750,"height":410,"url":"https:\/\/www.pressenza.com\/wp-content\/uploads\/2017\/04\/DSC2659-750x410.jpg","type":"image\/jpeg"}],"author":"Redacci\u00f3n Argentina","twitter_card":"summary_large_image","twitter_creator":"@pressenza","twitter_site":"@PressenzaIPA","twitter_misc":{"Escrito por":"Redacci\u00f3n Argentina","Tiempo de lectura":"3 minutos"},"schema":{"@context":"https:\/\/schema.org","@graph":[{"@type":"Article","@id":"https:\/\/www.pressenza.com\/es\/2017\/04\/puro-decreto-congreso-ausente\/#article","isPartOf":{"@id":"https:\/\/www.pressenza.com\/es\/2017\/04\/puro-decreto-congreso-ausente\/"},"author":{"name":"Redacci\u00f3n Argentina","@id":"https:\/\/www.pressenza.com\/es\/#\/schema\/person\/0dda7d1b68267ad95b1e1d83abc98c89"},"headline":"A Puro decreto y con el Congreso ausente","datePublished":"2017-04-03T19:02:53+00:00","mainEntityOfPage":{"@id":"https:\/\/www.pressenza.com\/es\/2017\/04\/puro-decreto-congreso-ausente\/"},"wordCount":673,"publisher":{"@id":"https:\/\/www.pressenza.com\/es\/#organization"},"image":{"@id":"https:\/\/www.pressenza.com\/es\/2017\/04\/puro-decreto-congreso-ausente\/#primaryimage"},"thumbnailUrl":"https:\/\/www.pressenza.com\/wp-content\/uploads\/2017\/04\/DSC2659-750x410.jpg","keywords":["comunicaci\u00f3n","Democracia","Derecho a la comunicaci\u00f3n","medios de comunicaci\u00f3n"],"articleSection":["Comunicados de Prensa","Cultura y Medios","Derechos Humanos","Sudam\u00e9rica"],"inLanguage":"es"},{"@type":"WebPage","@id":"https:\/\/www.pressenza.com\/es\/2017\/04\/puro-decreto-congreso-ausente\/","url":"https:\/\/www.pressenza.com\/es\/2017\/04\/puro-decreto-congreso-ausente\/","name":"A Puro decreto y con el Congreso ausente","isPartOf":{"@id":"https:\/\/www.pressenza.com\/es\/#website"},"primaryImageOfPage":{"@id":"https:\/\/www.pressenza.com\/es\/2017\/04\/puro-decreto-congreso-ausente\/#primaryimage"},"image":{"@id":"https:\/\/www.pressenza.com\/es\/2017\/04\/puro-decreto-congreso-ausente\/#primaryimage"},"thumbnailUrl":"https:\/\/www.pressenza.com\/wp-content\/uploads\/2017\/04\/DSC2659-750x410.jpg","datePublished":"2017-04-03T19:02:53+00:00","description":"El Ejecutivo pospuso otra vez la presentaci\u00f3n de un Anteproyecto de Ley de Comunicaciones Convergentes. La Coalici\u00f3n por una Comunicaci\u00f3n Democr\u00e1tica","breadcrumb":{"@id":"https:\/\/www.pressenza.com\/es\/2017\/04\/puro-decreto-congreso-ausente\/#breadcrumb"},"inLanguage":"es","potentialAction":[{"@type":"ReadAction","target":["https:\/\/www.pressenza.com\/es\/2017\/04\/puro-decreto-congreso-ausente\/"]}]},{"@type":"ImageObject","inLanguage":"es","@id":"https:\/\/www.pressenza.com\/es\/2017\/04\/puro-decreto-congreso-ausente\/#primaryimage","url":"https:\/\/www.pressenza.com\/wp-content\/uploads\/2017\/04\/DSC2659-750x410.jpg","contentUrl":"https:\/\/www.pressenza.com\/wp-content\/uploads\/2017\/04\/DSC2659-750x410.jpg","width":750,"height":410},{"@type":"BreadcrumbList","@id":"https:\/\/www.pressenza.com\/es\/2017\/04\/puro-decreto-congreso-ausente\/#breadcrumb","itemListElement":[{"@type":"ListItem","position":1,"name":"Accueil","item":"https:\/\/www.pressenza.com\/es\/"},{"@type":"ListItem","position":2,"name":"A Puro decreto y con el Congreso ausente"}]},{"@type":"WebSite","@id":"https:\/\/www.pressenza.com\/es\/#website","url":"https:\/\/www.pressenza.com\/es\/","name":"Pressenza","description":"International Press Agency","publisher":{"@id":"https:\/\/www.pressenza.com\/es\/#organization"},"potentialAction":[{"@type":"SearchAction","target":{"@type":"EntryPoint","urlTemplate":"https:\/\/www.pressenza.com\/es\/?s={search_term_string}"},"query-input":{"@type":"PropertyValueSpecification","valueRequired":true,"valueName":"search_term_string"}}],"inLanguage":"es"},{"@type":"Organization","@id":"https:\/\/www.pressenza.com\/es\/#organization","name":"Pressenza","url":"https:\/\/www.pressenza.com\/es\/","logo":{"@type":"ImageObject","inLanguage":"es","@id":"https:\/\/www.pressenza.com\/es\/#\/schema\/logo\/image\/","url":"https:\/\/www.pressenza.com\/wp-content\/uploads\/2022\/10\/pressenza_logo_200x200.jpg","contentUrl":"https:\/\/www.pressenza.com\/wp-content\/uploads\/2022\/10\/pressenza_logo_200x200.jpg","width":200,"height":200,"caption":"Pressenza"},"image":{"@id":"https:\/\/www.pressenza.com\/es\/#\/schema\/logo\/image\/"},"sameAs":["https:\/\/www.facebook.com\/PressenzaItalia","https:\/\/x.com\/PressenzaIPA"]},{"@type":"Person","@id":"https:\/\/www.pressenza.com\/es\/#\/schema\/person\/0dda7d1b68267ad95b1e1d83abc98c89","name":"Redacci\u00f3n Argentina","description":"News from the Pressenza Bureau in Argentina.","sameAs":["https:\/\/x.com\/pressenza"],"url":"https:\/\/www.pressenza.com\/es\/author\/redaccion-argentina\/"}]}},"place":"Ciudad de Buenos Aires, Argentina","original_article_url":"http:\/\/www.coalicion.org.ar\/comunicado-a-puro-decreto-y-con-el-congreso-ausente\/?#","_links":{"self":[{"href":"https:\/\/www.pressenza.com\/es\/wp-json\/wp\/v2\/posts\/450909","targetHints":{"allow":["GET"]}}],"collection":[{"href":"https:\/\/www.pressenza.com\/es\/wp-json\/wp\/v2\/posts"}],"about":[{"href":"https:\/\/www.pressenza.com\/es\/wp-json\/wp\/v2\/types\/post"}],"author":[{"embeddable":true,"href":"https:\/\/www.pressenza.com\/es\/wp-json\/wp\/v2\/users\/87"}],"replies":[{"embeddable":true,"href":"https:\/\/www.pressenza.com\/es\/wp-json\/wp\/v2\/comments?post=450909"}],"version-history":[{"count":0,"href":"https:\/\/www.pressenza.com\/es\/wp-json\/wp\/v2\/posts\/450909\/revisions"}],"wp:featuredmedia":[{"embeddable":true,"href":"https:\/\/www.pressenza.com\/es\/wp-json\/wp\/v2\/media\/450917"}],"wp:attachment":[{"href":"https:\/\/www.pressenza.com\/es\/wp-json\/wp\/v2\/media?parent=450909"}],"wp:term":[{"taxonomy":"category","embeddable":true,"href":"https:\/\/www.pressenza.com\/es\/wp-json\/wp\/v2\/categories?post=450909"},{"taxonomy":"post_tag","embeddable":true,"href":"https:\/\/www.pressenza.com\/es\/wp-json\/wp\/v2\/tags?post=450909"}],"curies":[{"name":"wp","href":"https:\/\/api.w.org\/{rel}","templated":true}]}}