{"id":45036,"date":"2013-03-28T21:15:12","date_gmt":"2013-03-28T21:15:12","guid":{"rendered":"http:\/\/www.pressenza.com\/?p=45036"},"modified":"2013-03-28T21:15:12","modified_gmt":"2013-03-28T21:15:12","slug":"chile-esta-en-venta","status":"publish","type":"post","link":"https:\/\/www.pressenza.com\/es\/2013\/03\/chile-esta-en-venta\/","title":{"rendered":"Chile est\u00e1 en venta"},"content":{"rendered":"<p><strong>Ventisqueros, glaciares, terrenos colindantes a playas del norte e islas del extremo sur est\u00e1n en proceso de remate por el Ministerio de Bienes Nacionales. En total son 398 inmuebles que pertenecen hoy a todos los chilenos y que suman 48.864 hect\u00e1reas, las que est\u00e1n siendo ofrecidas ya sea por venta directa o licitaci\u00f3n. El gobierno de Pi\u00f1era termin\u00f3 transformando el ministerio a cargo de cuidar los bienes fiscales en una inmobiliaria.<\/strong><\/p>\n<p>\u201cTodos somos due\u00f1os de la playas de <strong>Chile<\/strong>\u201d es la campa\u00f1a del <strong>Ministerio de Bienes Nacionales<\/strong> (MBN) que inund\u00f3 los medios este verano. Apoy\u00e1ndose en el derecho a acceder a todas las playas de nuestro pa\u00eds, el ministro del ramo, <strong>Rodrigo P\u00e9rez<\/strong>, advierte que \u201cel acceso a una playa no puede ser comercial, por lo que nadie puede utilizarlas como si se tratase de propiedad privada\u201d. A la par, la misma repartici\u00f3n p\u00fablica est\u00e1 en el proceso m\u00e1s grande de despojo de territorio nacional de la historia a trav\u00e9s de licitaciones y ventas directas.<\/p>\n<p>Un total de 398 inmuebles que cubren m\u00e1s de 48.864 hect\u00e1reas pretenden ser enajenadas. Fajas de borde costero en <strong>Arica<\/strong> y <strong>Antofagasta<\/strong>, casas en todas las ciudades, islas y ventisqueros del extremo sur, lagos cordilleranos y hasta la cueva del <strong>Milod\u00f3n<\/strong> est\u00e1n en venta (96%) o concesi\u00f3n (4%) de hasta 50 a\u00f1os para los que hagan la mejor oferta econ\u00f3mica, sean chilenos o extranjeros.<\/p>\n<p>Conscientes de no poder ganar las pr\u00f3ximas elecciones, la coalici\u00f3n de derecha se apresura en privatizar lo m\u00e1ximo posible del pa\u00eds. Con el remate esperan recaudar unos 398 millones de d\u00f3lares. Si bien algunos terrenos est\u00e1n orientados para el impulso de energ\u00edas renovables no convencionales (ERNC), esta proporci\u00f3n alcanza apenas el 14% de los terrenos a licitar, cifra que engloba a los destinados para uso industrial. Otro 21% est\u00e1 destinado para conservaci\u00f3n y turismo y un 65% para destino inmobiliario y de equipamiento.<\/p>\n<p>Para lanzar el proceso, en noviembre del a\u00f1o pasado, el ministro P\u00e9rez invit\u00f3 a 189 personas a un encuentro en el <strong>Hotel Sheraton<\/strong> de <strong>Santiago<\/strong>, a quienes se les entreg\u00f3 \u201cun cat\u00e1logo con la oferta m\u00e1s atractiva, y a la vez se les dio la opci\u00f3n de inscribirse para recibir alertas cuando las licitaciones que le interesen sean publicadas\u201d- seg\u00fan dice un comunicado del MBN. Los invitados claramente no fueron ciudadanos de a pie: \u201cHemos presentado nuestra principal oferta ante potenciales interesados: empresarios, fondos de inversi\u00f3n, inmobiliarias, constructoras, banca, operadores tur\u00edsticos\u201d \u2013 destacaron.<\/p>\n<p><strong>Patricio Herman<\/strong>, de la agrupaci\u00f3n <a href=\"http:\/\/www.defendamoslaciudad.cl\/\" target=\"_blank\">Defendamos la Ciudad<\/a>, comenta que \u201ca m\u00ed no me invitaron al lanzamiento de la licitaci\u00f3n, al igual que la gran mayor\u00eda de los chilenos. Creo que al final los compradores ser\u00e1n los mismos de siempre. Creo que la mayor parte de los postulantes ser\u00e1n los que viven en la llamada cota mil de la <strong>Regi\u00f3n Metropolitana<\/strong>\u201d.<\/p>\n<p><strong>\u201cUN PA\u00cdS DE PROPIETARIOS\u201d<\/strong><\/p>\n<p>Si el \u00e9nfasis del MBN en las administraciones concertacionistas fue la regularizaci\u00f3n de t\u00edtulos de dominio, la tarea encomendada por <strong>Pi\u00f1era<\/strong> a <strong>Catalina Parot<\/strong> al hacerse cargo del ministerio fue hacer de Chile \u201cun pa\u00eds de propietarios\u201d.<\/p>\n<p>La gesti\u00f3n de Parot estuvo enfocada en catastrar las propiedades y la \u201cpuesta en valor\u201d del patrimonio fiscal. Para eso un ingeniero comercial y tres abogados rastrearon por cielo, mar y tierra las acciones e inmuebles del <strong>Fisco<\/strong> para hacer un estudio estimativo del territorio en manos del Estado. Se escane\u00f3 el pa\u00eds de punta a cabo buscando todo lo que se pudiera vender.<\/p>\n<p>El estudio concluy\u00f3 que m\u00e1s del 51% del territorio, unas 38,6 millones de has., est\u00e1 en manos del Fisco. Un 26,8% de \u00e9ste est\u00e1 disponible para la gesti\u00f3n del MBN. El subsecretario, <strong>Juan Carlos Bulnes<\/strong>, sostuvo que \u201cel Fisco tiene casi el monopolio del suelo. Si uno se queda de brazos cruzados y no hace nada con ese territorio, lo que estamos haciendo es obstaculizar el crecimiento\u201d.<\/p>\n<p>Ya en el Balance de Gesti\u00f3n del MBN de 2011, la ministra Parot optaba por privilegiar \u201cla licitaci\u00f3n como herramienta de gesti\u00f3n\u201d. As\u00ed, un 77% de las enajenaciones se realiz\u00f3 por esta v\u00eda. Durante ese a\u00f1o el MNB vendi\u00f3 132 propiedades fiscales.<\/p>\n<p>Eso era s\u00f3lo el comienzo. Si la gesti\u00f3n de Parot estuvo orientada a hacer el catastro de bienes fiscales, la del ministro <strong>P\u00e9rez Mackenna<\/strong> est\u00e1 claramente orientada a transformar el MBN en una inmobiliaria.<\/p>\n<p><strong>CON LOS DIENTES AFILADOS<\/strong><\/p>\n<p>La meta propuesta por el Ejecutivo es triplicar los ingresos por enajenaciones. Si durante el gobierno de <strong>Bachelet<\/strong> los ingresos por dicho \u00edtem fueron de $ 30 mil millones, entre 2010 y 2013 se pretende alcanzar la cifra de $ 89 mil millones.<\/p>\n<p>Ya en 2011 la <strong>Corporaci\u00f3n Nacional Forestal<\/strong> (Conaf), intent\u00f3 licitar 30 parques nacionales, generando incluso una pugna entre dicha instituci\u00f3n y los ministerios de <strong>Agricultura<\/strong> y <strong>Medio Ambiente<\/strong>. En marzo de 2012, la subsecretar\u00eda de <strong>Turismo<\/strong> del <strong>Ministerio de Econom\u00eda<\/strong> vuelve de nuevo con la intentona, pero a falta de un reglamento de la ley, se establece crear un comit\u00e9 que integrar\u00eda a todas dichas reparticiones p\u00fablicas, y el reglamento que finalmente es aprobado establece un proceso largo para la enajenaci\u00f3n.<\/p>\n<p>La licitaci\u00f3n del MBN es la tercera intentona del <strong>Gobierno<\/strong> para transferir a privados bienes de uso p\u00fablicos. <strong>Flavia Liberona<\/strong>, de <a href=\"http:\/\/www.terram.cl\/\" target=\"_blank\">Fundaci\u00f3n Terram<\/a>, advierte que \u201cla licitaci\u00f3n y venta directa de bienes fiscales empez\u00f3 con el gobierno de Bachelet. Hoy la est\u00e1 aplicando Pi\u00f1era masivamente. Es una pol\u00edtica de gobierno\u201d.<\/p>\n<p>A fines de 2011, ya se hab\u00edan hecho 76 procesos de venta y concesiones de largo plazo, los que sumaban 5.578 has.; entre los destinatarios figuraban contribuyentes como <strong>Cencosud Shopping Centers<\/strong> y <strong>Gasco<\/strong>.<\/p>\n<p>Otro objetivo del MBN es deshacerse de las acciones que por herencia vacante, o sea, sin herederos, est\u00e1n en manos del Fisco. Avaluadas en 778 millones de pesos en una licitaci\u00f3n cerrada s\u00f3lo un d\u00eda despu\u00e9s de haber sido publicada la primera semana de enero, fue ganda por <strong>Santander S.A. Corredores de Bolsa<\/strong>.<\/p>\n<p>La ex ministra Parot hab\u00eda dicho antes que \u201ca\u00fan falta por descubrir d\u00f3nde est\u00e1n otros casi tres mil millones\u201d, y que el monto de las acciones en manos del Estado podr\u00eda llegar a cuatro mil millones de pesos.<\/p>\n<p>No en vano en el lanzamiento del proceso el ministro P\u00e9rez y el subsecretario Bulnes se hicieron acompa\u00f1ar por corredores de bolsa de empresas como <strong>AntarChile, Copec, Gasco, CCU<\/strong> y <strong>Chilectra<\/strong>, entre otras compa\u00f1\u00edas.<\/p>\n<p><strong>BIENES COMUNES \u00bfPOR QU\u00c9 NO?<\/strong><\/p>\n<p>El argumento del Gobierno para enajenar estos terrenos se encierra en la l\u00f3gica de que si no se hace nada con ellos se pierden oportunidades de crecimiento. Se oblitera as\u00ed la discusi\u00f3n sobre el destino de bienes comunes, los que se entienden como los elementos naturales o socialmente construidos que tienen la caracter\u00edstica de ser colectivos y transgeneracionales. As\u00ed lo son la biodiversidad, el agua, los bosques, la energ\u00eda, el conocimiento y las ideas.<\/p>\n<p>Liberona cree que \u201clos terrenos que tienen valor para conservaci\u00f3n de la biodiversidad, Chile debiera optar por conservarlos, ya sea a trav\u00e9s de la administraci\u00f3n directa del Estado u otras figuras como desarrollo tur\u00edstico o \u00e1reas ind\u00edgenas. Si se entregan a privados, debiera ser a organizaciones sin fines de lucro que apuesten por conservar, no que quieran instalar un <em>resort<\/em>. No se puede entregar al que tiene m\u00e1s plata\u201d.<\/p>\n<p>\u201cQue sean bienes comunes no significa llegar y llevar, sino que hay un ente que es el Estado que tienen que asumir un rol para mantenerlo en forma optima y que asegure el acceso. Si hay que pagar algo por su acceso que sea razonable y puedan disfrutar de estos espacios todas las personas, no s\u00f3lo por empresas con fines de lucro\u201d \u2013 agrega Liberona.<\/p>\n<p>Herman llama a hacer frente a este proceso y exige que haya \u201cmucha participaci\u00f3n ciudadana, informaci\u00f3n y cuestionamientos a la autoridad p\u00fablica. El <strong>Ministerio P\u00fablico<\/strong> ya debiera estar indagando sobre este proceso; debiera estar entrevistando a los funcionarios p\u00fablicos, al subsecretario, recogiendo y cruzando informaci\u00f3n\u201d.<\/p>\n<p>Liberona agrega que \u201cya vimos lo del litio; los ministros viajaron para ofrecer el litio por el planeta y al final se lo adjudic\u00f3 un personaje que todos conocemos y todo el proceso fue mal hecho para d\u00e1rselo a \u00e9l. No es que no queramos que los privados no hagan cosas, pero no se puede privatizar el territorio nacional as\u00ed por as\u00ed\u201d.<\/p>\n<p>Por <strong>Mauricio Becerra Rebolledo<\/strong><\/p>\n","protected":false},"excerpt":{"rendered":"<p>Ventisqueros, glaciares, terrenos colindantes a playas del norte e islas del extremo sur est\u00e1n en proceso de remate por el Ministerio de Bienes Nacionales. En total son 398 inmuebles que pertenecen hoy a todos los chilenos y que suman 48.864&hellip;<\/p>\n","protected":false},"author":616,"featured_media":45039,"comment_status":"closed","ping_status":"open","sticky":false,"template":"","format":"standard","meta":{"footnotes":""},"categories":[81,74,67],"tags":[],"class_list":["post-45036","post","type-post","status-publish","format-standard","has-post-thumbnail","hentry","category-economia-es","category-politica-es","category-sudamerica"],"yoast_head":"<!-- This site is optimized with the Yoast SEO plugin v27.1.1 - https:\/\/yoast.com\/product\/yoast-seo-wordpress\/ -->\n<title>Chile est\u00e1 en venta<\/title>\n<meta name=\"description\" content=\"Ventisqueros, glaciares, terrenos colindantes a playas del norte e islas del extremo sur est\u00e1n en proceso de remate por el Ministerio de Bienes\" \/>\n<meta name=\"robots\" content=\"index, follow, max-snippet:-1, max-image-preview:large, max-video-preview:-1\" \/>\n<link rel=\"canonical\" href=\"https:\/\/www.pressenza.com\/es\/2013\/03\/chile-esta-en-venta\/\" \/>\n<meta property=\"og:locale\" content=\"es_ES\" \/>\n<meta property=\"og:type\" content=\"article\" \/>\n<meta property=\"og:title\" content=\"Chile est\u00e1 en venta\" \/>\n<meta property=\"og:description\" content=\"Ventisqueros, glaciares, terrenos colindantes a playas del norte e islas del extremo sur est\u00e1n en proceso de remate por el Ministerio de Bienes\" \/>\n<meta property=\"og:url\" content=\"https:\/\/www.pressenza.com\/es\/2013\/03\/chile-esta-en-venta\/\" \/>\n<meta property=\"og:site_name\" content=\"Pressenza\" \/>\n<meta property=\"article:publisher\" content=\"https:\/\/www.facebook.com\/PressenzaItalia\" \/>\n<meta property=\"article:published_time\" content=\"2013-03-28T21:15:12+00:00\" \/>\n<meta property=\"og:image\" content=\"https:\/\/www.pressenza.com\/wp-content\/uploads\/2013\/03\/Chile-est\u00e1-en-venta-e1364400993355.jpg\" \/>\n\t<meta property=\"og:image:width\" content=\"620\" \/>\n\t<meta property=\"og:image:height\" content=\"452\" \/>\n\t<meta property=\"og:image:type\" content=\"image\/jpeg\" \/>\n<meta name=\"author\" content=\"El Ciudadano\" \/>\n<meta name=\"twitter:card\" content=\"summary_large_image\" \/>\n<meta name=\"twitter:creator\" content=\"@PressenzaIPA\" \/>\n<meta name=\"twitter:site\" content=\"@PressenzaIPA\" \/>\n<meta name=\"twitter:label1\" content=\"Escrito por\" \/>\n\t<meta name=\"twitter:data1\" content=\"El Ciudadano\" \/>\n\t<meta name=\"twitter:label2\" content=\"Tiempo de lectura\" \/>\n\t<meta name=\"twitter:data2\" content=\"7 minutos\" \/>\n<script type=\"application\/ld+json\" class=\"yoast-schema-graph\">{\"@context\":\"https:\/\/schema.org\",\"@graph\":[{\"@type\":\"Article\",\"@id\":\"https:\/\/www.pressenza.com\/es\/2013\/03\/chile-esta-en-venta\/#article\",\"isPartOf\":{\"@id\":\"https:\/\/www.pressenza.com\/es\/2013\/03\/chile-esta-en-venta\/\"},\"author\":{\"name\":\"El Ciudadano\",\"@id\":\"https:\/\/www.pressenza.com\/es\/#\/schema\/person\/6522eecb4cd68e074b27e251e4b04ef8\"},\"headline\":\"Chile est\u00e1 en venta\",\"datePublished\":\"2013-03-28T21:15:12+00:00\",\"mainEntityOfPage\":{\"@id\":\"https:\/\/www.pressenza.com\/es\/2013\/03\/chile-esta-en-venta\/\"},\"wordCount\":1453,\"publisher\":{\"@id\":\"https:\/\/www.pressenza.com\/es\/#organization\"},\"image\":{\"@id\":\"https:\/\/www.pressenza.com\/es\/2013\/03\/chile-esta-en-venta\/#primaryimage\"},\"thumbnailUrl\":\"https:\/\/www.pressenza.com\/wp-content\/uploads\/2013\/03\/Chile-est\u00e1-en-venta-e1364400993355.jpg\",\"articleSection\":[\"Econom\u00eda\",\"Pol\u00edtica\",\"Sudam\u00e9rica\"],\"inLanguage\":\"es\"},{\"@type\":\"WebPage\",\"@id\":\"https:\/\/www.pressenza.com\/es\/2013\/03\/chile-esta-en-venta\/\",\"url\":\"https:\/\/www.pressenza.com\/es\/2013\/03\/chile-esta-en-venta\/\",\"name\":\"Chile est\u00e1 en venta\",\"isPartOf\":{\"@id\":\"https:\/\/www.pressenza.com\/es\/#website\"},\"primaryImageOfPage\":{\"@id\":\"https:\/\/www.pressenza.com\/es\/2013\/03\/chile-esta-en-venta\/#primaryimage\"},\"image\":{\"@id\":\"https:\/\/www.pressenza.com\/es\/2013\/03\/chile-esta-en-venta\/#primaryimage\"},\"thumbnailUrl\":\"https:\/\/www.pressenza.com\/wp-content\/uploads\/2013\/03\/Chile-est\u00e1-en-venta-e1364400993355.jpg\",\"datePublished\":\"2013-03-28T21:15:12+00:00\",\"description\":\"Ventisqueros, glaciares, terrenos colindantes a playas del norte e islas del extremo sur est\u00e1n en proceso de remate por el Ministerio de Bienes\",\"breadcrumb\":{\"@id\":\"https:\/\/www.pressenza.com\/es\/2013\/03\/chile-esta-en-venta\/#breadcrumb\"},\"inLanguage\":\"es\",\"potentialAction\":[{\"@type\":\"ReadAction\",\"target\":[\"https:\/\/www.pressenza.com\/es\/2013\/03\/chile-esta-en-venta\/\"]}]},{\"@type\":\"ImageObject\",\"inLanguage\":\"es\",\"@id\":\"https:\/\/www.pressenza.com\/es\/2013\/03\/chile-esta-en-venta\/#primaryimage\",\"url\":\"https:\/\/www.pressenza.com\/wp-content\/uploads\/2013\/03\/Chile-est\u00e1-en-venta-e1364400993355.jpg\",\"contentUrl\":\"https:\/\/www.pressenza.com\/wp-content\/uploads\/2013\/03\/Chile-est\u00e1-en-venta-e1364400993355.jpg\",\"width\":620,\"height\":452},{\"@type\":\"BreadcrumbList\",\"@id\":\"https:\/\/www.pressenza.com\/es\/2013\/03\/chile-esta-en-venta\/#breadcrumb\",\"itemListElement\":[{\"@type\":\"ListItem\",\"position\":1,\"name\":\"Accueil\",\"item\":\"https:\/\/www.pressenza.com\/es\/\"},{\"@type\":\"ListItem\",\"position\":2,\"name\":\"Chile est\u00e1 en venta\"}]},{\"@type\":\"WebSite\",\"@id\":\"https:\/\/www.pressenza.com\/es\/#website\",\"url\":\"https:\/\/www.pressenza.com\/es\/\",\"name\":\"Pressenza\",\"description\":\"International Press Agency\",\"publisher\":{\"@id\":\"https:\/\/www.pressenza.com\/es\/#organization\"},\"potentialAction\":[{\"@type\":\"SearchAction\",\"target\":{\"@type\":\"EntryPoint\",\"urlTemplate\":\"https:\/\/www.pressenza.com\/es\/?s={search_term_string}\"},\"query-input\":{\"@type\":\"PropertyValueSpecification\",\"valueRequired\":true,\"valueName\":\"search_term_string\"}}],\"inLanguage\":\"es\"},{\"@type\":\"Organization\",\"@id\":\"https:\/\/www.pressenza.com\/es\/#organization\",\"name\":\"Pressenza\",\"url\":\"https:\/\/www.pressenza.com\/es\/\",\"logo\":{\"@type\":\"ImageObject\",\"inLanguage\":\"es\",\"@id\":\"https:\/\/www.pressenza.com\/es\/#\/schema\/logo\/image\/\",\"url\":\"https:\/\/www.pressenza.com\/wp-content\/uploads\/2022\/10\/pressenza_logo_200x200.jpg\",\"contentUrl\":\"https:\/\/www.pressenza.com\/wp-content\/uploads\/2022\/10\/pressenza_logo_200x200.jpg\",\"width\":200,\"height\":200,\"caption\":\"Pressenza\"},\"image\":{\"@id\":\"https:\/\/www.pressenza.com\/es\/#\/schema\/logo\/image\/\"},\"sameAs\":[\"https:\/\/www.facebook.com\/PressenzaItalia\",\"https:\/\/x.com\/PressenzaIPA\"]},{\"@type\":\"Person\",\"@id\":\"https:\/\/www.pressenza.com\/es\/#\/schema\/person\/6522eecb4cd68e074b27e251e4b04ef8\",\"name\":\"El Ciudadano\",\"description\":\"El Ciudadano es un medio de comunicaci\u00f3n de circulaci\u00f3n mensual en papel y de funcionamiento diario en la web. Forma parte de la Red de Medios de los Pueblos por lo que se declara como un medio del Tercer Sector para romper el cerco informativo. El Ciudadano es una publicaci\u00f3n que busca elevar desde lo local a lo global las demandas de la organizaci\u00f3n social chilena como tambi\u00e9n promover la acci\u00f3n directa de la ciudadan\u00eda por su derecho a autodeterminaci\u00f3n. elciudadano.cl\",\"url\":\"https:\/\/www.pressenza.com\/es\/author\/el-ciudadano\/\"}]}<\/script>\n<!-- \/ Yoast SEO plugin. -->","yoast_head_json":{"title":"Chile est\u00e1 en venta","description":"Ventisqueros, glaciares, terrenos colindantes a playas del norte e islas del extremo sur est\u00e1n en proceso de remate por el Ministerio de Bienes","robots":{"index":"index","follow":"follow","max-snippet":"max-snippet:-1","max-image-preview":"max-image-preview:large","max-video-preview":"max-video-preview:-1"},"canonical":"https:\/\/www.pressenza.com\/es\/2013\/03\/chile-esta-en-venta\/","og_locale":"es_ES","og_type":"article","og_title":"Chile est\u00e1 en venta","og_description":"Ventisqueros, glaciares, terrenos colindantes a playas del norte e islas del extremo sur est\u00e1n en proceso de remate por el Ministerio de Bienes","og_url":"https:\/\/www.pressenza.com\/es\/2013\/03\/chile-esta-en-venta\/","og_site_name":"Pressenza","article_publisher":"https:\/\/www.facebook.com\/PressenzaItalia","article_published_time":"2013-03-28T21:15:12+00:00","og_image":[{"width":620,"height":452,"url":"https:\/\/www.pressenza.com\/wp-content\/uploads\/2013\/03\/Chile-est\u00e1-en-venta-e1364400993355.jpg","type":"image\/jpeg"}],"author":"El Ciudadano","twitter_card":"summary_large_image","twitter_creator":"@PressenzaIPA","twitter_site":"@PressenzaIPA","twitter_misc":{"Escrito por":"El Ciudadano","Tiempo de lectura":"7 minutos"},"schema":{"@context":"https:\/\/schema.org","@graph":[{"@type":"Article","@id":"https:\/\/www.pressenza.com\/es\/2013\/03\/chile-esta-en-venta\/#article","isPartOf":{"@id":"https:\/\/www.pressenza.com\/es\/2013\/03\/chile-esta-en-venta\/"},"author":{"name":"El Ciudadano","@id":"https:\/\/www.pressenza.com\/es\/#\/schema\/person\/6522eecb4cd68e074b27e251e4b04ef8"},"headline":"Chile est\u00e1 en venta","datePublished":"2013-03-28T21:15:12+00:00","mainEntityOfPage":{"@id":"https:\/\/www.pressenza.com\/es\/2013\/03\/chile-esta-en-venta\/"},"wordCount":1453,"publisher":{"@id":"https:\/\/www.pressenza.com\/es\/#organization"},"image":{"@id":"https:\/\/www.pressenza.com\/es\/2013\/03\/chile-esta-en-venta\/#primaryimage"},"thumbnailUrl":"https:\/\/www.pressenza.com\/wp-content\/uploads\/2013\/03\/Chile-est\u00e1-en-venta-e1364400993355.jpg","articleSection":["Econom\u00eda","Pol\u00edtica","Sudam\u00e9rica"],"inLanguage":"es"},{"@type":"WebPage","@id":"https:\/\/www.pressenza.com\/es\/2013\/03\/chile-esta-en-venta\/","url":"https:\/\/www.pressenza.com\/es\/2013\/03\/chile-esta-en-venta\/","name":"Chile est\u00e1 en venta","isPartOf":{"@id":"https:\/\/www.pressenza.com\/es\/#website"},"primaryImageOfPage":{"@id":"https:\/\/www.pressenza.com\/es\/2013\/03\/chile-esta-en-venta\/#primaryimage"},"image":{"@id":"https:\/\/www.pressenza.com\/es\/2013\/03\/chile-esta-en-venta\/#primaryimage"},"thumbnailUrl":"https:\/\/www.pressenza.com\/wp-content\/uploads\/2013\/03\/Chile-est\u00e1-en-venta-e1364400993355.jpg","datePublished":"2013-03-28T21:15:12+00:00","description":"Ventisqueros, glaciares, terrenos colindantes a playas del norte e islas del extremo sur est\u00e1n en proceso de remate por el Ministerio de Bienes","breadcrumb":{"@id":"https:\/\/www.pressenza.com\/es\/2013\/03\/chile-esta-en-venta\/#breadcrumb"},"inLanguage":"es","potentialAction":[{"@type":"ReadAction","target":["https:\/\/www.pressenza.com\/es\/2013\/03\/chile-esta-en-venta\/"]}]},{"@type":"ImageObject","inLanguage":"es","@id":"https:\/\/www.pressenza.com\/es\/2013\/03\/chile-esta-en-venta\/#primaryimage","url":"https:\/\/www.pressenza.com\/wp-content\/uploads\/2013\/03\/Chile-est\u00e1-en-venta-e1364400993355.jpg","contentUrl":"https:\/\/www.pressenza.com\/wp-content\/uploads\/2013\/03\/Chile-est\u00e1-en-venta-e1364400993355.jpg","width":620,"height":452},{"@type":"BreadcrumbList","@id":"https:\/\/www.pressenza.com\/es\/2013\/03\/chile-esta-en-venta\/#breadcrumb","itemListElement":[{"@type":"ListItem","position":1,"name":"Accueil","item":"https:\/\/www.pressenza.com\/es\/"},{"@type":"ListItem","position":2,"name":"Chile est\u00e1 en venta"}]},{"@type":"WebSite","@id":"https:\/\/www.pressenza.com\/es\/#website","url":"https:\/\/www.pressenza.com\/es\/","name":"Pressenza","description":"International Press Agency","publisher":{"@id":"https:\/\/www.pressenza.com\/es\/#organization"},"potentialAction":[{"@type":"SearchAction","target":{"@type":"EntryPoint","urlTemplate":"https:\/\/www.pressenza.com\/es\/?s={search_term_string}"},"query-input":{"@type":"PropertyValueSpecification","valueRequired":true,"valueName":"search_term_string"}}],"inLanguage":"es"},{"@type":"Organization","@id":"https:\/\/www.pressenza.com\/es\/#organization","name":"Pressenza","url":"https:\/\/www.pressenza.com\/es\/","logo":{"@type":"ImageObject","inLanguage":"es","@id":"https:\/\/www.pressenza.com\/es\/#\/schema\/logo\/image\/","url":"https:\/\/www.pressenza.com\/wp-content\/uploads\/2022\/10\/pressenza_logo_200x200.jpg","contentUrl":"https:\/\/www.pressenza.com\/wp-content\/uploads\/2022\/10\/pressenza_logo_200x200.jpg","width":200,"height":200,"caption":"Pressenza"},"image":{"@id":"https:\/\/www.pressenza.com\/es\/#\/schema\/logo\/image\/"},"sameAs":["https:\/\/www.facebook.com\/PressenzaItalia","https:\/\/x.com\/PressenzaIPA"]},{"@type":"Person","@id":"https:\/\/www.pressenza.com\/es\/#\/schema\/person\/6522eecb4cd68e074b27e251e4b04ef8","name":"El Ciudadano","description":"El Ciudadano es un medio de comunicaci\u00f3n de circulaci\u00f3n mensual en papel y de funcionamiento diario en la web. Forma parte de la Red de Medios de los Pueblos por lo que se declara como un medio del Tercer Sector para romper el cerco informativo. El Ciudadano es una publicaci\u00f3n que busca elevar desde lo local a lo global las demandas de la organizaci\u00f3n social chilena como tambi\u00e9n promover la acci\u00f3n directa de la ciudadan\u00eda por su derecho a autodeterminaci\u00f3n. elciudadano.cl","url":"https:\/\/www.pressenza.com\/es\/author\/el-ciudadano\/"}]}},"place":"Santiago de Chile","original_article_url":"","_links":{"self":[{"href":"https:\/\/www.pressenza.com\/es\/wp-json\/wp\/v2\/posts\/45036","targetHints":{"allow":["GET"]}}],"collection":[{"href":"https:\/\/www.pressenza.com\/es\/wp-json\/wp\/v2\/posts"}],"about":[{"href":"https:\/\/www.pressenza.com\/es\/wp-json\/wp\/v2\/types\/post"}],"author":[{"embeddable":true,"href":"https:\/\/www.pressenza.com\/es\/wp-json\/wp\/v2\/users\/616"}],"replies":[{"embeddable":true,"href":"https:\/\/www.pressenza.com\/es\/wp-json\/wp\/v2\/comments?post=45036"}],"version-history":[{"count":0,"href":"https:\/\/www.pressenza.com\/es\/wp-json\/wp\/v2\/posts\/45036\/revisions"}],"wp:featuredmedia":[{"embeddable":true,"href":"https:\/\/www.pressenza.com\/es\/wp-json\/wp\/v2\/media\/45039"}],"wp:attachment":[{"href":"https:\/\/www.pressenza.com\/es\/wp-json\/wp\/v2\/media?parent=45036"}],"wp:term":[{"taxonomy":"category","embeddable":true,"href":"https:\/\/www.pressenza.com\/es\/wp-json\/wp\/v2\/categories?post=45036"},{"taxonomy":"post_tag","embeddable":true,"href":"https:\/\/www.pressenza.com\/es\/wp-json\/wp\/v2\/tags?post=45036"}],"curies":[{"name":"wp","href":"https:\/\/api.w.org\/{rel}","templated":true}]}}