{"id":450183,"date":"2017-04-01T07:43:40","date_gmt":"2017-04-01T06:43:40","guid":{"rendered":"https:\/\/www.pressenza.com\/?p=450183\/"},"modified":"2017-04-01T07:43:40","modified_gmt":"2017-04-01T06:43:40","slug":"satira-edicion-falsa-globo-circula-san-pablo-anuncia-renuncia-temer","status":"publish","type":"post","link":"https:\/\/www.pressenza.com\/es\/2017\/04\/satira-edicion-falsa-globo-circula-san-pablo-anuncia-renuncia-temer\/","title":{"rendered":"S\u00e1tira: edici\u00f3n falsa de O Globo circula por San Pablo y anuncia renuncia de Temer"},"content":{"rendered":"<p><em>Por<strong> Brasil de Fato\/ <\/strong>Traducci\u00f3n de<strong> Pressenza<\/strong><\/em><\/p>\n<p><strong>Con un sello que dice \u201c53 a\u00f1os del golpe de 1964\u201d, un facs\u00edmil critica posible apoyo del diario a la dictadura militar.<\/strong><\/p>\n<p>Circula en diversos puntos de la ciudad de San Pablo, una edici\u00f3n pol\u00e9mica del diario O Globo. Adem\u00e1s de titulares como <em>\u201cTemer renuncia: elecciones convocadas\u201d<\/em> y <em>\u201cDiputados federales recibir\u00e1n el salario m\u00ednimo\u201d<\/em>, la publicaci\u00f3n critica una probable anuencia de uno de los principales diarios del pa\u00eds con el golpe de 1964 que destituy\u00f3 al presidente Jo\u00e3o Goulart, e instaur\u00f3 el 1\u00ba de abril de aquel a\u00f1o un gobierno militar en el pa\u00eds.<\/p>\n<p>En su editorial, el diario pide \u201cperd\u00f3n\u201d por su participaci\u00f3n en los eventos de 1964 y por la reciente destituci\u00f3n de la presidenta Dilma Rousseff: <em>\u201cDice el refr\u00e1n: errar es\u00a0 humano. Repetir el\u00a0error, se\u00f1ala. O Globo pide disculpas a los lectores y a toda la sociedad brasilera\u201d<\/em>, comienza el texto.<\/p>\n<p>El texto del editorial agrega: \u201c<em>En 1964 apoyamos el Golpe Militar, el r\u00e9gimen de los generales, hasta el \u00faltimo momento. Vetamos la cobertura de la Campa\u00f1a por las Directas\u00b9. Es cierto que tuvimos nuestras beneficios: nos transformamos en el mayor conglomerado de comunicaci\u00f3n en este per\u00edodo\u201d.<\/em><\/p>\n<p>La publicaci\u00f3n, un facs\u00edmil del diario carioca, sin indicios de posibles autores, tambi\u00e9n critica a anunciantes de O Globo como Nestl\u00e9. En un espacio publicitario, a empresa\u00a0afirma que <em>\u201cEl agua es un derecho universal y Nestl\u00e9 Brasil finalmente est\u00e1 de acuerdo. Por eso desistimos de privatizar el Acu\u00edfero Guaran\u00ed y las Aguas de San Lorenzo\u201d\u00b2<\/em>.<\/p>\n<p>En otro anuncia, las empresas Vale y Samarco <em>\u00abse comprometen a reconstruir Mariana\u201d<\/em>, en alusi\u00f3n al desastre causado en la ciudad minera despu\u00e9s de la ruptura de la represa de minerales de la empresa.<\/p>\n<p>En la tradicional columna de opini\u00f3n del peri\u00f3dico, (el gobernador del estado de San Pablo) Geraldo Alckmin pide disculpas a los estudiantes secundarios. <em>\u201cEl desarrollo de los acontecimientos demostr\u00f3 que aquellos que ocuparon escuelas secundarias trataban de alertarnos: una reforma educativa hecha sin discusi\u00f3n tiene todo lo necesario para salir mal\u201d,<\/em> dice.<\/p>\n<p>Brasil de Fato entr\u00f3 en contacto con la redacci\u00f3n del diario en R\u00edo de Janeiro, pero hasta el momento no obtuvo ninguna respuesta.<\/p>\n<p><a href=\"https:\/\/drive.google.com\/uc?id=0B09ln69N-Dzad1BRVjFNVnhQdzg\" target=\"_blank\">Baje aqu\u00ed la versi\u00f3n del diario en pdf <\/a>(4 Mb)<\/p>\n<hr \/>\n<p>\u00b9 Importante campa\u00f1a popular de 1984-85, reclamando el derecho a elegir presidente por voto directo.<br \/>\n\u00b2 Reservas de agua que la empresa est\u00e1 negociando privatizar, con el gobierno de Temer.<\/p>\n","protected":false},"excerpt":{"rendered":"<p>Por Brasil de Fato\/ Traducci\u00f3n de Pressenza Con un sello que dice \u201c53 a\u00f1os del golpe de 1964\u201d, un facs\u00edmil critica posible apoyo del diario a la dictadura militar. Circula en diversos puntos de la ciudad de San Pablo, una&hellip;<\/p>\n","protected":false},"author":44,"featured_media":450181,"comment_status":"closed","ping_status":"closed","sticky":false,"template":"","format":"standard","meta":{"footnotes":""},"categories":[75,67],"tags":[2749,26758,6713,3178,36247,10075,5053,26538],"class_list":["post-450183","post","type-post","status-publish","format-standard","has-post-thumbnail","hentry","category-cultura-es","category-sudamerica","tag-brasil-es","tag-dilma","tag-golpe","tag-medios","tag-o-globo","tag-san-pablo","tag-sao-paulo","tag-temer"],"yoast_head":"<!-- This site is optimized with the Yoast SEO plugin v27.1.1 - https:\/\/yoast.com\/product\/yoast-seo-wordpress\/ -->\n<title>S\u00e1tira: edici\u00f3n falsa de O Globo circula por San Pablo y anuncia renuncia de Temer<\/title>\n<meta name=\"description\" content=\"Por Brasil de Fato\/ Traducci\u00f3n de Pressenza Con un sello que dice \u201c53 a\u00f1os del golpe de 1964\u201d, un facs\u00edmil critica posible apoyo del diario a la dictadura\" \/>\n<meta name=\"robots\" content=\"index, follow, max-snippet:-1, max-image-preview:large, max-video-preview:-1\" \/>\n<link rel=\"canonical\" href=\"https:\/\/www.pressenza.com\/es\/2017\/04\/satira-edicion-falsa-globo-circula-san-pablo-anuncia-renuncia-temer\/\" \/>\n<meta property=\"og:locale\" content=\"es_ES\" \/>\n<meta property=\"og:type\" content=\"article\" \/>\n<meta property=\"og:title\" content=\"S\u00e1tira: edici\u00f3n falsa de O Globo circula por San Pablo y anuncia renuncia de Temer\" \/>\n<meta property=\"og:description\" content=\"Por Brasil de Fato\/ Traducci\u00f3n de Pressenza Con un sello que dice \u201c53 a\u00f1os del golpe de 1964\u201d, un facs\u00edmil critica posible apoyo del diario a la dictadura\" \/>\n<meta property=\"og:url\" content=\"https:\/\/www.pressenza.com\/es\/2017\/04\/satira-edicion-falsa-globo-circula-san-pablo-anuncia-renuncia-temer\/\" \/>\n<meta property=\"og:site_name\" content=\"Pressenza\" \/>\n<meta property=\"article:publisher\" content=\"https:\/\/www.facebook.com\/PressenzaItalia\" \/>\n<meta property=\"article:author\" content=\"https:\/\/www.facebook.com\/PressenzaPortugues\" \/>\n<meta property=\"article:published_time\" content=\"2017-04-01T06:43:40+00:00\" \/>\n<meta property=\"og:image\" content=\"https:\/\/www.pressenza.com\/wp-content\/uploads\/2017\/04\/o-globo-trucho.jpg\" \/>\n\t<meta property=\"og:image:width\" content=\"1024\" \/>\n\t<meta property=\"og:image:height\" content=\"631\" \/>\n\t<meta property=\"og:image:type\" content=\"image\/jpeg\" \/>\n<meta name=\"author\" content=\"Reda\u00e7\u00e3o S\u00e3o Paulo\" \/>\n<meta name=\"twitter:card\" content=\"summary_large_image\" \/>\n<meta name=\"twitter:creator\" content=\"@pressenza_pt\" \/>\n<meta name=\"twitter:site\" content=\"@PressenzaIPA\" \/>\n<meta name=\"twitter:label1\" content=\"Escrito por\" \/>\n\t<meta name=\"twitter:data1\" content=\"Reda\u00e7\u00e3o S\u00e3o Paulo\" \/>\n\t<meta name=\"twitter:label2\" content=\"Tiempo de lectura\" \/>\n\t<meta name=\"twitter:data2\" content=\"2 minutos\" \/>\n<script type=\"application\/ld+json\" class=\"yoast-schema-graph\">{\"@context\":\"https:\/\/schema.org\",\"@graph\":[{\"@type\":\"Article\",\"@id\":\"https:\/\/www.pressenza.com\/es\/2017\/04\/satira-edicion-falsa-globo-circula-san-pablo-anuncia-renuncia-temer\/#article\",\"isPartOf\":{\"@id\":\"https:\/\/www.pressenza.com\/es\/2017\/04\/satira-edicion-falsa-globo-circula-san-pablo-anuncia-renuncia-temer\/\"},\"author\":{\"name\":\"Reda\u00e7\u00e3o S\u00e3o Paulo\",\"@id\":\"https:\/\/www.pressenza.com\/es\/#\/schema\/person\/d171826afb7693cfc394da95892bfd93\"},\"headline\":\"S\u00e1tira: edici\u00f3n falsa de O Globo circula por San Pablo y anuncia renuncia de Temer\",\"datePublished\":\"2017-04-01T06:43:40+00:00\",\"mainEntityOfPage\":{\"@id\":\"https:\/\/www.pressenza.com\/es\/2017\/04\/satira-edicion-falsa-globo-circula-san-pablo-anuncia-renuncia-temer\/\"},\"wordCount\":446,\"publisher\":{\"@id\":\"https:\/\/www.pressenza.com\/es\/#organization\"},\"image\":{\"@id\":\"https:\/\/www.pressenza.com\/es\/2017\/04\/satira-edicion-falsa-globo-circula-san-pablo-anuncia-renuncia-temer\/#primaryimage\"},\"thumbnailUrl\":\"https:\/\/www.pressenza.com\/wp-content\/uploads\/2017\/04\/o-globo-trucho.jpg\",\"keywords\":[\"Brasil\",\"Dilma\",\"golpe\",\"medios\",\"O Globo\",\"San Pablo\",\"S\u00e3o Paulo\",\"Temer\"],\"articleSection\":[\"Cultura y Medios\",\"Sudam\u00e9rica\"],\"inLanguage\":\"es\"},{\"@type\":\"WebPage\",\"@id\":\"https:\/\/www.pressenza.com\/es\/2017\/04\/satira-edicion-falsa-globo-circula-san-pablo-anuncia-renuncia-temer\/\",\"url\":\"https:\/\/www.pressenza.com\/es\/2017\/04\/satira-edicion-falsa-globo-circula-san-pablo-anuncia-renuncia-temer\/\",\"name\":\"S\u00e1tira: edici\u00f3n falsa de O Globo circula por San Pablo y anuncia renuncia de Temer\",\"isPartOf\":{\"@id\":\"https:\/\/www.pressenza.com\/es\/#website\"},\"primaryImageOfPage\":{\"@id\":\"https:\/\/www.pressenza.com\/es\/2017\/04\/satira-edicion-falsa-globo-circula-san-pablo-anuncia-renuncia-temer\/#primaryimage\"},\"image\":{\"@id\":\"https:\/\/www.pressenza.com\/es\/2017\/04\/satira-edicion-falsa-globo-circula-san-pablo-anuncia-renuncia-temer\/#primaryimage\"},\"thumbnailUrl\":\"https:\/\/www.pressenza.com\/wp-content\/uploads\/2017\/04\/o-globo-trucho.jpg\",\"datePublished\":\"2017-04-01T06:43:40+00:00\",\"description\":\"Por Brasil de Fato\/ Traducci\u00f3n de Pressenza Con un sello que dice \u201c53 a\u00f1os del golpe de 1964\u201d, un facs\u00edmil critica posible apoyo del diario a la dictadura\",\"breadcrumb\":{\"@id\":\"https:\/\/www.pressenza.com\/es\/2017\/04\/satira-edicion-falsa-globo-circula-san-pablo-anuncia-renuncia-temer\/#breadcrumb\"},\"inLanguage\":\"es\",\"potentialAction\":[{\"@type\":\"ReadAction\",\"target\":[\"https:\/\/www.pressenza.com\/es\/2017\/04\/satira-edicion-falsa-globo-circula-san-pablo-anuncia-renuncia-temer\/\"]}]},{\"@type\":\"ImageObject\",\"inLanguage\":\"es\",\"@id\":\"https:\/\/www.pressenza.com\/es\/2017\/04\/satira-edicion-falsa-globo-circula-san-pablo-anuncia-renuncia-temer\/#primaryimage\",\"url\":\"https:\/\/www.pressenza.com\/wp-content\/uploads\/2017\/04\/o-globo-trucho.jpg\",\"contentUrl\":\"https:\/\/www.pressenza.com\/wp-content\/uploads\/2017\/04\/o-globo-trucho.jpg\",\"width\":1024,\"height\":631},{\"@type\":\"BreadcrumbList\",\"@id\":\"https:\/\/www.pressenza.com\/es\/2017\/04\/satira-edicion-falsa-globo-circula-san-pablo-anuncia-renuncia-temer\/#breadcrumb\",\"itemListElement\":[{\"@type\":\"ListItem\",\"position\":1,\"name\":\"Accueil\",\"item\":\"https:\/\/www.pressenza.com\/es\/\"},{\"@type\":\"ListItem\",\"position\":2,\"name\":\"S\u00e1tira: edici\u00f3n falsa de O Globo circula por San Pablo y anuncia renuncia de Temer\"}]},{\"@type\":\"WebSite\",\"@id\":\"https:\/\/www.pressenza.com\/es\/#website\",\"url\":\"https:\/\/www.pressenza.com\/es\/\",\"name\":\"Pressenza\",\"description\":\"International Press Agency\",\"publisher\":{\"@id\":\"https:\/\/www.pressenza.com\/es\/#organization\"},\"potentialAction\":[{\"@type\":\"SearchAction\",\"target\":{\"@type\":\"EntryPoint\",\"urlTemplate\":\"https:\/\/www.pressenza.com\/es\/?s={search_term_string}\"},\"query-input\":{\"@type\":\"PropertyValueSpecification\",\"valueRequired\":true,\"valueName\":\"search_term_string\"}}],\"inLanguage\":\"es\"},{\"@type\":\"Organization\",\"@id\":\"https:\/\/www.pressenza.com\/es\/#organization\",\"name\":\"Pressenza\",\"url\":\"https:\/\/www.pressenza.com\/es\/\",\"logo\":{\"@type\":\"ImageObject\",\"inLanguage\":\"es\",\"@id\":\"https:\/\/www.pressenza.com\/es\/#\/schema\/logo\/image\/\",\"url\":\"https:\/\/www.pressenza.com\/wp-content\/uploads\/2022\/10\/pressenza_logo_200x200.jpg\",\"contentUrl\":\"https:\/\/www.pressenza.com\/wp-content\/uploads\/2022\/10\/pressenza_logo_200x200.jpg\",\"width\":200,\"height\":200,\"caption\":\"Pressenza\"},\"image\":{\"@id\":\"https:\/\/www.pressenza.com\/es\/#\/schema\/logo\/image\/\"},\"sameAs\":[\"https:\/\/www.facebook.com\/PressenzaItalia\",\"https:\/\/x.com\/PressenzaIPA\"]},{\"@type\":\"Person\",\"@id\":\"https:\/\/www.pressenza.com\/es\/#\/schema\/person\/d171826afb7693cfc394da95892bfd93\",\"name\":\"Reda\u00e7\u00e3o S\u00e3o Paulo\",\"description\":\"News from the Pressenza bureau in Sao Paulo, Brazil\",\"sameAs\":[\"https:\/\/www.facebook.com\/PressenzaPortugues\",\"https:\/\/x.com\/pressenza_pt\"],\"url\":\"https:\/\/www.pressenza.com\/es\/author\/redaccao-sao-paulo\/\"}]}<\/script>\n<!-- \/ Yoast SEO plugin. -->","yoast_head_json":{"title":"S\u00e1tira: edici\u00f3n falsa de O Globo circula por San Pablo y anuncia renuncia de Temer","description":"Por Brasil de Fato\/ Traducci\u00f3n de Pressenza Con un sello que dice \u201c53 a\u00f1os del golpe de 1964\u201d, un facs\u00edmil critica posible apoyo del diario a la dictadura","robots":{"index":"index","follow":"follow","max-snippet":"max-snippet:-1","max-image-preview":"max-image-preview:large","max-video-preview":"max-video-preview:-1"},"canonical":"https:\/\/www.pressenza.com\/es\/2017\/04\/satira-edicion-falsa-globo-circula-san-pablo-anuncia-renuncia-temer\/","og_locale":"es_ES","og_type":"article","og_title":"S\u00e1tira: edici\u00f3n falsa de O Globo circula por San Pablo y anuncia renuncia de Temer","og_description":"Por Brasil de Fato\/ Traducci\u00f3n de Pressenza Con un sello que dice \u201c53 a\u00f1os del golpe de 1964\u201d, un facs\u00edmil critica posible apoyo del diario a la dictadura","og_url":"https:\/\/www.pressenza.com\/es\/2017\/04\/satira-edicion-falsa-globo-circula-san-pablo-anuncia-renuncia-temer\/","og_site_name":"Pressenza","article_publisher":"https:\/\/www.facebook.com\/PressenzaItalia","article_author":"https:\/\/www.facebook.com\/PressenzaPortugues","article_published_time":"2017-04-01T06:43:40+00:00","og_image":[{"width":1024,"height":631,"url":"https:\/\/www.pressenza.com\/wp-content\/uploads\/2017\/04\/o-globo-trucho.jpg","type":"image\/jpeg"}],"author":"Reda\u00e7\u00e3o S\u00e3o Paulo","twitter_card":"summary_large_image","twitter_creator":"@pressenza_pt","twitter_site":"@PressenzaIPA","twitter_misc":{"Escrito por":"Reda\u00e7\u00e3o S\u00e3o Paulo","Tiempo de lectura":"2 minutos"},"schema":{"@context":"https:\/\/schema.org","@graph":[{"@type":"Article","@id":"https:\/\/www.pressenza.com\/es\/2017\/04\/satira-edicion-falsa-globo-circula-san-pablo-anuncia-renuncia-temer\/#article","isPartOf":{"@id":"https:\/\/www.pressenza.com\/es\/2017\/04\/satira-edicion-falsa-globo-circula-san-pablo-anuncia-renuncia-temer\/"},"author":{"name":"Reda\u00e7\u00e3o S\u00e3o Paulo","@id":"https:\/\/www.pressenza.com\/es\/#\/schema\/person\/d171826afb7693cfc394da95892bfd93"},"headline":"S\u00e1tira: edici\u00f3n falsa de O Globo circula por San Pablo y anuncia renuncia de Temer","datePublished":"2017-04-01T06:43:40+00:00","mainEntityOfPage":{"@id":"https:\/\/www.pressenza.com\/es\/2017\/04\/satira-edicion-falsa-globo-circula-san-pablo-anuncia-renuncia-temer\/"},"wordCount":446,"publisher":{"@id":"https:\/\/www.pressenza.com\/es\/#organization"},"image":{"@id":"https:\/\/www.pressenza.com\/es\/2017\/04\/satira-edicion-falsa-globo-circula-san-pablo-anuncia-renuncia-temer\/#primaryimage"},"thumbnailUrl":"https:\/\/www.pressenza.com\/wp-content\/uploads\/2017\/04\/o-globo-trucho.jpg","keywords":["Brasil","Dilma","golpe","medios","O Globo","San Pablo","S\u00e3o Paulo","Temer"],"articleSection":["Cultura y Medios","Sudam\u00e9rica"],"inLanguage":"es"},{"@type":"WebPage","@id":"https:\/\/www.pressenza.com\/es\/2017\/04\/satira-edicion-falsa-globo-circula-san-pablo-anuncia-renuncia-temer\/","url":"https:\/\/www.pressenza.com\/es\/2017\/04\/satira-edicion-falsa-globo-circula-san-pablo-anuncia-renuncia-temer\/","name":"S\u00e1tira: edici\u00f3n falsa de O Globo circula por San Pablo y anuncia renuncia de Temer","isPartOf":{"@id":"https:\/\/www.pressenza.com\/es\/#website"},"primaryImageOfPage":{"@id":"https:\/\/www.pressenza.com\/es\/2017\/04\/satira-edicion-falsa-globo-circula-san-pablo-anuncia-renuncia-temer\/#primaryimage"},"image":{"@id":"https:\/\/www.pressenza.com\/es\/2017\/04\/satira-edicion-falsa-globo-circula-san-pablo-anuncia-renuncia-temer\/#primaryimage"},"thumbnailUrl":"https:\/\/www.pressenza.com\/wp-content\/uploads\/2017\/04\/o-globo-trucho.jpg","datePublished":"2017-04-01T06:43:40+00:00","description":"Por Brasil de Fato\/ Traducci\u00f3n de Pressenza Con un sello que dice \u201c53 a\u00f1os del golpe de 1964\u201d, un facs\u00edmil critica posible apoyo del diario a la dictadura","breadcrumb":{"@id":"https:\/\/www.pressenza.com\/es\/2017\/04\/satira-edicion-falsa-globo-circula-san-pablo-anuncia-renuncia-temer\/#breadcrumb"},"inLanguage":"es","potentialAction":[{"@type":"ReadAction","target":["https:\/\/www.pressenza.com\/es\/2017\/04\/satira-edicion-falsa-globo-circula-san-pablo-anuncia-renuncia-temer\/"]}]},{"@type":"ImageObject","inLanguage":"es","@id":"https:\/\/www.pressenza.com\/es\/2017\/04\/satira-edicion-falsa-globo-circula-san-pablo-anuncia-renuncia-temer\/#primaryimage","url":"https:\/\/www.pressenza.com\/wp-content\/uploads\/2017\/04\/o-globo-trucho.jpg","contentUrl":"https:\/\/www.pressenza.com\/wp-content\/uploads\/2017\/04\/o-globo-trucho.jpg","width":1024,"height":631},{"@type":"BreadcrumbList","@id":"https:\/\/www.pressenza.com\/es\/2017\/04\/satira-edicion-falsa-globo-circula-san-pablo-anuncia-renuncia-temer\/#breadcrumb","itemListElement":[{"@type":"ListItem","position":1,"name":"Accueil","item":"https:\/\/www.pressenza.com\/es\/"},{"@type":"ListItem","position":2,"name":"S\u00e1tira: edici\u00f3n falsa de O Globo circula por San Pablo y anuncia renuncia de Temer"}]},{"@type":"WebSite","@id":"https:\/\/www.pressenza.com\/es\/#website","url":"https:\/\/www.pressenza.com\/es\/","name":"Pressenza","description":"International Press Agency","publisher":{"@id":"https:\/\/www.pressenza.com\/es\/#organization"},"potentialAction":[{"@type":"SearchAction","target":{"@type":"EntryPoint","urlTemplate":"https:\/\/www.pressenza.com\/es\/?s={search_term_string}"},"query-input":{"@type":"PropertyValueSpecification","valueRequired":true,"valueName":"search_term_string"}}],"inLanguage":"es"},{"@type":"Organization","@id":"https:\/\/www.pressenza.com\/es\/#organization","name":"Pressenza","url":"https:\/\/www.pressenza.com\/es\/","logo":{"@type":"ImageObject","inLanguage":"es","@id":"https:\/\/www.pressenza.com\/es\/#\/schema\/logo\/image\/","url":"https:\/\/www.pressenza.com\/wp-content\/uploads\/2022\/10\/pressenza_logo_200x200.jpg","contentUrl":"https:\/\/www.pressenza.com\/wp-content\/uploads\/2022\/10\/pressenza_logo_200x200.jpg","width":200,"height":200,"caption":"Pressenza"},"image":{"@id":"https:\/\/www.pressenza.com\/es\/#\/schema\/logo\/image\/"},"sameAs":["https:\/\/www.facebook.com\/PressenzaItalia","https:\/\/x.com\/PressenzaIPA"]},{"@type":"Person","@id":"https:\/\/www.pressenza.com\/es\/#\/schema\/person\/d171826afb7693cfc394da95892bfd93","name":"Reda\u00e7\u00e3o S\u00e3o Paulo","description":"News from the Pressenza bureau in Sao Paulo, Brazil","sameAs":["https:\/\/www.facebook.com\/PressenzaPortugues","https:\/\/x.com\/pressenza_pt"],"url":"https:\/\/www.pressenza.com\/es\/author\/redaccao-sao-paulo\/"}]}},"place":"S\u00e3o Paulo, Brasil","original_article_url":"https:\/\/www.brasildefato.com.br\/2017\/03\/31\/edicao-falsa-de-o-globo-circula-por-sao-paulo-e-anuncia-renuncia-de-temer\/?#","_links":{"self":[{"href":"https:\/\/www.pressenza.com\/es\/wp-json\/wp\/v2\/posts\/450183","targetHints":{"allow":["GET"]}}],"collection":[{"href":"https:\/\/www.pressenza.com\/es\/wp-json\/wp\/v2\/posts"}],"about":[{"href":"https:\/\/www.pressenza.com\/es\/wp-json\/wp\/v2\/types\/post"}],"author":[{"embeddable":true,"href":"https:\/\/www.pressenza.com\/es\/wp-json\/wp\/v2\/users\/44"}],"replies":[{"embeddable":true,"href":"https:\/\/www.pressenza.com\/es\/wp-json\/wp\/v2\/comments?post=450183"}],"version-history":[{"count":0,"href":"https:\/\/www.pressenza.com\/es\/wp-json\/wp\/v2\/posts\/450183\/revisions"}],"wp:featuredmedia":[{"embeddable":true,"href":"https:\/\/www.pressenza.com\/es\/wp-json\/wp\/v2\/media\/450181"}],"wp:attachment":[{"href":"https:\/\/www.pressenza.com\/es\/wp-json\/wp\/v2\/media?parent=450183"}],"wp:term":[{"taxonomy":"category","embeddable":true,"href":"https:\/\/www.pressenza.com\/es\/wp-json\/wp\/v2\/categories?post=450183"},{"taxonomy":"post_tag","embeddable":true,"href":"https:\/\/www.pressenza.com\/es\/wp-json\/wp\/v2\/tags?post=450183"}],"curies":[{"name":"wp","href":"https:\/\/api.w.org\/{rel}","templated":true}]}}