{"id":442867,"date":"2017-03-14T07:13:07","date_gmt":"2017-03-14T07:13:07","guid":{"rendered":"https:\/\/www.pressenza.com\/?p=442867\/"},"modified":"2017-03-14T07:13:07","modified_gmt":"2017-03-14T07:13:07","slug":"dejemos-pensar-sabemos-mas-los-pobres-apliquemos-una-vez-la-renta-basica","status":"publish","type":"post","link":"https:\/\/www.pressenza.com\/es\/2017\/03\/dejemos-pensar-sabemos-mas-los-pobres-apliquemos-una-vez-la-renta-basica\/","title":{"rendered":"Dejemos de pensar que sabemos m\u00e1s que los pobres y apliquemos de una vez la renta b\u00e1sica"},"content":{"rendered":"<blockquote><p>Si eliminar la pobreza\u00a0os parece ut\u00f3pico, recordad que cada hito de la civilizaci\u00f3n \u2013la abolici\u00f3n de la esclavitud, la democracia, la igualdad de derechos para hombres y mujeres\u2013 fue alguna vez una fantas\u00eda ut\u00f3pica<\/p><\/blockquote>\n<p><em>Por <strong>Rutger Bregman\u00a0<\/strong><\/em><\/p>\n<p>\u00bfPor qu\u00e9 los pobres toman tan malas decisiones? Es una pregunta dif\u00edcil, pero miremos los datos: los pobres piden m\u00e1s dinero prestado, ahorran menos, fuman m\u00e1s, hacen menos ejercicio, beben m\u00e1s y comen de forma menos saludable. \u00bfPor qu\u00e9?<\/p>\n<p>Margaret Thatcher una vez se refiri\u00f3 a la pobreza como \u00bb un defecto de personalidad\u201d. Aunque la mayor\u00eda de las personas no llega tan lejos, no es raro encontrarse con la noci\u00f3n de que los pobres hacen las cosas mal. Para ser honesto, as\u00ed pensaba yo durante mucho tiempo. Fue hace pocos a\u00f1os cuando me di cuenta de que lo que yo pensaba sobre la pobreza era un error.<\/p>\n<p>Todo comenz\u00f3 cuando de casualidad me top\u00e9 con un estudio realizado por psic\u00f3logos estadounidenses. Hab\u00edan viajado casi 13.000 kil\u00f3metros, a India, para realizar un experimento con cultivadores de ca\u00f1a de az\u00facar. Estos agricultores cobran el 60% de sus ingresos anuales de una sola vez, justo despu\u00e9s de la cosecha. Esto significa que son relativamente pobres durante una parte del a\u00f1o y ricos durante otra.<\/p>\n<p>Los investigadores pidieron a los agricultores que se sometieran a un examen de medici\u00f3n del cociente intelectual antes y despu\u00e9s de la cosecha. Lo que descubrieron fue ins\u00f3lito. Los agricultores obtuvieron una puntuaci\u00f3n mucho peor en la prueba hecha antes de la cosecha. Result\u00f3 que los efectos de vivir en la pobreza suponen una p\u00e9rdida de 14 puntos de cociente intelectual. Es equivalente al efecto de no dormir durante una noche entera o a los efectos del alcoholismo.<\/p>\n<p>Unos meses m\u00e1s tarde, habl\u00e9 de esta teor\u00eda con Eldar Shafir, un profesor de ciencia de la conducta y pol\u00edticas p\u00fablicas de la Universidad de Princeton y uno de los autores del estudio. La raz\u00f3n, resumida: \u00a1Es el contexto, est\u00fapido! Las personas se comportan de forma diferente cuando perciben que algo escasea. No importa mucho qu\u00e9 es lo que falta: puede ser tiempo, dinero o comida. Todo contribuye a una \u00abmentalidad de la escasez\u201d. Esto hace que te concentres en la carencia inmediata. Se pierde la perspectiva a largo plazo. No es que los pobres tomen malas decisiones porque sean tontos, sino porque viven en un contexto en el que cualquiera tomar\u00eda malas decisiones.<\/p>\n<p>De pronto, queda clara la raz\u00f3n por la que no funcionan ninguno de nuestros programas contra la pobreza. Por ejemplo, la inversi\u00f3n en educaci\u00f3n es a menudo in\u00fatil. Un reciente an\u00e1lisis de 201 estudios sobre la eficacia de la instrucci\u00f3n sobre administraci\u00f3n econ\u00f3mica lleg\u00f3 a la conclusi\u00f3n de que es pr\u00e1cticamente irrelevante. Puede que los pobres aprendan, pero no es suficiente. Como dice Shafir: \u00abEs como ense\u00f1arle a alguien a nadar y luego arrojarlo a un mar embravecido\u00bb.<\/p>\n<p>\u00bfEntonces qu\u00e9 se puede hacer? Los economistas modernos han pensado algunas soluciones. Podr\u00edamos facilitar la burocracia o enviar a la gente un mensaje de texto para recordarle que pague las facturas. Estas iniciativas son muy populares entre los pol\u00edticos modernos porque no tienen pr\u00e1cticamente ning\u00fan coste. Son s\u00edmbolo de esta \u00e9poca en la que a menudo tratamos los s\u00edntomas pero ignoramos las causas.<\/p>\n<p>\u00ab\u00bfPor qu\u00e9 seguir poniendo remiendos en lugar de destinar m\u00e1s recursos?\u201d, pregunt\u00e9 a Shafir. \u00ab\u00bfTe refieres a repartir m\u00e1s dinero? Pues eso ser\u00eda genial\u00bb, contest\u00f3. \u00abPero dadas las limitaciones evidentes\u2026 el tipo de pol\u00edticas de izquierdas que ten\u00e9is vosotros en \u00c1msterdam no existe en Estados Unidos\u00bb.<\/p>\n<p>\u00bfPero es realmente una anticuada idea de izquierdas? Record\u00e9 haber le\u00eddo sobre un viejo plan, algo que hab\u00edan propuesto algunos pensadores importantes de la historia. Tom\u00e1s Moro lo sugiri\u00f3 en Utop\u00eda hace m\u00e1s de 500 a\u00f1os. Y sus partidarios han sido tanto de izquierdas como de derechas, desde el luchador por los derechos civiles Martin Luther King al economista Milton Friedman.<\/p>\n<p>La idea es incre\u00edblemente simple: una renta b\u00e1sica universal. Un ingreso mensual de dinero que sea suficiente para cubrir las necesidades b\u00e1sicas: comida, vivienda y educaci\u00f3n. Y no estar\u00eda sujeto a condiciones: no ser\u00eda un favor, sino un derecho.<\/p>\n<p>\u00bfPero podr\u00eda funcionar algo tan simple? En los tres a\u00f1os siguientes, le\u00ed todo lo que encontr\u00e9 sobre la renta b\u00e1sica. Investigu\u00e9 docenas de experimentos que se han realizado en todo el mundo. Y no tard\u00e9 mucho en encontrar la historia de un pueblo que lo hab\u00eda llevado a cabo, hab\u00eda erradicado la pobreza, y luego qued\u00f3 en el olvido.<\/p>\n<h4>La prueba emp\u00edrica<\/h4>\n<p>La historia comienza en Winnipeg, Canad\u00e1. Imaginaos un \u00e1tico donde unas 2.000 cajas acumulan polvo. Est\u00e1n llenas de datos \u2013gr\u00e1ficos, tablas, entrevistas\u2013 sobre uno de los experimentos sociales m\u00e1s fascinantes jam\u00e1s realizados. Evelyn Forget, profesora de econom\u00eda de la Universidad de Manitoba, supo de la existencia de estos archivos en 2009. Cuando entr\u00f3 al \u00e1tico, no pudo creer lo que ve\u00eda. Era un tesoro escondido de informaci\u00f3n sobre la renta b\u00e1sica.<\/p>\n<p>El experimento hab\u00eda comenzado en Dauphin, un pueblo al noroeste de Winnipeg, en 1974. Se garantiz\u00f3 a toda la poblaci\u00f3n un ingreso b\u00e1sico que imped\u00eda que cayera bajo el umbral de pobreza. Durante cuatro a\u00f1os, todo sali\u00f3 bien. Pero luego un Gobierno conservador gan\u00f3 las elecciones. El nuevo Gabinete canadiense no encontr\u00f3 sentido al costoso experimento. Cuando decidieron que no hab\u00eda dinero para analizar los resultados, los investigadores archivaron toda la informaci\u00f3n sobre el experimento. En 2.000 cajas.<\/p>\n<p>Cuando Forget las encontr\u00f3 cajas 30 a\u00f1os m\u00e1s tarde, nadie sab\u00eda qu\u00e9 hab\u00eda demostrado el experimento, si es que hab\u00eda demostrado algo. Durante tres a\u00f1os, estudi\u00f3 la informaci\u00f3n seg\u00fan todo tipo de an\u00e1lisis estad\u00edstico. El experimento, que fue el mejor y el m\u00e1s prolongado de este tipo, hab\u00eda sido un \u00e9xito rotundo.<\/p>\n<p>Forget descubri\u00f3 que no s\u00f3lo hab\u00eda mejorado el nivel de ingresos de la poblaci\u00f3n de Dauphin, sino tambi\u00e9n su \u00edndice de inteligencia y de salud. Los ni\u00f1os obtuvieron resultados significativamente mejores en la escuela. La tasa de hospitalizaci\u00f3n baj\u00f3 en un 8,5%. Tambi\u00e9n disminuy\u00f3 la violencia machista y los problemas de salud mental. Y nadie renunci\u00f3 a su empleo. Los \u00fanicos que trabajaron un poco menos fueron las madres recientes y los estudiantes, que prolongaron sus estudios.<\/p>\n<p>As\u00ed que esto es lo que yo aprend\u00ed: cuando hablamos de pobreza, debemos dejar de pensar que sabemos m\u00e1s que los pobres. Lo genial del dinero es que los pobres pueden usarlo para comprar las cosas que necesitan, en lugar de las cosas que los autoproclamados expertos piensan que los pobres necesitan. Imaginaos cu\u00e1ntos potenciales emprendedores, cient\u00edficos y escritores brillantes se est\u00e1n marchitando en la pobreza en este momento. Imaginaos cu\u00e1nta energ\u00eda y talento se podr\u00eda liberar si acab\u00e1ramos con la pobreza de una buena vez.<\/p>\n<p>Aunque no solucione todos los problemas del mundo (se necesitan ideas como alquileres y viviendas sociales en sitios donde hay escasez de viviendas), una renta b\u00e1sica universal funcionar\u00eda como capital de riesgo para la gente. No podemos darnos el lujo de no hacerlo: la pobreza es demasiado cara. Se calcula que el costo de la pobreza infantil en Estados Unidos es de 472.500 millones de euros al a\u00f1o, en t\u00e9rminos de mayor gasto en salud, menor educaci\u00f3n y mayor tasa de criminalidad. Es un desperdicio incre\u00edble de potencial humano. Costar\u00eda s\u00f3lo 165.000 millones de euros, un cuarto del presupuesto militar actual del pa\u00eds, hacer lo que se hizo en Dauphin hace muchos a\u00f1os: erradicar la pobreza.<\/p>\n<p>\u00c9se deber\u00eda ser nuestro objetivo. Ya pas\u00f3 el momento de pensar en peque\u00f1o y poner remiendos. Ha llegado la hora de poner en pr\u00e1ctica ideas nuevas y radicales. Si esto os parece ut\u00f3pico, recordad que cada hito de la civilizaci\u00f3n \u2013la abolici\u00f3n de la esclavitud, la democracia, la igualdad de derechos para hombres y mujeres\u2013 fue alguna vez una fantas\u00eda ut\u00f3pica.<\/p>\n<p>Tenemos la investigaci\u00f3n, tenemos las pruebas y tenemos los medios para hacerlo. Hoy, 500 a\u00f1os despu\u00e9s de que Tom\u00e1s Moro escribiera por primera vez sobre la renta b\u00e1sica, debemos actualizar nuestra forma de ver el mundo. La pobreza no es falta de personalidad. La pobreza es falta de dinero.<\/p>\n<p><em><strong>Traducci\u00f3n de Luc\u00eda Balducci<\/strong><\/em><\/p>\n","protected":false},"excerpt":{"rendered":"<p>Si eliminar la pobreza\u00a0os parece ut\u00f3pico, recordad que cada hito de la civilizaci\u00f3n \u2013la abolici\u00f3n de la esclavitud, la democracia, la igualdad de derechos para hombres y mujeres\u2013 fue alguna vez una fantas\u00eda ut\u00f3pica Por Rutger Bregman\u00a0 \u00bfPor qu\u00e9 los&hellip;<\/p>\n","protected":false},"author":1170,"featured_media":442868,"comment_status":"closed","ping_status":"closed","sticky":false,"template":"","format":"standard","meta":{"footnotes":""},"categories":[81,39,161],"tags":[816,18009,34946],"class_list":["post-442867","post","type-post","status-publish","format-standard","has-post-thumbnail","hentry","category-economia-es","category-internacional","category-opiniones","tag-pobreza-es","tag-redistribucion-de-la-riqueza","tag-renta-basica-universal-e-incondicional"],"yoast_head":"<!-- This site is optimized with the Yoast SEO plugin v27.1.1 - https:\/\/yoast.com\/product\/yoast-seo-wordpress\/ -->\n<title>Dejemos de pensar que sabemos m\u00e1s que los pobres y apliquemos de una vez la renta b\u00e1sica<\/title>\n<meta name=\"description\" content=\"Si eliminar la pobreza\u00a0os parece ut\u00f3pico, recordad que cada hito de la civilizaci\u00f3n \u2013la abolici\u00f3n de la esclavitud, la democracia, la igualdad de derechos\" \/>\n<meta name=\"robots\" content=\"index, follow, max-snippet:-1, max-image-preview:large, max-video-preview:-1\" \/>\n<link rel=\"canonical\" href=\"https:\/\/www.pressenza.com\/es\/2017\/03\/dejemos-pensar-sabemos-mas-los-pobres-apliquemos-una-vez-la-renta-basica\/\" \/>\n<meta property=\"og:locale\" content=\"es_ES\" \/>\n<meta property=\"og:type\" content=\"article\" \/>\n<meta property=\"og:title\" content=\"Dejemos de pensar que sabemos m\u00e1s que los pobres y apliquemos de una vez la renta b\u00e1sica\" \/>\n<meta property=\"og:description\" content=\"Si eliminar la pobreza\u00a0os parece ut\u00f3pico, recordad que cada hito de la civilizaci\u00f3n \u2013la abolici\u00f3n de la esclavitud, la democracia, la igualdad de derechos\" \/>\n<meta property=\"og:url\" content=\"https:\/\/www.pressenza.com\/es\/2017\/03\/dejemos-pensar-sabemos-mas-los-pobres-apliquemos-una-vez-la-renta-basica\/\" \/>\n<meta property=\"og:site_name\" content=\"Pressenza\" \/>\n<meta property=\"article:publisher\" content=\"https:\/\/www.facebook.com\/PressenzaItalia\" \/>\n<meta property=\"article:published_time\" content=\"2017-03-14T07:13:07+00:00\" \/>\n<meta property=\"og:image\" content=\"https:\/\/www.pressenza.com\/wp-content\/uploads\/2017\/03\/Imagen-correspondiente-a-la-campa--a-europea-Initiative-for-a-Basic-Income-in-Europe..jpg\" \/>\n\t<meta property=\"og:image:width\" content=\"643\" \/>\n\t<meta property=\"og:image:height\" content=\"362\" \/>\n\t<meta property=\"og:image:type\" content=\"image\/jpeg\" \/>\n<meta name=\"author\" content=\"eldiario.es\" \/>\n<meta name=\"twitter:card\" content=\"summary_large_image\" \/>\n<meta name=\"twitter:creator\" content=\"@PressenzaIPA\" \/>\n<meta name=\"twitter:site\" content=\"@PressenzaIPA\" \/>\n<meta name=\"twitter:label1\" content=\"Escrito por\" \/>\n\t<meta name=\"twitter:data1\" content=\"eldiario.es\" \/>\n\t<meta name=\"twitter:label2\" content=\"Tiempo de lectura\" \/>\n\t<meta name=\"twitter:data2\" content=\"7 minutos\" \/>\n<script type=\"application\/ld+json\" class=\"yoast-schema-graph\">{\"@context\":\"https:\/\/schema.org\",\"@graph\":[{\"@type\":\"Article\",\"@id\":\"https:\/\/www.pressenza.com\/es\/2017\/03\/dejemos-pensar-sabemos-mas-los-pobres-apliquemos-una-vez-la-renta-basica\/#article\",\"isPartOf\":{\"@id\":\"https:\/\/www.pressenza.com\/es\/2017\/03\/dejemos-pensar-sabemos-mas-los-pobres-apliquemos-una-vez-la-renta-basica\/\"},\"author\":{\"name\":\"eldiario.es\",\"@id\":\"https:\/\/www.pressenza.com\/es\/#\/schema\/person\/35221cfd7eeca947b184bfc91172e541\"},\"headline\":\"Dejemos de pensar que sabemos m\u00e1s que los pobres y apliquemos de una vez la renta b\u00e1sica\",\"datePublished\":\"2017-03-14T07:13:07+00:00\",\"mainEntityOfPage\":{\"@id\":\"https:\/\/www.pressenza.com\/es\/2017\/03\/dejemos-pensar-sabemos-mas-los-pobres-apliquemos-una-vez-la-renta-basica\/\"},\"wordCount\":1487,\"publisher\":{\"@id\":\"https:\/\/www.pressenza.com\/es\/#organization\"},\"image\":{\"@id\":\"https:\/\/www.pressenza.com\/es\/2017\/03\/dejemos-pensar-sabemos-mas-los-pobres-apliquemos-una-vez-la-renta-basica\/#primaryimage\"},\"thumbnailUrl\":\"https:\/\/www.pressenza.com\/wp-content\/uploads\/2017\/03\/Imagen-correspondiente-a-la-campa--a-europea-Initiative-for-a-Basic-Income-in-Europe..jpg\",\"keywords\":[\"Pobreza\",\"redistribuci\u00f3n de la riqueza\",\"Renta B\u00e1sica Universal e Incondicional\"],\"articleSection\":[\"Econom\u00eda\",\"Internacional\",\"Opiniones\"],\"inLanguage\":\"es\"},{\"@type\":\"WebPage\",\"@id\":\"https:\/\/www.pressenza.com\/es\/2017\/03\/dejemos-pensar-sabemos-mas-los-pobres-apliquemos-una-vez-la-renta-basica\/\",\"url\":\"https:\/\/www.pressenza.com\/es\/2017\/03\/dejemos-pensar-sabemos-mas-los-pobres-apliquemos-una-vez-la-renta-basica\/\",\"name\":\"Dejemos de pensar que sabemos m\u00e1s que los pobres y apliquemos de una vez la renta b\u00e1sica\",\"isPartOf\":{\"@id\":\"https:\/\/www.pressenza.com\/es\/#website\"},\"primaryImageOfPage\":{\"@id\":\"https:\/\/www.pressenza.com\/es\/2017\/03\/dejemos-pensar-sabemos-mas-los-pobres-apliquemos-una-vez-la-renta-basica\/#primaryimage\"},\"image\":{\"@id\":\"https:\/\/www.pressenza.com\/es\/2017\/03\/dejemos-pensar-sabemos-mas-los-pobres-apliquemos-una-vez-la-renta-basica\/#primaryimage\"},\"thumbnailUrl\":\"https:\/\/www.pressenza.com\/wp-content\/uploads\/2017\/03\/Imagen-correspondiente-a-la-campa--a-europea-Initiative-for-a-Basic-Income-in-Europe..jpg\",\"datePublished\":\"2017-03-14T07:13:07+00:00\",\"description\":\"Si eliminar la pobreza\u00a0os parece ut\u00f3pico, recordad que cada hito de la civilizaci\u00f3n \u2013la abolici\u00f3n de la esclavitud, la democracia, la igualdad de derechos\",\"breadcrumb\":{\"@id\":\"https:\/\/www.pressenza.com\/es\/2017\/03\/dejemos-pensar-sabemos-mas-los-pobres-apliquemos-una-vez-la-renta-basica\/#breadcrumb\"},\"inLanguage\":\"es\",\"potentialAction\":[{\"@type\":\"ReadAction\",\"target\":[\"https:\/\/www.pressenza.com\/es\/2017\/03\/dejemos-pensar-sabemos-mas-los-pobres-apliquemos-una-vez-la-renta-basica\/\"]}]},{\"@type\":\"ImageObject\",\"inLanguage\":\"es\",\"@id\":\"https:\/\/www.pressenza.com\/es\/2017\/03\/dejemos-pensar-sabemos-mas-los-pobres-apliquemos-una-vez-la-renta-basica\/#primaryimage\",\"url\":\"https:\/\/www.pressenza.com\/wp-content\/uploads\/2017\/03\/Imagen-correspondiente-a-la-campa--a-europea-Initiative-for-a-Basic-Income-in-Europe..jpg\",\"contentUrl\":\"https:\/\/www.pressenza.com\/wp-content\/uploads\/2017\/03\/Imagen-correspondiente-a-la-campa--a-europea-Initiative-for-a-Basic-Income-in-Europe..jpg\",\"width\":643,\"height\":362},{\"@type\":\"BreadcrumbList\",\"@id\":\"https:\/\/www.pressenza.com\/es\/2017\/03\/dejemos-pensar-sabemos-mas-los-pobres-apliquemos-una-vez-la-renta-basica\/#breadcrumb\",\"itemListElement\":[{\"@type\":\"ListItem\",\"position\":1,\"name\":\"Accueil\",\"item\":\"https:\/\/www.pressenza.com\/es\/\"},{\"@type\":\"ListItem\",\"position\":2,\"name\":\"Dejemos de pensar que sabemos m\u00e1s que los pobres y apliquemos de una vez la renta b\u00e1sica\"}]},{\"@type\":\"WebSite\",\"@id\":\"https:\/\/www.pressenza.com\/es\/#website\",\"url\":\"https:\/\/www.pressenza.com\/es\/\",\"name\":\"Pressenza\",\"description\":\"International Press Agency\",\"publisher\":{\"@id\":\"https:\/\/www.pressenza.com\/es\/#organization\"},\"potentialAction\":[{\"@type\":\"SearchAction\",\"target\":{\"@type\":\"EntryPoint\",\"urlTemplate\":\"https:\/\/www.pressenza.com\/es\/?s={search_term_string}\"},\"query-input\":{\"@type\":\"PropertyValueSpecification\",\"valueRequired\":true,\"valueName\":\"search_term_string\"}}],\"inLanguage\":\"es\"},{\"@type\":\"Organization\",\"@id\":\"https:\/\/www.pressenza.com\/es\/#organization\",\"name\":\"Pressenza\",\"url\":\"https:\/\/www.pressenza.com\/es\/\",\"logo\":{\"@type\":\"ImageObject\",\"inLanguage\":\"es\",\"@id\":\"https:\/\/www.pressenza.com\/es\/#\/schema\/logo\/image\/\",\"url\":\"https:\/\/www.pressenza.com\/wp-content\/uploads\/2022\/10\/pressenza_logo_200x200.jpg\",\"contentUrl\":\"https:\/\/www.pressenza.com\/wp-content\/uploads\/2022\/10\/pressenza_logo_200x200.jpg\",\"width\":200,\"height\":200,\"caption\":\"Pressenza\"},\"image\":{\"@id\":\"https:\/\/www.pressenza.com\/es\/#\/schema\/logo\/image\/\"},\"sameAs\":[\"https:\/\/www.facebook.com\/PressenzaItalia\",\"https:\/\/x.com\/PressenzaIPA\"]},{\"@type\":\"Person\",\"@id\":\"https:\/\/www.pressenza.com\/es\/#\/schema\/person\/35221cfd7eeca947b184bfc91172e541\",\"name\":\"eldiario.es\",\"description\":\"eldiario.es is a new digital media with information and analysis focussing on politics and economics in its broadest sense: what affects people more than parties or markets. eldiario.es\",\"url\":\"https:\/\/www.pressenza.com\/es\/author\/eldiario-es\/\"}]}<\/script>\n<!-- \/ Yoast SEO plugin. -->","yoast_head_json":{"title":"Dejemos de pensar que sabemos m\u00e1s que los pobres y apliquemos de una vez la renta b\u00e1sica","description":"Si eliminar la pobreza\u00a0os parece ut\u00f3pico, recordad que cada hito de la civilizaci\u00f3n \u2013la abolici\u00f3n de la esclavitud, la democracia, la igualdad de derechos","robots":{"index":"index","follow":"follow","max-snippet":"max-snippet:-1","max-image-preview":"max-image-preview:large","max-video-preview":"max-video-preview:-1"},"canonical":"https:\/\/www.pressenza.com\/es\/2017\/03\/dejemos-pensar-sabemos-mas-los-pobres-apliquemos-una-vez-la-renta-basica\/","og_locale":"es_ES","og_type":"article","og_title":"Dejemos de pensar que sabemos m\u00e1s que los pobres y apliquemos de una vez la renta b\u00e1sica","og_description":"Si eliminar la pobreza\u00a0os parece ut\u00f3pico, recordad que cada hito de la civilizaci\u00f3n \u2013la abolici\u00f3n de la esclavitud, la democracia, la igualdad de derechos","og_url":"https:\/\/www.pressenza.com\/es\/2017\/03\/dejemos-pensar-sabemos-mas-los-pobres-apliquemos-una-vez-la-renta-basica\/","og_site_name":"Pressenza","article_publisher":"https:\/\/www.facebook.com\/PressenzaItalia","article_published_time":"2017-03-14T07:13:07+00:00","og_image":[{"width":643,"height":362,"url":"https:\/\/www.pressenza.com\/wp-content\/uploads\/2017\/03\/Imagen-correspondiente-a-la-campa--a-europea-Initiative-for-a-Basic-Income-in-Europe..jpg","type":"image\/jpeg"}],"author":"eldiario.es","twitter_card":"summary_large_image","twitter_creator":"@PressenzaIPA","twitter_site":"@PressenzaIPA","twitter_misc":{"Escrito por":"eldiario.es","Tiempo de lectura":"7 minutos"},"schema":{"@context":"https:\/\/schema.org","@graph":[{"@type":"Article","@id":"https:\/\/www.pressenza.com\/es\/2017\/03\/dejemos-pensar-sabemos-mas-los-pobres-apliquemos-una-vez-la-renta-basica\/#article","isPartOf":{"@id":"https:\/\/www.pressenza.com\/es\/2017\/03\/dejemos-pensar-sabemos-mas-los-pobres-apliquemos-una-vez-la-renta-basica\/"},"author":{"name":"eldiario.es","@id":"https:\/\/www.pressenza.com\/es\/#\/schema\/person\/35221cfd7eeca947b184bfc91172e541"},"headline":"Dejemos de pensar que sabemos m\u00e1s que los pobres y apliquemos de una vez la renta b\u00e1sica","datePublished":"2017-03-14T07:13:07+00:00","mainEntityOfPage":{"@id":"https:\/\/www.pressenza.com\/es\/2017\/03\/dejemos-pensar-sabemos-mas-los-pobres-apliquemos-una-vez-la-renta-basica\/"},"wordCount":1487,"publisher":{"@id":"https:\/\/www.pressenza.com\/es\/#organization"},"image":{"@id":"https:\/\/www.pressenza.com\/es\/2017\/03\/dejemos-pensar-sabemos-mas-los-pobres-apliquemos-una-vez-la-renta-basica\/#primaryimage"},"thumbnailUrl":"https:\/\/www.pressenza.com\/wp-content\/uploads\/2017\/03\/Imagen-correspondiente-a-la-campa--a-europea-Initiative-for-a-Basic-Income-in-Europe..jpg","keywords":["Pobreza","redistribuci\u00f3n de la riqueza","Renta B\u00e1sica Universal e Incondicional"],"articleSection":["Econom\u00eda","Internacional","Opiniones"],"inLanguage":"es"},{"@type":"WebPage","@id":"https:\/\/www.pressenza.com\/es\/2017\/03\/dejemos-pensar-sabemos-mas-los-pobres-apliquemos-una-vez-la-renta-basica\/","url":"https:\/\/www.pressenza.com\/es\/2017\/03\/dejemos-pensar-sabemos-mas-los-pobres-apliquemos-una-vez-la-renta-basica\/","name":"Dejemos de pensar que sabemos m\u00e1s que los pobres y apliquemos de una vez la renta b\u00e1sica","isPartOf":{"@id":"https:\/\/www.pressenza.com\/es\/#website"},"primaryImageOfPage":{"@id":"https:\/\/www.pressenza.com\/es\/2017\/03\/dejemos-pensar-sabemos-mas-los-pobres-apliquemos-una-vez-la-renta-basica\/#primaryimage"},"image":{"@id":"https:\/\/www.pressenza.com\/es\/2017\/03\/dejemos-pensar-sabemos-mas-los-pobres-apliquemos-una-vez-la-renta-basica\/#primaryimage"},"thumbnailUrl":"https:\/\/www.pressenza.com\/wp-content\/uploads\/2017\/03\/Imagen-correspondiente-a-la-campa--a-europea-Initiative-for-a-Basic-Income-in-Europe..jpg","datePublished":"2017-03-14T07:13:07+00:00","description":"Si eliminar la pobreza\u00a0os parece ut\u00f3pico, recordad que cada hito de la civilizaci\u00f3n \u2013la abolici\u00f3n de la esclavitud, la democracia, la igualdad de derechos","breadcrumb":{"@id":"https:\/\/www.pressenza.com\/es\/2017\/03\/dejemos-pensar-sabemos-mas-los-pobres-apliquemos-una-vez-la-renta-basica\/#breadcrumb"},"inLanguage":"es","potentialAction":[{"@type":"ReadAction","target":["https:\/\/www.pressenza.com\/es\/2017\/03\/dejemos-pensar-sabemos-mas-los-pobres-apliquemos-una-vez-la-renta-basica\/"]}]},{"@type":"ImageObject","inLanguage":"es","@id":"https:\/\/www.pressenza.com\/es\/2017\/03\/dejemos-pensar-sabemos-mas-los-pobres-apliquemos-una-vez-la-renta-basica\/#primaryimage","url":"https:\/\/www.pressenza.com\/wp-content\/uploads\/2017\/03\/Imagen-correspondiente-a-la-campa--a-europea-Initiative-for-a-Basic-Income-in-Europe..jpg","contentUrl":"https:\/\/www.pressenza.com\/wp-content\/uploads\/2017\/03\/Imagen-correspondiente-a-la-campa--a-europea-Initiative-for-a-Basic-Income-in-Europe..jpg","width":643,"height":362},{"@type":"BreadcrumbList","@id":"https:\/\/www.pressenza.com\/es\/2017\/03\/dejemos-pensar-sabemos-mas-los-pobres-apliquemos-una-vez-la-renta-basica\/#breadcrumb","itemListElement":[{"@type":"ListItem","position":1,"name":"Accueil","item":"https:\/\/www.pressenza.com\/es\/"},{"@type":"ListItem","position":2,"name":"Dejemos de pensar que sabemos m\u00e1s que los pobres y apliquemos de una vez la renta b\u00e1sica"}]},{"@type":"WebSite","@id":"https:\/\/www.pressenza.com\/es\/#website","url":"https:\/\/www.pressenza.com\/es\/","name":"Pressenza","description":"International Press Agency","publisher":{"@id":"https:\/\/www.pressenza.com\/es\/#organization"},"potentialAction":[{"@type":"SearchAction","target":{"@type":"EntryPoint","urlTemplate":"https:\/\/www.pressenza.com\/es\/?s={search_term_string}"},"query-input":{"@type":"PropertyValueSpecification","valueRequired":true,"valueName":"search_term_string"}}],"inLanguage":"es"},{"@type":"Organization","@id":"https:\/\/www.pressenza.com\/es\/#organization","name":"Pressenza","url":"https:\/\/www.pressenza.com\/es\/","logo":{"@type":"ImageObject","inLanguage":"es","@id":"https:\/\/www.pressenza.com\/es\/#\/schema\/logo\/image\/","url":"https:\/\/www.pressenza.com\/wp-content\/uploads\/2022\/10\/pressenza_logo_200x200.jpg","contentUrl":"https:\/\/www.pressenza.com\/wp-content\/uploads\/2022\/10\/pressenza_logo_200x200.jpg","width":200,"height":200,"caption":"Pressenza"},"image":{"@id":"https:\/\/www.pressenza.com\/es\/#\/schema\/logo\/image\/"},"sameAs":["https:\/\/www.facebook.com\/PressenzaItalia","https:\/\/x.com\/PressenzaIPA"]},{"@type":"Person","@id":"https:\/\/www.pressenza.com\/es\/#\/schema\/person\/35221cfd7eeca947b184bfc91172e541","name":"eldiario.es","description":"eldiario.es is a new digital media with information and analysis focussing on politics and economics in its broadest sense: what affects people more than parties or markets. eldiario.es","url":"https:\/\/www.pressenza.com\/es\/author\/eldiario-es\/"}]}},"place":"","original_article_url":"http:\/\/www.eldiario.es\/theguardian\/Pensamiento-utopico-forma-erradicar-pobreza_0_619788700.html?#","_links":{"self":[{"href":"https:\/\/www.pressenza.com\/es\/wp-json\/wp\/v2\/posts\/442867","targetHints":{"allow":["GET"]}}],"collection":[{"href":"https:\/\/www.pressenza.com\/es\/wp-json\/wp\/v2\/posts"}],"about":[{"href":"https:\/\/www.pressenza.com\/es\/wp-json\/wp\/v2\/types\/post"}],"author":[{"embeddable":true,"href":"https:\/\/www.pressenza.com\/es\/wp-json\/wp\/v2\/users\/1170"}],"replies":[{"embeddable":true,"href":"https:\/\/www.pressenza.com\/es\/wp-json\/wp\/v2\/comments?post=442867"}],"version-history":[{"count":0,"href":"https:\/\/www.pressenza.com\/es\/wp-json\/wp\/v2\/posts\/442867\/revisions"}],"wp:featuredmedia":[{"embeddable":true,"href":"https:\/\/www.pressenza.com\/es\/wp-json\/wp\/v2\/media\/442868"}],"wp:attachment":[{"href":"https:\/\/www.pressenza.com\/es\/wp-json\/wp\/v2\/media?parent=442867"}],"wp:term":[{"taxonomy":"category","embeddable":true,"href":"https:\/\/www.pressenza.com\/es\/wp-json\/wp\/v2\/categories?post=442867"},{"taxonomy":"post_tag","embeddable":true,"href":"https:\/\/www.pressenza.com\/es\/wp-json\/wp\/v2\/tags?post=442867"}],"curies":[{"name":"wp","href":"https:\/\/api.w.org\/{rel}","templated":true}]}}