{"id":442501,"date":"2017-03-12T22:42:55","date_gmt":"2017-03-12T22:42:55","guid":{"rendered":"https:\/\/www.pressenza.com\/?p=442501\/"},"modified":"2017-03-12T22:42:55","modified_gmt":"2017-03-12T22:42:55","slug":"chile-confech-convoco-primera-marcha-estudiantil-este-ano","status":"publish","type":"post","link":"https:\/\/www.pressenza.com\/es\/2017\/03\/chile-confech-convoco-primera-marcha-estudiantil-este-ano\/","title":{"rendered":"Chile: Confech convoc\u00f3 primera marcha estudiantil de este a\u00f1o"},"content":{"rendered":"<p>La Confederaci\u00f3n de estudiantes de Chile &#8211; CONFECH &#8211; luego de su pleno, dio a conocer su intenci\u00f3n de participar en dos movilizaciones en los meses inmediatos.<\/p>\n<p>Daniel Andrade, vocero de la organizaci\u00f3n, anunci\u00f3 que los estudiantes se sumar\u00e1n al llamado de la coordinadora No+AFP, participando de la marcha familiar del pr\u00f3ximo 26 de marzo.<\/p>\n<p>Adem\u00e1s dio a conocer el rechazo de la organizaci\u00f3n a la reforma educacional, \u00abporque hoy en d\u00eda no se hace cargo de la crisis de la educaci\u00f3n superior, la crisis que est\u00e1 viviendo la Universidad Arcis, y hoy es una reforma pendiente\u00bb, convocando a la primera movilizaci\u00f3n de los estudiantes para el pr\u00f3ximo 11 de abril.<\/p>\n<p>Se\u00f1al\u00f3 que a esta marcha de abril, esperan que se sumen otros movimientos sociales como el Colegio de Profesores, otros trabajadores de la educaci\u00f3n y el Movimiento Secundario.<\/p>\n","protected":false},"excerpt":{"rendered":"<p>La Confederaci\u00f3n de estudiantes de Chile &#8211; CONFECH &#8211; luego de su pleno, dio a conocer su intenci\u00f3n de participar en dos movilizaciones en los meses inmediatos. Daniel Andrade, vocero de la organizaci\u00f3n, anunci\u00f3 que los estudiantes se sumar\u00e1n al&hellip;<\/p>\n","protected":false},"author":43,"featured_media":442503,"comment_status":"closed","ping_status":"closed","sticky":false,"template":"","format":"standard","meta":{"footnotes":""},"categories":[149,11389,1230,67],"tags":[31339,12108,4922,24580,394],"class_list":["post-442501","post","type-post","status-publish","format-standard","has-post-thumbnail","hentry","category-comunicados-de-prensa","category-contenido-original","category-educacion-tema","category-sudamerica","tag-colegio-de-profesores-de-chile","tag-confech","tag-estudiantes","tag-noafp","tag-protestas-sociales"],"yoast_head":"<!-- This site is optimized with the Yoast SEO plugin v27.1.1 - https:\/\/yoast.com\/product\/yoast-seo-wordpress\/ -->\n<title>Chile: Confech convoc\u00f3 primera marcha estudiantil de este a\u00f1o<\/title>\n<meta name=\"description\" content=\"La Confederaci\u00f3n de estudiantes de Chile - CONFECH - luego de su pleno, dio a conocer su intenci\u00f3n de participar en dos movilizaciones en los meses\" \/>\n<meta name=\"robots\" content=\"index, follow, max-snippet:-1, max-image-preview:large, max-video-preview:-1\" \/>\n<link rel=\"canonical\" href=\"https:\/\/www.pressenza.com\/es\/2017\/03\/chile-confech-convoco-primera-marcha-estudiantil-este-ano\/\" \/>\n<meta property=\"og:locale\" content=\"es_ES\" \/>\n<meta property=\"og:type\" content=\"article\" \/>\n<meta property=\"og:title\" content=\"Chile: Confech convoc\u00f3 primera marcha estudiantil de este a\u00f1o\" \/>\n<meta property=\"og:description\" content=\"La Confederaci\u00f3n de estudiantes de Chile - CONFECH - luego de su pleno, dio a conocer su intenci\u00f3n de participar en dos movilizaciones en los meses\" \/>\n<meta property=\"og:url\" content=\"https:\/\/www.pressenza.com\/es\/2017\/03\/chile-confech-convoco-primera-marcha-estudiantil-este-ano\/\" \/>\n<meta property=\"og:site_name\" content=\"Pressenza\" \/>\n<meta property=\"article:publisher\" content=\"https:\/\/www.facebook.com\/PressenzaItalia\" \/>\n<meta property=\"article:author\" content=\"https:\/\/www.facebook.com\/pressenza\" \/>\n<meta property=\"article:published_time\" content=\"2017-03-12T22:42:55+00:00\" \/>\n<meta property=\"og:image\" content=\"https:\/\/www.pressenza.com\/wp-content\/uploads\/2017\/03\/francisco-velasquez-CHILE-Confech-convoc-a-la-primera-marcha-estudiantil-del-a-o.jpg\" \/>\n\t<meta property=\"og:image:width\" content=\"820\" \/>\n\t<meta property=\"og:image:height\" content=\"385\" \/>\n\t<meta property=\"og:image:type\" content=\"image\/jpeg\" \/>\n<meta name=\"author\" content=\"Redacci\u00f3n Chile\" \/>\n<meta name=\"twitter:card\" content=\"summary_large_image\" \/>\n<meta name=\"twitter:creator\" content=\"@pressenza\" \/>\n<meta name=\"twitter:site\" content=\"@PressenzaIPA\" \/>\n<meta name=\"twitter:label1\" content=\"Escrito por\" \/>\n\t<meta name=\"twitter:data1\" content=\"Redacci\u00f3n Chile\" \/>\n\t<meta name=\"twitter:label2\" content=\"Tiempo de lectura\" \/>\n\t<meta name=\"twitter:data2\" content=\"1 minuto\" \/>\n<script type=\"application\/ld+json\" class=\"yoast-schema-graph\">{\"@context\":\"https:\/\/schema.org\",\"@graph\":[{\"@type\":\"Article\",\"@id\":\"https:\/\/www.pressenza.com\/es\/2017\/03\/chile-confech-convoco-primera-marcha-estudiantil-este-ano\/#article\",\"isPartOf\":{\"@id\":\"https:\/\/www.pressenza.com\/es\/2017\/03\/chile-confech-convoco-primera-marcha-estudiantil-este-ano\/\"},\"author\":{\"name\":\"Redacci\u00f3n Chile\",\"@id\":\"https:\/\/www.pressenza.com\/es\/#\/schema\/person\/d7db40df35d6698ba69ba9ee260944ed\"},\"headline\":\"Chile: Confech convoc\u00f3 primera marcha estudiantil de este a\u00f1o\",\"datePublished\":\"2017-03-12T22:42:55+00:00\",\"mainEntityOfPage\":{\"@id\":\"https:\/\/www.pressenza.com\/es\/2017\/03\/chile-confech-convoco-primera-marcha-estudiantil-este-ano\/\"},\"wordCount\":161,\"publisher\":{\"@id\":\"https:\/\/www.pressenza.com\/es\/#organization\"},\"image\":{\"@id\":\"https:\/\/www.pressenza.com\/es\/2017\/03\/chile-confech-convoco-primera-marcha-estudiantil-este-ano\/#primaryimage\"},\"thumbnailUrl\":\"https:\/\/www.pressenza.com\/wp-content\/uploads\/2017\/03\/francisco-velasquez-CHILE-Confech-convoc-a-la-primera-marcha-estudiantil-del-a-o.jpg\",\"keywords\":[\"Colegio de Profesores de Chile\",\"CONFECH\",\"estudiantes\",\"NO+AFP\",\"protestas sociales\"],\"articleSection\":[\"Comunicados de Prensa\",\"Contenido Original\",\"Educaci\u00f3n\",\"Sudam\u00e9rica\"],\"inLanguage\":\"es\"},{\"@type\":\"WebPage\",\"@id\":\"https:\/\/www.pressenza.com\/es\/2017\/03\/chile-confech-convoco-primera-marcha-estudiantil-este-ano\/\",\"url\":\"https:\/\/www.pressenza.com\/es\/2017\/03\/chile-confech-convoco-primera-marcha-estudiantil-este-ano\/\",\"name\":\"Chile: Confech convoc\u00f3 primera marcha estudiantil de este a\u00f1o\",\"isPartOf\":{\"@id\":\"https:\/\/www.pressenza.com\/es\/#website\"},\"primaryImageOfPage\":{\"@id\":\"https:\/\/www.pressenza.com\/es\/2017\/03\/chile-confech-convoco-primera-marcha-estudiantil-este-ano\/#primaryimage\"},\"image\":{\"@id\":\"https:\/\/www.pressenza.com\/es\/2017\/03\/chile-confech-convoco-primera-marcha-estudiantil-este-ano\/#primaryimage\"},\"thumbnailUrl\":\"https:\/\/www.pressenza.com\/wp-content\/uploads\/2017\/03\/francisco-velasquez-CHILE-Confech-convoc-a-la-primera-marcha-estudiantil-del-a-o.jpg\",\"datePublished\":\"2017-03-12T22:42:55+00:00\",\"description\":\"La Confederaci\u00f3n de estudiantes de Chile - CONFECH - luego de su pleno, dio a conocer su intenci\u00f3n de participar en dos movilizaciones en los meses\",\"breadcrumb\":{\"@id\":\"https:\/\/www.pressenza.com\/es\/2017\/03\/chile-confech-convoco-primera-marcha-estudiantil-este-ano\/#breadcrumb\"},\"inLanguage\":\"es\",\"potentialAction\":[{\"@type\":\"ReadAction\",\"target\":[\"https:\/\/www.pressenza.com\/es\/2017\/03\/chile-confech-convoco-primera-marcha-estudiantil-este-ano\/\"]}]},{\"@type\":\"ImageObject\",\"inLanguage\":\"es\",\"@id\":\"https:\/\/www.pressenza.com\/es\/2017\/03\/chile-confech-convoco-primera-marcha-estudiantil-este-ano\/#primaryimage\",\"url\":\"https:\/\/www.pressenza.com\/wp-content\/uploads\/2017\/03\/francisco-velasquez-CHILE-Confech-convoc-a-la-primera-marcha-estudiantil-del-a-o.jpg\",\"contentUrl\":\"https:\/\/www.pressenza.com\/wp-content\/uploads\/2017\/03\/francisco-velasquez-CHILE-Confech-convoc-a-la-primera-marcha-estudiantil-del-a-o.jpg\",\"width\":820,\"height\":385},{\"@type\":\"BreadcrumbList\",\"@id\":\"https:\/\/www.pressenza.com\/es\/2017\/03\/chile-confech-convoco-primera-marcha-estudiantil-este-ano\/#breadcrumb\",\"itemListElement\":[{\"@type\":\"ListItem\",\"position\":1,\"name\":\"Accueil\",\"item\":\"https:\/\/www.pressenza.com\/es\/\"},{\"@type\":\"ListItem\",\"position\":2,\"name\":\"Chile: Confech convoc\u00f3 primera marcha estudiantil de este a\u00f1o\"}]},{\"@type\":\"WebSite\",\"@id\":\"https:\/\/www.pressenza.com\/es\/#website\",\"url\":\"https:\/\/www.pressenza.com\/es\/\",\"name\":\"Pressenza\",\"description\":\"International Press Agency\",\"publisher\":{\"@id\":\"https:\/\/www.pressenza.com\/es\/#organization\"},\"potentialAction\":[{\"@type\":\"SearchAction\",\"target\":{\"@type\":\"EntryPoint\",\"urlTemplate\":\"https:\/\/www.pressenza.com\/es\/?s={search_term_string}\"},\"query-input\":{\"@type\":\"PropertyValueSpecification\",\"valueRequired\":true,\"valueName\":\"search_term_string\"}}],\"inLanguage\":\"es\"},{\"@type\":\"Organization\",\"@id\":\"https:\/\/www.pressenza.com\/es\/#organization\",\"name\":\"Pressenza\",\"url\":\"https:\/\/www.pressenza.com\/es\/\",\"logo\":{\"@type\":\"ImageObject\",\"inLanguage\":\"es\",\"@id\":\"https:\/\/www.pressenza.com\/es\/#\/schema\/logo\/image\/\",\"url\":\"https:\/\/www.pressenza.com\/wp-content\/uploads\/2022\/10\/pressenza_logo_200x200.jpg\",\"contentUrl\":\"https:\/\/www.pressenza.com\/wp-content\/uploads\/2022\/10\/pressenza_logo_200x200.jpg\",\"width\":200,\"height\":200,\"caption\":\"Pressenza\"},\"image\":{\"@id\":\"https:\/\/www.pressenza.com\/es\/#\/schema\/logo\/image\/\"},\"sameAs\":[\"https:\/\/www.facebook.com\/PressenzaItalia\",\"https:\/\/x.com\/PressenzaIPA\"]},{\"@type\":\"Person\",\"@id\":\"https:\/\/www.pressenza.com\/es\/#\/schema\/person\/d7db40df35d6698ba69ba9ee260944ed\",\"name\":\"Redacci\u00f3n Chile\",\"description\":\"News from the Pressenza Bureau in Chile\",\"sameAs\":[\"https:\/\/www.facebook.com\/pressenza\",\"https:\/\/x.com\/pressenza\"],\"url\":\"https:\/\/www.pressenza.com\/es\/author\/redaccion-chile\/\"}]}<\/script>\n<!-- \/ Yoast SEO plugin. -->","yoast_head_json":{"title":"Chile: Confech convoc\u00f3 primera marcha estudiantil de este a\u00f1o","description":"La Confederaci\u00f3n de estudiantes de Chile - CONFECH - luego de su pleno, dio a conocer su intenci\u00f3n de participar en dos movilizaciones en los meses","robots":{"index":"index","follow":"follow","max-snippet":"max-snippet:-1","max-image-preview":"max-image-preview:large","max-video-preview":"max-video-preview:-1"},"canonical":"https:\/\/www.pressenza.com\/es\/2017\/03\/chile-confech-convoco-primera-marcha-estudiantil-este-ano\/","og_locale":"es_ES","og_type":"article","og_title":"Chile: Confech convoc\u00f3 primera marcha estudiantil de este a\u00f1o","og_description":"La Confederaci\u00f3n de estudiantes de Chile - CONFECH - luego de su pleno, dio a conocer su intenci\u00f3n de participar en dos movilizaciones en los meses","og_url":"https:\/\/www.pressenza.com\/es\/2017\/03\/chile-confech-convoco-primera-marcha-estudiantil-este-ano\/","og_site_name":"Pressenza","article_publisher":"https:\/\/www.facebook.com\/PressenzaItalia","article_author":"https:\/\/www.facebook.com\/pressenza","article_published_time":"2017-03-12T22:42:55+00:00","og_image":[{"width":820,"height":385,"url":"https:\/\/www.pressenza.com\/wp-content\/uploads\/2017\/03\/francisco-velasquez-CHILE-Confech-convoc-a-la-primera-marcha-estudiantil-del-a-o.jpg","type":"image\/jpeg"}],"author":"Redacci\u00f3n Chile","twitter_card":"summary_large_image","twitter_creator":"@pressenza","twitter_site":"@PressenzaIPA","twitter_misc":{"Escrito por":"Redacci\u00f3n Chile","Tiempo de lectura":"1 minuto"},"schema":{"@context":"https:\/\/schema.org","@graph":[{"@type":"Article","@id":"https:\/\/www.pressenza.com\/es\/2017\/03\/chile-confech-convoco-primera-marcha-estudiantil-este-ano\/#article","isPartOf":{"@id":"https:\/\/www.pressenza.com\/es\/2017\/03\/chile-confech-convoco-primera-marcha-estudiantil-este-ano\/"},"author":{"name":"Redacci\u00f3n Chile","@id":"https:\/\/www.pressenza.com\/es\/#\/schema\/person\/d7db40df35d6698ba69ba9ee260944ed"},"headline":"Chile: Confech convoc\u00f3 primera marcha estudiantil de este a\u00f1o","datePublished":"2017-03-12T22:42:55+00:00","mainEntityOfPage":{"@id":"https:\/\/www.pressenza.com\/es\/2017\/03\/chile-confech-convoco-primera-marcha-estudiantil-este-ano\/"},"wordCount":161,"publisher":{"@id":"https:\/\/www.pressenza.com\/es\/#organization"},"image":{"@id":"https:\/\/www.pressenza.com\/es\/2017\/03\/chile-confech-convoco-primera-marcha-estudiantil-este-ano\/#primaryimage"},"thumbnailUrl":"https:\/\/www.pressenza.com\/wp-content\/uploads\/2017\/03\/francisco-velasquez-CHILE-Confech-convoc-a-la-primera-marcha-estudiantil-del-a-o.jpg","keywords":["Colegio de Profesores de Chile","CONFECH","estudiantes","NO+AFP","protestas sociales"],"articleSection":["Comunicados de Prensa","Contenido Original","Educaci\u00f3n","Sudam\u00e9rica"],"inLanguage":"es"},{"@type":"WebPage","@id":"https:\/\/www.pressenza.com\/es\/2017\/03\/chile-confech-convoco-primera-marcha-estudiantil-este-ano\/","url":"https:\/\/www.pressenza.com\/es\/2017\/03\/chile-confech-convoco-primera-marcha-estudiantil-este-ano\/","name":"Chile: Confech convoc\u00f3 primera marcha estudiantil de este a\u00f1o","isPartOf":{"@id":"https:\/\/www.pressenza.com\/es\/#website"},"primaryImageOfPage":{"@id":"https:\/\/www.pressenza.com\/es\/2017\/03\/chile-confech-convoco-primera-marcha-estudiantil-este-ano\/#primaryimage"},"image":{"@id":"https:\/\/www.pressenza.com\/es\/2017\/03\/chile-confech-convoco-primera-marcha-estudiantil-este-ano\/#primaryimage"},"thumbnailUrl":"https:\/\/www.pressenza.com\/wp-content\/uploads\/2017\/03\/francisco-velasquez-CHILE-Confech-convoc-a-la-primera-marcha-estudiantil-del-a-o.jpg","datePublished":"2017-03-12T22:42:55+00:00","description":"La Confederaci\u00f3n de estudiantes de Chile - CONFECH - luego de su pleno, dio a conocer su intenci\u00f3n de participar en dos movilizaciones en los meses","breadcrumb":{"@id":"https:\/\/www.pressenza.com\/es\/2017\/03\/chile-confech-convoco-primera-marcha-estudiantil-este-ano\/#breadcrumb"},"inLanguage":"es","potentialAction":[{"@type":"ReadAction","target":["https:\/\/www.pressenza.com\/es\/2017\/03\/chile-confech-convoco-primera-marcha-estudiantil-este-ano\/"]}]},{"@type":"ImageObject","inLanguage":"es","@id":"https:\/\/www.pressenza.com\/es\/2017\/03\/chile-confech-convoco-primera-marcha-estudiantil-este-ano\/#primaryimage","url":"https:\/\/www.pressenza.com\/wp-content\/uploads\/2017\/03\/francisco-velasquez-CHILE-Confech-convoc-a-la-primera-marcha-estudiantil-del-a-o.jpg","contentUrl":"https:\/\/www.pressenza.com\/wp-content\/uploads\/2017\/03\/francisco-velasquez-CHILE-Confech-convoc-a-la-primera-marcha-estudiantil-del-a-o.jpg","width":820,"height":385},{"@type":"BreadcrumbList","@id":"https:\/\/www.pressenza.com\/es\/2017\/03\/chile-confech-convoco-primera-marcha-estudiantil-este-ano\/#breadcrumb","itemListElement":[{"@type":"ListItem","position":1,"name":"Accueil","item":"https:\/\/www.pressenza.com\/es\/"},{"@type":"ListItem","position":2,"name":"Chile: Confech convoc\u00f3 primera marcha estudiantil de este a\u00f1o"}]},{"@type":"WebSite","@id":"https:\/\/www.pressenza.com\/es\/#website","url":"https:\/\/www.pressenza.com\/es\/","name":"Pressenza","description":"International Press Agency","publisher":{"@id":"https:\/\/www.pressenza.com\/es\/#organization"},"potentialAction":[{"@type":"SearchAction","target":{"@type":"EntryPoint","urlTemplate":"https:\/\/www.pressenza.com\/es\/?s={search_term_string}"},"query-input":{"@type":"PropertyValueSpecification","valueRequired":true,"valueName":"search_term_string"}}],"inLanguage":"es"},{"@type":"Organization","@id":"https:\/\/www.pressenza.com\/es\/#organization","name":"Pressenza","url":"https:\/\/www.pressenza.com\/es\/","logo":{"@type":"ImageObject","inLanguage":"es","@id":"https:\/\/www.pressenza.com\/es\/#\/schema\/logo\/image\/","url":"https:\/\/www.pressenza.com\/wp-content\/uploads\/2022\/10\/pressenza_logo_200x200.jpg","contentUrl":"https:\/\/www.pressenza.com\/wp-content\/uploads\/2022\/10\/pressenza_logo_200x200.jpg","width":200,"height":200,"caption":"Pressenza"},"image":{"@id":"https:\/\/www.pressenza.com\/es\/#\/schema\/logo\/image\/"},"sameAs":["https:\/\/www.facebook.com\/PressenzaItalia","https:\/\/x.com\/PressenzaIPA"]},{"@type":"Person","@id":"https:\/\/www.pressenza.com\/es\/#\/schema\/person\/d7db40df35d6698ba69ba9ee260944ed","name":"Redacci\u00f3n Chile","description":"News from the Pressenza Bureau in Chile","sameAs":["https:\/\/www.facebook.com\/pressenza","https:\/\/x.com\/pressenza"],"url":"https:\/\/www.pressenza.com\/es\/author\/redaccion-chile\/"}]}},"place":"Santiago de Chile","original_article_url":"","_links":{"self":[{"href":"https:\/\/www.pressenza.com\/es\/wp-json\/wp\/v2\/posts\/442501","targetHints":{"allow":["GET"]}}],"collection":[{"href":"https:\/\/www.pressenza.com\/es\/wp-json\/wp\/v2\/posts"}],"about":[{"href":"https:\/\/www.pressenza.com\/es\/wp-json\/wp\/v2\/types\/post"}],"author":[{"embeddable":true,"href":"https:\/\/www.pressenza.com\/es\/wp-json\/wp\/v2\/users\/43"}],"replies":[{"embeddable":true,"href":"https:\/\/www.pressenza.com\/es\/wp-json\/wp\/v2\/comments?post=442501"}],"version-history":[{"count":0,"href":"https:\/\/www.pressenza.com\/es\/wp-json\/wp\/v2\/posts\/442501\/revisions"}],"wp:featuredmedia":[{"embeddable":true,"href":"https:\/\/www.pressenza.com\/es\/wp-json\/wp\/v2\/media\/442503"}],"wp:attachment":[{"href":"https:\/\/www.pressenza.com\/es\/wp-json\/wp\/v2\/media?parent=442501"}],"wp:term":[{"taxonomy":"category","embeddable":true,"href":"https:\/\/www.pressenza.com\/es\/wp-json\/wp\/v2\/categories?post=442501"},{"taxonomy":"post_tag","embeddable":true,"href":"https:\/\/www.pressenza.com\/es\/wp-json\/wp\/v2\/tags?post=442501"}],"curies":[{"name":"wp","href":"https:\/\/api.w.org\/{rel}","templated":true}]}}