{"id":442474,"date":"2017-03-12T21:45:48","date_gmt":"2017-03-12T21:45:48","guid":{"rendered":"https:\/\/www.pressenza.com\/?p=442474\/"},"modified":"2017-03-12T21:45:48","modified_gmt":"2017-03-12T21:45:48","slug":"libro-encrucijada-y-futuro-del-ser-humano-sera-presentado-en-diversas-universidades-del-peru","status":"publish","type":"post","link":"https:\/\/www.pressenza.com\/es\/2017\/03\/libro-encrucijada-y-futuro-del-ser-humano-sera-presentado-en-diversas-universidades-del-peru\/","title":{"rendered":"Libro \u201cEncrucijada y Futuro del Ser Humano\u201d ser\u00e1 presentado en diversas universidades del Per\u00fa"},"content":{"rendered":"<p><em>Por Carlos Crespo<\/em><\/p>\n<p>El ex candidato a la presidencia de Argentina, el humanista Guillermo Sullings, presentar\u00e1 su libro \u201cEncrucijada y Futuro del Ser Humano. Pasos hacia la Naci\u00f3n Universal\u201d en la tercera semana de abril pr\u00f3ximo, en la Universidad Nacional Agraria y Universidad Cat\u00f3lica, en Lima, y en la Universidad Nacional del Centro, en la ciudad de Huancayo. Mantendr\u00e1 tambi\u00e9n conversatorios con investigadores, profesionales y activistas sociales y encuentros con la prensa nacional y regional.<\/p>\n<p>Con este motivo, el Centro Mundial de Estudios Humanistas, sede Lima, &#8211; coordinador de estos eventos- realiz\u00f3 en d\u00edas pasados una visita al rector de la Universidad Agraria, Enrique Flores Mariaza, para hacerle la entrega oficial de la obra y coordinar actividades conjuntas. Con una tradici\u00f3n de 114 a\u00f1os, la Universidad Agraria constituye una de las m\u00e1s prestigiosas del pa\u00eds y tiene en su historia al gran pensador de la cultura peruana Jos\u00e9 Mar\u00eda Arguedas, quien dirigi\u00f3 el departamento de Sociolog\u00eda.<\/p>\n<p>Enrique Flores, un experto en Recursos Naturales, se\u00f1al\u00f3: \u201cme interesa\u201d esta obra, porque queremos prestar mucha atenci\u00f3n a \u201cformar capacidades humanas\u201d y brindar mucha \u201cimportancia a la \u00e9tica\u201d, una urgencia actual en Per\u00fa y el mundo. \u201cLeer\u00e9 el libro de Sullings en los pr\u00f3ximos d\u00edas y acompa\u00f1ar\u00e9 en la presentaci\u00f3n\u201d. El Centro de Estudios Humanistas fue invitado tambi\u00e9n a sumar sus aportes en este campo en el naciente Departamento de Sociolog\u00eda Rural y Ambiental.<\/p>\n<p><img loading=\"lazy\" decoding=\"async\" class=\"size-large wp-image-442475 alignnone\" src=\"https:\/\/www.pressenza.com\/wp-content\/uploads\/2017\/03\/123-720x403.jpg\" alt=\"\" width=\"720\" height=\"403\" srcset=\"https:\/\/www.pressenza.com\/wp-content\/uploads\/2017\/03\/123-720x403.jpg 720w, https:\/\/www.pressenza.com\/wp-content\/uploads\/2017\/03\/123-300x168.jpg 300w, https:\/\/www.pressenza.com\/wp-content\/uploads\/2017\/03\/123-768x430.jpg 768w, https:\/\/www.pressenza.com\/wp-content\/uploads\/2017\/03\/123.jpg 800w\" sizes=\"auto, (max-width: 720px) 100vw, 720px\" \/><\/p>\n<p>En la Universidad Cat\u00f3lica de Per\u00fa, Sullings compartir\u00e1 su obra con estudiantes de los cursos de \u00c9tica Profesional de la carrera de ingenier\u00eda. Por su parte, la Universidad Nacional del Centro de Huancayo firmar\u00e1 un convenio con el Centro de Estudios Humanistas, con oportunidad de la presencia del autor de Encrucijada y Futuro del Ser Humano.<\/p>\n","protected":false},"excerpt":{"rendered":"<p>Por Carlos Crespo El ex candidato a la presidencia de Argentina, el humanista Guillermo Sullings, presentar\u00e1 su libro \u201cEncrucijada y Futuro del Ser Humano. Pasos hacia la Naci\u00f3n Universal\u201d en la tercera semana de abril pr\u00f3ximo, en la Universidad Nacional&hellip;<\/p>\n","protected":false},"author":831,"featured_media":442477,"comment_status":"closed","ping_status":"closed","sticky":false,"template":"","format":"standard","meta":{"footnotes":""},"categories":[11389,1230,161,67],"tags":[31237,8699,1311],"class_list":["post-442474","post","type-post","status-publish","format-standard","has-post-thumbnail","hentry","category-contenido-original","category-educacion-tema","category-opiniones","category-sudamerica","tag-encrucijada-y-futuro-del-ser-humano","tag-guillermo-sullings-es","tag-libro"],"yoast_head":"<!-- This site is optimized with the Yoast SEO plugin v27.1.1 - https:\/\/yoast.com\/product\/yoast-seo-wordpress\/ -->\n<title>Libro \u201cEncrucijada y Futuro del Ser Humano\u201d ser\u00e1 presentado en diversas universidades del Per\u00fa<\/title>\n<meta name=\"description\" content=\"Por Carlos Crespo El ex candidato a la presidencia de Argentina, el humanista Guillermo Sullings, presentar\u00e1 su libro \u201cEncrucijada y Futuro del Ser\" \/>\n<meta name=\"robots\" content=\"index, follow, max-snippet:-1, max-image-preview:large, max-video-preview:-1\" \/>\n<link rel=\"canonical\" href=\"https:\/\/www.pressenza.com\/es\/2017\/03\/libro-encrucijada-y-futuro-del-ser-humano-sera-presentado-en-diversas-universidades-del-peru\/\" \/>\n<meta property=\"og:locale\" content=\"es_ES\" \/>\n<meta property=\"og:type\" content=\"article\" \/>\n<meta property=\"og:title\" content=\"Libro \u201cEncrucijada y Futuro del Ser Humano\u201d ser\u00e1 presentado en diversas universidades del Per\u00fa\" \/>\n<meta property=\"og:description\" content=\"Por Carlos Crespo El ex candidato a la presidencia de Argentina, el humanista Guillermo Sullings, presentar\u00e1 su libro \u201cEncrucijada y Futuro del Ser\" \/>\n<meta property=\"og:url\" content=\"https:\/\/www.pressenza.com\/es\/2017\/03\/libro-encrucijada-y-futuro-del-ser-humano-sera-presentado-en-diversas-universidades-del-peru\/\" \/>\n<meta property=\"og:site_name\" content=\"Pressenza\" \/>\n<meta property=\"article:publisher\" content=\"https:\/\/www.facebook.com\/PressenzaItalia\" \/>\n<meta property=\"article:published_time\" content=\"2017-03-12T21:45:48+00:00\" \/>\n<meta property=\"og:image\" content=\"https:\/\/www.pressenza.com\/wp-content\/uploads\/2017\/03\/dscn7133-720x405.jpg\" \/>\n\t<meta property=\"og:image:width\" content=\"720\" \/>\n\t<meta property=\"og:image:height\" content=\"405\" \/>\n\t<meta property=\"og:image:type\" content=\"image\/jpeg\" \/>\n<meta name=\"author\" content=\"Redacci\u00f3n Per\u00fa\" \/>\n<meta name=\"twitter:card\" content=\"summary_large_image\" \/>\n<meta name=\"twitter:creator\" content=\"@PressenzaIPA\" \/>\n<meta name=\"twitter:site\" content=\"@PressenzaIPA\" \/>\n<meta name=\"twitter:label1\" content=\"Escrito por\" \/>\n\t<meta name=\"twitter:data1\" content=\"Redacci\u00f3n Per\u00fa\" \/>\n\t<meta name=\"twitter:label2\" content=\"Tiempo de lectura\" \/>\n\t<meta name=\"twitter:data2\" content=\"2 minutos\" \/>\n<script type=\"application\/ld+json\" class=\"yoast-schema-graph\">{\"@context\":\"https:\/\/schema.org\",\"@graph\":[{\"@type\":\"Article\",\"@id\":\"https:\/\/www.pressenza.com\/es\/2017\/03\/libro-encrucijada-y-futuro-del-ser-humano-sera-presentado-en-diversas-universidades-del-peru\/#article\",\"isPartOf\":{\"@id\":\"https:\/\/www.pressenza.com\/es\/2017\/03\/libro-encrucijada-y-futuro-del-ser-humano-sera-presentado-en-diversas-universidades-del-peru\/\"},\"author\":{\"name\":\"Redacci\u00f3n Per\u00fa\",\"@id\":\"https:\/\/www.pressenza.com\/es\/#\/schema\/person\/e86c29a41185b85084a478822f5de81b\"},\"headline\":\"Libro \u201cEncrucijada y Futuro del Ser Humano\u201d ser\u00e1 presentado en diversas universidades del Per\u00fa\",\"datePublished\":\"2017-03-12T21:45:48+00:00\",\"mainEntityOfPage\":{\"@id\":\"https:\/\/www.pressenza.com\/es\/2017\/03\/libro-encrucijada-y-futuro-del-ser-humano-sera-presentado-en-diversas-universidades-del-peru\/\"},\"wordCount\":320,\"publisher\":{\"@id\":\"https:\/\/www.pressenza.com\/es\/#organization\"},\"image\":{\"@id\":\"https:\/\/www.pressenza.com\/es\/2017\/03\/libro-encrucijada-y-futuro-del-ser-humano-sera-presentado-en-diversas-universidades-del-peru\/#primaryimage\"},\"thumbnailUrl\":\"https:\/\/www.pressenza.com\/wp-content\/uploads\/2017\/03\/dscn7133-720x405.jpg\",\"keywords\":[\"Encrucijada y futuro del ser humano\",\"Guillermo Sullings\",\"libro\"],\"articleSection\":[\"Contenido Original\",\"Educaci\u00f3n\",\"Opiniones\",\"Sudam\u00e9rica\"],\"inLanguage\":\"es\"},{\"@type\":\"WebPage\",\"@id\":\"https:\/\/www.pressenza.com\/es\/2017\/03\/libro-encrucijada-y-futuro-del-ser-humano-sera-presentado-en-diversas-universidades-del-peru\/\",\"url\":\"https:\/\/www.pressenza.com\/es\/2017\/03\/libro-encrucijada-y-futuro-del-ser-humano-sera-presentado-en-diversas-universidades-del-peru\/\",\"name\":\"Libro \u201cEncrucijada y Futuro del Ser Humano\u201d ser\u00e1 presentado en diversas universidades del Per\u00fa\",\"isPartOf\":{\"@id\":\"https:\/\/www.pressenza.com\/es\/#website\"},\"primaryImageOfPage\":{\"@id\":\"https:\/\/www.pressenza.com\/es\/2017\/03\/libro-encrucijada-y-futuro-del-ser-humano-sera-presentado-en-diversas-universidades-del-peru\/#primaryimage\"},\"image\":{\"@id\":\"https:\/\/www.pressenza.com\/es\/2017\/03\/libro-encrucijada-y-futuro-del-ser-humano-sera-presentado-en-diversas-universidades-del-peru\/#primaryimage\"},\"thumbnailUrl\":\"https:\/\/www.pressenza.com\/wp-content\/uploads\/2017\/03\/dscn7133-720x405.jpg\",\"datePublished\":\"2017-03-12T21:45:48+00:00\",\"description\":\"Por Carlos Crespo El ex candidato a la presidencia de Argentina, el humanista Guillermo Sullings, presentar\u00e1 su libro \u201cEncrucijada y Futuro del Ser\",\"breadcrumb\":{\"@id\":\"https:\/\/www.pressenza.com\/es\/2017\/03\/libro-encrucijada-y-futuro-del-ser-humano-sera-presentado-en-diversas-universidades-del-peru\/#breadcrumb\"},\"inLanguage\":\"es\",\"potentialAction\":[{\"@type\":\"ReadAction\",\"target\":[\"https:\/\/www.pressenza.com\/es\/2017\/03\/libro-encrucijada-y-futuro-del-ser-humano-sera-presentado-en-diversas-universidades-del-peru\/\"]}]},{\"@type\":\"ImageObject\",\"inLanguage\":\"es\",\"@id\":\"https:\/\/www.pressenza.com\/es\/2017\/03\/libro-encrucijada-y-futuro-del-ser-humano-sera-presentado-en-diversas-universidades-del-peru\/#primaryimage\",\"url\":\"https:\/\/www.pressenza.com\/wp-content\/uploads\/2017\/03\/dscn7133-720x405.jpg\",\"contentUrl\":\"https:\/\/www.pressenza.com\/wp-content\/uploads\/2017\/03\/dscn7133-720x405.jpg\",\"width\":720,\"height\":405},{\"@type\":\"BreadcrumbList\",\"@id\":\"https:\/\/www.pressenza.com\/es\/2017\/03\/libro-encrucijada-y-futuro-del-ser-humano-sera-presentado-en-diversas-universidades-del-peru\/#breadcrumb\",\"itemListElement\":[{\"@type\":\"ListItem\",\"position\":1,\"name\":\"Accueil\",\"item\":\"https:\/\/www.pressenza.com\/es\/\"},{\"@type\":\"ListItem\",\"position\":2,\"name\":\"Libro \u201cEncrucijada y Futuro del Ser Humano\u201d ser\u00e1 presentado en diversas universidades del Per\u00fa\"}]},{\"@type\":\"WebSite\",\"@id\":\"https:\/\/www.pressenza.com\/es\/#website\",\"url\":\"https:\/\/www.pressenza.com\/es\/\",\"name\":\"Pressenza\",\"description\":\"International Press Agency\",\"publisher\":{\"@id\":\"https:\/\/www.pressenza.com\/es\/#organization\"},\"potentialAction\":[{\"@type\":\"SearchAction\",\"target\":{\"@type\":\"EntryPoint\",\"urlTemplate\":\"https:\/\/www.pressenza.com\/es\/?s={search_term_string}\"},\"query-input\":{\"@type\":\"PropertyValueSpecification\",\"valueRequired\":true,\"valueName\":\"search_term_string\"}}],\"inLanguage\":\"es\"},{\"@type\":\"Organization\",\"@id\":\"https:\/\/www.pressenza.com\/es\/#organization\",\"name\":\"Pressenza\",\"url\":\"https:\/\/www.pressenza.com\/es\/\",\"logo\":{\"@type\":\"ImageObject\",\"inLanguage\":\"es\",\"@id\":\"https:\/\/www.pressenza.com\/es\/#\/schema\/logo\/image\/\",\"url\":\"https:\/\/www.pressenza.com\/wp-content\/uploads\/2022\/10\/pressenza_logo_200x200.jpg\",\"contentUrl\":\"https:\/\/www.pressenza.com\/wp-content\/uploads\/2022\/10\/pressenza_logo_200x200.jpg\",\"width\":200,\"height\":200,\"caption\":\"Pressenza\"},\"image\":{\"@id\":\"https:\/\/www.pressenza.com\/es\/#\/schema\/logo\/image\/\"},\"sameAs\":[\"https:\/\/www.facebook.com\/PressenzaItalia\",\"https:\/\/x.com\/PressenzaIPA\"]},{\"@type\":\"Person\",\"@id\":\"https:\/\/www.pressenza.com\/es\/#\/schema\/person\/e86c29a41185b85084a478822f5de81b\",\"name\":\"Redacci\u00f3n Per\u00fa\",\"description\":\"News published by the Pressenza bureau in Peru\",\"url\":\"https:\/\/www.pressenza.com\/es\/author\/redaccion-peru\/\"}]}<\/script>\n<!-- \/ Yoast SEO plugin. -->","yoast_head_json":{"title":"Libro \u201cEncrucijada y Futuro del Ser Humano\u201d ser\u00e1 presentado en diversas universidades del Per\u00fa","description":"Por Carlos Crespo El ex candidato a la presidencia de Argentina, el humanista Guillermo Sullings, presentar\u00e1 su libro \u201cEncrucijada y Futuro del Ser","robots":{"index":"index","follow":"follow","max-snippet":"max-snippet:-1","max-image-preview":"max-image-preview:large","max-video-preview":"max-video-preview:-1"},"canonical":"https:\/\/www.pressenza.com\/es\/2017\/03\/libro-encrucijada-y-futuro-del-ser-humano-sera-presentado-en-diversas-universidades-del-peru\/","og_locale":"es_ES","og_type":"article","og_title":"Libro \u201cEncrucijada y Futuro del Ser Humano\u201d ser\u00e1 presentado en diversas universidades del Per\u00fa","og_description":"Por Carlos Crespo El ex candidato a la presidencia de Argentina, el humanista Guillermo Sullings, presentar\u00e1 su libro \u201cEncrucijada y Futuro del Ser","og_url":"https:\/\/www.pressenza.com\/es\/2017\/03\/libro-encrucijada-y-futuro-del-ser-humano-sera-presentado-en-diversas-universidades-del-peru\/","og_site_name":"Pressenza","article_publisher":"https:\/\/www.facebook.com\/PressenzaItalia","article_published_time":"2017-03-12T21:45:48+00:00","og_image":[{"width":720,"height":405,"url":"https:\/\/www.pressenza.com\/wp-content\/uploads\/2017\/03\/dscn7133-720x405.jpg","type":"image\/jpeg"}],"author":"Redacci\u00f3n Per\u00fa","twitter_card":"summary_large_image","twitter_creator":"@PressenzaIPA","twitter_site":"@PressenzaIPA","twitter_misc":{"Escrito por":"Redacci\u00f3n Per\u00fa","Tiempo de lectura":"2 minutos"},"schema":{"@context":"https:\/\/schema.org","@graph":[{"@type":"Article","@id":"https:\/\/www.pressenza.com\/es\/2017\/03\/libro-encrucijada-y-futuro-del-ser-humano-sera-presentado-en-diversas-universidades-del-peru\/#article","isPartOf":{"@id":"https:\/\/www.pressenza.com\/es\/2017\/03\/libro-encrucijada-y-futuro-del-ser-humano-sera-presentado-en-diversas-universidades-del-peru\/"},"author":{"name":"Redacci\u00f3n Per\u00fa","@id":"https:\/\/www.pressenza.com\/es\/#\/schema\/person\/e86c29a41185b85084a478822f5de81b"},"headline":"Libro \u201cEncrucijada y Futuro del Ser Humano\u201d ser\u00e1 presentado en diversas universidades del Per\u00fa","datePublished":"2017-03-12T21:45:48+00:00","mainEntityOfPage":{"@id":"https:\/\/www.pressenza.com\/es\/2017\/03\/libro-encrucijada-y-futuro-del-ser-humano-sera-presentado-en-diversas-universidades-del-peru\/"},"wordCount":320,"publisher":{"@id":"https:\/\/www.pressenza.com\/es\/#organization"},"image":{"@id":"https:\/\/www.pressenza.com\/es\/2017\/03\/libro-encrucijada-y-futuro-del-ser-humano-sera-presentado-en-diversas-universidades-del-peru\/#primaryimage"},"thumbnailUrl":"https:\/\/www.pressenza.com\/wp-content\/uploads\/2017\/03\/dscn7133-720x405.jpg","keywords":["Encrucijada y futuro del ser humano","Guillermo Sullings","libro"],"articleSection":["Contenido Original","Educaci\u00f3n","Opiniones","Sudam\u00e9rica"],"inLanguage":"es"},{"@type":"WebPage","@id":"https:\/\/www.pressenza.com\/es\/2017\/03\/libro-encrucijada-y-futuro-del-ser-humano-sera-presentado-en-diversas-universidades-del-peru\/","url":"https:\/\/www.pressenza.com\/es\/2017\/03\/libro-encrucijada-y-futuro-del-ser-humano-sera-presentado-en-diversas-universidades-del-peru\/","name":"Libro \u201cEncrucijada y Futuro del Ser Humano\u201d ser\u00e1 presentado en diversas universidades del Per\u00fa","isPartOf":{"@id":"https:\/\/www.pressenza.com\/es\/#website"},"primaryImageOfPage":{"@id":"https:\/\/www.pressenza.com\/es\/2017\/03\/libro-encrucijada-y-futuro-del-ser-humano-sera-presentado-en-diversas-universidades-del-peru\/#primaryimage"},"image":{"@id":"https:\/\/www.pressenza.com\/es\/2017\/03\/libro-encrucijada-y-futuro-del-ser-humano-sera-presentado-en-diversas-universidades-del-peru\/#primaryimage"},"thumbnailUrl":"https:\/\/www.pressenza.com\/wp-content\/uploads\/2017\/03\/dscn7133-720x405.jpg","datePublished":"2017-03-12T21:45:48+00:00","description":"Por Carlos Crespo El ex candidato a la presidencia de Argentina, el humanista Guillermo Sullings, presentar\u00e1 su libro \u201cEncrucijada y Futuro del Ser","breadcrumb":{"@id":"https:\/\/www.pressenza.com\/es\/2017\/03\/libro-encrucijada-y-futuro-del-ser-humano-sera-presentado-en-diversas-universidades-del-peru\/#breadcrumb"},"inLanguage":"es","potentialAction":[{"@type":"ReadAction","target":["https:\/\/www.pressenza.com\/es\/2017\/03\/libro-encrucijada-y-futuro-del-ser-humano-sera-presentado-en-diversas-universidades-del-peru\/"]}]},{"@type":"ImageObject","inLanguage":"es","@id":"https:\/\/www.pressenza.com\/es\/2017\/03\/libro-encrucijada-y-futuro-del-ser-humano-sera-presentado-en-diversas-universidades-del-peru\/#primaryimage","url":"https:\/\/www.pressenza.com\/wp-content\/uploads\/2017\/03\/dscn7133-720x405.jpg","contentUrl":"https:\/\/www.pressenza.com\/wp-content\/uploads\/2017\/03\/dscn7133-720x405.jpg","width":720,"height":405},{"@type":"BreadcrumbList","@id":"https:\/\/www.pressenza.com\/es\/2017\/03\/libro-encrucijada-y-futuro-del-ser-humano-sera-presentado-en-diversas-universidades-del-peru\/#breadcrumb","itemListElement":[{"@type":"ListItem","position":1,"name":"Accueil","item":"https:\/\/www.pressenza.com\/es\/"},{"@type":"ListItem","position":2,"name":"Libro \u201cEncrucijada y Futuro del Ser Humano\u201d ser\u00e1 presentado en diversas universidades del Per\u00fa"}]},{"@type":"WebSite","@id":"https:\/\/www.pressenza.com\/es\/#website","url":"https:\/\/www.pressenza.com\/es\/","name":"Pressenza","description":"International Press Agency","publisher":{"@id":"https:\/\/www.pressenza.com\/es\/#organization"},"potentialAction":[{"@type":"SearchAction","target":{"@type":"EntryPoint","urlTemplate":"https:\/\/www.pressenza.com\/es\/?s={search_term_string}"},"query-input":{"@type":"PropertyValueSpecification","valueRequired":true,"valueName":"search_term_string"}}],"inLanguage":"es"},{"@type":"Organization","@id":"https:\/\/www.pressenza.com\/es\/#organization","name":"Pressenza","url":"https:\/\/www.pressenza.com\/es\/","logo":{"@type":"ImageObject","inLanguage":"es","@id":"https:\/\/www.pressenza.com\/es\/#\/schema\/logo\/image\/","url":"https:\/\/www.pressenza.com\/wp-content\/uploads\/2022\/10\/pressenza_logo_200x200.jpg","contentUrl":"https:\/\/www.pressenza.com\/wp-content\/uploads\/2022\/10\/pressenza_logo_200x200.jpg","width":200,"height":200,"caption":"Pressenza"},"image":{"@id":"https:\/\/www.pressenza.com\/es\/#\/schema\/logo\/image\/"},"sameAs":["https:\/\/www.facebook.com\/PressenzaItalia","https:\/\/x.com\/PressenzaIPA"]},{"@type":"Person","@id":"https:\/\/www.pressenza.com\/es\/#\/schema\/person\/e86c29a41185b85084a478822f5de81b","name":"Redacci\u00f3n Per\u00fa","description":"News published by the Pressenza bureau in Peru","url":"https:\/\/www.pressenza.com\/es\/author\/redaccion-peru\/"}]}},"place":"","original_article_url":"","_links":{"self":[{"href":"https:\/\/www.pressenza.com\/es\/wp-json\/wp\/v2\/posts\/442474","targetHints":{"allow":["GET"]}}],"collection":[{"href":"https:\/\/www.pressenza.com\/es\/wp-json\/wp\/v2\/posts"}],"about":[{"href":"https:\/\/www.pressenza.com\/es\/wp-json\/wp\/v2\/types\/post"}],"author":[{"embeddable":true,"href":"https:\/\/www.pressenza.com\/es\/wp-json\/wp\/v2\/users\/831"}],"replies":[{"embeddable":true,"href":"https:\/\/www.pressenza.com\/es\/wp-json\/wp\/v2\/comments?post=442474"}],"version-history":[{"count":0,"href":"https:\/\/www.pressenza.com\/es\/wp-json\/wp\/v2\/posts\/442474\/revisions"}],"wp:featuredmedia":[{"embeddable":true,"href":"https:\/\/www.pressenza.com\/es\/wp-json\/wp\/v2\/media\/442477"}],"wp:attachment":[{"href":"https:\/\/www.pressenza.com\/es\/wp-json\/wp\/v2\/media?parent=442474"}],"wp:term":[{"taxonomy":"category","embeddable":true,"href":"https:\/\/www.pressenza.com\/es\/wp-json\/wp\/v2\/categories?post=442474"},{"taxonomy":"post_tag","embeddable":true,"href":"https:\/\/www.pressenza.com\/es\/wp-json\/wp\/v2\/tags?post=442474"}],"curies":[{"name":"wp","href":"https:\/\/api.w.org\/{rel}","templated":true}]}}